{"id":14801,"date":"2020-07-26T20:00:46","date_gmt":"2020-07-26T19:00:46","guid":{"rendered":"https:\/\/www.carlosyconchita.net\/rutas\/?p=14801"},"modified":"2022-03-13T16:53:12","modified_gmt":"2022-03-13T15:53:12","slug":"26-07-2020-borna-085-urdos-somport","status":"publish","type":"post","link":"https:\/\/www.carlosyconchita.net\/rutas\/26-07-2020-borna-085-urdos-somport\/","title":{"rendered":"26-07-2020-Borna 085 + Urd\u00f3s + Somport"},"content":{"rendered":"<p style=\"text-align: justify;\">Antes de iniciar el viaje de vuelta a casa, hacemos una r\u00e1pida visita a la borna 085 que nos quedaba pendiente, y despu\u00e9s ,\u00a0 camino a Somport, paramos a comer algo en una zona de descanso junto a la antigua estaci\u00f3n del ferrocarril de Urd\u00f3s, y en Somport, no nos podemos resistir a fotografiar de nuevo las bornas 305 y 305 bis, que ya hab\u00edamos visto el d\u00eda <a href=\"https:\/\/www.carlosyconchita.net\/rutas\/05-12-2018-jaca-canfranc-bornas-305-305-bis\/\" target=\"_blank\" rel=\"noopener noreferrer\"><strong><span style=\"color: #0000ff;\">05-12-2018-Jaca-Canfranc-Bornas 305-305 bis<\/span><\/strong><\/a><\/p>\n<p style=\"text-align: justify;\">Para llegar a la borna 085, desde Bidarray seguimos la estrecha carretera que indic\u00e1bamos ayer , y que en el tramo final desciende y nos lleva a un peque\u00f1o parking cerca del r\u00edo,\u00a0 continuamos\u00a0 bajando un poco m\u00e1s, hasta llegar a una explanada junto a un edificio, en donde podemos dejar el coche.<br \/>\nEn esta zona, como se puede ver en las fotos, se est\u00e1n haciendo obras para arreglar el camino que viene de Espa\u00f1a, y suponemos tambi\u00e9n la explanada o parking, por lo que no sabemos si despu\u00e9s estar\u00e1 tal como lo hemos encontrado nosotros.<\/p>\n<p style=\"text-align: justify;\">Desde all\u00ed, caminamos unos 650 m. cruzando el r\u00edo por un puente met\u00e1lico, y despu\u00e9s seguimos por la orilla hasta llegar a la borna, muy camuflada por la gran humedad que hay, y que nos ha costado un poco encontrar (ver album de fotos)<\/p>\n<hr \/>\n<p>&nbsp;<\/p>\n<h3><strong>Album de fotos<\/strong><\/h3>\n<p><a href=\"https:\/\/photos.app.goo.gl\/pcVjGhdz1xfWeps89\" target=\"_blank\" rel=\"noopener noreferrer\"><img loading=\"lazy\" decoding=\"async\" class=\"aligncenter wp-image-14802 size-column4-2\/3\" src=\"https:\/\/www.carlosyconchita.net\/rutas\/wp-content\/uploads\/2020\/09\/Bornas-085-00025-285x190.jpg\" alt=\"\" width=\"285\" height=\"190\" srcset=\"https:\/\/www.carlosyconchita.net\/rutas\/wp-content\/uploads\/2020\/09\/Bornas-085-00025-285x190.jpg 285w, https:\/\/www.carlosyconchita.net\/rutas\/wp-content\/uploads\/2020\/09\/Bornas-085-00025-272x182.jpg 272w, https:\/\/www.carlosyconchita.net\/rutas\/wp-content\/uploads\/2020\/09\/Bornas-085-00025-570x380.jpg 570w, https:\/\/www.carlosyconchita.net\/rutas\/wp-content\/uploads\/2020\/09\/Bornas-085-00025-380x254.jpg 380w\" sizes=\"auto, (max-width: 285px) 100vw, 285px\" \/><\/a><\/p>\n<hr \/>\n<h3><strong>Mapa y track de la ruta<\/strong><\/h3>\n<p><a href=\"http:\/\/www.carlosyconchita.net\/rutas\/wp-content\/uploads\/gpx\/Bornas-085.html\" target=\"_blank\" rel=\"noopener noreferrer\"><img loading=\"lazy\" decoding=\"async\" class=\"size-full wp-image-14621 aligncenter\" src=\"https:\/\/www.carlosyconchita.net\/rutas\/wp-content\/uploads\/2020\/06\/mapa.jpg\" alt=\"\" width=\"181\" height=\"122\" \/><\/a><\/p>\n<p>&nbsp;<\/p>\n<hr \/>\n<h3><strong>Wikiloc<\/strong><\/h3>\n<p><a href=\"https:\/\/es.wikiloc.com\/rutas-senderismo\/frontera-mojon-fronterizo-085-y-viaje-vuelta-a-casa-56394349\" target=\"_blank\" rel=\"noopener noreferrer\"><img loading=\"lazy\" decoding=\"async\" class=\"size-full wp-image-958 aligncenter\" src=\"https:\/\/www.carlosyconchita.net\/rutas\/wp-content\/uploads\/2020\/09\/wikiloc.jpg\" alt=\"\" width=\"117\" height=\"34\" \/><\/a><\/p>\n<p>&nbsp;<\/p>\n<p>&nbsp;<\/p>\n<hr \/>\n<p style=\"text-align: justify;\"><span style=\"color: #ff0000; background-color: #ffffff; font-size: 14pt;\"><strong>Si te ha gustado, comp\u00e1rtelo en tu red favorita o env\u00edanos tu comentario.<br \/>\n<\/strong><\/span><\/p>\n<p style=\"text-align: justify;\"><span style=\"font-size: 14pt;\"><strong><span style=\"color: #ff0000;\">Muchas gracias !<\/span><\/strong><\/span><\/p>\n<hr \/>\n<p style=\"text-align: justify;\"><strong><span style=\"color: #008000;\">Suscribete si quieres recibir un mail cuando publiquemos nuevas rutas : no enviamos publicidad y como m\u00e1ximo enviamos 2 mails al mes<\/span><\/strong><\/p>\n<p style=\"text-align: center;\"><a href=\"https:\/\/mailchi.mp\/6989c83a3e24\/wmv06rtqcz\/\" target=\"_blank\" rel=\"noopener noreferrer\"><strong><span style=\"color: #0000ff;\">Pulsa aqu\u00ed para suscribirte<\/span><\/strong><\/a><\/p>\n<hr \/>\n<p style=\"text-align: justify;\">\u00a0<\/p>\n<h3 style=\"text-align: justify;\">Puedes imprimir esta publicaci\u00f3n o guardarla en diferentes formatos :<\/h3>\n<p style=\"text-align: justify;\"><span style=\"color: #ff0000; font-size: 14pt;\">Para facilitar la impresi\u00f3n, se ha reducido considerablemente el tama\u00f1o de las fotos, pero si deseas imprimir sin fotos, aconsejamos guardarlo como \u201cdoc\u201d, y antes de imprimirlo, eliminar las fotos<\/span><\/p>\n<p>&nbsp;<\/p>\n<hr \/>\n<p>&nbsp;<\/p>\n","protected":false},"excerpt":{"rendered":"<p>El d\u00eda que volvemos a casa, localizamos la 085 que nos quedaba pendiente, y de camino, paramos un momento en Somport para fotografiar de nuevo la 305 y 305bis.<\/p>\n","protected":false},"author":50,"featured_media":14802,"comment_status":"closed","ping_status":"open","sticky":false,"template":"","format":"standard","meta":{"footnotes":""},"categories":[14,21,74,91],"tags":[],"class_list":{"0":"post-14801","1":"post","2":"type-post","3":"status-publish","4":"format-standard","5":"has-post-thumbnail","6":"hentry","7":"category-muy-facil","8":"category-hasta-5-km","9":"category-0-mojones-bornas-frontera","10":"category-navarra","12":"post-with-thumbnail","13":"post-with-thumbnail-icon"},"yoast_head":"<!-- This site is optimized with the Yoast SEO plugin v27.4 - https:\/\/yoast.com\/product\/yoast-seo-wordpress\/ -->\n<title>26-07-2020-Borna 085 + Urd\u00f3s + Somport -<\/title>\n<meta name=\"robots\" content=\"index, follow, max-snippet:-1, max-image-preview:large, max-video-preview:-1\" \/>\n<link rel=\"canonical\" href=\"https:\/\/www.carlosyconchita.net\/rutas\/26-07-2020-borna-085-urdos-somport\/\" \/>\n<meta property=\"og:locale\" content=\"es_ES\" \/>\n<meta property=\"og:type\" content=\"article\" \/>\n<meta property=\"og:title\" content=\"26-07-2020-Borna 085 + Urd\u00f3s + Somport -\" \/>\n<meta property=\"og:description\" content=\"El d\u00eda que volvemos a casa, localizamos la 085 que nos quedaba pendiente, y de camino, paramos un momento en Somport para fotografiar de nuevo la 305 y 305bis.\" \/>\n<meta property=\"og:url\" content=\"https:\/\/www.carlosyconchita.net\/rutas\/26-07-2020-borna-085-urdos-somport\/\" \/>\n<meta property=\"og:site_name\" content=\"Las rutas de Carlos y Conchita\" \/>\n<meta property=\"article:published_time\" content=\"2020-07-26T19:00:46+00:00\" \/>\n<meta property=\"article:modified_time\" content=\"2022-03-13T15:53:12+00:00\" \/>\n<meta property=\"og:image\" content=\"https:\/\/www.carlosyconchita.net\/rutas\/wp-content\/uploads\/2020\/09\/Bornas-085-00025.jpg\" \/>\n\t<meta property=\"og:image:width\" content=\"1024\" \/>\n\t<meta property=\"og:image:height\" content=\"760\" \/>\n\t<meta property=\"og:image:type\" content=\"image\/jpeg\" \/>\n<meta name=\"author\" content=\"Carlos Conchita\" \/>\n<meta name=\"twitter:label1\" content=\"Escrito por\" \/>\n\t<meta name=\"twitter:data1\" content=\"Carlos Conchita\" \/>\n\t<meta name=\"twitter:label2\" content=\"Tiempo de lectura\" \/>\n\t<meta name=\"twitter:data2\" content=\"2 minutos\" \/>\n<script type=\"application\/ld+json\" class=\"yoast-schema-graph\">{\"@context\":\"https:\\\/\\\/schema.org\",\"@graph\":[{\"@type\":\"Article\",\"@id\":\"https:\\\/\\\/www.carlosyconchita.net\\\/rutas\\\/26-07-2020-borna-085-urdos-somport\\\/#article\",\"isPartOf\":{\"@id\":\"https:\\\/\\\/www.carlosyconchita.net\\\/rutas\\\/26-07-2020-borna-085-urdos-somport\\\/\"},\"author\":{\"name\":\"Carlos Conchita\",\"@id\":\"https:\\\/\\\/www.carlosyconchita.net\\\/rutas\\\/#\\\/schema\\\/person\\\/a9691f7258c28443fab2d3aa1479ea19\"},\"headline\":\"26-07-2020-Borna 085 + Urd\u00f3s + Somport\",\"datePublished\":\"2020-07-26T19:00:46+00:00\",\"dateModified\":\"2022-03-13T15:53:12+00:00\",\"mainEntityOfPage\":{\"@id\":\"https:\\\/\\\/www.carlosyconchita.net\\\/rutas\\\/26-07-2020-borna-085-urdos-somport\\\/\"},\"wordCount\":329,\"image\":{\"@id\":\"https:\\\/\\\/www.carlosyconchita.net\\\/rutas\\\/26-07-2020-borna-085-urdos-somport\\\/#primaryimage\"},\"thumbnailUrl\":\"https:\\\/\\\/www.carlosyconchita.net\\\/rutas\\\/wp-content\\\/uploads\\\/2020\\\/09\\\/Bornas-085-00025.jpg\",\"articleSection\":[\"0-Muy f\u00e1cil\",\"1 - Hasta 5 km.\",\"Mojones \\\/ Bornas frontera ES-FR\",\"Navarra\"],\"inLanguage\":\"es\"},{\"@type\":\"WebPage\",\"@id\":\"https:\\\/\\\/www.carlosyconchita.net\\\/rutas\\\/26-07-2020-borna-085-urdos-somport\\\/\",\"url\":\"https:\\\/\\\/www.carlosyconchita.net\\\/rutas\\\/26-07-2020-borna-085-urdos-somport\\\/\",\"name\":\"26-07-2020-Borna 085 + Urd\u00f3s + Somport -\",\"isPartOf\":{\"@id\":\"https:\\\/\\\/www.carlosyconchita.net\\\/rutas\\\/#website\"},\"primaryImageOfPage\":{\"@id\":\"https:\\\/\\\/www.carlosyconchita.net\\\/rutas\\\/26-07-2020-borna-085-urdos-somport\\\/#primaryimage\"},\"image\":{\"@id\":\"https:\\\/\\\/www.carlosyconchita.net\\\/rutas\\\/26-07-2020-borna-085-urdos-somport\\\/#primaryimage\"},\"thumbnailUrl\":\"https:\\\/\\\/www.carlosyconchita.net\\\/rutas\\\/wp-content\\\/uploads\\\/2020\\\/09\\\/Bornas-085-00025.jpg\",\"datePublished\":\"2020-07-26T19:00:46+00:00\",\"dateModified\":\"2022-03-13T15:53:12+00:00\",\"author\":{\"@id\":\"https:\\\/\\\/www.carlosyconchita.net\\\/rutas\\\/#\\\/schema\\\/person\\\/a9691f7258c28443fab2d3aa1479ea19\"},\"breadcrumb\":{\"@id\":\"https:\\\/\\\/www.carlosyconchita.net\\\/rutas\\\/26-07-2020-borna-085-urdos-somport\\\/#breadcrumb\"},\"inLanguage\":\"es\",\"potentialAction\":[{\"@type\":\"ReadAction\",\"target\":[\"https:\\\/\\\/www.carlosyconchita.net\\\/rutas\\\/26-07-2020-borna-085-urdos-somport\\\/\"]}]},{\"@type\":\"ImageObject\",\"inLanguage\":\"es\",\"@id\":\"https:\\\/\\\/www.carlosyconchita.net\\\/rutas\\\/26-07-2020-borna-085-urdos-somport\\\/#primaryimage\",\"url\":\"https:\\\/\\\/www.carlosyconchita.net\\\/rutas\\\/wp-content\\\/uploads\\\/2020\\\/09\\\/Bornas-085-00025.jpg\",\"contentUrl\":\"https:\\\/\\\/www.carlosyconchita.net\\\/rutas\\\/wp-content\\\/uploads\\\/2020\\\/09\\\/Bornas-085-00025.jpg\",\"width\":1024,\"height\":760},{\"@type\":\"BreadcrumbList\",\"@id\":\"https:\\\/\\\/www.carlosyconchita.net\\\/rutas\\\/26-07-2020-borna-085-urdos-somport\\\/#breadcrumb\",\"itemListElement\":[{\"@type\":\"ListItem\",\"position\":1,\"name\":\"Portada\",\"item\":\"https:\\\/\\\/www.carlosyconchita.net\\\/rutas\\\/\"},{\"@type\":\"ListItem\",\"position\":2,\"name\":\"26-07-2020-Borna 085 + Urd\u00f3s + Somport\"}]},{\"@type\":\"WebSite\",\"@id\":\"https:\\\/\\\/www.carlosyconchita.net\\\/rutas\\\/#website\",\"url\":\"https:\\\/\\\/www.carlosyconchita.net\\\/rutas\\\/\",\"name\":\"Las rutas de Carlos y Conchita\",\"description\":\"\",\"potentialAction\":[{\"@type\":\"SearchAction\",\"target\":{\"@type\":\"EntryPoint\",\"urlTemplate\":\"https:\\\/\\\/www.carlosyconchita.net\\\/rutas\\\/?s={search_term_string}\"},\"query-input\":{\"@type\":\"PropertyValueSpecification\",\"valueRequired\":true,\"valueName\":\"search_term_string\"}}],\"inLanguage\":\"es\"},{\"@type\":\"Person\",\"@id\":\"https:\\\/\\\/www.carlosyconchita.net\\\/rutas\\\/#\\\/schema\\\/person\\\/a9691f7258c28443fab2d3aa1479ea19\",\"name\":\"Carlos Conchita\",\"image\":{\"@type\":\"ImageObject\",\"inLanguage\":\"es\",\"@id\":\"https:\\\/\\\/secure.gravatar.com\\\/avatar\\\/3a4625b20c8da3de99da69bfe7a322774e291c3f90dce7e8778a30fe6748ed1a?s=96&d=mm&r=g\",\"url\":\"https:\\\/\\\/secure.gravatar.com\\\/avatar\\\/3a4625b20c8da3de99da69bfe7a322774e291c3f90dce7e8778a30fe6748ed1a?s=96&d=mm&r=g\",\"contentUrl\":\"https:\\\/\\\/secure.gravatar.com\\\/avatar\\\/3a4625b20c8da3de99da69bfe7a322774e291c3f90dce7e8778a30fe6748ed1a?s=96&d=mm&r=g\",\"caption\":\"Carlos Conchita\"}}]}<\/script>\n<!-- \/ Yoast SEO plugin. -->","yoast_head_json":{"title":"26-07-2020-Borna 085 + Urd\u00f3s + Somport -","robots":{"index":"index","follow":"follow","max-snippet":"max-snippet:-1","max-image-preview":"max-image-preview:large","max-video-preview":"max-video-preview:-1"},"canonical":"https:\/\/www.carlosyconchita.net\/rutas\/26-07-2020-borna-085-urdos-somport\/","og_locale":"es_ES","og_type":"article","og_title":"26-07-2020-Borna 085 + Urd\u00f3s + Somport -","og_description":"El d\u00eda que volvemos a casa, localizamos la 085 que nos quedaba pendiente, y de camino, paramos un momento en Somport para fotografiar de nuevo la 305 y 305bis.","og_url":"https:\/\/www.carlosyconchita.net\/rutas\/26-07-2020-borna-085-urdos-somport\/","og_site_name":"Las rutas de Carlos y Conchita","article_published_time":"2020-07-26T19:00:46+00:00","article_modified_time":"2022-03-13T15:53:12+00:00","og_image":[{"width":1024,"height":760,"url":"https:\/\/www.carlosyconchita.net\/rutas\/wp-content\/uploads\/2020\/09\/Bornas-085-00025.jpg","type":"image\/jpeg"}],"author":"Carlos Conchita","twitter_misc":{"Escrito por":"Carlos Conchita","Tiempo de lectura":"2 minutos"},"schema":{"@context":"https:\/\/schema.org","@graph":[{"@type":"Article","@id":"https:\/\/www.carlosyconchita.net\/rutas\/26-07-2020-borna-085-urdos-somport\/#article","isPartOf":{"@id":"https:\/\/www.carlosyconchita.net\/rutas\/26-07-2020-borna-085-urdos-somport\/"},"author":{"name":"Carlos Conchita","@id":"https:\/\/www.carlosyconchita.net\/rutas\/#\/schema\/person\/a9691f7258c28443fab2d3aa1479ea19"},"headline":"26-07-2020-Borna 085 + Urd\u00f3s + Somport","datePublished":"2020-07-26T19:00:46+00:00","dateModified":"2022-03-13T15:53:12+00:00","mainEntityOfPage":{"@id":"https:\/\/www.carlosyconchita.net\/rutas\/26-07-2020-borna-085-urdos-somport\/"},"wordCount":329,"image":{"@id":"https:\/\/www.carlosyconchita.net\/rutas\/26-07-2020-borna-085-urdos-somport\/#primaryimage"},"thumbnailUrl":"https:\/\/www.carlosyconchita.net\/rutas\/wp-content\/uploads\/2020\/09\/Bornas-085-00025.jpg","articleSection":["0-Muy f\u00e1cil","1 - Hasta 5 km.","Mojones \/ Bornas frontera ES-FR","Navarra"],"inLanguage":"es"},{"@type":"WebPage","@id":"https:\/\/www.carlosyconchita.net\/rutas\/26-07-2020-borna-085-urdos-somport\/","url":"https:\/\/www.carlosyconchita.net\/rutas\/26-07-2020-borna-085-urdos-somport\/","name":"26-07-2020-Borna 085 + Urd\u00f3s + Somport -","isPartOf":{"@id":"https:\/\/www.carlosyconchita.net\/rutas\/#website"},"primaryImageOfPage":{"@id":"https:\/\/www.carlosyconchita.net\/rutas\/26-07-2020-borna-085-urdos-somport\/#primaryimage"},"image":{"@id":"https:\/\/www.carlosyconchita.net\/rutas\/26-07-2020-borna-085-urdos-somport\/#primaryimage"},"thumbnailUrl":"https:\/\/www.carlosyconchita.net\/rutas\/wp-content\/uploads\/2020\/09\/Bornas-085-00025.jpg","datePublished":"2020-07-26T19:00:46+00:00","dateModified":"2022-03-13T15:53:12+00:00","author":{"@id":"https:\/\/www.carlosyconchita.net\/rutas\/#\/schema\/person\/a9691f7258c28443fab2d3aa1479ea19"},"breadcrumb":{"@id":"https:\/\/www.carlosyconchita.net\/rutas\/26-07-2020-borna-085-urdos-somport\/#breadcrumb"},"inLanguage":"es","potentialAction":[{"@type":"ReadAction","target":["https:\/\/www.carlosyconchita.net\/rutas\/26-07-2020-borna-085-urdos-somport\/"]}]},{"@type":"ImageObject","inLanguage":"es","@id":"https:\/\/www.carlosyconchita.net\/rutas\/26-07-2020-borna-085-urdos-somport\/#primaryimage","url":"https:\/\/www.carlosyconchita.net\/rutas\/wp-content\/uploads\/2020\/09\/Bornas-085-00025.jpg","contentUrl":"https:\/\/www.carlosyconchita.net\/rutas\/wp-content\/uploads\/2020\/09\/Bornas-085-00025.jpg","width":1024,"height":760},{"@type":"BreadcrumbList","@id":"https:\/\/www.carlosyconchita.net\/rutas\/26-07-2020-borna-085-urdos-somport\/#breadcrumb","itemListElement":[{"@type":"ListItem","position":1,"name":"Portada","item":"https:\/\/www.carlosyconchita.net\/rutas\/"},{"@type":"ListItem","position":2,"name":"26-07-2020-Borna 085 + Urd\u00f3s + Somport"}]},{"@type":"WebSite","@id":"https:\/\/www.carlosyconchita.net\/rutas\/#website","url":"https:\/\/www.carlosyconchita.net\/rutas\/","name":"Las rutas de Carlos y Conchita","description":"","potentialAction":[{"@type":"SearchAction","target":{"@type":"EntryPoint","urlTemplate":"https:\/\/www.carlosyconchita.net\/rutas\/?s={search_term_string}"},"query-input":{"@type":"PropertyValueSpecification","valueRequired":true,"valueName":"search_term_string"}}],"inLanguage":"es"},{"@type":"Person","@id":"https:\/\/www.carlosyconchita.net\/rutas\/#\/schema\/person\/a9691f7258c28443fab2d3aa1479ea19","name":"Carlos Conchita","image":{"@type":"ImageObject","inLanguage":"es","@id":"https:\/\/secure.gravatar.com\/avatar\/3a4625b20c8da3de99da69bfe7a322774e291c3f90dce7e8778a30fe6748ed1a?s=96&d=mm&r=g","url":"https:\/\/secure.gravatar.com\/avatar\/3a4625b20c8da3de99da69bfe7a322774e291c3f90dce7e8778a30fe6748ed1a?s=96&d=mm&r=g","contentUrl":"https:\/\/secure.gravatar.com\/avatar\/3a4625b20c8da3de99da69bfe7a322774e291c3f90dce7e8778a30fe6748ed1a?s=96&d=mm&r=g","caption":"Carlos Conchita"}}]}},"_links":{"self":[{"href":"https:\/\/www.carlosyconchita.net\/rutas\/wp-json\/wp\/v2\/posts\/14801","targetHints":{"allow":["GET"]}}],"collection":[{"href":"https:\/\/www.carlosyconchita.net\/rutas\/wp-json\/wp\/v2\/posts"}],"about":[{"href":"https:\/\/www.carlosyconchita.net\/rutas\/wp-json\/wp\/v2\/types\/post"}],"author":[{"embeddable":true,"href":"https:\/\/www.carlosyconchita.net\/rutas\/wp-json\/wp\/v2\/users\/50"}],"replies":[{"embeddable":true,"href":"https:\/\/www.carlosyconchita.net\/rutas\/wp-json\/wp\/v2\/comments?post=14801"}],"version-history":[{"count":0,"href":"https:\/\/www.carlosyconchita.net\/rutas\/wp-json\/wp\/v2\/posts\/14801\/revisions"}],"wp:featuredmedia":[{"embeddable":true,"href":"https:\/\/www.carlosyconchita.net\/rutas\/wp-json\/wp\/v2\/media\/14802"}],"wp:attachment":[{"href":"https:\/\/www.carlosyconchita.net\/rutas\/wp-json\/wp\/v2\/media?parent=14801"}],"wp:term":[{"taxonomy":"category","embeddable":true,"href":"https:\/\/www.carlosyconchita.net\/rutas\/wp-json\/wp\/v2\/categories?post=14801"},{"taxonomy":"post_tag","embeddable":true,"href":"https:\/\/www.carlosyconchita.net\/rutas\/wp-json\/wp\/v2\/tags?post=14801"}],"curies":[{"name":"wp","href":"https:\/\/api.w.org\/{rel}","templated":true}]}}