{"id":14810,"date":"2020-08-07T15:48:39","date_gmt":"2020-08-07T14:48:39","guid":{"rendered":"https:\/\/www.carlosyconchita.net\/rutas\/?p=14810"},"modified":"2022-03-13T16:52:37","modified_gmt":"2022-03-13T15:52:37","slug":"07-08-2020-bornas-091-a-103","status":"publish","type":"post","link":"https:\/\/www.carlosyconchita.net\/rutas\/07-08-2020-bornas-091-a-103\/","title":{"rendered":"07-08-2020-Bornas 091 a 103"},"content":{"rendered":"<p style=\"text-align: justify;\">La caminata de hoy empieza en el Col de Izpegi, en donde hay un par de \u00abbentas\u00bb ,\u00a0 una de ellas muy concurrida, y una zona de parking para dejar el coche, y en donde encontramos la primera borna de hoy, la 091 al lado mismo de la carretera.<\/p>\n<p style=\"text-align: justify;\">Empezamos a caminar subiendo por la ladera al lado mismo de la benta en direcci\u00f3n al pico de Aldaburu (que ser\u00e1 el punto m\u00e1s alto) ,\u00a0 y localizamos las bornas por orden de n\u00fameros desde la 092 a la 095, y sin darnos cuenta, nos pasamos un poco de largo las 096 y 097, empezando a bajar por el otro lado.<\/p>\n<p style=\"text-align: justify;\">Tenemos que retroceder un poco, y all\u00ed el GPS nos l\u00eda un poco, y encontramos la 097 antes que la 096, y una vez localizadas, bajamos ya hacia la 098, situada en el col o paso de Nekaitzeko , en donde se juntan varios caminos y el GRT-5, al lado de un antiguo cercado de piedras, y en donde podemos ver los restos de la borna 098, que fu\u00e9 destruida por la ETA . (ver album de fotos)<\/p>\n<p style=\"text-align: justify;\">Desde la 097 tenemos unas bonitas vistas en todas direcciones, en especial de la especie de col en donde est\u00e1 el cercado de piedras y los restos de la borna 098, as\u00ed como de los puntos aproximados donde est\u00e1n las restantes bornas que veremos hoy.<\/p>\n<p style=\"text-align: justify;\">Bajamos pues hasta la 098, y despu\u00e9s subimos y bajamos una peque\u00f1a colina para llegar a la 099, 100 y despu\u00e9s en direcci\u00f3n al Col de Elorrieta, vemos la 101 y la 102 en el mismo Col, a donde por cierto se puede llegar en coche, a trav\u00e9s de una estrech\u00edsima carretera , a donde subimos nosotros por error d\u00edas despu\u00e9s.<\/p>\n<p>Tambi\u00e9n podremos ver los restos de 2 \u00abcromlechs\u00bb o monumentos funerarios.<\/p>\n<p style=\"text-align: justify;\">Para llegar a la 103 tenemos que subir unos 60 metros de desnivel en direcci\u00f3n al pico de Autza, que a nosotros, en especial a m\u00ed, debido al fuerte calor que hac\u00eda, se nos hicieron muy pesados.<\/p>\n<p style=\"text-align: justify;\">Para volver, nos dirigimos a la 098, pero ahora podemos hacerlo por un camino m\u00e1s plano, ya que no tenemos que buscar ninguna borna m\u00e1s, y en el cruce de caminos, cogemos ahora el GRT-5 que nos llevar\u00e1 al punto de origen sin tener que subir de nuevo al pico de Aldaburu, y adem\u00e1s por la sombra, aunque a pesar de todo esto, tuvimos que detenernos varias veces por el agotamiento debido al calor.<\/p>\n<p style=\"text-align: justify;\">Una vez en el parking, fotografiamos con calma la 091, que antes no hab\u00edamos hecho para no perder tiempo, y por la gran cantidad de gente que hab\u00eda por all\u00ed a primera hora de la ma\u00f1ana.<\/p>\n<p style=\"text-align: justify;\">Hacemos notar que la 093 est\u00e1 rota en dos piezas , como se puede ver en las fotos, y que tuvimos que apilar para poder hacer una foto aceptable.<\/p>\n<p style=\"text-align: justify;\">En resumen , una magn\u00edfica excursi\u00f3n, con mucho calor, y que clasificamos como moderada por las varias colinas\/picos que tenemos que subir y bajar, cosa por lo que estamos viendo, muy habitual en Navarra, al menos para buscar bornas.<\/p>\n<hr \/>\n<h3 style=\"text-align: justify;\"><strong>Album de fotos<\/strong><\/h3>\n<p><a href=\"https:\/\/photos.app.goo.gl\/aqYMF69GbW3ExNzh8\" target=\"_blank\" rel=\"noopener noreferrer\"><img loading=\"lazy\" decoding=\"async\" class=\"aligncenter wp-image-14811 size-column4-2\/3\" src=\"https:\/\/www.carlosyconchita.net\/rutas\/wp-content\/uploads\/2020\/09\/Bornas-091-103-00036-285x190.jpg\" alt=\"\" width=\"285\" height=\"190\" srcset=\"https:\/\/www.carlosyconchita.net\/rutas\/wp-content\/uploads\/2020\/09\/Bornas-091-103-00036-285x190.jpg 285w, https:\/\/www.carlosyconchita.net\/rutas\/wp-content\/uploads\/2020\/09\/Bornas-091-103-00036-272x182.jpg 272w, https:\/\/www.carlosyconchita.net\/rutas\/wp-content\/uploads\/2020\/09\/Bornas-091-103-00036-570x380.jpg 570w, https:\/\/www.carlosyconchita.net\/rutas\/wp-content\/uploads\/2020\/09\/Bornas-091-103-00036-380x254.jpg 380w\" sizes=\"auto, (max-width: 285px) 100vw, 285px\" \/><\/a><\/p>\n<hr \/>\n<p>Distancia total :\u00a0\u00a0\u00a0 8.387\u00a0<span class=\"totlen\"><span class=\"summaryvalue\"> m.<\/span><\/span><\/p>\n<p>Alturas m\u00ednima \/ m\u00e1xima :\u00a0\u00a0\u00a0\u00a0 654\u00a0 m \u2013 924 m<\/p>\n<p>Desnivel acumulado (s\/Wikiloc)\u00a0 :\u00a0 \u00a0 527\u00a0 m.<\/p>\n<hr \/>\n<h3><strong>Mapa y track de la ruta<\/strong><\/h3>\n<p>&nbsp;<\/p>\n<p><a href=\"http:\/\/www.carlosyconchita.net\/rutas\/wp-content\/uploads\/gpx\/Bornas-091-103.html\" target=\"_blank\" rel=\"noopener noreferrer\"><img loading=\"lazy\" decoding=\"async\" class=\"size-full wp-image-14621 aligncenter\" src=\"https:\/\/www.carlosyconchita.net\/rutas\/wp-content\/uploads\/2020\/06\/mapa.jpg\" alt=\"\" width=\"181\" height=\"122\" \/><\/a><\/p>\n<hr \/>\n<p>&nbsp;<\/p>\n<h3><strong>Wikiloc<\/strong><\/h3>\n<p><a href=\"https:\/\/es.wikiloc.com\/rutas-senderismo\/frontera-mojones-o-bornas-numeros-091-a-103-56541660\" target=\"_blank\" rel=\"noopener noreferrer\"><img loading=\"lazy\" decoding=\"async\" class=\"size-full wp-image-958 aligncenter\" src=\"https:\/\/www.carlosyconchita.net\/rutas\/wp-content\/uploads\/2020\/09\/wikiloc.jpg\" alt=\"\" width=\"117\" height=\"34\" \/><\/a><\/p>\n<p>&nbsp;<\/p>\n<p>&nbsp;<\/p>\n<hr \/>\n<p style=\"text-align: justify;\"><span style=\"color: #ff0000; background-color: #ffffff; font-size: 14pt;\"><strong>Si te ha gustado, comp\u00e1rtelo en tu red favorita o env\u00edanos tu comentario.<br \/>\n<\/strong><\/span><\/p>\n<p style=\"text-align: justify;\"><span style=\"font-size: 14pt;\"><strong><span style=\"color: #ff0000;\">Muchas gracias !<\/span><\/strong><\/span><\/p>\n<hr \/>\n<p style=\"text-align: justify;\"><strong><span style=\"color: #008000;\">Suscribete si quieres recibir un mail cuando publiquemos nuevas rutas : no enviamos publicidad y como m\u00e1ximo enviamos 2 mails al mes<\/span><\/strong><\/p>\n<p style=\"text-align: center;\"><a href=\"https:\/\/mailchi.mp\/6989c83a3e24\/wmv06rtqcz\/\" target=\"_blank\" rel=\"noopener noreferrer\"><strong><span style=\"color: #0000ff;\">Pulsa aqu\u00ed para suscribirte<\/span><\/strong><\/a><\/p>\n<hr \/>\n<p style=\"text-align: justify;\">\u00a0<\/p>\n<h3 style=\"text-align: justify;\">Puedes imprimir esta publicaci\u00f3n o guardarla en diferentes formatos :<\/h3>\n<p style=\"text-align: justify;\"><span style=\"color: #ff0000; font-size: 14pt;\">Para facilitar la impresi\u00f3n, se ha reducido considerablemente el tama\u00f1o de las fotos, pero si deseas imprimir sin fotos, aconsejamos guardarlo como \u201cdoc\u201d, y antes de imprimirlo, eliminar las fotos<\/span><\/p>\n<p>&nbsp;<\/p>\n<hr \/>\n<p>&nbsp;<\/p>\n<p>&nbsp;<\/p>\n","protected":false},"excerpt":{"rendered":"<p>Excursi\u00f3n muy bonita , pero con mucho calor, para localizar estas bornas.<\/p>\n","protected":false},"author":50,"featured_media":14811,"comment_status":"closed","ping_status":"open","sticky":false,"template":"","format":"standard","meta":{"footnotes":""},"categories":[22,11,74,91],"tags":[],"class_list":{"0":"post-14810","1":"post","2":"type-post","3":"status-publish","4":"format-standard","5":"has-post-thumbnail","6":"hentry","7":"category-de-05-a-10-km","8":"category-moderada","9":"category-0-mojones-bornas-frontera","10":"category-navarra","12":"post-with-thumbnail","13":"post-with-thumbnail-icon"},"yoast_head":"<!-- This site is optimized with the Yoast SEO plugin v27.4 - https:\/\/yoast.com\/product\/yoast-seo-wordpress\/ -->\n<title>07-08-2020-Bornas 091 a 103 -<\/title>\n<meta name=\"robots\" content=\"index, follow, max-snippet:-1, max-image-preview:large, max-video-preview:-1\" \/>\n<link rel=\"canonical\" href=\"https:\/\/www.carlosyconchita.net\/rutas\/07-08-2020-bornas-091-a-103\/\" \/>\n<meta property=\"og:locale\" content=\"es_ES\" \/>\n<meta property=\"og:type\" content=\"article\" \/>\n<meta property=\"og:title\" content=\"07-08-2020-Bornas 091 a 103 -\" \/>\n<meta property=\"og:description\" content=\"Excursi\u00f3n muy bonita , pero con mucho calor, para localizar estas bornas.\" \/>\n<meta property=\"og:url\" content=\"https:\/\/www.carlosyconchita.net\/rutas\/07-08-2020-bornas-091-a-103\/\" \/>\n<meta property=\"og:site_name\" content=\"Las rutas de Carlos y Conchita\" \/>\n<meta property=\"article:published_time\" content=\"2020-08-07T14:48:39+00:00\" \/>\n<meta property=\"article:modified_time\" content=\"2022-03-13T15:52:37+00:00\" \/>\n<meta property=\"og:image\" content=\"https:\/\/www.carlosyconchita.net\/rutas\/wp-content\/uploads\/2020\/09\/Bornas-091-103-00036.jpg\" \/>\n\t<meta property=\"og:image:width\" content=\"1024\" \/>\n\t<meta property=\"og:image:height\" content=\"576\" \/>\n\t<meta property=\"og:image:type\" content=\"image\/jpeg\" \/>\n<meta name=\"author\" content=\"Carlos Conchita\" \/>\n<meta name=\"twitter:label1\" content=\"Escrito por\" \/>\n\t<meta name=\"twitter:data1\" content=\"Carlos Conchita\" \/>\n\t<meta name=\"twitter:label2\" content=\"Tiempo de lectura\" \/>\n\t<meta name=\"twitter:data2\" content=\"3 minutos\" \/>\n<script type=\"application\/ld+json\" class=\"yoast-schema-graph\">{\"@context\":\"https:\\\/\\\/schema.org\",\"@graph\":[{\"@type\":\"Article\",\"@id\":\"https:\\\/\\\/www.carlosyconchita.net\\\/rutas\\\/07-08-2020-bornas-091-a-103\\\/#article\",\"isPartOf\":{\"@id\":\"https:\\\/\\\/www.carlosyconchita.net\\\/rutas\\\/07-08-2020-bornas-091-a-103\\\/\"},\"author\":{\"name\":\"Carlos Conchita\",\"@id\":\"https:\\\/\\\/www.carlosyconchita.net\\\/rutas\\\/#\\\/schema\\\/person\\\/a9691f7258c28443fab2d3aa1479ea19\"},\"headline\":\"07-08-2020-Bornas 091 a 103\",\"datePublished\":\"2020-08-07T14:48:39+00:00\",\"dateModified\":\"2022-03-13T15:52:37+00:00\",\"mainEntityOfPage\":{\"@id\":\"https:\\\/\\\/www.carlosyconchita.net\\\/rutas\\\/07-08-2020-bornas-091-a-103\\\/\"},\"wordCount\":636,\"image\":{\"@id\":\"https:\\\/\\\/www.carlosyconchita.net\\\/rutas\\\/07-08-2020-bornas-091-a-103\\\/#primaryimage\"},\"thumbnailUrl\":\"https:\\\/\\\/www.carlosyconchita.net\\\/rutas\\\/wp-content\\\/uploads\\\/2020\\\/09\\\/Bornas-091-103-00036.jpg\",\"articleSection\":[\"2 - De 5 a 10 km.\",\"2-Moderada\",\"Mojones \\\/ Bornas frontera ES-FR\",\"Navarra\"],\"inLanguage\":\"es\"},{\"@type\":\"WebPage\",\"@id\":\"https:\\\/\\\/www.carlosyconchita.net\\\/rutas\\\/07-08-2020-bornas-091-a-103\\\/\",\"url\":\"https:\\\/\\\/www.carlosyconchita.net\\\/rutas\\\/07-08-2020-bornas-091-a-103\\\/\",\"name\":\"07-08-2020-Bornas 091 a 103 -\",\"isPartOf\":{\"@id\":\"https:\\\/\\\/www.carlosyconchita.net\\\/rutas\\\/#website\"},\"primaryImageOfPage\":{\"@id\":\"https:\\\/\\\/www.carlosyconchita.net\\\/rutas\\\/07-08-2020-bornas-091-a-103\\\/#primaryimage\"},\"image\":{\"@id\":\"https:\\\/\\\/www.carlosyconchita.net\\\/rutas\\\/07-08-2020-bornas-091-a-103\\\/#primaryimage\"},\"thumbnailUrl\":\"https:\\\/\\\/www.carlosyconchita.net\\\/rutas\\\/wp-content\\\/uploads\\\/2020\\\/09\\\/Bornas-091-103-00036.jpg\",\"datePublished\":\"2020-08-07T14:48:39+00:00\",\"dateModified\":\"2022-03-13T15:52:37+00:00\",\"author\":{\"@id\":\"https:\\\/\\\/www.carlosyconchita.net\\\/rutas\\\/#\\\/schema\\\/person\\\/a9691f7258c28443fab2d3aa1479ea19\"},\"breadcrumb\":{\"@id\":\"https:\\\/\\\/www.carlosyconchita.net\\\/rutas\\\/07-08-2020-bornas-091-a-103\\\/#breadcrumb\"},\"inLanguage\":\"es\",\"potentialAction\":[{\"@type\":\"ReadAction\",\"target\":[\"https:\\\/\\\/www.carlosyconchita.net\\\/rutas\\\/07-08-2020-bornas-091-a-103\\\/\"]}]},{\"@type\":\"ImageObject\",\"inLanguage\":\"es\",\"@id\":\"https:\\\/\\\/www.carlosyconchita.net\\\/rutas\\\/07-08-2020-bornas-091-a-103\\\/#primaryimage\",\"url\":\"https:\\\/\\\/www.carlosyconchita.net\\\/rutas\\\/wp-content\\\/uploads\\\/2020\\\/09\\\/Bornas-091-103-00036.jpg\",\"contentUrl\":\"https:\\\/\\\/www.carlosyconchita.net\\\/rutas\\\/wp-content\\\/uploads\\\/2020\\\/09\\\/Bornas-091-103-00036.jpg\",\"width\":1024,\"height\":576},{\"@type\":\"BreadcrumbList\",\"@id\":\"https:\\\/\\\/www.carlosyconchita.net\\\/rutas\\\/07-08-2020-bornas-091-a-103\\\/#breadcrumb\",\"itemListElement\":[{\"@type\":\"ListItem\",\"position\":1,\"name\":\"Portada\",\"item\":\"https:\\\/\\\/www.carlosyconchita.net\\\/rutas\\\/\"},{\"@type\":\"ListItem\",\"position\":2,\"name\":\"07-08-2020-Bornas 091 a 103\"}]},{\"@type\":\"WebSite\",\"@id\":\"https:\\\/\\\/www.carlosyconchita.net\\\/rutas\\\/#website\",\"url\":\"https:\\\/\\\/www.carlosyconchita.net\\\/rutas\\\/\",\"name\":\"Las rutas de Carlos y Conchita\",\"description\":\"\",\"potentialAction\":[{\"@type\":\"SearchAction\",\"target\":{\"@type\":\"EntryPoint\",\"urlTemplate\":\"https:\\\/\\\/www.carlosyconchita.net\\\/rutas\\\/?s={search_term_string}\"},\"query-input\":{\"@type\":\"PropertyValueSpecification\",\"valueRequired\":true,\"valueName\":\"search_term_string\"}}],\"inLanguage\":\"es\"},{\"@type\":\"Person\",\"@id\":\"https:\\\/\\\/www.carlosyconchita.net\\\/rutas\\\/#\\\/schema\\\/person\\\/a9691f7258c28443fab2d3aa1479ea19\",\"name\":\"Carlos Conchita\",\"image\":{\"@type\":\"ImageObject\",\"inLanguage\":\"es\",\"@id\":\"https:\\\/\\\/secure.gravatar.com\\\/avatar\\\/3a4625b20c8da3de99da69bfe7a322774e291c3f90dce7e8778a30fe6748ed1a?s=96&d=mm&r=g\",\"url\":\"https:\\\/\\\/secure.gravatar.com\\\/avatar\\\/3a4625b20c8da3de99da69bfe7a322774e291c3f90dce7e8778a30fe6748ed1a?s=96&d=mm&r=g\",\"contentUrl\":\"https:\\\/\\\/secure.gravatar.com\\\/avatar\\\/3a4625b20c8da3de99da69bfe7a322774e291c3f90dce7e8778a30fe6748ed1a?s=96&d=mm&r=g\",\"caption\":\"Carlos Conchita\"}}]}<\/script>\n<!-- \/ Yoast SEO plugin. -->","yoast_head_json":{"title":"07-08-2020-Bornas 091 a 103 -","robots":{"index":"index","follow":"follow","max-snippet":"max-snippet:-1","max-image-preview":"max-image-preview:large","max-video-preview":"max-video-preview:-1"},"canonical":"https:\/\/www.carlosyconchita.net\/rutas\/07-08-2020-bornas-091-a-103\/","og_locale":"es_ES","og_type":"article","og_title":"07-08-2020-Bornas 091 a 103 -","og_description":"Excursi\u00f3n muy bonita , pero con mucho calor, para localizar estas bornas.","og_url":"https:\/\/www.carlosyconchita.net\/rutas\/07-08-2020-bornas-091-a-103\/","og_site_name":"Las rutas de Carlos y Conchita","article_published_time":"2020-08-07T14:48:39+00:00","article_modified_time":"2022-03-13T15:52:37+00:00","og_image":[{"width":1024,"height":576,"url":"https:\/\/www.carlosyconchita.net\/rutas\/wp-content\/uploads\/2020\/09\/Bornas-091-103-00036.jpg","type":"image\/jpeg"}],"author":"Carlos Conchita","twitter_misc":{"Escrito por":"Carlos Conchita","Tiempo de lectura":"3 minutos"},"schema":{"@context":"https:\/\/schema.org","@graph":[{"@type":"Article","@id":"https:\/\/www.carlosyconchita.net\/rutas\/07-08-2020-bornas-091-a-103\/#article","isPartOf":{"@id":"https:\/\/www.carlosyconchita.net\/rutas\/07-08-2020-bornas-091-a-103\/"},"author":{"name":"Carlos Conchita","@id":"https:\/\/www.carlosyconchita.net\/rutas\/#\/schema\/person\/a9691f7258c28443fab2d3aa1479ea19"},"headline":"07-08-2020-Bornas 091 a 103","datePublished":"2020-08-07T14:48:39+00:00","dateModified":"2022-03-13T15:52:37+00:00","mainEntityOfPage":{"@id":"https:\/\/www.carlosyconchita.net\/rutas\/07-08-2020-bornas-091-a-103\/"},"wordCount":636,"image":{"@id":"https:\/\/www.carlosyconchita.net\/rutas\/07-08-2020-bornas-091-a-103\/#primaryimage"},"thumbnailUrl":"https:\/\/www.carlosyconchita.net\/rutas\/wp-content\/uploads\/2020\/09\/Bornas-091-103-00036.jpg","articleSection":["2 - De 5 a 10 km.","2-Moderada","Mojones \/ Bornas frontera ES-FR","Navarra"],"inLanguage":"es"},{"@type":"WebPage","@id":"https:\/\/www.carlosyconchita.net\/rutas\/07-08-2020-bornas-091-a-103\/","url":"https:\/\/www.carlosyconchita.net\/rutas\/07-08-2020-bornas-091-a-103\/","name":"07-08-2020-Bornas 091 a 103 -","isPartOf":{"@id":"https:\/\/www.carlosyconchita.net\/rutas\/#website"},"primaryImageOfPage":{"@id":"https:\/\/www.carlosyconchita.net\/rutas\/07-08-2020-bornas-091-a-103\/#primaryimage"},"image":{"@id":"https:\/\/www.carlosyconchita.net\/rutas\/07-08-2020-bornas-091-a-103\/#primaryimage"},"thumbnailUrl":"https:\/\/www.carlosyconchita.net\/rutas\/wp-content\/uploads\/2020\/09\/Bornas-091-103-00036.jpg","datePublished":"2020-08-07T14:48:39+00:00","dateModified":"2022-03-13T15:52:37+00:00","author":{"@id":"https:\/\/www.carlosyconchita.net\/rutas\/#\/schema\/person\/a9691f7258c28443fab2d3aa1479ea19"},"breadcrumb":{"@id":"https:\/\/www.carlosyconchita.net\/rutas\/07-08-2020-bornas-091-a-103\/#breadcrumb"},"inLanguage":"es","potentialAction":[{"@type":"ReadAction","target":["https:\/\/www.carlosyconchita.net\/rutas\/07-08-2020-bornas-091-a-103\/"]}]},{"@type":"ImageObject","inLanguage":"es","@id":"https:\/\/www.carlosyconchita.net\/rutas\/07-08-2020-bornas-091-a-103\/#primaryimage","url":"https:\/\/www.carlosyconchita.net\/rutas\/wp-content\/uploads\/2020\/09\/Bornas-091-103-00036.jpg","contentUrl":"https:\/\/www.carlosyconchita.net\/rutas\/wp-content\/uploads\/2020\/09\/Bornas-091-103-00036.jpg","width":1024,"height":576},{"@type":"BreadcrumbList","@id":"https:\/\/www.carlosyconchita.net\/rutas\/07-08-2020-bornas-091-a-103\/#breadcrumb","itemListElement":[{"@type":"ListItem","position":1,"name":"Portada","item":"https:\/\/www.carlosyconchita.net\/rutas\/"},{"@type":"ListItem","position":2,"name":"07-08-2020-Bornas 091 a 103"}]},{"@type":"WebSite","@id":"https:\/\/www.carlosyconchita.net\/rutas\/#website","url":"https:\/\/www.carlosyconchita.net\/rutas\/","name":"Las rutas de Carlos y Conchita","description":"","potentialAction":[{"@type":"SearchAction","target":{"@type":"EntryPoint","urlTemplate":"https:\/\/www.carlosyconchita.net\/rutas\/?s={search_term_string}"},"query-input":{"@type":"PropertyValueSpecification","valueRequired":true,"valueName":"search_term_string"}}],"inLanguage":"es"},{"@type":"Person","@id":"https:\/\/www.carlosyconchita.net\/rutas\/#\/schema\/person\/a9691f7258c28443fab2d3aa1479ea19","name":"Carlos Conchita","image":{"@type":"ImageObject","inLanguage":"es","@id":"https:\/\/secure.gravatar.com\/avatar\/3a4625b20c8da3de99da69bfe7a322774e291c3f90dce7e8778a30fe6748ed1a?s=96&d=mm&r=g","url":"https:\/\/secure.gravatar.com\/avatar\/3a4625b20c8da3de99da69bfe7a322774e291c3f90dce7e8778a30fe6748ed1a?s=96&d=mm&r=g","contentUrl":"https:\/\/secure.gravatar.com\/avatar\/3a4625b20c8da3de99da69bfe7a322774e291c3f90dce7e8778a30fe6748ed1a?s=96&d=mm&r=g","caption":"Carlos Conchita"}}]}},"_links":{"self":[{"href":"https:\/\/www.carlosyconchita.net\/rutas\/wp-json\/wp\/v2\/posts\/14810","targetHints":{"allow":["GET"]}}],"collection":[{"href":"https:\/\/www.carlosyconchita.net\/rutas\/wp-json\/wp\/v2\/posts"}],"about":[{"href":"https:\/\/www.carlosyconchita.net\/rutas\/wp-json\/wp\/v2\/types\/post"}],"author":[{"embeddable":true,"href":"https:\/\/www.carlosyconchita.net\/rutas\/wp-json\/wp\/v2\/users\/50"}],"replies":[{"embeddable":true,"href":"https:\/\/www.carlosyconchita.net\/rutas\/wp-json\/wp\/v2\/comments?post=14810"}],"version-history":[{"count":0,"href":"https:\/\/www.carlosyconchita.net\/rutas\/wp-json\/wp\/v2\/posts\/14810\/revisions"}],"wp:featuredmedia":[{"embeddable":true,"href":"https:\/\/www.carlosyconchita.net\/rutas\/wp-json\/wp\/v2\/media\/14811"}],"wp:attachment":[{"href":"https:\/\/www.carlosyconchita.net\/rutas\/wp-json\/wp\/v2\/media?parent=14810"}],"wp:term":[{"taxonomy":"category","embeddable":true,"href":"https:\/\/www.carlosyconchita.net\/rutas\/wp-json\/wp\/v2\/categories?post=14810"},{"taxonomy":"post_tag","embeddable":true,"href":"https:\/\/www.carlosyconchita.net\/rutas\/wp-json\/wp\/v2\/tags?post=14810"}],"curies":[{"name":"wp","href":"https:\/\/api.w.org\/{rel}","templated":true}]}}