{"id":14876,"date":"2020-08-23T18:03:54","date_gmt":"2020-08-23T17:03:54","guid":{"rendered":"https:\/\/www.carlosyconchita.net\/rutas\/?p=14876"},"modified":"2020-10-02T18:36:54","modified_gmt":"2020-10-02T17:36:54","slug":"23-08-2020-egat-refugio-llobins-cruz-de-egat","status":"publish","type":"post","link":"https:\/\/www.carlosyconchita.net\/rutas\/23-08-2020-egat-refugio-llobins-cruz-de-egat\/","title":{"rendered":"23-08-2020-Egat-Refugio Llobins-Cruz de Egat"},"content":{"rendered":"<p style=\"text-align: justify;\">Hoy hacemos una bonita excursi\u00f3n, empezando en el Coll de Fau, en donde hay una peque\u00f1a zona comercial con el supermercado Super U, al que nosotros hemos ido un mont\u00f3n de veces, aunque nunca hab\u00edamos hecho ninguna excursi\u00f3n por esta zona, y de hecho tampoco nos hab\u00edamos preocupado nunca de saber el nombre de este coll, ya que siempre hab\u00edamos estado all\u00ed con el coche.<\/p>\n<p style=\"text-align: justify;\">Dejamos en coche en el parking del supermercado, y empezamos a caminar hacia el pueblo de Egat, que est\u00e1 all\u00ed mismo, en direcci\u00f3n a la parte alta del mismo, en donde vemos las ruinas de una torre, dejando despu\u00e9s las calles asfaltadas y entrando en una zona de bosque muy bonita que como hemos dicho antes no conoc\u00edamos.<\/p>\n<p style=\"text-align: justify;\">Vamos subiendo en direcci\u00f3n al refugio de Llobins, en la zona de La Calme, donde hemos estado bastantes veces, pero nunca empezando en Egat.<\/p>\n<p style=\"text-align: justify;\">Despu\u00e9s del refugio, seguimos un camino que nos llevar\u00eda a Targassone, pero un poco antes de una especie de peque\u00f1a presa con un dep\u00f3sito de agua, nos desviamos a la izquierda para descender en direcci\u00f3n a Egat, pasando por la Cruz de Egat, desde conde tenemos unas grandes vistas de toda la zona.<\/p>\n<p style=\"text-align: justify;\">Desde all\u00ed vamos bajando hasta el pueblo y despu\u00e9s al parking donde hemos dejado el coche.<\/p>\n<hr \/>\n<h3 style=\"text-align: justify;\"><strong>Album de fotos<\/strong><\/h3>\n<p><a href=\"https:\/\/photos.app.goo.gl\/aYoBn6BMxdqfWEmx9\" target=\"_blank\" rel=\"noopener noreferrer\"><img loading=\"lazy\" decoding=\"async\" class=\"aligncenter wp-image-14877 size-column4-2\/3\" src=\"https:\/\/www.carlosyconchita.net\/rutas\/wp-content\/uploads\/2020\/10\/Egat-Llobins-00029-285x190.jpg\" alt=\"\" width=\"285\" height=\"190\" srcset=\"https:\/\/www.carlosyconchita.net\/rutas\/wp-content\/uploads\/2020\/10\/Egat-Llobins-00029-285x190.jpg 285w, https:\/\/www.carlosyconchita.net\/rutas\/wp-content\/uploads\/2020\/10\/Egat-Llobins-00029-272x182.jpg 272w, https:\/\/www.carlosyconchita.net\/rutas\/wp-content\/uploads\/2020\/10\/Egat-Llobins-00029-570x380.jpg 570w, https:\/\/www.carlosyconchita.net\/rutas\/wp-content\/uploads\/2020\/10\/Egat-Llobins-00029-380x254.jpg 380w\" sizes=\"auto, (max-width: 285px) 100vw, 285px\" \/><\/a><\/p>\n<hr \/>\n<p><strong>Dificultad<\/strong> :\u00a0\u00a0\u00a0 F\u00e1cil<\/p>\n<p><strong>Distancia total<\/strong> :\u00a0\u00a0\u00a0 11.050\u00a0 <span class=\"totlen\"><span class=\"summaryvalue\">m<\/span><\/span><\/p>\n<p><strong>Alturas m\u00ednima \/ m\u00e1xima<\/strong> :\u00a0\u00a0\u00a0\u00a0\u00a0 1.627 m. \u00a0 \/\u00a0\u00a0 1.935<span class=\"maxele\"><span class=\"summaryvalue\"> m<\/span><\/span>.<\/p>\n<p><strong>Desnivel acumulado (s\/Wikiloc)<\/strong>\u00a0 :\u00a0 \u00a0 398\u00a0 m.<\/p>\n<p><strong>Tiempo total \/ en movimiento<\/strong> :\u00a0\u00a0\u00a0\u00a0\u00a0\u00a0\u00a0 3\u201956 h. \u2013\u00a0 3\u201904\u00a0 h.<\/p>\n<p><strong>Velocidad media total \/ velocidad media movimiento<\/strong> :\u00a0\u00a0 2\u201980 km\/h \u2013\u00a0 3\u201960\u00a0 km\/h<\/p>\n<hr \/>\n<p>&nbsp;<\/p>\n<h3><strong>Mapa y track de la ruta<\/strong><\/h3>\n<p>&nbsp;<\/p>\n<p><a href=\"http:\/\/www.carlosyconchita.net\/rutas\/wp-content\/uploads\/gpx\/Egat-Llobins-Cruz.html\" target=\"_blank\" rel=\"noopener noreferrer\"><img loading=\"lazy\" decoding=\"async\" class=\"size-full wp-image-14621 aligncenter\" src=\"https:\/\/www.carlosyconchita.net\/rutas\/wp-content\/uploads\/2020\/06\/mapa.jpg\" alt=\"\" width=\"181\" height=\"122\" \/><\/a><\/p>\n<p>&nbsp;<\/p>\n<hr \/>\n<p>&nbsp;<\/p>\n<h3><strong>Wikiloc<\/strong><\/h3>\n<p><a href=\"https:\/\/es.wikiloc.com\/rutas-senderismo\/egat-refugio-de-llobins-cruz-de-egat-57830837\" target=\"_blank\" rel=\"noopener noreferrer\"><img loading=\"lazy\" decoding=\"async\" class=\"size-full wp-image-958 aligncenter\" src=\"https:\/\/www.carlosyconchita.net\/rutas\/wp-content\/uploads\/2020\/09\/wikiloc.jpg\" alt=\"\" width=\"117\" height=\"34\" \/><\/a><\/p>\n<hr \/>\n<p>&nbsp;<\/p>\n<p style=\"text-align: justify;\"><span style=\"color: #ff0000; background-color: #ffffff; font-size: 14pt;\"><strong>Si te ha gustado, comp\u00e1rtelo en tu red favorita o env\u00edanos tu comentario.<br \/>\n<\/strong><\/span><\/p>\n<p style=\"text-align: justify;\"><span style=\"font-size: 14pt;\"><strong><span style=\"color: #ff0000;\">Muchas gracias !<\/span><\/strong><\/span><\/p>\n<hr \/>\n<p style=\"text-align: justify;\"><strong><span style=\"color: #008000;\">Suscribete si quieres recibir un mail cuando publiquemos nuevas rutas : no enviamos publicidad y como m\u00e1ximo enviamos 2 mails al mes<\/span><\/strong><\/p>\n<p style=\"text-align: center;\"><a href=\"https:\/\/mailchi.mp\/6989c83a3e24\/wmv06rtqcz\/\" target=\"_blank\" rel=\"noopener noreferrer\"><strong><span style=\"color: #0000ff;\">Pulsa aqu\u00ed para suscribirte<\/span><\/strong><\/a><\/p>\n<hr \/>\n<p style=\"text-align: justify;\">\u00a0<\/p>\n<h3 style=\"text-align: justify;\">Puedes imprimir esta publicaci\u00f3n o guardarla en diferentes formatos :<\/h3>\n<p style=\"text-align: justify;\"><span style=\"color: #ff0000; font-size: 14pt;\">Para facilitar la impresi\u00f3n, se ha reducido considerablemente el tama\u00f1o de las fotos, pero si deseas imprimir sin fotos, aconsejamos guardarlo como \u201cdoc\u201d, y antes de imprimirlo, eliminar las fotos<\/span><\/p>\n<p>&nbsp;<\/p>\n<hr \/>\n<p>&nbsp;<\/p>\n","protected":false},"excerpt":{"rendered":"<p>Hoy hacemos una bonita excursi\u00f3n, empezando en el Coll de Fau, en donde hay una peque\u00f1a zona comercial con el supermercado Super U, al que nosotros hemos ido un mont\u00f3n de veces, aunque nunca hab\u00edamos hecho ninguna excursi\u00f3n por esta zona, y de hecho tampoco nos hab\u00edamos preocupado nunca de saber el nombre de este [&hellip;]<\/p>\n","protected":false},"author":50,"featured_media":14877,"comment_status":"closed","ping_status":"open","sticky":false,"template":"","format":"standard","meta":{"footnotes":""},"categories":[10,23,18],"tags":[],"class_list":{"0":"post-14876","1":"post","2":"type-post","3":"status-publish","4":"format-standard","5":"has-post-thumbnail","6":"hentry","7":"category-facil","8":"category-de-10-a-15-km","9":"category-font-romeu-bolquere","11":"post-with-thumbnail","12":"post-with-thumbnail-icon"},"yoast_head":"<!-- This site is optimized with the Yoast SEO plugin v27.5 - https:\/\/yoast.com\/product\/yoast-seo-wordpress\/ -->\n<title>23-08-2020-Egat-Refugio Llobins-Cruz de Egat -<\/title>\n<meta name=\"robots\" content=\"index, follow, max-snippet:-1, max-image-preview:large, max-video-preview:-1\" \/>\n<link rel=\"canonical\" href=\"https:\/\/www.carlosyconchita.net\/rutas\/23-08-2020-egat-refugio-llobins-cruz-de-egat\/\" \/>\n<meta property=\"og:locale\" content=\"es_ES\" \/>\n<meta property=\"og:type\" content=\"article\" \/>\n<meta property=\"og:title\" content=\"23-08-2020-Egat-Refugio Llobins-Cruz de Egat -\" \/>\n<meta property=\"og:description\" content=\"Hoy hacemos una bonita excursi\u00f3n, empezando en el Coll de Fau, en donde hay una peque\u00f1a zona comercial con el supermercado Super U, al que nosotros hemos ido un mont\u00f3n de veces, aunque nunca hab\u00edamos hecho ninguna excursi\u00f3n por esta zona, y de hecho tampoco nos hab\u00edamos preocupado nunca de saber el nombre de este [&hellip;]\" \/>\n<meta property=\"og:url\" content=\"https:\/\/www.carlosyconchita.net\/rutas\/23-08-2020-egat-refugio-llobins-cruz-de-egat\/\" \/>\n<meta property=\"og:site_name\" content=\"Las rutas de Carlos y Conchita\" \/>\n<meta property=\"article:published_time\" content=\"2020-08-23T17:03:54+00:00\" \/>\n<meta property=\"article:modified_time\" content=\"2020-10-02T17:36:54+00:00\" \/>\n<meta property=\"og:image\" content=\"https:\/\/www.carlosyconchita.net\/rutas\/wp-content\/uploads\/2020\/10\/Egat-Llobins-00029.jpg\" \/>\n\t<meta property=\"og:image:width\" content=\"1024\" \/>\n\t<meta property=\"og:image:height\" content=\"576\" \/>\n\t<meta property=\"og:image:type\" content=\"image\/jpeg\" \/>\n<meta name=\"author\" content=\"Carlos Conchita\" \/>\n<meta name=\"twitter:label1\" content=\"Escrito por\" \/>\n\t<meta name=\"twitter:data1\" content=\"Carlos Conchita\" \/>\n\t<meta name=\"twitter:label2\" content=\"Tiempo de lectura\" \/>\n\t<meta name=\"twitter:data2\" content=\"2 minutos\" \/>\n<script type=\"application\/ld+json\" class=\"yoast-schema-graph\">{\"@context\":\"https:\\\/\\\/schema.org\",\"@graph\":[{\"@type\":\"Article\",\"@id\":\"https:\\\/\\\/www.carlosyconchita.net\\\/rutas\\\/23-08-2020-egat-refugio-llobins-cruz-de-egat\\\/#article\",\"isPartOf\":{\"@id\":\"https:\\\/\\\/www.carlosyconchita.net\\\/rutas\\\/23-08-2020-egat-refugio-llobins-cruz-de-egat\\\/\"},\"author\":{\"name\":\"Carlos Conchita\",\"@id\":\"https:\\\/\\\/www.carlosyconchita.net\\\/rutas\\\/#\\\/schema\\\/person\\\/a9691f7258c28443fab2d3aa1479ea19\"},\"headline\":\"23-08-2020-Egat-Refugio Llobins-Cruz de Egat\",\"datePublished\":\"2020-08-23T17:03:54+00:00\",\"dateModified\":\"2020-10-02T17:36:54+00:00\",\"mainEntityOfPage\":{\"@id\":\"https:\\\/\\\/www.carlosyconchita.net\\\/rutas\\\/23-08-2020-egat-refugio-llobins-cruz-de-egat\\\/\"},\"wordCount\":374,\"image\":{\"@id\":\"https:\\\/\\\/www.carlosyconchita.net\\\/rutas\\\/23-08-2020-egat-refugio-llobins-cruz-de-egat\\\/#primaryimage\"},\"thumbnailUrl\":\"https:\\\/\\\/www.carlosyconchita.net\\\/rutas\\\/wp-content\\\/uploads\\\/2020\\\/10\\\/Egat-Llobins-00029.jpg\",\"articleSection\":[\"1-F\u00e1cil\",\"3 - De 10 a 15 km.\",\"Font Romeu\"],\"inLanguage\":\"es\"},{\"@type\":\"WebPage\",\"@id\":\"https:\\\/\\\/www.carlosyconchita.net\\\/rutas\\\/23-08-2020-egat-refugio-llobins-cruz-de-egat\\\/\",\"url\":\"https:\\\/\\\/www.carlosyconchita.net\\\/rutas\\\/23-08-2020-egat-refugio-llobins-cruz-de-egat\\\/\",\"name\":\"23-08-2020-Egat-Refugio Llobins-Cruz de Egat -\",\"isPartOf\":{\"@id\":\"https:\\\/\\\/www.carlosyconchita.net\\\/rutas\\\/#website\"},\"primaryImageOfPage\":{\"@id\":\"https:\\\/\\\/www.carlosyconchita.net\\\/rutas\\\/23-08-2020-egat-refugio-llobins-cruz-de-egat\\\/#primaryimage\"},\"image\":{\"@id\":\"https:\\\/\\\/www.carlosyconchita.net\\\/rutas\\\/23-08-2020-egat-refugio-llobins-cruz-de-egat\\\/#primaryimage\"},\"thumbnailUrl\":\"https:\\\/\\\/www.carlosyconchita.net\\\/rutas\\\/wp-content\\\/uploads\\\/2020\\\/10\\\/Egat-Llobins-00029.jpg\",\"datePublished\":\"2020-08-23T17:03:54+00:00\",\"dateModified\":\"2020-10-02T17:36:54+00:00\",\"author\":{\"@id\":\"https:\\\/\\\/www.carlosyconchita.net\\\/rutas\\\/#\\\/schema\\\/person\\\/a9691f7258c28443fab2d3aa1479ea19\"},\"breadcrumb\":{\"@id\":\"https:\\\/\\\/www.carlosyconchita.net\\\/rutas\\\/23-08-2020-egat-refugio-llobins-cruz-de-egat\\\/#breadcrumb\"},\"inLanguage\":\"es\",\"potentialAction\":[{\"@type\":\"ReadAction\",\"target\":[\"https:\\\/\\\/www.carlosyconchita.net\\\/rutas\\\/23-08-2020-egat-refugio-llobins-cruz-de-egat\\\/\"]}]},{\"@type\":\"ImageObject\",\"inLanguage\":\"es\",\"@id\":\"https:\\\/\\\/www.carlosyconchita.net\\\/rutas\\\/23-08-2020-egat-refugio-llobins-cruz-de-egat\\\/#primaryimage\",\"url\":\"https:\\\/\\\/www.carlosyconchita.net\\\/rutas\\\/wp-content\\\/uploads\\\/2020\\\/10\\\/Egat-Llobins-00029.jpg\",\"contentUrl\":\"https:\\\/\\\/www.carlosyconchita.net\\\/rutas\\\/wp-content\\\/uploads\\\/2020\\\/10\\\/Egat-Llobins-00029.jpg\",\"width\":1024,\"height\":576},{\"@type\":\"BreadcrumbList\",\"@id\":\"https:\\\/\\\/www.carlosyconchita.net\\\/rutas\\\/23-08-2020-egat-refugio-llobins-cruz-de-egat\\\/#breadcrumb\",\"itemListElement\":[{\"@type\":\"ListItem\",\"position\":1,\"name\":\"Portada\",\"item\":\"https:\\\/\\\/www.carlosyconchita.net\\\/rutas\\\/\"},{\"@type\":\"ListItem\",\"position\":2,\"name\":\"23-08-2020-Egat-Refugio Llobins-Cruz de Egat\"}]},{\"@type\":\"WebSite\",\"@id\":\"https:\\\/\\\/www.carlosyconchita.net\\\/rutas\\\/#website\",\"url\":\"https:\\\/\\\/www.carlosyconchita.net\\\/rutas\\\/\",\"name\":\"Las rutas de Carlos y Conchita\",\"description\":\"\",\"potentialAction\":[{\"@type\":\"SearchAction\",\"target\":{\"@type\":\"EntryPoint\",\"urlTemplate\":\"https:\\\/\\\/www.carlosyconchita.net\\\/rutas\\\/?s={search_term_string}\"},\"query-input\":{\"@type\":\"PropertyValueSpecification\",\"valueRequired\":true,\"valueName\":\"search_term_string\"}}],\"inLanguage\":\"es\"},{\"@type\":\"Person\",\"@id\":\"https:\\\/\\\/www.carlosyconchita.net\\\/rutas\\\/#\\\/schema\\\/person\\\/a9691f7258c28443fab2d3aa1479ea19\",\"name\":\"Carlos Conchita\",\"image\":{\"@type\":\"ImageObject\",\"inLanguage\":\"es\",\"@id\":\"https:\\\/\\\/secure.gravatar.com\\\/avatar\\\/3a4625b20c8da3de99da69bfe7a322774e291c3f90dce7e8778a30fe6748ed1a?s=96&d=mm&r=g\",\"url\":\"https:\\\/\\\/secure.gravatar.com\\\/avatar\\\/3a4625b20c8da3de99da69bfe7a322774e291c3f90dce7e8778a30fe6748ed1a?s=96&d=mm&r=g\",\"contentUrl\":\"https:\\\/\\\/secure.gravatar.com\\\/avatar\\\/3a4625b20c8da3de99da69bfe7a322774e291c3f90dce7e8778a30fe6748ed1a?s=96&d=mm&r=g\",\"caption\":\"Carlos Conchita\"}}]}<\/script>\n<!-- \/ Yoast SEO plugin. -->","yoast_head_json":{"title":"23-08-2020-Egat-Refugio Llobins-Cruz de Egat -","robots":{"index":"index","follow":"follow","max-snippet":"max-snippet:-1","max-image-preview":"max-image-preview:large","max-video-preview":"max-video-preview:-1"},"canonical":"https:\/\/www.carlosyconchita.net\/rutas\/23-08-2020-egat-refugio-llobins-cruz-de-egat\/","og_locale":"es_ES","og_type":"article","og_title":"23-08-2020-Egat-Refugio Llobins-Cruz de Egat -","og_description":"Hoy hacemos una bonita excursi\u00f3n, empezando en el Coll de Fau, en donde hay una peque\u00f1a zona comercial con el supermercado Super U, al que nosotros hemos ido un mont\u00f3n de veces, aunque nunca hab\u00edamos hecho ninguna excursi\u00f3n por esta zona, y de hecho tampoco nos hab\u00edamos preocupado nunca de saber el nombre de este [&hellip;]","og_url":"https:\/\/www.carlosyconchita.net\/rutas\/23-08-2020-egat-refugio-llobins-cruz-de-egat\/","og_site_name":"Las rutas de Carlos y Conchita","article_published_time":"2020-08-23T17:03:54+00:00","article_modified_time":"2020-10-02T17:36:54+00:00","og_image":[{"width":1024,"height":576,"url":"https:\/\/www.carlosyconchita.net\/rutas\/wp-content\/uploads\/2020\/10\/Egat-Llobins-00029.jpg","type":"image\/jpeg"}],"author":"Carlos Conchita","twitter_misc":{"Escrito por":"Carlos Conchita","Tiempo de lectura":"2 minutos"},"schema":{"@context":"https:\/\/schema.org","@graph":[{"@type":"Article","@id":"https:\/\/www.carlosyconchita.net\/rutas\/23-08-2020-egat-refugio-llobins-cruz-de-egat\/#article","isPartOf":{"@id":"https:\/\/www.carlosyconchita.net\/rutas\/23-08-2020-egat-refugio-llobins-cruz-de-egat\/"},"author":{"name":"Carlos Conchita","@id":"https:\/\/www.carlosyconchita.net\/rutas\/#\/schema\/person\/a9691f7258c28443fab2d3aa1479ea19"},"headline":"23-08-2020-Egat-Refugio Llobins-Cruz de Egat","datePublished":"2020-08-23T17:03:54+00:00","dateModified":"2020-10-02T17:36:54+00:00","mainEntityOfPage":{"@id":"https:\/\/www.carlosyconchita.net\/rutas\/23-08-2020-egat-refugio-llobins-cruz-de-egat\/"},"wordCount":374,"image":{"@id":"https:\/\/www.carlosyconchita.net\/rutas\/23-08-2020-egat-refugio-llobins-cruz-de-egat\/#primaryimage"},"thumbnailUrl":"https:\/\/www.carlosyconchita.net\/rutas\/wp-content\/uploads\/2020\/10\/Egat-Llobins-00029.jpg","articleSection":["1-F\u00e1cil","3 - De 10 a 15 km.","Font Romeu"],"inLanguage":"es"},{"@type":"WebPage","@id":"https:\/\/www.carlosyconchita.net\/rutas\/23-08-2020-egat-refugio-llobins-cruz-de-egat\/","url":"https:\/\/www.carlosyconchita.net\/rutas\/23-08-2020-egat-refugio-llobins-cruz-de-egat\/","name":"23-08-2020-Egat-Refugio Llobins-Cruz de Egat -","isPartOf":{"@id":"https:\/\/www.carlosyconchita.net\/rutas\/#website"},"primaryImageOfPage":{"@id":"https:\/\/www.carlosyconchita.net\/rutas\/23-08-2020-egat-refugio-llobins-cruz-de-egat\/#primaryimage"},"image":{"@id":"https:\/\/www.carlosyconchita.net\/rutas\/23-08-2020-egat-refugio-llobins-cruz-de-egat\/#primaryimage"},"thumbnailUrl":"https:\/\/www.carlosyconchita.net\/rutas\/wp-content\/uploads\/2020\/10\/Egat-Llobins-00029.jpg","datePublished":"2020-08-23T17:03:54+00:00","dateModified":"2020-10-02T17:36:54+00:00","author":{"@id":"https:\/\/www.carlosyconchita.net\/rutas\/#\/schema\/person\/a9691f7258c28443fab2d3aa1479ea19"},"breadcrumb":{"@id":"https:\/\/www.carlosyconchita.net\/rutas\/23-08-2020-egat-refugio-llobins-cruz-de-egat\/#breadcrumb"},"inLanguage":"es","potentialAction":[{"@type":"ReadAction","target":["https:\/\/www.carlosyconchita.net\/rutas\/23-08-2020-egat-refugio-llobins-cruz-de-egat\/"]}]},{"@type":"ImageObject","inLanguage":"es","@id":"https:\/\/www.carlosyconchita.net\/rutas\/23-08-2020-egat-refugio-llobins-cruz-de-egat\/#primaryimage","url":"https:\/\/www.carlosyconchita.net\/rutas\/wp-content\/uploads\/2020\/10\/Egat-Llobins-00029.jpg","contentUrl":"https:\/\/www.carlosyconchita.net\/rutas\/wp-content\/uploads\/2020\/10\/Egat-Llobins-00029.jpg","width":1024,"height":576},{"@type":"BreadcrumbList","@id":"https:\/\/www.carlosyconchita.net\/rutas\/23-08-2020-egat-refugio-llobins-cruz-de-egat\/#breadcrumb","itemListElement":[{"@type":"ListItem","position":1,"name":"Portada","item":"https:\/\/www.carlosyconchita.net\/rutas\/"},{"@type":"ListItem","position":2,"name":"23-08-2020-Egat-Refugio Llobins-Cruz de Egat"}]},{"@type":"WebSite","@id":"https:\/\/www.carlosyconchita.net\/rutas\/#website","url":"https:\/\/www.carlosyconchita.net\/rutas\/","name":"Las rutas de Carlos y Conchita","description":"","potentialAction":[{"@type":"SearchAction","target":{"@type":"EntryPoint","urlTemplate":"https:\/\/www.carlosyconchita.net\/rutas\/?s={search_term_string}"},"query-input":{"@type":"PropertyValueSpecification","valueRequired":true,"valueName":"search_term_string"}}],"inLanguage":"es"},{"@type":"Person","@id":"https:\/\/www.carlosyconchita.net\/rutas\/#\/schema\/person\/a9691f7258c28443fab2d3aa1479ea19","name":"Carlos Conchita","image":{"@type":"ImageObject","inLanguage":"es","@id":"https:\/\/secure.gravatar.com\/avatar\/3a4625b20c8da3de99da69bfe7a322774e291c3f90dce7e8778a30fe6748ed1a?s=96&d=mm&r=g","url":"https:\/\/secure.gravatar.com\/avatar\/3a4625b20c8da3de99da69bfe7a322774e291c3f90dce7e8778a30fe6748ed1a?s=96&d=mm&r=g","contentUrl":"https:\/\/secure.gravatar.com\/avatar\/3a4625b20c8da3de99da69bfe7a322774e291c3f90dce7e8778a30fe6748ed1a?s=96&d=mm&r=g","caption":"Carlos Conchita"}}]}},"_links":{"self":[{"href":"https:\/\/www.carlosyconchita.net\/rutas\/wp-json\/wp\/v2\/posts\/14876","targetHints":{"allow":["GET"]}}],"collection":[{"href":"https:\/\/www.carlosyconchita.net\/rutas\/wp-json\/wp\/v2\/posts"}],"about":[{"href":"https:\/\/www.carlosyconchita.net\/rutas\/wp-json\/wp\/v2\/types\/post"}],"author":[{"embeddable":true,"href":"https:\/\/www.carlosyconchita.net\/rutas\/wp-json\/wp\/v2\/users\/50"}],"replies":[{"embeddable":true,"href":"https:\/\/www.carlosyconchita.net\/rutas\/wp-json\/wp\/v2\/comments?post=14876"}],"version-history":[{"count":0,"href":"https:\/\/www.carlosyconchita.net\/rutas\/wp-json\/wp\/v2\/posts\/14876\/revisions"}],"wp:featuredmedia":[{"embeddable":true,"href":"https:\/\/www.carlosyconchita.net\/rutas\/wp-json\/wp\/v2\/media\/14877"}],"wp:attachment":[{"href":"https:\/\/www.carlosyconchita.net\/rutas\/wp-json\/wp\/v2\/media?parent=14876"}],"wp:term":[{"taxonomy":"category","embeddable":true,"href":"https:\/\/www.carlosyconchita.net\/rutas\/wp-json\/wp\/v2\/categories?post=14876"},{"taxonomy":"post_tag","embeddable":true,"href":"https:\/\/www.carlosyconchita.net\/rutas\/wp-json\/wp\/v2\/tags?post=14876"}],"curies":[{"name":"wp","href":"https:\/\/api.w.org\/{rel}","templated":true}]}}