{"id":14950,"date":"2020-09-05T18:05:20","date_gmt":"2020-09-05T17:05:20","guid":{"rendered":"https:\/\/www.carlosyconchita.net\/rutas\/?p=14950"},"modified":"2022-03-13T16:41:47","modified_gmt":"2022-03-13T15:41:47","slug":"05-09-2020-bornas-262-a-266-y-270","status":"publish","type":"post","link":"https:\/\/www.carlosyconchita.net\/rutas\/05-09-2020-bornas-262-a-266-y-270\/","title":{"rendered":"05-09-2020-Bornas 262 a 266  y 270"},"content":{"rendered":"<p style=\"text-align: justify;\">Hoy hemos hecho una larga y pesada caminata para intentar llegar hasta la borna o moj\u00f3n fronterizo 271, y decimos intentar porque no lo hemos conseguido.<br \/>\nHemos empezado a caminar en el Coll de Ernaz o de la Pierre Saint Mart\u00edn, justo en la l\u00ednea de la frontera, en donde est\u00e1 la borna 262 y una zona de parking donde podemos dejar el coche.<\/p>\n<p style=\"text-align: justify;\">La idea era ir directamente a la borna 271, que es la que est\u00e1 m\u00e1s lejos, para asegurarnos llegar a ella,\u00a0 y a la vuelta ir localizando las restantes desde la 271 a la 263, ya que de esta forma, si nos quedaba alguna, ser\u00eda de las m\u00e1s cercanas al punto de inicio para hacerlas otro d\u00eda, si la cosa se complicaba.<\/p>\n<p style=\"text-align: justify;\">Hay que tener en cuenta que esta zona es muy complicada y dif\u00edcil, por el terreno rocoso\u00a0 (c\u00e1rstico), con numerosas rocas\u00a0 y sobre todo zanjas y simas entre ellas, y en muchos tramos sin camino concreto, especialmente para nosotros que deb\u00edamos localizar las bornas.<\/p>\n<p style=\"text-align: justify;\">Un primer tramo es f\u00e1cil y con vegetaci\u00f3n, como puede verse en las fotos, pero despu\u00e9s, ya de camino al Pico de Anie, aparecen las rocas y la cosa suele complicarse la mayor\u00eda de las veces , por culpa de la niebla, como nos pas\u00f3 a nosotros a la vuelta, que en alg\u00fan tramo tuvimos que ir mirando el GPS para saber por donde ten\u00edamos que volver y de hecho, la gente que conoce la zona no recomienda empezar a caminar por all\u00ed a menos que el tiempo sea muy bueno, ya que es muy f\u00e1cil perderse o tener un accidente por la zona rocosa.<\/p>\n<p style=\"text-align: justify;\">A pesar de empezar a caminar bastante pronto y de hacer un tiempo magn\u00edfico por la ma\u00f1ana, tardamos m\u00e1s de lo previsto en avanzar,\u00a0 y\u00a0 bastante despu\u00e9s de dejar el desv\u00edo que llevaba al Pico de Anie, vimos que tardar\u00edamos demasiado en subir lo que nos quedaba hasta la borna 271 , y decidimos volver atr\u00e1s, localizar la 270 y de vuelta las restantes hasta la 263.<\/p>\n<p style=\"text-align: justify;\">Pero ni siquiera eso pudimos hacer, ya que nos cost\u00f3 bastante llegar hasta la 270, a pesar de que Eef ya hab\u00eda estado hace 9-10 a\u00f1os , porque hab\u00eda un mont\u00f3n de \u00abzanjas\u00bb entre las rocas que no nos dejaban pasar y ten\u00edamos que ir buscando el paso para ir subiendo, ya que es totalmente imposible ir en linea recta, y claro est\u00e1, no hay ning\u00fan camino.<\/p>\n<p style=\"text-align: justify;\">Finalmente pudimos llegar a ella, y empezamos el camino de vuelta lo m\u00e1s r\u00e1pido posible, porque a lo lejos ya vimos niebla, que como era de temer nos alcanz\u00f3.<\/p>\n<p style=\"text-align: justify;\">Por ello tuvimos que dejar las bornas 269, 268 y 267 para otro d\u00eda, ya que hab\u00eda que desviarse del camino y subir unos peque\u00f1os mont\u00edculos, y a pesar de la niebla, y mirando el GPS, localizamos las 265, 264 y 263 que eran mucho m\u00e1s f\u00e1ciles, llegando despu\u00e9s al coche, al lado de la 262 que ya hemos visto varias veces.<\/p>\n<p>Para mayor informaci\u00f3n, hemos marcado en el mapa en color rojo, las bornas 271, 269, 268 y 267 que no pudimos hacer, as\u00ed como el Pico de Anie, por su importancia y para situarlo en relaci\u00f3n a nuestra ruta.<\/p>\n<p>Enlace a esta ruta en la web de Eef\u00a0 :\u00a0\u00a0\u00a0\u00a0 <a href=\"http:\/\/www.grpdesbf.nl\/esfr-html-trips-20200905.html\" target=\"_blank\" rel=\"noopener\"><strong><span style=\"color: #0000ff;\">Pulsar aqu\u00ed<\/span><\/strong><\/a><\/p>\n<p>&nbsp;<\/p>\n<hr \/>\n<h3 style=\"text-align: justify;\"><strong>Album de fotos<\/strong><\/h3>\n<h3><a href=\"https:\/\/photos.app.goo.gl\/MyP1WdPbbyKzD3eL7\" target=\"_blank\" rel=\"noopener noreferrer\"><img loading=\"lazy\" decoding=\"async\" class=\"aligncenter wp-image-14951 size-column4-2\/3\" src=\"https:\/\/www.carlosyconchita.net\/rutas\/wp-content\/uploads\/2020\/10\/Bornas-262-270-00073-285x190.jpg\" alt=\"\" width=\"285\" height=\"190\" srcset=\"https:\/\/www.carlosyconchita.net\/rutas\/wp-content\/uploads\/2020\/10\/Bornas-262-270-00073-285x190.jpg 285w, https:\/\/www.carlosyconchita.net\/rutas\/wp-content\/uploads\/2020\/10\/Bornas-262-270-00073-272x182.jpg 272w, https:\/\/www.carlosyconchita.net\/rutas\/wp-content\/uploads\/2020\/10\/Bornas-262-270-00073-570x380.jpg 570w, https:\/\/www.carlosyconchita.net\/rutas\/wp-content\/uploads\/2020\/10\/Bornas-262-270-00073-380x254.jpg 380w\" sizes=\"auto, (max-width: 285px) 100vw, 285px\" \/><\/a><\/h3>\n<hr \/>\n<p><strong>Dificultad<\/strong> :\u00a0\u00a0\u00a0 Dificil<\/p>\n<p><strong>Distancia total<\/strong> :\u00a0\u00a0 12.950\u00a0<span class=\"totlen\"><span class=\"summaryvalue\"> m<\/span><\/span><\/p>\n<p><strong>Alturas m\u00ednima \/ m\u00e1xima<\/strong> :\u00a0\u00a0\u00a0\u00a0 1.758 m.\u00a0 \/\u00a0\u00a0 2.293<span class=\"maxele\"><span class=\"summaryvalue\"> m<\/span><\/span><\/p>\n<p><strong>Desnivel acumulado (s\/Wikiloc)<\/strong>\u00a0 :\u00a0\u00a0\u00a0 613\u00a0 m.\u00a0<\/p>\n<p><strong>Tiempo total \/ en movimiento<\/strong> :\u00a0\u00a0\u00a0\u00a0\u00a0\u00a0 9 h. 16 m.\u00a0 \/\u00a0 4 h. 55\u00a0 m.<\/p>\n<p><strong>Velocidad media total \/ velocidad media movimiento<\/strong> :\u00a0\u00a0\u00a0 1\u201940 km\/h\u00a0 \u2013\u00a0 2\u201963 km.\/h<\/p>\n<p>&nbsp;<\/p>\n<hr \/>\n<h3><strong>Mapa y track de la ruta<\/strong><\/h3>\n<p>&nbsp;<\/p>\n<p><a href=\"http:\/\/www.carlosyconchita.net\/rutas\/wp-content\/uploads\/gpx\/Bornas-262-266+270-a.html\" target=\"_blank\" rel=\"noopener noreferrer\"><img loading=\"lazy\" decoding=\"async\" class=\"size-full wp-image-14621 aligncenter\" src=\"https:\/\/www.carlosyconchita.net\/rutas\/wp-content\/uploads\/2020\/06\/mapa.jpg\" alt=\"\" width=\"181\" height=\"122\" \/><\/a><\/p>\n<hr \/>\n<h3><strong>Wikiloc<\/strong><\/h3>\n<p><a href=\"https:\/\/es.wikiloc.com\/rutas-senderismo\/frontera-bornas-o-mojones-fronterizos-262-a-266-y-270-59517201\" target=\"_blank\" rel=\"noopener noreferrer\"><img loading=\"lazy\" decoding=\"async\" class=\"size-full wp-image-958 aligncenter\" src=\"https:\/\/www.carlosyconchita.net\/rutas\/wp-content\/uploads\/2020\/09\/wikiloc.jpg\" alt=\"\" width=\"117\" height=\"34\" \/><\/a><\/p>\n<p>&nbsp;<\/p>\n<p>&nbsp;<\/p>\n<hr \/>\n<p>&nbsp;<\/p>\n<p>&nbsp;<\/p>\n<p style=\"text-align: justify;\"><span style=\"color: #ff0000; background-color: #ffffff; font-size: 14pt;\"><strong>Si te ha gustado, comp\u00e1rtelo en tu red favorita o env\u00edanos tu comentario.<br \/>\n<\/strong><\/span><\/p>\n<p style=\"text-align: justify;\"><span style=\"font-size: 14pt;\"><strong><span style=\"color: #ff0000;\">Muchas gracias !<\/span><\/strong><\/span><\/p>\n<hr \/>\n<p style=\"text-align: justify;\"><strong><span style=\"color: #008000;\">Suscribete si quieres recibir un mail cuando publiquemos nuevas rutas : no enviamos publicidad y como m\u00e1ximo enviamos 2 mails al mes<\/span><\/strong><\/p>\n<p style=\"text-align: center;\"><a href=\"https:\/\/mailchi.mp\/6989c83a3e24\/wmv06rtqcz\/\" target=\"_blank\" rel=\"noopener noreferrer\"><strong><span style=\"color: #0000ff;\">Pulsa aqu\u00ed para suscribirte<\/span><\/strong><\/a><\/p>\n<hr \/>\n<p style=\"text-align: justify;\">\u00a0<\/p>\n<h3 style=\"text-align: justify;\">Puedes imprimir esta publicaci\u00f3n o guardarla en diferentes formatos :<\/h3>\n<p style=\"text-align: justify;\"><span style=\"color: #ff0000; font-size: 14pt;\">Para facilitar la impresi\u00f3n, se ha reducido considerablemente el tama\u00f1o de las fotos, pero si deseas imprimir sin fotos, aconsejamos guardarlo como \u201cdoc\u201d, y antes de imprimirlo, eliminar las fotos<\/span><\/p>\n<p>&nbsp;<\/p>\n<hr \/>\n","protected":false},"excerpt":{"rendered":"<p>Dif\u00edcil excursi\u00f3n para intentar llegar a la 271, cosa que no conseguimos, llegando solo hasta la 270.<br \/>\nY por culpa de la niebla, no pudimos hacer las bornas 257, 258 y 259<\/p>\n","protected":false},"author":50,"featured_media":14951,"comment_status":"closed","ping_status":"open","sticky":false,"template":"","format":"standard","meta":{"footnotes":""},"categories":[23,12,74,91],"tags":[117,114,113,115,116],"class_list":{"0":"post-14950","1":"post","2":"type-post","3":"status-publish","4":"format-standard","5":"has-post-thumbnail","6":"hentry","7":"category-de-10-a-15-km","8":"category-dificil","9":"category-0-mojones-bornas-frontera","10":"category-navarra","11":"tag-258-y-259","12":"tag-cosa-que-no-conseguimos","13":"tag-dificil-excursion-para-intentar-llegar-a-la-271","14":"tag-llegando-solo-hasta-la-270-y-por-culpa-de-la-niebla","15":"tag-no-pudimos-hacer-las-bornas-257","17":"post-with-thumbnail","18":"post-with-thumbnail-icon"},"yoast_head":"<!-- This site is optimized with the Yoast SEO plugin v27.4 - https:\/\/yoast.com\/product\/yoast-seo-wordpress\/ -->\n<title>05-09-2020-Bornas 262 a 266 y 270 -<\/title>\n<meta name=\"robots\" content=\"index, follow, max-snippet:-1, max-image-preview:large, max-video-preview:-1\" \/>\n<link rel=\"canonical\" href=\"https:\/\/www.carlosyconchita.net\/rutas\/05-09-2020-bornas-262-a-266-y-270\/\" \/>\n<meta property=\"og:locale\" content=\"es_ES\" \/>\n<meta property=\"og:type\" content=\"article\" \/>\n<meta property=\"og:title\" content=\"05-09-2020-Bornas 262 a 266 y 270 -\" \/>\n<meta property=\"og:description\" content=\"Dif\u00edcil excursi\u00f3n para intentar llegar a la 271, cosa que no conseguimos, llegando solo hasta la 270. Y por culpa de la niebla, no pudimos hacer las bornas 257, 258 y 259\" \/>\n<meta property=\"og:url\" content=\"https:\/\/www.carlosyconchita.net\/rutas\/05-09-2020-bornas-262-a-266-y-270\/\" \/>\n<meta property=\"og:site_name\" content=\"Las rutas de Carlos y Conchita\" \/>\n<meta property=\"article:published_time\" content=\"2020-09-05T17:05:20+00:00\" \/>\n<meta property=\"article:modified_time\" content=\"2022-03-13T15:41:47+00:00\" \/>\n<meta property=\"og:image\" content=\"https:\/\/www.carlosyconchita.net\/rutas\/wp-content\/uploads\/2020\/10\/Bornas-262-270-00073.jpg\" \/>\n\t<meta property=\"og:image:width\" content=\"1024\" \/>\n\t<meta property=\"og:image:height\" content=\"760\" \/>\n\t<meta property=\"og:image:type\" content=\"image\/jpeg\" \/>\n<meta name=\"author\" content=\"Carlos Conchita\" \/>\n<meta name=\"twitter:label1\" content=\"Escrito por\" \/>\n\t<meta name=\"twitter:data1\" content=\"Carlos Conchita\" \/>\n\t<meta name=\"twitter:label2\" content=\"Tiempo de lectura\" \/>\n\t<meta name=\"twitter:data2\" content=\"4 minutos\" \/>\n<script type=\"application\/ld+json\" class=\"yoast-schema-graph\">{\"@context\":\"https:\\\/\\\/schema.org\",\"@graph\":[{\"@type\":\"Article\",\"@id\":\"https:\\\/\\\/www.carlosyconchita.net\\\/rutas\\\/05-09-2020-bornas-262-a-266-y-270\\\/#article\",\"isPartOf\":{\"@id\":\"https:\\\/\\\/www.carlosyconchita.net\\\/rutas\\\/05-09-2020-bornas-262-a-266-y-270\\\/\"},\"author\":{\"name\":\"Carlos Conchita\",\"@id\":\"https:\\\/\\\/www.carlosyconchita.net\\\/rutas\\\/#\\\/schema\\\/person\\\/a9691f7258c28443fab2d3aa1479ea19\"},\"headline\":\"05-09-2020-Bornas 262 a 266 y 270\",\"datePublished\":\"2020-09-05T17:05:20+00:00\",\"dateModified\":\"2022-03-13T15:41:47+00:00\",\"mainEntityOfPage\":{\"@id\":\"https:\\\/\\\/www.carlosyconchita.net\\\/rutas\\\/05-09-2020-bornas-262-a-266-y-270\\\/\"},\"wordCount\":710,\"image\":{\"@id\":\"https:\\\/\\\/www.carlosyconchita.net\\\/rutas\\\/05-09-2020-bornas-262-a-266-y-270\\\/#primaryimage\"},\"thumbnailUrl\":\"https:\\\/\\\/www.carlosyconchita.net\\\/rutas\\\/wp-content\\\/uploads\\\/2020\\\/10\\\/Bornas-262-270-00073.jpg\",\"keywords\":[\"258 y 259.\",\"cosa que no conseguimos\",\"Dif\u00edcil excursi\u00f3n para intentar llegar a la 271\",\"llegando solo hasta la 270. Y por culpa de la niebla\",\"no pudimos hacer las bornas 257\"],\"articleSection\":[\"3 - De 10 a 15 km.\",\"3-Dif\u00edcil\",\"Mojones \\\/ Bornas frontera ES-FR\",\"Navarra\"],\"inLanguage\":\"es\"},{\"@type\":\"WebPage\",\"@id\":\"https:\\\/\\\/www.carlosyconchita.net\\\/rutas\\\/05-09-2020-bornas-262-a-266-y-270\\\/\",\"url\":\"https:\\\/\\\/www.carlosyconchita.net\\\/rutas\\\/05-09-2020-bornas-262-a-266-y-270\\\/\",\"name\":\"05-09-2020-Bornas 262 a 266 y 270 -\",\"isPartOf\":{\"@id\":\"https:\\\/\\\/www.carlosyconchita.net\\\/rutas\\\/#website\"},\"primaryImageOfPage\":{\"@id\":\"https:\\\/\\\/www.carlosyconchita.net\\\/rutas\\\/05-09-2020-bornas-262-a-266-y-270\\\/#primaryimage\"},\"image\":{\"@id\":\"https:\\\/\\\/www.carlosyconchita.net\\\/rutas\\\/05-09-2020-bornas-262-a-266-y-270\\\/#primaryimage\"},\"thumbnailUrl\":\"https:\\\/\\\/www.carlosyconchita.net\\\/rutas\\\/wp-content\\\/uploads\\\/2020\\\/10\\\/Bornas-262-270-00073.jpg\",\"datePublished\":\"2020-09-05T17:05:20+00:00\",\"dateModified\":\"2022-03-13T15:41:47+00:00\",\"author\":{\"@id\":\"https:\\\/\\\/www.carlosyconchita.net\\\/rutas\\\/#\\\/schema\\\/person\\\/a9691f7258c28443fab2d3aa1479ea19\"},\"breadcrumb\":{\"@id\":\"https:\\\/\\\/www.carlosyconchita.net\\\/rutas\\\/05-09-2020-bornas-262-a-266-y-270\\\/#breadcrumb\"},\"inLanguage\":\"es\",\"potentialAction\":[{\"@type\":\"ReadAction\",\"target\":[\"https:\\\/\\\/www.carlosyconchita.net\\\/rutas\\\/05-09-2020-bornas-262-a-266-y-270\\\/\"]}]},{\"@type\":\"ImageObject\",\"inLanguage\":\"es\",\"@id\":\"https:\\\/\\\/www.carlosyconchita.net\\\/rutas\\\/05-09-2020-bornas-262-a-266-y-270\\\/#primaryimage\",\"url\":\"https:\\\/\\\/www.carlosyconchita.net\\\/rutas\\\/wp-content\\\/uploads\\\/2020\\\/10\\\/Bornas-262-270-00073.jpg\",\"contentUrl\":\"https:\\\/\\\/www.carlosyconchita.net\\\/rutas\\\/wp-content\\\/uploads\\\/2020\\\/10\\\/Bornas-262-270-00073.jpg\",\"width\":1024,\"height\":760},{\"@type\":\"BreadcrumbList\",\"@id\":\"https:\\\/\\\/www.carlosyconchita.net\\\/rutas\\\/05-09-2020-bornas-262-a-266-y-270\\\/#breadcrumb\",\"itemListElement\":[{\"@type\":\"ListItem\",\"position\":1,\"name\":\"Portada\",\"item\":\"https:\\\/\\\/www.carlosyconchita.net\\\/rutas\\\/\"},{\"@type\":\"ListItem\",\"position\":2,\"name\":\"05-09-2020-Bornas 262 a 266 y 270\"}]},{\"@type\":\"WebSite\",\"@id\":\"https:\\\/\\\/www.carlosyconchita.net\\\/rutas\\\/#website\",\"url\":\"https:\\\/\\\/www.carlosyconchita.net\\\/rutas\\\/\",\"name\":\"Las rutas de Carlos y Conchita\",\"description\":\"\",\"potentialAction\":[{\"@type\":\"SearchAction\",\"target\":{\"@type\":\"EntryPoint\",\"urlTemplate\":\"https:\\\/\\\/www.carlosyconchita.net\\\/rutas\\\/?s={search_term_string}\"},\"query-input\":{\"@type\":\"PropertyValueSpecification\",\"valueRequired\":true,\"valueName\":\"search_term_string\"}}],\"inLanguage\":\"es\"},{\"@type\":\"Person\",\"@id\":\"https:\\\/\\\/www.carlosyconchita.net\\\/rutas\\\/#\\\/schema\\\/person\\\/a9691f7258c28443fab2d3aa1479ea19\",\"name\":\"Carlos Conchita\",\"image\":{\"@type\":\"ImageObject\",\"inLanguage\":\"es\",\"@id\":\"https:\\\/\\\/secure.gravatar.com\\\/avatar\\\/3a4625b20c8da3de99da69bfe7a322774e291c3f90dce7e8778a30fe6748ed1a?s=96&d=mm&r=g\",\"url\":\"https:\\\/\\\/secure.gravatar.com\\\/avatar\\\/3a4625b20c8da3de99da69bfe7a322774e291c3f90dce7e8778a30fe6748ed1a?s=96&d=mm&r=g\",\"contentUrl\":\"https:\\\/\\\/secure.gravatar.com\\\/avatar\\\/3a4625b20c8da3de99da69bfe7a322774e291c3f90dce7e8778a30fe6748ed1a?s=96&d=mm&r=g\",\"caption\":\"Carlos Conchita\"}}]}<\/script>\n<!-- \/ Yoast SEO plugin. -->","yoast_head_json":{"title":"05-09-2020-Bornas 262 a 266 y 270 -","robots":{"index":"index","follow":"follow","max-snippet":"max-snippet:-1","max-image-preview":"max-image-preview:large","max-video-preview":"max-video-preview:-1"},"canonical":"https:\/\/www.carlosyconchita.net\/rutas\/05-09-2020-bornas-262-a-266-y-270\/","og_locale":"es_ES","og_type":"article","og_title":"05-09-2020-Bornas 262 a 266 y 270 -","og_description":"Dif\u00edcil excursi\u00f3n para intentar llegar a la 271, cosa que no conseguimos, llegando solo hasta la 270. Y por culpa de la niebla, no pudimos hacer las bornas 257, 258 y 259","og_url":"https:\/\/www.carlosyconchita.net\/rutas\/05-09-2020-bornas-262-a-266-y-270\/","og_site_name":"Las rutas de Carlos y Conchita","article_published_time":"2020-09-05T17:05:20+00:00","article_modified_time":"2022-03-13T15:41:47+00:00","og_image":[{"width":1024,"height":760,"url":"https:\/\/www.carlosyconchita.net\/rutas\/wp-content\/uploads\/2020\/10\/Bornas-262-270-00073.jpg","type":"image\/jpeg"}],"author":"Carlos Conchita","twitter_misc":{"Escrito por":"Carlos Conchita","Tiempo de lectura":"4 minutos"},"schema":{"@context":"https:\/\/schema.org","@graph":[{"@type":"Article","@id":"https:\/\/www.carlosyconchita.net\/rutas\/05-09-2020-bornas-262-a-266-y-270\/#article","isPartOf":{"@id":"https:\/\/www.carlosyconchita.net\/rutas\/05-09-2020-bornas-262-a-266-y-270\/"},"author":{"name":"Carlos Conchita","@id":"https:\/\/www.carlosyconchita.net\/rutas\/#\/schema\/person\/a9691f7258c28443fab2d3aa1479ea19"},"headline":"05-09-2020-Bornas 262 a 266 y 270","datePublished":"2020-09-05T17:05:20+00:00","dateModified":"2022-03-13T15:41:47+00:00","mainEntityOfPage":{"@id":"https:\/\/www.carlosyconchita.net\/rutas\/05-09-2020-bornas-262-a-266-y-270\/"},"wordCount":710,"image":{"@id":"https:\/\/www.carlosyconchita.net\/rutas\/05-09-2020-bornas-262-a-266-y-270\/#primaryimage"},"thumbnailUrl":"https:\/\/www.carlosyconchita.net\/rutas\/wp-content\/uploads\/2020\/10\/Bornas-262-270-00073.jpg","keywords":["258 y 259.","cosa que no conseguimos","Dif\u00edcil excursi\u00f3n para intentar llegar a la 271","llegando solo hasta la 270. Y por culpa de la niebla","no pudimos hacer las bornas 257"],"articleSection":["3 - De 10 a 15 km.","3-Dif\u00edcil","Mojones \/ Bornas frontera ES-FR","Navarra"],"inLanguage":"es"},{"@type":"WebPage","@id":"https:\/\/www.carlosyconchita.net\/rutas\/05-09-2020-bornas-262-a-266-y-270\/","url":"https:\/\/www.carlosyconchita.net\/rutas\/05-09-2020-bornas-262-a-266-y-270\/","name":"05-09-2020-Bornas 262 a 266 y 270 -","isPartOf":{"@id":"https:\/\/www.carlosyconchita.net\/rutas\/#website"},"primaryImageOfPage":{"@id":"https:\/\/www.carlosyconchita.net\/rutas\/05-09-2020-bornas-262-a-266-y-270\/#primaryimage"},"image":{"@id":"https:\/\/www.carlosyconchita.net\/rutas\/05-09-2020-bornas-262-a-266-y-270\/#primaryimage"},"thumbnailUrl":"https:\/\/www.carlosyconchita.net\/rutas\/wp-content\/uploads\/2020\/10\/Bornas-262-270-00073.jpg","datePublished":"2020-09-05T17:05:20+00:00","dateModified":"2022-03-13T15:41:47+00:00","author":{"@id":"https:\/\/www.carlosyconchita.net\/rutas\/#\/schema\/person\/a9691f7258c28443fab2d3aa1479ea19"},"breadcrumb":{"@id":"https:\/\/www.carlosyconchita.net\/rutas\/05-09-2020-bornas-262-a-266-y-270\/#breadcrumb"},"inLanguage":"es","potentialAction":[{"@type":"ReadAction","target":["https:\/\/www.carlosyconchita.net\/rutas\/05-09-2020-bornas-262-a-266-y-270\/"]}]},{"@type":"ImageObject","inLanguage":"es","@id":"https:\/\/www.carlosyconchita.net\/rutas\/05-09-2020-bornas-262-a-266-y-270\/#primaryimage","url":"https:\/\/www.carlosyconchita.net\/rutas\/wp-content\/uploads\/2020\/10\/Bornas-262-270-00073.jpg","contentUrl":"https:\/\/www.carlosyconchita.net\/rutas\/wp-content\/uploads\/2020\/10\/Bornas-262-270-00073.jpg","width":1024,"height":760},{"@type":"BreadcrumbList","@id":"https:\/\/www.carlosyconchita.net\/rutas\/05-09-2020-bornas-262-a-266-y-270\/#breadcrumb","itemListElement":[{"@type":"ListItem","position":1,"name":"Portada","item":"https:\/\/www.carlosyconchita.net\/rutas\/"},{"@type":"ListItem","position":2,"name":"05-09-2020-Bornas 262 a 266 y 270"}]},{"@type":"WebSite","@id":"https:\/\/www.carlosyconchita.net\/rutas\/#website","url":"https:\/\/www.carlosyconchita.net\/rutas\/","name":"Las rutas de Carlos y Conchita","description":"","potentialAction":[{"@type":"SearchAction","target":{"@type":"EntryPoint","urlTemplate":"https:\/\/www.carlosyconchita.net\/rutas\/?s={search_term_string}"},"query-input":{"@type":"PropertyValueSpecification","valueRequired":true,"valueName":"search_term_string"}}],"inLanguage":"es"},{"@type":"Person","@id":"https:\/\/www.carlosyconchita.net\/rutas\/#\/schema\/person\/a9691f7258c28443fab2d3aa1479ea19","name":"Carlos Conchita","image":{"@type":"ImageObject","inLanguage":"es","@id":"https:\/\/secure.gravatar.com\/avatar\/3a4625b20c8da3de99da69bfe7a322774e291c3f90dce7e8778a30fe6748ed1a?s=96&d=mm&r=g","url":"https:\/\/secure.gravatar.com\/avatar\/3a4625b20c8da3de99da69bfe7a322774e291c3f90dce7e8778a30fe6748ed1a?s=96&d=mm&r=g","contentUrl":"https:\/\/secure.gravatar.com\/avatar\/3a4625b20c8da3de99da69bfe7a322774e291c3f90dce7e8778a30fe6748ed1a?s=96&d=mm&r=g","caption":"Carlos Conchita"}}]}},"_links":{"self":[{"href":"https:\/\/www.carlosyconchita.net\/rutas\/wp-json\/wp\/v2\/posts\/14950","targetHints":{"allow":["GET"]}}],"collection":[{"href":"https:\/\/www.carlosyconchita.net\/rutas\/wp-json\/wp\/v2\/posts"}],"about":[{"href":"https:\/\/www.carlosyconchita.net\/rutas\/wp-json\/wp\/v2\/types\/post"}],"author":[{"embeddable":true,"href":"https:\/\/www.carlosyconchita.net\/rutas\/wp-json\/wp\/v2\/users\/50"}],"replies":[{"embeddable":true,"href":"https:\/\/www.carlosyconchita.net\/rutas\/wp-json\/wp\/v2\/comments?post=14950"}],"version-history":[{"count":0,"href":"https:\/\/www.carlosyconchita.net\/rutas\/wp-json\/wp\/v2\/posts\/14950\/revisions"}],"wp:featuredmedia":[{"embeddable":true,"href":"https:\/\/www.carlosyconchita.net\/rutas\/wp-json\/wp\/v2\/media\/14951"}],"wp:attachment":[{"href":"https:\/\/www.carlosyconchita.net\/rutas\/wp-json\/wp\/v2\/media?parent=14950"}],"wp:term":[{"taxonomy":"category","embeddable":true,"href":"https:\/\/www.carlosyconchita.net\/rutas\/wp-json\/wp\/v2\/categories?post=14950"},{"taxonomy":"post_tag","embeddable":true,"href":"https:\/\/www.carlosyconchita.net\/rutas\/wp-json\/wp\/v2\/tags?post=14950"}],"curies":[{"name":"wp","href":"https:\/\/api.w.org\/{rel}","templated":true}]}}