{"id":14958,"date":"2020-09-06T17:00:01","date_gmt":"2020-09-06T16:00:01","guid":{"rendered":"https:\/\/www.carlosyconchita.net\/rutas\/?p=14958"},"modified":"2022-03-13T16:37:47","modified_gmt":"2022-03-13T15:37:47","slug":"bornas-230-a-234-bis","status":"publish","type":"post","link":"https:\/\/www.carlosyconchita.net\/rutas\/bornas-230-a-234-bis\/","title":{"rendered":"06-09-2020-Bornas 230 a 234 bis."},"content":{"rendered":"<p style=\"text-align: justify;\">Hoy hemos hecho 4 peque\u00f1as caminatas para localizar las bornas 230 a 234 bis,\u00a0 en compa\u00f1ia de Eef, que al igual que ayer se ha ofrecido a acompa\u00f1arnos, ya que son un poco complicadas de encontrar, no por el recorrido largo, sino porque est\u00e1n en zonas dif\u00edciles de llegar, como el cauce de algun riachuelo, que por suerte estaban secos, o entre la maleza y sin camino para llegar a ellas, y con unos desniveles bastante pronunciados, que han hecho que todos nos hayamos resbalado bastantes veces y ca\u00eddo tambi\u00e9n algunas.<\/p>\n<p style=\"text-align: justify;\">Las presentamos juntas, ya que con el coche,\u00a0 hemos seguido un camino de tierra que en algunos mapas est\u00e1 marcado como la carretera D-18 (en Francia) , y hemos parado 4 veces para llegar a las citadas bornas.<br \/>\nDada la situaci\u00f3n de las mismas,\u00a0 no era posible el caminar de una de ellas a las otras, o hubiera sido mucho m\u00e1s complicado.<\/p>\n<p style=\"text-align: justify;\">Y as\u00ed de esta forma, en el mapa se puede ver perfectamente la situaci\u00f3n de cada una de ellas a o largo de la l\u00ednea de la frontera.<br \/>\nPara ver con detalle cualquiera de los 4 recorridos, se puede ampliar el mapa.<\/p>\n<p style=\"text-align: justify;\">Nota : en esta zona hay numerosos riachuelos y barrancos, y por lo que parece, los mapas no son muy exactos y no coinciden entre ellos, por lo que hemos tenido problemas para saber los nombres de los riachuelos por donde hemos pasado.<\/p>\n<p style=\"text-align: justify;\">\u00a0<\/p>\n<p style=\"text-align: justify;\">El orden en que las hemos visto ha sido \u00e9ste :<\/p>\n<p style=\"text-align: justify;\"><strong>Bornas 233-234-234 bis<\/strong><br \/>\nLa primera parada con el coche ha sido al lado mismo de la 233, y despu\u00e9s hemos bajado hasta llegar a la 234, situada en una especie de \u00abpen\u00ednsula\u00bb en la uni\u00f3n de un riachuelo que por suerte estaba seco\u00a0 (no hemos podido averiguar el nombre, ya que no consta en ning\u00fan mapa)\u00a0 con el de Ibarrondoko, que s\u00ed llevaba agua.<\/p>\n<p style=\"text-align: justify;\">Para llegar a la 234 bis, hemos tenido que bajar despu\u00e9s por una peque\u00f1a cascada del riachuelo seco y seguir despu\u00e9s por el r\u00edo\u00a0 Ibarrondoko y cruzarlo varias veces , tanto a la ida como a la vuelta, seg\u00fan donde era m\u00e1s facil caminar, pero por suerte llevaba poca agua.<br \/>\nLa 234 bis,\u00a0 est\u00e1 en otra especie de \u00abpen\u00ednsula\u00bb en la confluencia de los r\u00edos Gaztarretako y Ibarrondoko.<\/p>\n<p style=\"text-align: justify;\">El recorrido de este primer tramo ha sido de algo m\u00e1s de 3 kms. , con un desnivel de unos 150 m. y como se v\u00e9 en el mapa, debido a la profundidad del barranco donde estaban, ha habido muchos rebotes de se\u00f1al del GPS.<\/p>\n<p style=\"text-align: justify;\"><strong>Borna 232<br \/>\n<\/strong>Despu\u00e9s con el coche, siguiendo el camino de tierra donde hab\u00edamos aparcado, llegamos al Parking-232 y desde all\u00ed bajamos al rio Idorra , que tambi\u00e9n estaba seco, localizando la borna 232 en la confluencia con otro riachuelo, el Txarra.<br \/>\nEste segundo recorrido ha sido de solo de 1 km (ida y vuelta), pero con un desnivel de unos 140 m.<\/p>\n<p style=\"text-align: justify;\"><strong>Borna 231<\/strong><\/p>\n<p style=\"text-align: justify;\">Cogemos de nuevo el coche, y siguiendo el camino, llegamos al Parking 231, bajando de nuevo de nuevo en direcci\u00f3n al rio Idorra, y un poco antes de llegar a \u00e9l, localizamos la B-230<br \/>\nComo que aqu\u00ed hab\u00eda un ancho camino, bajamos hasta el agua, ya que all\u00ed se junta el Idorra (seco), con el r\u00edo Urbeltza, que llevaba bastante agua.<\/p>\n<p style=\"text-align: justify;\">El recorrido ha sido de s\u00f3lo unos 600 m. pero con unos 90 m. de desnivel.<\/p>\n<p style=\"text-align: justify;\"><strong>Borna 230<\/strong><\/p>\n<p style=\"text-align: justify;\">Este ha sido, a pesar de su corto recorrido, el m\u00e1s complicado debido a la fuerte y resbaladiza pendiente del terreno para llegar desde el camino hasta la borna 230, situada casi en el r\u00edo\u00a0 Urbeltza, que como hemos dicho antes, llevaba bastante agua&#8230;pero por suerte la borna no estaba en el agua , sino un poco antes de llegar\u00a0 a ella.<br \/>\nComo se puede ver en las fotos, ese tramo del r\u00edo no era plano y tranquilo como en la zona de la 231, sino m\u00e1s bien un torrente.<\/p>\n<p>El recorrido ha sido de solo 200 m. y unos 25 m. de desnivel, y aunque no ha sido el de m\u00e1s procentaje de desnivel, s\u00ed que ha sido el m\u00e1s complicado por los resbalones, debido a la existencia de piedras sueltas.<\/p>\n<p>Enlace a esta ruta en la web de Eef\u00a0 :\u00a0\u00a0\u00a0\u00a0 <a href=\"http:\/\/www.grpdesbf.nl\/esfr-html-trips-20200906.html\" target=\"_blank\" rel=\"noopener\"><strong><span style=\"color: #0000ff;\">Pulsar aqu\u00ed<\/span><\/strong><\/a><\/p>\n<hr \/>\n<h3><strong>Album de fotos<\/strong><\/h3>\n<p><a href=\"https:\/\/photos.app.goo.gl\/NcRUDZnbx3VHMWdTA\" target=\"_blank\" rel=\"noopener noreferrer\"><img loading=\"lazy\" decoding=\"async\" class=\"aligncenter wp-image-14960 size-column4-2\/3\" src=\"https:\/\/www.carlosyconchita.net\/rutas\/wp-content\/uploads\/2020\/11\/Bornas-230-234-00138-285x190.jpg\" alt=\"\" width=\"285\" height=\"190\" srcset=\"https:\/\/www.carlosyconchita.net\/rutas\/wp-content\/uploads\/2020\/11\/Bornas-230-234-00138-285x190.jpg 285w, https:\/\/www.carlosyconchita.net\/rutas\/wp-content\/uploads\/2020\/11\/Bornas-230-234-00138-272x182.jpg 272w, https:\/\/www.carlosyconchita.net\/rutas\/wp-content\/uploads\/2020\/11\/Bornas-230-234-00138-570x380.jpg 570w, https:\/\/www.carlosyconchita.net\/rutas\/wp-content\/uploads\/2020\/11\/Bornas-230-234-00138-380x254.jpg 380w\" sizes=\"auto, (max-width: 285px) 100vw, 285px\" \/><\/a><\/p>\n<p>&nbsp;<\/p>\n<hr \/>\n<h3><strong>Mapa y track de la ruta<\/strong><\/h3>\n<p>&nbsp;<\/p>\n<p><a href=\"http:\/\/www.carlosyconchita.net\/rutas\/wp-content\/uploads\/gpx\/Bornas-230-234bis.html\" target=\"_blank\" rel=\"noopener noreferrer\"><img loading=\"lazy\" decoding=\"async\" class=\"size-full wp-image-14621 aligncenter\" src=\"https:\/\/www.carlosyconchita.net\/rutas\/wp-content\/uploads\/2020\/06\/mapa.jpg\" alt=\"\" width=\"181\" height=\"122\" \/><\/a><\/p>\n<hr \/>\n<p>&nbsp;<\/p>\n<p style=\"text-align: justify;\"><span style=\"color: #ff0000; background-color: #ffffff; font-size: 14pt;\"><strong>Si te ha gustado, comp\u00e1rtelo en tu red favorita o env\u00edanos tu comentario.<br \/>\n<\/strong><\/span><\/p>\n<p style=\"text-align: justify;\"><span style=\"font-size: 14pt;\"><strong><span style=\"color: #ff0000;\">Muchas gracias !<\/span><\/strong><\/span><\/p>\n<hr \/>\n<p style=\"text-align: justify;\"><strong><span style=\"color: #008000;\">Suscribete si quieres recibir un mail cuando publiquemos nuevas rutas : no enviamos publicidad y como m\u00e1ximo enviamos 2 mails al mes<\/span><\/strong><\/p>\n<p style=\"text-align: center;\"><a href=\"https:\/\/mailchi.mp\/6989c83a3e24\/wmv06rtqcz\/\" target=\"_blank\" rel=\"noopener noreferrer\"><strong><span style=\"color: #0000ff;\">Pulsa aqu\u00ed para suscribirte<\/span><\/strong><\/a><\/p>\n<hr \/>\n<p style=\"text-align: justify;\">\u00a0<\/p>\n<h3 style=\"text-align: justify;\">Puedes imprimir esta publicaci\u00f3n o guardarla en diferentes formatos :<\/h3>\n<p style=\"text-align: justify;\"><span style=\"color: #ff0000; font-size: 14pt;\">Para facilitar la impresi\u00f3n, se ha reducido considerablemente el tama\u00f1o de las fotos, pero si deseas imprimir sin fotos, aconsejamos guardarlo como \u201cdoc\u201d, y antes de imprimirlo, eliminar las fotos<\/span><\/p>\n<p>&nbsp;<\/p>\n","protected":false},"excerpt":{"rendered":"<p>Cuatro cortas caminatas para localizar estas bornas, dif\u00edciles por la complicaci\u00f3n de llegar a ellas, m\u00e1s que por el recorrido.<\/p>\n","protected":false},"author":50,"featured_media":14960,"comment_status":"closed","ping_status":"open","sticky":false,"template":"","format":"standard","meta":{"footnotes":""},"categories":[22,11,74,91],"tags":[],"class_list":{"0":"post-14958","1":"post","2":"type-post","3":"status-publish","4":"format-standard","5":"has-post-thumbnail","6":"hentry","7":"category-de-05-a-10-km","8":"category-moderada","9":"category-0-mojones-bornas-frontera","10":"category-navarra","12":"post-with-thumbnail","13":"post-with-thumbnail-icon"},"yoast_head":"<!-- This site is optimized with the Yoast SEO plugin v27.4 - https:\/\/yoast.com\/product\/yoast-seo-wordpress\/ -->\n<title>06-09-2020-Bornas 230 a 234 bis. -<\/title>\n<meta name=\"robots\" content=\"index, follow, max-snippet:-1, max-image-preview:large, max-video-preview:-1\" \/>\n<link rel=\"canonical\" href=\"https:\/\/www.carlosyconchita.net\/rutas\/bornas-230-a-234-bis\/\" \/>\n<meta property=\"og:locale\" content=\"es_ES\" \/>\n<meta property=\"og:type\" content=\"article\" \/>\n<meta property=\"og:title\" content=\"06-09-2020-Bornas 230 a 234 bis. -\" \/>\n<meta property=\"og:description\" content=\"Cuatro cortas caminatas para localizar estas bornas, dif\u00edciles por la complicaci\u00f3n de llegar a ellas, m\u00e1s que por el recorrido.\" \/>\n<meta property=\"og:url\" content=\"https:\/\/www.carlosyconchita.net\/rutas\/bornas-230-a-234-bis\/\" \/>\n<meta property=\"og:site_name\" content=\"Las rutas de Carlos y Conchita\" \/>\n<meta property=\"article:published_time\" content=\"2020-09-06T16:00:01+00:00\" \/>\n<meta property=\"article:modified_time\" content=\"2022-03-13T15:37:47+00:00\" \/>\n<meta property=\"og:image\" content=\"https:\/\/www.carlosyconchita.net\/rutas\/wp-content\/uploads\/2020\/11\/Bornas-230-234-00138.jpg\" \/>\n\t<meta property=\"og:image:width\" content=\"1024\" \/>\n\t<meta property=\"og:image:height\" content=\"576\" \/>\n\t<meta property=\"og:image:type\" content=\"image\/jpeg\" \/>\n<meta name=\"author\" content=\"Carlos Conchita\" \/>\n<meta name=\"twitter:label1\" content=\"Escrito por\" \/>\n\t<meta name=\"twitter:data1\" content=\"Carlos Conchita\" \/>\n\t<meta name=\"twitter:label2\" content=\"Tiempo de lectura\" \/>\n\t<meta name=\"twitter:data2\" content=\"4 minutos\" \/>\n<script type=\"application\/ld+json\" class=\"yoast-schema-graph\">{\"@context\":\"https:\\\/\\\/schema.org\",\"@graph\":[{\"@type\":\"Article\",\"@id\":\"https:\\\/\\\/www.carlosyconchita.net\\\/rutas\\\/bornas-230-a-234-bis\\\/#article\",\"isPartOf\":{\"@id\":\"https:\\\/\\\/www.carlosyconchita.net\\\/rutas\\\/bornas-230-a-234-bis\\\/\"},\"author\":{\"name\":\"Carlos Conchita\",\"@id\":\"https:\\\/\\\/www.carlosyconchita.net\\\/rutas\\\/#\\\/schema\\\/person\\\/a9691f7258c28443fab2d3aa1479ea19\"},\"headline\":\"06-09-2020-Bornas 230 a 234 bis.\",\"datePublished\":\"2020-09-06T16:00:01+00:00\",\"dateModified\":\"2022-03-13T15:37:47+00:00\",\"mainEntityOfPage\":{\"@id\":\"https:\\\/\\\/www.carlosyconchita.net\\\/rutas\\\/bornas-230-a-234-bis\\\/\"},\"wordCount\":823,\"image\":{\"@id\":\"https:\\\/\\\/www.carlosyconchita.net\\\/rutas\\\/bornas-230-a-234-bis\\\/#primaryimage\"},\"thumbnailUrl\":\"https:\\\/\\\/www.carlosyconchita.net\\\/rutas\\\/wp-content\\\/uploads\\\/2020\\\/11\\\/Bornas-230-234-00138.jpg\",\"articleSection\":[\"2 - De 5 a 10 km.\",\"2-Moderada\",\"Mojones \\\/ Bornas frontera ES-FR\",\"Navarra\"],\"inLanguage\":\"es\"},{\"@type\":\"WebPage\",\"@id\":\"https:\\\/\\\/www.carlosyconchita.net\\\/rutas\\\/bornas-230-a-234-bis\\\/\",\"url\":\"https:\\\/\\\/www.carlosyconchita.net\\\/rutas\\\/bornas-230-a-234-bis\\\/\",\"name\":\"06-09-2020-Bornas 230 a 234 bis. -\",\"isPartOf\":{\"@id\":\"https:\\\/\\\/www.carlosyconchita.net\\\/rutas\\\/#website\"},\"primaryImageOfPage\":{\"@id\":\"https:\\\/\\\/www.carlosyconchita.net\\\/rutas\\\/bornas-230-a-234-bis\\\/#primaryimage\"},\"image\":{\"@id\":\"https:\\\/\\\/www.carlosyconchita.net\\\/rutas\\\/bornas-230-a-234-bis\\\/#primaryimage\"},\"thumbnailUrl\":\"https:\\\/\\\/www.carlosyconchita.net\\\/rutas\\\/wp-content\\\/uploads\\\/2020\\\/11\\\/Bornas-230-234-00138.jpg\",\"datePublished\":\"2020-09-06T16:00:01+00:00\",\"dateModified\":\"2022-03-13T15:37:47+00:00\",\"author\":{\"@id\":\"https:\\\/\\\/www.carlosyconchita.net\\\/rutas\\\/#\\\/schema\\\/person\\\/a9691f7258c28443fab2d3aa1479ea19\"},\"breadcrumb\":{\"@id\":\"https:\\\/\\\/www.carlosyconchita.net\\\/rutas\\\/bornas-230-a-234-bis\\\/#breadcrumb\"},\"inLanguage\":\"es\",\"potentialAction\":[{\"@type\":\"ReadAction\",\"target\":[\"https:\\\/\\\/www.carlosyconchita.net\\\/rutas\\\/bornas-230-a-234-bis\\\/\"]}]},{\"@type\":\"ImageObject\",\"inLanguage\":\"es\",\"@id\":\"https:\\\/\\\/www.carlosyconchita.net\\\/rutas\\\/bornas-230-a-234-bis\\\/#primaryimage\",\"url\":\"https:\\\/\\\/www.carlosyconchita.net\\\/rutas\\\/wp-content\\\/uploads\\\/2020\\\/11\\\/Bornas-230-234-00138.jpg\",\"contentUrl\":\"https:\\\/\\\/www.carlosyconchita.net\\\/rutas\\\/wp-content\\\/uploads\\\/2020\\\/11\\\/Bornas-230-234-00138.jpg\",\"width\":1024,\"height\":576},{\"@type\":\"BreadcrumbList\",\"@id\":\"https:\\\/\\\/www.carlosyconchita.net\\\/rutas\\\/bornas-230-a-234-bis\\\/#breadcrumb\",\"itemListElement\":[{\"@type\":\"ListItem\",\"position\":1,\"name\":\"Portada\",\"item\":\"https:\\\/\\\/www.carlosyconchita.net\\\/rutas\\\/\"},{\"@type\":\"ListItem\",\"position\":2,\"name\":\"06-09-2020-Bornas 230 a 234 bis.\"}]},{\"@type\":\"WebSite\",\"@id\":\"https:\\\/\\\/www.carlosyconchita.net\\\/rutas\\\/#website\",\"url\":\"https:\\\/\\\/www.carlosyconchita.net\\\/rutas\\\/\",\"name\":\"Las rutas de Carlos y Conchita\",\"description\":\"\",\"potentialAction\":[{\"@type\":\"SearchAction\",\"target\":{\"@type\":\"EntryPoint\",\"urlTemplate\":\"https:\\\/\\\/www.carlosyconchita.net\\\/rutas\\\/?s={search_term_string}\"},\"query-input\":{\"@type\":\"PropertyValueSpecification\",\"valueRequired\":true,\"valueName\":\"search_term_string\"}}],\"inLanguage\":\"es\"},{\"@type\":\"Person\",\"@id\":\"https:\\\/\\\/www.carlosyconchita.net\\\/rutas\\\/#\\\/schema\\\/person\\\/a9691f7258c28443fab2d3aa1479ea19\",\"name\":\"Carlos Conchita\",\"image\":{\"@type\":\"ImageObject\",\"inLanguage\":\"es\",\"@id\":\"https:\\\/\\\/secure.gravatar.com\\\/avatar\\\/3a4625b20c8da3de99da69bfe7a322774e291c3f90dce7e8778a30fe6748ed1a?s=96&d=mm&r=g\",\"url\":\"https:\\\/\\\/secure.gravatar.com\\\/avatar\\\/3a4625b20c8da3de99da69bfe7a322774e291c3f90dce7e8778a30fe6748ed1a?s=96&d=mm&r=g\",\"contentUrl\":\"https:\\\/\\\/secure.gravatar.com\\\/avatar\\\/3a4625b20c8da3de99da69bfe7a322774e291c3f90dce7e8778a30fe6748ed1a?s=96&d=mm&r=g\",\"caption\":\"Carlos Conchita\"}}]}<\/script>\n<!-- \/ Yoast SEO plugin. -->","yoast_head_json":{"title":"06-09-2020-Bornas 230 a 234 bis. -","robots":{"index":"index","follow":"follow","max-snippet":"max-snippet:-1","max-image-preview":"max-image-preview:large","max-video-preview":"max-video-preview:-1"},"canonical":"https:\/\/www.carlosyconchita.net\/rutas\/bornas-230-a-234-bis\/","og_locale":"es_ES","og_type":"article","og_title":"06-09-2020-Bornas 230 a 234 bis. -","og_description":"Cuatro cortas caminatas para localizar estas bornas, dif\u00edciles por la complicaci\u00f3n de llegar a ellas, m\u00e1s que por el recorrido.","og_url":"https:\/\/www.carlosyconchita.net\/rutas\/bornas-230-a-234-bis\/","og_site_name":"Las rutas de Carlos y Conchita","article_published_time":"2020-09-06T16:00:01+00:00","article_modified_time":"2022-03-13T15:37:47+00:00","og_image":[{"width":1024,"height":576,"url":"https:\/\/www.carlosyconchita.net\/rutas\/wp-content\/uploads\/2020\/11\/Bornas-230-234-00138.jpg","type":"image\/jpeg"}],"author":"Carlos Conchita","twitter_misc":{"Escrito por":"Carlos Conchita","Tiempo de lectura":"4 minutos"},"schema":{"@context":"https:\/\/schema.org","@graph":[{"@type":"Article","@id":"https:\/\/www.carlosyconchita.net\/rutas\/bornas-230-a-234-bis\/#article","isPartOf":{"@id":"https:\/\/www.carlosyconchita.net\/rutas\/bornas-230-a-234-bis\/"},"author":{"name":"Carlos Conchita","@id":"https:\/\/www.carlosyconchita.net\/rutas\/#\/schema\/person\/a9691f7258c28443fab2d3aa1479ea19"},"headline":"06-09-2020-Bornas 230 a 234 bis.","datePublished":"2020-09-06T16:00:01+00:00","dateModified":"2022-03-13T15:37:47+00:00","mainEntityOfPage":{"@id":"https:\/\/www.carlosyconchita.net\/rutas\/bornas-230-a-234-bis\/"},"wordCount":823,"image":{"@id":"https:\/\/www.carlosyconchita.net\/rutas\/bornas-230-a-234-bis\/#primaryimage"},"thumbnailUrl":"https:\/\/www.carlosyconchita.net\/rutas\/wp-content\/uploads\/2020\/11\/Bornas-230-234-00138.jpg","articleSection":["2 - De 5 a 10 km.","2-Moderada","Mojones \/ Bornas frontera ES-FR","Navarra"],"inLanguage":"es"},{"@type":"WebPage","@id":"https:\/\/www.carlosyconchita.net\/rutas\/bornas-230-a-234-bis\/","url":"https:\/\/www.carlosyconchita.net\/rutas\/bornas-230-a-234-bis\/","name":"06-09-2020-Bornas 230 a 234 bis. -","isPartOf":{"@id":"https:\/\/www.carlosyconchita.net\/rutas\/#website"},"primaryImageOfPage":{"@id":"https:\/\/www.carlosyconchita.net\/rutas\/bornas-230-a-234-bis\/#primaryimage"},"image":{"@id":"https:\/\/www.carlosyconchita.net\/rutas\/bornas-230-a-234-bis\/#primaryimage"},"thumbnailUrl":"https:\/\/www.carlosyconchita.net\/rutas\/wp-content\/uploads\/2020\/11\/Bornas-230-234-00138.jpg","datePublished":"2020-09-06T16:00:01+00:00","dateModified":"2022-03-13T15:37:47+00:00","author":{"@id":"https:\/\/www.carlosyconchita.net\/rutas\/#\/schema\/person\/a9691f7258c28443fab2d3aa1479ea19"},"breadcrumb":{"@id":"https:\/\/www.carlosyconchita.net\/rutas\/bornas-230-a-234-bis\/#breadcrumb"},"inLanguage":"es","potentialAction":[{"@type":"ReadAction","target":["https:\/\/www.carlosyconchita.net\/rutas\/bornas-230-a-234-bis\/"]}]},{"@type":"ImageObject","inLanguage":"es","@id":"https:\/\/www.carlosyconchita.net\/rutas\/bornas-230-a-234-bis\/#primaryimage","url":"https:\/\/www.carlosyconchita.net\/rutas\/wp-content\/uploads\/2020\/11\/Bornas-230-234-00138.jpg","contentUrl":"https:\/\/www.carlosyconchita.net\/rutas\/wp-content\/uploads\/2020\/11\/Bornas-230-234-00138.jpg","width":1024,"height":576},{"@type":"BreadcrumbList","@id":"https:\/\/www.carlosyconchita.net\/rutas\/bornas-230-a-234-bis\/#breadcrumb","itemListElement":[{"@type":"ListItem","position":1,"name":"Portada","item":"https:\/\/www.carlosyconchita.net\/rutas\/"},{"@type":"ListItem","position":2,"name":"06-09-2020-Bornas 230 a 234 bis."}]},{"@type":"WebSite","@id":"https:\/\/www.carlosyconchita.net\/rutas\/#website","url":"https:\/\/www.carlosyconchita.net\/rutas\/","name":"Las rutas de Carlos y Conchita","description":"","potentialAction":[{"@type":"SearchAction","target":{"@type":"EntryPoint","urlTemplate":"https:\/\/www.carlosyconchita.net\/rutas\/?s={search_term_string}"},"query-input":{"@type":"PropertyValueSpecification","valueRequired":true,"valueName":"search_term_string"}}],"inLanguage":"es"},{"@type":"Person","@id":"https:\/\/www.carlosyconchita.net\/rutas\/#\/schema\/person\/a9691f7258c28443fab2d3aa1479ea19","name":"Carlos Conchita","image":{"@type":"ImageObject","inLanguage":"es","@id":"https:\/\/secure.gravatar.com\/avatar\/3a4625b20c8da3de99da69bfe7a322774e291c3f90dce7e8778a30fe6748ed1a?s=96&d=mm&r=g","url":"https:\/\/secure.gravatar.com\/avatar\/3a4625b20c8da3de99da69bfe7a322774e291c3f90dce7e8778a30fe6748ed1a?s=96&d=mm&r=g","contentUrl":"https:\/\/secure.gravatar.com\/avatar\/3a4625b20c8da3de99da69bfe7a322774e291c3f90dce7e8778a30fe6748ed1a?s=96&d=mm&r=g","caption":"Carlos Conchita"}}]}},"_links":{"self":[{"href":"https:\/\/www.carlosyconchita.net\/rutas\/wp-json\/wp\/v2\/posts\/14958","targetHints":{"allow":["GET"]}}],"collection":[{"href":"https:\/\/www.carlosyconchita.net\/rutas\/wp-json\/wp\/v2\/posts"}],"about":[{"href":"https:\/\/www.carlosyconchita.net\/rutas\/wp-json\/wp\/v2\/types\/post"}],"author":[{"embeddable":true,"href":"https:\/\/www.carlosyconchita.net\/rutas\/wp-json\/wp\/v2\/users\/50"}],"replies":[{"embeddable":true,"href":"https:\/\/www.carlosyconchita.net\/rutas\/wp-json\/wp\/v2\/comments?post=14958"}],"version-history":[{"count":0,"href":"https:\/\/www.carlosyconchita.net\/rutas\/wp-json\/wp\/v2\/posts\/14958\/revisions"}],"wp:featuredmedia":[{"embeddable":true,"href":"https:\/\/www.carlosyconchita.net\/rutas\/wp-json\/wp\/v2\/media\/14960"}],"wp:attachment":[{"href":"https:\/\/www.carlosyconchita.net\/rutas\/wp-json\/wp\/v2\/media?parent=14958"}],"wp:term":[{"taxonomy":"category","embeddable":true,"href":"https:\/\/www.carlosyconchita.net\/rutas\/wp-json\/wp\/v2\/categories?post=14958"},{"taxonomy":"post_tag","embeddable":true,"href":"https:\/\/www.carlosyconchita.net\/rutas\/wp-json\/wp\/v2\/tags?post=14958"}],"curies":[{"name":"wp","href":"https:\/\/api.w.org\/{rel}","templated":true}]}}