{"id":15351,"date":"2019-05-10T21:17:39","date_gmt":"2019-05-10T20:17:39","guid":{"rendered":"https:\/\/www.carlosyconchita.net\/rutas\/?p=15351"},"modified":"2021-06-17T15:32:06","modified_gmt":"2021-06-17T14:32:06","slug":"10-05-2019-picos-de-taga-y-sant-amand-copy","status":"publish","type":"post","link":"https:\/\/www.carlosyconchita.net\/rutas\/10-05-2019-picos-de-taga-y-sant-amand-copy\/","title":{"rendered":"10-05-2019- Picos de Sant Amand y Taga (100 Cims)"},"content":{"rendered":"<p style=\"text-align: justify;\">Desde Sant Joan de las Abadesas, nos dirigimos al Coll de Jou, que est\u00e1 justo enmedio de los dos picos a los que queremos subir hoy : el de Sant Amand y el Taga.<br \/>\nAll\u00ed dejamos el coche, subimos primero al Sant Amand, bajamos de nuevo al Coll de Jou, cruzamos la carretera y subimos al Taga.<\/p>\n<p style=\"text-align: justify;\">La excursi\u00f3n no es que sea muy dificil por tener mucho desnivel,\u00a0 pero la clasificamos como moderada , ya que debemos subir ese desnivel en muy poco\u00a0 recorrido.<\/p>\n<p style=\"text-align: justify;\">La subida al Sant Amand la hemos hecho caminando por dentro del bosque, sin ning\u00fan camino concreto, pero una vez arriba y cuando ya volv\u00edamos, s\u00ed que hemos seguido un ratito un camino, aunque despu\u00e9s hemos vuelto atr\u00e1s pensando que \u00edbamos mal, como se puede ver en el track\u00a0 si lo ampliamos.<\/p>\n<p style=\"text-align: justify;\">Esta subida es corta y con bastante pendiente, sin ninguna vista una vez entramos en el bosque, aunque al llegar a la cima podemos disfrutar de unas bonitas panor\u00e1micas del Ripoll\u00e9s.<\/p>\n<p style=\"text-align: justify;\">En cambio la subida al Taga no tiene p\u00e9rdida, porque no hay ni un arbol, por lo que en todo momento sabemos a donde tenemos que ir.<\/p>\n<p style=\"text-align: justify;\">Por lo visto yo no ten\u00eda el d\u00eda, ya que la corta subida al Sant Amand me cost\u00f3 mucho, y en la subida al Taga, tuve que parar y no pude llegar a la cima, a pesar de que s\u00f3lo quedaban unos 600 m. para llegar&#8230;<\/p>\n<p>Pero al menos, Conchitaa y Lluis s\u00ed que llegaron a la cima.<\/p>\n<p>&nbsp;<\/p>\n<hr \/>\n<h3><strong>Album de fotos<\/strong><\/h3>\n<p><a href=\"https:\/\/photos.app.goo.gl\/Yz9FDiG291Y2tdTT8\" target=\"_blank\" rel=\"noopener noreferrer\"><img loading=\"lazy\" decoding=\"async\" class=\"aligncenter wp-image-12856 size-column4-2\/3\" src=\"https:\/\/www.carlosyconchita.net\/rutas\/wp-content\/uploads\/2019\/05\/Taga-0220-285x190.jpg\" alt=\"\" width=\"285\" height=\"190\" srcset=\"https:\/\/www.carlosyconchita.net\/rutas\/wp-content\/uploads\/2019\/05\/Taga-0220-285x190.jpg 285w, https:\/\/www.carlosyconchita.net\/rutas\/wp-content\/uploads\/2019\/05\/Taga-0220-272x182.jpg 272w, https:\/\/www.carlosyconchita.net\/rutas\/wp-content\/uploads\/2019\/05\/Taga-0220-570x380.jpg 570w, https:\/\/www.carlosyconchita.net\/rutas\/wp-content\/uploads\/2019\/05\/Taga-0220-380x254.jpg 380w\" sizes=\"auto, (max-width: 285px) 100vw, 285px\" \/><\/a><\/p>\n<hr \/>\n<p><strong>Dificultad<\/strong> :\u00a0 \u00a0 Moderada<\/p>\n<p><strong>Distancia total<\/strong> :\u00a0 \u00a0 6.066\u00a0 \u00a0m.<span class=\"totlen\"><span class=\"summaryvalue\"><br \/>\n<\/span><\/span><\/p>\n<p><strong>Alturas m\u00ednima \/ m\u00e1xima<\/strong> :\u00a0 \u00a0 \u00a01.631\u00a0 m . \u2013 2.035 m.<\/p>\n<p><strong>Desnivel acumulado seg\u00fan Wikiloc\u00a0 :\u00a0\u00a0<\/strong> 625\u00a0 m.<\/p>\n<p><strong>Tiempo total \/ en movimiento<\/strong> :\u00a0 \u00a0 \u00a0 4 h.\u00a0 22 m.\u00a0 \u00a0\u2013\u00a0 2 h.\u00a0 11 m<\/p>\n<p><strong>Vel. media total \/ vel.media movimiento<\/strong> :\u00a0 \u00a0 1\u201932\u00a0 km.\/h. \u2014\u00a0 \u00a02\u201962 km.\/h<\/p>\n<p>&nbsp;<\/p>\n<hr \/>\n<p>Subiendo al Sant Amand<\/p>\n<p><img loading=\"lazy\" decoding=\"async\" class=\"alignnone size-full\" src=\"https:\/\/lh3.googleusercontent.com\/DdwMoLxi-tR_ejP7x1xOQeNYHKCCkQEQDY-HEjfP91P7DJgEhrIQW_5e7VWt2z700zyapxHinxPmJG2gcjyIoqSjd2H-jw1nSi5SzM29quNqn7BR8xHTSms-_GmlANI4woZXAw3kKt-Fzds_VIbMKFQWXS8AL1WE0-waueSWBqyCZNeYBHX9Oc7K4yAsCGtbF7lPm6JaCiVo9nVkPdEClzHyVFRtk_-ZPDMis7T46naTjk2dSJOGM0rxmgqWNka0fyoIiMtD7F3qhcvzF_jF5dHWFFskftdR_XFFo83CHFO28GF4CUHWg-7xamWvFo_wUe7CFbGfWdPZ8DmEjlx2p7WXjzAQErer6iQN_Nw2v4vLsALm2w_YC3lgM2UE1jPuyYEmqSlcsI7KThvYScimstSlv_5iIKLsPhA7CFVGT_97kPRacUQt2TlyxkBufKaFZ826viYUVk5cJZ0XRId4WSgyXfI6xuH7QxnIN7FihmipAXRJW2LF1iN0Enw62R49Yso5zRIrgV2Q6GFBattO8YZWvYXNRm414Fm22EZT96ZKkj1q4AcHuFm5_8S-keJZVadA4v7TSFMytcoisr7Z4FNuNTP1Sh5ErWuj3-2do6DvnV2DbKxM5_SM6x_4tZfnleTXENSClZQoNPrythoNvh6ZpnWFIx7jZ4CzPdKJ5x7ZMPdDKox4eFDquPpiNZQUSg8qlQXz9N-BwQfa9HqvkOzaxw=w1024-h576-no\" width=\"1024\" height=\"576\" \/><\/p>\n<p>&nbsp;<\/p>\n<p>Mirando atr\u00e1s, vemos la carretera en donde hemos dejado el coche, y el Taga, a donde subiremos despu\u00e9s.<\/p>\n<p><img loading=\"lazy\" decoding=\"async\" class=\"alignnone size-full\" src=\"https:\/\/lh3.googleusercontent.com\/k3-i_DkGh4pnmtFK1Lo22UpIlwCpwydLH8rOUrv7BmqOJ2lyqKFZG5u2pFErPrKo5puBTXUFZ1J5KO_LRTAIXWW_I_9VQolI5JCzBqyvuZiCMIQvza8pSPMnlO1HUacPlM5qtaBWAsiKa8zt5UZcNnU1SkjgURv2aI0Hks3NWIpKhv6lYzJFUj-Vuu77aVI9Pvxedcete0YPENHJGiZ7ghFR7uvOVdyxlyvGhdubFqkQIqdja0JH6MRQneVM-vYLP11XzxOUhdLa-NBR9Kds_UIOeimX2VVqtzB77nPA49x62gw7mqZMvzOdUiIKg6cj1zUwq-bWmIoNxWeln8XPgslMqARzV2XCeQ9Pr7twygRxeLv91YbSkalKhBiyjAtHf5QEcjWKI7FzmNwRbp1oNh8fjIxXB5ATqFSkdb2g7wbluPStYORO7RRzO4vI3K7MAPPlhL7grtatAwgPmAsSs-wnJBAAcTHPnF526o6OBorJ02tcNFixCQ1K5S-r_nG-y4RDB8Vb6gnHBeHN7-tEjzWPhn9JimNYFD05DZcmNgdaaOuJqoe_JSPVSooD_xNa-I_-fYF6M6TJvB575fJMN1OD7eYm0C2jBABh7xCnhYaPyVNMbkEKv7L7_N41svO93fC0p430FSa_xky-3oLQ_JG0H0kMaFkkWLpT_WxO_B0jYX7PIbEMeCQLORzNWuytOIx2qgdmmgxObTxLJRc0sIiw0A=w1024-h576-no\" width=\"1024\" height=\"576\" \/><\/p>\n<p><img loading=\"lazy\" decoding=\"async\" class=\"alignnone size-full\" src=\"https:\/\/lh3.googleusercontent.com\/bwJVZq2KOOmZHAOqyK_zRrMl6g8b-FGR0nlBzyhv9H6T2LOcjuJYLMMu4pnCrJCxKdnTW2iP5DA18BqAptdVkhuSPtoUMkocLc-BW7ZzYnuaAeLuJ35EgsGGQyf8SFizXkbNV1Q4C_CZZM8orAJUMTXfNbuHL3HOjbnyXzzZL66f4XxU3jmnRzdlxZT1G0glbJj35H32IT0HoR4apxlds6_6psX2e40v_0ZJFhFqFAS9-__mZoifmkvf0xwUcHyfVqAkO22uGp_e-9hmDjBeXO7vbNsiCCLMtllOgdbfZ7-aOmioUgs92N2lWpX3TLrFQQ4VKRLP8nOXDdmb02ks_H_86CiSpsnp010MtuMlnUWUa4YIV_scMk78iBleccUMlgPojZRjvs9rRbc56YozgQFHzCtBMPfCghvDaUAqMkwVmChd0zEjHs6u4mt2lfUJMX1eHl0MBdy6IWLQfKsVIcoNA4Llks_wxnRujWhygDzbuLbB4538_m0d-5jBSFPMH7I-h7Wfp2RRhSOBLhrCjY99tg9DsmOIx-sFaPnEwj5U5cxdFU8X6AgNI484--iLMQTYN6VOUpv-ScskMM7fjBYbgSd2LOTKkz0fy-cSC-WOoDA1_I2KVRAqVvcyL7u4JR7cRi3OJyGfu8d8uhgY4gLepLqdTsldtgTtcrmj8orC8S9EvG8wm9G0mC5sd4dpcXac10xfyXADrufpqvZmxfCTTA=w1024-h576-no\" width=\"1024\" height=\"576\" \/><\/p>\n<p>Llegamos\u00a0 a la cima de Sant Amand.<\/p>\n<p><img loading=\"lazy\" decoding=\"async\" class=\"alignnone size-full\" src=\"https:\/\/lh3.googleusercontent.com\/i6HjhHUqftNziYjxK9vFGFEkz6-Q7qeW4sDKor_4rC-XqVAA1qV7KP6MhE7H2NPRYn3VveIKfTTzkLzLe_UyAHCG5VV94zZfsgcTjwXdswlaQZbDq0Wkq8tSTuUclwtsH1uZT_mxYaJ8qCBV_xRWxWD9lJ5JGyEiVFnx0GagYG6VHuWxxNm5PvMCxAIGbBJfm7ZbmSluHsAYQPDk7AAI8ZYts5bRzeVCEJBm07-WzTGpJapV5Knq6of_Sc0UKEGX7MqNfpwikrM-vH6LpeL7ho8E87mYMmBNH6bPpx1rTTm2IcSXZOsT8GBSLIGp1h5TKJwtTChptwbPNwusLxzsP_uKGeFf0doJXog2hor40rbXaKE3svYvDSFECqsf15f8cZ29DJ1PhQJuX6-egma-rzlUHbNIjwosM2A3HK49CWluXxIiAep294PuvUPrdxwgTtQyE35xJbWqFA8FysC3VWseVCj-7Zb-0GbHzGfOOsbYnjUHwEsQQAqNJmaj1SCnQ_t0r7-csR0Ve9rPNdP3cxZqbiqy_ZP4mvt7I5E_DEK0ibBeaLZjoRhHW9pXdVTGlyk2oXIonm-jgJ7LfZuW3xW3LZSELNzWq5KuYYHm54TW-574txzqb_xFHk1thS-i-so4zP3YVEXEv4PM2OeRXb8WhX2N6kuNveVAnwN4-iM-J8TFwhQtXLDDD8-YiZ1TTFP2F9xvJ6cfd2Bx63S5HJax4g=w1024-h576-no\" width=\"1024\" height=\"576\" \/><\/p>\n<p><img loading=\"lazy\" decoding=\"async\" class=\"alignnone size-full\" src=\"https:\/\/lh3.googleusercontent.com\/J9QcfF0KqdR2nKK5xalOoAnoDkgXUDqpn7Kf-cExngVdZe-XgINKKG6LGy4UghShNW5tz8qOwSvfzBliU0GZBzWgp-oD-T034eGS_6WW73xCKrjyqErld-9GIqVGPh8aESFeXD1H67xG8y9mu-O5Ym5nEbO1K7suCGZB1KKFf_7G6XXiLnDBuGSDDpw_B0d4L9J6icCJEUu0vW4pIZqOUjodd4N5gJbnRXUM99E8kR9u16o7r_Nsx2fYwLRoj2m8hxD5FymBu2j0I9waqUc-8d7HtyQPOH0o75OPLBI6msFLGht7_2pvzpm2dLyfxJDL0UxIshNXMf-kux0QH5u6gTj3EhjyI4EhVXkL7OjNrAMGiLB9ytFuzyyN1tVQo4YyX7jjZ0B4M9c1sWloXucfSiNMy9MiFdAXMhlJiymPvcZwcMQ96fbxwyVspnBTVtjKQXmnJFzSz-0p1UslxcIAa6alCtOdipekrIapQSsOPjAev4k6ZRLJjX86_9iNHthxbSpyJK8a1J3Ow9DBjL-q6TGTMKkg2TQwPs2pmNZn5ADA6MjBHrWP5Y8HGOLpRnBORL0jZkQ5OSs98CblO8QQJzdd87JSgFMD7tHbofhAgWSZs8kDXeIoAGrU_Xm5T_Chn3tFg706K5saRlDYWIzzlWNLuqDs8c9apBKHquxfsu-I8_FYF2uSDj_cl-StmZvlYdvLINAXtp9Fj6rqMTnAv05viQ=w887-h665-no\" width=\"887\" height=\"665\" \/><\/p>\n<p>Vista de Ripoll\u00a0 a la izquierda y Sant Joan de les Abadesas a la derecha (ver fotos con zoom en el album )<\/p>\n<p><img loading=\"lazy\" decoding=\"async\" class=\"alignnone size-full\" src=\"https:\/\/lh3.googleusercontent.com\/wpXiJPC61ZxYIYgTiqW8cC0JmVdPmuFvhCVc20jbsAEPqO7-9EoqQ5B5mAY3QQwE1QZ5OCsmYHmLwcT9KtMXB4RhUObkqFrux_dri__cqAB-lJtimcqI_5V7eBScu9DfrCnk6LgCk1LfGDoAigGYS4jtz-QxTS30D5TbM-tIqlZ_mfDcvT46R3p-jJgXTmJHX-74w7ESeTdS-YxJ1QK5BP2IlU_3zg1msMQwHZlwJIl35cBWZEsI-3SbkHfa53hjOtj9BcGVhlIvniMWi4IzyqmPYBqaG4fQUPtg2pXMXQtP9Nlm9ay3f_dxV6e-V5CZwj87xqfIBo5TbK82g0siw47VgFdWvUODbMVljbUAMM8jcskSE_8mjMO9X7VRnMs76Zgm6FLc0SS0cKY91NDtOuY64Fwv8EYE8FtAAPaEliy1qpz8jXEKonXX3fi-h9X4QeYo_21QOoipgcKgbmbkIUBtE3F32mIlXvNsAqcy7Mxdf5t1v3CjCSd_JodPWIcZIYgNFm3p7RFQUMmpLF8C1OCSLzXr5ANNn52_R6lQnZ3GhyZahLJ5-w01R9VpHbX69Tu24JO-SC5ISmaDCX5T6BuTjGhWByToByLPdbL4lcfqImYfAgN7G9Fz7zn10jW0JJb1xOlnkk2OXrH2_7j0JnSIGVqgcpyOZd-OUoXZM_TuURFru8znOyDPDAznNyDYXFW3hbPdv4QTg2BkQCbD9kcXbg=w1024-h576-no\" width=\"1024\" height=\"576\" \/><\/p>\n<p>El Pedraforca.<\/p>\n<p><img loading=\"lazy\" decoding=\"async\" class=\"alignnone size-full\" src=\"https:\/\/lh3.googleusercontent.com\/O_MCwt26abapX_qwPwHTEzzTujdxPEN5iykydYm-pMU7Voxyrg3hPvSpH2LBmzzUQK5jl_ofOeSC-XSwpC4VnDYHKdbjhxjEI39mJxZ90HAq3ONZNEPVvQNsVq3egWjK44e-3_lkQSFjWuVLEhaVtJHcPpOG8EbMl-8w8ZEoig5fwyoChNWaS8gmp_wtVYAc_3oinlkbjyMfGKdLYnhljUiVLQ9SLV8t6euCMuKh_1067K_-Zd46whY-LyYGyAZ8khOesK5-bj3Qk3PoMQ-Yg9wR_AHNrnZfPibPFboN0TXzoz_gbTdVJcY9espywYa_PfKx5Jq8PXyKWgN1qStiY_fVl4dGQIDCaOHHmmiLe3I1H7PHsnuMi4bHAVjrTtv0fM0heYvYcivwsgraDpVDuKaZAP8jKaiAy_qH_jF1DNaTPP21ZRp5-U3q7tLCrpnho5q9xWnJ7cZViXZ9D0TJspjzTa17Acf6T5RMVXmur3KyttqLuVbfMPceU7WOp9l6fkBXEGILFaEdlOo0jZiSUX7TRH0mt0pOxQEO03LRwdI-nPe2l8m6Dc4TsqOs8quSX74fCR8m5I3AP-mc3tLlb6jK36_7ucRt4K3yidm_3SJ_nm8NvtzUy8u-305knGAQ43pqQM7NwLEI4scLxneHhszHubJrfAnPfQ_r-qRUTXUjg-Ps3zcdBNDHmW-KiAmUkLXbVRsNpihBwYYQoJrhGXXAkw=w1024-h576-no\" width=\"1024\" height=\"576\" \/><\/p>\n<p>A pocos metros de la cruz, vemos una pila de piedras , se\u00f1aladas en el mapa tambi\u00e9n como Sant Amand.<\/p>\n<p><img loading=\"lazy\" decoding=\"async\" class=\"alignnone size-full\" src=\"https:\/\/lh3.googleusercontent.com\/TzeM_Pj3yvpfQPBw6DjfL5053Kje_wkhqX_E8lVL-WLM2HW2hMJ77Jx-c4LpMwLLcPxBavvEpo9CvVW6BoT6YNv75mms4wpmf-Hp0xu_oamjckL0I_N_XkwEY50AQuHmykVHx5iTK57i8g3xoaMPwaSFupgTrUvCB5cxYr7ZkrRcFX0XZNjcEcCsmjYwm0gtYUzvuoP95StuQlpn7p0xDQ6h-hYud-DWB3w_gWvna-QwXbkK7fBIuRnckZt-8DavmPyVFz5mUhjxWNgdf1G_ZXDA74XDWvpdmrDsmAa3vqkE7wQt5YeghdUyEXeSYVAcmcqcFq1yljzOBy7EbwbFPKOWsMPh9IDaA3eKdLHvR4eR9E_8UUCfAZbgAXZa-xGCUmEKkKe0zhhXyIcZm6AkpzGehn3TJXillVaFbYZkRTotnqjcgtYeLnQVUtNz6yJhuLPZSsLCnByPRAB7gf6b7RyH8Z4ekw6qOnOvVrkWVqJST7HVNLYqbePqD4XZI5lo_pH2tJ-wOhHBKKkrPly4xxdznalh_U2u1DivjoPbM_y4QHPCKl8tig-RSbOOUx5Y8LbUTedHUcj7nCIbwPqEJ2R-upIiMECdGt7_NaWWg-APYK7pqowCXLJoW6jKW2hujcpV8X36rEhtSfn58HI7EgVtWkax77JGrhTwwBI5P6utA3r_xS-E-QEcDGLA0AtceThIR6aKZ69cbF9f-Y1uRTJAqg=w1024-h576-no\" width=\"1024\" height=\"576\" \/><\/p>\n<p>Bajamos de nuevo al Coll de Jou y empezamos a subir al Taga.<\/p>\n<p><img loading=\"lazy\" decoding=\"async\" class=\"alignnone size-full\" src=\"https:\/\/lh3.googleusercontent.com\/OS0FHULJUPvyJGT211kXWDxRJau1ShaG576vvNfMKIQyq8cLWoYO_FM-fbrSaHM_HIIfUVtrYyIP_iPTHTHVcedIRLAsrc3nmalP22xcE-BDo4wlIjUVgvU8PJ6h4Wmhfl-nFUQocX307QpBUpukx45XqC8Rb9ClUV2ZgTFdbmaGjO4ddb_emzr0OYndf3m6n4VdP9BWvQGf-yT0ATq2T3lUqDJu_SlUc2dM58Zm4NrDqBDv_oN6MWxG4MdjRRjvgLQs7EGAM_GbB45Y1abBAkagmyf5qGkpXCUaaox_S968ifkrVnArr6ojhTLG3Tb8ni7mPbirhdmI3izzydV2jx-mCacNRpaIdrMIH63dk8ndLI9GAKfTKS1OrLHhkmOhAgb2JbHSllT96s9gKaE_JHLcNkzv0pmI7RzsuCI1V39hVRvKRkxWZpPiB8sSrZUhis3-kSFAAIwSetivMzlC3vPCF5DKCLhIN-WmXz8zDxt0HHGc5CaOUG-nrjIbKFIzhIhnLQ4BSr6wEpo1Dy4eoo49P55yYTo09N6kZCuLtPeO5o5yG5EPSjYv50EXSstWAyFrDgBy_KrZgDeGP5UZmK-7CRJ37ozq6A3aXnJmxuD8YV75X1CrKk62r521jgsZDvg3RcdPaH3aJJZC6C34tKQZ51Jpkp3EiCgpASMbriMBXXDGkAHQr9uL-Sb1Z9mE_3e6XxwqhKawopNKCbWMgkowNQ=w1024-h577-no\" width=\"1024\" height=\"577\" \/><\/p>\n<p>&nbsp;<\/p>\n<p>Foto de Conchita y Lluis con zoom desde el punto en donde me qued\u00e9 yo.\u00a0 A partir de ese punto ya no nos pod\u00edamos ver, porque el camino pasa un poco desviado hacia el otro lado de la pendiente.<\/p>\n<p><img loading=\"lazy\" decoding=\"async\" class=\"alignnone size-full\" src=\"https:\/\/lh3.googleusercontent.com\/N6XG8yPJzBAPFaWxglavg6Fs46QfPNMb84o1AosQtLVvJn_IFilK8nXo_rh3YooqfXBKIfx50a7FIZvQ1z93hxS1t6W54UJDxvHB0xHeS-qqGozAS3fNlPPf0r20YIdp15t509AB9g8JCzj1QBOzJWgdwFdkP4azMNMenj-H5jq9uH-2X_wC3OmhAyiqfeGpGUtpHWHeIj1PYehrQLHZKJJs3ktQUzFWq2LxFMYwF8xc2y8Wcy2-UacqjmXlW8nEX-KAtrvdAT4wX9R8i0Egm4EgQsdV7CJkhlloOeBYdymx0uJS15PH7NBapBVVjWGsNWAyLaYQD0JBx1B_aNK_2AbRMsm2Nx5yoMYMn-RbPggaOWBbvzJQ4qXsoJHJfIy50_uR7HHwPWK6acbpPm5nAnETV-IZs-kA6-AZCD_zBgjUhbyB5R-nE1F5G3Qeb5ZJq0DXo9KrLtnu4hwrVNrZ5ABOoa6St-Zq3AOtaHuVloZOqhMayWwAf_7o1VCYtGfkLLzigcb37-uhzFi50hZaTIYLWQlbEg_-QxHcbFifLMPRj2QS9EzZ1xpYheerqfS7BhyeAdoe4SY2RBsIeRFuCu6evnBuWCG1epUhWezQeLLLlhC9jhjmHjSUPAbKOjxWWvyIxtqP-bTGx_vRKoeSP-rO4PF5tE6OtZag1QRFU449-CeG1vu0hLv1hMkP8s9_J5uTqrK4N8RzUgorfgIKAYFFeQ=w887-h665-no\" width=\"887\" height=\"665\" \/><\/p>\n<p>Y la cima del Taga.<\/p>\n<p><img loading=\"lazy\" decoding=\"async\" class=\"alignnone size-full\" src=\"https:\/\/lh3.googleusercontent.com\/Npp8mfBCwRNJj38sIbPuwqSzDgO9eOUH4GV-n06hKeewmJpgCbZtUTBoojNINx3M5ne57kOj-IQCBQivXqP-MhF8cIP8cOa53xMTyhKV3kr4rQrVQ-rHdZfxUacWQFoYFa-VfQThDv5IMOZBcO-3sneNMgdmyrbfNARzBBtn7uQUSsRjuPSmgitGX3Y6D1wjSdA4nOMByvTy1spFpW1FBL047FOuQHhOoMw6oj650B9EzGoeNOk_7oINhLJseM5ot3ObBzyXYGhgy745CVGRYTNcZbJzOhCjnRuVM2-26AEkvfzwNQevTNW0I3jnVpWTJXJdyUHjxeWEstHhnArm45xBtrMH_7qj6OQooT8Fss1hf0dTIvY57KbTUMc6rKmCxOPn6iVLox-71Q7g7WMNx4ORc27uBVFP8EefaZVFy1ugKMc1b-yDw0xzbCyh6i1O5cQEC3-Ii780QzTU8jwN4wnJW147mniXKTtOidkpYEyYu6l0qqaQuBR5wb1UANFSA7RFdNljyjJX8fkfuvwFKdSqG4g6AkmdI-rKQ6erDOLp5S97muAwvgtCduWz84SscKYW32epiFwC42f_Udwfj8DikEXbYJhCYtTJ1XAT9imyuYGj3zvh1zmdctkVxiMdO90dTsKjaJyWygP6qrohYYcKNrM_NuSEhYwFl-C727ySRuBXPtbndRo69DARMqWrrHBVOxln1-6PmzEkHk8xYqjjfw=w887-h665-no\" width=\"887\" height=\"665\" \/><\/p>\n<p><img loading=\"lazy\" decoding=\"async\" class=\"alignnone size-full\" src=\"https:\/\/lh3.googleusercontent.com\/m5fTY9eAjOc2xKYC2ds67GMwofCs_RLRQuPQOLbCkswZ9JQs1c05JaKiUS1cNtpMJ3k9lX3DSiCmXJgKFa9doTRKCzD5ZSSVC9oehw6r0JbEThmLL35v4CaexExvfvJA4BYv7EVuvQ1gUKCq1Z1p3pDKhFAVYbjEiIrDzfZZ186bgi5jfuKs3lEdVbstY7q7WPH3ihRy-tVa9Blrh6UvE2Z3V_d49l56vIAPUmZ2neR945_geqWyjz1a5yvzoQ7Pzv-2RHxM5VEu_6avuJXRAossakMdt7kZrgrEONL68IetLnBRIjIAMuAIGOG-Up_Ut9b84WvPNyrrgKO3X6uhtK8vXQVHZjuj0q9a6R4uXo80k9Y3uF-iSK9f-qOOFvDiwD2UfdkjcuGWdd5_AvynV5WG1xEzmIWTutSVNuPrw_0TjzPqiCN255G0M7e16gpTxEiAadge2_eFRtrD0drIGro9WVQCUvJNmb5YvvrSubX9LIGoM9MiEIMwCYyW3IEOLqNzINMPbq_Zajtj4RkhC1pkkW8V1X-e7bV7vFG8wzIluhgW12GqpmfxRcEHMvATZVf7byF60WYfkDs_YQbe5dRHZ55WNFi3hAVAhSobpG87G0j9_a4_aA1UeB2Sks4wWtm9tDvxSQcRsynsO8nyBOSeuzsY-34bGtt6n4bBfF9QpSNNE0oViKqWxyFh4YuWwk8m6V5GeRLQs9cB86QEFkdGpw=w1024-h576-no\" width=\"1024\" height=\"576\" \/><\/p>\n<p><img loading=\"lazy\" decoding=\"async\" class=\"alignnone size-full\" src=\"https:\/\/lh3.googleusercontent.com\/EHmT5RUNKhL1At8v4NDK1MULJxUl67PXPdXSBT7gyaqnmJCPbkPI3x2LWLMfY2lgAofkY3kr2QUXoQM_JcL0CSGf5ThkE5-9qLMTtpEINfjH9lZAxLp-iDmnnCMOhcTxQ_UlT5PAICpaafzrhwn7UALiUGLUNpJAWmQiTq1cxbQpS1JRCK9F2nWrcHFACxao-asqYMjlNNQk3BJy5PBp3IKDTDopuLRhyM6rwgLocFRT_2Zm25DwUdipAYw0vi9CAZNcVuOlttQua_DQ2GUwTynBh1UkcYJrH_5ruQvGQxlXAOulqvX09TUQDQcSyhWi8cpWjvWLpkS26CnMUYNydFTDB2vvWX8BXSCmYR70I7kTQe8-Be5SDx7IletN81TPRnXLZJW58C_W_7twNjenhbG_eBrCGd7X3OrJJZAV6epD8ZDziaGZ7ZoXbB7v7_lRChHpVWy9aBhPuXyezU6d_SsDmdOeb-U9eiDxMsmqFaL-QscqoZrhmVm_79plFMjZjg1GKK9mgeumFaRBZq4M-TH115PCLx_HOg5V2fDUFKRH1GncC3kz3xTb4hDSHE43u5iYO7SRLe-c-LkB0Rpkw2SeVaCy41O-iJYzJnCO0Fe52byyjFm7011NlU-gKrMbZ0Zk1gGXCcQb6C4tFqNouuJXJhX3f6a2vfhu7XOmDTpG5up39CT5aCo0HhXiQUq7afncsinvmyV1xyrNfzDtXP-L9g=w1024-h576-no\" width=\"1024\" height=\"576\" \/><\/p>\n<p>Ya con el coche, y de vuelta a Sant Joan de les Abadesas, paramos en la ermita de Sant Mart\u00ed de Ogassa. (ver en el album de fotos algunos datos hist\u00f3ricos de la misma)<\/p>\n<p><img loading=\"lazy\" decoding=\"async\" class=\"alignnone size-full\" src=\"https:\/\/lh3.googleusercontent.com\/CXeRM2mzxrPe5t-mgaXkO_lPM0yER-2MEcnW2aQ9M640R7JyHzqx9mHJWS32LyAqncimYBbPlUQjYR7A-eAHq3pv299QBGcpuUfHMqpWCSRMYXkTYKoL90mo2WeHSgOPCmGvqKhv6ZSPOoD3aVpNQRXLqdZYhR2bzZfN4dciF3Km1muqv12jGV5JshkxMaETDl4ysvkgNN_y1tCQG567v_yLJTpuhEVM6tfroFkeUyHA1O_srkpj4prxH_FXyz2GhA8EA1FCt43ixQ7k82tX2fWHehcb1mSZWSpul1kDVytC2mIJjmLuDZblixS_L1mVfBuXJUiNwyklWfNL9XVb2YtiZRo-3Cwnk1Pc98TchDFOJWzRnnz1nzQ3oIfH3iyOpCxdCvT5m9s_sgRwQ3x9MsTbiyk4TqzwSJNa26gSxfA2v3fDK_LxslYCrkice68tIlXkgocpmiB6abHues_oOlL7Dmc0aavGeusXafmmNMnp9tkBrvopVtt7dpLJxcGEjlDw9_o1bucRXTycoZdro9kpvqEizqDhWSvN-5zR14cXKuQJPs3RrkipDJiZPQNcsN2_cJE6rIz59GxsWQlF_lfYnGOihXiHPZy-Pk7oxc2LpepK0OTA5Z5ItzGiUqYgoJz536zCWd2kzqXdXQgez-9ir936FM1G4X8bAs4LEZ0uSZWik3M0TQgnpND5EDEWVwgp2_29YlLk5aRPTh6CB8mSnw=w1024-h576-no\" width=\"1024\" height=\"576\" \/><\/p>\n<p><img loading=\"lazy\" decoding=\"async\" class=\"alignnone size-full\" src=\"https:\/\/lh3.googleusercontent.com\/OXF7Kgn8m-o7CJIfjxmobfLCFpTJ2QAcuiGUxwSQCnbyQkgbd5v7GeEpB4QKXDV_7EeOPgAltebf0ApbPSTd78Gi8ztAaxD7DVqmFWoeo-xhKHDVlQWdcsv4CsqqLpvn3B2l_7ctE9hoiDlDmho22knF21eU2CN5iHm3cO6YsUU63x1_TUJf9I0pakuJUcvadipLC1Nxo2PiM4pxkBNMy2jJYx3X8QU4GVnt-KCKaZ0UhVanz02Ns7gw0XtoxiNiuhPifGLQJujHlZTWT48sIJ90qQ-Lw-jK2wfrn_YExFXYxyE-5sR43t9wkLB0VqAiXZeIbyGO9BvWh7RGxFQTw-GHUckXASzQJewvpO0nZfyArS_Vu5pCwztqBRolciPvBA96bPnJ3CyEwro2kscAHUYJWJTInIuFXsaky4TMSj8BTBIAo43LmruUpVX4q_CMFdmVLcwIlyQ6vkc6_oAtfHwNIaJ76UiJOzVTRldfolwZN9QUYc5CotGk22u0DKdRTbT8pHjGF_FmOX9MWj5XvR_Xbitvp5dVL3cRUjFfEvH69eHDiu2-mkJi7lIVLRyE_srW5DpdFRzwFgXOPSjP88QkaOfZSHwj8wvyqbQBbtkMzvsxesZIit5XhCi9isLlOATGy9SAdy26ufBQa_gfjtG22wBp1AY6l7-39Sv7gAqMxz7R7FHGsLSEzZpFUByJI9v7Ac7EtIa8FQtClzIloJVE6Q=w887-h665-no\" width=\"887\" height=\"665\" \/><\/p>\n<p>Y para comer algo, nos acercamos al Gorg de Malatosca, que est\u00e1 un poco antes de llegar a Sant Joan de les Abadesas, en donde hay una bonita cascada y unas mesas para comer y descansar un rato.<\/p>\n<p><img loading=\"lazy\" decoding=\"async\" class=\"alignnone size-full\" src=\"https:\/\/lh3.googleusercontent.com\/AvF3vv6t5wVHalhtiECsRYKB-Vfr-ULkot5EnrrXswcw5Lxlq38eeW3hB8BQgq--E2klEI6DsljYCncWVx6T-uYzYrOTNBGCLcsPMfcNl7GPQIMtBW3C9elb0PrAp2LEAgbvEu4XHyyryDQMrEt6_UyAZZxJs1KCIKCKEBnWLqUNdwieq4CIbaPCZkOB70Zait-g4gPmtwFEkcjMPOiZx2eYGsFVtEHX9l4KNDazxhbtifeX-sUJ9q0-fi9nXwtveUIv2nZ1bocp0H46sBKj6WwWqqZI1_Q37IZp2lGDuaKM9-TZpJi0gQxr-sQCrSPXi0II1rTGErahiN1bR4ewdohpM4Nz3QT_Egr0eJYPqMClWtFmkLdXFF1eNu3ZCTWNkaOZ-BugpzRBoOGqzZ1kMtlVpxDBJDBW5fRzRmkq6USYy0MDryp3yX0m0vtK2gXuk3hEj0mxapji9MWdvAcgS5rTFDjCNmv90g4-mxQsYY8glYPEQc4fqr_q96G4RFCY9SUmkMSScjrZt07r9B0S1IUiod6wBut0HbeUimlxgi-fKjb8z-S86Ahwi7a4WE_vnl_CGZsp0vD5Jc8Oihxsgr4U_NvfovpuGpu4tW1bQnpe60BeOQbgMCtYSi9cZR2KDn4P7poEhF7_8SiETaqoUfz51llMBHpInUrOWnVkFGBcPJ-owTesn6Cg4PLP-57ZTl48W2KcpmO28xJtTgQN3gblgQ=w887-h665-no\" width=\"887\" height=\"665\" \/><\/p>\n<hr \/>\n<p>&nbsp;<\/p>\n<p><strong>Track de la ruta<\/strong><\/p>\n<p>[sgpx gpx=\u00bb\/wp-content\/uploads\/gpx\/Taga-SantAmand.gpx\u00bb]<\/p>\n<p>&nbsp;<\/p>\n<hr \/>\n<p>&nbsp;<\/p>\n<p style=\"text-align: justify;\"><span style=\"color: #ff0000; background-color: #ffffff; font-size: 14pt;\"><strong>Si te ha gustado, comp\u00e1rtelo en tu red favorita o env\u00edanos tu comentario.<br \/>\n<\/strong><\/span><\/p>\n<p style=\"text-align: justify;\"><span style=\"font-size: 14pt;\"><strong><span style=\"color: #ff0000;\">Muchas gracias !<\/span><\/strong><\/span><\/p>\n<hr \/>\n<p style=\"text-align: justify;\"><strong><span style=\"color: #008000;\">Suscribete si quieres recibir un mail cuando publiquemos nuevas rutas : no enviamos publicidad y como m\u00e1ximo enviamos 2 mails al mes<\/span><\/strong><\/p>\n<p style=\"text-align: center;\"><a href=\"https:\/\/mailchi.mp\/6989c83a3e24\/wmv06rtqcz\/\" target=\"_blank\" rel=\"noopener noreferrer\"><strong><span style=\"color: #0000ff;\">Pulsa aqu\u00ed para suscribirte<\/span><\/strong><\/a><\/p>\n<hr \/>\n<p style=\"text-align: justify;\">\u00a0<\/p>\n<h3 style=\"text-align: justify;\">Puedes imprimir esta publicaci\u00f3n o guardarla en diferentes formatos :<\/h3>\n<p style=\"text-align: justify;\"><span style=\"color: #ff0000; font-size: 14pt;\">Para facilitar la impresi\u00f3n, se ha reducido considerablemente el tama\u00f1o de las fotos, pero si deseas imprimir sin fotos, aconsejamos guardarlo como \u201cdoc\u201d, y antes de imprimirlo, eliminar las fotos<\/span><\/p>\n<p><span style=\"color: #ff0000;\">\u00a0<\/span><\/p>\n<hr \/>\n<p>&nbsp;<\/p>\n<h3><strong>Wikiloc<\/strong><\/h3>\n<p><a href=\"https:\/\/es.wikiloc.com\/rutas-senderismo\/picos-de-taga-y-sant-amand-36967897\" target=\"_blank\" rel=\"noopener noreferrer\"><img loading=\"lazy\" decoding=\"async\" class=\"size-full wp-image-958 aligncenter\" src=\"https:\/\/www.carlosyconchita.net\/rutas\/wp-content\/uploads\/2020\/09\/wikiloc.jpg\" alt=\"\" width=\"117\" height=\"34\" \/><\/a><\/p>\n","protected":false},"excerpt":{"rendered":"<p>Desde Sant Joan de las Abadesas, nos dirigimos al Coll de Jou, que est\u00e1 justo enmedio de los dos picos a los que queremos subir hoy : el de Sant Amand y el Taga. All\u00ed dejamos el coche, subimos primero al Sant Amand, bajamos de nuevo al Coll de Jou, cruzamos la carretera y subimos [&hellip;]<\/p>\n","protected":false},"author":50,"featured_media":12856,"comment_status":"open","ping_status":"open","sticky":false,"template":"","format":"standard","meta":{"footnotes":""},"categories":[106,105,22,11,96],"tags":[],"class_list":{"0":"post-15351","1":"post","2":"type-post","3":"status-publish","4":"format-standard","5":"has-post-thumbnail","6":"hentry","7":"category-nuestros-100-cims","8":"category-100-cims-feec","9":"category-de-05-a-10-km","10":"category-moderada","11":"category-ripolles","13":"post-with-thumbnail","14":"post-with-thumbnail-icon"},"yoast_head":"<!-- This site is optimized with the Yoast SEO plugin v27.4 - https:\/\/yoast.com\/product\/yoast-seo-wordpress\/ -->\n<title>10-05-2019- Picos de Sant Amand y Taga (100 Cims) -<\/title>\n<meta name=\"robots\" content=\"index, follow, max-snippet:-1, max-image-preview:large, max-video-preview:-1\" \/>\n<link rel=\"canonical\" href=\"https:\/\/www.carlosyconchita.net\/rutas\/10-05-2019-picos-de-taga-y-sant-amand-copy\/\" \/>\n<meta property=\"og:locale\" content=\"es_ES\" \/>\n<meta property=\"og:type\" content=\"article\" \/>\n<meta property=\"og:title\" content=\"10-05-2019- Picos de Sant Amand y Taga (100 Cims) -\" \/>\n<meta property=\"og:description\" content=\"Desde Sant Joan de las Abadesas, nos dirigimos al Coll de Jou, que est\u00e1 justo enmedio de los dos picos a los que queremos subir hoy : el de Sant Amand y el Taga. All\u00ed dejamos el coche, subimos primero al Sant Amand, bajamos de nuevo al Coll de Jou, cruzamos la carretera y subimos [&hellip;]\" \/>\n<meta property=\"og:url\" content=\"https:\/\/www.carlosyconchita.net\/rutas\/10-05-2019-picos-de-taga-y-sant-amand-copy\/\" \/>\n<meta property=\"og:site_name\" content=\"Las rutas de Carlos y Conchita\" \/>\n<meta property=\"article:published_time\" content=\"2019-05-10T20:17:39+00:00\" \/>\n<meta property=\"article:modified_time\" content=\"2021-06-17T14:32:06+00:00\" \/>\n<meta property=\"og:image\" content=\"https:\/\/www.carlosyconchita.net\/rutas\/wp-content\/uploads\/2019\/05\/Taga-0220.jpg\" \/>\n\t<meta property=\"og:image:width\" content=\"1024\" \/>\n\t<meta property=\"og:image:height\" content=\"576\" \/>\n\t<meta property=\"og:image:type\" content=\"image\/jpeg\" \/>\n<meta name=\"author\" content=\"Carlos Conchita\" \/>\n<meta name=\"twitter:label1\" content=\"Escrito por\" \/>\n\t<meta name=\"twitter:data1\" content=\"Carlos Conchita\" \/>\n\t<meta name=\"twitter:label2\" content=\"Tiempo de lectura\" \/>\n\t<meta name=\"twitter:data2\" content=\"7 minutos\" \/>\n<script type=\"application\/ld+json\" class=\"yoast-schema-graph\">{\"@context\":\"https:\\\/\\\/schema.org\",\"@graph\":[{\"@type\":\"Article\",\"@id\":\"https:\\\/\\\/www.carlosyconchita.net\\\/rutas\\\/10-05-2019-picos-de-taga-y-sant-amand-copy\\\/#article\",\"isPartOf\":{\"@id\":\"https:\\\/\\\/www.carlosyconchita.net\\\/rutas\\\/10-05-2019-picos-de-taga-y-sant-amand-copy\\\/\"},\"author\":{\"name\":\"Carlos Conchita\",\"@id\":\"https:\\\/\\\/www.carlosyconchita.net\\\/rutas\\\/#\\\/schema\\\/person\\\/a9691f7258c28443fab2d3aa1479ea19\"},\"headline\":\"10-05-2019- Picos de Sant Amand y Taga (100 Cims)\",\"datePublished\":\"2019-05-10T20:17:39+00:00\",\"dateModified\":\"2021-06-17T14:32:06+00:00\",\"mainEntityOfPage\":{\"@id\":\"https:\\\/\\\/www.carlosyconchita.net\\\/rutas\\\/10-05-2019-picos-de-taga-y-sant-amand-copy\\\/\"},\"wordCount\":621,\"commentCount\":0,\"image\":{\"@id\":\"https:\\\/\\\/www.carlosyconchita.net\\\/rutas\\\/10-05-2019-picos-de-taga-y-sant-amand-copy\\\/#primaryimage\"},\"thumbnailUrl\":\"https:\\\/\\\/www.carlosyconchita.net\\\/rutas\\\/wp-content\\\/uploads\\\/2019\\\/05\\\/Taga-0220.jpg\",\"articleSection\":[\"100 Cims Carlos y Conchita\",\"100 Cims FEEC\",\"2 - De 5 a 10 km.\",\"2-Moderada\",\"Ripoll\u00e9s\"],\"inLanguage\":\"es\",\"potentialAction\":[{\"@type\":\"CommentAction\",\"name\":\"Comment\",\"target\":[\"https:\\\/\\\/www.carlosyconchita.net\\\/rutas\\\/10-05-2019-picos-de-taga-y-sant-amand-copy\\\/#respond\"]}]},{\"@type\":\"WebPage\",\"@id\":\"https:\\\/\\\/www.carlosyconchita.net\\\/rutas\\\/10-05-2019-picos-de-taga-y-sant-amand-copy\\\/\",\"url\":\"https:\\\/\\\/www.carlosyconchita.net\\\/rutas\\\/10-05-2019-picos-de-taga-y-sant-amand-copy\\\/\",\"name\":\"10-05-2019- Picos de Sant Amand y Taga (100 Cims) -\",\"isPartOf\":{\"@id\":\"https:\\\/\\\/www.carlosyconchita.net\\\/rutas\\\/#website\"},\"primaryImageOfPage\":{\"@id\":\"https:\\\/\\\/www.carlosyconchita.net\\\/rutas\\\/10-05-2019-picos-de-taga-y-sant-amand-copy\\\/#primaryimage\"},\"image\":{\"@id\":\"https:\\\/\\\/www.carlosyconchita.net\\\/rutas\\\/10-05-2019-picos-de-taga-y-sant-amand-copy\\\/#primaryimage\"},\"thumbnailUrl\":\"https:\\\/\\\/www.carlosyconchita.net\\\/rutas\\\/wp-content\\\/uploads\\\/2019\\\/05\\\/Taga-0220.jpg\",\"datePublished\":\"2019-05-10T20:17:39+00:00\",\"dateModified\":\"2021-06-17T14:32:06+00:00\",\"author\":{\"@id\":\"https:\\\/\\\/www.carlosyconchita.net\\\/rutas\\\/#\\\/schema\\\/person\\\/a9691f7258c28443fab2d3aa1479ea19\"},\"breadcrumb\":{\"@id\":\"https:\\\/\\\/www.carlosyconchita.net\\\/rutas\\\/10-05-2019-picos-de-taga-y-sant-amand-copy\\\/#breadcrumb\"},\"inLanguage\":\"es\",\"potentialAction\":[{\"@type\":\"ReadAction\",\"target\":[\"https:\\\/\\\/www.carlosyconchita.net\\\/rutas\\\/10-05-2019-picos-de-taga-y-sant-amand-copy\\\/\"]}]},{\"@type\":\"ImageObject\",\"inLanguage\":\"es\",\"@id\":\"https:\\\/\\\/www.carlosyconchita.net\\\/rutas\\\/10-05-2019-picos-de-taga-y-sant-amand-copy\\\/#primaryimage\",\"url\":\"https:\\\/\\\/www.carlosyconchita.net\\\/rutas\\\/wp-content\\\/uploads\\\/2019\\\/05\\\/Taga-0220.jpg\",\"contentUrl\":\"https:\\\/\\\/www.carlosyconchita.net\\\/rutas\\\/wp-content\\\/uploads\\\/2019\\\/05\\\/Taga-0220.jpg\",\"width\":1024,\"height\":576},{\"@type\":\"BreadcrumbList\",\"@id\":\"https:\\\/\\\/www.carlosyconchita.net\\\/rutas\\\/10-05-2019-picos-de-taga-y-sant-amand-copy\\\/#breadcrumb\",\"itemListElement\":[{\"@type\":\"ListItem\",\"position\":1,\"name\":\"Portada\",\"item\":\"https:\\\/\\\/www.carlosyconchita.net\\\/rutas\\\/\"},{\"@type\":\"ListItem\",\"position\":2,\"name\":\"10-05-2019- Picos de Sant Amand y Taga (100 Cims)\"}]},{\"@type\":\"WebSite\",\"@id\":\"https:\\\/\\\/www.carlosyconchita.net\\\/rutas\\\/#website\",\"url\":\"https:\\\/\\\/www.carlosyconchita.net\\\/rutas\\\/\",\"name\":\"Las rutas de Carlos y Conchita\",\"description\":\"\",\"potentialAction\":[{\"@type\":\"SearchAction\",\"target\":{\"@type\":\"EntryPoint\",\"urlTemplate\":\"https:\\\/\\\/www.carlosyconchita.net\\\/rutas\\\/?s={search_term_string}\"},\"query-input\":{\"@type\":\"PropertyValueSpecification\",\"valueRequired\":true,\"valueName\":\"search_term_string\"}}],\"inLanguage\":\"es\"},{\"@type\":\"Person\",\"@id\":\"https:\\\/\\\/www.carlosyconchita.net\\\/rutas\\\/#\\\/schema\\\/person\\\/a9691f7258c28443fab2d3aa1479ea19\",\"name\":\"Carlos Conchita\",\"image\":{\"@type\":\"ImageObject\",\"inLanguage\":\"es\",\"@id\":\"https:\\\/\\\/secure.gravatar.com\\\/avatar\\\/3a4625b20c8da3de99da69bfe7a322774e291c3f90dce7e8778a30fe6748ed1a?s=96&d=mm&r=g\",\"url\":\"https:\\\/\\\/secure.gravatar.com\\\/avatar\\\/3a4625b20c8da3de99da69bfe7a322774e291c3f90dce7e8778a30fe6748ed1a?s=96&d=mm&r=g\",\"contentUrl\":\"https:\\\/\\\/secure.gravatar.com\\\/avatar\\\/3a4625b20c8da3de99da69bfe7a322774e291c3f90dce7e8778a30fe6748ed1a?s=96&d=mm&r=g\",\"caption\":\"Carlos Conchita\"}}]}<\/script>\n<!-- \/ Yoast SEO plugin. -->","yoast_head_json":{"title":"10-05-2019- Picos de Sant Amand y Taga (100 Cims) -","robots":{"index":"index","follow":"follow","max-snippet":"max-snippet:-1","max-image-preview":"max-image-preview:large","max-video-preview":"max-video-preview:-1"},"canonical":"https:\/\/www.carlosyconchita.net\/rutas\/10-05-2019-picos-de-taga-y-sant-amand-copy\/","og_locale":"es_ES","og_type":"article","og_title":"10-05-2019- Picos de Sant Amand y Taga (100 Cims) -","og_description":"Desde Sant Joan de las Abadesas, nos dirigimos al Coll de Jou, que est\u00e1 justo enmedio de los dos picos a los que queremos subir hoy : el de Sant Amand y el Taga. All\u00ed dejamos el coche, subimos primero al Sant Amand, bajamos de nuevo al Coll de Jou, cruzamos la carretera y subimos [&hellip;]","og_url":"https:\/\/www.carlosyconchita.net\/rutas\/10-05-2019-picos-de-taga-y-sant-amand-copy\/","og_site_name":"Las rutas de Carlos y Conchita","article_published_time":"2019-05-10T20:17:39+00:00","article_modified_time":"2021-06-17T14:32:06+00:00","og_image":[{"width":1024,"height":576,"url":"https:\/\/www.carlosyconchita.net\/rutas\/wp-content\/uploads\/2019\/05\/Taga-0220.jpg","type":"image\/jpeg"}],"author":"Carlos Conchita","twitter_misc":{"Escrito por":"Carlos Conchita","Tiempo de lectura":"7 minutos"},"schema":{"@context":"https:\/\/schema.org","@graph":[{"@type":"Article","@id":"https:\/\/www.carlosyconchita.net\/rutas\/10-05-2019-picos-de-taga-y-sant-amand-copy\/#article","isPartOf":{"@id":"https:\/\/www.carlosyconchita.net\/rutas\/10-05-2019-picos-de-taga-y-sant-amand-copy\/"},"author":{"name":"Carlos Conchita","@id":"https:\/\/www.carlosyconchita.net\/rutas\/#\/schema\/person\/a9691f7258c28443fab2d3aa1479ea19"},"headline":"10-05-2019- Picos de Sant Amand y Taga (100 Cims)","datePublished":"2019-05-10T20:17:39+00:00","dateModified":"2021-06-17T14:32:06+00:00","mainEntityOfPage":{"@id":"https:\/\/www.carlosyconchita.net\/rutas\/10-05-2019-picos-de-taga-y-sant-amand-copy\/"},"wordCount":621,"commentCount":0,"image":{"@id":"https:\/\/www.carlosyconchita.net\/rutas\/10-05-2019-picos-de-taga-y-sant-amand-copy\/#primaryimage"},"thumbnailUrl":"https:\/\/www.carlosyconchita.net\/rutas\/wp-content\/uploads\/2019\/05\/Taga-0220.jpg","articleSection":["100 Cims Carlos y Conchita","100 Cims FEEC","2 - De 5 a 10 km.","2-Moderada","Ripoll\u00e9s"],"inLanguage":"es","potentialAction":[{"@type":"CommentAction","name":"Comment","target":["https:\/\/www.carlosyconchita.net\/rutas\/10-05-2019-picos-de-taga-y-sant-amand-copy\/#respond"]}]},{"@type":"WebPage","@id":"https:\/\/www.carlosyconchita.net\/rutas\/10-05-2019-picos-de-taga-y-sant-amand-copy\/","url":"https:\/\/www.carlosyconchita.net\/rutas\/10-05-2019-picos-de-taga-y-sant-amand-copy\/","name":"10-05-2019- Picos de Sant Amand y Taga (100 Cims) -","isPartOf":{"@id":"https:\/\/www.carlosyconchita.net\/rutas\/#website"},"primaryImageOfPage":{"@id":"https:\/\/www.carlosyconchita.net\/rutas\/10-05-2019-picos-de-taga-y-sant-amand-copy\/#primaryimage"},"image":{"@id":"https:\/\/www.carlosyconchita.net\/rutas\/10-05-2019-picos-de-taga-y-sant-amand-copy\/#primaryimage"},"thumbnailUrl":"https:\/\/www.carlosyconchita.net\/rutas\/wp-content\/uploads\/2019\/05\/Taga-0220.jpg","datePublished":"2019-05-10T20:17:39+00:00","dateModified":"2021-06-17T14:32:06+00:00","author":{"@id":"https:\/\/www.carlosyconchita.net\/rutas\/#\/schema\/person\/a9691f7258c28443fab2d3aa1479ea19"},"breadcrumb":{"@id":"https:\/\/www.carlosyconchita.net\/rutas\/10-05-2019-picos-de-taga-y-sant-amand-copy\/#breadcrumb"},"inLanguage":"es","potentialAction":[{"@type":"ReadAction","target":["https:\/\/www.carlosyconchita.net\/rutas\/10-05-2019-picos-de-taga-y-sant-amand-copy\/"]}]},{"@type":"ImageObject","inLanguage":"es","@id":"https:\/\/www.carlosyconchita.net\/rutas\/10-05-2019-picos-de-taga-y-sant-amand-copy\/#primaryimage","url":"https:\/\/www.carlosyconchita.net\/rutas\/wp-content\/uploads\/2019\/05\/Taga-0220.jpg","contentUrl":"https:\/\/www.carlosyconchita.net\/rutas\/wp-content\/uploads\/2019\/05\/Taga-0220.jpg","width":1024,"height":576},{"@type":"BreadcrumbList","@id":"https:\/\/www.carlosyconchita.net\/rutas\/10-05-2019-picos-de-taga-y-sant-amand-copy\/#breadcrumb","itemListElement":[{"@type":"ListItem","position":1,"name":"Portada","item":"https:\/\/www.carlosyconchita.net\/rutas\/"},{"@type":"ListItem","position":2,"name":"10-05-2019- Picos de Sant Amand y Taga (100 Cims)"}]},{"@type":"WebSite","@id":"https:\/\/www.carlosyconchita.net\/rutas\/#website","url":"https:\/\/www.carlosyconchita.net\/rutas\/","name":"Las rutas de Carlos y Conchita","description":"","potentialAction":[{"@type":"SearchAction","target":{"@type":"EntryPoint","urlTemplate":"https:\/\/www.carlosyconchita.net\/rutas\/?s={search_term_string}"},"query-input":{"@type":"PropertyValueSpecification","valueRequired":true,"valueName":"search_term_string"}}],"inLanguage":"es"},{"@type":"Person","@id":"https:\/\/www.carlosyconchita.net\/rutas\/#\/schema\/person\/a9691f7258c28443fab2d3aa1479ea19","name":"Carlos Conchita","image":{"@type":"ImageObject","inLanguage":"es","@id":"https:\/\/secure.gravatar.com\/avatar\/3a4625b20c8da3de99da69bfe7a322774e291c3f90dce7e8778a30fe6748ed1a?s=96&d=mm&r=g","url":"https:\/\/secure.gravatar.com\/avatar\/3a4625b20c8da3de99da69bfe7a322774e291c3f90dce7e8778a30fe6748ed1a?s=96&d=mm&r=g","contentUrl":"https:\/\/secure.gravatar.com\/avatar\/3a4625b20c8da3de99da69bfe7a322774e291c3f90dce7e8778a30fe6748ed1a?s=96&d=mm&r=g","caption":"Carlos Conchita"}}]}},"_links":{"self":[{"href":"https:\/\/www.carlosyconchita.net\/rutas\/wp-json\/wp\/v2\/posts\/15351","targetHints":{"allow":["GET"]}}],"collection":[{"href":"https:\/\/www.carlosyconchita.net\/rutas\/wp-json\/wp\/v2\/posts"}],"about":[{"href":"https:\/\/www.carlosyconchita.net\/rutas\/wp-json\/wp\/v2\/types\/post"}],"author":[{"embeddable":true,"href":"https:\/\/www.carlosyconchita.net\/rutas\/wp-json\/wp\/v2\/users\/50"}],"replies":[{"embeddable":true,"href":"https:\/\/www.carlosyconchita.net\/rutas\/wp-json\/wp\/v2\/comments?post=15351"}],"version-history":[{"count":0,"href":"https:\/\/www.carlosyconchita.net\/rutas\/wp-json\/wp\/v2\/posts\/15351\/revisions"}],"wp:featuredmedia":[{"embeddable":true,"href":"https:\/\/www.carlosyconchita.net\/rutas\/wp-json\/wp\/v2\/media\/12856"}],"wp:attachment":[{"href":"https:\/\/www.carlosyconchita.net\/rutas\/wp-json\/wp\/v2\/media?parent=15351"}],"wp:term":[{"taxonomy":"category","embeddable":true,"href":"https:\/\/www.carlosyconchita.net\/rutas\/wp-json\/wp\/v2\/categories?post=15351"},{"taxonomy":"post_tag","embeddable":true,"href":"https:\/\/www.carlosyconchita.net\/rutas\/wp-json\/wp\/v2\/tags?post=15351"}],"curies":[{"name":"wp","href":"https:\/\/api.w.org\/{rel}","templated":true}]}}