{"id":15370,"date":"2021-02-28T18:17:03","date_gmt":"2021-02-28T17:17:03","guid":{"rendered":"https:\/\/www.carlosyconchita.net\/rutas\/?p=15370"},"modified":"2021-03-22T11:19:15","modified_gmt":"2021-03-22T10:19:15","slug":"28-02-2021-cervello-penya-y-balma-cucut","status":"publish","type":"post","link":"https:\/\/www.carlosyconchita.net\/rutas\/28-02-2021-cervello-penya-y-balma-cucut\/","title":{"rendered":"28-02-2021 &#8211; Cervell\u00f3 &#8211; Penya y balmas del Cucut"},"content":{"rendered":"<p style=\"text-align: justify;\">Hoy quer\u00edamos hacer una caminata algo m\u00e1s larga que las que hacemos diariamente por los alrededores de nuestro pueblo, y tambi\u00e9n por un sitio distinto,\u00a0 ya que los dias laborables no tenemos tanto tiempo.<\/p>\n<p style=\"text-align: justify;\">La idea era llegar hasta las cuevas de Can Riera, que est\u00e1n cerradas desde hace meses, y desde all\u00ed ir a la Penya del Cucut y despu\u00e9s volver al punto de partida, y as\u00ed habr\u00edamos podido hacer una caminata circular.<\/p>\n<p style=\"text-align: justify;\">Para ello, desde Cervell\u00f3, cruzamos la riera de Cervell\u00f3, pasamos por el lado del campo de f\u00fatbol y subimos hacia la Cruz de Santa Mar\u00eda, que est\u00e1 debajo de las ruinas del Castillo y de la Ermita de Santa Mar\u00eda.<br \/>\nSeguimos la carretera y despu\u00e9s el camino que cruza la mas\u00eda de Can Sala de Baix, y llegamos al Collet de Can Riera (en donde nos encontramos 2 mossos con el coche)\u00a0 y desde all\u00ed seguimos uno de los caminos que se unen all\u00ed, y cuando llegamos a una peque\u00f1a explanada en donde se juntan varios caminos,\u00a0 vemos un letrero que nos indica que no se puede seguir en direccion a las cuevas de Can Riera y que la multa es de 750 \u20ac<\/p>\n<p style=\"text-align: justify;\">Nosotros sab\u00edamos que las cuevas de Can Riera estaban cerradas, pero pens\u00e1bamos que podr\u00edamos pasar por el camino, para hacer la excursi\u00f3n circular, pero no nos ha quedado m\u00e1s remedio que volver por el mismo camino y desde all\u00ed subir a las balmas y pe\u00f1a del Cucut, a donde tendr\u00edamos que haber llegado desde las cuevas de Can Riera.<\/p>\n<hr \/>\n<h3 style=\"text-align: justify;\"><strong>Album de fotos<\/strong><\/h3>\n<p><a href=\"https:\/\/photos.app.goo.gl\/934zi2pAKwsvLZM26\" target=\"_blank\" rel=\"noopener\"><img loading=\"lazy\" decoding=\"async\" class=\"aligncenter wp-image-15371 size-medium\" src=\"https:\/\/www.carlosyconchita.net\/rutas\/wp-content\/uploads\/2021\/02\/Cucut-00055-300x169.jpg\" alt=\"\" width=\"300\" height=\"169\" srcset=\"https:\/\/www.carlosyconchita.net\/rutas\/wp-content\/uploads\/2021\/02\/Cucut-00055-300x169.jpg 300w, https:\/\/www.carlosyconchita.net\/rutas\/wp-content\/uploads\/2021\/02\/Cucut-00055-600x338.jpg 600w, https:\/\/www.carlosyconchita.net\/rutas\/wp-content\/uploads\/2021\/02\/Cucut-00055-768x432.jpg 768w, https:\/\/www.carlosyconchita.net\/rutas\/wp-content\/uploads\/2021\/02\/Cucut-00055.jpg 1024w\" sizes=\"auto, (max-width: 300px) 100vw, 300px\" \/><\/a><\/p>\n<hr \/>\n<p><strong>Dificultad<\/strong> :\u00a0\u00a0\u00a0 F\u00e1cil<\/p>\n<p><strong>Distancia total<\/strong> :\u00a0\u00a0 11.220\u00a0<span class=\"totlen\"><span class=\"summaryvalue\"> m<\/span><\/span><\/p>\n<p><strong>Alturas m\u00ednima \/ m\u00e1xima<\/strong> :\u00a0\u00a0\u00a0\u00a0 71 m.\u00a0 \/\u00a0\u00a0 281<span class=\"maxele\"><span class=\"summaryvalue\"> m<\/span><\/span><\/p>\n<p><strong>Desnivel acumulado (s\/Wikiloc)<\/strong>\u00a0 :\u00a0\u00a0\u00a0 354\u00a0 m.\u00a0<\/p>\n<p><strong>Tiempo total \/ en movimiento<\/strong> :\u00a0\u00a0\u00a0\u00a0\u00a0\u00a0 4 h. 21 m.\u00a0 \/\u00a0 2 h. 57\u00a0 m.<\/p>\n<p><strong>Velocidad media total \/ velocidad media movimiento<\/strong> :\u00a0\u00a0\u00a0 2\u201958 km\/h\u00a0 \u2013\u00a0 3\u201980 km.\/h<\/p>\n<hr \/>\n<h3><strong>Track y mapa de la ruta<\/strong><\/h3>\n<p style=\"text-align: center;\"><span style=\"color: #ff0000;\"><strong>Pulsando sobre los iconos de los waypoints del mapa\u00a0 o de la lista abajo a la derecha , se puede ver una foto del sitio.<\/strong><\/span><\/p>\n<p><a href=\"http:\/\/www.carlosyconchita.net\/rutas\/wp-content\/uploads\/gpx\/Cervello-Cucut.html\" target=\"_blank\" rel=\"noopener\"><img loading=\"lazy\" decoding=\"async\" class=\"aligncenter size-full wp-image-14621\" src=\"https:\/\/www.carlosyconchita.net\/rutas\/wp-content\/uploads\/2020\/06\/mapa.jpg\" alt=\"\" width=\"181\" height=\"122\" \/><\/a><\/p>\n<hr \/>\n<h3><strong>Wikiloc<\/strong><\/h3>\n<p><a href=\"https:\/\/es.wikiloc.com\/rutas-senderismo\/cervello-cuevas-y-balma-del-cucut-66861584\" target=\"_blank\" rel=\"noopener\"><img loading=\"lazy\" decoding=\"async\" class=\"aligncenter size-full wp-image-958\" src=\"https:\/\/www.carlosyconchita.net\/rutas\/wp-content\/uploads\/2020\/09\/wikiloc.jpg\" alt=\"\" width=\"117\" height=\"34\" \/><\/a><\/p>\n<hr \/>\n<p>&nbsp;<\/p>\n<p style=\"text-align: justify;\"><span style=\"color: #ff0000; background-color: #ffffff; font-size: 14pt;\"><strong>Si te ha gustado, comp\u00e1rtelo en tu red favorita o env\u00edanos tu comentario.<br \/>\n<\/strong><\/span><\/p>\n<p style=\"text-align: justify;\"><span style=\"font-size: 14pt;\"><strong><span style=\"color: #ff0000;\">Muchas gracias !<\/span><\/strong><\/span><\/p>\n<hr \/>\n<p style=\"text-align: justify;\"><strong><span style=\"color: #008000;\">Suscribete si quieres recibir un mail cuando publiquemos nuevas rutas : no enviamos publicidad y como m\u00e1ximo enviamos 2 mails al mes<\/span><\/strong><\/p>\n<p style=\"text-align: center;\"><a href=\"https:\/\/mailchi.mp\/6989c83a3e24\/wmv06rtqcz\/\" target=\"_blank\" rel=\"noopener noreferrer\"><strong><span style=\"color: #0000ff;\">Pulsa aqu\u00ed para suscribirte<\/span><\/strong><\/a><\/p>\n<hr \/>\n<p style=\"text-align: justify;\">\u00a0<\/p>\n<h3 style=\"text-align: justify;\">Puedes imprimir esta publicaci\u00f3n o guardarla en diferentes formatos :<\/h3>\n<p style=\"text-align: justify;\"><span style=\"color: #ff0000; font-size: 14pt;\">Para facilitar la impresi\u00f3n, se ha reducido considerablemente el tama\u00f1o de las fotos, pero si deseas imprimir sin fotos, aconsejamos guardarlo como \u201cdoc\u201d, y antes de imprimirlo, eliminar las fotos<\/span><\/p>\n<p>&nbsp;<\/p>\n<hr \/>\n","protected":false},"excerpt":{"rendered":"<p>Hoy quer\u00edamos hacer una caminata algo m\u00e1s larga que las que hacemos diariamente por los alrededores de nuestro pueblo, y tambi\u00e9n por un sitio distinto,\u00a0 ya que los dias laborables no tenemos tanto tiempo. La idea era llegar hasta las cuevas de Can Riera, que est\u00e1n cerradas desde hace meses, y desde all\u00ed ir a [&hellip;]<\/p>\n","protected":false},"author":50,"featured_media":15371,"comment_status":"closed","ping_status":"open","sticky":false,"template":"","format":"standard","meta":{"footnotes":""},"categories":[10,22,29],"tags":[],"class_list":{"0":"post-15370","1":"post","2":"type-post","3":"status-publish","4":"format-standard","5":"has-post-thumbnail","6":"hentry","7":"category-facil","8":"category-de-05-a-10-km","9":"category-baixllobregat","11":"post-with-thumbnail","12":"post-with-thumbnail-icon"},"yoast_head":"<!-- This site is optimized with the Yoast SEO plugin v27.4 - https:\/\/yoast.com\/product\/yoast-seo-wordpress\/ -->\n<title>28-02-2021 - Cervell\u00f3 - Penya y balmas del Cucut -<\/title>\n<meta name=\"robots\" content=\"index, follow, max-snippet:-1, max-image-preview:large, max-video-preview:-1\" \/>\n<link rel=\"canonical\" href=\"https:\/\/www.carlosyconchita.net\/rutas\/28-02-2021-cervello-penya-y-balma-cucut\/\" \/>\n<meta property=\"og:locale\" content=\"es_ES\" \/>\n<meta property=\"og:type\" content=\"article\" \/>\n<meta property=\"og:title\" content=\"28-02-2021 - Cervell\u00f3 - Penya y balmas del Cucut -\" \/>\n<meta property=\"og:description\" content=\"Hoy quer\u00edamos hacer una caminata algo m\u00e1s larga que las que hacemos diariamente por los alrededores de nuestro pueblo, y tambi\u00e9n por un sitio distinto,\u00a0 ya que los dias laborables no tenemos tanto tiempo. La idea era llegar hasta las cuevas de Can Riera, que est\u00e1n cerradas desde hace meses, y desde all\u00ed ir a [&hellip;]\" \/>\n<meta property=\"og:url\" content=\"https:\/\/www.carlosyconchita.net\/rutas\/28-02-2021-cervello-penya-y-balma-cucut\/\" \/>\n<meta property=\"og:site_name\" content=\"Las rutas de Carlos y Conchita\" \/>\n<meta property=\"article:published_time\" content=\"2021-02-28T17:17:03+00:00\" \/>\n<meta property=\"article:modified_time\" content=\"2021-03-22T10:19:15+00:00\" \/>\n<meta property=\"og:image\" content=\"https:\/\/www.carlosyconchita.net\/rutas\/wp-content\/uploads\/2021\/02\/Cucut-00055.jpg\" \/>\n\t<meta property=\"og:image:width\" content=\"1024\" \/>\n\t<meta property=\"og:image:height\" content=\"576\" \/>\n\t<meta property=\"og:image:type\" content=\"image\/jpeg\" \/>\n<meta name=\"author\" content=\"Carlos Conchita\" \/>\n<meta name=\"twitter:label1\" content=\"Escrito por\" \/>\n\t<meta name=\"twitter:data1\" content=\"Carlos Conchita\" \/>\n\t<meta name=\"twitter:label2\" content=\"Tiempo de lectura\" \/>\n\t<meta name=\"twitter:data2\" content=\"3 minutos\" \/>\n<script type=\"application\/ld+json\" class=\"yoast-schema-graph\">{\"@context\":\"https:\\\/\\\/schema.org\",\"@graph\":[{\"@type\":\"Article\",\"@id\":\"https:\\\/\\\/www.carlosyconchita.net\\\/rutas\\\/28-02-2021-cervello-penya-y-balma-cucut\\\/#article\",\"isPartOf\":{\"@id\":\"https:\\\/\\\/www.carlosyconchita.net\\\/rutas\\\/28-02-2021-cervello-penya-y-balma-cucut\\\/\"},\"author\":{\"name\":\"Carlos Conchita\",\"@id\":\"https:\\\/\\\/www.carlosyconchita.net\\\/rutas\\\/#\\\/schema\\\/person\\\/a9691f7258c28443fab2d3aa1479ea19\"},\"headline\":\"28-02-2021 &#8211; Cervell\u00f3 &#8211; Penya y balmas del Cucut\",\"datePublished\":\"2021-02-28T17:17:03+00:00\",\"dateModified\":\"2021-03-22T10:19:15+00:00\",\"mainEntityOfPage\":{\"@id\":\"https:\\\/\\\/www.carlosyconchita.net\\\/rutas\\\/28-02-2021-cervello-penya-y-balma-cucut\\\/\"},\"wordCount\":439,\"image\":{\"@id\":\"https:\\\/\\\/www.carlosyconchita.net\\\/rutas\\\/28-02-2021-cervello-penya-y-balma-cucut\\\/#primaryimage\"},\"thumbnailUrl\":\"https:\\\/\\\/www.carlosyconchita.net\\\/rutas\\\/wp-content\\\/uploads\\\/2021\\\/02\\\/Cucut-00055.jpg\",\"articleSection\":[\"1-F\u00e1cil\",\"2 - De 5 a 10 km.\",\"Baix Llobregat\"],\"inLanguage\":\"es\"},{\"@type\":\"WebPage\",\"@id\":\"https:\\\/\\\/www.carlosyconchita.net\\\/rutas\\\/28-02-2021-cervello-penya-y-balma-cucut\\\/\",\"url\":\"https:\\\/\\\/www.carlosyconchita.net\\\/rutas\\\/28-02-2021-cervello-penya-y-balma-cucut\\\/\",\"name\":\"28-02-2021 - Cervell\u00f3 - Penya y balmas del Cucut -\",\"isPartOf\":{\"@id\":\"https:\\\/\\\/www.carlosyconchita.net\\\/rutas\\\/#website\"},\"primaryImageOfPage\":{\"@id\":\"https:\\\/\\\/www.carlosyconchita.net\\\/rutas\\\/28-02-2021-cervello-penya-y-balma-cucut\\\/#primaryimage\"},\"image\":{\"@id\":\"https:\\\/\\\/www.carlosyconchita.net\\\/rutas\\\/28-02-2021-cervello-penya-y-balma-cucut\\\/#primaryimage\"},\"thumbnailUrl\":\"https:\\\/\\\/www.carlosyconchita.net\\\/rutas\\\/wp-content\\\/uploads\\\/2021\\\/02\\\/Cucut-00055.jpg\",\"datePublished\":\"2021-02-28T17:17:03+00:00\",\"dateModified\":\"2021-03-22T10:19:15+00:00\",\"author\":{\"@id\":\"https:\\\/\\\/www.carlosyconchita.net\\\/rutas\\\/#\\\/schema\\\/person\\\/a9691f7258c28443fab2d3aa1479ea19\"},\"breadcrumb\":{\"@id\":\"https:\\\/\\\/www.carlosyconchita.net\\\/rutas\\\/28-02-2021-cervello-penya-y-balma-cucut\\\/#breadcrumb\"},\"inLanguage\":\"es\",\"potentialAction\":[{\"@type\":\"ReadAction\",\"target\":[\"https:\\\/\\\/www.carlosyconchita.net\\\/rutas\\\/28-02-2021-cervello-penya-y-balma-cucut\\\/\"]}]},{\"@type\":\"ImageObject\",\"inLanguage\":\"es\",\"@id\":\"https:\\\/\\\/www.carlosyconchita.net\\\/rutas\\\/28-02-2021-cervello-penya-y-balma-cucut\\\/#primaryimage\",\"url\":\"https:\\\/\\\/www.carlosyconchita.net\\\/rutas\\\/wp-content\\\/uploads\\\/2021\\\/02\\\/Cucut-00055.jpg\",\"contentUrl\":\"https:\\\/\\\/www.carlosyconchita.net\\\/rutas\\\/wp-content\\\/uploads\\\/2021\\\/02\\\/Cucut-00055.jpg\",\"width\":1024,\"height\":576},{\"@type\":\"BreadcrumbList\",\"@id\":\"https:\\\/\\\/www.carlosyconchita.net\\\/rutas\\\/28-02-2021-cervello-penya-y-balma-cucut\\\/#breadcrumb\",\"itemListElement\":[{\"@type\":\"ListItem\",\"position\":1,\"name\":\"Portada\",\"item\":\"https:\\\/\\\/www.carlosyconchita.net\\\/rutas\\\/\"},{\"@type\":\"ListItem\",\"position\":2,\"name\":\"28-02-2021 &#8211; Cervell\u00f3 &#8211; Penya y balmas del Cucut\"}]},{\"@type\":\"WebSite\",\"@id\":\"https:\\\/\\\/www.carlosyconchita.net\\\/rutas\\\/#website\",\"url\":\"https:\\\/\\\/www.carlosyconchita.net\\\/rutas\\\/\",\"name\":\"Las rutas de Carlos y Conchita\",\"description\":\"\",\"potentialAction\":[{\"@type\":\"SearchAction\",\"target\":{\"@type\":\"EntryPoint\",\"urlTemplate\":\"https:\\\/\\\/www.carlosyconchita.net\\\/rutas\\\/?s={search_term_string}\"},\"query-input\":{\"@type\":\"PropertyValueSpecification\",\"valueRequired\":true,\"valueName\":\"search_term_string\"}}],\"inLanguage\":\"es\"},{\"@type\":\"Person\",\"@id\":\"https:\\\/\\\/www.carlosyconchita.net\\\/rutas\\\/#\\\/schema\\\/person\\\/a9691f7258c28443fab2d3aa1479ea19\",\"name\":\"Carlos Conchita\",\"image\":{\"@type\":\"ImageObject\",\"inLanguage\":\"es\",\"@id\":\"https:\\\/\\\/secure.gravatar.com\\\/avatar\\\/3a4625b20c8da3de99da69bfe7a322774e291c3f90dce7e8778a30fe6748ed1a?s=96&d=mm&r=g\",\"url\":\"https:\\\/\\\/secure.gravatar.com\\\/avatar\\\/3a4625b20c8da3de99da69bfe7a322774e291c3f90dce7e8778a30fe6748ed1a?s=96&d=mm&r=g\",\"contentUrl\":\"https:\\\/\\\/secure.gravatar.com\\\/avatar\\\/3a4625b20c8da3de99da69bfe7a322774e291c3f90dce7e8778a30fe6748ed1a?s=96&d=mm&r=g\",\"caption\":\"Carlos Conchita\"}}]}<\/script>\n<!-- \/ Yoast SEO plugin. -->","yoast_head_json":{"title":"28-02-2021 - Cervell\u00f3 - Penya y balmas del Cucut -","robots":{"index":"index","follow":"follow","max-snippet":"max-snippet:-1","max-image-preview":"max-image-preview:large","max-video-preview":"max-video-preview:-1"},"canonical":"https:\/\/www.carlosyconchita.net\/rutas\/28-02-2021-cervello-penya-y-balma-cucut\/","og_locale":"es_ES","og_type":"article","og_title":"28-02-2021 - Cervell\u00f3 - Penya y balmas del Cucut -","og_description":"Hoy quer\u00edamos hacer una caminata algo m\u00e1s larga que las que hacemos diariamente por los alrededores de nuestro pueblo, y tambi\u00e9n por un sitio distinto,\u00a0 ya que los dias laborables no tenemos tanto tiempo. La idea era llegar hasta las cuevas de Can Riera, que est\u00e1n cerradas desde hace meses, y desde all\u00ed ir a [&hellip;]","og_url":"https:\/\/www.carlosyconchita.net\/rutas\/28-02-2021-cervello-penya-y-balma-cucut\/","og_site_name":"Las rutas de Carlos y Conchita","article_published_time":"2021-02-28T17:17:03+00:00","article_modified_time":"2021-03-22T10:19:15+00:00","og_image":[{"width":1024,"height":576,"url":"https:\/\/www.carlosyconchita.net\/rutas\/wp-content\/uploads\/2021\/02\/Cucut-00055.jpg","type":"image\/jpeg"}],"author":"Carlos Conchita","twitter_misc":{"Escrito por":"Carlos Conchita","Tiempo de lectura":"3 minutos"},"schema":{"@context":"https:\/\/schema.org","@graph":[{"@type":"Article","@id":"https:\/\/www.carlosyconchita.net\/rutas\/28-02-2021-cervello-penya-y-balma-cucut\/#article","isPartOf":{"@id":"https:\/\/www.carlosyconchita.net\/rutas\/28-02-2021-cervello-penya-y-balma-cucut\/"},"author":{"name":"Carlos Conchita","@id":"https:\/\/www.carlosyconchita.net\/rutas\/#\/schema\/person\/a9691f7258c28443fab2d3aa1479ea19"},"headline":"28-02-2021 &#8211; Cervell\u00f3 &#8211; Penya y balmas del Cucut","datePublished":"2021-02-28T17:17:03+00:00","dateModified":"2021-03-22T10:19:15+00:00","mainEntityOfPage":{"@id":"https:\/\/www.carlosyconchita.net\/rutas\/28-02-2021-cervello-penya-y-balma-cucut\/"},"wordCount":439,"image":{"@id":"https:\/\/www.carlosyconchita.net\/rutas\/28-02-2021-cervello-penya-y-balma-cucut\/#primaryimage"},"thumbnailUrl":"https:\/\/www.carlosyconchita.net\/rutas\/wp-content\/uploads\/2021\/02\/Cucut-00055.jpg","articleSection":["1-F\u00e1cil","2 - De 5 a 10 km.","Baix Llobregat"],"inLanguage":"es"},{"@type":"WebPage","@id":"https:\/\/www.carlosyconchita.net\/rutas\/28-02-2021-cervello-penya-y-balma-cucut\/","url":"https:\/\/www.carlosyconchita.net\/rutas\/28-02-2021-cervello-penya-y-balma-cucut\/","name":"28-02-2021 - Cervell\u00f3 - Penya y balmas del Cucut -","isPartOf":{"@id":"https:\/\/www.carlosyconchita.net\/rutas\/#website"},"primaryImageOfPage":{"@id":"https:\/\/www.carlosyconchita.net\/rutas\/28-02-2021-cervello-penya-y-balma-cucut\/#primaryimage"},"image":{"@id":"https:\/\/www.carlosyconchita.net\/rutas\/28-02-2021-cervello-penya-y-balma-cucut\/#primaryimage"},"thumbnailUrl":"https:\/\/www.carlosyconchita.net\/rutas\/wp-content\/uploads\/2021\/02\/Cucut-00055.jpg","datePublished":"2021-02-28T17:17:03+00:00","dateModified":"2021-03-22T10:19:15+00:00","author":{"@id":"https:\/\/www.carlosyconchita.net\/rutas\/#\/schema\/person\/a9691f7258c28443fab2d3aa1479ea19"},"breadcrumb":{"@id":"https:\/\/www.carlosyconchita.net\/rutas\/28-02-2021-cervello-penya-y-balma-cucut\/#breadcrumb"},"inLanguage":"es","potentialAction":[{"@type":"ReadAction","target":["https:\/\/www.carlosyconchita.net\/rutas\/28-02-2021-cervello-penya-y-balma-cucut\/"]}]},{"@type":"ImageObject","inLanguage":"es","@id":"https:\/\/www.carlosyconchita.net\/rutas\/28-02-2021-cervello-penya-y-balma-cucut\/#primaryimage","url":"https:\/\/www.carlosyconchita.net\/rutas\/wp-content\/uploads\/2021\/02\/Cucut-00055.jpg","contentUrl":"https:\/\/www.carlosyconchita.net\/rutas\/wp-content\/uploads\/2021\/02\/Cucut-00055.jpg","width":1024,"height":576},{"@type":"BreadcrumbList","@id":"https:\/\/www.carlosyconchita.net\/rutas\/28-02-2021-cervello-penya-y-balma-cucut\/#breadcrumb","itemListElement":[{"@type":"ListItem","position":1,"name":"Portada","item":"https:\/\/www.carlosyconchita.net\/rutas\/"},{"@type":"ListItem","position":2,"name":"28-02-2021 &#8211; Cervell\u00f3 &#8211; Penya y balmas del Cucut"}]},{"@type":"WebSite","@id":"https:\/\/www.carlosyconchita.net\/rutas\/#website","url":"https:\/\/www.carlosyconchita.net\/rutas\/","name":"Las rutas de Carlos y Conchita","description":"","potentialAction":[{"@type":"SearchAction","target":{"@type":"EntryPoint","urlTemplate":"https:\/\/www.carlosyconchita.net\/rutas\/?s={search_term_string}"},"query-input":{"@type":"PropertyValueSpecification","valueRequired":true,"valueName":"search_term_string"}}],"inLanguage":"es"},{"@type":"Person","@id":"https:\/\/www.carlosyconchita.net\/rutas\/#\/schema\/person\/a9691f7258c28443fab2d3aa1479ea19","name":"Carlos Conchita","image":{"@type":"ImageObject","inLanguage":"es","@id":"https:\/\/secure.gravatar.com\/avatar\/3a4625b20c8da3de99da69bfe7a322774e291c3f90dce7e8778a30fe6748ed1a?s=96&d=mm&r=g","url":"https:\/\/secure.gravatar.com\/avatar\/3a4625b20c8da3de99da69bfe7a322774e291c3f90dce7e8778a30fe6748ed1a?s=96&d=mm&r=g","contentUrl":"https:\/\/secure.gravatar.com\/avatar\/3a4625b20c8da3de99da69bfe7a322774e291c3f90dce7e8778a30fe6748ed1a?s=96&d=mm&r=g","caption":"Carlos Conchita"}}]}},"_links":{"self":[{"href":"https:\/\/www.carlosyconchita.net\/rutas\/wp-json\/wp\/v2\/posts\/15370","targetHints":{"allow":["GET"]}}],"collection":[{"href":"https:\/\/www.carlosyconchita.net\/rutas\/wp-json\/wp\/v2\/posts"}],"about":[{"href":"https:\/\/www.carlosyconchita.net\/rutas\/wp-json\/wp\/v2\/types\/post"}],"author":[{"embeddable":true,"href":"https:\/\/www.carlosyconchita.net\/rutas\/wp-json\/wp\/v2\/users\/50"}],"replies":[{"embeddable":true,"href":"https:\/\/www.carlosyconchita.net\/rutas\/wp-json\/wp\/v2\/comments?post=15370"}],"version-history":[{"count":0,"href":"https:\/\/www.carlosyconchita.net\/rutas\/wp-json\/wp\/v2\/posts\/15370\/revisions"}],"wp:featuredmedia":[{"embeddable":true,"href":"https:\/\/www.carlosyconchita.net\/rutas\/wp-json\/wp\/v2\/media\/15371"}],"wp:attachment":[{"href":"https:\/\/www.carlosyconchita.net\/rutas\/wp-json\/wp\/v2\/media?parent=15370"}],"wp:term":[{"taxonomy":"category","embeddable":true,"href":"https:\/\/www.carlosyconchita.net\/rutas\/wp-json\/wp\/v2\/categories?post=15370"},{"taxonomy":"post_tag","embeddable":true,"href":"https:\/\/www.carlosyconchita.net\/rutas\/wp-json\/wp\/v2\/tags?post=15370"}],"curies":[{"name":"wp","href":"https:\/\/api.w.org\/{rel}","templated":true}]}}