{"id":1541,"date":"2012-08-15T22:41:53","date_gmt":"2012-08-15T20:41:53","guid":{"rendered":"http:\/\/www.carlosyconchita.net\/rutas\/?p=1541"},"modified":"2012-11-23T22:21:04","modified_gmt":"2012-11-23T20:21:04","slug":"15-08-2012-funchal-madeira","status":"publish","type":"post","link":"https:\/\/www.carlosyconchita.net\/rutas\/15-08-2012-funchal-madeira\/","title":{"rendered":"15-08-2012 &#8211; Funchal (Madeira)"},"content":{"rendered":"<p style=\"text-align: justify;\">Funchal es la capital de Madeira, y es una bonita y complicada ciudad, situada sobre una especie de anfiteatro mirando al mar.<\/p>\n<p style=\"text-align: justify;\">Sus calles son muy empinadas, estrechas y que cada una va por su lado, por lo cual,en caso de que te equivoques cuesta bastante volver hacia atr\u00e1s.<\/p>\n<p style=\"text-align: justify;\">Afortunadamente, gracias a la autopista que la cruza, es f\u00e1cil tanto salir o entrar, como cruzarla de un lado a otro, para poder visitar los pueblos cercanos, ya que de lo contrario el tiempo necesario para ir de un sitio a otro, ser\u00eda muy elevado.<\/p>\n<p style=\"text-align: justify;\">La parte m\u00e1s interesante es la zona antigua, donde podremos visitar sin caminar mucho, la Catedral (la S\u00e9), la zona t\u00edpica de restaurantes en las estrechas calles adoquinadas (con magn\u00edficos platos de pescado y marisco), el puerto, el mercado <a title=\"17-08-2012 \u2013 Mercado dos Lavradores (Madeira)\" href=\"http:\/\/www.carlosyconchita.net\/rutas\/?p=1599\">Dos Lavradores<\/a>, etc.<\/p>\n<p style=\"text-align: justify;\">Alli podremos coger tambi\u00e9n el teleferico que nos puede llevar a<a title=\"15-08-2012 \u2013 Monte : la fiesta de la Patrona (Madeira)\" href=\"http:\/\/www.carlosyconchita.net\/rutas\/?p=1557\"> Monte<\/a> (tambi\u00e9n se puede ir por carretera), en donde el dia 15 de agosto se celebra una multitudinaria fiesta por su patrona , la Virgen de nuestra Se\u00f1ora de Monte, que explicamos en otro texto.<\/p>\n<p style=\"text-align: justify;\">Desde all\u00ed, se puede bajar en los tipicos \u00abcestos\u00bb de mimbre, que nosotros no pudimos hacer, ya que reservamos el dia 15 para visitarlo debido a la fiesta de la Virgen, pero por ese motivo, los \u00abcestos\u00bb no funcionaban.<\/p>\n<div id=\"attachment_1544\" style=\"width: 594px\" class=\"wp-caption alignleft\"><a href=\"http:\/\/www.carlosyconchita.net\/rutas\/wp-content\/uploads\/2012\/11\/DSC04933.jpg\"><img loading=\"lazy\" decoding=\"async\" aria-describedby=\"caption-attachment-1544\" class=\" wp-image-1544\" title=\"DSC04933\" src=\"http:\/\/www.carlosyconchita.net\/rutas\/wp-content\/uploads\/2012\/11\/DSC04933-1024x576.jpg\" alt=\"\" width=\"584\" height=\"328\" srcset=\"https:\/\/www.carlosyconchita.net\/rutas\/wp-content\/uploads\/2012\/11\/DSC04933-1024x576.jpg 1024w, https:\/\/www.carlosyconchita.net\/rutas\/wp-content\/uploads\/2012\/11\/DSC04933-300x168.jpg 300w, https:\/\/www.carlosyconchita.net\/rutas\/wp-content\/uploads\/2012\/11\/DSC04933-600x338.jpg 600w, https:\/\/www.carlosyconchita.net\/rutas\/wp-content\/uploads\/2012\/11\/DSC04933-500x281.jpg 500w, https:\/\/www.carlosyconchita.net\/rutas\/wp-content\/uploads\/2012\/11\/DSC04933.jpg 700w\" sizes=\"auto, (max-width: 584px) 100vw, 584px\" \/><\/a><p id=\"caption-attachment-1544\" class=\"wp-caption-text\">Vista de Funchal<\/p><\/div>\n<div id=\"attachment_1545\" style=\"width: 594px\" class=\"wp-caption alignleft\"><a href=\"http:\/\/www.carlosyconchita.net\/rutas\/wp-content\/uploads\/2012\/11\/DSC04949.jpg\"><img loading=\"lazy\" decoding=\"async\" aria-describedby=\"caption-attachment-1545\" class=\" wp-image-1545 \" title=\"DSC04949\" src=\"http:\/\/www.carlosyconchita.net\/rutas\/wp-content\/uploads\/2012\/11\/DSC04949-1024x768.jpg\" alt=\"\" width=\"584\" height=\"438\" srcset=\"https:\/\/www.carlosyconchita.net\/rutas\/wp-content\/uploads\/2012\/11\/DSC04949-1024x768.jpg 1024w, https:\/\/www.carlosyconchita.net\/rutas\/wp-content\/uploads\/2012\/11\/DSC04949-300x225.jpg 300w, https:\/\/www.carlosyconchita.net\/rutas\/wp-content\/uploads\/2012\/11\/DSC04949-400x300.jpg 400w, https:\/\/www.carlosyconchita.net\/rutas\/wp-content\/uploads\/2012\/11\/DSC04949.jpg 533w\" sizes=\"auto, (max-width: 584px) 100vw, 584px\" \/><\/a><p id=\"caption-attachment-1545\" class=\"wp-caption-text\">La Catedral de Funchal (La S\u00e9.)<\/p><\/div>\n<div id=\"attachment_1546\" style=\"width: 594px\" class=\"wp-caption alignleft\"><a href=\"http:\/\/www.carlosyconchita.net\/rutas\/wp-content\/uploads\/2012\/11\/DSC04955.jpg\"><img loading=\"lazy\" decoding=\"async\" aria-describedby=\"caption-attachment-1546\" class=\"size-large wp-image-1546\" title=\"DSC04955\" src=\"http:\/\/www.carlosyconchita.net\/rutas\/wp-content\/uploads\/2012\/11\/DSC04955-1024x768.jpg\" alt=\"\" width=\"584\" height=\"438\" srcset=\"https:\/\/www.carlosyconchita.net\/rutas\/wp-content\/uploads\/2012\/11\/DSC04955-1024x768.jpg 1024w, https:\/\/www.carlosyconchita.net\/rutas\/wp-content\/uploads\/2012\/11\/DSC04955-300x225.jpg 300w, https:\/\/www.carlosyconchita.net\/rutas\/wp-content\/uploads\/2012\/11\/DSC04955-400x300.jpg 400w, https:\/\/www.carlosyconchita.net\/rutas\/wp-content\/uploads\/2012\/11\/DSC04955.jpg 533w\" sizes=\"auto, (max-width: 584px) 100vw, 584px\" \/><\/a><p id=\"caption-attachment-1546\" class=\"wp-caption-text\">Calle t\u00edpica de la zona antigua de Funchal<\/p><\/div>\n<div id=\"attachment_1547\" style=\"width: 594px\" class=\"wp-caption alignleft\"><a href=\"http:\/\/www.carlosyconchita.net\/rutas\/wp-content\/uploads\/2012\/11\/DSC04962.jpg\"><img loading=\"lazy\" decoding=\"async\" aria-describedby=\"caption-attachment-1547\" class=\"size-large wp-image-1547\" title=\"DSC04962\" src=\"http:\/\/www.carlosyconchita.net\/rutas\/wp-content\/uploads\/2012\/11\/DSC04962-1024x768.jpg\" alt=\"\" width=\"584\" height=\"438\" srcset=\"https:\/\/www.carlosyconchita.net\/rutas\/wp-content\/uploads\/2012\/11\/DSC04962-1024x768.jpg 1024w, https:\/\/www.carlosyconchita.net\/rutas\/wp-content\/uploads\/2012\/11\/DSC04962-300x225.jpg 300w, https:\/\/www.carlosyconchita.net\/rutas\/wp-content\/uploads\/2012\/11\/DSC04962-400x300.jpg 400w, https:\/\/www.carlosyconchita.net\/rutas\/wp-content\/uploads\/2012\/11\/DSC04962.jpg 533w\" sizes=\"auto, (max-width: 584px) 100vw, 584px\" \/><\/a><p id=\"caption-attachment-1547\" class=\"wp-caption-text\">Exposicion de pinturas en las puertas de las casas.<\/p><\/div>\n<p style=\"text-align: justify;\"><a href=\"http:\/\/www.carlosyconchita.net\/rutas\/wp-content\/uploads\/2012\/11\/DSC04968.jpg\"><img loading=\"lazy\" decoding=\"async\" class=\"alignleft size-large wp-image-1548\" title=\"DSC04968\" src=\"http:\/\/www.carlosyconchita.net\/rutas\/wp-content\/uploads\/2012\/11\/DSC04968-1024x768.jpg\" alt=\"\" width=\"584\" height=\"438\" srcset=\"https:\/\/www.carlosyconchita.net\/rutas\/wp-content\/uploads\/2012\/11\/DSC04968-1024x768.jpg 1024w, https:\/\/www.carlosyconchita.net\/rutas\/wp-content\/uploads\/2012\/11\/DSC04968-300x225.jpg 300w, https:\/\/www.carlosyconchita.net\/rutas\/wp-content\/uploads\/2012\/11\/DSC04968-400x300.jpg 400w, https:\/\/www.carlosyconchita.net\/rutas\/wp-content\/uploads\/2012\/11\/DSC04968.jpg 533w\" sizes=\"auto, (max-width: 584px) 100vw, 584px\" \/><\/a><\/p>\n<p style=\"text-align: justify;\"><a href=\"http:\/\/www.carlosyconchita.net\/rutas\/wp-content\/uploads\/2012\/11\/DSC04975.jpg\"><img loading=\"lazy\" decoding=\"async\" class=\"alignleft size-large wp-image-1549\" title=\"DSC04975\" src=\"http:\/\/www.carlosyconchita.net\/rutas\/wp-content\/uploads\/2012\/11\/DSC04975-1024x576.jpg\" alt=\"\" width=\"584\" height=\"328\" srcset=\"https:\/\/www.carlosyconchita.net\/rutas\/wp-content\/uploads\/2012\/11\/DSC04975-1024x576.jpg 1024w, https:\/\/www.carlosyconchita.net\/rutas\/wp-content\/uploads\/2012\/11\/DSC04975-300x168.jpg 300w, https:\/\/www.carlosyconchita.net\/rutas\/wp-content\/uploads\/2012\/11\/DSC04975-600x338.jpg 600w, https:\/\/www.carlosyconchita.net\/rutas\/wp-content\/uploads\/2012\/11\/DSC04975-500x281.jpg 500w, https:\/\/www.carlosyconchita.net\/rutas\/wp-content\/uploads\/2012\/11\/DSC04975.jpg 700w\" sizes=\"auto, (max-width: 584px) 100vw, 584px\" \/><\/a><\/p>\n<table border=\"0\" frame=\"border\">\n<tbody>\n<tr align=\"left\" valign=\"middle\">\n<td align=\"center\" valign=\"middle\">\n<div>\n<dl id=\"\">\n<dt>Enlace al album de fotos<\/dt>\n<dd><\/dd>\n<\/dl>\n<\/div>\n<\/td>\n<td align=\"center\" valign=\"middle\">\n<div>\n<dl id=\"\">\n<dt><a title=\"Album de fotos completo\" href=\"https:\/\/plus.google.com\/u\/0\/photos\/107644747431220159618\/albums\/5810388475302754641\" target=\"_blank\"><img loading=\"lazy\" decoding=\"async\" title=\"foto\" src=\"http:\/\/www.carlosyconchita.net\/rutas\/wp-content\/uploads\/2020\/09\/foto.png\" alt=\"\" width=\"60\" height=\"44\" \/><\/a><\/dt>\n<dd>Album<\/dd>\n<\/dl>\n<\/div>\n<\/td>\n<\/tr>\n<\/tbody>\n<\/table>\n","protected":false},"excerpt":{"rendered":"<p>Funchal es la capital de Madeira, y es una bonita y complicada ciudad, situada sobre una especie de anfiteatro mirando al mar. Sus calles son muy empinadas, estrechas y que cada una va por su lado, por lo cual,en caso de que te equivoques cuesta bastante volver hacia atr\u00e1s. Afortunadamente, gracias a la autopista que [&hellip;]<\/p>\n","protected":false},"author":50,"featured_media":1556,"comment_status":"open","ping_status":"open","sticky":false,"template":"","format":"gallery","meta":{"footnotes":""},"categories":[14,21,8],"tags":[],"class_list":{"0":"post-1541","1":"post","2":"type-post","3":"status-publish","4":"format-gallery","5":"has-post-thumbnail","6":"hentry","7":"category-muy-facil","8":"category-hasta-5-km","9":"category-isla-de-madeira","10":"post_format-post-format-gallery","12":"post-with-thumbnail","13":"post-with-thumbnail-icon"},"yoast_head":"<!-- This site is optimized with the Yoast SEO plugin v27.4 - https:\/\/yoast.com\/product\/yoast-seo-wordpress\/ -->\n<title>15-08-2012 - Funchal (Madeira) -<\/title>\n<meta name=\"robots\" content=\"index, follow, max-snippet:-1, max-image-preview:large, max-video-preview:-1\" \/>\n<link rel=\"canonical\" href=\"https:\/\/www.carlosyconchita.net\/rutas\/15-08-2012-funchal-madeira\/\" \/>\n<meta property=\"og:locale\" content=\"es_ES\" \/>\n<meta property=\"og:type\" content=\"article\" \/>\n<meta property=\"og:title\" content=\"15-08-2012 - Funchal (Madeira) -\" \/>\n<meta property=\"og:description\" content=\"Funchal es la capital de Madeira, y es una bonita y complicada ciudad, situada sobre una especie de anfiteatro mirando al mar. Sus calles son muy empinadas, estrechas y que cada una va por su lado, por lo cual,en caso de que te equivoques cuesta bastante volver hacia atr\u00e1s. Afortunadamente, gracias a la autopista que [&hellip;]\" \/>\n<meta property=\"og:url\" content=\"https:\/\/www.carlosyconchita.net\/rutas\/15-08-2012-funchal-madeira\/\" \/>\n<meta property=\"og:site_name\" content=\"Las rutas de Carlos y Conchita\" \/>\n<meta property=\"article:published_time\" content=\"2012-08-15T20:41:53+00:00\" \/>\n<meta property=\"article:modified_time\" content=\"2012-11-23T20:21:04+00:00\" \/>\n<meta property=\"og:image\" content=\"https:\/\/www.carlosyconchita.net\/rutas\/wp-content\/uploads\/2012\/11\/DSC04947.jpg\" \/>\n\t<meta property=\"og:image:width\" content=\"700\" \/>\n\t<meta property=\"og:image:height\" content=\"394\" \/>\n\t<meta property=\"og:image:type\" content=\"image\/jpeg\" \/>\n<meta name=\"author\" content=\"Carlos Conchita\" \/>\n<meta name=\"twitter:label1\" content=\"Escrito por\" \/>\n\t<meta name=\"twitter:data1\" content=\"Carlos Conchita\" \/>\n\t<meta name=\"twitter:label2\" content=\"Tiempo de lectura\" \/>\n\t<meta name=\"twitter:data2\" content=\"1 minuto\" \/>\n<script type=\"application\/ld+json\" class=\"yoast-schema-graph\">{\"@context\":\"https:\\\/\\\/schema.org\",\"@graph\":[{\"@type\":\"Article\",\"@id\":\"https:\\\/\\\/www.carlosyconchita.net\\\/rutas\\\/15-08-2012-funchal-madeira\\\/#article\",\"isPartOf\":{\"@id\":\"https:\\\/\\\/www.carlosyconchita.net\\\/rutas\\\/15-08-2012-funchal-madeira\\\/\"},\"author\":{\"name\":\"Carlos Conchita\",\"@id\":\"https:\\\/\\\/www.carlosyconchita.net\\\/rutas\\\/#\\\/schema\\\/person\\\/a9691f7258c28443fab2d3aa1479ea19\"},\"headline\":\"15-08-2012 &#8211; Funchal (Madeira)\",\"datePublished\":\"2012-08-15T20:41:53+00:00\",\"dateModified\":\"2012-11-23T20:21:04+00:00\",\"mainEntityOfPage\":{\"@id\":\"https:\\\/\\\/www.carlosyconchita.net\\\/rutas\\\/15-08-2012-funchal-madeira\\\/\"},\"wordCount\":294,\"commentCount\":0,\"image\":{\"@id\":\"https:\\\/\\\/www.carlosyconchita.net\\\/rutas\\\/15-08-2012-funchal-madeira\\\/#primaryimage\"},\"thumbnailUrl\":\"https:\\\/\\\/www.carlosyconchita.net\\\/rutas\\\/wp-content\\\/uploads\\\/2012\\\/11\\\/DSC04947.jpg\",\"articleSection\":[\"0-Muy f\u00e1cil\",\"1 - Hasta 5 km.\",\"Madeira\"],\"inLanguage\":\"es\",\"potentialAction\":[{\"@type\":\"CommentAction\",\"name\":\"Comment\",\"target\":[\"https:\\\/\\\/www.carlosyconchita.net\\\/rutas\\\/15-08-2012-funchal-madeira\\\/#respond\"]}]},{\"@type\":\"WebPage\",\"@id\":\"https:\\\/\\\/www.carlosyconchita.net\\\/rutas\\\/15-08-2012-funchal-madeira\\\/\",\"url\":\"https:\\\/\\\/www.carlosyconchita.net\\\/rutas\\\/15-08-2012-funchal-madeira\\\/\",\"name\":\"15-08-2012 - Funchal (Madeira) -\",\"isPartOf\":{\"@id\":\"https:\\\/\\\/www.carlosyconchita.net\\\/rutas\\\/#website\"},\"primaryImageOfPage\":{\"@id\":\"https:\\\/\\\/www.carlosyconchita.net\\\/rutas\\\/15-08-2012-funchal-madeira\\\/#primaryimage\"},\"image\":{\"@id\":\"https:\\\/\\\/www.carlosyconchita.net\\\/rutas\\\/15-08-2012-funchal-madeira\\\/#primaryimage\"},\"thumbnailUrl\":\"https:\\\/\\\/www.carlosyconchita.net\\\/rutas\\\/wp-content\\\/uploads\\\/2012\\\/11\\\/DSC04947.jpg\",\"datePublished\":\"2012-08-15T20:41:53+00:00\",\"dateModified\":\"2012-11-23T20:21:04+00:00\",\"author\":{\"@id\":\"https:\\\/\\\/www.carlosyconchita.net\\\/rutas\\\/#\\\/schema\\\/person\\\/a9691f7258c28443fab2d3aa1479ea19\"},\"breadcrumb\":{\"@id\":\"https:\\\/\\\/www.carlosyconchita.net\\\/rutas\\\/15-08-2012-funchal-madeira\\\/#breadcrumb\"},\"inLanguage\":\"es\",\"potentialAction\":[{\"@type\":\"ReadAction\",\"target\":[\"https:\\\/\\\/www.carlosyconchita.net\\\/rutas\\\/15-08-2012-funchal-madeira\\\/\"]}]},{\"@type\":\"ImageObject\",\"inLanguage\":\"es\",\"@id\":\"https:\\\/\\\/www.carlosyconchita.net\\\/rutas\\\/15-08-2012-funchal-madeira\\\/#primaryimage\",\"url\":\"https:\\\/\\\/www.carlosyconchita.net\\\/rutas\\\/wp-content\\\/uploads\\\/2012\\\/11\\\/DSC04947.jpg\",\"contentUrl\":\"https:\\\/\\\/www.carlosyconchita.net\\\/rutas\\\/wp-content\\\/uploads\\\/2012\\\/11\\\/DSC04947.jpg\",\"width\":700,\"height\":394},{\"@type\":\"BreadcrumbList\",\"@id\":\"https:\\\/\\\/www.carlosyconchita.net\\\/rutas\\\/15-08-2012-funchal-madeira\\\/#breadcrumb\",\"itemListElement\":[{\"@type\":\"ListItem\",\"position\":1,\"name\":\"Portada\",\"item\":\"https:\\\/\\\/www.carlosyconchita.net\\\/rutas\\\/\"},{\"@type\":\"ListItem\",\"position\":2,\"name\":\"15-08-2012 &#8211; Funchal (Madeira)\"}]},{\"@type\":\"WebSite\",\"@id\":\"https:\\\/\\\/www.carlosyconchita.net\\\/rutas\\\/#website\",\"url\":\"https:\\\/\\\/www.carlosyconchita.net\\\/rutas\\\/\",\"name\":\"Las rutas de Carlos y Conchita\",\"description\":\"\",\"potentialAction\":[{\"@type\":\"SearchAction\",\"target\":{\"@type\":\"EntryPoint\",\"urlTemplate\":\"https:\\\/\\\/www.carlosyconchita.net\\\/rutas\\\/?s={search_term_string}\"},\"query-input\":{\"@type\":\"PropertyValueSpecification\",\"valueRequired\":true,\"valueName\":\"search_term_string\"}}],\"inLanguage\":\"es\"},{\"@type\":\"Person\",\"@id\":\"https:\\\/\\\/www.carlosyconchita.net\\\/rutas\\\/#\\\/schema\\\/person\\\/a9691f7258c28443fab2d3aa1479ea19\",\"name\":\"Carlos Conchita\",\"image\":{\"@type\":\"ImageObject\",\"inLanguage\":\"es\",\"@id\":\"https:\\\/\\\/secure.gravatar.com\\\/avatar\\\/3a4625b20c8da3de99da69bfe7a322774e291c3f90dce7e8778a30fe6748ed1a?s=96&d=mm&r=g\",\"url\":\"https:\\\/\\\/secure.gravatar.com\\\/avatar\\\/3a4625b20c8da3de99da69bfe7a322774e291c3f90dce7e8778a30fe6748ed1a?s=96&d=mm&r=g\",\"contentUrl\":\"https:\\\/\\\/secure.gravatar.com\\\/avatar\\\/3a4625b20c8da3de99da69bfe7a322774e291c3f90dce7e8778a30fe6748ed1a?s=96&d=mm&r=g\",\"caption\":\"Carlos Conchita\"}}]}<\/script>\n<!-- \/ Yoast SEO plugin. -->","yoast_head_json":{"title":"15-08-2012 - Funchal (Madeira) -","robots":{"index":"index","follow":"follow","max-snippet":"max-snippet:-1","max-image-preview":"max-image-preview:large","max-video-preview":"max-video-preview:-1"},"canonical":"https:\/\/www.carlosyconchita.net\/rutas\/15-08-2012-funchal-madeira\/","og_locale":"es_ES","og_type":"article","og_title":"15-08-2012 - Funchal (Madeira) -","og_description":"Funchal es la capital de Madeira, y es una bonita y complicada ciudad, situada sobre una especie de anfiteatro mirando al mar. Sus calles son muy empinadas, estrechas y que cada una va por su lado, por lo cual,en caso de que te equivoques cuesta bastante volver hacia atr\u00e1s. Afortunadamente, gracias a la autopista que [&hellip;]","og_url":"https:\/\/www.carlosyconchita.net\/rutas\/15-08-2012-funchal-madeira\/","og_site_name":"Las rutas de Carlos y Conchita","article_published_time":"2012-08-15T20:41:53+00:00","article_modified_time":"2012-11-23T20:21:04+00:00","og_image":[{"width":700,"height":394,"url":"https:\/\/www.carlosyconchita.net\/rutas\/wp-content\/uploads\/2012\/11\/DSC04947.jpg","type":"image\/jpeg"}],"author":"Carlos Conchita","twitter_misc":{"Escrito por":"Carlos Conchita","Tiempo de lectura":"1 minuto"},"schema":{"@context":"https:\/\/schema.org","@graph":[{"@type":"Article","@id":"https:\/\/www.carlosyconchita.net\/rutas\/15-08-2012-funchal-madeira\/#article","isPartOf":{"@id":"https:\/\/www.carlosyconchita.net\/rutas\/15-08-2012-funchal-madeira\/"},"author":{"name":"Carlos Conchita","@id":"https:\/\/www.carlosyconchita.net\/rutas\/#\/schema\/person\/a9691f7258c28443fab2d3aa1479ea19"},"headline":"15-08-2012 &#8211; Funchal (Madeira)","datePublished":"2012-08-15T20:41:53+00:00","dateModified":"2012-11-23T20:21:04+00:00","mainEntityOfPage":{"@id":"https:\/\/www.carlosyconchita.net\/rutas\/15-08-2012-funchal-madeira\/"},"wordCount":294,"commentCount":0,"image":{"@id":"https:\/\/www.carlosyconchita.net\/rutas\/15-08-2012-funchal-madeira\/#primaryimage"},"thumbnailUrl":"https:\/\/www.carlosyconchita.net\/rutas\/wp-content\/uploads\/2012\/11\/DSC04947.jpg","articleSection":["0-Muy f\u00e1cil","1 - Hasta 5 km.","Madeira"],"inLanguage":"es","potentialAction":[{"@type":"CommentAction","name":"Comment","target":["https:\/\/www.carlosyconchita.net\/rutas\/15-08-2012-funchal-madeira\/#respond"]}]},{"@type":"WebPage","@id":"https:\/\/www.carlosyconchita.net\/rutas\/15-08-2012-funchal-madeira\/","url":"https:\/\/www.carlosyconchita.net\/rutas\/15-08-2012-funchal-madeira\/","name":"15-08-2012 - Funchal (Madeira) -","isPartOf":{"@id":"https:\/\/www.carlosyconchita.net\/rutas\/#website"},"primaryImageOfPage":{"@id":"https:\/\/www.carlosyconchita.net\/rutas\/15-08-2012-funchal-madeira\/#primaryimage"},"image":{"@id":"https:\/\/www.carlosyconchita.net\/rutas\/15-08-2012-funchal-madeira\/#primaryimage"},"thumbnailUrl":"https:\/\/www.carlosyconchita.net\/rutas\/wp-content\/uploads\/2012\/11\/DSC04947.jpg","datePublished":"2012-08-15T20:41:53+00:00","dateModified":"2012-11-23T20:21:04+00:00","author":{"@id":"https:\/\/www.carlosyconchita.net\/rutas\/#\/schema\/person\/a9691f7258c28443fab2d3aa1479ea19"},"breadcrumb":{"@id":"https:\/\/www.carlosyconchita.net\/rutas\/15-08-2012-funchal-madeira\/#breadcrumb"},"inLanguage":"es","potentialAction":[{"@type":"ReadAction","target":["https:\/\/www.carlosyconchita.net\/rutas\/15-08-2012-funchal-madeira\/"]}]},{"@type":"ImageObject","inLanguage":"es","@id":"https:\/\/www.carlosyconchita.net\/rutas\/15-08-2012-funchal-madeira\/#primaryimage","url":"https:\/\/www.carlosyconchita.net\/rutas\/wp-content\/uploads\/2012\/11\/DSC04947.jpg","contentUrl":"https:\/\/www.carlosyconchita.net\/rutas\/wp-content\/uploads\/2012\/11\/DSC04947.jpg","width":700,"height":394},{"@type":"BreadcrumbList","@id":"https:\/\/www.carlosyconchita.net\/rutas\/15-08-2012-funchal-madeira\/#breadcrumb","itemListElement":[{"@type":"ListItem","position":1,"name":"Portada","item":"https:\/\/www.carlosyconchita.net\/rutas\/"},{"@type":"ListItem","position":2,"name":"15-08-2012 &#8211; Funchal (Madeira)"}]},{"@type":"WebSite","@id":"https:\/\/www.carlosyconchita.net\/rutas\/#website","url":"https:\/\/www.carlosyconchita.net\/rutas\/","name":"Las rutas de Carlos y Conchita","description":"","potentialAction":[{"@type":"SearchAction","target":{"@type":"EntryPoint","urlTemplate":"https:\/\/www.carlosyconchita.net\/rutas\/?s={search_term_string}"},"query-input":{"@type":"PropertyValueSpecification","valueRequired":true,"valueName":"search_term_string"}}],"inLanguage":"es"},{"@type":"Person","@id":"https:\/\/www.carlosyconchita.net\/rutas\/#\/schema\/person\/a9691f7258c28443fab2d3aa1479ea19","name":"Carlos Conchita","image":{"@type":"ImageObject","inLanguage":"es","@id":"https:\/\/secure.gravatar.com\/avatar\/3a4625b20c8da3de99da69bfe7a322774e291c3f90dce7e8778a30fe6748ed1a?s=96&d=mm&r=g","url":"https:\/\/secure.gravatar.com\/avatar\/3a4625b20c8da3de99da69bfe7a322774e291c3f90dce7e8778a30fe6748ed1a?s=96&d=mm&r=g","contentUrl":"https:\/\/secure.gravatar.com\/avatar\/3a4625b20c8da3de99da69bfe7a322774e291c3f90dce7e8778a30fe6748ed1a?s=96&d=mm&r=g","caption":"Carlos Conchita"}}]}},"_links":{"self":[{"href":"https:\/\/www.carlosyconchita.net\/rutas\/wp-json\/wp\/v2\/posts\/1541","targetHints":{"allow":["GET"]}}],"collection":[{"href":"https:\/\/www.carlosyconchita.net\/rutas\/wp-json\/wp\/v2\/posts"}],"about":[{"href":"https:\/\/www.carlosyconchita.net\/rutas\/wp-json\/wp\/v2\/types\/post"}],"author":[{"embeddable":true,"href":"https:\/\/www.carlosyconchita.net\/rutas\/wp-json\/wp\/v2\/users\/50"}],"replies":[{"embeddable":true,"href":"https:\/\/www.carlosyconchita.net\/rutas\/wp-json\/wp\/v2\/comments?post=1541"}],"version-history":[{"count":0,"href":"https:\/\/www.carlosyconchita.net\/rutas\/wp-json\/wp\/v2\/posts\/1541\/revisions"}],"wp:featuredmedia":[{"embeddable":true,"href":"https:\/\/www.carlosyconchita.net\/rutas\/wp-json\/wp\/v2\/media\/1556"}],"wp:attachment":[{"href":"https:\/\/www.carlosyconchita.net\/rutas\/wp-json\/wp\/v2\/media?parent=1541"}],"wp:term":[{"taxonomy":"category","embeddable":true,"href":"https:\/\/www.carlosyconchita.net\/rutas\/wp-json\/wp\/v2\/categories?post=1541"},{"taxonomy":"post_tag","embeddable":true,"href":"https:\/\/www.carlosyconchita.net\/rutas\/wp-json\/wp\/v2\/tags?post=1541"}],"curies":[{"name":"wp","href":"https:\/\/api.w.org\/{rel}","templated":true}]}}