{"id":15564,"date":"2021-03-21T19:13:00","date_gmt":"2021-03-21T18:13:00","guid":{"rendered":"https:\/\/www.carlosyconchita.net\/rutas\/?p=15564"},"modified":"2021-03-22T11:16:49","modified_gmt":"2021-03-22T10:16:49","slug":"21-03-2021-gorg-de-la-mola-puig-aliga-y-antenas-fontpineda","status":"publish","type":"post","link":"https:\/\/www.carlosyconchita.net\/rutas\/21-03-2021-gorg-de-la-mola-puig-aliga-y-antenas-fontpineda\/","title":{"rendered":"21-03-2021-Gorg de la Mola, Puig de l&#8217;Aliga y Antenas Fontpineda"},"content":{"rendered":"<p style=\"text-align: justify;\">Hoy hemos hecho una larga excursi\u00f3n empezando en Pallej\u00e1, para ir primeramente al Gorg de la Mola, despu\u00e9s subimos al Puig de l&#8217;Aliga, y desde all\u00ed nos hemos ido a las antenas de Fontpineda, bajando ya desde ese punto a Pallej\u00e1.<\/p>\n<p style=\"text-align: justify;\">En diversas partes del camino, hemos podido tener unas bonitas vistas de buena parte del Baix Llobregat, de las autovias y autopistas, Molins de Rei, El Papiol etc. y de diversos \u00abpuigs\u00bb\u00a0 que hemos hecho estas semanas pasadas, como el de la Creu de Olorda, las Ermitas de Sant Antoni y de Sant Ram\u00f3n, y tambi\u00e9n de la Ermita de Santa Mar\u00eda y Castillo de Cervell\u00f3.<\/p>\n<p style=\"text-align: justify;\">Cuando bajabamos de las antenas, hemos pasado por la zona de una antigua cantera ya abandonada, y que por suerte la vegetaci\u00f3n y los arboles ya casi han cubierto, aunque m\u00e1s abajo (se puede ver cuando pasas por la B-24) , todav\u00eda hay una en funcionamiento.<\/p>\n<p>Despu\u00e9s de bajar al Gorg de la Mola, y subir de nuevo al camino, ten\u00edamos que repetir un tramo del recorrido y luego girar a la derecha, pero nos hemos equivocado por no mirar el GPS y cuando nos hemos dado cuenta, hemos tenido que volver atr\u00e1s, por lo que el recorrido real ha sido de 16&#8217;6 Kms. y 521 m. de desnivel.<br \/>\nPara no complicar el track, hemos borrado ese tramo, y la excursi\u00f3n publicada ha quedado en 15&#8217;3 kms. y 481 m. de desnivel&#8230;<\/p>\n<p>Al igual que en anteriores rutas similares, que pasan por caminos bastante buenos, senderos no complicados y sin desniveles exagerados , la valoramos como \u00abF\u00e1cil-Moderada\u00bb, porque depender\u00e1 de la velocidad con que la hagamos.<br \/>\nEn estas \u00faltimas caminatas que estamos haciendo, mantenemos unas medias relativamente buenas, por lo que al final, acabamos un poco cansados, aunque despu\u00e9s de todo, despu\u00e9s de hacer 16.6 km, y 521 m. de desnivel, a una buena velocidad, a las 15 h. est\u00e1bamos en casa comiendo&#8230; o sea\u00a0 una \u00abmatinal\u00bb.<\/p>\n<hr \/>\n<p><strong>Dificultad<\/strong> :\u00a0\u00a0\u00a0 F\u00e1cil-Moderada<\/p>\n<p><strong>Distancia total<\/strong> :\u00a0\u00a0 15.380\u00a0<span class=\"totlen\"><span class=\"summaryvalue\"> m<\/span><\/span><\/p>\n<p><strong>Alturas m\u00ednima \/ m\u00e1xima<\/strong> :\u00a0\u00a0\u00a0\u00a0 23 m.\u00a0 \/\u00a0 260<span class=\"maxele\"><span class=\"summaryvalue\"> m<\/span><\/span><\/p>\n<p><strong>Desnivel acumulado (s\/Wikiloc)<\/strong>\u00a0 :\u00a0\u00a0\u00a0 484\u00a0 m.\u00a0<\/p>\n<p><strong>Tiempo total \/ en movimiento<\/strong> :\u00a0\u00a0\u00a0\u00a0\u00a0\u00a0 5 h. 21 m.\u00a0 \/\u00a0 4 h. 08\u00a0 m.<\/p>\n<p><strong>Velocidad media total \/ velocidad media movimiento<\/strong> :\u00a0\u00a0\u00a0 3\u201911 km\/h\u00a0 \u2013\u00a0 4\u201900 km.\/h<\/p>\n<hr \/>\n<h3><strong>Album de fotos<\/strong><\/h3>\n<p><a href=\"https:\/\/photos.app.goo.gl\/eJ5WjnXARqmYnEsX7\" target=\"_blank\" rel=\"noopener\"><img loading=\"lazy\" decoding=\"async\" class=\"aligncenter wp-image-15565 size-medium\" src=\"https:\/\/www.carlosyconchita.net\/rutas\/wp-content\/uploads\/2021\/03\/GogMola-Aliga-Antenar-00036a-300x169.jpg\" alt=\"\" width=\"300\" height=\"169\" srcset=\"https:\/\/www.carlosyconchita.net\/rutas\/wp-content\/uploads\/2021\/03\/GogMola-Aliga-Antenar-00036a-300x169.jpg 300w, https:\/\/www.carlosyconchita.net\/rutas\/wp-content\/uploads\/2021\/03\/GogMola-Aliga-Antenar-00036a-600x338.jpg 600w, https:\/\/www.carlosyconchita.net\/rutas\/wp-content\/uploads\/2021\/03\/GogMola-Aliga-Antenar-00036a-768x432.jpg 768w, https:\/\/www.carlosyconchita.net\/rutas\/wp-content\/uploads\/2021\/03\/GogMola-Aliga-Antenar-00036a.jpg 1024w\" sizes=\"auto, (max-width: 300px) 100vw, 300px\" \/><\/a><\/p>\n<hr \/>\n<p>&nbsp;<\/p>\n<h3><strong>Mapa y track de la ruta<\/strong><\/h3>\n<p style=\"text-align: center;\"><strong><span style=\"color: #ff0000;\">Pulsando sobre los iconos de los waypoints del mapa\u00a0 o de la lista abajo a la derecha , se puede ver una foto del sitio.<\/span><\/strong><\/p>\n<p><a href=\"https:\/\/www.carlosyconchita.net\/rutas\/wp-content\/uploads\/gpx\/GorgMola-PuigAliga-Antenas.html\" target=\"_blank\" rel=\"noopener\"><img loading=\"lazy\" decoding=\"async\" class=\"aligncenter size-full wp-image-14621\" src=\"https:\/\/www.carlosyconchita.net\/rutas\/wp-content\/uploads\/2020\/06\/mapa.jpg\" alt=\"\" width=\"181\" height=\"122\" \/><\/a><\/p>\n<hr \/>\n<h3><strong>Wikiloc<\/strong><\/h3>\n<p><a href=\"https:\/\/es.wikiloc.com\/rutas-senderismo\/gorg-de-la-mola-puig-aliga-y-antenas-fontpineda-68445836\" target=\"_blank\" rel=\"noopener\"><img loading=\"lazy\" decoding=\"async\" class=\"aligncenter size-full wp-image-958\" src=\"https:\/\/www.carlosyconchita.net\/rutas\/wp-content\/uploads\/2020\/09\/wikiloc.jpg\" alt=\"\" width=\"117\" height=\"34\" \/><\/a><\/p>\n<p>&nbsp;<\/p>\n<hr \/>\n<p style=\"text-align: justify;\"><span style=\"color: #ff0000; background-color: #ffffff; font-size: 14pt;\"><strong>Si te ha gustado, comp\u00e1rtelo en tu red favorita o env\u00edanos tu comentario.<br \/>\n<\/strong><\/span><\/p>\n<p style=\"text-align: justify;\"><span style=\"font-size: 14pt;\"><strong><span style=\"color: #ff0000;\">Muchas gracias !<\/span><\/strong><\/span><\/p>\n<hr \/>\n<p style=\"text-align: justify;\"><strong><span style=\"color: #008000;\">Suscribete si quieres recibir un mail cuando publiquemos nuevas rutas : no enviamos publicidad y como m\u00e1ximo enviamos 2 mails al mes<\/span><\/strong><\/p>\n<p style=\"text-align: center;\"><a href=\"https:\/\/mailchi.mp\/6989c83a3e24\/wmv06rtqcz\/\" target=\"_blank\" rel=\"noopener noreferrer\"><strong><span style=\"color: #0000ff;\">Pulsa aqu\u00ed para suscribirte<\/span><\/strong><\/a><\/p>\n<hr \/>\n<p style=\"text-align: justify;\">\u00a0<\/p>\n<h3 style=\"text-align: justify;\">Puedes imprimir esta publicaci\u00f3n o guardarla en diferentes formatos :<\/h3>\n<p style=\"text-align: justify;\"><span style=\"color: #ff0000; font-size: 14pt;\">Para facilitar la impresi\u00f3n, se ha reducido considerablemente el tama\u00f1o de las fotos, pero si deseas imprimir sin fotos, aconsejamos guardarlo como \u201cdoc\u201d, y antes de imprimirlo, eliminar las fotos<\/span><\/p>\n<p>&nbsp;<\/p>\n","protected":false},"excerpt":{"rendered":"<p>Hoy hemos hecho una larga excursi\u00f3n empezando en Pallej\u00e1, para ir primeramente al Gorg de la Mola, despu\u00e9s subimos al Puig de l&#8217;Aliga, y desde all\u00ed nos hemos ido a las antenas de Fontpineda, bajando ya desde ese punto a Pallej\u00e1. En diversas partes del camino, hemos podido tener unas bonitas vistas de buena parte [&hellip;]<\/p>\n","protected":false},"author":50,"featured_media":15565,"comment_status":"closed","ping_status":"open","sticky":false,"template":"","format":"standard","meta":{"footnotes":""},"categories":[11,27,29],"tags":[],"class_list":{"0":"post-15564","1":"post","2":"type-post","3":"status-publish","4":"format-standard","5":"has-post-thumbnail","6":"hentry","7":"category-moderada","8":"category-4-de-15-a-20-km","9":"category-baixllobregat","11":"post-with-thumbnail","12":"post-with-thumbnail-icon"},"yoast_head":"<!-- This site is optimized with the Yoast SEO plugin v27.4 - https:\/\/yoast.com\/product\/yoast-seo-wordpress\/ -->\n<title>21-03-2021-Gorg de la Mola, Puig de l&#039;Aliga y Antenas Fontpineda -<\/title>\n<meta name=\"robots\" content=\"index, follow, max-snippet:-1, max-image-preview:large, max-video-preview:-1\" \/>\n<link rel=\"canonical\" href=\"https:\/\/www.carlosyconchita.net\/rutas\/21-03-2021-gorg-de-la-mola-puig-aliga-y-antenas-fontpineda\/\" \/>\n<meta property=\"og:locale\" content=\"es_ES\" \/>\n<meta property=\"og:type\" content=\"article\" \/>\n<meta property=\"og:title\" content=\"21-03-2021-Gorg de la Mola, Puig de l&#039;Aliga y Antenas Fontpineda -\" \/>\n<meta property=\"og:description\" content=\"Hoy hemos hecho una larga excursi\u00f3n empezando en Pallej\u00e1, para ir primeramente al Gorg de la Mola, despu\u00e9s subimos al Puig de l&#8217;Aliga, y desde all\u00ed nos hemos ido a las antenas de Fontpineda, bajando ya desde ese punto a Pallej\u00e1. En diversas partes del camino, hemos podido tener unas bonitas vistas de buena parte [&hellip;]\" \/>\n<meta property=\"og:url\" content=\"https:\/\/www.carlosyconchita.net\/rutas\/21-03-2021-gorg-de-la-mola-puig-aliga-y-antenas-fontpineda\/\" \/>\n<meta property=\"og:site_name\" content=\"Las rutas de Carlos y Conchita\" \/>\n<meta property=\"article:published_time\" content=\"2021-03-21T18:13:00+00:00\" \/>\n<meta property=\"article:modified_time\" content=\"2021-03-22T10:16:49+00:00\" \/>\n<meta property=\"og:image\" content=\"https:\/\/www.carlosyconchita.net\/rutas\/wp-content\/uploads\/2021\/03\/GogMola-Aliga-Antenar-00036a.jpg\" \/>\n\t<meta property=\"og:image:width\" content=\"1024\" \/>\n\t<meta property=\"og:image:height\" content=\"576\" \/>\n\t<meta property=\"og:image:type\" content=\"image\/jpeg\" \/>\n<meta name=\"author\" content=\"Carlos Conchita\" \/>\n<meta name=\"twitter:label1\" content=\"Escrito por\" \/>\n\t<meta name=\"twitter:data1\" content=\"Carlos Conchita\" \/>\n\t<meta name=\"twitter:label2\" content=\"Tiempo de lectura\" \/>\n\t<meta name=\"twitter:data2\" content=\"3 minutos\" \/>\n<script type=\"application\/ld+json\" class=\"yoast-schema-graph\">{\"@context\":\"https:\\\/\\\/schema.org\",\"@graph\":[{\"@type\":\"Article\",\"@id\":\"https:\\\/\\\/www.carlosyconchita.net\\\/rutas\\\/21-03-2021-gorg-de-la-mola-puig-aliga-y-antenas-fontpineda\\\/#article\",\"isPartOf\":{\"@id\":\"https:\\\/\\\/www.carlosyconchita.net\\\/rutas\\\/21-03-2021-gorg-de-la-mola-puig-aliga-y-antenas-fontpineda\\\/\"},\"author\":{\"name\":\"Carlos Conchita\",\"@id\":\"https:\\\/\\\/www.carlosyconchita.net\\\/rutas\\\/#\\\/schema\\\/person\\\/a9691f7258c28443fab2d3aa1479ea19\"},\"headline\":\"21-03-2021-Gorg de la Mola, Puig de l&#8217;Aliga y Antenas Fontpineda\",\"datePublished\":\"2021-03-21T18:13:00+00:00\",\"dateModified\":\"2021-03-22T10:16:49+00:00\",\"mainEntityOfPage\":{\"@id\":\"https:\\\/\\\/www.carlosyconchita.net\\\/rutas\\\/21-03-2021-gorg-de-la-mola-puig-aliga-y-antenas-fontpineda\\\/\"},\"wordCount\":502,\"image\":{\"@id\":\"https:\\\/\\\/www.carlosyconchita.net\\\/rutas\\\/21-03-2021-gorg-de-la-mola-puig-aliga-y-antenas-fontpineda\\\/#primaryimage\"},\"thumbnailUrl\":\"https:\\\/\\\/www.carlosyconchita.net\\\/rutas\\\/wp-content\\\/uploads\\\/2021\\\/03\\\/GogMola-Aliga-Antenar-00036a.jpg\",\"articleSection\":[\"2-Moderada\",\"4 - De 15 a 20 km.\",\"Baix Llobregat\"],\"inLanguage\":\"es\"},{\"@type\":\"WebPage\",\"@id\":\"https:\\\/\\\/www.carlosyconchita.net\\\/rutas\\\/21-03-2021-gorg-de-la-mola-puig-aliga-y-antenas-fontpineda\\\/\",\"url\":\"https:\\\/\\\/www.carlosyconchita.net\\\/rutas\\\/21-03-2021-gorg-de-la-mola-puig-aliga-y-antenas-fontpineda\\\/\",\"name\":\"21-03-2021-Gorg de la Mola, Puig de l'Aliga y Antenas Fontpineda -\",\"isPartOf\":{\"@id\":\"https:\\\/\\\/www.carlosyconchita.net\\\/rutas\\\/#website\"},\"primaryImageOfPage\":{\"@id\":\"https:\\\/\\\/www.carlosyconchita.net\\\/rutas\\\/21-03-2021-gorg-de-la-mola-puig-aliga-y-antenas-fontpineda\\\/#primaryimage\"},\"image\":{\"@id\":\"https:\\\/\\\/www.carlosyconchita.net\\\/rutas\\\/21-03-2021-gorg-de-la-mola-puig-aliga-y-antenas-fontpineda\\\/#primaryimage\"},\"thumbnailUrl\":\"https:\\\/\\\/www.carlosyconchita.net\\\/rutas\\\/wp-content\\\/uploads\\\/2021\\\/03\\\/GogMola-Aliga-Antenar-00036a.jpg\",\"datePublished\":\"2021-03-21T18:13:00+00:00\",\"dateModified\":\"2021-03-22T10:16:49+00:00\",\"author\":{\"@id\":\"https:\\\/\\\/www.carlosyconchita.net\\\/rutas\\\/#\\\/schema\\\/person\\\/a9691f7258c28443fab2d3aa1479ea19\"},\"breadcrumb\":{\"@id\":\"https:\\\/\\\/www.carlosyconchita.net\\\/rutas\\\/21-03-2021-gorg-de-la-mola-puig-aliga-y-antenas-fontpineda\\\/#breadcrumb\"},\"inLanguage\":\"es\",\"potentialAction\":[{\"@type\":\"ReadAction\",\"target\":[\"https:\\\/\\\/www.carlosyconchita.net\\\/rutas\\\/21-03-2021-gorg-de-la-mola-puig-aliga-y-antenas-fontpineda\\\/\"]}]},{\"@type\":\"ImageObject\",\"inLanguage\":\"es\",\"@id\":\"https:\\\/\\\/www.carlosyconchita.net\\\/rutas\\\/21-03-2021-gorg-de-la-mola-puig-aliga-y-antenas-fontpineda\\\/#primaryimage\",\"url\":\"https:\\\/\\\/www.carlosyconchita.net\\\/rutas\\\/wp-content\\\/uploads\\\/2021\\\/03\\\/GogMola-Aliga-Antenar-00036a.jpg\",\"contentUrl\":\"https:\\\/\\\/www.carlosyconchita.net\\\/rutas\\\/wp-content\\\/uploads\\\/2021\\\/03\\\/GogMola-Aliga-Antenar-00036a.jpg\",\"width\":1024,\"height\":576},{\"@type\":\"BreadcrumbList\",\"@id\":\"https:\\\/\\\/www.carlosyconchita.net\\\/rutas\\\/21-03-2021-gorg-de-la-mola-puig-aliga-y-antenas-fontpineda\\\/#breadcrumb\",\"itemListElement\":[{\"@type\":\"ListItem\",\"position\":1,\"name\":\"Portada\",\"item\":\"https:\\\/\\\/www.carlosyconchita.net\\\/rutas\\\/\"},{\"@type\":\"ListItem\",\"position\":2,\"name\":\"21-03-2021-Gorg de la Mola, Puig de l&#8217;Aliga y Antenas Fontpineda\"}]},{\"@type\":\"WebSite\",\"@id\":\"https:\\\/\\\/www.carlosyconchita.net\\\/rutas\\\/#website\",\"url\":\"https:\\\/\\\/www.carlosyconchita.net\\\/rutas\\\/\",\"name\":\"Las rutas de Carlos y Conchita\",\"description\":\"\",\"potentialAction\":[{\"@type\":\"SearchAction\",\"target\":{\"@type\":\"EntryPoint\",\"urlTemplate\":\"https:\\\/\\\/www.carlosyconchita.net\\\/rutas\\\/?s={search_term_string}\"},\"query-input\":{\"@type\":\"PropertyValueSpecification\",\"valueRequired\":true,\"valueName\":\"search_term_string\"}}],\"inLanguage\":\"es\"},{\"@type\":\"Person\",\"@id\":\"https:\\\/\\\/www.carlosyconchita.net\\\/rutas\\\/#\\\/schema\\\/person\\\/a9691f7258c28443fab2d3aa1479ea19\",\"name\":\"Carlos Conchita\",\"image\":{\"@type\":\"ImageObject\",\"inLanguage\":\"es\",\"@id\":\"https:\\\/\\\/secure.gravatar.com\\\/avatar\\\/3a4625b20c8da3de99da69bfe7a322774e291c3f90dce7e8778a30fe6748ed1a?s=96&d=mm&r=g\",\"url\":\"https:\\\/\\\/secure.gravatar.com\\\/avatar\\\/3a4625b20c8da3de99da69bfe7a322774e291c3f90dce7e8778a30fe6748ed1a?s=96&d=mm&r=g\",\"contentUrl\":\"https:\\\/\\\/secure.gravatar.com\\\/avatar\\\/3a4625b20c8da3de99da69bfe7a322774e291c3f90dce7e8778a30fe6748ed1a?s=96&d=mm&r=g\",\"caption\":\"Carlos Conchita\"}}]}<\/script>\n<!-- \/ Yoast SEO plugin. -->","yoast_head_json":{"title":"21-03-2021-Gorg de la Mola, Puig de l'Aliga y Antenas Fontpineda -","robots":{"index":"index","follow":"follow","max-snippet":"max-snippet:-1","max-image-preview":"max-image-preview:large","max-video-preview":"max-video-preview:-1"},"canonical":"https:\/\/www.carlosyconchita.net\/rutas\/21-03-2021-gorg-de-la-mola-puig-aliga-y-antenas-fontpineda\/","og_locale":"es_ES","og_type":"article","og_title":"21-03-2021-Gorg de la Mola, Puig de l'Aliga y Antenas Fontpineda -","og_description":"Hoy hemos hecho una larga excursi\u00f3n empezando en Pallej\u00e1, para ir primeramente al Gorg de la Mola, despu\u00e9s subimos al Puig de l&#8217;Aliga, y desde all\u00ed nos hemos ido a las antenas de Fontpineda, bajando ya desde ese punto a Pallej\u00e1. En diversas partes del camino, hemos podido tener unas bonitas vistas de buena parte [&hellip;]","og_url":"https:\/\/www.carlosyconchita.net\/rutas\/21-03-2021-gorg-de-la-mola-puig-aliga-y-antenas-fontpineda\/","og_site_name":"Las rutas de Carlos y Conchita","article_published_time":"2021-03-21T18:13:00+00:00","article_modified_time":"2021-03-22T10:16:49+00:00","og_image":[{"width":1024,"height":576,"url":"https:\/\/www.carlosyconchita.net\/rutas\/wp-content\/uploads\/2021\/03\/GogMola-Aliga-Antenar-00036a.jpg","type":"image\/jpeg"}],"author":"Carlos Conchita","twitter_misc":{"Escrito por":"Carlos Conchita","Tiempo de lectura":"3 minutos"},"schema":{"@context":"https:\/\/schema.org","@graph":[{"@type":"Article","@id":"https:\/\/www.carlosyconchita.net\/rutas\/21-03-2021-gorg-de-la-mola-puig-aliga-y-antenas-fontpineda\/#article","isPartOf":{"@id":"https:\/\/www.carlosyconchita.net\/rutas\/21-03-2021-gorg-de-la-mola-puig-aliga-y-antenas-fontpineda\/"},"author":{"name":"Carlos Conchita","@id":"https:\/\/www.carlosyconchita.net\/rutas\/#\/schema\/person\/a9691f7258c28443fab2d3aa1479ea19"},"headline":"21-03-2021-Gorg de la Mola, Puig de l&#8217;Aliga y Antenas Fontpineda","datePublished":"2021-03-21T18:13:00+00:00","dateModified":"2021-03-22T10:16:49+00:00","mainEntityOfPage":{"@id":"https:\/\/www.carlosyconchita.net\/rutas\/21-03-2021-gorg-de-la-mola-puig-aliga-y-antenas-fontpineda\/"},"wordCount":502,"image":{"@id":"https:\/\/www.carlosyconchita.net\/rutas\/21-03-2021-gorg-de-la-mola-puig-aliga-y-antenas-fontpineda\/#primaryimage"},"thumbnailUrl":"https:\/\/www.carlosyconchita.net\/rutas\/wp-content\/uploads\/2021\/03\/GogMola-Aliga-Antenar-00036a.jpg","articleSection":["2-Moderada","4 - De 15 a 20 km.","Baix Llobregat"],"inLanguage":"es"},{"@type":"WebPage","@id":"https:\/\/www.carlosyconchita.net\/rutas\/21-03-2021-gorg-de-la-mola-puig-aliga-y-antenas-fontpineda\/","url":"https:\/\/www.carlosyconchita.net\/rutas\/21-03-2021-gorg-de-la-mola-puig-aliga-y-antenas-fontpineda\/","name":"21-03-2021-Gorg de la Mola, Puig de l'Aliga y Antenas Fontpineda -","isPartOf":{"@id":"https:\/\/www.carlosyconchita.net\/rutas\/#website"},"primaryImageOfPage":{"@id":"https:\/\/www.carlosyconchita.net\/rutas\/21-03-2021-gorg-de-la-mola-puig-aliga-y-antenas-fontpineda\/#primaryimage"},"image":{"@id":"https:\/\/www.carlosyconchita.net\/rutas\/21-03-2021-gorg-de-la-mola-puig-aliga-y-antenas-fontpineda\/#primaryimage"},"thumbnailUrl":"https:\/\/www.carlosyconchita.net\/rutas\/wp-content\/uploads\/2021\/03\/GogMola-Aliga-Antenar-00036a.jpg","datePublished":"2021-03-21T18:13:00+00:00","dateModified":"2021-03-22T10:16:49+00:00","author":{"@id":"https:\/\/www.carlosyconchita.net\/rutas\/#\/schema\/person\/a9691f7258c28443fab2d3aa1479ea19"},"breadcrumb":{"@id":"https:\/\/www.carlosyconchita.net\/rutas\/21-03-2021-gorg-de-la-mola-puig-aliga-y-antenas-fontpineda\/#breadcrumb"},"inLanguage":"es","potentialAction":[{"@type":"ReadAction","target":["https:\/\/www.carlosyconchita.net\/rutas\/21-03-2021-gorg-de-la-mola-puig-aliga-y-antenas-fontpineda\/"]}]},{"@type":"ImageObject","inLanguage":"es","@id":"https:\/\/www.carlosyconchita.net\/rutas\/21-03-2021-gorg-de-la-mola-puig-aliga-y-antenas-fontpineda\/#primaryimage","url":"https:\/\/www.carlosyconchita.net\/rutas\/wp-content\/uploads\/2021\/03\/GogMola-Aliga-Antenar-00036a.jpg","contentUrl":"https:\/\/www.carlosyconchita.net\/rutas\/wp-content\/uploads\/2021\/03\/GogMola-Aliga-Antenar-00036a.jpg","width":1024,"height":576},{"@type":"BreadcrumbList","@id":"https:\/\/www.carlosyconchita.net\/rutas\/21-03-2021-gorg-de-la-mola-puig-aliga-y-antenas-fontpineda\/#breadcrumb","itemListElement":[{"@type":"ListItem","position":1,"name":"Portada","item":"https:\/\/www.carlosyconchita.net\/rutas\/"},{"@type":"ListItem","position":2,"name":"21-03-2021-Gorg de la Mola, Puig de l&#8217;Aliga y Antenas Fontpineda"}]},{"@type":"WebSite","@id":"https:\/\/www.carlosyconchita.net\/rutas\/#website","url":"https:\/\/www.carlosyconchita.net\/rutas\/","name":"Las rutas de Carlos y Conchita","description":"","potentialAction":[{"@type":"SearchAction","target":{"@type":"EntryPoint","urlTemplate":"https:\/\/www.carlosyconchita.net\/rutas\/?s={search_term_string}"},"query-input":{"@type":"PropertyValueSpecification","valueRequired":true,"valueName":"search_term_string"}}],"inLanguage":"es"},{"@type":"Person","@id":"https:\/\/www.carlosyconchita.net\/rutas\/#\/schema\/person\/a9691f7258c28443fab2d3aa1479ea19","name":"Carlos Conchita","image":{"@type":"ImageObject","inLanguage":"es","@id":"https:\/\/secure.gravatar.com\/avatar\/3a4625b20c8da3de99da69bfe7a322774e291c3f90dce7e8778a30fe6748ed1a?s=96&d=mm&r=g","url":"https:\/\/secure.gravatar.com\/avatar\/3a4625b20c8da3de99da69bfe7a322774e291c3f90dce7e8778a30fe6748ed1a?s=96&d=mm&r=g","contentUrl":"https:\/\/secure.gravatar.com\/avatar\/3a4625b20c8da3de99da69bfe7a322774e291c3f90dce7e8778a30fe6748ed1a?s=96&d=mm&r=g","caption":"Carlos Conchita"}}]}},"_links":{"self":[{"href":"https:\/\/www.carlosyconchita.net\/rutas\/wp-json\/wp\/v2\/posts\/15564","targetHints":{"allow":["GET"]}}],"collection":[{"href":"https:\/\/www.carlosyconchita.net\/rutas\/wp-json\/wp\/v2\/posts"}],"about":[{"href":"https:\/\/www.carlosyconchita.net\/rutas\/wp-json\/wp\/v2\/types\/post"}],"author":[{"embeddable":true,"href":"https:\/\/www.carlosyconchita.net\/rutas\/wp-json\/wp\/v2\/users\/50"}],"replies":[{"embeddable":true,"href":"https:\/\/www.carlosyconchita.net\/rutas\/wp-json\/wp\/v2\/comments?post=15564"}],"version-history":[{"count":0,"href":"https:\/\/www.carlosyconchita.net\/rutas\/wp-json\/wp\/v2\/posts\/15564\/revisions"}],"wp:featuredmedia":[{"embeddable":true,"href":"https:\/\/www.carlosyconchita.net\/rutas\/wp-json\/wp\/v2\/media\/15565"}],"wp:attachment":[{"href":"https:\/\/www.carlosyconchita.net\/rutas\/wp-json\/wp\/v2\/media?parent=15564"}],"wp:term":[{"taxonomy":"category","embeddable":true,"href":"https:\/\/www.carlosyconchita.net\/rutas\/wp-json\/wp\/v2\/categories?post=15564"},{"taxonomy":"post_tag","embeddable":true,"href":"https:\/\/www.carlosyconchita.net\/rutas\/wp-json\/wp\/v2\/tags?post=15564"}],"curies":[{"name":"wp","href":"https:\/\/api.w.org\/{rel}","templated":true}]}}