{"id":15630,"date":"2021-04-01T18:31:47","date_gmt":"2021-04-01T17:31:47","guid":{"rendered":"https:\/\/www.carlosyconchita.net\/rutas\/?p=15630"},"modified":"2021-11-28T18:12:44","modified_gmt":"2021-11-28T17:12:44","slug":"01-04-2021-borna-351-tuc-darres","status":"publish","type":"post","link":"https:\/\/www.carlosyconchita.net\/rutas\/01-04-2021-borna-351-tuc-darres\/","title":{"rendered":"01-04-2021-Borna 351 (Tuc d&#8217;Arr\u00e9s)"},"content":{"rendered":"<p style=\"text-align: justify;\">Como que ayer por la tarde pudimos hacer las bornas 356-358, que estaban previstas para hoy, hemos decidido subir de nuevo al Col de Baretja, y hacer una excursi\u00f3n no prevista, para llegar a las bornas que tenemos en la \u00abcresta\u00bb\u00a0 marcada por los picos o tucs de Aub\u00e1s, Cap de Pala Barrada, Arr\u00e9s, Campsaure etc., ya que pod\u00edamos haber localizado f\u00e1cilmente las bornas 355 a 349.<\/p>\n<p style=\"text-align: justify;\">Decimos que \u00abpod\u00edamos\u00bb, porque que cuando preparamos estos d\u00edas de vacaciones, ten\u00edamos m\u00e1s o menos claro que a partir de 2.000 m. ser\u00eda dificil o m\u00e1s bien imposible de caminar o llegar, porque \u00edbamos sin raquetas , ya que las tenemos en Saillagouse, y adem\u00e1s ten\u00edamos \u00abtrabajo\u00bb suficiente sin subir tan alto.<\/p>\n<p style=\"text-align: justify;\">Pero ayer, cuando vimos estos picos desde el Col de Barteja, s\u00f3lo vimos nieve en una zona con arboles aproximadamente\u00a0 entre la borna 352 y la 351, pero si mir\u00e1bamos m\u00e1s a la derecha , en direcci\u00f3n Sur y a la 350, 349, etc. no se ve\u00eda nieve.<\/p>\n<p style=\"text-align: justify;\">Por ello, decidimos subir directamente a la B-351, por cierto, con una fuerte pendiente ya que en s\u00f3lo unos 1.300\/1.400 m.\u00a0 de camino, subimos unos 350 m. de desnivel.<\/p>\n<p style=\"text-align: justify;\">Cuando llegamos arriba a la B-351, aparte del bonito paisaje y bastante nieve, pudimos ver en direcci\u00f3n a las bornas 350-349&#8230; un par de colinas completamente blancas de nieve, que desde el punto de inicio no se ve\u00edan.<\/p>\n<p style=\"text-align: justify;\">Descendimos unos metros para ver si pod\u00edamos encontrar un paso sin nieve, pero en vista de que ibamos bajando y no se pod\u00eda, volvimos a subir a la cresta, donde est\u00e1 la borna 351.<\/p>\n<p style=\"text-align: justify;\">Intentamos despu\u00e9s ir en direcci\u00f3n contraria, hacia la 352,(direcci\u00f3n Norte) pasando por el peque\u00f1o grupo de arboles que hab\u00edamos visto al empezar a caminar, pero ah\u00ed estaba todav\u00eda peor, ya que la pendiente era muy pronunciada, y despu\u00e9s de varios intentos para localizar un paso sin nieve, tuvimos que volver casi arriba del todo, para volver por el mismo camino de la subida, ya que en realidad est\u00e1bamos bloqueados por la nieve por los 2 lados.<\/p>\n<p>As\u00ed que tendremos que dejarlo para el verano, ya que siguiendo la cresta, podemos localizar bastante bornas , en un recorrido no demasiado largo, aunque con bastantes \u00absubidas y bajadas\u00bb\u00a0 para ir pasando por los picos que hemos indicado antes, y que se pueden ver en el mapa, donde hemos marcado adem\u00e1s, las bornas a las que no hemos podido llegar hoy por culpa de la nieve<\/p>\n<p>&nbsp;<\/p>\n<hr \/>\n<h3><strong>Album de fotos<\/strong><\/h3>\n<p><a href=\"https:\/\/photos.app.goo.gl\/8SK7xQE5oKP7bD556\" target=\"_blank\" rel=\"noopener\"><img loading=\"lazy\" decoding=\"async\" class=\"aligncenter wp-image-15631 size-medium\" src=\"https:\/\/www.carlosyconchita.net\/rutas\/wp-content\/uploads\/2021\/04\/Bossost-01-00045-300x169.jpg\" alt=\"\" width=\"300\" height=\"169\" srcset=\"https:\/\/www.carlosyconchita.net\/rutas\/wp-content\/uploads\/2021\/04\/Bossost-01-00045-300x169.jpg 300w, https:\/\/www.carlosyconchita.net\/rutas\/wp-content\/uploads\/2021\/04\/Bossost-01-00045-600x338.jpg 600w, https:\/\/www.carlosyconchita.net\/rutas\/wp-content\/uploads\/2021\/04\/Bossost-01-00045-768x432.jpg 768w, https:\/\/www.carlosyconchita.net\/rutas\/wp-content\/uploads\/2021\/04\/Bossost-01-00045.jpg 1024w\" sizes=\"auto, (max-width: 300px) 100vw, 300px\" \/><\/a><\/p>\n<hr \/>\n<p><strong>Dificultad<\/strong> :\u00a0\u00a0\u00a0 Moderada (por la fuerte pendiente)<\/p>\n<p><strong>Distancia total<\/strong> :\u00a0\u00a0 5.751\u00a0<span class=\"totlen\"><span class=\"summaryvalue\"> m<\/span><\/span><\/p>\n<p><strong>Alturas m\u00ednima \/ m\u00e1xima<\/strong> :\u00a0\u00a0\u00a0\u00a0 1.738 m.\u00a0 \/\u00a0 2.164<span class=\"maxele\"><span class=\"summaryvalue\"> m<\/span><\/span><\/p>\n<p><strong>Desnivel acumulado (s\/Wikiloc)<\/strong>\u00a0 :\u00a0\u00a0\u00a0 495 m.<\/p>\n<p><strong>Tiempo total \/ en movimiento<\/strong> :\u00a0\u00a0\u00a0\u00a0\u00a0 4 h. 24 m.\u00a0 \/\u00a0 2 h. 08\u00a0 m.<\/p>\n<p><strong>Velocidad media total \/ velocidad media movimiento<\/strong> :\u00a0\u00a0\u00a0 1\u201931 km\/h\u00a0 \u2013\u00a0 2\u201969 km.\/h<\/p>\n<hr \/>\n<hr \/>\n<h3><strong>Mapa y track de la ruta<\/strong><\/h3>\n<p><a href=\"https:\/\/www.carlosyconchita.net\/rutas\/wp-content\/uploads\/gpx\/Borna-351-TucArr\u00e9s.html\" target=\"_blank\" rel=\"noopener\"><img loading=\"lazy\" decoding=\"async\" class=\"aligncenter size-full wp-image-14621\" src=\"https:\/\/www.carlosyconchita.net\/rutas\/wp-content\/uploads\/2020\/06\/mapa.jpg\" alt=\"\" width=\"181\" height=\"122\" \/><\/a><\/p>\n<hr \/>\n<h3><strong>Wikiloc<\/strong><\/h3>\n<p><a href=\"https:\/\/es.wikiloc.com\/rutas-senderismo\/borna-o-mojon-fronterizo-351-tuc-darres-70110975\" target=\"_blank\" rel=\"noopener\"><img loading=\"lazy\" decoding=\"async\" class=\"aligncenter size-full wp-image-958\" src=\"https:\/\/www.carlosyconchita.net\/rutas\/wp-content\/uploads\/2020\/09\/wikiloc.jpg\" alt=\"\" width=\"117\" height=\"34\" \/><\/a><\/p>\n<hr \/>\n<p>&nbsp;<\/p>\n<p>&nbsp;<\/p>\n<p style=\"text-align: justify;\"><span style=\"color: #ff0000; background-color: #ffffff; font-size: 14pt;\"><strong>Si te ha gustado, comp\u00e1rtelo en tu red favorita o env\u00edanos tu comentario.<br \/>\n<\/strong><\/span><\/p>\n<p style=\"text-align: justify;\"><span style=\"font-size: 14pt;\"><strong><span style=\"color: #ff0000;\">Muchas gracias !<\/span><\/strong><\/span><\/p>\n<hr \/>\n<p style=\"text-align: justify;\"><strong><span style=\"color: #008000;\">Suscribete si quieres recibir un mail cuando publiquemos nuevas rutas : no enviamos publicidad y como m\u00e1ximo enviamos 2 mails al mes<\/span><\/strong><\/p>\n<p style=\"text-align: center;\"><a href=\"https:\/\/mailchi.mp\/6989c83a3e24\/wmv06rtqcz\/\" target=\"_blank\" rel=\"noopener noreferrer\"><strong><span style=\"color: #0000ff;\">Pulsa aqu\u00ed para suscribirte<\/span><\/strong><\/a><\/p>\n","protected":false},"excerpt":{"rendered":"<p>Desde el Col de Baretja, subimos al Tuc d&#8217;Arr\u00e9s, donde est\u00e1 situada la borna 351, y debido a la nieve no podemos continuar ni en direcci\u00f3n a las 350, 349&#8230; , ni a las 352, 353&#8230; por lo que tenemos que bajar por el mismo camino, despu\u00e9s de varios intentos de sortear la nieve.<\/p>\n","protected":false},"author":50,"featured_media":15631,"comment_status":"closed","ping_status":"open","sticky":false,"template":"","format":"standard","meta":{"footnotes":""},"categories":[106,22,11,74],"tags":[],"class_list":{"0":"post-15630","1":"post","2":"type-post","3":"status-publish","4":"format-standard","5":"has-post-thumbnail","6":"hentry","7":"category-nuestros-100-cims","8":"category-de-05-a-10-km","9":"category-moderada","10":"category-0-mojones-bornas-frontera","12":"post-with-thumbnail","13":"post-with-thumbnail-icon"},"yoast_head":"<!-- This site is optimized with the Yoast SEO plugin v27.5 - https:\/\/yoast.com\/product\/yoast-seo-wordpress\/ -->\n<title>01-04-2021-Borna 351 (Tuc d&#039;Arr\u00e9s) -<\/title>\n<meta name=\"robots\" content=\"index, follow, max-snippet:-1, max-image-preview:large, max-video-preview:-1\" \/>\n<link rel=\"canonical\" href=\"https:\/\/www.carlosyconchita.net\/rutas\/01-04-2021-borna-351-tuc-darres\/\" \/>\n<meta property=\"og:locale\" content=\"es_ES\" \/>\n<meta property=\"og:type\" content=\"article\" \/>\n<meta property=\"og:title\" content=\"01-04-2021-Borna 351 (Tuc d&#039;Arr\u00e9s) -\" \/>\n<meta property=\"og:description\" content=\"Desde el Col de Baretja, subimos al Tuc d&#039;Arr\u00e9s, donde est\u00e1 situada la borna 351, y debido a la nieve no podemos continuar ni en direcci\u00f3n a las 350, 349... , ni a las 352, 353... por lo que tenemos que bajar por el mismo camino, despu\u00e9s de varios intentos de sortear la nieve.\" \/>\n<meta property=\"og:url\" content=\"https:\/\/www.carlosyconchita.net\/rutas\/01-04-2021-borna-351-tuc-darres\/\" \/>\n<meta property=\"og:site_name\" content=\"Las rutas de Carlos y Conchita\" \/>\n<meta property=\"article:published_time\" content=\"2021-04-01T17:31:47+00:00\" \/>\n<meta property=\"article:modified_time\" content=\"2021-11-28T17:12:44+00:00\" \/>\n<meta property=\"og:image\" content=\"https:\/\/www.carlosyconchita.net\/rutas\/wp-content\/uploads\/2021\/04\/Bossost-01-00045.jpg\" \/>\n\t<meta property=\"og:image:width\" content=\"1024\" \/>\n\t<meta property=\"og:image:height\" content=\"576\" \/>\n\t<meta property=\"og:image:type\" content=\"image\/jpeg\" \/>\n<meta name=\"author\" content=\"Carlos Conchita\" \/>\n<meta name=\"twitter:label1\" content=\"Escrito por\" \/>\n\t<meta name=\"twitter:data1\" content=\"Carlos Conchita\" \/>\n\t<meta name=\"twitter:label2\" content=\"Tiempo de lectura\" \/>\n\t<meta name=\"twitter:data2\" content=\"3 minutos\" \/>\n<script type=\"application\/ld+json\" class=\"yoast-schema-graph\">{\"@context\":\"https:\\\/\\\/schema.org\",\"@graph\":[{\"@type\":\"Article\",\"@id\":\"https:\\\/\\\/www.carlosyconchita.net\\\/rutas\\\/01-04-2021-borna-351-tuc-darres\\\/#article\",\"isPartOf\":{\"@id\":\"https:\\\/\\\/www.carlosyconchita.net\\\/rutas\\\/01-04-2021-borna-351-tuc-darres\\\/\"},\"author\":{\"name\":\"Carlos Conchita\",\"@id\":\"https:\\\/\\\/www.carlosyconchita.net\\\/rutas\\\/#\\\/schema\\\/person\\\/a9691f7258c28443fab2d3aa1479ea19\"},\"headline\":\"01-04-2021-Borna 351 (Tuc d&#8217;Arr\u00e9s)\",\"datePublished\":\"2021-04-01T17:31:47+00:00\",\"dateModified\":\"2021-11-28T17:12:44+00:00\",\"mainEntityOfPage\":{\"@id\":\"https:\\\/\\\/www.carlosyconchita.net\\\/rutas\\\/01-04-2021-borna-351-tuc-darres\\\/\"},\"wordCount\":530,\"image\":{\"@id\":\"https:\\\/\\\/www.carlosyconchita.net\\\/rutas\\\/01-04-2021-borna-351-tuc-darres\\\/#primaryimage\"},\"thumbnailUrl\":\"https:\\\/\\\/www.carlosyconchita.net\\\/rutas\\\/wp-content\\\/uploads\\\/2021\\\/04\\\/Bossost-01-00045.jpg\",\"articleSection\":[\"100 Cims Carlos y Conchita\",\"2 - De 5 a 10 km.\",\"2-Moderada\",\"Mojones \\\/ Bornas frontera ES-FR\"],\"inLanguage\":\"es\"},{\"@type\":\"WebPage\",\"@id\":\"https:\\\/\\\/www.carlosyconchita.net\\\/rutas\\\/01-04-2021-borna-351-tuc-darres\\\/\",\"url\":\"https:\\\/\\\/www.carlosyconchita.net\\\/rutas\\\/01-04-2021-borna-351-tuc-darres\\\/\",\"name\":\"01-04-2021-Borna 351 (Tuc d'Arr\u00e9s) -\",\"isPartOf\":{\"@id\":\"https:\\\/\\\/www.carlosyconchita.net\\\/rutas\\\/#website\"},\"primaryImageOfPage\":{\"@id\":\"https:\\\/\\\/www.carlosyconchita.net\\\/rutas\\\/01-04-2021-borna-351-tuc-darres\\\/#primaryimage\"},\"image\":{\"@id\":\"https:\\\/\\\/www.carlosyconchita.net\\\/rutas\\\/01-04-2021-borna-351-tuc-darres\\\/#primaryimage\"},\"thumbnailUrl\":\"https:\\\/\\\/www.carlosyconchita.net\\\/rutas\\\/wp-content\\\/uploads\\\/2021\\\/04\\\/Bossost-01-00045.jpg\",\"datePublished\":\"2021-04-01T17:31:47+00:00\",\"dateModified\":\"2021-11-28T17:12:44+00:00\",\"author\":{\"@id\":\"https:\\\/\\\/www.carlosyconchita.net\\\/rutas\\\/#\\\/schema\\\/person\\\/a9691f7258c28443fab2d3aa1479ea19\"},\"breadcrumb\":{\"@id\":\"https:\\\/\\\/www.carlosyconchita.net\\\/rutas\\\/01-04-2021-borna-351-tuc-darres\\\/#breadcrumb\"},\"inLanguage\":\"es\",\"potentialAction\":[{\"@type\":\"ReadAction\",\"target\":[\"https:\\\/\\\/www.carlosyconchita.net\\\/rutas\\\/01-04-2021-borna-351-tuc-darres\\\/\"]}]},{\"@type\":\"ImageObject\",\"inLanguage\":\"es\",\"@id\":\"https:\\\/\\\/www.carlosyconchita.net\\\/rutas\\\/01-04-2021-borna-351-tuc-darres\\\/#primaryimage\",\"url\":\"https:\\\/\\\/www.carlosyconchita.net\\\/rutas\\\/wp-content\\\/uploads\\\/2021\\\/04\\\/Bossost-01-00045.jpg\",\"contentUrl\":\"https:\\\/\\\/www.carlosyconchita.net\\\/rutas\\\/wp-content\\\/uploads\\\/2021\\\/04\\\/Bossost-01-00045.jpg\",\"width\":1024,\"height\":576},{\"@type\":\"BreadcrumbList\",\"@id\":\"https:\\\/\\\/www.carlosyconchita.net\\\/rutas\\\/01-04-2021-borna-351-tuc-darres\\\/#breadcrumb\",\"itemListElement\":[{\"@type\":\"ListItem\",\"position\":1,\"name\":\"Portada\",\"item\":\"https:\\\/\\\/www.carlosyconchita.net\\\/rutas\\\/\"},{\"@type\":\"ListItem\",\"position\":2,\"name\":\"01-04-2021-Borna 351 (Tuc d&#8217;Arr\u00e9s)\"}]},{\"@type\":\"WebSite\",\"@id\":\"https:\\\/\\\/www.carlosyconchita.net\\\/rutas\\\/#website\",\"url\":\"https:\\\/\\\/www.carlosyconchita.net\\\/rutas\\\/\",\"name\":\"Las rutas de Carlos y Conchita\",\"description\":\"\",\"potentialAction\":[{\"@type\":\"SearchAction\",\"target\":{\"@type\":\"EntryPoint\",\"urlTemplate\":\"https:\\\/\\\/www.carlosyconchita.net\\\/rutas\\\/?s={search_term_string}\"},\"query-input\":{\"@type\":\"PropertyValueSpecification\",\"valueRequired\":true,\"valueName\":\"search_term_string\"}}],\"inLanguage\":\"es\"},{\"@type\":\"Person\",\"@id\":\"https:\\\/\\\/www.carlosyconchita.net\\\/rutas\\\/#\\\/schema\\\/person\\\/a9691f7258c28443fab2d3aa1479ea19\",\"name\":\"Carlos Conchita\",\"image\":{\"@type\":\"ImageObject\",\"inLanguage\":\"es\",\"@id\":\"https:\\\/\\\/secure.gravatar.com\\\/avatar\\\/3a4625b20c8da3de99da69bfe7a322774e291c3f90dce7e8778a30fe6748ed1a?s=96&d=mm&r=g\",\"url\":\"https:\\\/\\\/secure.gravatar.com\\\/avatar\\\/3a4625b20c8da3de99da69bfe7a322774e291c3f90dce7e8778a30fe6748ed1a?s=96&d=mm&r=g\",\"contentUrl\":\"https:\\\/\\\/secure.gravatar.com\\\/avatar\\\/3a4625b20c8da3de99da69bfe7a322774e291c3f90dce7e8778a30fe6748ed1a?s=96&d=mm&r=g\",\"caption\":\"Carlos Conchita\"}}]}<\/script>\n<!-- \/ Yoast SEO plugin. -->","yoast_head_json":{"title":"01-04-2021-Borna 351 (Tuc d'Arr\u00e9s) -","robots":{"index":"index","follow":"follow","max-snippet":"max-snippet:-1","max-image-preview":"max-image-preview:large","max-video-preview":"max-video-preview:-1"},"canonical":"https:\/\/www.carlosyconchita.net\/rutas\/01-04-2021-borna-351-tuc-darres\/","og_locale":"es_ES","og_type":"article","og_title":"01-04-2021-Borna 351 (Tuc d'Arr\u00e9s) -","og_description":"Desde el Col de Baretja, subimos al Tuc d'Arr\u00e9s, donde est\u00e1 situada la borna 351, y debido a la nieve no podemos continuar ni en direcci\u00f3n a las 350, 349... , ni a las 352, 353... por lo que tenemos que bajar por el mismo camino, despu\u00e9s de varios intentos de sortear la nieve.","og_url":"https:\/\/www.carlosyconchita.net\/rutas\/01-04-2021-borna-351-tuc-darres\/","og_site_name":"Las rutas de Carlos y Conchita","article_published_time":"2021-04-01T17:31:47+00:00","article_modified_time":"2021-11-28T17:12:44+00:00","og_image":[{"width":1024,"height":576,"url":"https:\/\/www.carlosyconchita.net\/rutas\/wp-content\/uploads\/2021\/04\/Bossost-01-00045.jpg","type":"image\/jpeg"}],"author":"Carlos Conchita","twitter_misc":{"Escrito por":"Carlos Conchita","Tiempo de lectura":"3 minutos"},"schema":{"@context":"https:\/\/schema.org","@graph":[{"@type":"Article","@id":"https:\/\/www.carlosyconchita.net\/rutas\/01-04-2021-borna-351-tuc-darres\/#article","isPartOf":{"@id":"https:\/\/www.carlosyconchita.net\/rutas\/01-04-2021-borna-351-tuc-darres\/"},"author":{"name":"Carlos Conchita","@id":"https:\/\/www.carlosyconchita.net\/rutas\/#\/schema\/person\/a9691f7258c28443fab2d3aa1479ea19"},"headline":"01-04-2021-Borna 351 (Tuc d&#8217;Arr\u00e9s)","datePublished":"2021-04-01T17:31:47+00:00","dateModified":"2021-11-28T17:12:44+00:00","mainEntityOfPage":{"@id":"https:\/\/www.carlosyconchita.net\/rutas\/01-04-2021-borna-351-tuc-darres\/"},"wordCount":530,"image":{"@id":"https:\/\/www.carlosyconchita.net\/rutas\/01-04-2021-borna-351-tuc-darres\/#primaryimage"},"thumbnailUrl":"https:\/\/www.carlosyconchita.net\/rutas\/wp-content\/uploads\/2021\/04\/Bossost-01-00045.jpg","articleSection":["100 Cims Carlos y Conchita","2 - De 5 a 10 km.","2-Moderada","Mojones \/ Bornas frontera ES-FR"],"inLanguage":"es"},{"@type":"WebPage","@id":"https:\/\/www.carlosyconchita.net\/rutas\/01-04-2021-borna-351-tuc-darres\/","url":"https:\/\/www.carlosyconchita.net\/rutas\/01-04-2021-borna-351-tuc-darres\/","name":"01-04-2021-Borna 351 (Tuc d'Arr\u00e9s) -","isPartOf":{"@id":"https:\/\/www.carlosyconchita.net\/rutas\/#website"},"primaryImageOfPage":{"@id":"https:\/\/www.carlosyconchita.net\/rutas\/01-04-2021-borna-351-tuc-darres\/#primaryimage"},"image":{"@id":"https:\/\/www.carlosyconchita.net\/rutas\/01-04-2021-borna-351-tuc-darres\/#primaryimage"},"thumbnailUrl":"https:\/\/www.carlosyconchita.net\/rutas\/wp-content\/uploads\/2021\/04\/Bossost-01-00045.jpg","datePublished":"2021-04-01T17:31:47+00:00","dateModified":"2021-11-28T17:12:44+00:00","author":{"@id":"https:\/\/www.carlosyconchita.net\/rutas\/#\/schema\/person\/a9691f7258c28443fab2d3aa1479ea19"},"breadcrumb":{"@id":"https:\/\/www.carlosyconchita.net\/rutas\/01-04-2021-borna-351-tuc-darres\/#breadcrumb"},"inLanguage":"es","potentialAction":[{"@type":"ReadAction","target":["https:\/\/www.carlosyconchita.net\/rutas\/01-04-2021-borna-351-tuc-darres\/"]}]},{"@type":"ImageObject","inLanguage":"es","@id":"https:\/\/www.carlosyconchita.net\/rutas\/01-04-2021-borna-351-tuc-darres\/#primaryimage","url":"https:\/\/www.carlosyconchita.net\/rutas\/wp-content\/uploads\/2021\/04\/Bossost-01-00045.jpg","contentUrl":"https:\/\/www.carlosyconchita.net\/rutas\/wp-content\/uploads\/2021\/04\/Bossost-01-00045.jpg","width":1024,"height":576},{"@type":"BreadcrumbList","@id":"https:\/\/www.carlosyconchita.net\/rutas\/01-04-2021-borna-351-tuc-darres\/#breadcrumb","itemListElement":[{"@type":"ListItem","position":1,"name":"Portada","item":"https:\/\/www.carlosyconchita.net\/rutas\/"},{"@type":"ListItem","position":2,"name":"01-04-2021-Borna 351 (Tuc d&#8217;Arr\u00e9s)"}]},{"@type":"WebSite","@id":"https:\/\/www.carlosyconchita.net\/rutas\/#website","url":"https:\/\/www.carlosyconchita.net\/rutas\/","name":"Las rutas de Carlos y Conchita","description":"","potentialAction":[{"@type":"SearchAction","target":{"@type":"EntryPoint","urlTemplate":"https:\/\/www.carlosyconchita.net\/rutas\/?s={search_term_string}"},"query-input":{"@type":"PropertyValueSpecification","valueRequired":true,"valueName":"search_term_string"}}],"inLanguage":"es"},{"@type":"Person","@id":"https:\/\/www.carlosyconchita.net\/rutas\/#\/schema\/person\/a9691f7258c28443fab2d3aa1479ea19","name":"Carlos Conchita","image":{"@type":"ImageObject","inLanguage":"es","@id":"https:\/\/secure.gravatar.com\/avatar\/3a4625b20c8da3de99da69bfe7a322774e291c3f90dce7e8778a30fe6748ed1a?s=96&d=mm&r=g","url":"https:\/\/secure.gravatar.com\/avatar\/3a4625b20c8da3de99da69bfe7a322774e291c3f90dce7e8778a30fe6748ed1a?s=96&d=mm&r=g","contentUrl":"https:\/\/secure.gravatar.com\/avatar\/3a4625b20c8da3de99da69bfe7a322774e291c3f90dce7e8778a30fe6748ed1a?s=96&d=mm&r=g","caption":"Carlos Conchita"}}]}},"_links":{"self":[{"href":"https:\/\/www.carlosyconchita.net\/rutas\/wp-json\/wp\/v2\/posts\/15630","targetHints":{"allow":["GET"]}}],"collection":[{"href":"https:\/\/www.carlosyconchita.net\/rutas\/wp-json\/wp\/v2\/posts"}],"about":[{"href":"https:\/\/www.carlosyconchita.net\/rutas\/wp-json\/wp\/v2\/types\/post"}],"author":[{"embeddable":true,"href":"https:\/\/www.carlosyconchita.net\/rutas\/wp-json\/wp\/v2\/users\/50"}],"replies":[{"embeddable":true,"href":"https:\/\/www.carlosyconchita.net\/rutas\/wp-json\/wp\/v2\/comments?post=15630"}],"version-history":[{"count":0,"href":"https:\/\/www.carlosyconchita.net\/rutas\/wp-json\/wp\/v2\/posts\/15630\/revisions"}],"wp:featuredmedia":[{"embeddable":true,"href":"https:\/\/www.carlosyconchita.net\/rutas\/wp-json\/wp\/v2\/media\/15631"}],"wp:attachment":[{"href":"https:\/\/www.carlosyconchita.net\/rutas\/wp-json\/wp\/v2\/media?parent=15630"}],"wp:term":[{"taxonomy":"category","embeddable":true,"href":"https:\/\/www.carlosyconchita.net\/rutas\/wp-json\/wp\/v2\/categories?post=15630"},{"taxonomy":"post_tag","embeddable":true,"href":"https:\/\/www.carlosyconchita.net\/rutas\/wp-json\/wp\/v2\/tags?post=15630"}],"curies":[{"name":"wp","href":"https:\/\/api.w.org\/{rel}","templated":true}]}}