{"id":15645,"date":"2021-04-01T22:15:23","date_gmt":"2021-04-01T21:15:23","guid":{"rendered":"https:\/\/www.carlosyconchita.net\/rutas\/?p=15645"},"modified":"2021-11-28T18:13:58","modified_gmt":"2021-11-28T17:13:58","slug":"01-04-2021-borna-410-y-409-subs-fr-pont-de-rei","status":"publish","type":"post","link":"https:\/\/www.carlosyconchita.net\/rutas\/01-04-2021-borna-410-y-409-subs-fr-pont-de-rei\/","title":{"rendered":"01-04-2021-Borna 410 y 409-subs (FR) &#8211; Pont de Rei"},"content":{"rendered":"<p style=\"text-align: justify;\">Despu\u00e9s de la subida de esta ma\u00f1ana al Tuc d&#8217;Arr\u00e9s donde hemos visto la borna 351, por la tarde nos vamos al Pont de Rei,\u00a0 frontera entre Espa\u00f1a y Francia, en donde hay una peque\u00f1a zona para aparcar, para fotografiar la borna 410 y las 7 sub-bornas 409 del lado franc\u00e9s.<\/p>\n<p>En el mismo parking, vemos la borna 410 y junto a ella, la 409-7-(FR).<\/p>\n<p style=\"text-align: justify;\">En los a\u00f1os 60, cuando Francia contruy\u00f3 una presa en el rio Garona, qued\u00f3 inundada la zona alrededor del r\u00edo, y la frontera qued\u00f3 un poco difuminada, por lo que se acord\u00f3 poner dos grupos de 7 \u00absub-bornas\u00bb , uno a cada lado del r\u00edo, y que indican la distancia a la que est\u00e1 la frontera real, que entonces qued\u00f3 dentro del r\u00edo.<\/p>\n<p style=\"text-align: justify;\">Las nombraremos como 409-1-(FR) , 409-2-(FR), etc.<\/p>\n<p style=\"text-align: justify;\">Hoy intentaremos localizar las 7 sub-bornas francesas, que est\u00e1n en la orilla derecha del r\u00edo Garona, pero no conseguimos ver la 3, que por lo visto qued\u00f3 sumergida en el agua y barro hace unos a\u00f1os, ni la 1, que est\u00e1 en medio de una zona con una gran cantidad de zarzas, y que ahora resulta imposible de cruzar.<\/p>\n<p style=\"text-align: justify;\">Nuestro amigo Eef Berns, las consigui\u00f3 ver todas, aunque de eso hace varios a\u00f1os, y la cantidad de zarzas era muy inferior (Ver\u00a0 <strong><a href=\"http:\/\/www.grpdesbf.nl\/esfr-html-markers-409-410.html\" target=\"_blank\" rel=\"noopener\"><span style=\"color: #0000ff;\">http:\/\/www.grpdesbf.nl\/esfr-html-markers-409-410.html<\/span><\/a><\/strong> )<\/p>\n<p style=\"text-align: justify;\">Asimismo, en el nuevo puente, hay una especie de moj\u00f3n o borna, que parece que sea un soporte para una bandera, y una placa.<\/p>\n<hr \/>\n<h3><strong>Album de fotos<\/strong><\/h3>\n<p><a href=\"https:\/\/photos.app.goo.gl\/Wn6zhPAvZEkMPSiu8\" target=\"_blank\" rel=\"noopener\"><img loading=\"lazy\" decoding=\"async\" class=\"aligncenter wp-image-15664 size-medium\" src=\"https:\/\/www.carlosyconchita.net\/rutas\/wp-content\/uploads\/2021\/04\/Bossost-02-00200-300x169.jpg\" alt=\"\" width=\"300\" height=\"169\" srcset=\"https:\/\/www.carlosyconchita.net\/rutas\/wp-content\/uploads\/2021\/04\/Bossost-02-00200-300x169.jpg 300w, https:\/\/www.carlosyconchita.net\/rutas\/wp-content\/uploads\/2021\/04\/Bossost-02-00200-600x338.jpg 600w, https:\/\/www.carlosyconchita.net\/rutas\/wp-content\/uploads\/2021\/04\/Bossost-02-00200-768x432.jpg 768w, https:\/\/www.carlosyconchita.net\/rutas\/wp-content\/uploads\/2021\/04\/Bossost-02-00200.jpg 1024w\" sizes=\"auto, (max-width: 300px) 100vw, 300px\" \/><\/a><\/p>\n<p>&nbsp;<\/p>\n<hr \/>\n<h3><strong>Mapa y track de la ruta<\/strong><\/h3>\n<p style=\"text-align: justify;\"><span style=\"color: #ff0000;\">Nota : en esta zona cost\u00f3 mucho que el GPS cogiera cobertura, y no empez\u00f3 a grabar hasta despu\u00e9s de unos 300m., por lo que los<\/span><span style=\"color: #ff0000;\"> waypoints de las bornas, los hemos marcado en base a las coordenadas de Eef Berns.<br \/>\n<\/span><\/p>\n<p style=\"text-align: justify;\"><span style=\"color: #ff0000;\">Ponemos el track, para dar una idea\u00a0 aproximada de donde est\u00e1n.<\/span><\/p>\n<p><a href=\"https:\/\/www.carlosyconchita.net\/rutas\/wp-content\/uploads\/gpx\/Borna-410-409FR.html\" target=\"_blank\" rel=\"noopener\"><img loading=\"lazy\" decoding=\"async\" class=\"aligncenter size-full wp-image-14621\" src=\"https:\/\/www.carlosyconchita.net\/rutas\/wp-content\/uploads\/2020\/06\/mapa.jpg\" alt=\"\" width=\"181\" height=\"122\" \/><\/a><\/p>\n<hr \/>\n<p>&nbsp;<\/p>\n","protected":false},"excerpt":{"rendered":"<p>Despu\u00e9s de la subida de esta ma\u00f1ana al Tuc d&#8217;Arr\u00e9s donde hemos visto la borna 351, por la tarde nos vamos al Pont de Rei, donde est\u00e1 la borna 410, seguimos la orilla del rio Garona por el lado franc\u00e9s, para localizar las sub-bornas 409-1 a 409-7, pero no podemos encontrar la 409-1 y la 409-3<\/p>\n","protected":false},"author":50,"featured_media":15664,"comment_status":"closed","ping_status":"open","sticky":false,"template":"","format":"standard","meta":{"footnotes":""},"categories":[14,21,74,109],"tags":[],"class_list":{"0":"post-15645","1":"post","2":"type-post","3":"status-publish","4":"format-standard","5":"has-post-thumbnail","6":"hentry","7":"category-muy-facil","8":"category-hasta-5-km","9":"category-0-mojones-bornas-frontera","10":"category-valle-de-aran","12":"post-with-thumbnail","13":"post-with-thumbnail-icon"},"yoast_head":"<!-- This site is optimized with the Yoast SEO plugin v27.4 - https:\/\/yoast.com\/product\/yoast-seo-wordpress\/ -->\n<title>01-04-2021-Borna 410 y 409-subs (FR) - Pont de Rei -<\/title>\n<meta name=\"robots\" content=\"index, follow, max-snippet:-1, max-image-preview:large, max-video-preview:-1\" \/>\n<link rel=\"canonical\" href=\"https:\/\/www.carlosyconchita.net\/rutas\/01-04-2021-borna-410-y-409-subs-fr-pont-de-rei\/\" \/>\n<meta property=\"og:locale\" content=\"es_ES\" \/>\n<meta property=\"og:type\" content=\"article\" \/>\n<meta property=\"og:title\" content=\"01-04-2021-Borna 410 y 409-subs (FR) - Pont de Rei -\" \/>\n<meta property=\"og:description\" content=\"Despu\u00e9s de la subida de esta ma\u00f1ana al Tuc d&#039;Arr\u00e9s donde hemos visto la borna 351, por la tarde nos vamos al Pont de Rei, donde est\u00e1 la borna 410, seguimos la orilla del rio Garona por el lado franc\u00e9s, para localizar las sub-bornas 409-1 a 409-7, pero no podemos encontrar la 409-1 y la 409-3\" \/>\n<meta property=\"og:url\" content=\"https:\/\/www.carlosyconchita.net\/rutas\/01-04-2021-borna-410-y-409-subs-fr-pont-de-rei\/\" \/>\n<meta property=\"og:site_name\" content=\"Las rutas de Carlos y Conchita\" \/>\n<meta property=\"article:published_time\" content=\"2021-04-01T21:15:23+00:00\" \/>\n<meta property=\"article:modified_time\" content=\"2021-11-28T17:13:58+00:00\" \/>\n<meta property=\"og:image\" content=\"https:\/\/www.carlosyconchita.net\/rutas\/wp-content\/uploads\/2021\/04\/Bossost-02-00200.jpg\" \/>\n\t<meta property=\"og:image:width\" content=\"1024\" \/>\n\t<meta property=\"og:image:height\" content=\"576\" \/>\n\t<meta property=\"og:image:type\" content=\"image\/jpeg\" \/>\n<meta name=\"author\" content=\"Carlos Conchita\" \/>\n<meta name=\"twitter:label1\" content=\"Escrito por\" \/>\n\t<meta name=\"twitter:data1\" content=\"Carlos Conchita\" \/>\n\t<meta name=\"twitter:label2\" content=\"Tiempo de lectura\" \/>\n\t<meta name=\"twitter:data2\" content=\"2 minutos\" \/>\n<script type=\"application\/ld+json\" class=\"yoast-schema-graph\">{\"@context\":\"https:\\\/\\\/schema.org\",\"@graph\":[{\"@type\":\"Article\",\"@id\":\"https:\\\/\\\/www.carlosyconchita.net\\\/rutas\\\/01-04-2021-borna-410-y-409-subs-fr-pont-de-rei\\\/#article\",\"isPartOf\":{\"@id\":\"https:\\\/\\\/www.carlosyconchita.net\\\/rutas\\\/01-04-2021-borna-410-y-409-subs-fr-pont-de-rei\\\/\"},\"author\":{\"name\":\"Carlos Conchita\",\"@id\":\"https:\\\/\\\/www.carlosyconchita.net\\\/rutas\\\/#\\\/schema\\\/person\\\/a9691f7258c28443fab2d3aa1479ea19\"},\"headline\":\"01-04-2021-Borna 410 y 409-subs (FR) &#8211; Pont de Rei\",\"datePublished\":\"2021-04-01T21:15:23+00:00\",\"dateModified\":\"2021-11-28T17:13:58+00:00\",\"mainEntityOfPage\":{\"@id\":\"https:\\\/\\\/www.carlosyconchita.net\\\/rutas\\\/01-04-2021-borna-410-y-409-subs-fr-pont-de-rei\\\/\"},\"wordCount\":332,\"image\":{\"@id\":\"https:\\\/\\\/www.carlosyconchita.net\\\/rutas\\\/01-04-2021-borna-410-y-409-subs-fr-pont-de-rei\\\/#primaryimage\"},\"thumbnailUrl\":\"https:\\\/\\\/www.carlosyconchita.net\\\/rutas\\\/wp-content\\\/uploads\\\/2021\\\/04\\\/Bossost-02-00200.jpg\",\"articleSection\":[\"0-Muy f\u00e1cil\",\"1 - Hasta 5 km.\",\"Mojones \\\/ Bornas frontera ES-FR\",\"Valle de Ar\u00e1n\"],\"inLanguage\":\"es\"},{\"@type\":\"WebPage\",\"@id\":\"https:\\\/\\\/www.carlosyconchita.net\\\/rutas\\\/01-04-2021-borna-410-y-409-subs-fr-pont-de-rei\\\/\",\"url\":\"https:\\\/\\\/www.carlosyconchita.net\\\/rutas\\\/01-04-2021-borna-410-y-409-subs-fr-pont-de-rei\\\/\",\"name\":\"01-04-2021-Borna 410 y 409-subs (FR) - Pont de Rei -\",\"isPartOf\":{\"@id\":\"https:\\\/\\\/www.carlosyconchita.net\\\/rutas\\\/#website\"},\"primaryImageOfPage\":{\"@id\":\"https:\\\/\\\/www.carlosyconchita.net\\\/rutas\\\/01-04-2021-borna-410-y-409-subs-fr-pont-de-rei\\\/#primaryimage\"},\"image\":{\"@id\":\"https:\\\/\\\/www.carlosyconchita.net\\\/rutas\\\/01-04-2021-borna-410-y-409-subs-fr-pont-de-rei\\\/#primaryimage\"},\"thumbnailUrl\":\"https:\\\/\\\/www.carlosyconchita.net\\\/rutas\\\/wp-content\\\/uploads\\\/2021\\\/04\\\/Bossost-02-00200.jpg\",\"datePublished\":\"2021-04-01T21:15:23+00:00\",\"dateModified\":\"2021-11-28T17:13:58+00:00\",\"author\":{\"@id\":\"https:\\\/\\\/www.carlosyconchita.net\\\/rutas\\\/#\\\/schema\\\/person\\\/a9691f7258c28443fab2d3aa1479ea19\"},\"breadcrumb\":{\"@id\":\"https:\\\/\\\/www.carlosyconchita.net\\\/rutas\\\/01-04-2021-borna-410-y-409-subs-fr-pont-de-rei\\\/#breadcrumb\"},\"inLanguage\":\"es\",\"potentialAction\":[{\"@type\":\"ReadAction\",\"target\":[\"https:\\\/\\\/www.carlosyconchita.net\\\/rutas\\\/01-04-2021-borna-410-y-409-subs-fr-pont-de-rei\\\/\"]}]},{\"@type\":\"ImageObject\",\"inLanguage\":\"es\",\"@id\":\"https:\\\/\\\/www.carlosyconchita.net\\\/rutas\\\/01-04-2021-borna-410-y-409-subs-fr-pont-de-rei\\\/#primaryimage\",\"url\":\"https:\\\/\\\/www.carlosyconchita.net\\\/rutas\\\/wp-content\\\/uploads\\\/2021\\\/04\\\/Bossost-02-00200.jpg\",\"contentUrl\":\"https:\\\/\\\/www.carlosyconchita.net\\\/rutas\\\/wp-content\\\/uploads\\\/2021\\\/04\\\/Bossost-02-00200.jpg\",\"width\":1024,\"height\":576},{\"@type\":\"BreadcrumbList\",\"@id\":\"https:\\\/\\\/www.carlosyconchita.net\\\/rutas\\\/01-04-2021-borna-410-y-409-subs-fr-pont-de-rei\\\/#breadcrumb\",\"itemListElement\":[{\"@type\":\"ListItem\",\"position\":1,\"name\":\"Portada\",\"item\":\"https:\\\/\\\/www.carlosyconchita.net\\\/rutas\\\/\"},{\"@type\":\"ListItem\",\"position\":2,\"name\":\"01-04-2021-Borna 410 y 409-subs (FR) &#8211; Pont de Rei\"}]},{\"@type\":\"WebSite\",\"@id\":\"https:\\\/\\\/www.carlosyconchita.net\\\/rutas\\\/#website\",\"url\":\"https:\\\/\\\/www.carlosyconchita.net\\\/rutas\\\/\",\"name\":\"Las rutas de Carlos y Conchita\",\"description\":\"\",\"potentialAction\":[{\"@type\":\"SearchAction\",\"target\":{\"@type\":\"EntryPoint\",\"urlTemplate\":\"https:\\\/\\\/www.carlosyconchita.net\\\/rutas\\\/?s={search_term_string}\"},\"query-input\":{\"@type\":\"PropertyValueSpecification\",\"valueRequired\":true,\"valueName\":\"search_term_string\"}}],\"inLanguage\":\"es\"},{\"@type\":\"Person\",\"@id\":\"https:\\\/\\\/www.carlosyconchita.net\\\/rutas\\\/#\\\/schema\\\/person\\\/a9691f7258c28443fab2d3aa1479ea19\",\"name\":\"Carlos Conchita\",\"image\":{\"@type\":\"ImageObject\",\"inLanguage\":\"es\",\"@id\":\"https:\\\/\\\/secure.gravatar.com\\\/avatar\\\/3a4625b20c8da3de99da69bfe7a322774e291c3f90dce7e8778a30fe6748ed1a?s=96&d=mm&r=g\",\"url\":\"https:\\\/\\\/secure.gravatar.com\\\/avatar\\\/3a4625b20c8da3de99da69bfe7a322774e291c3f90dce7e8778a30fe6748ed1a?s=96&d=mm&r=g\",\"contentUrl\":\"https:\\\/\\\/secure.gravatar.com\\\/avatar\\\/3a4625b20c8da3de99da69bfe7a322774e291c3f90dce7e8778a30fe6748ed1a?s=96&d=mm&r=g\",\"caption\":\"Carlos Conchita\"}}]}<\/script>\n<!-- \/ Yoast SEO plugin. -->","yoast_head_json":{"title":"01-04-2021-Borna 410 y 409-subs (FR) - Pont de Rei -","robots":{"index":"index","follow":"follow","max-snippet":"max-snippet:-1","max-image-preview":"max-image-preview:large","max-video-preview":"max-video-preview:-1"},"canonical":"https:\/\/www.carlosyconchita.net\/rutas\/01-04-2021-borna-410-y-409-subs-fr-pont-de-rei\/","og_locale":"es_ES","og_type":"article","og_title":"01-04-2021-Borna 410 y 409-subs (FR) - Pont de Rei -","og_description":"Despu\u00e9s de la subida de esta ma\u00f1ana al Tuc d'Arr\u00e9s donde hemos visto la borna 351, por la tarde nos vamos al Pont de Rei, donde est\u00e1 la borna 410, seguimos la orilla del rio Garona por el lado franc\u00e9s, para localizar las sub-bornas 409-1 a 409-7, pero no podemos encontrar la 409-1 y la 409-3","og_url":"https:\/\/www.carlosyconchita.net\/rutas\/01-04-2021-borna-410-y-409-subs-fr-pont-de-rei\/","og_site_name":"Las rutas de Carlos y Conchita","article_published_time":"2021-04-01T21:15:23+00:00","article_modified_time":"2021-11-28T17:13:58+00:00","og_image":[{"width":1024,"height":576,"url":"https:\/\/www.carlosyconchita.net\/rutas\/wp-content\/uploads\/2021\/04\/Bossost-02-00200.jpg","type":"image\/jpeg"}],"author":"Carlos Conchita","twitter_misc":{"Escrito por":"Carlos Conchita","Tiempo de lectura":"2 minutos"},"schema":{"@context":"https:\/\/schema.org","@graph":[{"@type":"Article","@id":"https:\/\/www.carlosyconchita.net\/rutas\/01-04-2021-borna-410-y-409-subs-fr-pont-de-rei\/#article","isPartOf":{"@id":"https:\/\/www.carlosyconchita.net\/rutas\/01-04-2021-borna-410-y-409-subs-fr-pont-de-rei\/"},"author":{"name":"Carlos Conchita","@id":"https:\/\/www.carlosyconchita.net\/rutas\/#\/schema\/person\/a9691f7258c28443fab2d3aa1479ea19"},"headline":"01-04-2021-Borna 410 y 409-subs (FR) &#8211; Pont de Rei","datePublished":"2021-04-01T21:15:23+00:00","dateModified":"2021-11-28T17:13:58+00:00","mainEntityOfPage":{"@id":"https:\/\/www.carlosyconchita.net\/rutas\/01-04-2021-borna-410-y-409-subs-fr-pont-de-rei\/"},"wordCount":332,"image":{"@id":"https:\/\/www.carlosyconchita.net\/rutas\/01-04-2021-borna-410-y-409-subs-fr-pont-de-rei\/#primaryimage"},"thumbnailUrl":"https:\/\/www.carlosyconchita.net\/rutas\/wp-content\/uploads\/2021\/04\/Bossost-02-00200.jpg","articleSection":["0-Muy f\u00e1cil","1 - Hasta 5 km.","Mojones \/ Bornas frontera ES-FR","Valle de Ar\u00e1n"],"inLanguage":"es"},{"@type":"WebPage","@id":"https:\/\/www.carlosyconchita.net\/rutas\/01-04-2021-borna-410-y-409-subs-fr-pont-de-rei\/","url":"https:\/\/www.carlosyconchita.net\/rutas\/01-04-2021-borna-410-y-409-subs-fr-pont-de-rei\/","name":"01-04-2021-Borna 410 y 409-subs (FR) - Pont de Rei -","isPartOf":{"@id":"https:\/\/www.carlosyconchita.net\/rutas\/#website"},"primaryImageOfPage":{"@id":"https:\/\/www.carlosyconchita.net\/rutas\/01-04-2021-borna-410-y-409-subs-fr-pont-de-rei\/#primaryimage"},"image":{"@id":"https:\/\/www.carlosyconchita.net\/rutas\/01-04-2021-borna-410-y-409-subs-fr-pont-de-rei\/#primaryimage"},"thumbnailUrl":"https:\/\/www.carlosyconchita.net\/rutas\/wp-content\/uploads\/2021\/04\/Bossost-02-00200.jpg","datePublished":"2021-04-01T21:15:23+00:00","dateModified":"2021-11-28T17:13:58+00:00","author":{"@id":"https:\/\/www.carlosyconchita.net\/rutas\/#\/schema\/person\/a9691f7258c28443fab2d3aa1479ea19"},"breadcrumb":{"@id":"https:\/\/www.carlosyconchita.net\/rutas\/01-04-2021-borna-410-y-409-subs-fr-pont-de-rei\/#breadcrumb"},"inLanguage":"es","potentialAction":[{"@type":"ReadAction","target":["https:\/\/www.carlosyconchita.net\/rutas\/01-04-2021-borna-410-y-409-subs-fr-pont-de-rei\/"]}]},{"@type":"ImageObject","inLanguage":"es","@id":"https:\/\/www.carlosyconchita.net\/rutas\/01-04-2021-borna-410-y-409-subs-fr-pont-de-rei\/#primaryimage","url":"https:\/\/www.carlosyconchita.net\/rutas\/wp-content\/uploads\/2021\/04\/Bossost-02-00200.jpg","contentUrl":"https:\/\/www.carlosyconchita.net\/rutas\/wp-content\/uploads\/2021\/04\/Bossost-02-00200.jpg","width":1024,"height":576},{"@type":"BreadcrumbList","@id":"https:\/\/www.carlosyconchita.net\/rutas\/01-04-2021-borna-410-y-409-subs-fr-pont-de-rei\/#breadcrumb","itemListElement":[{"@type":"ListItem","position":1,"name":"Portada","item":"https:\/\/www.carlosyconchita.net\/rutas\/"},{"@type":"ListItem","position":2,"name":"01-04-2021-Borna 410 y 409-subs (FR) &#8211; Pont de Rei"}]},{"@type":"WebSite","@id":"https:\/\/www.carlosyconchita.net\/rutas\/#website","url":"https:\/\/www.carlosyconchita.net\/rutas\/","name":"Las rutas de Carlos y Conchita","description":"","potentialAction":[{"@type":"SearchAction","target":{"@type":"EntryPoint","urlTemplate":"https:\/\/www.carlosyconchita.net\/rutas\/?s={search_term_string}"},"query-input":{"@type":"PropertyValueSpecification","valueRequired":true,"valueName":"search_term_string"}}],"inLanguage":"es"},{"@type":"Person","@id":"https:\/\/www.carlosyconchita.net\/rutas\/#\/schema\/person\/a9691f7258c28443fab2d3aa1479ea19","name":"Carlos Conchita","image":{"@type":"ImageObject","inLanguage":"es","@id":"https:\/\/secure.gravatar.com\/avatar\/3a4625b20c8da3de99da69bfe7a322774e291c3f90dce7e8778a30fe6748ed1a?s=96&d=mm&r=g","url":"https:\/\/secure.gravatar.com\/avatar\/3a4625b20c8da3de99da69bfe7a322774e291c3f90dce7e8778a30fe6748ed1a?s=96&d=mm&r=g","contentUrl":"https:\/\/secure.gravatar.com\/avatar\/3a4625b20c8da3de99da69bfe7a322774e291c3f90dce7e8778a30fe6748ed1a?s=96&d=mm&r=g","caption":"Carlos Conchita"}}]}},"_links":{"self":[{"href":"https:\/\/www.carlosyconchita.net\/rutas\/wp-json\/wp\/v2\/posts\/15645","targetHints":{"allow":["GET"]}}],"collection":[{"href":"https:\/\/www.carlosyconchita.net\/rutas\/wp-json\/wp\/v2\/posts"}],"about":[{"href":"https:\/\/www.carlosyconchita.net\/rutas\/wp-json\/wp\/v2\/types\/post"}],"author":[{"embeddable":true,"href":"https:\/\/www.carlosyconchita.net\/rutas\/wp-json\/wp\/v2\/users\/50"}],"replies":[{"embeddable":true,"href":"https:\/\/www.carlosyconchita.net\/rutas\/wp-json\/wp\/v2\/comments?post=15645"}],"version-history":[{"count":0,"href":"https:\/\/www.carlosyconchita.net\/rutas\/wp-json\/wp\/v2\/posts\/15645\/revisions"}],"wp:featuredmedia":[{"embeddable":true,"href":"https:\/\/www.carlosyconchita.net\/rutas\/wp-json\/wp\/v2\/media\/15664"}],"wp:attachment":[{"href":"https:\/\/www.carlosyconchita.net\/rutas\/wp-json\/wp\/v2\/media?parent=15645"}],"wp:term":[{"taxonomy":"category","embeddable":true,"href":"https:\/\/www.carlosyconchita.net\/rutas\/wp-json\/wp\/v2\/categories?post=15645"},{"taxonomy":"post_tag","embeddable":true,"href":"https:\/\/www.carlosyconchita.net\/rutas\/wp-json\/wp\/v2\/tags?post=15645"}],"curies":[{"name":"wp","href":"https:\/\/api.w.org\/{rel}","templated":true}]}}