{"id":15654,"date":"2021-04-02T20:12:45","date_gmt":"2021-04-02T19:12:45","guid":{"rendered":"https:\/\/www.carlosyconchita.net\/rutas\/?p=15654"},"modified":"2021-11-28T18:11:02","modified_gmt":"2021-11-28T17:11:02","slug":"02-04-2021-bornas-360-366","status":"publish","type":"post","link":"https:\/\/www.carlosyconchita.net\/rutas\/02-04-2021-bornas-360-366\/","title":{"rendered":"02-04-2021-Bornas 360-366"},"content":{"rendered":"<p style=\"text-align: justify;\">Hoy hacemos un excursi\u00f3n no muy larga, que calificamos como \u00abModerada\u00bb , por el dif\u00edcil tramo de subida desde la borna 360 a la 362, con bastante pendiente y sobre todo con grandes rocas que dificultan el paso y te obligan a ir buscando el sitio mejor para ir subiendo en direcci\u00f3n a la 361, y que en m\u00e1s de una ocasi\u00f3n , hay que volver atr\u00e1s y buscar otro camino. (ver los datos de tiempo y velocidad&#8230;creemos que hemos batido nuestro record de tiempo y velocidad ! )<\/p>\n<p style=\"text-align: justify;\">Dejamos el coche en el Puerto del Portill\u00f3n, y empezamos a caminar por la misma carretera N-141 por la que hemos llegado, pero bajando como si volvieramos a Bossost, y al cabo de unos 300 m. cogemos un camino a nuestra derecha, que es el que lleva al Col de Baretja, a donde hemos ido los d\u00edas anteriores.<\/p>\n<p style=\"text-align: justify;\">Unos 500 m. despu\u00e9s, dejamos este camino y entramos en el bosque por nuestra derecha y despu\u00e9s de un corto descenso, seguiremos un rato el recorrido de un peque\u00f1o riachuelo, cuyo nombre no hemos podido averiguar, zona bastante bonita y verde a pesar de que hay bastantes arboles caidos.<\/p>\n<p style=\"text-align: justify;\">Llegamos a la borna 360, en el Col de l&#8217;Artiguette, que ha sido repintada recientemente, dado el buen estado en que est\u00e1.<\/p>\n<p style=\"text-align: justify;\">Desde all\u00ed , empezamos a subir por la dificil zona de piedras que hemos comentado antes, y adem\u00e1s con arboles ca\u00eddos, y finalmente, con bastante esfuerzo y m\u00e1s de una vuelta para encontrar una v\u00eda de subida, podemos llegar hasta la segunda borna de hoy, la 361.<\/p>\n<p style=\"text-align: justify;\">Al igual que en las otras excursiones que estamos haciendo por esta zona, vamos siguiendo unas rayas rojas pintadas en los arboles, que van marcando la l\u00ednea de la frontera y que nos ayudan a ir localizando las bornas, con permiso de los arboles ca\u00eddos y de las grandes rocas.<\/p>\n<p style=\"text-align: justify;\">Para seguir hasta la 362, tambi\u00e9n nos cuesta un poco localizar una forma de continuar entre las rocas, y finalmente llegamos a ella, ya en una zona mucho m\u00e1s f\u00e1cil, aunque tambi\u00e9n de subida.<\/p>\n<p style=\"text-align: justify;\">Aqu\u00ed hemos de hacer constar, que de esta borna, el d\u00eda 2 solo fotografiamos la cruz que podemos ver en las fotos, pero no el n\u00famero&#8230;<br \/>\nEl fallo m\u00edo fu\u00e9 debido a que en la lista en papel que llevamos siempre para saber c\u00f3mo es la borna (si es tipo moj\u00f3n, si est\u00e1 en el suelo, en una roca, etc) ,\u00a0 ten\u00eda anotado que \u00e9sta solo ten\u00eda la cruz grabada, pero sin n\u00famero&#8230;cuando no era as\u00ed.<br \/>\nAdem\u00e1s, en el m\u00f3vil llevamos una foto de cada borna, y as\u00ed a veces mirando los arboles o alguna roca, nos ayuda a localizarlas&#8230; y tambi\u00e9n ah\u00ed tenia la foto \u00fanicamente de la cruz.<\/p>\n<p style=\"text-align: justify;\">Pero el motivo m\u00e1s importante de que nos salt\u00e1ramos el n\u00famero, fu\u00e9 que nosotros llegamos a esa borna subiendo desde la izquierda, y convencidos de que no ten\u00eda n\u00famero, hicimos las fotos y continuamos subiendo por la izquierda de la piedra, cuando el n\u00famero estaba a la derecha&#8230; si hubieramos subido por la derecha, habr\u00edamos visto el n\u00famero, que por cierto estaba bastante cubierto de musgo.<\/p>\n<p style=\"text-align: justify;\">Cuando est\u00e1bamos casi acabando la excursi\u00f3n, enviamos un Wasapp a Eef con alguna foto, y nos contest\u00f3 que si no hab\u00edamos visto el numero de la 362&#8230; y entonces dudamos de si volver atr\u00e1s o continuar, y al final decidimos continuar y no volver atr\u00e1s.<\/p>\n<p style=\"text-align: justify;\">Pero el dia siguiente, despu\u00e9s de hacer las bornas 366 a 373, y a pesar de que el tiempo se estaba complicando, decidimos volver a la 362 para fotografiar el n\u00famero, cosa que conseguimos sin llegar a mojarnos&#8230; algo menos de 3 kms que tuvimos que repetir para tener las fotos completas.<\/p>\n<p style=\"text-align: justify;\">Para mayor facilidad de las explicaciones, las fotos del n\u00famero 362 que hicimos el dia 3, las incluimos en la explicaci\u00f3n de hoy.<\/p>\n<p style=\"text-align: justify;\">Despues de la 362, tenemos un corto tramo de subida f\u00e1cil a trav\u00e9s del bosque, y llegaremos ya de bajada a la 363, en bastante mal estado y en un tramo sin camino, con pendiente y algo resbaladizo por el agua.<\/p>\n<p style=\"text-align: justify;\">Seguiremos despu\u00e9s un ancho camino que va bajando hasta el Portill\u00f3n, pasando por una piedra que tiene grabado una cruz y las letras \u00abE\u00bb\u00a0 y \u00abF\u00bb, pero que no es una borna \u00aboficial\u00bb, y despu\u00e9s veremos una piedra al borde del camino que se supone que es la 364.<br \/>\nDecimos que se supone, porque no tiene ninguna grabacion ni pintura, pero en base a las mediciones hechas por varias personas, entre ellas Eef Berns, se corresponde exactamente a la borna 364, ya que ha medido la distancia desde la 363 y desde la 365, y el punto corresponde\u00a0 a esta piedra. (ver <a href=\"http:\/\/www.grpdesbf.nl\/esfr-html-trips-20150707.html\" target=\"_blank\" rel=\"noopener\"><span style=\"color: #0000ff;\">http:\/\/www.grpdesbf.nl\/esfr-html-trips-20150707.html<\/span><\/a>\u00a0 )<\/p>\n<p style=\"text-align: justify;\">Seguidamente, llegaremos a la 365, tambien en bastante mal estado, y que al igual que la 363, tiene un resto de moj\u00f3n arriba, y un n\u00famero grabado en una piedra algo m\u00e1s abajo, y que tambi\u00e9n hemos tenido que limpiar con un cepillo, para quitar el musgo y poder ver mejor el n\u00famero.<\/p>\n<p style=\"text-align: justify;\">Siguiendo por el camino, iremos localizando las 7 subbornas 365, muy peque\u00f1as y con una letra \u00abF\u00bb y una \u00abE\u00bb a cada lado de la piedra. ( no est\u00e1 claro si hay 7 \u00f3 9 subbornas 365)<br \/>\nHay que hacer notar que la 365-1 y la 365-2 tienen la \u00abE\u00bb grabada al rev\u00e9s, como si fuera un espejo.<\/p>\n<p style=\"text-align: justify;\">Poco antes de salir a la carretera, veremos una columna triangular con las placas \u00abEspa\u00f1a\u00bb y \u00abFrancia\u00bb\u00a0 rotas, y ya en la carretera, veremos las 365-6 y la 365-7 , poco antes de llegar al Portill\u00f3n, en donde veremos la columna cuadrada y la borna 366 en la piedra, que hemos visto varias veces estos d\u00edas.<\/p>\n<p>&nbsp;<\/p>\n<hr \/>\n<h3><strong>Album de fotos<\/strong><\/h3>\n<p><a href=\"https:\/\/photos.app.goo.gl\/NwiMyPzkD69iSGmU9\" target=\"_blank\" rel=\"noopener\"><img loading=\"lazy\" decoding=\"async\" class=\"aligncenter wp-image-15655 size-medium\" src=\"https:\/\/www.carlosyconchita.net\/rutas\/wp-content\/uploads\/2021\/04\/Bossost-02-00022-300x223.jpg\" alt=\"\" width=\"300\" height=\"223\" srcset=\"https:\/\/www.carlosyconchita.net\/rutas\/wp-content\/uploads\/2021\/04\/Bossost-02-00022-300x223.jpg 300w, https:\/\/www.carlosyconchita.net\/rutas\/wp-content\/uploads\/2021\/04\/Bossost-02-00022-600x445.jpg 600w, https:\/\/www.carlosyconchita.net\/rutas\/wp-content\/uploads\/2021\/04\/Bossost-02-00022-768x570.jpg 768w, https:\/\/www.carlosyconchita.net\/rutas\/wp-content\/uploads\/2021\/04\/Bossost-02-00022.jpg 1024w\" sizes=\"auto, (max-width: 300px) 100vw, 300px\" \/><\/a><\/p>\n<hr \/>\n<p><strong>Dificultad<\/strong> :\u00a0\u00a0\u00a0 Moderada (por el tramo dificil entre la 360 y 362)<\/p>\n<p><strong>Distancia total<\/strong> :\u00a0\u00a0 4.152\u00a0<span class=\"totlen\"><span class=\"summaryvalue\"> m<\/span><\/span><\/p>\n<p><strong>Alturas m\u00ednima \/ m\u00e1xima<\/strong> :\u00a0\u00a0\u00a0\u00a0 1.276 m.\u00a0 \/\u00a0 1.394<span class=\"maxele\"><span class=\"summaryvalue\"> m<\/span><\/span><\/p>\n<p><strong>Desnivel acumulado (s\/Wikiloc)<\/strong>\u00a0 :\u00a0\u00a0\u00a0 196 m.<\/p>\n<p><strong>Tiempo total \/ en movimiento<\/strong> :\u00a0\u00a0\u00a0\u00a0\u00a0 4 h. 21 m.\u00a0 \/\u00a0 1 h. 22\u00a0 m.<\/p>\n<p><strong>Velocidad media total \/ velocidad media movimiento<\/strong> :\u00a0\u00a0\u00a0 0\u201995 km\/h\u00a0 \u2013\u00a0 3\u201992 km.\/h<\/p>\n<hr \/>\n<h3><strong>Mapa y track de la ruta<\/strong><\/h3>\n<p><a href=\"https:\/\/www.carlosyconchita.net\/rutas\/wp-content\/uploads\/gpx\/Bornas-360-366.html\" target=\"_blank\" rel=\"noopener\"><img loading=\"lazy\" decoding=\"async\" class=\"aligncenter size-full wp-image-14621\" src=\"https:\/\/www.carlosyconchita.net\/rutas\/wp-content\/uploads\/2020\/06\/mapa.jpg\" alt=\"\" width=\"181\" height=\"122\" \/><\/a><\/p>\n<hr \/>\n<h3><strong>Wikiloc<\/strong><\/h3>\n<p><a href=\"https:\/\/es.wikiloc.com\/rutas-senderismo\/bornas-o-mojones-fronterizos-360-a-366-70267469\" target=\"_blank\" rel=\"noopener\"><img loading=\"lazy\" decoding=\"async\" class=\"aligncenter size-full wp-image-958\" src=\"https:\/\/www.carlosyconchita.net\/rutas\/wp-content\/uploads\/2020\/09\/wikiloc.jpg\" alt=\"\" width=\"117\" height=\"34\" \/><\/a><\/p>\n<hr \/>\n<p>&nbsp;<\/p>\n<p style=\"text-align: justify;\"><span style=\"color: #ff0000; background-color: #ffffff; font-size: 14pt;\"><strong>Si te ha gustado, comp\u00e1rtelo en tu red favorita o env\u00edanos tu comentario.<br \/>\n<\/strong><\/span><\/p>\n<p style=\"text-align: justify;\"><span style=\"font-size: 14pt;\"><strong><span style=\"color: #ff0000;\">Muchas gracias !<\/span><\/strong><\/span><\/p>\n<hr \/>\n<p style=\"text-align: justify;\"><strong><span style=\"color: #008000;\">Suscribete si quieres recibir un mail cuando publiquemos nuevas rutas : no enviamos publicidad y como m\u00e1ximo enviamos 2 mails al mes<\/span><\/strong><\/p>\n<p style=\"text-align: center;\"><a href=\"https:\/\/mailchi.mp\/6989c83a3e24\/wmv06rtqcz\/\" target=\"_blank\" rel=\"noopener noreferrer\"><strong><span style=\"color: #0000ff;\">Pulsa aqu\u00ed para suscribirte<\/span><\/strong><\/a><\/p>\n<hr \/>\n<p style=\"text-align: justify;\">\u00a0<\/p>\n<h3 style=\"text-align: justify;\">Puedes imprimir esta publicaci\u00f3n o guardarla en diferentes formatos :<\/h3>\n<p style=\"text-align: justify;\"><span style=\"color: #ff0000; font-size: 14pt;\">Para facilitar la impresi\u00f3n, se ha reducido considerablemente el tama\u00f1o de las fotos, pero si deseas imprimir sin fotos, aconsejamos guardarlo como \u201cdoc\u201d, y antes de imprimirlo, eliminar las fotos<\/span><\/p>\n<p>&nbsp;<\/p>\n","protected":false},"excerpt":{"rendered":"<p>Corta y bonita,  pero complicada caminata para localizar estas bornas, por el dificil tramo de subida desde la 360 a la 362, en una zona de grandes rocas, arboles caidos y fuerte pendiente.<\/p>\n","protected":false},"author":50,"featured_media":15655,"comment_status":"closed","ping_status":"open","sticky":false,"template":"","format":"standard","meta":{"footnotes":""},"categories":[21,11,74,109],"tags":[],"class_list":{"0":"post-15654","1":"post","2":"type-post","3":"status-publish","4":"format-standard","5":"has-post-thumbnail","6":"hentry","7":"category-hasta-5-km","8":"category-moderada","9":"category-0-mojones-bornas-frontera","10":"category-valle-de-aran","12":"post-with-thumbnail","13":"post-with-thumbnail-icon"},"yoast_head":"<!-- This site is optimized with the Yoast SEO plugin v27.4 - https:\/\/yoast.com\/product\/yoast-seo-wordpress\/ -->\n<title>02-04-2021-Bornas 360-366 -<\/title>\n<meta name=\"robots\" content=\"index, follow, max-snippet:-1, max-image-preview:large, max-video-preview:-1\" \/>\n<link rel=\"canonical\" href=\"https:\/\/www.carlosyconchita.net\/rutas\/02-04-2021-bornas-360-366\/\" \/>\n<meta property=\"og:locale\" content=\"es_ES\" \/>\n<meta property=\"og:type\" content=\"article\" \/>\n<meta property=\"og:title\" content=\"02-04-2021-Bornas 360-366 -\" \/>\n<meta property=\"og:description\" content=\"Corta y bonita, pero complicada caminata para localizar estas bornas, por el dificil tramo de subida desde la 360 a la 362, en una zona de grandes rocas, arboles caidos y fuerte pendiente.\" \/>\n<meta property=\"og:url\" content=\"https:\/\/www.carlosyconchita.net\/rutas\/02-04-2021-bornas-360-366\/\" \/>\n<meta property=\"og:site_name\" content=\"Las rutas de Carlos y Conchita\" \/>\n<meta property=\"article:published_time\" content=\"2021-04-02T19:12:45+00:00\" \/>\n<meta property=\"article:modified_time\" content=\"2021-11-28T17:11:02+00:00\" \/>\n<meta property=\"og:image\" content=\"https:\/\/www.carlosyconchita.net\/rutas\/wp-content\/uploads\/2021\/04\/Bossost-02-00022.jpg\" \/>\n\t<meta property=\"og:image:width\" content=\"1024\" \/>\n\t<meta property=\"og:image:height\" content=\"760\" \/>\n\t<meta property=\"og:image:type\" content=\"image\/jpeg\" \/>\n<meta name=\"author\" content=\"Carlos Conchita\" \/>\n<meta name=\"twitter:label1\" content=\"Escrito por\" \/>\n\t<meta name=\"twitter:data1\" content=\"Carlos Conchita\" \/>\n\t<meta name=\"twitter:label2\" content=\"Tiempo de lectura\" \/>\n\t<meta name=\"twitter:data2\" content=\"6 minutos\" \/>\n<script type=\"application\/ld+json\" class=\"yoast-schema-graph\">{\"@context\":\"https:\\\/\\\/schema.org\",\"@graph\":[{\"@type\":\"Article\",\"@id\":\"https:\\\/\\\/www.carlosyconchita.net\\\/rutas\\\/02-04-2021-bornas-360-366\\\/#article\",\"isPartOf\":{\"@id\":\"https:\\\/\\\/www.carlosyconchita.net\\\/rutas\\\/02-04-2021-bornas-360-366\\\/\"},\"author\":{\"name\":\"Carlos Conchita\",\"@id\":\"https:\\\/\\\/www.carlosyconchita.net\\\/rutas\\\/#\\\/schema\\\/person\\\/a9691f7258c28443fab2d3aa1479ea19\"},\"headline\":\"02-04-2021-Bornas 360-366\",\"datePublished\":\"2021-04-02T19:12:45+00:00\",\"dateModified\":\"2021-11-28T17:11:02+00:00\",\"mainEntityOfPage\":{\"@id\":\"https:\\\/\\\/www.carlosyconchita.net\\\/rutas\\\/02-04-2021-bornas-360-366\\\/\"},\"wordCount\":1132,\"image\":{\"@id\":\"https:\\\/\\\/www.carlosyconchita.net\\\/rutas\\\/02-04-2021-bornas-360-366\\\/#primaryimage\"},\"thumbnailUrl\":\"https:\\\/\\\/www.carlosyconchita.net\\\/rutas\\\/wp-content\\\/uploads\\\/2021\\\/04\\\/Bossost-02-00022.jpg\",\"articleSection\":[\"1 - Hasta 5 km.\",\"2-Moderada\",\"Mojones \\\/ Bornas frontera ES-FR\",\"Valle de Ar\u00e1n\"],\"inLanguage\":\"es\"},{\"@type\":\"WebPage\",\"@id\":\"https:\\\/\\\/www.carlosyconchita.net\\\/rutas\\\/02-04-2021-bornas-360-366\\\/\",\"url\":\"https:\\\/\\\/www.carlosyconchita.net\\\/rutas\\\/02-04-2021-bornas-360-366\\\/\",\"name\":\"02-04-2021-Bornas 360-366 -\",\"isPartOf\":{\"@id\":\"https:\\\/\\\/www.carlosyconchita.net\\\/rutas\\\/#website\"},\"primaryImageOfPage\":{\"@id\":\"https:\\\/\\\/www.carlosyconchita.net\\\/rutas\\\/02-04-2021-bornas-360-366\\\/#primaryimage\"},\"image\":{\"@id\":\"https:\\\/\\\/www.carlosyconchita.net\\\/rutas\\\/02-04-2021-bornas-360-366\\\/#primaryimage\"},\"thumbnailUrl\":\"https:\\\/\\\/www.carlosyconchita.net\\\/rutas\\\/wp-content\\\/uploads\\\/2021\\\/04\\\/Bossost-02-00022.jpg\",\"datePublished\":\"2021-04-02T19:12:45+00:00\",\"dateModified\":\"2021-11-28T17:11:02+00:00\",\"author\":{\"@id\":\"https:\\\/\\\/www.carlosyconchita.net\\\/rutas\\\/#\\\/schema\\\/person\\\/a9691f7258c28443fab2d3aa1479ea19\"},\"breadcrumb\":{\"@id\":\"https:\\\/\\\/www.carlosyconchita.net\\\/rutas\\\/02-04-2021-bornas-360-366\\\/#breadcrumb\"},\"inLanguage\":\"es\",\"potentialAction\":[{\"@type\":\"ReadAction\",\"target\":[\"https:\\\/\\\/www.carlosyconchita.net\\\/rutas\\\/02-04-2021-bornas-360-366\\\/\"]}]},{\"@type\":\"ImageObject\",\"inLanguage\":\"es\",\"@id\":\"https:\\\/\\\/www.carlosyconchita.net\\\/rutas\\\/02-04-2021-bornas-360-366\\\/#primaryimage\",\"url\":\"https:\\\/\\\/www.carlosyconchita.net\\\/rutas\\\/wp-content\\\/uploads\\\/2021\\\/04\\\/Bossost-02-00022.jpg\",\"contentUrl\":\"https:\\\/\\\/www.carlosyconchita.net\\\/rutas\\\/wp-content\\\/uploads\\\/2021\\\/04\\\/Bossost-02-00022.jpg\",\"width\":1024,\"height\":760},{\"@type\":\"BreadcrumbList\",\"@id\":\"https:\\\/\\\/www.carlosyconchita.net\\\/rutas\\\/02-04-2021-bornas-360-366\\\/#breadcrumb\",\"itemListElement\":[{\"@type\":\"ListItem\",\"position\":1,\"name\":\"Portada\",\"item\":\"https:\\\/\\\/www.carlosyconchita.net\\\/rutas\\\/\"},{\"@type\":\"ListItem\",\"position\":2,\"name\":\"02-04-2021-Bornas 360-366\"}]},{\"@type\":\"WebSite\",\"@id\":\"https:\\\/\\\/www.carlosyconchita.net\\\/rutas\\\/#website\",\"url\":\"https:\\\/\\\/www.carlosyconchita.net\\\/rutas\\\/\",\"name\":\"Las rutas de Carlos y Conchita\",\"description\":\"\",\"potentialAction\":[{\"@type\":\"SearchAction\",\"target\":{\"@type\":\"EntryPoint\",\"urlTemplate\":\"https:\\\/\\\/www.carlosyconchita.net\\\/rutas\\\/?s={search_term_string}\"},\"query-input\":{\"@type\":\"PropertyValueSpecification\",\"valueRequired\":true,\"valueName\":\"search_term_string\"}}],\"inLanguage\":\"es\"},{\"@type\":\"Person\",\"@id\":\"https:\\\/\\\/www.carlosyconchita.net\\\/rutas\\\/#\\\/schema\\\/person\\\/a9691f7258c28443fab2d3aa1479ea19\",\"name\":\"Carlos Conchita\",\"image\":{\"@type\":\"ImageObject\",\"inLanguage\":\"es\",\"@id\":\"https:\\\/\\\/secure.gravatar.com\\\/avatar\\\/3a4625b20c8da3de99da69bfe7a322774e291c3f90dce7e8778a30fe6748ed1a?s=96&d=mm&r=g\",\"url\":\"https:\\\/\\\/secure.gravatar.com\\\/avatar\\\/3a4625b20c8da3de99da69bfe7a322774e291c3f90dce7e8778a30fe6748ed1a?s=96&d=mm&r=g\",\"contentUrl\":\"https:\\\/\\\/secure.gravatar.com\\\/avatar\\\/3a4625b20c8da3de99da69bfe7a322774e291c3f90dce7e8778a30fe6748ed1a?s=96&d=mm&r=g\",\"caption\":\"Carlos Conchita\"}}]}<\/script>\n<!-- \/ Yoast SEO plugin. -->","yoast_head_json":{"title":"02-04-2021-Bornas 360-366 -","robots":{"index":"index","follow":"follow","max-snippet":"max-snippet:-1","max-image-preview":"max-image-preview:large","max-video-preview":"max-video-preview:-1"},"canonical":"https:\/\/www.carlosyconchita.net\/rutas\/02-04-2021-bornas-360-366\/","og_locale":"es_ES","og_type":"article","og_title":"02-04-2021-Bornas 360-366 -","og_description":"Corta y bonita, pero complicada caminata para localizar estas bornas, por el dificil tramo de subida desde la 360 a la 362, en una zona de grandes rocas, arboles caidos y fuerte pendiente.","og_url":"https:\/\/www.carlosyconchita.net\/rutas\/02-04-2021-bornas-360-366\/","og_site_name":"Las rutas de Carlos y Conchita","article_published_time":"2021-04-02T19:12:45+00:00","article_modified_time":"2021-11-28T17:11:02+00:00","og_image":[{"width":1024,"height":760,"url":"https:\/\/www.carlosyconchita.net\/rutas\/wp-content\/uploads\/2021\/04\/Bossost-02-00022.jpg","type":"image\/jpeg"}],"author":"Carlos Conchita","twitter_misc":{"Escrito por":"Carlos Conchita","Tiempo de lectura":"6 minutos"},"schema":{"@context":"https:\/\/schema.org","@graph":[{"@type":"Article","@id":"https:\/\/www.carlosyconchita.net\/rutas\/02-04-2021-bornas-360-366\/#article","isPartOf":{"@id":"https:\/\/www.carlosyconchita.net\/rutas\/02-04-2021-bornas-360-366\/"},"author":{"name":"Carlos Conchita","@id":"https:\/\/www.carlosyconchita.net\/rutas\/#\/schema\/person\/a9691f7258c28443fab2d3aa1479ea19"},"headline":"02-04-2021-Bornas 360-366","datePublished":"2021-04-02T19:12:45+00:00","dateModified":"2021-11-28T17:11:02+00:00","mainEntityOfPage":{"@id":"https:\/\/www.carlosyconchita.net\/rutas\/02-04-2021-bornas-360-366\/"},"wordCount":1132,"image":{"@id":"https:\/\/www.carlosyconchita.net\/rutas\/02-04-2021-bornas-360-366\/#primaryimage"},"thumbnailUrl":"https:\/\/www.carlosyconchita.net\/rutas\/wp-content\/uploads\/2021\/04\/Bossost-02-00022.jpg","articleSection":["1 - Hasta 5 km.","2-Moderada","Mojones \/ Bornas frontera ES-FR","Valle de Ar\u00e1n"],"inLanguage":"es"},{"@type":"WebPage","@id":"https:\/\/www.carlosyconchita.net\/rutas\/02-04-2021-bornas-360-366\/","url":"https:\/\/www.carlosyconchita.net\/rutas\/02-04-2021-bornas-360-366\/","name":"02-04-2021-Bornas 360-366 -","isPartOf":{"@id":"https:\/\/www.carlosyconchita.net\/rutas\/#website"},"primaryImageOfPage":{"@id":"https:\/\/www.carlosyconchita.net\/rutas\/02-04-2021-bornas-360-366\/#primaryimage"},"image":{"@id":"https:\/\/www.carlosyconchita.net\/rutas\/02-04-2021-bornas-360-366\/#primaryimage"},"thumbnailUrl":"https:\/\/www.carlosyconchita.net\/rutas\/wp-content\/uploads\/2021\/04\/Bossost-02-00022.jpg","datePublished":"2021-04-02T19:12:45+00:00","dateModified":"2021-11-28T17:11:02+00:00","author":{"@id":"https:\/\/www.carlosyconchita.net\/rutas\/#\/schema\/person\/a9691f7258c28443fab2d3aa1479ea19"},"breadcrumb":{"@id":"https:\/\/www.carlosyconchita.net\/rutas\/02-04-2021-bornas-360-366\/#breadcrumb"},"inLanguage":"es","potentialAction":[{"@type":"ReadAction","target":["https:\/\/www.carlosyconchita.net\/rutas\/02-04-2021-bornas-360-366\/"]}]},{"@type":"ImageObject","inLanguage":"es","@id":"https:\/\/www.carlosyconchita.net\/rutas\/02-04-2021-bornas-360-366\/#primaryimage","url":"https:\/\/www.carlosyconchita.net\/rutas\/wp-content\/uploads\/2021\/04\/Bossost-02-00022.jpg","contentUrl":"https:\/\/www.carlosyconchita.net\/rutas\/wp-content\/uploads\/2021\/04\/Bossost-02-00022.jpg","width":1024,"height":760},{"@type":"BreadcrumbList","@id":"https:\/\/www.carlosyconchita.net\/rutas\/02-04-2021-bornas-360-366\/#breadcrumb","itemListElement":[{"@type":"ListItem","position":1,"name":"Portada","item":"https:\/\/www.carlosyconchita.net\/rutas\/"},{"@type":"ListItem","position":2,"name":"02-04-2021-Bornas 360-366"}]},{"@type":"WebSite","@id":"https:\/\/www.carlosyconchita.net\/rutas\/#website","url":"https:\/\/www.carlosyconchita.net\/rutas\/","name":"Las rutas de Carlos y Conchita","description":"","potentialAction":[{"@type":"SearchAction","target":{"@type":"EntryPoint","urlTemplate":"https:\/\/www.carlosyconchita.net\/rutas\/?s={search_term_string}"},"query-input":{"@type":"PropertyValueSpecification","valueRequired":true,"valueName":"search_term_string"}}],"inLanguage":"es"},{"@type":"Person","@id":"https:\/\/www.carlosyconchita.net\/rutas\/#\/schema\/person\/a9691f7258c28443fab2d3aa1479ea19","name":"Carlos Conchita","image":{"@type":"ImageObject","inLanguage":"es","@id":"https:\/\/secure.gravatar.com\/avatar\/3a4625b20c8da3de99da69bfe7a322774e291c3f90dce7e8778a30fe6748ed1a?s=96&d=mm&r=g","url":"https:\/\/secure.gravatar.com\/avatar\/3a4625b20c8da3de99da69bfe7a322774e291c3f90dce7e8778a30fe6748ed1a?s=96&d=mm&r=g","contentUrl":"https:\/\/secure.gravatar.com\/avatar\/3a4625b20c8da3de99da69bfe7a322774e291c3f90dce7e8778a30fe6748ed1a?s=96&d=mm&r=g","caption":"Carlos Conchita"}}]}},"_links":{"self":[{"href":"https:\/\/www.carlosyconchita.net\/rutas\/wp-json\/wp\/v2\/posts\/15654","targetHints":{"allow":["GET"]}}],"collection":[{"href":"https:\/\/www.carlosyconchita.net\/rutas\/wp-json\/wp\/v2\/posts"}],"about":[{"href":"https:\/\/www.carlosyconchita.net\/rutas\/wp-json\/wp\/v2\/types\/post"}],"author":[{"embeddable":true,"href":"https:\/\/www.carlosyconchita.net\/rutas\/wp-json\/wp\/v2\/users\/50"}],"replies":[{"embeddable":true,"href":"https:\/\/www.carlosyconchita.net\/rutas\/wp-json\/wp\/v2\/comments?post=15654"}],"version-history":[{"count":0,"href":"https:\/\/www.carlosyconchita.net\/rutas\/wp-json\/wp\/v2\/posts\/15654\/revisions"}],"wp:featuredmedia":[{"embeddable":true,"href":"https:\/\/www.carlosyconchita.net\/rutas\/wp-json\/wp\/v2\/media\/15655"}],"wp:attachment":[{"href":"https:\/\/www.carlosyconchita.net\/rutas\/wp-json\/wp\/v2\/media?parent=15654"}],"wp:term":[{"taxonomy":"category","embeddable":true,"href":"https:\/\/www.carlosyconchita.net\/rutas\/wp-json\/wp\/v2\/categories?post=15654"},{"taxonomy":"post_tag","embeddable":true,"href":"https:\/\/www.carlosyconchita.net\/rutas\/wp-json\/wp\/v2\/tags?post=15654"}],"curies":[{"name":"wp","href":"https:\/\/api.w.org\/{rel}","templated":true}]}}