{"id":15699,"date":"2021-04-10T18:22:17","date_gmt":"2021-04-10T17:22:17","guid":{"rendered":"https:\/\/www.carlosyconchita.net\/rutas\/?p=15699"},"modified":"2021-04-14T20:06:30","modified_gmt":"2021-04-14T19:06:30","slug":"10-04-2021-roques-blaves-cova-petreco-iglesia-sta-maria-del-puig","status":"publish","type":"post","link":"https:\/\/www.carlosyconchita.net\/rutas\/10-04-2021-roques-blaves-cova-petreco-iglesia-sta-maria-del-puig\/","title":{"rendered":"10-04-2021-Roques Blaves, Cova Petrec\u00f3 , Iglesia Sta.Mar\u00eda del Puig"},"content":{"rendered":"<p style=\"text-align: justify;\">Como que estamos de nuevo confinados comarcalmente, hacemos esta excursi\u00f3n empezando en Esparraguera, en la calle Can Roca, en un d\u00eda bastante nublado y gris, con Asun, Lluis, Carme, Miquel, Nuria y Rafel.<\/p>\n<p style=\"text-align: justify;\">All\u00ed mismo empieza el camino vecinal \u00abCam\u00ed Ve\u00efnal a Can San Joan, Can Roca i Roques Blaves\u00bb y aproximadamente a 1 km. veremos el indicador y el desv\u00edo para llegar a las Roques Blaves.<\/p>\n<p style=\"text-align: justify;\">Despu\u00e9s de las consabidas fotos, volvemos atr\u00e1s unos pocos metros para seguir por el ancho camino por el que ven\u00edamos , con un par de desv\u00edos a la izquierda (ver track y fotos).<br \/>\nEn el segundo, dejaremos el camino principal y seguiremos por uno m\u00e1s estrecho en direcci\u00f3n al Collet de Can Rubi\u00f3.<\/p>\n<p style=\"text-align: justify;\">En el punto indicado en el track como \u00abDesv\u00edo 3 derecha\u00bb, entraremos de nuevo en un camino m\u00e1s ancho que sube hasta el Capbrot de Rubi\u00f3, en donde encontramos bastante niebla.<\/p>\n<p>Descendemos entonces siguiendo el camino, hasta que lleguemos al punto indicado \u00abDesv\u00edo 5 derecha\u00bb, en donde entraremos en un peque\u00f1o sendero con bastante pendiente que nos llevar\u00e1 a la Cova del Petrec\u00f3.<\/p>\n<p style=\"text-align: justify;\">Seguiremos bajando, llegando despu\u00e9s a un camino ancho, y con menos pendiente, hasta llegar al punto indicado como \u00abSubida a la iglesia de Sta.Mar\u00eda\u00bb, en que subiremos unos pocos metros con fuerte pendiente hasta llegar a la explanada en donde est\u00e1 la Iglesia de Santa Mar\u00eda del Puig.<\/p>\n<p style=\"text-align: justify;\">Continuaremos por el camino que vemos al otro lado de la iglesia, y que d\u00e1 un gran rodeo, para salvar el barranco que tenemos en este lado de la explanada de la iglesia, y que va descendiendo suavemente,\u00a0 pasando por encima de la Colonia Sed\u00f3.<\/p>\n<p style=\"text-align: justify;\">En el punto indicado como \u00abDesv\u00edo 6 izquierda\u00bb, dudamos entre subir m\u00e1s o menos en l\u00ednea recta por una especie de torrentera con bastante pendiente o dar una gran vuelta para llegar al Mirador de las Roques Blaves, y finalmente, decidimos subir por la torrentera, que nos llev\u00f3 justo donde ten\u00edamos los coches.<\/p>\n<hr \/>\n<h3 style=\"text-align: justify;\"><strong>Album de fotos<\/strong><\/h3>\n<p><a href=\"https:\/\/photos.app.goo.gl\/fmfgwL9L6NJw92B9A\" target=\"_blank\" rel=\"noopener\"><img loading=\"lazy\" decoding=\"async\" class=\"aligncenter wp-image-15700 size-medium\" src=\"https:\/\/www.carlosyconchita.net\/rutas\/wp-content\/uploads\/2021\/04\/Esparraguera-00082-300x169.jpg\" alt=\"\" width=\"300\" height=\"169\" srcset=\"https:\/\/www.carlosyconchita.net\/rutas\/wp-content\/uploads\/2021\/04\/Esparraguera-00082-300x169.jpg 300w, https:\/\/www.carlosyconchita.net\/rutas\/wp-content\/uploads\/2021\/04\/Esparraguera-00082-600x338.jpg 600w, https:\/\/www.carlosyconchita.net\/rutas\/wp-content\/uploads\/2021\/04\/Esparraguera-00082-768x432.jpg 768w, https:\/\/www.carlosyconchita.net\/rutas\/wp-content\/uploads\/2021\/04\/Esparraguera-00082.jpg 1024w\" sizes=\"auto, (max-width: 300px) 100vw, 300px\" \/><\/a><\/p>\n<hr \/>\n<p><strong>Dificultad<\/strong> :\u00a0\u00a0\u00a0 F\u00e1cil<\/p>\n<p><strong>Distancia total<\/strong> :\u00a0\u00a0 9.466\u00a0<span class=\"totlen\"><span class=\"summaryvalue\"> m<\/span><\/span><\/p>\n<p><strong>Alturas m\u00ednima \/ m\u00e1xima<\/strong> :\u00a0\u00a0\u00a0\u00a0 83 m.\u00a0 \/ 427<span class=\"maxele\"><span class=\"summaryvalue\"> m<\/span><\/span><\/p>\n<p><strong>Desnivel acumulado (s\/Wikiloc)<\/strong>\u00a0 :\u00a0\u00a0\u00a0 393 m.<\/p>\n<p><strong>Tiempo total \/ en movimiento<\/strong> :\u00a0\u00a0\u00a0\u00a0\u00a0 4 h. 06 m.\u00a0 \/\u00a0 2 h. 48\u00a0 m.<\/p>\n<p><strong>Velocidad media total \/ velocidad media movimiento<\/strong> :\u00a0\u00a0\u00a0 2\u201930 km\/h\u00a0 \u2013\u00a0 3\u201938 km.\/h<\/p>\n<hr \/>\n<h3><strong>Mapa y track de la ruta<\/strong><\/h3>\n<p style=\"text-align: center;\"><span style=\"color: #ff0000;\"><strong>Pulsando\u00a0 sobre los waypoints del mapa, se puede ver una foto del sitio.<\/strong><\/span><\/p>\n<p><a href=\"https:\/\/www.carlosyconchita.net\/rutas\/wp-content\/uploads\/gpx\/Esparraguera.html\" target=\"_blank\" rel=\"noopener\"><img loading=\"lazy\" decoding=\"async\" class=\"aligncenter size-full wp-image-14621\" src=\"https:\/\/www.carlosyconchita.net\/rutas\/wp-content\/uploads\/2020\/06\/mapa.jpg\" alt=\"\" width=\"181\" height=\"122\" \/><\/a><\/p>\n<hr \/>\n<h3><strong>Wikiloc<\/strong><\/h3>\n<p>&nbsp;<\/p>\n<p><a href=\"https:\/\/es.wikiloc.com\/rutas-senderismo\/esparraguera-70564596\" target=\"_blank\" rel=\"noopener\"><img loading=\"lazy\" decoding=\"async\" class=\"aligncenter size-full wp-image-958\" src=\"https:\/\/www.carlosyconchita.net\/rutas\/wp-content\/uploads\/2020\/09\/wikiloc.jpg\" alt=\"\" width=\"117\" height=\"34\" \/><\/a><\/p>\n<p>&nbsp;<\/p>\n<hr \/>\n<p>&nbsp;<\/p>\n<p style=\"text-align: justify;\"><span style=\"color: #ff0000; background-color: #ffffff; font-size: 14pt;\"><strong>Si te ha gustado, comp\u00e1rtelo en tu red favorita o env\u00edanos tu comentario.<br \/>\n<\/strong><\/span><\/p>\n<p style=\"text-align: justify;\"><span style=\"font-size: 14pt;\"><strong><span style=\"color: #ff0000;\">Muchas gracias !<\/span><\/strong><\/span><\/p>\n<hr \/>\n<p style=\"text-align: justify;\"><strong><span style=\"color: #008000;\">Suscribete si quieres recibir un mail cuando publiquemos nuevas rutas : no enviamos publicidad y como m\u00e1ximo enviamos 2 mails al mes<\/span><\/strong><\/p>\n<p style=\"text-align: center;\"><a href=\"https:\/\/mailchi.mp\/6989c83a3e24\/wmv06rtqcz\/\" target=\"_blank\" rel=\"noopener noreferrer\"><strong><span style=\"color: #0000ff;\">Pulsa aqu\u00ed para suscribirte<\/span><\/strong><\/a><\/p>\n<hr \/>\n<p style=\"text-align: justify;\">\u00a0<\/p>\n<h3 style=\"text-align: justify;\">Puedes imprimir esta publicaci\u00f3n o guardarla en diferentes formatos :<\/h3>\n<p style=\"text-align: justify;\"><span style=\"color: #ff0000; font-size: 14pt;\">Para facilitar la impresi\u00f3n, se ha reducido considerablemente el tama\u00f1o de las fotos, pero si deseas imprimir sin fotos, aconsejamos guardarlo como \u201cdoc\u201d, y antes de imprimirlo, eliminar las fotos<\/span><\/p>\n","protected":false},"excerpt":{"rendered":"<p>Como que estamos de nuevo confinados comarcalmente, hacemos esta excursi\u00f3n empezando en Esparraguera, en la calle Can Roca, en un d\u00eda bastante nublado y gris, con Asun, Lluis, Carme, Miquel, Nuria y Rafel. All\u00ed mismo empieza el camino vecinal \u00abCam\u00ed Ve\u00efnal a Can San Joan, Can Roca i Roques Blaves\u00bb y aproximadamente a 1 km. [&hellip;]<\/p>\n","protected":false},"author":50,"featured_media":15700,"comment_status":"closed","ping_status":"open","sticky":false,"template":"","format":"standard","meta":{"footnotes":""},"categories":[10,22,29],"tags":[],"class_list":{"0":"post-15699","1":"post","2":"type-post","3":"status-publish","4":"format-standard","5":"has-post-thumbnail","6":"hentry","7":"category-facil","8":"category-de-05-a-10-km","9":"category-baixllobregat","11":"post-with-thumbnail","12":"post-with-thumbnail-icon"},"yoast_head":"<!-- This site is optimized with the Yoast SEO plugin v27.4 - https:\/\/yoast.com\/product\/yoast-seo-wordpress\/ -->\n<title>10-04-2021-Roques Blaves, Cova Petrec\u00f3 , Iglesia Sta.Mar\u00eda del Puig -<\/title>\n<meta name=\"robots\" content=\"index, follow, max-snippet:-1, max-image-preview:large, max-video-preview:-1\" \/>\n<link rel=\"canonical\" href=\"https:\/\/www.carlosyconchita.net\/rutas\/10-04-2021-roques-blaves-cova-petreco-iglesia-sta-maria-del-puig\/\" \/>\n<meta property=\"og:locale\" content=\"es_ES\" \/>\n<meta property=\"og:type\" content=\"article\" \/>\n<meta property=\"og:title\" content=\"10-04-2021-Roques Blaves, Cova Petrec\u00f3 , Iglesia Sta.Mar\u00eda del Puig -\" \/>\n<meta property=\"og:description\" content=\"Como que estamos de nuevo confinados comarcalmente, hacemos esta excursi\u00f3n empezando en Esparraguera, en la calle Can Roca, en un d\u00eda bastante nublado y gris, con Asun, Lluis, Carme, Miquel, Nuria y Rafel. All\u00ed mismo empieza el camino vecinal \u00abCam\u00ed Ve\u00efnal a Can San Joan, Can Roca i Roques Blaves\u00bb y aproximadamente a 1 km. [&hellip;]\" \/>\n<meta property=\"og:url\" content=\"https:\/\/www.carlosyconchita.net\/rutas\/10-04-2021-roques-blaves-cova-petreco-iglesia-sta-maria-del-puig\/\" \/>\n<meta property=\"og:site_name\" content=\"Las rutas de Carlos y Conchita\" \/>\n<meta property=\"article:published_time\" content=\"2021-04-10T17:22:17+00:00\" \/>\n<meta property=\"article:modified_time\" content=\"2021-04-14T19:06:30+00:00\" \/>\n<meta property=\"og:image\" content=\"https:\/\/www.carlosyconchita.net\/rutas\/wp-content\/uploads\/2021\/04\/Esparraguera-00082.jpg\" \/>\n\t<meta property=\"og:image:width\" content=\"1024\" \/>\n\t<meta property=\"og:image:height\" content=\"576\" \/>\n\t<meta property=\"og:image:type\" content=\"image\/jpeg\" \/>\n<meta name=\"author\" content=\"Carlos Conchita\" \/>\n<meta name=\"twitter:label1\" content=\"Escrito por\" \/>\n\t<meta name=\"twitter:data1\" content=\"Carlos Conchita\" \/>\n\t<meta name=\"twitter:label2\" content=\"Tiempo de lectura\" \/>\n\t<meta name=\"twitter:data2\" content=\"3 minutos\" \/>\n<script type=\"application\/ld+json\" class=\"yoast-schema-graph\">{\"@context\":\"https:\\\/\\\/schema.org\",\"@graph\":[{\"@type\":\"Article\",\"@id\":\"https:\\\/\\\/www.carlosyconchita.net\\\/rutas\\\/10-04-2021-roques-blaves-cova-petreco-iglesia-sta-maria-del-puig\\\/#article\",\"isPartOf\":{\"@id\":\"https:\\\/\\\/www.carlosyconchita.net\\\/rutas\\\/10-04-2021-roques-blaves-cova-petreco-iglesia-sta-maria-del-puig\\\/\"},\"author\":{\"name\":\"Carlos Conchita\",\"@id\":\"https:\\\/\\\/www.carlosyconchita.net\\\/rutas\\\/#\\\/schema\\\/person\\\/a9691f7258c28443fab2d3aa1479ea19\"},\"headline\":\"10-04-2021-Roques Blaves, Cova Petrec\u00f3 , Iglesia Sta.Mar\u00eda del Puig\",\"datePublished\":\"2021-04-10T17:22:17+00:00\",\"dateModified\":\"2021-04-14T19:06:30+00:00\",\"mainEntityOfPage\":{\"@id\":\"https:\\\/\\\/www.carlosyconchita.net\\\/rutas\\\/10-04-2021-roques-blaves-cova-petreco-iglesia-sta-maria-del-puig\\\/\"},\"wordCount\":504,\"image\":{\"@id\":\"https:\\\/\\\/www.carlosyconchita.net\\\/rutas\\\/10-04-2021-roques-blaves-cova-petreco-iglesia-sta-maria-del-puig\\\/#primaryimage\"},\"thumbnailUrl\":\"https:\\\/\\\/www.carlosyconchita.net\\\/rutas\\\/wp-content\\\/uploads\\\/2021\\\/04\\\/Esparraguera-00082.jpg\",\"articleSection\":[\"1-F\u00e1cil\",\"2 - De 5 a 10 km.\",\"Baix Llobregat\"],\"inLanguage\":\"es\"},{\"@type\":\"WebPage\",\"@id\":\"https:\\\/\\\/www.carlosyconchita.net\\\/rutas\\\/10-04-2021-roques-blaves-cova-petreco-iglesia-sta-maria-del-puig\\\/\",\"url\":\"https:\\\/\\\/www.carlosyconchita.net\\\/rutas\\\/10-04-2021-roques-blaves-cova-petreco-iglesia-sta-maria-del-puig\\\/\",\"name\":\"10-04-2021-Roques Blaves, Cova Petrec\u00f3 , Iglesia Sta.Mar\u00eda del Puig -\",\"isPartOf\":{\"@id\":\"https:\\\/\\\/www.carlosyconchita.net\\\/rutas\\\/#website\"},\"primaryImageOfPage\":{\"@id\":\"https:\\\/\\\/www.carlosyconchita.net\\\/rutas\\\/10-04-2021-roques-blaves-cova-petreco-iglesia-sta-maria-del-puig\\\/#primaryimage\"},\"image\":{\"@id\":\"https:\\\/\\\/www.carlosyconchita.net\\\/rutas\\\/10-04-2021-roques-blaves-cova-petreco-iglesia-sta-maria-del-puig\\\/#primaryimage\"},\"thumbnailUrl\":\"https:\\\/\\\/www.carlosyconchita.net\\\/rutas\\\/wp-content\\\/uploads\\\/2021\\\/04\\\/Esparraguera-00082.jpg\",\"datePublished\":\"2021-04-10T17:22:17+00:00\",\"dateModified\":\"2021-04-14T19:06:30+00:00\",\"author\":{\"@id\":\"https:\\\/\\\/www.carlosyconchita.net\\\/rutas\\\/#\\\/schema\\\/person\\\/a9691f7258c28443fab2d3aa1479ea19\"},\"breadcrumb\":{\"@id\":\"https:\\\/\\\/www.carlosyconchita.net\\\/rutas\\\/10-04-2021-roques-blaves-cova-petreco-iglesia-sta-maria-del-puig\\\/#breadcrumb\"},\"inLanguage\":\"es\",\"potentialAction\":[{\"@type\":\"ReadAction\",\"target\":[\"https:\\\/\\\/www.carlosyconchita.net\\\/rutas\\\/10-04-2021-roques-blaves-cova-petreco-iglesia-sta-maria-del-puig\\\/\"]}]},{\"@type\":\"ImageObject\",\"inLanguage\":\"es\",\"@id\":\"https:\\\/\\\/www.carlosyconchita.net\\\/rutas\\\/10-04-2021-roques-blaves-cova-petreco-iglesia-sta-maria-del-puig\\\/#primaryimage\",\"url\":\"https:\\\/\\\/www.carlosyconchita.net\\\/rutas\\\/wp-content\\\/uploads\\\/2021\\\/04\\\/Esparraguera-00082.jpg\",\"contentUrl\":\"https:\\\/\\\/www.carlosyconchita.net\\\/rutas\\\/wp-content\\\/uploads\\\/2021\\\/04\\\/Esparraguera-00082.jpg\",\"width\":1024,\"height\":576},{\"@type\":\"BreadcrumbList\",\"@id\":\"https:\\\/\\\/www.carlosyconchita.net\\\/rutas\\\/10-04-2021-roques-blaves-cova-petreco-iglesia-sta-maria-del-puig\\\/#breadcrumb\",\"itemListElement\":[{\"@type\":\"ListItem\",\"position\":1,\"name\":\"Portada\",\"item\":\"https:\\\/\\\/www.carlosyconchita.net\\\/rutas\\\/\"},{\"@type\":\"ListItem\",\"position\":2,\"name\":\"10-04-2021-Roques Blaves, Cova Petrec\u00f3 , Iglesia Sta.Mar\u00eda del Puig\"}]},{\"@type\":\"WebSite\",\"@id\":\"https:\\\/\\\/www.carlosyconchita.net\\\/rutas\\\/#website\",\"url\":\"https:\\\/\\\/www.carlosyconchita.net\\\/rutas\\\/\",\"name\":\"Las rutas de Carlos y Conchita\",\"description\":\"\",\"potentialAction\":[{\"@type\":\"SearchAction\",\"target\":{\"@type\":\"EntryPoint\",\"urlTemplate\":\"https:\\\/\\\/www.carlosyconchita.net\\\/rutas\\\/?s={search_term_string}\"},\"query-input\":{\"@type\":\"PropertyValueSpecification\",\"valueRequired\":true,\"valueName\":\"search_term_string\"}}],\"inLanguage\":\"es\"},{\"@type\":\"Person\",\"@id\":\"https:\\\/\\\/www.carlosyconchita.net\\\/rutas\\\/#\\\/schema\\\/person\\\/a9691f7258c28443fab2d3aa1479ea19\",\"name\":\"Carlos Conchita\",\"image\":{\"@type\":\"ImageObject\",\"inLanguage\":\"es\",\"@id\":\"https:\\\/\\\/secure.gravatar.com\\\/avatar\\\/3a4625b20c8da3de99da69bfe7a322774e291c3f90dce7e8778a30fe6748ed1a?s=96&d=mm&r=g\",\"url\":\"https:\\\/\\\/secure.gravatar.com\\\/avatar\\\/3a4625b20c8da3de99da69bfe7a322774e291c3f90dce7e8778a30fe6748ed1a?s=96&d=mm&r=g\",\"contentUrl\":\"https:\\\/\\\/secure.gravatar.com\\\/avatar\\\/3a4625b20c8da3de99da69bfe7a322774e291c3f90dce7e8778a30fe6748ed1a?s=96&d=mm&r=g\",\"caption\":\"Carlos Conchita\"}}]}<\/script>\n<!-- \/ Yoast SEO plugin. -->","yoast_head_json":{"title":"10-04-2021-Roques Blaves, Cova Petrec\u00f3 , Iglesia Sta.Mar\u00eda del Puig -","robots":{"index":"index","follow":"follow","max-snippet":"max-snippet:-1","max-image-preview":"max-image-preview:large","max-video-preview":"max-video-preview:-1"},"canonical":"https:\/\/www.carlosyconchita.net\/rutas\/10-04-2021-roques-blaves-cova-petreco-iglesia-sta-maria-del-puig\/","og_locale":"es_ES","og_type":"article","og_title":"10-04-2021-Roques Blaves, Cova Petrec\u00f3 , Iglesia Sta.Mar\u00eda del Puig -","og_description":"Como que estamos de nuevo confinados comarcalmente, hacemos esta excursi\u00f3n empezando en Esparraguera, en la calle Can Roca, en un d\u00eda bastante nublado y gris, con Asun, Lluis, Carme, Miquel, Nuria y Rafel. All\u00ed mismo empieza el camino vecinal \u00abCam\u00ed Ve\u00efnal a Can San Joan, Can Roca i Roques Blaves\u00bb y aproximadamente a 1 km. [&hellip;]","og_url":"https:\/\/www.carlosyconchita.net\/rutas\/10-04-2021-roques-blaves-cova-petreco-iglesia-sta-maria-del-puig\/","og_site_name":"Las rutas de Carlos y Conchita","article_published_time":"2021-04-10T17:22:17+00:00","article_modified_time":"2021-04-14T19:06:30+00:00","og_image":[{"width":1024,"height":576,"url":"https:\/\/www.carlosyconchita.net\/rutas\/wp-content\/uploads\/2021\/04\/Esparraguera-00082.jpg","type":"image\/jpeg"}],"author":"Carlos Conchita","twitter_misc":{"Escrito por":"Carlos Conchita","Tiempo de lectura":"3 minutos"},"schema":{"@context":"https:\/\/schema.org","@graph":[{"@type":"Article","@id":"https:\/\/www.carlosyconchita.net\/rutas\/10-04-2021-roques-blaves-cova-petreco-iglesia-sta-maria-del-puig\/#article","isPartOf":{"@id":"https:\/\/www.carlosyconchita.net\/rutas\/10-04-2021-roques-blaves-cova-petreco-iglesia-sta-maria-del-puig\/"},"author":{"name":"Carlos Conchita","@id":"https:\/\/www.carlosyconchita.net\/rutas\/#\/schema\/person\/a9691f7258c28443fab2d3aa1479ea19"},"headline":"10-04-2021-Roques Blaves, Cova Petrec\u00f3 , Iglesia Sta.Mar\u00eda del Puig","datePublished":"2021-04-10T17:22:17+00:00","dateModified":"2021-04-14T19:06:30+00:00","mainEntityOfPage":{"@id":"https:\/\/www.carlosyconchita.net\/rutas\/10-04-2021-roques-blaves-cova-petreco-iglesia-sta-maria-del-puig\/"},"wordCount":504,"image":{"@id":"https:\/\/www.carlosyconchita.net\/rutas\/10-04-2021-roques-blaves-cova-petreco-iglesia-sta-maria-del-puig\/#primaryimage"},"thumbnailUrl":"https:\/\/www.carlosyconchita.net\/rutas\/wp-content\/uploads\/2021\/04\/Esparraguera-00082.jpg","articleSection":["1-F\u00e1cil","2 - De 5 a 10 km.","Baix Llobregat"],"inLanguage":"es"},{"@type":"WebPage","@id":"https:\/\/www.carlosyconchita.net\/rutas\/10-04-2021-roques-blaves-cova-petreco-iglesia-sta-maria-del-puig\/","url":"https:\/\/www.carlosyconchita.net\/rutas\/10-04-2021-roques-blaves-cova-petreco-iglesia-sta-maria-del-puig\/","name":"10-04-2021-Roques Blaves, Cova Petrec\u00f3 , Iglesia Sta.Mar\u00eda del Puig -","isPartOf":{"@id":"https:\/\/www.carlosyconchita.net\/rutas\/#website"},"primaryImageOfPage":{"@id":"https:\/\/www.carlosyconchita.net\/rutas\/10-04-2021-roques-blaves-cova-petreco-iglesia-sta-maria-del-puig\/#primaryimage"},"image":{"@id":"https:\/\/www.carlosyconchita.net\/rutas\/10-04-2021-roques-blaves-cova-petreco-iglesia-sta-maria-del-puig\/#primaryimage"},"thumbnailUrl":"https:\/\/www.carlosyconchita.net\/rutas\/wp-content\/uploads\/2021\/04\/Esparraguera-00082.jpg","datePublished":"2021-04-10T17:22:17+00:00","dateModified":"2021-04-14T19:06:30+00:00","author":{"@id":"https:\/\/www.carlosyconchita.net\/rutas\/#\/schema\/person\/a9691f7258c28443fab2d3aa1479ea19"},"breadcrumb":{"@id":"https:\/\/www.carlosyconchita.net\/rutas\/10-04-2021-roques-blaves-cova-petreco-iglesia-sta-maria-del-puig\/#breadcrumb"},"inLanguage":"es","potentialAction":[{"@type":"ReadAction","target":["https:\/\/www.carlosyconchita.net\/rutas\/10-04-2021-roques-blaves-cova-petreco-iglesia-sta-maria-del-puig\/"]}]},{"@type":"ImageObject","inLanguage":"es","@id":"https:\/\/www.carlosyconchita.net\/rutas\/10-04-2021-roques-blaves-cova-petreco-iglesia-sta-maria-del-puig\/#primaryimage","url":"https:\/\/www.carlosyconchita.net\/rutas\/wp-content\/uploads\/2021\/04\/Esparraguera-00082.jpg","contentUrl":"https:\/\/www.carlosyconchita.net\/rutas\/wp-content\/uploads\/2021\/04\/Esparraguera-00082.jpg","width":1024,"height":576},{"@type":"BreadcrumbList","@id":"https:\/\/www.carlosyconchita.net\/rutas\/10-04-2021-roques-blaves-cova-petreco-iglesia-sta-maria-del-puig\/#breadcrumb","itemListElement":[{"@type":"ListItem","position":1,"name":"Portada","item":"https:\/\/www.carlosyconchita.net\/rutas\/"},{"@type":"ListItem","position":2,"name":"10-04-2021-Roques Blaves, Cova Petrec\u00f3 , Iglesia Sta.Mar\u00eda del Puig"}]},{"@type":"WebSite","@id":"https:\/\/www.carlosyconchita.net\/rutas\/#website","url":"https:\/\/www.carlosyconchita.net\/rutas\/","name":"Las rutas de Carlos y Conchita","description":"","potentialAction":[{"@type":"SearchAction","target":{"@type":"EntryPoint","urlTemplate":"https:\/\/www.carlosyconchita.net\/rutas\/?s={search_term_string}"},"query-input":{"@type":"PropertyValueSpecification","valueRequired":true,"valueName":"search_term_string"}}],"inLanguage":"es"},{"@type":"Person","@id":"https:\/\/www.carlosyconchita.net\/rutas\/#\/schema\/person\/a9691f7258c28443fab2d3aa1479ea19","name":"Carlos Conchita","image":{"@type":"ImageObject","inLanguage":"es","@id":"https:\/\/secure.gravatar.com\/avatar\/3a4625b20c8da3de99da69bfe7a322774e291c3f90dce7e8778a30fe6748ed1a?s=96&d=mm&r=g","url":"https:\/\/secure.gravatar.com\/avatar\/3a4625b20c8da3de99da69bfe7a322774e291c3f90dce7e8778a30fe6748ed1a?s=96&d=mm&r=g","contentUrl":"https:\/\/secure.gravatar.com\/avatar\/3a4625b20c8da3de99da69bfe7a322774e291c3f90dce7e8778a30fe6748ed1a?s=96&d=mm&r=g","caption":"Carlos Conchita"}}]}},"_links":{"self":[{"href":"https:\/\/www.carlosyconchita.net\/rutas\/wp-json\/wp\/v2\/posts\/15699","targetHints":{"allow":["GET"]}}],"collection":[{"href":"https:\/\/www.carlosyconchita.net\/rutas\/wp-json\/wp\/v2\/posts"}],"about":[{"href":"https:\/\/www.carlosyconchita.net\/rutas\/wp-json\/wp\/v2\/types\/post"}],"author":[{"embeddable":true,"href":"https:\/\/www.carlosyconchita.net\/rutas\/wp-json\/wp\/v2\/users\/50"}],"replies":[{"embeddable":true,"href":"https:\/\/www.carlosyconchita.net\/rutas\/wp-json\/wp\/v2\/comments?post=15699"}],"version-history":[{"count":0,"href":"https:\/\/www.carlosyconchita.net\/rutas\/wp-json\/wp\/v2\/posts\/15699\/revisions"}],"wp:featuredmedia":[{"embeddable":true,"href":"https:\/\/www.carlosyconchita.net\/rutas\/wp-json\/wp\/v2\/media\/15700"}],"wp:attachment":[{"href":"https:\/\/www.carlosyconchita.net\/rutas\/wp-json\/wp\/v2\/media?parent=15699"}],"wp:term":[{"taxonomy":"category","embeddable":true,"href":"https:\/\/www.carlosyconchita.net\/rutas\/wp-json\/wp\/v2\/categories?post=15699"},{"taxonomy":"post_tag","embeddable":true,"href":"https:\/\/www.carlosyconchita.net\/rutas\/wp-json\/wp\/v2\/tags?post=15699"}],"curies":[{"name":"wp","href":"https:\/\/api.w.org\/{rel}","templated":true}]}}