{"id":15706,"date":"2021-04-17T17:50:09","date_gmt":"2021-04-17T16:50:09","guid":{"rendered":"https:\/\/www.carlosyconchita.net\/rutas\/?p=15706"},"modified":"2021-04-19T19:02:50","modified_gmt":"2021-04-19T18:02:50","slug":"17-04-2021-puig-madrona-ermita-la-salut-y-escletxes-del-papiol","status":"publish","type":"post","link":"https:\/\/www.carlosyconchita.net\/rutas\/17-04-2021-puig-madrona-ermita-la-salut-y-escletxes-del-papiol\/","title":{"rendered":"17-04-2021-Puig Madrona, Ermita La Salut y Escletxes del Papiol"},"content":{"rendered":"<p style=\"text-align: justify;\">Hoy hemos hecho una excursi\u00f3n no muy larga , pero distraida, ya que hemos tenido tramos de camino ancho y f\u00e1cil, senderos estrechos en el bosque, algunos con bastante pendiente, y tambi\u00e9n un peque\u00f1o recorrido por las calles del Papiol, y a pesar de que las previsiones para el tiempo no eran muy buenas, al final ha hecho un d\u00eda bastante bueno.<\/p>\n<p>Aparcamos el coche en una amplia zona de parking cerca de Les Escletxes, a donde llegamos despu\u00e9s de caminar unos 200 m.<\/p>\n<p>Para no volver atr\u00e1s y caminar por el pueblo lo menos posible, seguimos un camino de tierra, aunque tenemos que pasar por una zona de obras, entre m\u00e1quinas , aunque hoy no estaban trabajando, llegamos al pueblo al lado mismo del cementerio, y despu\u00e9s de caminar unos 400 m. por el \u00abCarrer del Carme\u00bb , giramos a la derecha por el \u00abCarrer\u00a0 de Can Esteve, por el que iremos saliendo del Papiol, hasta llegar al \u00abCarrer de Puig Madrona\u00bb, por el que iremos subiendo hasta llegar al punto \u00abDesv\u00edo derecha 1\u00bb , en donde dejaremos la calle asfaltada y seguiremos el G-10.<\/p>\n<p>En un par de puntos (ver en el track los \u00abAtajos\u00bb indicados), dejaremos el camino ancho para acortar y subiremos por el bosque, por unos senderos mucho m\u00e1s estrechos pero f\u00e1ciles y bonitos, pasando tambi\u00e9n un rato por el G-11<\/p>\n<p>El \u00faltimo tramo de subida, (Atajo 2), tiene una fuerte pendiente, hasta llegar al camino que nos lleva hasta la torre de vigilancia situada en el Puig Madrona.<\/p>\n<p>Desde all\u00ed empezamos a bajar, por despiste continuamos un buen tramo por el ancho camino que desciende de la cima, hasta que nos damos cuenta, y tenemos que volver atr\u00e1s.<\/p>\n<p>La bajada correcta es pon un estrecho sendero que nos lleva a la Ermita de la Salut, despu\u00e9s seguimos bajando para llegar al Puig Alzinar (hay que desviarse un poquito del sendero),\u00a0 aunque debido a la poca altura y mucha vegetaci\u00f3n no hay buenas vistas ), subiremos despu\u00e9s al Tur\u00f3 de la Pineta, y desde all\u00ed ya bajamos hacia el parking donde tenemos el coche,\u00a0 por un sendero estrecho que desemboca en el G-02 que ya nos lleva al parking.<\/p>\n<hr \/>\n<h3><strong>Album de fotos<\/strong><\/h3>\n<p><a href=\"https:\/\/photos.app.goo.gl\/ELX4bPuEwDfmgbjg8\" target=\"_blank\" rel=\"noopener\"><img loading=\"lazy\" decoding=\"async\" class=\"aligncenter wp-image-15715 size-medium\" src=\"https:\/\/www.carlosyconchita.net\/rutas\/wp-content\/uploads\/2021\/04\/PuigMadrona-00049-300x169.jpg\" alt=\"\" width=\"300\" height=\"169\" srcset=\"https:\/\/www.carlosyconchita.net\/rutas\/wp-content\/uploads\/2021\/04\/PuigMadrona-00049-300x169.jpg 300w, https:\/\/www.carlosyconchita.net\/rutas\/wp-content\/uploads\/2021\/04\/PuigMadrona-00049-600x338.jpg 600w, https:\/\/www.carlosyconchita.net\/rutas\/wp-content\/uploads\/2021\/04\/PuigMadrona-00049-768x432.jpg 768w, https:\/\/www.carlosyconchita.net\/rutas\/wp-content\/uploads\/2021\/04\/PuigMadrona-00049.jpg 1024w\" sizes=\"auto, (max-width: 300px) 100vw, 300px\" \/><\/a><\/p>\n<hr \/>\n<p><strong>Dificultad<\/strong> :\u00a0\u00a0\u00a0 F\u00e1cil<\/p>\n<p><strong>Distancia total<\/strong> :\u00a0\u00a0 9.435\u00a0<span class=\"totlen\"><span class=\"summaryvalue\"> m<\/span><\/span><\/p>\n<p><strong>Alturas m\u00ednima \/ m\u00e1xima<\/strong> :\u00a0\u00a0\u00a0\u00a0 34 m.\u00a0 \/\u00a0 293<span class=\"maxele\"><span class=\"summaryvalue\"> m.<\/span><\/span><\/p>\n<p><strong>Desnivel acumulado (s\/Wikiloc)<\/strong>\u00a0 :\u00a0\u00a0\u00a0 289 m.<\/p>\n<p><strong>Tiempo total \/ en movimiento<\/strong> :\u00a0\u00a0\u00a0\u00a0\u00a0 3 h. 39 m.\u00a0 \/\u00a0 2 h. 34\u00a0 m.<\/p>\n<p><strong>Velocidad media total \/ velocidad media movimiento<\/strong> :\u00a0\u00a0\u00a0 2&#8217;58 km\/h\u00a0 \u2013\u00a0 3\u201970 km.\/h<\/p>\n<hr \/>\n<h3><strong>Mapa y track de la ruta<\/strong><\/h3>\n<p style=\"text-align: center;\"><span style=\"color: #ff0000;\"><strong>Pulsando\u00a0 sobre los waypoints del mapa, se puede ver una foto del sitio.<\/strong><\/span><\/p>\n<p><a href=\"https:\/\/www.carlosyconchita.net\/rutas\/wp-content\/uploads\/gpx\/PuigMadrona.html\" target=\"_blank\" rel=\"noopener\"><img loading=\"lazy\" decoding=\"async\" class=\"aligncenter size-full wp-image-14621\" src=\"https:\/\/www.carlosyconchita.net\/rutas\/wp-content\/uploads\/2020\/06\/mapa.jpg\" alt=\"\" width=\"181\" height=\"122\" \/><\/a><\/p>\n<hr \/>\n<p>&nbsp;<\/p>\n<p style=\"text-align: justify;\"><span style=\"color: #ff0000; background-color: #ffffff; font-size: 14pt;\"><strong>Si te ha gustado, comp\u00e1rtelo en tu red favorita o env\u00edanos tu comentario.<br \/>\n<\/strong><\/span><\/p>\n<p style=\"text-align: justify;\"><span style=\"font-size: 14pt;\"><strong><span style=\"color: #ff0000;\">Muchas gracias !<\/span><\/strong><\/span><\/p>\n<hr \/>\n<p style=\"text-align: justify;\"><strong><span style=\"color: #008000;\">Suscribete si quieres recibir un mail cuando publiquemos nuevas rutas : no enviamos publicidad y como m\u00e1ximo enviamos 2 mails al mes<\/span><\/strong><\/p>\n<p style=\"text-align: center;\"><a href=\"https:\/\/mailchi.mp\/6989c83a3e24\/wmv06rtqcz\/\" target=\"_blank\" rel=\"noopener noreferrer\"><strong><span style=\"color: #0000ff;\">Pulsa aqu\u00ed para suscribirte<\/span><\/strong><\/a><\/p>\n<hr \/>\n<p style=\"text-align: justify;\">\u00a0<\/p>\n<h3 style=\"text-align: justify;\">Puedes imprimir esta publicaci\u00f3n o guardarla en diferentes formatos :<\/h3>\n<p style=\"text-align: justify;\"><span style=\"color: #ff0000; font-size: 14pt;\">Para facilitar la impresi\u00f3n, se ha reducido considerablemente el tama\u00f1o de las fotos, pero si deseas imprimir sin fotos, aconsejamos guardarlo como \u201cdoc\u201d, y antes de imprimirlo, eliminar las fotos<\/span><\/p>\n","protected":false},"excerpt":{"rendered":"<p>Hoy hemos hecho una excursi\u00f3n no muy larga , pero distraida, ya que hemos tenido tramos de camino ancho y f\u00e1cil, senderos estrechos en el bosque, algunos con bastante pendiente, y tambi\u00e9n un peque\u00f1o recorrido por las calles del Papiol, y a pesar de que las previsiones para el tiempo no eran muy buenas, al [&hellip;]<\/p>\n","protected":false},"author":50,"featured_media":15715,"comment_status":"closed","ping_status":"open","sticky":false,"template":"","format":"standard","meta":{"footnotes":""},"categories":[10,22,29],"tags":[],"class_list":{"0":"post-15706","1":"post","2":"type-post","3":"status-publish","4":"format-standard","5":"has-post-thumbnail","6":"hentry","7":"category-facil","8":"category-de-05-a-10-km","9":"category-baixllobregat","11":"post-with-thumbnail","12":"post-with-thumbnail-icon"},"yoast_head":"<!-- This site is optimized with the Yoast SEO plugin v27.4 - https:\/\/yoast.com\/product\/yoast-seo-wordpress\/ -->\n<title>17-04-2021-Puig Madrona, Ermita La Salut y Escletxes del Papiol -<\/title>\n<meta name=\"robots\" content=\"index, follow, max-snippet:-1, max-image-preview:large, max-video-preview:-1\" \/>\n<link rel=\"canonical\" href=\"https:\/\/www.carlosyconchita.net\/rutas\/17-04-2021-puig-madrona-ermita-la-salut-y-escletxes-del-papiol\/\" \/>\n<meta property=\"og:locale\" content=\"es_ES\" \/>\n<meta property=\"og:type\" content=\"article\" \/>\n<meta property=\"og:title\" content=\"17-04-2021-Puig Madrona, Ermita La Salut y Escletxes del Papiol -\" \/>\n<meta property=\"og:description\" content=\"Hoy hemos hecho una excursi\u00f3n no muy larga , pero distraida, ya que hemos tenido tramos de camino ancho y f\u00e1cil, senderos estrechos en el bosque, algunos con bastante pendiente, y tambi\u00e9n un peque\u00f1o recorrido por las calles del Papiol, y a pesar de que las previsiones para el tiempo no eran muy buenas, al [&hellip;]\" \/>\n<meta property=\"og:url\" content=\"https:\/\/www.carlosyconchita.net\/rutas\/17-04-2021-puig-madrona-ermita-la-salut-y-escletxes-del-papiol\/\" \/>\n<meta property=\"og:site_name\" content=\"Las rutas de Carlos y Conchita\" \/>\n<meta property=\"article:published_time\" content=\"2021-04-17T16:50:09+00:00\" \/>\n<meta property=\"article:modified_time\" content=\"2021-04-19T18:02:50+00:00\" \/>\n<meta property=\"og:image\" content=\"https:\/\/www.carlosyconchita.net\/rutas\/wp-content\/uploads\/2021\/04\/PuigMadrona-00049.jpg\" \/>\n\t<meta property=\"og:image:width\" content=\"1024\" \/>\n\t<meta property=\"og:image:height\" content=\"576\" \/>\n\t<meta property=\"og:image:type\" content=\"image\/jpeg\" \/>\n<meta name=\"author\" content=\"Carlos Conchita\" \/>\n<meta name=\"twitter:label1\" content=\"Escrito por\" \/>\n\t<meta name=\"twitter:data1\" content=\"Carlos Conchita\" \/>\n\t<meta name=\"twitter:label2\" content=\"Tiempo de lectura\" \/>\n\t<meta name=\"twitter:data2\" content=\"3 minutos\" \/>\n<script type=\"application\/ld+json\" class=\"yoast-schema-graph\">{\"@context\":\"https:\\\/\\\/schema.org\",\"@graph\":[{\"@type\":\"Article\",\"@id\":\"https:\\\/\\\/www.carlosyconchita.net\\\/rutas\\\/17-04-2021-puig-madrona-ermita-la-salut-y-escletxes-del-papiol\\\/#article\",\"isPartOf\":{\"@id\":\"https:\\\/\\\/www.carlosyconchita.net\\\/rutas\\\/17-04-2021-puig-madrona-ermita-la-salut-y-escletxes-del-papiol\\\/\"},\"author\":{\"name\":\"Carlos Conchita\",\"@id\":\"https:\\\/\\\/www.carlosyconchita.net\\\/rutas\\\/#\\\/schema\\\/person\\\/a9691f7258c28443fab2d3aa1479ea19\"},\"headline\":\"17-04-2021-Puig Madrona, Ermita La Salut y Escletxes del Papiol\",\"datePublished\":\"2021-04-17T16:50:09+00:00\",\"dateModified\":\"2021-04-19T18:02:50+00:00\",\"mainEntityOfPage\":{\"@id\":\"https:\\\/\\\/www.carlosyconchita.net\\\/rutas\\\/17-04-2021-puig-madrona-ermita-la-salut-y-escletxes-del-papiol\\\/\"},\"wordCount\":526,\"image\":{\"@id\":\"https:\\\/\\\/www.carlosyconchita.net\\\/rutas\\\/17-04-2021-puig-madrona-ermita-la-salut-y-escletxes-del-papiol\\\/#primaryimage\"},\"thumbnailUrl\":\"https:\\\/\\\/www.carlosyconchita.net\\\/rutas\\\/wp-content\\\/uploads\\\/2021\\\/04\\\/PuigMadrona-00049.jpg\",\"articleSection\":[\"1-F\u00e1cil\",\"2 - De 5 a 10 km.\",\"Baix Llobregat\"],\"inLanguage\":\"es\"},{\"@type\":\"WebPage\",\"@id\":\"https:\\\/\\\/www.carlosyconchita.net\\\/rutas\\\/17-04-2021-puig-madrona-ermita-la-salut-y-escletxes-del-papiol\\\/\",\"url\":\"https:\\\/\\\/www.carlosyconchita.net\\\/rutas\\\/17-04-2021-puig-madrona-ermita-la-salut-y-escletxes-del-papiol\\\/\",\"name\":\"17-04-2021-Puig Madrona, Ermita La Salut y Escletxes del Papiol -\",\"isPartOf\":{\"@id\":\"https:\\\/\\\/www.carlosyconchita.net\\\/rutas\\\/#website\"},\"primaryImageOfPage\":{\"@id\":\"https:\\\/\\\/www.carlosyconchita.net\\\/rutas\\\/17-04-2021-puig-madrona-ermita-la-salut-y-escletxes-del-papiol\\\/#primaryimage\"},\"image\":{\"@id\":\"https:\\\/\\\/www.carlosyconchita.net\\\/rutas\\\/17-04-2021-puig-madrona-ermita-la-salut-y-escletxes-del-papiol\\\/#primaryimage\"},\"thumbnailUrl\":\"https:\\\/\\\/www.carlosyconchita.net\\\/rutas\\\/wp-content\\\/uploads\\\/2021\\\/04\\\/PuigMadrona-00049.jpg\",\"datePublished\":\"2021-04-17T16:50:09+00:00\",\"dateModified\":\"2021-04-19T18:02:50+00:00\",\"author\":{\"@id\":\"https:\\\/\\\/www.carlosyconchita.net\\\/rutas\\\/#\\\/schema\\\/person\\\/a9691f7258c28443fab2d3aa1479ea19\"},\"breadcrumb\":{\"@id\":\"https:\\\/\\\/www.carlosyconchita.net\\\/rutas\\\/17-04-2021-puig-madrona-ermita-la-salut-y-escletxes-del-papiol\\\/#breadcrumb\"},\"inLanguage\":\"es\",\"potentialAction\":[{\"@type\":\"ReadAction\",\"target\":[\"https:\\\/\\\/www.carlosyconchita.net\\\/rutas\\\/17-04-2021-puig-madrona-ermita-la-salut-y-escletxes-del-papiol\\\/\"]}]},{\"@type\":\"ImageObject\",\"inLanguage\":\"es\",\"@id\":\"https:\\\/\\\/www.carlosyconchita.net\\\/rutas\\\/17-04-2021-puig-madrona-ermita-la-salut-y-escletxes-del-papiol\\\/#primaryimage\",\"url\":\"https:\\\/\\\/www.carlosyconchita.net\\\/rutas\\\/wp-content\\\/uploads\\\/2021\\\/04\\\/PuigMadrona-00049.jpg\",\"contentUrl\":\"https:\\\/\\\/www.carlosyconchita.net\\\/rutas\\\/wp-content\\\/uploads\\\/2021\\\/04\\\/PuigMadrona-00049.jpg\",\"width\":1024,\"height\":576},{\"@type\":\"BreadcrumbList\",\"@id\":\"https:\\\/\\\/www.carlosyconchita.net\\\/rutas\\\/17-04-2021-puig-madrona-ermita-la-salut-y-escletxes-del-papiol\\\/#breadcrumb\",\"itemListElement\":[{\"@type\":\"ListItem\",\"position\":1,\"name\":\"Portada\",\"item\":\"https:\\\/\\\/www.carlosyconchita.net\\\/rutas\\\/\"},{\"@type\":\"ListItem\",\"position\":2,\"name\":\"17-04-2021-Puig Madrona, Ermita La Salut y Escletxes del Papiol\"}]},{\"@type\":\"WebSite\",\"@id\":\"https:\\\/\\\/www.carlosyconchita.net\\\/rutas\\\/#website\",\"url\":\"https:\\\/\\\/www.carlosyconchita.net\\\/rutas\\\/\",\"name\":\"Las rutas de Carlos y Conchita\",\"description\":\"\",\"potentialAction\":[{\"@type\":\"SearchAction\",\"target\":{\"@type\":\"EntryPoint\",\"urlTemplate\":\"https:\\\/\\\/www.carlosyconchita.net\\\/rutas\\\/?s={search_term_string}\"},\"query-input\":{\"@type\":\"PropertyValueSpecification\",\"valueRequired\":true,\"valueName\":\"search_term_string\"}}],\"inLanguage\":\"es\"},{\"@type\":\"Person\",\"@id\":\"https:\\\/\\\/www.carlosyconchita.net\\\/rutas\\\/#\\\/schema\\\/person\\\/a9691f7258c28443fab2d3aa1479ea19\",\"name\":\"Carlos Conchita\",\"image\":{\"@type\":\"ImageObject\",\"inLanguage\":\"es\",\"@id\":\"https:\\\/\\\/secure.gravatar.com\\\/avatar\\\/3a4625b20c8da3de99da69bfe7a322774e291c3f90dce7e8778a30fe6748ed1a?s=96&d=mm&r=g\",\"url\":\"https:\\\/\\\/secure.gravatar.com\\\/avatar\\\/3a4625b20c8da3de99da69bfe7a322774e291c3f90dce7e8778a30fe6748ed1a?s=96&d=mm&r=g\",\"contentUrl\":\"https:\\\/\\\/secure.gravatar.com\\\/avatar\\\/3a4625b20c8da3de99da69bfe7a322774e291c3f90dce7e8778a30fe6748ed1a?s=96&d=mm&r=g\",\"caption\":\"Carlos Conchita\"}}]}<\/script>\n<!-- \/ Yoast SEO plugin. -->","yoast_head_json":{"title":"17-04-2021-Puig Madrona, Ermita La Salut y Escletxes del Papiol -","robots":{"index":"index","follow":"follow","max-snippet":"max-snippet:-1","max-image-preview":"max-image-preview:large","max-video-preview":"max-video-preview:-1"},"canonical":"https:\/\/www.carlosyconchita.net\/rutas\/17-04-2021-puig-madrona-ermita-la-salut-y-escletxes-del-papiol\/","og_locale":"es_ES","og_type":"article","og_title":"17-04-2021-Puig Madrona, Ermita La Salut y Escletxes del Papiol -","og_description":"Hoy hemos hecho una excursi\u00f3n no muy larga , pero distraida, ya que hemos tenido tramos de camino ancho y f\u00e1cil, senderos estrechos en el bosque, algunos con bastante pendiente, y tambi\u00e9n un peque\u00f1o recorrido por las calles del Papiol, y a pesar de que las previsiones para el tiempo no eran muy buenas, al [&hellip;]","og_url":"https:\/\/www.carlosyconchita.net\/rutas\/17-04-2021-puig-madrona-ermita-la-salut-y-escletxes-del-papiol\/","og_site_name":"Las rutas de Carlos y Conchita","article_published_time":"2021-04-17T16:50:09+00:00","article_modified_time":"2021-04-19T18:02:50+00:00","og_image":[{"width":1024,"height":576,"url":"https:\/\/www.carlosyconchita.net\/rutas\/wp-content\/uploads\/2021\/04\/PuigMadrona-00049.jpg","type":"image\/jpeg"}],"author":"Carlos Conchita","twitter_misc":{"Escrito por":"Carlos Conchita","Tiempo de lectura":"3 minutos"},"schema":{"@context":"https:\/\/schema.org","@graph":[{"@type":"Article","@id":"https:\/\/www.carlosyconchita.net\/rutas\/17-04-2021-puig-madrona-ermita-la-salut-y-escletxes-del-papiol\/#article","isPartOf":{"@id":"https:\/\/www.carlosyconchita.net\/rutas\/17-04-2021-puig-madrona-ermita-la-salut-y-escletxes-del-papiol\/"},"author":{"name":"Carlos Conchita","@id":"https:\/\/www.carlosyconchita.net\/rutas\/#\/schema\/person\/a9691f7258c28443fab2d3aa1479ea19"},"headline":"17-04-2021-Puig Madrona, Ermita La Salut y Escletxes del Papiol","datePublished":"2021-04-17T16:50:09+00:00","dateModified":"2021-04-19T18:02:50+00:00","mainEntityOfPage":{"@id":"https:\/\/www.carlosyconchita.net\/rutas\/17-04-2021-puig-madrona-ermita-la-salut-y-escletxes-del-papiol\/"},"wordCount":526,"image":{"@id":"https:\/\/www.carlosyconchita.net\/rutas\/17-04-2021-puig-madrona-ermita-la-salut-y-escletxes-del-papiol\/#primaryimage"},"thumbnailUrl":"https:\/\/www.carlosyconchita.net\/rutas\/wp-content\/uploads\/2021\/04\/PuigMadrona-00049.jpg","articleSection":["1-F\u00e1cil","2 - De 5 a 10 km.","Baix Llobregat"],"inLanguage":"es"},{"@type":"WebPage","@id":"https:\/\/www.carlosyconchita.net\/rutas\/17-04-2021-puig-madrona-ermita-la-salut-y-escletxes-del-papiol\/","url":"https:\/\/www.carlosyconchita.net\/rutas\/17-04-2021-puig-madrona-ermita-la-salut-y-escletxes-del-papiol\/","name":"17-04-2021-Puig Madrona, Ermita La Salut y Escletxes del Papiol -","isPartOf":{"@id":"https:\/\/www.carlosyconchita.net\/rutas\/#website"},"primaryImageOfPage":{"@id":"https:\/\/www.carlosyconchita.net\/rutas\/17-04-2021-puig-madrona-ermita-la-salut-y-escletxes-del-papiol\/#primaryimage"},"image":{"@id":"https:\/\/www.carlosyconchita.net\/rutas\/17-04-2021-puig-madrona-ermita-la-salut-y-escletxes-del-papiol\/#primaryimage"},"thumbnailUrl":"https:\/\/www.carlosyconchita.net\/rutas\/wp-content\/uploads\/2021\/04\/PuigMadrona-00049.jpg","datePublished":"2021-04-17T16:50:09+00:00","dateModified":"2021-04-19T18:02:50+00:00","author":{"@id":"https:\/\/www.carlosyconchita.net\/rutas\/#\/schema\/person\/a9691f7258c28443fab2d3aa1479ea19"},"breadcrumb":{"@id":"https:\/\/www.carlosyconchita.net\/rutas\/17-04-2021-puig-madrona-ermita-la-salut-y-escletxes-del-papiol\/#breadcrumb"},"inLanguage":"es","potentialAction":[{"@type":"ReadAction","target":["https:\/\/www.carlosyconchita.net\/rutas\/17-04-2021-puig-madrona-ermita-la-salut-y-escletxes-del-papiol\/"]}]},{"@type":"ImageObject","inLanguage":"es","@id":"https:\/\/www.carlosyconchita.net\/rutas\/17-04-2021-puig-madrona-ermita-la-salut-y-escletxes-del-papiol\/#primaryimage","url":"https:\/\/www.carlosyconchita.net\/rutas\/wp-content\/uploads\/2021\/04\/PuigMadrona-00049.jpg","contentUrl":"https:\/\/www.carlosyconchita.net\/rutas\/wp-content\/uploads\/2021\/04\/PuigMadrona-00049.jpg","width":1024,"height":576},{"@type":"BreadcrumbList","@id":"https:\/\/www.carlosyconchita.net\/rutas\/17-04-2021-puig-madrona-ermita-la-salut-y-escletxes-del-papiol\/#breadcrumb","itemListElement":[{"@type":"ListItem","position":1,"name":"Portada","item":"https:\/\/www.carlosyconchita.net\/rutas\/"},{"@type":"ListItem","position":2,"name":"17-04-2021-Puig Madrona, Ermita La Salut y Escletxes del Papiol"}]},{"@type":"WebSite","@id":"https:\/\/www.carlosyconchita.net\/rutas\/#website","url":"https:\/\/www.carlosyconchita.net\/rutas\/","name":"Las rutas de Carlos y Conchita","description":"","potentialAction":[{"@type":"SearchAction","target":{"@type":"EntryPoint","urlTemplate":"https:\/\/www.carlosyconchita.net\/rutas\/?s={search_term_string}"},"query-input":{"@type":"PropertyValueSpecification","valueRequired":true,"valueName":"search_term_string"}}],"inLanguage":"es"},{"@type":"Person","@id":"https:\/\/www.carlosyconchita.net\/rutas\/#\/schema\/person\/a9691f7258c28443fab2d3aa1479ea19","name":"Carlos Conchita","image":{"@type":"ImageObject","inLanguage":"es","@id":"https:\/\/secure.gravatar.com\/avatar\/3a4625b20c8da3de99da69bfe7a322774e291c3f90dce7e8778a30fe6748ed1a?s=96&d=mm&r=g","url":"https:\/\/secure.gravatar.com\/avatar\/3a4625b20c8da3de99da69bfe7a322774e291c3f90dce7e8778a30fe6748ed1a?s=96&d=mm&r=g","contentUrl":"https:\/\/secure.gravatar.com\/avatar\/3a4625b20c8da3de99da69bfe7a322774e291c3f90dce7e8778a30fe6748ed1a?s=96&d=mm&r=g","caption":"Carlos Conchita"}}]}},"_links":{"self":[{"href":"https:\/\/www.carlosyconchita.net\/rutas\/wp-json\/wp\/v2\/posts\/15706","targetHints":{"allow":["GET"]}}],"collection":[{"href":"https:\/\/www.carlosyconchita.net\/rutas\/wp-json\/wp\/v2\/posts"}],"about":[{"href":"https:\/\/www.carlosyconchita.net\/rutas\/wp-json\/wp\/v2\/types\/post"}],"author":[{"embeddable":true,"href":"https:\/\/www.carlosyconchita.net\/rutas\/wp-json\/wp\/v2\/users\/50"}],"replies":[{"embeddable":true,"href":"https:\/\/www.carlosyconchita.net\/rutas\/wp-json\/wp\/v2\/comments?post=15706"}],"version-history":[{"count":0,"href":"https:\/\/www.carlosyconchita.net\/rutas\/wp-json\/wp\/v2\/posts\/15706\/revisions"}],"wp:featuredmedia":[{"embeddable":true,"href":"https:\/\/www.carlosyconchita.net\/rutas\/wp-json\/wp\/v2\/media\/15715"}],"wp:attachment":[{"href":"https:\/\/www.carlosyconchita.net\/rutas\/wp-json\/wp\/v2\/media?parent=15706"}],"wp:term":[{"taxonomy":"category","embeddable":true,"href":"https:\/\/www.carlosyconchita.net\/rutas\/wp-json\/wp\/v2\/categories?post=15706"},{"taxonomy":"post_tag","embeddable":true,"href":"https:\/\/www.carlosyconchita.net\/rutas\/wp-json\/wp\/v2\/tags?post=15706"}],"curies":[{"name":"wp","href":"https:\/\/api.w.org\/{rel}","templated":true}]}}