{"id":15879,"date":"2021-05-22T15:34:44","date_gmt":"2021-05-22T14:34:44","guid":{"rendered":"https:\/\/www.carlosyconchita.net\/rutas\/?p=15879"},"modified":"2021-11-28T18:00:07","modified_gmt":"2021-11-28T17:00:07","slug":"23-05-2021-bornas-184-192","status":"publish","type":"post","link":"https:\/\/www.carlosyconchita.net\/rutas\/23-05-2021-bornas-184-192\/","title":{"rendered":"23-05-2021-Bornas 184-192"},"content":{"rendered":"<p style=\"text-align: justify;\">Hoy hacemos una excursi\u00f3n que calificamos como F\u00e1cil-Moderada, ya que por su longitud, desnivel, etc.\u00a0 es realmente f\u00e1cil, pero debido\u00a0 a una parte en la que hemos tenido que cruzar un campo de zarzas, se ha complicado m\u00e1s de la cuenta, hemos perdido un mont\u00f3n de tiempo, y hemos sudado de lo lindo, ya que hoy ha hecho much\u00edsimo calor, entre 28-30\u00ba C.<\/p>\n<p style=\"text-align: justify;\">El punto de partida lo tenemos al lado de uno de los muchos caser\u00edos que hay en los montes encima de la Benta Peio, situada en la carretera francesa D-933, continuaci\u00f3n de la espa\u00f1ola N-135 despu\u00e9s de Valcarlos y de Arneguy.<br \/>\nEsta Benta,\u00a0 seg\u00fan nos han dicho es espa\u00f1ola, aunque para llegar a ella hay que circular unos metros por la D-933 despu\u00e9s de cruzar la \u00abfrontera\u00bb, pero el peque\u00f1o puente para entrar en ese centro comercial est\u00e1 en terreno espa\u00f1ol.<\/p>\n<p style=\"text-align: justify;\">Subiendo por las estrechas carreteras que llevan a los caser\u00edos de la zona, dejaremos el coche muy cerca de la B-191, en nuestro caso delante de uno de estos caser\u00edos, a cuyo due\u00f1o le pedimos permiso para aparcar delante de su casa, fuera de la carretera, por supuesto.<\/p>\n<p style=\"text-align: justify;\">Por un f\u00e1cil camino llegaremos a la B-191, pero al no poder pasar por donde ten\u00edamos previsto, ya que alg\u00fan camino hab\u00eda desaparecido, a partir de ah\u00ed se nos complic\u00f3 la cosa, y tuvimos que pasar por varios campos, saltar las divisiones llenas de zarzas y finalmente cruzar un campo bastante grande de zarzas algo altas, que nos dejaron las habituales se\u00f1ales en brazos y piernas, aparte de hacernos sudar mucho.<\/p>\n<p style=\"text-align: justify;\">Pero afortunadamente pudimos llegar a la 190, despu\u00e9s a la 189, y a partir de all\u00ed ya pudimos ir avanzando c\u00f3modamente por un camino bastante horizontal que recorr\u00eda las colinas a media altura, con bastantes helechos, pero no zarzas, localizando en el mismo camino las 188, 187, 186, 185 y finalmente la 184.<\/p>\n<p style=\"text-align: justify;\">En teor\u00eda ten\u00edamos previsto intentar las 180 a 183 , que est\u00e1n a un nivel bastante m\u00e1s bajo y cerca de un riachuelo (el que pasaba por la borna 179 que vimos anteayer d\u00eda 21) , y que son bastante complicadas de localizar por la vegetaci\u00f3n.<\/p>\n<p style=\"text-align: justify;\">Pero debido a que est\u00e1bamos un poco cansados de estos d\u00edas, el calor que hac\u00eda y que adem\u00e1s quer\u00edamos localizar una carretera o camino para volver, casi horizontal y que ten\u00edamos a m\u00e1s altura , decidimos no bajar hasta las 180-183, ya que entonces tendr\u00edamos que subir mucho m\u00e1s hasta el camino de vuelta y si se complicaba la b\u00fasqueda, se nos pod\u00eda hacer tarde.<\/p>\n<p style=\"text-align: justify;\">As\u00ed que desde la 184 retrocedimos hasta la 185, y\u00a0 para no subir campo a trav\u00e9s, seguimos un peque\u00f1o sendero que sub\u00eda hasta donde estaba el camino de vuelta (unos 100 m. de desnivel).<\/p>\n<p style=\"text-align: justify;\">Pero al llegar arriba, nos encontramos con la agradable sorpresa de que ese camino era en realidad una caretera asfaltada, que nos permiti\u00f3 llegar muy comodamente hasta el coche.<\/p>\n<p style=\"text-align: justify;\">Y as\u00ed, la pr\u00f3xima vez, podremos llegar con el coche a ese punto, y descender hasta las B-180\/183, y tendremos todo el d\u00eda por delante para localizarlas tranquilamente por muy escondidas que est\u00e9n.<\/p>\n<p style=\"text-align: justify;\">Despu\u00e9s, ya con el coche, y de camino hasta la Benta Peio, paramos unos momentos enfrente de otro caser\u00edo, en donde empieza un camino de tierra que nos llevar\u00e1 directamente a la B-192, despu\u00e9s de un corto paseo de algo menos de\u00a0 200 m.<\/p>\n<hr \/>\n<h3><strong>Album de fotos<\/strong><\/h3>\n<p><a href=\"https:\/\/photos.app.goo.gl\/qhpwrNDjx8mkiQN47\" target=\"_blank\" rel=\"noopener\"><img loading=\"lazy\" decoding=\"async\" class=\"aligncenter wp-image-15883 size-medium\" src=\"https:\/\/www.carlosyconchita.net\/rutas\/wp-content\/uploads\/2021\/06\/Bornas-184-192-00014-300x169.jpg\" alt=\"\" width=\"300\" height=\"169\" srcset=\"https:\/\/www.carlosyconchita.net\/rutas\/wp-content\/uploads\/2021\/06\/Bornas-184-192-00014-300x169.jpg 300w, https:\/\/www.carlosyconchita.net\/rutas\/wp-content\/uploads\/2021\/06\/Bornas-184-192-00014-600x338.jpg 600w, https:\/\/www.carlosyconchita.net\/rutas\/wp-content\/uploads\/2021\/06\/Bornas-184-192-00014-768x432.jpg 768w, https:\/\/www.carlosyconchita.net\/rutas\/wp-content\/uploads\/2021\/06\/Bornas-184-192-00014.jpg 1024w\" sizes=\"auto, (max-width: 300px) 100vw, 300px\" \/><\/a><\/p>\n<hr \/>\n<p><strong>Dificultad<\/strong> :\u00a0\u00a0\u00a0 F\u00e1cil-Moderada<\/p>\n<p><strong>Distancia total<\/strong> :\u00a0\u00a0 6.262\u00a0<span class=\"totlen\"><span class=\"summaryvalue\"> m<\/span><\/span><\/p>\n<p><strong>Alturas m\u00ednima \/ m\u00e1xima<\/strong> :\u00a0\u00a0\u00a0\u00a0 520 m<span class=\"maxele\"><span class=\"summaryvalue\">. \/ 745 m.<br \/>\n<\/span><\/span><\/p>\n<p><strong>Desnivel acumulado (s\/Wikiloc)<\/strong>\u00a0 :\u00a0 379 m.<\/p>\n<hr \/>\n<h3><strong>Mapa y track de la ruta<\/strong><\/h3>\n<p style=\"text-align: center;\"><strong><span style=\"color: #ff0000;\">Pulsando sobre los waypoints del mapa, se puede ver una foto del sitio.<\/span><\/strong><\/p>\n<p><a href=\"https:\/\/www.carlosyconchita.net\/rutas\/wp-content\/uploads\/gpx\/Bornas-184-192.html\" target=\"_blank\" rel=\"noopener\"><img loading=\"lazy\" decoding=\"async\" class=\"aligncenter size-full wp-image-14621\" src=\"https:\/\/www.carlosyconchita.net\/rutas\/wp-content\/uploads\/2020\/06\/mapa.jpg\" alt=\"\" width=\"181\" height=\"122\" \/><\/a><\/p>\n<hr \/>\n<h3><strong>Wikiloc<\/strong><\/h3>\n<p><a href=\"https:\/\/es.wikiloc.com\/rutas-senderismo\/bornas-o-mojones-fronterizos-184-a-192-74838064\" target=\"_blank\" rel=\"noopener\"><img loading=\"lazy\" decoding=\"async\" class=\"aligncenter size-full wp-image-958\" src=\"https:\/\/www.carlosyconchita.net\/rutas\/wp-content\/uploads\/2020\/09\/wikiloc.jpg\" alt=\"\" width=\"117\" height=\"34\" \/><\/a><\/p>\n<p>&nbsp;<\/p>\n<hr \/>\n<p>&nbsp;<\/p>\n<p style=\"text-align: justify;\"><span style=\"color: #ff0000; background-color: #ffffff; font-size: 14pt;\"><strong>Si te ha gustado, comp\u00e1rtelo en tu red favorita o env\u00edanos tu comentario.<br \/>\n<\/strong><\/span><\/p>\n<p style=\"text-align: justify;\"><span style=\"font-size: 14pt;\"><strong><span style=\"color: #ff0000;\">Muchas gracias !<\/span><\/strong><\/span><\/p>\n<hr \/>\n<p style=\"text-align: justify;\"><strong><span style=\"color: #008000;\">Suscribete si quieres recibir un mail cuando publiquemos nuevas rutas : no enviamos publicidad y como m\u00e1ximo enviamos 2 mails al mes<\/span><\/strong><\/p>\n<p style=\"text-align: center;\"><a href=\"https:\/\/mailchi.mp\/6989c83a3e24\/wmv06rtqcz\/\" target=\"_blank\" rel=\"noopener noreferrer\"><strong><span style=\"color: #0000ff;\">Pulsa aqu\u00ed para suscribirte<\/span><\/strong><\/a><\/p>\n<hr \/>\n","protected":false},"excerpt":{"rendered":"<p>Otra f\u00e1cil caminata , a excepci\u00f3n del tramo entre la 191 y 189, siguiendo la valla que delimita la frontera, en una inclinada ladera llena de helechos.<br \/>\nDe paso localizamos un punto de inicio para cuando hagamos las 180-183<\/p>\n","protected":false},"author":50,"featured_media":15883,"comment_status":"closed","ping_status":"open","sticky":false,"template":"","format":"standard","meta":{"footnotes":""},"categories":[10,22,11,74],"tags":[],"class_list":{"0":"post-15879","1":"post","2":"type-post","3":"status-publish","4":"format-standard","5":"has-post-thumbnail","6":"hentry","7":"category-facil","8":"category-de-05-a-10-km","9":"category-moderada","10":"category-0-mojones-bornas-frontera","12":"post-with-thumbnail","13":"post-with-thumbnail-icon"},"yoast_head":"<!-- This site is optimized with the Yoast SEO plugin v27.5 - https:\/\/yoast.com\/product\/yoast-seo-wordpress\/ -->\n<title>23-05-2021-Bornas 184-192 -<\/title>\n<meta name=\"robots\" content=\"index, follow, max-snippet:-1, max-image-preview:large, max-video-preview:-1\" \/>\n<link rel=\"canonical\" href=\"https:\/\/www.carlosyconchita.net\/rutas\/23-05-2021-bornas-184-192\/\" \/>\n<meta property=\"og:locale\" content=\"es_ES\" \/>\n<meta property=\"og:type\" content=\"article\" \/>\n<meta property=\"og:title\" content=\"23-05-2021-Bornas 184-192 -\" \/>\n<meta property=\"og:description\" content=\"Otra f\u00e1cil caminata , a excepci\u00f3n del tramo entre la 191 y 189, siguiendo la valla que delimita la frontera, en una inclinada ladera llena de helechos. De paso localizamos un punto de inicio para cuando hagamos las 180-183\" \/>\n<meta property=\"og:url\" content=\"https:\/\/www.carlosyconchita.net\/rutas\/23-05-2021-bornas-184-192\/\" \/>\n<meta property=\"og:site_name\" content=\"Las rutas de Carlos y Conchita\" \/>\n<meta property=\"article:published_time\" content=\"2021-05-22T14:34:44+00:00\" \/>\n<meta property=\"article:modified_time\" content=\"2021-11-28T17:00:07+00:00\" \/>\n<meta property=\"og:image\" content=\"https:\/\/www.carlosyconchita.net\/rutas\/wp-content\/uploads\/2021\/06\/Bornas-184-192-00014.jpg\" \/>\n\t<meta property=\"og:image:width\" content=\"1024\" \/>\n\t<meta property=\"og:image:height\" content=\"576\" \/>\n\t<meta property=\"og:image:type\" content=\"image\/jpeg\" \/>\n<meta name=\"author\" content=\"Carlos Conchita\" \/>\n<meta name=\"twitter:label1\" content=\"Escrito por\" \/>\n\t<meta name=\"twitter:data1\" content=\"Carlos Conchita\" \/>\n\t<meta name=\"twitter:label2\" content=\"Tiempo de lectura\" \/>\n\t<meta name=\"twitter:data2\" content=\"4 minutos\" \/>\n<script type=\"application\/ld+json\" class=\"yoast-schema-graph\">{\"@context\":\"https:\\\/\\\/schema.org\",\"@graph\":[{\"@type\":\"Article\",\"@id\":\"https:\\\/\\\/www.carlosyconchita.net\\\/rutas\\\/23-05-2021-bornas-184-192\\\/#article\",\"isPartOf\":{\"@id\":\"https:\\\/\\\/www.carlosyconchita.net\\\/rutas\\\/23-05-2021-bornas-184-192\\\/\"},\"author\":{\"name\":\"Carlos Conchita\",\"@id\":\"https:\\\/\\\/www.carlosyconchita.net\\\/rutas\\\/#\\\/schema\\\/person\\\/a9691f7258c28443fab2d3aa1479ea19\"},\"headline\":\"23-05-2021-Bornas 184-192\",\"datePublished\":\"2021-05-22T14:34:44+00:00\",\"dateModified\":\"2021-11-28T17:00:07+00:00\",\"mainEntityOfPage\":{\"@id\":\"https:\\\/\\\/www.carlosyconchita.net\\\/rutas\\\/23-05-2021-bornas-184-192\\\/\"},\"wordCount\":690,\"image\":{\"@id\":\"https:\\\/\\\/www.carlosyconchita.net\\\/rutas\\\/23-05-2021-bornas-184-192\\\/#primaryimage\"},\"thumbnailUrl\":\"https:\\\/\\\/www.carlosyconchita.net\\\/rutas\\\/wp-content\\\/uploads\\\/2021\\\/06\\\/Bornas-184-192-00014.jpg\",\"articleSection\":[\"1-F\u00e1cil\",\"2 - De 5 a 10 km.\",\"2-Moderada\",\"Mojones \\\/ Bornas frontera ES-FR\"],\"inLanguage\":\"es\"},{\"@type\":\"WebPage\",\"@id\":\"https:\\\/\\\/www.carlosyconchita.net\\\/rutas\\\/23-05-2021-bornas-184-192\\\/\",\"url\":\"https:\\\/\\\/www.carlosyconchita.net\\\/rutas\\\/23-05-2021-bornas-184-192\\\/\",\"name\":\"23-05-2021-Bornas 184-192 -\",\"isPartOf\":{\"@id\":\"https:\\\/\\\/www.carlosyconchita.net\\\/rutas\\\/#website\"},\"primaryImageOfPage\":{\"@id\":\"https:\\\/\\\/www.carlosyconchita.net\\\/rutas\\\/23-05-2021-bornas-184-192\\\/#primaryimage\"},\"image\":{\"@id\":\"https:\\\/\\\/www.carlosyconchita.net\\\/rutas\\\/23-05-2021-bornas-184-192\\\/#primaryimage\"},\"thumbnailUrl\":\"https:\\\/\\\/www.carlosyconchita.net\\\/rutas\\\/wp-content\\\/uploads\\\/2021\\\/06\\\/Bornas-184-192-00014.jpg\",\"datePublished\":\"2021-05-22T14:34:44+00:00\",\"dateModified\":\"2021-11-28T17:00:07+00:00\",\"author\":{\"@id\":\"https:\\\/\\\/www.carlosyconchita.net\\\/rutas\\\/#\\\/schema\\\/person\\\/a9691f7258c28443fab2d3aa1479ea19\"},\"breadcrumb\":{\"@id\":\"https:\\\/\\\/www.carlosyconchita.net\\\/rutas\\\/23-05-2021-bornas-184-192\\\/#breadcrumb\"},\"inLanguage\":\"es\",\"potentialAction\":[{\"@type\":\"ReadAction\",\"target\":[\"https:\\\/\\\/www.carlosyconchita.net\\\/rutas\\\/23-05-2021-bornas-184-192\\\/\"]}]},{\"@type\":\"ImageObject\",\"inLanguage\":\"es\",\"@id\":\"https:\\\/\\\/www.carlosyconchita.net\\\/rutas\\\/23-05-2021-bornas-184-192\\\/#primaryimage\",\"url\":\"https:\\\/\\\/www.carlosyconchita.net\\\/rutas\\\/wp-content\\\/uploads\\\/2021\\\/06\\\/Bornas-184-192-00014.jpg\",\"contentUrl\":\"https:\\\/\\\/www.carlosyconchita.net\\\/rutas\\\/wp-content\\\/uploads\\\/2021\\\/06\\\/Bornas-184-192-00014.jpg\",\"width\":1024,\"height\":576},{\"@type\":\"BreadcrumbList\",\"@id\":\"https:\\\/\\\/www.carlosyconchita.net\\\/rutas\\\/23-05-2021-bornas-184-192\\\/#breadcrumb\",\"itemListElement\":[{\"@type\":\"ListItem\",\"position\":1,\"name\":\"Portada\",\"item\":\"https:\\\/\\\/www.carlosyconchita.net\\\/rutas\\\/\"},{\"@type\":\"ListItem\",\"position\":2,\"name\":\"23-05-2021-Bornas 184-192\"}]},{\"@type\":\"WebSite\",\"@id\":\"https:\\\/\\\/www.carlosyconchita.net\\\/rutas\\\/#website\",\"url\":\"https:\\\/\\\/www.carlosyconchita.net\\\/rutas\\\/\",\"name\":\"Las rutas de Carlos y Conchita\",\"description\":\"\",\"potentialAction\":[{\"@type\":\"SearchAction\",\"target\":{\"@type\":\"EntryPoint\",\"urlTemplate\":\"https:\\\/\\\/www.carlosyconchita.net\\\/rutas\\\/?s={search_term_string}\"},\"query-input\":{\"@type\":\"PropertyValueSpecification\",\"valueRequired\":true,\"valueName\":\"search_term_string\"}}],\"inLanguage\":\"es\"},{\"@type\":\"Person\",\"@id\":\"https:\\\/\\\/www.carlosyconchita.net\\\/rutas\\\/#\\\/schema\\\/person\\\/a9691f7258c28443fab2d3aa1479ea19\",\"name\":\"Carlos Conchita\",\"image\":{\"@type\":\"ImageObject\",\"inLanguage\":\"es\",\"@id\":\"https:\\\/\\\/secure.gravatar.com\\\/avatar\\\/3a4625b20c8da3de99da69bfe7a322774e291c3f90dce7e8778a30fe6748ed1a?s=96&d=mm&r=g\",\"url\":\"https:\\\/\\\/secure.gravatar.com\\\/avatar\\\/3a4625b20c8da3de99da69bfe7a322774e291c3f90dce7e8778a30fe6748ed1a?s=96&d=mm&r=g\",\"contentUrl\":\"https:\\\/\\\/secure.gravatar.com\\\/avatar\\\/3a4625b20c8da3de99da69bfe7a322774e291c3f90dce7e8778a30fe6748ed1a?s=96&d=mm&r=g\",\"caption\":\"Carlos Conchita\"}}]}<\/script>\n<!-- \/ Yoast SEO plugin. -->","yoast_head_json":{"title":"23-05-2021-Bornas 184-192 -","robots":{"index":"index","follow":"follow","max-snippet":"max-snippet:-1","max-image-preview":"max-image-preview:large","max-video-preview":"max-video-preview:-1"},"canonical":"https:\/\/www.carlosyconchita.net\/rutas\/23-05-2021-bornas-184-192\/","og_locale":"es_ES","og_type":"article","og_title":"23-05-2021-Bornas 184-192 -","og_description":"Otra f\u00e1cil caminata , a excepci\u00f3n del tramo entre la 191 y 189, siguiendo la valla que delimita la frontera, en una inclinada ladera llena de helechos. De paso localizamos un punto de inicio para cuando hagamos las 180-183","og_url":"https:\/\/www.carlosyconchita.net\/rutas\/23-05-2021-bornas-184-192\/","og_site_name":"Las rutas de Carlos y Conchita","article_published_time":"2021-05-22T14:34:44+00:00","article_modified_time":"2021-11-28T17:00:07+00:00","og_image":[{"width":1024,"height":576,"url":"https:\/\/www.carlosyconchita.net\/rutas\/wp-content\/uploads\/2021\/06\/Bornas-184-192-00014.jpg","type":"image\/jpeg"}],"author":"Carlos Conchita","twitter_misc":{"Escrito por":"Carlos Conchita","Tiempo de lectura":"4 minutos"},"schema":{"@context":"https:\/\/schema.org","@graph":[{"@type":"Article","@id":"https:\/\/www.carlosyconchita.net\/rutas\/23-05-2021-bornas-184-192\/#article","isPartOf":{"@id":"https:\/\/www.carlosyconchita.net\/rutas\/23-05-2021-bornas-184-192\/"},"author":{"name":"Carlos Conchita","@id":"https:\/\/www.carlosyconchita.net\/rutas\/#\/schema\/person\/a9691f7258c28443fab2d3aa1479ea19"},"headline":"23-05-2021-Bornas 184-192","datePublished":"2021-05-22T14:34:44+00:00","dateModified":"2021-11-28T17:00:07+00:00","mainEntityOfPage":{"@id":"https:\/\/www.carlosyconchita.net\/rutas\/23-05-2021-bornas-184-192\/"},"wordCount":690,"image":{"@id":"https:\/\/www.carlosyconchita.net\/rutas\/23-05-2021-bornas-184-192\/#primaryimage"},"thumbnailUrl":"https:\/\/www.carlosyconchita.net\/rutas\/wp-content\/uploads\/2021\/06\/Bornas-184-192-00014.jpg","articleSection":["1-F\u00e1cil","2 - De 5 a 10 km.","2-Moderada","Mojones \/ Bornas frontera ES-FR"],"inLanguage":"es"},{"@type":"WebPage","@id":"https:\/\/www.carlosyconchita.net\/rutas\/23-05-2021-bornas-184-192\/","url":"https:\/\/www.carlosyconchita.net\/rutas\/23-05-2021-bornas-184-192\/","name":"23-05-2021-Bornas 184-192 -","isPartOf":{"@id":"https:\/\/www.carlosyconchita.net\/rutas\/#website"},"primaryImageOfPage":{"@id":"https:\/\/www.carlosyconchita.net\/rutas\/23-05-2021-bornas-184-192\/#primaryimage"},"image":{"@id":"https:\/\/www.carlosyconchita.net\/rutas\/23-05-2021-bornas-184-192\/#primaryimage"},"thumbnailUrl":"https:\/\/www.carlosyconchita.net\/rutas\/wp-content\/uploads\/2021\/06\/Bornas-184-192-00014.jpg","datePublished":"2021-05-22T14:34:44+00:00","dateModified":"2021-11-28T17:00:07+00:00","author":{"@id":"https:\/\/www.carlosyconchita.net\/rutas\/#\/schema\/person\/a9691f7258c28443fab2d3aa1479ea19"},"breadcrumb":{"@id":"https:\/\/www.carlosyconchita.net\/rutas\/23-05-2021-bornas-184-192\/#breadcrumb"},"inLanguage":"es","potentialAction":[{"@type":"ReadAction","target":["https:\/\/www.carlosyconchita.net\/rutas\/23-05-2021-bornas-184-192\/"]}]},{"@type":"ImageObject","inLanguage":"es","@id":"https:\/\/www.carlosyconchita.net\/rutas\/23-05-2021-bornas-184-192\/#primaryimage","url":"https:\/\/www.carlosyconchita.net\/rutas\/wp-content\/uploads\/2021\/06\/Bornas-184-192-00014.jpg","contentUrl":"https:\/\/www.carlosyconchita.net\/rutas\/wp-content\/uploads\/2021\/06\/Bornas-184-192-00014.jpg","width":1024,"height":576},{"@type":"BreadcrumbList","@id":"https:\/\/www.carlosyconchita.net\/rutas\/23-05-2021-bornas-184-192\/#breadcrumb","itemListElement":[{"@type":"ListItem","position":1,"name":"Portada","item":"https:\/\/www.carlosyconchita.net\/rutas\/"},{"@type":"ListItem","position":2,"name":"23-05-2021-Bornas 184-192"}]},{"@type":"WebSite","@id":"https:\/\/www.carlosyconchita.net\/rutas\/#website","url":"https:\/\/www.carlosyconchita.net\/rutas\/","name":"Las rutas de Carlos y Conchita","description":"","potentialAction":[{"@type":"SearchAction","target":{"@type":"EntryPoint","urlTemplate":"https:\/\/www.carlosyconchita.net\/rutas\/?s={search_term_string}"},"query-input":{"@type":"PropertyValueSpecification","valueRequired":true,"valueName":"search_term_string"}}],"inLanguage":"es"},{"@type":"Person","@id":"https:\/\/www.carlosyconchita.net\/rutas\/#\/schema\/person\/a9691f7258c28443fab2d3aa1479ea19","name":"Carlos Conchita","image":{"@type":"ImageObject","inLanguage":"es","@id":"https:\/\/secure.gravatar.com\/avatar\/3a4625b20c8da3de99da69bfe7a322774e291c3f90dce7e8778a30fe6748ed1a?s=96&d=mm&r=g","url":"https:\/\/secure.gravatar.com\/avatar\/3a4625b20c8da3de99da69bfe7a322774e291c3f90dce7e8778a30fe6748ed1a?s=96&d=mm&r=g","contentUrl":"https:\/\/secure.gravatar.com\/avatar\/3a4625b20c8da3de99da69bfe7a322774e291c3f90dce7e8778a30fe6748ed1a?s=96&d=mm&r=g","caption":"Carlos Conchita"}}]}},"_links":{"self":[{"href":"https:\/\/www.carlosyconchita.net\/rutas\/wp-json\/wp\/v2\/posts\/15879","targetHints":{"allow":["GET"]}}],"collection":[{"href":"https:\/\/www.carlosyconchita.net\/rutas\/wp-json\/wp\/v2\/posts"}],"about":[{"href":"https:\/\/www.carlosyconchita.net\/rutas\/wp-json\/wp\/v2\/types\/post"}],"author":[{"embeddable":true,"href":"https:\/\/www.carlosyconchita.net\/rutas\/wp-json\/wp\/v2\/users\/50"}],"replies":[{"embeddable":true,"href":"https:\/\/www.carlosyconchita.net\/rutas\/wp-json\/wp\/v2\/comments?post=15879"}],"version-history":[{"count":0,"href":"https:\/\/www.carlosyconchita.net\/rutas\/wp-json\/wp\/v2\/posts\/15879\/revisions"}],"wp:featuredmedia":[{"embeddable":true,"href":"https:\/\/www.carlosyconchita.net\/rutas\/wp-json\/wp\/v2\/media\/15883"}],"wp:attachment":[{"href":"https:\/\/www.carlosyconchita.net\/rutas\/wp-json\/wp\/v2\/media?parent=15879"}],"wp:term":[{"taxonomy":"category","embeddable":true,"href":"https:\/\/www.carlosyconchita.net\/rutas\/wp-json\/wp\/v2\/categories?post=15879"},{"taxonomy":"post_tag","embeddable":true,"href":"https:\/\/www.carlosyconchita.net\/rutas\/wp-json\/wp\/v2\/tags?post=15879"}],"curies":[{"name":"wp","href":"https:\/\/api.w.org\/{rel}","templated":true}]}}