{"id":15915,"date":"2021-06-05T15:53:27","date_gmt":"2021-06-05T14:53:27","guid":{"rendered":"https:\/\/www.carlosyconchita.net\/rutas\/?p=15915"},"modified":"2021-11-10T20:51:09","modified_gmt":"2021-11-10T19:51:09","slug":"05-06-2021-taga-100-cims-puig-coma-dolla-y-puig-estela-100-cims","status":"publish","type":"post","link":"https:\/\/www.carlosyconchita.net\/rutas\/05-06-2021-taga-100-cims-puig-coma-dolla-y-puig-estela-100-cims\/","title":{"rendered":"05-06-2021-Taga (100 Cims), Puig Coma d&#8217;Olla y Puig Estela"},"content":{"rendered":"<p style=\"text-align: justify;\">Hoy repetimos por as\u00ed decir la subida al Taga, porque ya hab\u00edamos ido el <span style=\"color: #0000ff;\"><a class=\"post-15351\" style=\"color: #0000ff;\" href=\"https:\/\/www.carlosyconchita.net\/rutas\/10-05-2019-picos-de-taga-y-sant-amand-copy\/\" target=\"_blank\" rel=\"bookmark noopener\">10-05-2019- Picos de Sant Amand y Taga (100 Cims),<\/a><span style=\"color: #333333;\"> aunque en aquella ocasi\u00f3n yo no pude llegar a la cima, ya que a unos 500 m. tuve que pararme,\u00a0 aunque Conchita y nuestro amigo Lluis s\u00ed que llegaron arriba.<\/span><\/span><\/p>\n<p style=\"text-align: justify;\">Como que en realidad esta excursi\u00f3n es muy corta, si se hace solamente esta subida, la alargamos para ir recorriendo la \u00abcresta\u00bb de la Serra Cavallera y subir tambi\u00e9n al Puig de la Coma d&#8217;Olla y al Puig Estela, y la verdad es que ha sido muy bonita, a pesar de que el d\u00eda estaba un poco nublado, y en alg\u00fan momento han caido cuatro gotas.<\/p>\n<p style=\"text-align: justify;\">As\u00ed que esta vez s\u00ed que puedo a\u00f1adir yo el Taga a mis 100 Cims, y\u00a0 Conchita puede empezar la segunda colecci\u00f3n de sus 100 Cims, ya que es la segunda vez que lo sube.<\/p>\n<p style=\"text-align: justify;\">El punto de inicio de la caminata es tambien el\u00a0 Col de Jou, aunque esta vez llegamos all\u00ed desde Ribes de Fresser \/ Bruguera\u00a0 y no desde Sant Joan de les Abadeses.<\/p>\n<hr \/>\n<h3><strong>Album de fotos<\/strong><\/h3>\n<p><a href=\"https:\/\/photos.app.goo.gl\/KyCPGc2y1KDYG4F47\" target=\"_blank\" rel=\"noopener\"><img loading=\"lazy\" decoding=\"async\" class=\"aligncenter wp-image-15916 size-medium\" src=\"https:\/\/www.carlosyconchita.net\/rutas\/wp-content\/uploads\/2021\/06\/IMG_20210605_102241-300x169.jpg\" alt=\"\" width=\"300\" height=\"169\" srcset=\"https:\/\/www.carlosyconchita.net\/rutas\/wp-content\/uploads\/2021\/06\/IMG_20210605_102241-300x169.jpg 300w, https:\/\/www.carlosyconchita.net\/rutas\/wp-content\/uploads\/2021\/06\/IMG_20210605_102241-600x338.jpg 600w, https:\/\/www.carlosyconchita.net\/rutas\/wp-content\/uploads\/2021\/06\/IMG_20210605_102241-768x432.jpg 768w, https:\/\/www.carlosyconchita.net\/rutas\/wp-content\/uploads\/2021\/06\/IMG_20210605_102241.jpg 1024w\" sizes=\"auto, (max-width: 300px) 100vw, 300px\" \/><\/a><\/p>\n<p>&nbsp;<\/p>\n<hr \/>\n<p><strong>Dificultad<\/strong> :\u00a0\u00a0\u00a0 F\u00e1cil-Moderado<\/p>\n<p><strong>Distancia total<\/strong> :\u00a0\u00a0 10.580\u00a0<span class=\"totlen\"><span class=\"summaryvalue\"> m<\/span><\/span><\/p>\n<p><strong>Alturas m\u00ednima \/ m\u00e1xima<\/strong> :\u00a0\u00a0\u00a0\u00a0 1.629 m<span class=\"maxele\"><span class=\"summaryvalue\">. \/\u00a0\u00a0 2.038 m.<br \/>\n<\/span><\/span><\/p>\n<p><strong>Desnivel acumulado (s\/Wikiloc)<\/strong>\u00a0 :\u00a0 750 m.<\/p>\n<p><strong>Tiempo total \/ en movimiento<\/strong> :\u00a0\u00a0\u00a0\u00a0\u00a0 5 h. 19 m.\u00a0 \/\u00a0 3 h. 25\u00a0 m..<\/p>\n<p><strong>Velocidad media total \/ velocidad media movimiento<\/strong> :\u00a0\u00a0\u00a0 1\u201999 km\/h\u00a0 \u2013\u00a0 3\u201909 km.\/h<\/p>\n<hr \/>\n<h3><strong>Mapa y track de la ruta<\/strong><\/h3>\n<p><a href=\"https:\/\/www.carlosyconchita.net\/rutas\/wp-content\/uploads\/gpx\/Taga-Estela.html\" target=\"_blank\" rel=\"noopener\"><img loading=\"lazy\" decoding=\"async\" class=\"aligncenter size-full wp-image-14621\" src=\"https:\/\/www.carlosyconchita.net\/rutas\/wp-content\/uploads\/2020\/06\/mapa.jpg\" alt=\"\" width=\"181\" height=\"122\" \/><\/a><\/p>\n<p style=\"text-align: center;\"><strong><span style=\"color: #ff0000;\">Pulsando sobre los waypoints del mapa, se puede ver una foto del sitio.<\/span><\/strong><\/p>\n<hr \/>\n<h3><strong>Wikiloc<\/strong><\/h3>\n<p><a href=\"https:\/\/es.wikiloc.com\/rutas-senderismo\/taga-puig-coma-de-lolla-puig-estella-75030219\" target=\"_blank\" rel=\"noopener\"><img loading=\"lazy\" decoding=\"async\" class=\"aligncenter size-full wp-image-958\" src=\"https:\/\/www.carlosyconchita.net\/rutas\/wp-content\/uploads\/2020\/09\/wikiloc.jpg\" alt=\"\" width=\"117\" height=\"34\" \/><\/a><\/p>\n<p>&nbsp;<\/p>\n<hr \/>\n<p>&nbsp;<\/p>\n<p style=\"text-align: justify;\"><span style=\"color: #ff0000; background-color: #ffffff; font-size: 14pt;\"><strong>Si te ha gustado, comp\u00e1rtelo en tu red favorita o env\u00edanos tu comentario.<br \/>\n<\/strong><\/span><\/p>\n<p style=\"text-align: justify;\"><span style=\"font-size: 14pt;\"><strong><span style=\"color: #ff0000;\">Muchas gracias !<\/span><\/strong><\/span><\/p>\n<hr \/>\n<p style=\"text-align: justify;\"><strong><span style=\"color: #008000;\">Suscribete si quieres recibir un mail cuando publiquemos nuevas rutas : no enviamos publicidad y como m\u00e1ximo enviamos 2 mails al mes<\/span><\/strong><\/p>\n<p style=\"text-align: center;\"><a href=\"https:\/\/mailchi.mp\/6989c83a3e24\/wmv06rtqcz\/\" target=\"_blank\" rel=\"noopener noreferrer\"><strong><span style=\"color: #0000ff;\">Pulsa aqu\u00ed para suscribirte<\/span><\/strong><\/a><\/p>\n","protected":false},"excerpt":{"rendered":"<p>Hoy repetimos por as\u00ed decir la subida al Taga, porque ya hab\u00edamos ido el 10-05-2019- Picos de Sant Amand y Taga (100 Cims), aunque en aquella ocasi\u00f3n yo no pude llegar a la cima, ya que a unos 500 m. tuve que pararme,\u00a0 aunque Conchita y nuestro amigo Lluis s\u00ed que llegaron arriba. Como que [&hellip;]<\/p>\n","protected":false},"author":50,"featured_media":15916,"comment_status":"closed","ping_status":"open","sticky":false,"template":"","format":"standard","meta":{"footnotes":""},"categories":[106,105,11,23,96],"tags":[],"class_list":{"0":"post-15915","1":"post","2":"type-post","3":"status-publish","4":"format-standard","5":"has-post-thumbnail","6":"hentry","7":"category-nuestros-100-cims","8":"category-100-cims-feec","9":"category-moderada","10":"category-de-10-a-15-km","11":"category-ripolles","13":"post-with-thumbnail","14":"post-with-thumbnail-icon"},"yoast_head":"<!-- This site is optimized with the Yoast SEO plugin v27.4 - https:\/\/yoast.com\/product\/yoast-seo-wordpress\/ -->\n<title>05-06-2021-Taga (100 Cims), Puig Coma d&#039;Olla y Puig Estela -<\/title>\n<meta name=\"robots\" content=\"index, follow, max-snippet:-1, max-image-preview:large, max-video-preview:-1\" \/>\n<link rel=\"canonical\" href=\"https:\/\/www.carlosyconchita.net\/rutas\/05-06-2021-taga-100-cims-puig-coma-dolla-y-puig-estela-100-cims\/\" \/>\n<meta property=\"og:locale\" content=\"es_ES\" \/>\n<meta property=\"og:type\" content=\"article\" \/>\n<meta property=\"og:title\" content=\"05-06-2021-Taga (100 Cims), Puig Coma d&#039;Olla y Puig Estela -\" \/>\n<meta property=\"og:description\" content=\"Hoy repetimos por as\u00ed decir la subida al Taga, porque ya hab\u00edamos ido el 10-05-2019- Picos de Sant Amand y Taga (100 Cims), aunque en aquella ocasi\u00f3n yo no pude llegar a la cima, ya que a unos 500 m. tuve que pararme,\u00a0 aunque Conchita y nuestro amigo Lluis s\u00ed que llegaron arriba. Como que [&hellip;]\" \/>\n<meta property=\"og:url\" content=\"https:\/\/www.carlosyconchita.net\/rutas\/05-06-2021-taga-100-cims-puig-coma-dolla-y-puig-estela-100-cims\/\" \/>\n<meta property=\"og:site_name\" content=\"Las rutas de Carlos y Conchita\" \/>\n<meta property=\"article:published_time\" content=\"2021-06-05T14:53:27+00:00\" \/>\n<meta property=\"article:modified_time\" content=\"2021-11-10T19:51:09+00:00\" \/>\n<meta property=\"og:image\" content=\"https:\/\/www.carlosyconchita.net\/rutas\/wp-content\/uploads\/2021\/06\/IMG_20210605_102241.jpg\" \/>\n\t<meta property=\"og:image:width\" content=\"1024\" \/>\n\t<meta property=\"og:image:height\" content=\"576\" \/>\n\t<meta property=\"og:image:type\" content=\"image\/jpeg\" \/>\n<meta name=\"author\" content=\"Carlos Conchita\" \/>\n<meta name=\"twitter:label1\" content=\"Escrito por\" \/>\n\t<meta name=\"twitter:data1\" content=\"Carlos Conchita\" \/>\n\t<meta name=\"twitter:label2\" content=\"Tiempo de lectura\" \/>\n\t<meta name=\"twitter:data2\" content=\"2 minutos\" \/>\n<script type=\"application\/ld+json\" class=\"yoast-schema-graph\">{\"@context\":\"https:\\\/\\\/schema.org\",\"@graph\":[{\"@type\":\"Article\",\"@id\":\"https:\\\/\\\/www.carlosyconchita.net\\\/rutas\\\/05-06-2021-taga-100-cims-puig-coma-dolla-y-puig-estela-100-cims\\\/#article\",\"isPartOf\":{\"@id\":\"https:\\\/\\\/www.carlosyconchita.net\\\/rutas\\\/05-06-2021-taga-100-cims-puig-coma-dolla-y-puig-estela-100-cims\\\/\"},\"author\":{\"name\":\"Carlos Conchita\",\"@id\":\"https:\\\/\\\/www.carlosyconchita.net\\\/rutas\\\/#\\\/schema\\\/person\\\/a9691f7258c28443fab2d3aa1479ea19\"},\"headline\":\"05-06-2021-Taga (100 Cims), Puig Coma d&#8217;Olla y Puig Estela\",\"datePublished\":\"2021-06-05T14:53:27+00:00\",\"dateModified\":\"2021-11-10T19:51:09+00:00\",\"mainEntityOfPage\":{\"@id\":\"https:\\\/\\\/www.carlosyconchita.net\\\/rutas\\\/05-06-2021-taga-100-cims-puig-coma-dolla-y-puig-estela-100-cims\\\/\"},\"wordCount\":307,\"image\":{\"@id\":\"https:\\\/\\\/www.carlosyconchita.net\\\/rutas\\\/05-06-2021-taga-100-cims-puig-coma-dolla-y-puig-estela-100-cims\\\/#primaryimage\"},\"thumbnailUrl\":\"https:\\\/\\\/www.carlosyconchita.net\\\/rutas\\\/wp-content\\\/uploads\\\/2021\\\/06\\\/IMG_20210605_102241.jpg\",\"articleSection\":[\"100 Cims Carlos y Conchita\",\"100 Cims FEEC\",\"2-Moderada\",\"3 - De 10 a 15 km.\",\"Ripoll\u00e9s\"],\"inLanguage\":\"es\"},{\"@type\":\"WebPage\",\"@id\":\"https:\\\/\\\/www.carlosyconchita.net\\\/rutas\\\/05-06-2021-taga-100-cims-puig-coma-dolla-y-puig-estela-100-cims\\\/\",\"url\":\"https:\\\/\\\/www.carlosyconchita.net\\\/rutas\\\/05-06-2021-taga-100-cims-puig-coma-dolla-y-puig-estela-100-cims\\\/\",\"name\":\"05-06-2021-Taga (100 Cims), Puig Coma d'Olla y Puig Estela -\",\"isPartOf\":{\"@id\":\"https:\\\/\\\/www.carlosyconchita.net\\\/rutas\\\/#website\"},\"primaryImageOfPage\":{\"@id\":\"https:\\\/\\\/www.carlosyconchita.net\\\/rutas\\\/05-06-2021-taga-100-cims-puig-coma-dolla-y-puig-estela-100-cims\\\/#primaryimage\"},\"image\":{\"@id\":\"https:\\\/\\\/www.carlosyconchita.net\\\/rutas\\\/05-06-2021-taga-100-cims-puig-coma-dolla-y-puig-estela-100-cims\\\/#primaryimage\"},\"thumbnailUrl\":\"https:\\\/\\\/www.carlosyconchita.net\\\/rutas\\\/wp-content\\\/uploads\\\/2021\\\/06\\\/IMG_20210605_102241.jpg\",\"datePublished\":\"2021-06-05T14:53:27+00:00\",\"dateModified\":\"2021-11-10T19:51:09+00:00\",\"author\":{\"@id\":\"https:\\\/\\\/www.carlosyconchita.net\\\/rutas\\\/#\\\/schema\\\/person\\\/a9691f7258c28443fab2d3aa1479ea19\"},\"breadcrumb\":{\"@id\":\"https:\\\/\\\/www.carlosyconchita.net\\\/rutas\\\/05-06-2021-taga-100-cims-puig-coma-dolla-y-puig-estela-100-cims\\\/#breadcrumb\"},\"inLanguage\":\"es\",\"potentialAction\":[{\"@type\":\"ReadAction\",\"target\":[\"https:\\\/\\\/www.carlosyconchita.net\\\/rutas\\\/05-06-2021-taga-100-cims-puig-coma-dolla-y-puig-estela-100-cims\\\/\"]}]},{\"@type\":\"ImageObject\",\"inLanguage\":\"es\",\"@id\":\"https:\\\/\\\/www.carlosyconchita.net\\\/rutas\\\/05-06-2021-taga-100-cims-puig-coma-dolla-y-puig-estela-100-cims\\\/#primaryimage\",\"url\":\"https:\\\/\\\/www.carlosyconchita.net\\\/rutas\\\/wp-content\\\/uploads\\\/2021\\\/06\\\/IMG_20210605_102241.jpg\",\"contentUrl\":\"https:\\\/\\\/www.carlosyconchita.net\\\/rutas\\\/wp-content\\\/uploads\\\/2021\\\/06\\\/IMG_20210605_102241.jpg\",\"width\":1024,\"height\":576},{\"@type\":\"BreadcrumbList\",\"@id\":\"https:\\\/\\\/www.carlosyconchita.net\\\/rutas\\\/05-06-2021-taga-100-cims-puig-coma-dolla-y-puig-estela-100-cims\\\/#breadcrumb\",\"itemListElement\":[{\"@type\":\"ListItem\",\"position\":1,\"name\":\"Portada\",\"item\":\"https:\\\/\\\/www.carlosyconchita.net\\\/rutas\\\/\"},{\"@type\":\"ListItem\",\"position\":2,\"name\":\"05-06-2021-Taga (100 Cims), Puig Coma d&#8217;Olla y Puig Estela\"}]},{\"@type\":\"WebSite\",\"@id\":\"https:\\\/\\\/www.carlosyconchita.net\\\/rutas\\\/#website\",\"url\":\"https:\\\/\\\/www.carlosyconchita.net\\\/rutas\\\/\",\"name\":\"Las rutas de Carlos y Conchita\",\"description\":\"\",\"potentialAction\":[{\"@type\":\"SearchAction\",\"target\":{\"@type\":\"EntryPoint\",\"urlTemplate\":\"https:\\\/\\\/www.carlosyconchita.net\\\/rutas\\\/?s={search_term_string}\"},\"query-input\":{\"@type\":\"PropertyValueSpecification\",\"valueRequired\":true,\"valueName\":\"search_term_string\"}}],\"inLanguage\":\"es\"},{\"@type\":\"Person\",\"@id\":\"https:\\\/\\\/www.carlosyconchita.net\\\/rutas\\\/#\\\/schema\\\/person\\\/a9691f7258c28443fab2d3aa1479ea19\",\"name\":\"Carlos Conchita\",\"image\":{\"@type\":\"ImageObject\",\"inLanguage\":\"es\",\"@id\":\"https:\\\/\\\/secure.gravatar.com\\\/avatar\\\/3a4625b20c8da3de99da69bfe7a322774e291c3f90dce7e8778a30fe6748ed1a?s=96&d=mm&r=g\",\"url\":\"https:\\\/\\\/secure.gravatar.com\\\/avatar\\\/3a4625b20c8da3de99da69bfe7a322774e291c3f90dce7e8778a30fe6748ed1a?s=96&d=mm&r=g\",\"contentUrl\":\"https:\\\/\\\/secure.gravatar.com\\\/avatar\\\/3a4625b20c8da3de99da69bfe7a322774e291c3f90dce7e8778a30fe6748ed1a?s=96&d=mm&r=g\",\"caption\":\"Carlos Conchita\"}}]}<\/script>\n<!-- \/ Yoast SEO plugin. -->","yoast_head_json":{"title":"05-06-2021-Taga (100 Cims), Puig Coma d'Olla y Puig Estela -","robots":{"index":"index","follow":"follow","max-snippet":"max-snippet:-1","max-image-preview":"max-image-preview:large","max-video-preview":"max-video-preview:-1"},"canonical":"https:\/\/www.carlosyconchita.net\/rutas\/05-06-2021-taga-100-cims-puig-coma-dolla-y-puig-estela-100-cims\/","og_locale":"es_ES","og_type":"article","og_title":"05-06-2021-Taga (100 Cims), Puig Coma d'Olla y Puig Estela -","og_description":"Hoy repetimos por as\u00ed decir la subida al Taga, porque ya hab\u00edamos ido el 10-05-2019- Picos de Sant Amand y Taga (100 Cims), aunque en aquella ocasi\u00f3n yo no pude llegar a la cima, ya que a unos 500 m. tuve que pararme,\u00a0 aunque Conchita y nuestro amigo Lluis s\u00ed que llegaron arriba. Como que [&hellip;]","og_url":"https:\/\/www.carlosyconchita.net\/rutas\/05-06-2021-taga-100-cims-puig-coma-dolla-y-puig-estela-100-cims\/","og_site_name":"Las rutas de Carlos y Conchita","article_published_time":"2021-06-05T14:53:27+00:00","article_modified_time":"2021-11-10T19:51:09+00:00","og_image":[{"width":1024,"height":576,"url":"https:\/\/www.carlosyconchita.net\/rutas\/wp-content\/uploads\/2021\/06\/IMG_20210605_102241.jpg","type":"image\/jpeg"}],"author":"Carlos Conchita","twitter_misc":{"Escrito por":"Carlos Conchita","Tiempo de lectura":"2 minutos"},"schema":{"@context":"https:\/\/schema.org","@graph":[{"@type":"Article","@id":"https:\/\/www.carlosyconchita.net\/rutas\/05-06-2021-taga-100-cims-puig-coma-dolla-y-puig-estela-100-cims\/#article","isPartOf":{"@id":"https:\/\/www.carlosyconchita.net\/rutas\/05-06-2021-taga-100-cims-puig-coma-dolla-y-puig-estela-100-cims\/"},"author":{"name":"Carlos Conchita","@id":"https:\/\/www.carlosyconchita.net\/rutas\/#\/schema\/person\/a9691f7258c28443fab2d3aa1479ea19"},"headline":"05-06-2021-Taga (100 Cims), Puig Coma d&#8217;Olla y Puig Estela","datePublished":"2021-06-05T14:53:27+00:00","dateModified":"2021-11-10T19:51:09+00:00","mainEntityOfPage":{"@id":"https:\/\/www.carlosyconchita.net\/rutas\/05-06-2021-taga-100-cims-puig-coma-dolla-y-puig-estela-100-cims\/"},"wordCount":307,"image":{"@id":"https:\/\/www.carlosyconchita.net\/rutas\/05-06-2021-taga-100-cims-puig-coma-dolla-y-puig-estela-100-cims\/#primaryimage"},"thumbnailUrl":"https:\/\/www.carlosyconchita.net\/rutas\/wp-content\/uploads\/2021\/06\/IMG_20210605_102241.jpg","articleSection":["100 Cims Carlos y Conchita","100 Cims FEEC","2-Moderada","3 - De 10 a 15 km.","Ripoll\u00e9s"],"inLanguage":"es"},{"@type":"WebPage","@id":"https:\/\/www.carlosyconchita.net\/rutas\/05-06-2021-taga-100-cims-puig-coma-dolla-y-puig-estela-100-cims\/","url":"https:\/\/www.carlosyconchita.net\/rutas\/05-06-2021-taga-100-cims-puig-coma-dolla-y-puig-estela-100-cims\/","name":"05-06-2021-Taga (100 Cims), Puig Coma d'Olla y Puig Estela -","isPartOf":{"@id":"https:\/\/www.carlosyconchita.net\/rutas\/#website"},"primaryImageOfPage":{"@id":"https:\/\/www.carlosyconchita.net\/rutas\/05-06-2021-taga-100-cims-puig-coma-dolla-y-puig-estela-100-cims\/#primaryimage"},"image":{"@id":"https:\/\/www.carlosyconchita.net\/rutas\/05-06-2021-taga-100-cims-puig-coma-dolla-y-puig-estela-100-cims\/#primaryimage"},"thumbnailUrl":"https:\/\/www.carlosyconchita.net\/rutas\/wp-content\/uploads\/2021\/06\/IMG_20210605_102241.jpg","datePublished":"2021-06-05T14:53:27+00:00","dateModified":"2021-11-10T19:51:09+00:00","author":{"@id":"https:\/\/www.carlosyconchita.net\/rutas\/#\/schema\/person\/a9691f7258c28443fab2d3aa1479ea19"},"breadcrumb":{"@id":"https:\/\/www.carlosyconchita.net\/rutas\/05-06-2021-taga-100-cims-puig-coma-dolla-y-puig-estela-100-cims\/#breadcrumb"},"inLanguage":"es","potentialAction":[{"@type":"ReadAction","target":["https:\/\/www.carlosyconchita.net\/rutas\/05-06-2021-taga-100-cims-puig-coma-dolla-y-puig-estela-100-cims\/"]}]},{"@type":"ImageObject","inLanguage":"es","@id":"https:\/\/www.carlosyconchita.net\/rutas\/05-06-2021-taga-100-cims-puig-coma-dolla-y-puig-estela-100-cims\/#primaryimage","url":"https:\/\/www.carlosyconchita.net\/rutas\/wp-content\/uploads\/2021\/06\/IMG_20210605_102241.jpg","contentUrl":"https:\/\/www.carlosyconchita.net\/rutas\/wp-content\/uploads\/2021\/06\/IMG_20210605_102241.jpg","width":1024,"height":576},{"@type":"BreadcrumbList","@id":"https:\/\/www.carlosyconchita.net\/rutas\/05-06-2021-taga-100-cims-puig-coma-dolla-y-puig-estela-100-cims\/#breadcrumb","itemListElement":[{"@type":"ListItem","position":1,"name":"Portada","item":"https:\/\/www.carlosyconchita.net\/rutas\/"},{"@type":"ListItem","position":2,"name":"05-06-2021-Taga (100 Cims), Puig Coma d&#8217;Olla y Puig Estela"}]},{"@type":"WebSite","@id":"https:\/\/www.carlosyconchita.net\/rutas\/#website","url":"https:\/\/www.carlosyconchita.net\/rutas\/","name":"Las rutas de Carlos y Conchita","description":"","potentialAction":[{"@type":"SearchAction","target":{"@type":"EntryPoint","urlTemplate":"https:\/\/www.carlosyconchita.net\/rutas\/?s={search_term_string}"},"query-input":{"@type":"PropertyValueSpecification","valueRequired":true,"valueName":"search_term_string"}}],"inLanguage":"es"},{"@type":"Person","@id":"https:\/\/www.carlosyconchita.net\/rutas\/#\/schema\/person\/a9691f7258c28443fab2d3aa1479ea19","name":"Carlos Conchita","image":{"@type":"ImageObject","inLanguage":"es","@id":"https:\/\/secure.gravatar.com\/avatar\/3a4625b20c8da3de99da69bfe7a322774e291c3f90dce7e8778a30fe6748ed1a?s=96&d=mm&r=g","url":"https:\/\/secure.gravatar.com\/avatar\/3a4625b20c8da3de99da69bfe7a322774e291c3f90dce7e8778a30fe6748ed1a?s=96&d=mm&r=g","contentUrl":"https:\/\/secure.gravatar.com\/avatar\/3a4625b20c8da3de99da69bfe7a322774e291c3f90dce7e8778a30fe6748ed1a?s=96&d=mm&r=g","caption":"Carlos Conchita"}}]}},"_links":{"self":[{"href":"https:\/\/www.carlosyconchita.net\/rutas\/wp-json\/wp\/v2\/posts\/15915","targetHints":{"allow":["GET"]}}],"collection":[{"href":"https:\/\/www.carlosyconchita.net\/rutas\/wp-json\/wp\/v2\/posts"}],"about":[{"href":"https:\/\/www.carlosyconchita.net\/rutas\/wp-json\/wp\/v2\/types\/post"}],"author":[{"embeddable":true,"href":"https:\/\/www.carlosyconchita.net\/rutas\/wp-json\/wp\/v2\/users\/50"}],"replies":[{"embeddable":true,"href":"https:\/\/www.carlosyconchita.net\/rutas\/wp-json\/wp\/v2\/comments?post=15915"}],"version-history":[{"count":0,"href":"https:\/\/www.carlosyconchita.net\/rutas\/wp-json\/wp\/v2\/posts\/15915\/revisions"}],"wp:featuredmedia":[{"embeddable":true,"href":"https:\/\/www.carlosyconchita.net\/rutas\/wp-json\/wp\/v2\/media\/15916"}],"wp:attachment":[{"href":"https:\/\/www.carlosyconchita.net\/rutas\/wp-json\/wp\/v2\/media?parent=15915"}],"wp:term":[{"taxonomy":"category","embeddable":true,"href":"https:\/\/www.carlosyconchita.net\/rutas\/wp-json\/wp\/v2\/categories?post=15915"},{"taxonomy":"post_tag","embeddable":true,"href":"https:\/\/www.carlosyconchita.net\/rutas\/wp-json\/wp\/v2\/tags?post=15915"}],"curies":[{"name":"wp","href":"https:\/\/api.w.org\/{rel}","templated":true}]}}