{"id":16104,"date":"2021-07-18T16:42:42","date_gmt":"2021-07-18T15:42:42","guid":{"rendered":"https:\/\/www.carlosyconchita.net\/rutas\/?p=16104"},"modified":"2021-08-25T18:07:00","modified_gmt":"2021-08-25T17:07:00","slug":"18-07-2021-coll-de-la-llosa-puig-de-la-llosa-y-pico-de-figuema","status":"publish","type":"post","link":"https:\/\/www.carlosyconchita.net\/rutas\/18-07-2021-coll-de-la-llosa-puig-de-la-llosa-y-pico-de-figuema\/","title":{"rendered":"18-07-2021-Coll de la Llosa, Puig de la Llosa y Pico de Figuema"},"content":{"rendered":"<p style=\"text-align: justify;\">Hoy no ten\u00edamos claro a donde dirigirnos, as\u00ed que nos hemos ido a nuestra bien conocida estaci\u00f3n de esqu\u00ed del Coll de la Llosa, para empezar a caminar sin ning\u00fan destino concreto, ya que tanto con raquetas como sin ellas, creemos que hemos recorrido casi todos las rutas se\u00f1alizadas.<br \/>\nEmpezamos a caminar pasando cerca de una zona militar, en donde algunas veces nos hemos encontrado el paso cerrado, ya que se hacen entrenamientos con explosivos, y pueden cortar el paso, pero al ser hoy un d\u00eda no laborable, creemos que no habr\u00e1 problema.<\/p>\n<p style=\"text-align: justify;\">Caminando sin ningun destino fijo, llegamos al Coll de Brilles, y vemos dos peque\u00f1os picos, uno a cada lado del camino por el que llegamos, as\u00ed que primero nos dirigimos al de nuestra izquierda, el Puig de la Tossa, en donde encontramos una instalaci\u00f3n de antenas, y unas buenas vistas a las monta\u00f1as de los alrededores, aunque debido a la vegetaci\u00f3n y arboles, solo podemos ver las m\u00e1s altas.<\/p>\n<p style=\"text-align: justify;\">Despu\u00e9s de bajar de nuevo al Coll, subimos al otro pico, el de Figuema, por una peque\u00f1a carretera asfaltada, que termina en una instalaci\u00f3n militar de entrenamiento, con zanjas, t\u00faneles, etc, pero tambi\u00e9n con una barbacoa&#8230;<\/p>\n<p style=\"text-align: justify;\">Despu\u00e9s de dar una vuelta por la zona, y comer algo de fruta, volvemos por el mismo camino, aunque el \u00faltimo tramo lo variamos un poco, como se puede ver en el track.<\/p>\n<p style=\"text-align: justify;\">Al final, ha resultado una excursi\u00f3n muy f\u00e1cil y entretenida, perfecta para estirar un poco las piernas sin hacer nada especialmente complicado y respirar aire puro.<\/p>\n<hr \/>\n<h3 style=\"text-align: justify;\"><strong>Album de fotos<\/strong><\/h3>\n<p><a href=\"https:\/\/photos.app.goo.gl\/RcwjYFZuSmVWWvLj6\" target=\"_blank\" rel=\"noopener\"><img loading=\"lazy\" decoding=\"async\" class=\"aligncenter wp-image-16105 size-medium\" src=\"https:\/\/www.carlosyconchita.net\/rutas\/wp-content\/uploads\/2021\/08\/Llosa-Figuema-00025-300x169.jpg\" alt=\"\" width=\"300\" height=\"169\" srcset=\"https:\/\/www.carlosyconchita.net\/rutas\/wp-content\/uploads\/2021\/08\/Llosa-Figuema-00025-300x169.jpg 300w, https:\/\/www.carlosyconchita.net\/rutas\/wp-content\/uploads\/2021\/08\/Llosa-Figuema-00025-600x338.jpg 600w, https:\/\/www.carlosyconchita.net\/rutas\/wp-content\/uploads\/2021\/08\/Llosa-Figuema-00025-768x432.jpg 768w, https:\/\/www.carlosyconchita.net\/rutas\/wp-content\/uploads\/2021\/08\/Llosa-Figuema-00025.jpg 1024w\" sizes=\"auto, (max-width: 300px) 100vw, 300px\" \/><\/a><\/p>\n<hr \/>\n<p><strong>Dificultad<\/strong> :\u00a0\u00a0\u00a0 F\u00e1cil<\/p>\n<p><strong>Distancia total<\/strong> :\u00a0\u00a0 8.900\u00a0<span class=\"totlen\"><span class=\"summaryvalue\"> m<\/span><\/span><\/p>\n<p><strong>Alturas m\u00ednima \/ m\u00e1xima<\/strong> :\u00a0\u00a0\u00a0\u00a0 1.841 m<span class=\"maxele\"><span class=\"summaryvalue\">. \/\u00a0\u00a0 2.040 m.<br \/>\n<\/span><\/span><\/p>\n<p><strong>Desnivel acumulado (s\/Wikiloc)<\/strong>\u00a0 :\u00a0\u00a0 233\u00a0 m.<\/p>\n<p><strong>Tiempo total \/ en movimiento<\/strong> :\u00a0\u00a0\u00a0\u00a0\u00a0 2 h. 03 m.\u00a0 \/\u00a0 2 h. 55\u00a0 m..<\/p>\n<p><strong>Velocidad media total \/ velocidad media movimiento<\/strong> :\u00a0\u00a0\u00a0 3\u201903 km\/h\u00a0 \u2013\u00a0 4\u201930 km.\/h<\/p>\n<hr \/>\n<h3><strong>Mapa y track de la ruta<\/strong><\/h3>\n<p><a href=\"https:\/\/www.carlosyconchita.net\/rutas\/wp-content\/uploads\/gpx\/CollLosa-Figuema.html\" target=\"_blank\" rel=\"noopener\"><img loading=\"lazy\" decoding=\"async\" class=\"aligncenter size-full wp-image-14621\" src=\"https:\/\/www.carlosyconchita.net\/rutas\/wp-content\/uploads\/2020\/06\/mapa.jpg\" alt=\"\" width=\"181\" height=\"122\" \/><\/a><\/p>\n<p>&nbsp;<\/p>\n<hr \/>\n<p><strong>Wikiloc <\/strong><strong><br \/>\n<\/strong><\/p>\n<p><a href=\"https:\/\/es.wikiloc.com\/rutas-senderismo\/coll-de-la-llosa-puig-de-la-llosa-y-pico-de-figuema-81258741\" target=\"_blank\" rel=\"noopener\"><img loading=\"lazy\" decoding=\"async\" class=\"aligncenter size-full wp-image-958\" src=\"https:\/\/www.carlosyconchita.net\/rutas\/wp-content\/uploads\/2020\/09\/wikiloc.jpg\" alt=\"\" width=\"117\" height=\"34\" \/><\/a><\/p>\n<p>&nbsp;<\/p>\n<hr \/>\n<p style=\"text-align: justify;\"><span style=\"color: #ff0000; background-color: #ffffff; font-size: 14pt;\"><strong>Si te ha gustado, comp\u00e1rtelo en tu red favorita o env\u00edanos tu comentario.<br \/>\n<\/strong><\/span><\/p>\n<p style=\"text-align: justify;\"><span style=\"font-size: 14pt;\"><strong><span style=\"color: #ff0000;\">Muchas gracias !<\/span><\/strong><\/span><\/p>\n<hr \/>\n<p style=\"text-align: justify;\"><strong><span style=\"color: #008000;\">Suscribete si quieres recibir un mail cuando publiquemos nuevas rutas : no enviamos publicidad y como m\u00e1ximo enviamos 2 mails al mes<\/span><\/strong><\/p>\n<p style=\"text-align: center;\"><a href=\"https:\/\/mailchi.mp\/6989c83a3e24\/wmv06rtqcz\/\" target=\"_blank\" rel=\"noopener noreferrer\"><strong><span style=\"color: #0000ff;\">Pulsa aqu\u00ed para suscribirte<\/span><\/strong><\/a><\/p>\n","protected":false},"excerpt":{"rendered":"<p>Hoy no ten\u00edamos claro a donde dirigirnos, as\u00ed que nos hemos ido a nuestra bien conocida estaci\u00f3n de esqu\u00ed del Coll de la Llosa, para empezar a caminar sin ning\u00fan destino concreto, ya que tanto con raquetas como sin ellas, creemos que hemos recorrido casi todos las rutas se\u00f1alizadas. Empezamos a caminar pasando cerca de [&hellip;]<\/p>\n","protected":false},"author":50,"featured_media":16105,"comment_status":"closed","ping_status":"open","sticky":false,"template":"","format":"standard","meta":{"footnotes":""},"categories":[10,22,47],"tags":[],"class_list":{"0":"post-16104","1":"post","2":"type-post","3":"status-publish","4":"format-standard","5":"has-post-thumbnail","6":"hentry","7":"category-facil","8":"category-de-05-a-10-km","9":"category-cerdanya-nord-sin-clasificar","11":"post-with-thumbnail","12":"post-with-thumbnail-icon"},"yoast_head":"<!-- This site is optimized with the Yoast SEO plugin v27.4 - https:\/\/yoast.com\/product\/yoast-seo-wordpress\/ -->\n<title>18-07-2021-Coll de la Llosa, Puig de la Llosa y Pico de Figuema -<\/title>\n<meta name=\"robots\" content=\"index, follow, max-snippet:-1, max-image-preview:large, max-video-preview:-1\" \/>\n<link rel=\"canonical\" href=\"https:\/\/www.carlosyconchita.net\/rutas\/18-07-2021-coll-de-la-llosa-puig-de-la-llosa-y-pico-de-figuema\/\" \/>\n<meta property=\"og:locale\" content=\"es_ES\" \/>\n<meta property=\"og:type\" content=\"article\" \/>\n<meta property=\"og:title\" content=\"18-07-2021-Coll de la Llosa, Puig de la Llosa y Pico de Figuema -\" \/>\n<meta property=\"og:description\" content=\"Hoy no ten\u00edamos claro a donde dirigirnos, as\u00ed que nos hemos ido a nuestra bien conocida estaci\u00f3n de esqu\u00ed del Coll de la Llosa, para empezar a caminar sin ning\u00fan destino concreto, ya que tanto con raquetas como sin ellas, creemos que hemos recorrido casi todos las rutas se\u00f1alizadas. Empezamos a caminar pasando cerca de [&hellip;]\" \/>\n<meta property=\"og:url\" content=\"https:\/\/www.carlosyconchita.net\/rutas\/18-07-2021-coll-de-la-llosa-puig-de-la-llosa-y-pico-de-figuema\/\" \/>\n<meta property=\"og:site_name\" content=\"Las rutas de Carlos y Conchita\" \/>\n<meta property=\"article:published_time\" content=\"2021-07-18T15:42:42+00:00\" \/>\n<meta property=\"article:modified_time\" content=\"2021-08-25T17:07:00+00:00\" \/>\n<meta property=\"og:image\" content=\"https:\/\/www.carlosyconchita.net\/rutas\/wp-content\/uploads\/2021\/08\/Llosa-Figuema-00025.jpg\" \/>\n\t<meta property=\"og:image:width\" content=\"1024\" \/>\n\t<meta property=\"og:image:height\" content=\"576\" \/>\n\t<meta property=\"og:image:type\" content=\"image\/jpeg\" \/>\n<meta name=\"author\" content=\"Carlos Conchita\" \/>\n<meta name=\"twitter:label1\" content=\"Escrito por\" \/>\n\t<meta name=\"twitter:data1\" content=\"Carlos Conchita\" \/>\n\t<meta name=\"twitter:label2\" content=\"Tiempo de lectura\" \/>\n\t<meta name=\"twitter:data2\" content=\"3 minutos\" \/>\n<script type=\"application\/ld+json\" class=\"yoast-schema-graph\">{\"@context\":\"https:\\\/\\\/schema.org\",\"@graph\":[{\"@type\":\"Article\",\"@id\":\"https:\\\/\\\/www.carlosyconchita.net\\\/rutas\\\/18-07-2021-coll-de-la-llosa-puig-de-la-llosa-y-pico-de-figuema\\\/#article\",\"isPartOf\":{\"@id\":\"https:\\\/\\\/www.carlosyconchita.net\\\/rutas\\\/18-07-2021-coll-de-la-llosa-puig-de-la-llosa-y-pico-de-figuema\\\/\"},\"author\":{\"name\":\"Carlos Conchita\",\"@id\":\"https:\\\/\\\/www.carlosyconchita.net\\\/rutas\\\/#\\\/schema\\\/person\\\/a9691f7258c28443fab2d3aa1479ea19\"},\"headline\":\"18-07-2021-Coll de la Llosa, Puig de la Llosa y Pico de Figuema\",\"datePublished\":\"2021-07-18T15:42:42+00:00\",\"dateModified\":\"2021-08-25T17:07:00+00:00\",\"mainEntityOfPage\":{\"@id\":\"https:\\\/\\\/www.carlosyconchita.net\\\/rutas\\\/18-07-2021-coll-de-la-llosa-puig-de-la-llosa-y-pico-de-figuema\\\/\"},\"wordCount\":379,\"image\":{\"@id\":\"https:\\\/\\\/www.carlosyconchita.net\\\/rutas\\\/18-07-2021-coll-de-la-llosa-puig-de-la-llosa-y-pico-de-figuema\\\/#primaryimage\"},\"thumbnailUrl\":\"https:\\\/\\\/www.carlosyconchita.net\\\/rutas\\\/wp-content\\\/uploads\\\/2021\\\/08\\\/Llosa-Figuema-00025.jpg\",\"articleSection\":[\"1-F\u00e1cil\",\"2 - De 5 a 10 km.\",\"Catalunya Nord - sin clasificar\"],\"inLanguage\":\"es\"},{\"@type\":\"WebPage\",\"@id\":\"https:\\\/\\\/www.carlosyconchita.net\\\/rutas\\\/18-07-2021-coll-de-la-llosa-puig-de-la-llosa-y-pico-de-figuema\\\/\",\"url\":\"https:\\\/\\\/www.carlosyconchita.net\\\/rutas\\\/18-07-2021-coll-de-la-llosa-puig-de-la-llosa-y-pico-de-figuema\\\/\",\"name\":\"18-07-2021-Coll de la Llosa, Puig de la Llosa y Pico de Figuema -\",\"isPartOf\":{\"@id\":\"https:\\\/\\\/www.carlosyconchita.net\\\/rutas\\\/#website\"},\"primaryImageOfPage\":{\"@id\":\"https:\\\/\\\/www.carlosyconchita.net\\\/rutas\\\/18-07-2021-coll-de-la-llosa-puig-de-la-llosa-y-pico-de-figuema\\\/#primaryimage\"},\"image\":{\"@id\":\"https:\\\/\\\/www.carlosyconchita.net\\\/rutas\\\/18-07-2021-coll-de-la-llosa-puig-de-la-llosa-y-pico-de-figuema\\\/#primaryimage\"},\"thumbnailUrl\":\"https:\\\/\\\/www.carlosyconchita.net\\\/rutas\\\/wp-content\\\/uploads\\\/2021\\\/08\\\/Llosa-Figuema-00025.jpg\",\"datePublished\":\"2021-07-18T15:42:42+00:00\",\"dateModified\":\"2021-08-25T17:07:00+00:00\",\"author\":{\"@id\":\"https:\\\/\\\/www.carlosyconchita.net\\\/rutas\\\/#\\\/schema\\\/person\\\/a9691f7258c28443fab2d3aa1479ea19\"},\"breadcrumb\":{\"@id\":\"https:\\\/\\\/www.carlosyconchita.net\\\/rutas\\\/18-07-2021-coll-de-la-llosa-puig-de-la-llosa-y-pico-de-figuema\\\/#breadcrumb\"},\"inLanguage\":\"es\",\"potentialAction\":[{\"@type\":\"ReadAction\",\"target\":[\"https:\\\/\\\/www.carlosyconchita.net\\\/rutas\\\/18-07-2021-coll-de-la-llosa-puig-de-la-llosa-y-pico-de-figuema\\\/\"]}]},{\"@type\":\"ImageObject\",\"inLanguage\":\"es\",\"@id\":\"https:\\\/\\\/www.carlosyconchita.net\\\/rutas\\\/18-07-2021-coll-de-la-llosa-puig-de-la-llosa-y-pico-de-figuema\\\/#primaryimage\",\"url\":\"https:\\\/\\\/www.carlosyconchita.net\\\/rutas\\\/wp-content\\\/uploads\\\/2021\\\/08\\\/Llosa-Figuema-00025.jpg\",\"contentUrl\":\"https:\\\/\\\/www.carlosyconchita.net\\\/rutas\\\/wp-content\\\/uploads\\\/2021\\\/08\\\/Llosa-Figuema-00025.jpg\",\"width\":1024,\"height\":576},{\"@type\":\"BreadcrumbList\",\"@id\":\"https:\\\/\\\/www.carlosyconchita.net\\\/rutas\\\/18-07-2021-coll-de-la-llosa-puig-de-la-llosa-y-pico-de-figuema\\\/#breadcrumb\",\"itemListElement\":[{\"@type\":\"ListItem\",\"position\":1,\"name\":\"Portada\",\"item\":\"https:\\\/\\\/www.carlosyconchita.net\\\/rutas\\\/\"},{\"@type\":\"ListItem\",\"position\":2,\"name\":\"18-07-2021-Coll de la Llosa, Puig de la Llosa y Pico de Figuema\"}]},{\"@type\":\"WebSite\",\"@id\":\"https:\\\/\\\/www.carlosyconchita.net\\\/rutas\\\/#website\",\"url\":\"https:\\\/\\\/www.carlosyconchita.net\\\/rutas\\\/\",\"name\":\"Las rutas de Carlos y Conchita\",\"description\":\"\",\"potentialAction\":[{\"@type\":\"SearchAction\",\"target\":{\"@type\":\"EntryPoint\",\"urlTemplate\":\"https:\\\/\\\/www.carlosyconchita.net\\\/rutas\\\/?s={search_term_string}\"},\"query-input\":{\"@type\":\"PropertyValueSpecification\",\"valueRequired\":true,\"valueName\":\"search_term_string\"}}],\"inLanguage\":\"es\"},{\"@type\":\"Person\",\"@id\":\"https:\\\/\\\/www.carlosyconchita.net\\\/rutas\\\/#\\\/schema\\\/person\\\/a9691f7258c28443fab2d3aa1479ea19\",\"name\":\"Carlos Conchita\",\"image\":{\"@type\":\"ImageObject\",\"inLanguage\":\"es\",\"@id\":\"https:\\\/\\\/secure.gravatar.com\\\/avatar\\\/3a4625b20c8da3de99da69bfe7a322774e291c3f90dce7e8778a30fe6748ed1a?s=96&d=mm&r=g\",\"url\":\"https:\\\/\\\/secure.gravatar.com\\\/avatar\\\/3a4625b20c8da3de99da69bfe7a322774e291c3f90dce7e8778a30fe6748ed1a?s=96&d=mm&r=g\",\"contentUrl\":\"https:\\\/\\\/secure.gravatar.com\\\/avatar\\\/3a4625b20c8da3de99da69bfe7a322774e291c3f90dce7e8778a30fe6748ed1a?s=96&d=mm&r=g\",\"caption\":\"Carlos Conchita\"}}]}<\/script>\n<!-- \/ Yoast SEO plugin. -->","yoast_head_json":{"title":"18-07-2021-Coll de la Llosa, Puig de la Llosa y Pico de Figuema -","robots":{"index":"index","follow":"follow","max-snippet":"max-snippet:-1","max-image-preview":"max-image-preview:large","max-video-preview":"max-video-preview:-1"},"canonical":"https:\/\/www.carlosyconchita.net\/rutas\/18-07-2021-coll-de-la-llosa-puig-de-la-llosa-y-pico-de-figuema\/","og_locale":"es_ES","og_type":"article","og_title":"18-07-2021-Coll de la Llosa, Puig de la Llosa y Pico de Figuema -","og_description":"Hoy no ten\u00edamos claro a donde dirigirnos, as\u00ed que nos hemos ido a nuestra bien conocida estaci\u00f3n de esqu\u00ed del Coll de la Llosa, para empezar a caminar sin ning\u00fan destino concreto, ya que tanto con raquetas como sin ellas, creemos que hemos recorrido casi todos las rutas se\u00f1alizadas. Empezamos a caminar pasando cerca de [&hellip;]","og_url":"https:\/\/www.carlosyconchita.net\/rutas\/18-07-2021-coll-de-la-llosa-puig-de-la-llosa-y-pico-de-figuema\/","og_site_name":"Las rutas de Carlos y Conchita","article_published_time":"2021-07-18T15:42:42+00:00","article_modified_time":"2021-08-25T17:07:00+00:00","og_image":[{"width":1024,"height":576,"url":"https:\/\/www.carlosyconchita.net\/rutas\/wp-content\/uploads\/2021\/08\/Llosa-Figuema-00025.jpg","type":"image\/jpeg"}],"author":"Carlos Conchita","twitter_misc":{"Escrito por":"Carlos Conchita","Tiempo de lectura":"3 minutos"},"schema":{"@context":"https:\/\/schema.org","@graph":[{"@type":"Article","@id":"https:\/\/www.carlosyconchita.net\/rutas\/18-07-2021-coll-de-la-llosa-puig-de-la-llosa-y-pico-de-figuema\/#article","isPartOf":{"@id":"https:\/\/www.carlosyconchita.net\/rutas\/18-07-2021-coll-de-la-llosa-puig-de-la-llosa-y-pico-de-figuema\/"},"author":{"name":"Carlos Conchita","@id":"https:\/\/www.carlosyconchita.net\/rutas\/#\/schema\/person\/a9691f7258c28443fab2d3aa1479ea19"},"headline":"18-07-2021-Coll de la Llosa, Puig de la Llosa y Pico de Figuema","datePublished":"2021-07-18T15:42:42+00:00","dateModified":"2021-08-25T17:07:00+00:00","mainEntityOfPage":{"@id":"https:\/\/www.carlosyconchita.net\/rutas\/18-07-2021-coll-de-la-llosa-puig-de-la-llosa-y-pico-de-figuema\/"},"wordCount":379,"image":{"@id":"https:\/\/www.carlosyconchita.net\/rutas\/18-07-2021-coll-de-la-llosa-puig-de-la-llosa-y-pico-de-figuema\/#primaryimage"},"thumbnailUrl":"https:\/\/www.carlosyconchita.net\/rutas\/wp-content\/uploads\/2021\/08\/Llosa-Figuema-00025.jpg","articleSection":["1-F\u00e1cil","2 - De 5 a 10 km.","Catalunya Nord - sin clasificar"],"inLanguage":"es"},{"@type":"WebPage","@id":"https:\/\/www.carlosyconchita.net\/rutas\/18-07-2021-coll-de-la-llosa-puig-de-la-llosa-y-pico-de-figuema\/","url":"https:\/\/www.carlosyconchita.net\/rutas\/18-07-2021-coll-de-la-llosa-puig-de-la-llosa-y-pico-de-figuema\/","name":"18-07-2021-Coll de la Llosa, Puig de la Llosa y Pico de Figuema -","isPartOf":{"@id":"https:\/\/www.carlosyconchita.net\/rutas\/#website"},"primaryImageOfPage":{"@id":"https:\/\/www.carlosyconchita.net\/rutas\/18-07-2021-coll-de-la-llosa-puig-de-la-llosa-y-pico-de-figuema\/#primaryimage"},"image":{"@id":"https:\/\/www.carlosyconchita.net\/rutas\/18-07-2021-coll-de-la-llosa-puig-de-la-llosa-y-pico-de-figuema\/#primaryimage"},"thumbnailUrl":"https:\/\/www.carlosyconchita.net\/rutas\/wp-content\/uploads\/2021\/08\/Llosa-Figuema-00025.jpg","datePublished":"2021-07-18T15:42:42+00:00","dateModified":"2021-08-25T17:07:00+00:00","author":{"@id":"https:\/\/www.carlosyconchita.net\/rutas\/#\/schema\/person\/a9691f7258c28443fab2d3aa1479ea19"},"breadcrumb":{"@id":"https:\/\/www.carlosyconchita.net\/rutas\/18-07-2021-coll-de-la-llosa-puig-de-la-llosa-y-pico-de-figuema\/#breadcrumb"},"inLanguage":"es","potentialAction":[{"@type":"ReadAction","target":["https:\/\/www.carlosyconchita.net\/rutas\/18-07-2021-coll-de-la-llosa-puig-de-la-llosa-y-pico-de-figuema\/"]}]},{"@type":"ImageObject","inLanguage":"es","@id":"https:\/\/www.carlosyconchita.net\/rutas\/18-07-2021-coll-de-la-llosa-puig-de-la-llosa-y-pico-de-figuema\/#primaryimage","url":"https:\/\/www.carlosyconchita.net\/rutas\/wp-content\/uploads\/2021\/08\/Llosa-Figuema-00025.jpg","contentUrl":"https:\/\/www.carlosyconchita.net\/rutas\/wp-content\/uploads\/2021\/08\/Llosa-Figuema-00025.jpg","width":1024,"height":576},{"@type":"BreadcrumbList","@id":"https:\/\/www.carlosyconchita.net\/rutas\/18-07-2021-coll-de-la-llosa-puig-de-la-llosa-y-pico-de-figuema\/#breadcrumb","itemListElement":[{"@type":"ListItem","position":1,"name":"Portada","item":"https:\/\/www.carlosyconchita.net\/rutas\/"},{"@type":"ListItem","position":2,"name":"18-07-2021-Coll de la Llosa, Puig de la Llosa y Pico de Figuema"}]},{"@type":"WebSite","@id":"https:\/\/www.carlosyconchita.net\/rutas\/#website","url":"https:\/\/www.carlosyconchita.net\/rutas\/","name":"Las rutas de Carlos y Conchita","description":"","potentialAction":[{"@type":"SearchAction","target":{"@type":"EntryPoint","urlTemplate":"https:\/\/www.carlosyconchita.net\/rutas\/?s={search_term_string}"},"query-input":{"@type":"PropertyValueSpecification","valueRequired":true,"valueName":"search_term_string"}}],"inLanguage":"es"},{"@type":"Person","@id":"https:\/\/www.carlosyconchita.net\/rutas\/#\/schema\/person\/a9691f7258c28443fab2d3aa1479ea19","name":"Carlos Conchita","image":{"@type":"ImageObject","inLanguage":"es","@id":"https:\/\/secure.gravatar.com\/avatar\/3a4625b20c8da3de99da69bfe7a322774e291c3f90dce7e8778a30fe6748ed1a?s=96&d=mm&r=g","url":"https:\/\/secure.gravatar.com\/avatar\/3a4625b20c8da3de99da69bfe7a322774e291c3f90dce7e8778a30fe6748ed1a?s=96&d=mm&r=g","contentUrl":"https:\/\/secure.gravatar.com\/avatar\/3a4625b20c8da3de99da69bfe7a322774e291c3f90dce7e8778a30fe6748ed1a?s=96&d=mm&r=g","caption":"Carlos Conchita"}}]}},"_links":{"self":[{"href":"https:\/\/www.carlosyconchita.net\/rutas\/wp-json\/wp\/v2\/posts\/16104","targetHints":{"allow":["GET"]}}],"collection":[{"href":"https:\/\/www.carlosyconchita.net\/rutas\/wp-json\/wp\/v2\/posts"}],"about":[{"href":"https:\/\/www.carlosyconchita.net\/rutas\/wp-json\/wp\/v2\/types\/post"}],"author":[{"embeddable":true,"href":"https:\/\/www.carlosyconchita.net\/rutas\/wp-json\/wp\/v2\/users\/50"}],"replies":[{"embeddable":true,"href":"https:\/\/www.carlosyconchita.net\/rutas\/wp-json\/wp\/v2\/comments?post=16104"}],"version-history":[{"count":0,"href":"https:\/\/www.carlosyconchita.net\/rutas\/wp-json\/wp\/v2\/posts\/16104\/revisions"}],"wp:featuredmedia":[{"embeddable":true,"href":"https:\/\/www.carlosyconchita.net\/rutas\/wp-json\/wp\/v2\/media\/16105"}],"wp:attachment":[{"href":"https:\/\/www.carlosyconchita.net\/rutas\/wp-json\/wp\/v2\/media?parent=16104"}],"wp:term":[{"taxonomy":"category","embeddable":true,"href":"https:\/\/www.carlosyconchita.net\/rutas\/wp-json\/wp\/v2\/categories?post=16104"},{"taxonomy":"post_tag","embeddable":true,"href":"https:\/\/www.carlosyconchita.net\/rutas\/wp-json\/wp\/v2\/tags?post=16104"}],"curies":[{"name":"wp","href":"https:\/\/api.w.org\/{rel}","templated":true}]}}