{"id":16180,"date":"2021-08-02T17:48:21","date_gmt":"2021-08-02T16:48:21","guid":{"rendered":"https:\/\/www.carlosyconchita.net\/rutas\/?p=16180"},"modified":"2021-09-04T17:47:45","modified_gmt":"2021-09-04T16:47:45","slug":"02-08-2021-borna-235-pico-zazpigain","status":"publish","type":"post","link":"https:\/\/www.carlosyconchita.net\/rutas\/02-08-2021-borna-235-pico-zazpigain\/","title":{"rendered":"02-08-2021-Borna 235 (Pico Zazpigain)"},"content":{"rendered":"<p style=\"text-align: justify;\"><span style=\"color: #ff0000;\">Con esta publicaci\u00f3n, a\u00f1adimos 1 borna m\u00e1s a nuestra lista : total 436 de las 602 existentes.<\/span><\/p>\n<p style=\"text-align: justify;\">Hoy hemos hecho una bonita subida al pico de Zazpigain, en donde est\u00e1 la borna 235, muy bonita tambi\u00e9n, con un magn\u00edfico d\u00eda, al menos por la ma\u00f1ana cuando hemos empezado a caminar, aunque como se puede ver en las fotos, a \u00faltima hora apareci\u00f3 la niebla, pero por suerte ya est\u00e1bamos arriba, porque de lo contrario nos hubiera costado algo m\u00e1s llegar a la borna 235.<\/p>\n<p style=\"text-align: justify;\">Est\u00e1 situada en una cresta , bastante estrecha y sin camino concreto en ella, que realmente despu\u00e9s de recorrerla no es tan dificil como parece cuando la ves desde lejos, porque puedes ir caminando bastante bien, pero si lo hubi\u00e9ramos tenido que hacer con niebla y sin ver nada, habr\u00eda sido m\u00e1s complicado.<\/p>\n<p style=\"text-align: justify;\">El camino es todo de subida, por una verdes laderas inclinadas, y s\u00f3lo cuando llegas a la cresta se complica un poco.<\/p>\n<p style=\"text-align: justify;\">La vuelta ha sido por el mismo sitio, y aunque hemos tenido mucha niebla, al haber pasado antes por all\u00ed , no hemos tenido especial problema para caminar por la cresta, pero en el tramo \u00abf\u00e1cil\u00bb por la ladera de la monta\u00f1a, hemos tenido que ir mirando continuamente el GPS para saber donde \u00edbamos.<\/p>\n<p style=\"text-align: justify;\">Y como se puede ver en las fotos, poco antes de llegar al coche y a pocos metros de \u00e9l, no se ve\u00eda absolutamente nada, aunque pocos minutos despu\u00e9s, mientras nos quit\u00e1bamos las botas y recog\u00edamos las cosas, ha aparecido un poco el sol, pero despu\u00e9s, hemos tenido que comernos de nuevo el bocata dentro del coche como otros d\u00edas, debido al fr\u00edo y llovizna.<\/p>\n<p style=\"text-align: justify;\">Si hubieramos continuado caminando despu\u00e9s de la borna 235, se podr\u00eda haber llegado al Pico de Ory, donde se supone que estaba la B-236 (actualmente desaparecida) , pero hay un paso algo complicado y resbaladizo (la brecha Zazpiga\u00f1a), por lo que ya hab\u00edamos decidido no llegar all\u00ed, porque entonces la caminata se hubiera alargado m\u00e1s de la cuenta, al tener que volver al coche por el mismo camino, y menos con las condiciones climatol\u00f3gicas de hoy.<\/p>\n<p style=\"text-align: justify;\">As\u00ed que la supuesta B-236 y el Pico de Ory, la haremos otro d\u00eda desde el puerto de Larrau.<\/p>\n<hr \/>\n<p>&nbsp;<\/p>\n<p><strong>Distancia total<\/strong> :\u00a0\u00a0\u00a0 4.165 <span class=\"totlen\"><span class=\"summaryvalue\"> m\u00a0\u00a0\u00a0\u00a0\u00a0\u00a0\u00a0\u00a0\u00a0\u00a0\u00a0\u00a0\u00a0\u00a0\u00a0\u00a0\u00a0\u00a0\u00a0\u00a0\u00a0\u00a0\u00a0\u00a0\u00a0\u00a0\u00a0\u00a0\u00a0\u00a0\u00a0\u00a0\u00a0\u00a0\u00a0\u00a0\u00a0\u00a0 <\/span><\/span><strong>Desnivel acumulado (s\/Wikiloc)<\/strong> :\u00a0\u00a0\u00a0 433 m.<\/p>\n<p>&nbsp;<\/p>\n<hr \/>\n<h3><strong>Album de fotos<\/strong><\/h3>\n<p><a href=\"https:\/\/photos.app.goo.gl\/PA2BiKsHgY7SWggh7\" target=\"_blank\" rel=\"noopener\"><img loading=\"lazy\" decoding=\"async\" class=\"aligncenter wp-image-16187 size-medium\" src=\"https:\/\/www.carlosyconchita.net\/rutas\/wp-content\/uploads\/2021\/08\/B-235-00042-300x169.jpg\" alt=\"\" width=\"300\" height=\"169\" srcset=\"https:\/\/www.carlosyconchita.net\/rutas\/wp-content\/uploads\/2021\/08\/B-235-00042-300x169.jpg 300w, https:\/\/www.carlosyconchita.net\/rutas\/wp-content\/uploads\/2021\/08\/B-235-00042-600x338.jpg 600w, https:\/\/www.carlosyconchita.net\/rutas\/wp-content\/uploads\/2021\/08\/B-235-00042-768x432.jpg 768w, https:\/\/www.carlosyconchita.net\/rutas\/wp-content\/uploads\/2021\/08\/B-235-00042.jpg 1024w\" sizes=\"auto, (max-width: 300px) 100vw, 300px\" \/><\/a><\/p>\n<p>&nbsp;<\/p>\n<hr \/>\n<h3><strong>Mapa y track de la ruta<\/strong><\/h3>\n<p style=\"text-align: center;\"><strong><span style=\"color: #ff0000;\">Pulsando sobre los waypoints del mapa, se puede ver una foto del sitio.<\/span><\/strong><\/p>\n<p><a href=\"https:\/\/www.carlosyconchita.net\/rutas\/wp-content\/uploads\/gpx\/Borna-235.html\" target=\"_blank\" rel=\"noopener\"><img loading=\"lazy\" decoding=\"async\" class=\"aligncenter size-full wp-image-14621\" src=\"https:\/\/www.carlosyconchita.net\/rutas\/wp-content\/uploads\/2020\/06\/mapa.jpg\" alt=\"\" width=\"181\" height=\"122\" \/><\/a><\/p>\n<p>&nbsp;<\/p>\n<hr \/>\n<p><strong>Wikiloc <\/strong><strong><br \/>\n<\/strong><\/p>\n<p><a href=\"https:\/\/es.wikiloc.com\/rutas-senderismo\/borna-o-mojon-fronterizo-235-82729471\" target=\"_blank\" rel=\"noopener\"><img loading=\"lazy\" decoding=\"async\" class=\"aligncenter size-full wp-image-958\" src=\"https:\/\/www.carlosyconchita.net\/rutas\/wp-content\/uploads\/2020\/09\/wikiloc.jpg\" alt=\"\" width=\"117\" height=\"34\" \/><\/a><\/p>\n<p>&nbsp;<\/p>\n<hr \/>\n<p style=\"text-align: justify;\"><span style=\"color: #ff0000; background-color: #ffffff; font-size: 14pt;\"><strong>Si te ha gustado, comp\u00e1rtelo en tu red favorita o env\u00edanos tu comentario.<br \/>\n<\/strong><\/span><\/p>\n<p style=\"text-align: justify;\"><span style=\"font-size: 14pt;\"><strong><span style=\"color: #ff0000;\">Muchas gracias !<\/span><\/strong><\/span><\/p>\n<hr \/>\n<p style=\"text-align: justify;\"><strong><span style=\"color: #008000;\">Suscribete si quieres recibir un mail cuando publiquemos nuevas rutas : no enviamos publicidad y como m\u00e1ximo enviamos 2 mails al mes<\/span><\/strong><\/p>\n<p style=\"text-align: center;\"><a href=\"https:\/\/mailchi.mp\/6989c83a3e24\/wmv06rtqcz\/\" target=\"_blank\" rel=\"noopener noreferrer\"><strong><span style=\"color: #0000ff;\">Pulsa aqu\u00ed para suscribirte<\/span><\/strong><\/a><\/p>\n<hr \/>\n<p style=\"text-align: justify;\">\u00a0<\/p>\n<h3 style=\"text-align: justify;\">Puedes imprimir esta publicaci\u00f3n o guardarla en diferentes formatos :<\/h3>\n<p style=\"text-align: justify;\"><span style=\"color: #ff0000; font-size: 14pt;\">Para facilitar la impresi\u00f3n, se ha reducido considerablemente el tama\u00f1o de las fotos, pero si deseas imprimir sin fotos, aconsejamos guardarlo como \u201cdoc\u201d, y antes de imprimirlo, eliminar las fotos<\/span><\/p>\n<p>&nbsp;<\/p>\n<hr \/>\n","protected":false},"excerpt":{"rendered":"<p>Hoy hemos hecho una bonita subida al pico de Zazpigain, en donde est\u00e1 la borna 235, muy bonita tambi\u00e9n, y situada en una cresta, con bonitas vistas al Pico de Orhy , con un magn\u00edfico d\u00eda, al menos por la ma\u00f1ana cuando hemos empezado a caminar, aunque como se puede ver en las fotos, a \u00faltima hora apareci\u00f3 la niebla<\/p>\n","protected":false},"author":50,"featured_media":16187,"comment_status":"closed","ping_status":"open","sticky":false,"template":"","format":"standard","meta":{"footnotes":""},"categories":[10,106,74,91],"tags":[],"class_list":{"0":"post-16180","1":"post","2":"type-post","3":"status-publish","4":"format-standard","5":"has-post-thumbnail","6":"hentry","7":"category-facil","8":"category-nuestros-100-cims","9":"category-0-mojones-bornas-frontera","10":"category-navarra","12":"post-with-thumbnail","13":"post-with-thumbnail-icon"},"yoast_head":"<!-- This site is optimized with the Yoast SEO plugin v27.5 - https:\/\/yoast.com\/product\/yoast-seo-wordpress\/ -->\n<title>02-08-2021-Borna 235 (Pico Zazpigain) -<\/title>\n<meta name=\"robots\" content=\"index, follow, max-snippet:-1, max-image-preview:large, max-video-preview:-1\" \/>\n<link rel=\"canonical\" href=\"https:\/\/www.carlosyconchita.net\/rutas\/02-08-2021-borna-235-pico-zazpigain\/\" \/>\n<meta property=\"og:locale\" content=\"es_ES\" \/>\n<meta property=\"og:type\" content=\"article\" \/>\n<meta property=\"og:title\" content=\"02-08-2021-Borna 235 (Pico Zazpigain) -\" \/>\n<meta property=\"og:description\" content=\"Hoy hemos hecho una bonita subida al pico de Zazpigain, en donde est\u00e1 la borna 235, muy bonita tambi\u00e9n, y situada en una cresta, con bonitas vistas al Pico de Orhy , con un magn\u00edfico d\u00eda, al menos por la ma\u00f1ana cuando hemos empezado a caminar, aunque como se puede ver en las fotos, a \u00faltima hora apareci\u00f3 la niebla\" \/>\n<meta property=\"og:url\" content=\"https:\/\/www.carlosyconchita.net\/rutas\/02-08-2021-borna-235-pico-zazpigain\/\" \/>\n<meta property=\"og:site_name\" content=\"Las rutas de Carlos y Conchita\" \/>\n<meta property=\"article:published_time\" content=\"2021-08-02T16:48:21+00:00\" \/>\n<meta property=\"article:modified_time\" content=\"2021-09-04T16:47:45+00:00\" \/>\n<meta property=\"og:image\" content=\"https:\/\/www.carlosyconchita.net\/rutas\/wp-content\/uploads\/2021\/08\/B-235-00042.jpg\" \/>\n\t<meta property=\"og:image:width\" content=\"1024\" \/>\n\t<meta property=\"og:image:height\" content=\"576\" \/>\n\t<meta property=\"og:image:type\" content=\"image\/jpeg\" \/>\n<meta name=\"author\" content=\"Carlos Conchita\" \/>\n<meta name=\"twitter:label1\" content=\"Escrito por\" \/>\n\t<meta name=\"twitter:data1\" content=\"Carlos Conchita\" \/>\n\t<meta name=\"twitter:label2\" content=\"Tiempo de lectura\" \/>\n\t<meta name=\"twitter:data2\" content=\"3 minutos\" \/>\n<script type=\"application\/ld+json\" class=\"yoast-schema-graph\">{\"@context\":\"https:\\\/\\\/schema.org\",\"@graph\":[{\"@type\":\"Article\",\"@id\":\"https:\\\/\\\/www.carlosyconchita.net\\\/rutas\\\/02-08-2021-borna-235-pico-zazpigain\\\/#article\",\"isPartOf\":{\"@id\":\"https:\\\/\\\/www.carlosyconchita.net\\\/rutas\\\/02-08-2021-borna-235-pico-zazpigain\\\/\"},\"author\":{\"name\":\"Carlos Conchita\",\"@id\":\"https:\\\/\\\/www.carlosyconchita.net\\\/rutas\\\/#\\\/schema\\\/person\\\/a9691f7258c28443fab2d3aa1479ea19\"},\"headline\":\"02-08-2021-Borna 235 (Pico Zazpigain)\",\"datePublished\":\"2021-08-02T16:48:21+00:00\",\"dateModified\":\"2021-09-04T16:47:45+00:00\",\"mainEntityOfPage\":{\"@id\":\"https:\\\/\\\/www.carlosyconchita.net\\\/rutas\\\/02-08-2021-borna-235-pico-zazpigain\\\/\"},\"wordCount\":519,\"image\":{\"@id\":\"https:\\\/\\\/www.carlosyconchita.net\\\/rutas\\\/02-08-2021-borna-235-pico-zazpigain\\\/#primaryimage\"},\"thumbnailUrl\":\"https:\\\/\\\/www.carlosyconchita.net\\\/rutas\\\/wp-content\\\/uploads\\\/2021\\\/08\\\/B-235-00042.jpg\",\"articleSection\":[\"1-F\u00e1cil\",\"100 Cims Carlos y Conchita\",\"Mojones \\\/ Bornas frontera ES-FR\",\"Navarra\"],\"inLanguage\":\"es\"},{\"@type\":\"WebPage\",\"@id\":\"https:\\\/\\\/www.carlosyconchita.net\\\/rutas\\\/02-08-2021-borna-235-pico-zazpigain\\\/\",\"url\":\"https:\\\/\\\/www.carlosyconchita.net\\\/rutas\\\/02-08-2021-borna-235-pico-zazpigain\\\/\",\"name\":\"02-08-2021-Borna 235 (Pico Zazpigain) -\",\"isPartOf\":{\"@id\":\"https:\\\/\\\/www.carlosyconchita.net\\\/rutas\\\/#website\"},\"primaryImageOfPage\":{\"@id\":\"https:\\\/\\\/www.carlosyconchita.net\\\/rutas\\\/02-08-2021-borna-235-pico-zazpigain\\\/#primaryimage\"},\"image\":{\"@id\":\"https:\\\/\\\/www.carlosyconchita.net\\\/rutas\\\/02-08-2021-borna-235-pico-zazpigain\\\/#primaryimage\"},\"thumbnailUrl\":\"https:\\\/\\\/www.carlosyconchita.net\\\/rutas\\\/wp-content\\\/uploads\\\/2021\\\/08\\\/B-235-00042.jpg\",\"datePublished\":\"2021-08-02T16:48:21+00:00\",\"dateModified\":\"2021-09-04T16:47:45+00:00\",\"author\":{\"@id\":\"https:\\\/\\\/www.carlosyconchita.net\\\/rutas\\\/#\\\/schema\\\/person\\\/a9691f7258c28443fab2d3aa1479ea19\"},\"breadcrumb\":{\"@id\":\"https:\\\/\\\/www.carlosyconchita.net\\\/rutas\\\/02-08-2021-borna-235-pico-zazpigain\\\/#breadcrumb\"},\"inLanguage\":\"es\",\"potentialAction\":[{\"@type\":\"ReadAction\",\"target\":[\"https:\\\/\\\/www.carlosyconchita.net\\\/rutas\\\/02-08-2021-borna-235-pico-zazpigain\\\/\"]}]},{\"@type\":\"ImageObject\",\"inLanguage\":\"es\",\"@id\":\"https:\\\/\\\/www.carlosyconchita.net\\\/rutas\\\/02-08-2021-borna-235-pico-zazpigain\\\/#primaryimage\",\"url\":\"https:\\\/\\\/www.carlosyconchita.net\\\/rutas\\\/wp-content\\\/uploads\\\/2021\\\/08\\\/B-235-00042.jpg\",\"contentUrl\":\"https:\\\/\\\/www.carlosyconchita.net\\\/rutas\\\/wp-content\\\/uploads\\\/2021\\\/08\\\/B-235-00042.jpg\",\"width\":1024,\"height\":576},{\"@type\":\"BreadcrumbList\",\"@id\":\"https:\\\/\\\/www.carlosyconchita.net\\\/rutas\\\/02-08-2021-borna-235-pico-zazpigain\\\/#breadcrumb\",\"itemListElement\":[{\"@type\":\"ListItem\",\"position\":1,\"name\":\"Portada\",\"item\":\"https:\\\/\\\/www.carlosyconchita.net\\\/rutas\\\/\"},{\"@type\":\"ListItem\",\"position\":2,\"name\":\"02-08-2021-Borna 235 (Pico Zazpigain)\"}]},{\"@type\":\"WebSite\",\"@id\":\"https:\\\/\\\/www.carlosyconchita.net\\\/rutas\\\/#website\",\"url\":\"https:\\\/\\\/www.carlosyconchita.net\\\/rutas\\\/\",\"name\":\"Las rutas de Carlos y Conchita\",\"description\":\"\",\"potentialAction\":[{\"@type\":\"SearchAction\",\"target\":{\"@type\":\"EntryPoint\",\"urlTemplate\":\"https:\\\/\\\/www.carlosyconchita.net\\\/rutas\\\/?s={search_term_string}\"},\"query-input\":{\"@type\":\"PropertyValueSpecification\",\"valueRequired\":true,\"valueName\":\"search_term_string\"}}],\"inLanguage\":\"es\"},{\"@type\":\"Person\",\"@id\":\"https:\\\/\\\/www.carlosyconchita.net\\\/rutas\\\/#\\\/schema\\\/person\\\/a9691f7258c28443fab2d3aa1479ea19\",\"name\":\"Carlos Conchita\",\"image\":{\"@type\":\"ImageObject\",\"inLanguage\":\"es\",\"@id\":\"https:\\\/\\\/secure.gravatar.com\\\/avatar\\\/3a4625b20c8da3de99da69bfe7a322774e291c3f90dce7e8778a30fe6748ed1a?s=96&d=mm&r=g\",\"url\":\"https:\\\/\\\/secure.gravatar.com\\\/avatar\\\/3a4625b20c8da3de99da69bfe7a322774e291c3f90dce7e8778a30fe6748ed1a?s=96&d=mm&r=g\",\"contentUrl\":\"https:\\\/\\\/secure.gravatar.com\\\/avatar\\\/3a4625b20c8da3de99da69bfe7a322774e291c3f90dce7e8778a30fe6748ed1a?s=96&d=mm&r=g\",\"caption\":\"Carlos Conchita\"}}]}<\/script>\n<!-- \/ Yoast SEO plugin. -->","yoast_head_json":{"title":"02-08-2021-Borna 235 (Pico Zazpigain) -","robots":{"index":"index","follow":"follow","max-snippet":"max-snippet:-1","max-image-preview":"max-image-preview:large","max-video-preview":"max-video-preview:-1"},"canonical":"https:\/\/www.carlosyconchita.net\/rutas\/02-08-2021-borna-235-pico-zazpigain\/","og_locale":"es_ES","og_type":"article","og_title":"02-08-2021-Borna 235 (Pico Zazpigain) -","og_description":"Hoy hemos hecho una bonita subida al pico de Zazpigain, en donde est\u00e1 la borna 235, muy bonita tambi\u00e9n, y situada en una cresta, con bonitas vistas al Pico de Orhy , con un magn\u00edfico d\u00eda, al menos por la ma\u00f1ana cuando hemos empezado a caminar, aunque como se puede ver en las fotos, a \u00faltima hora apareci\u00f3 la niebla","og_url":"https:\/\/www.carlosyconchita.net\/rutas\/02-08-2021-borna-235-pico-zazpigain\/","og_site_name":"Las rutas de Carlos y Conchita","article_published_time":"2021-08-02T16:48:21+00:00","article_modified_time":"2021-09-04T16:47:45+00:00","og_image":[{"width":1024,"height":576,"url":"https:\/\/www.carlosyconchita.net\/rutas\/wp-content\/uploads\/2021\/08\/B-235-00042.jpg","type":"image\/jpeg"}],"author":"Carlos Conchita","twitter_misc":{"Escrito por":"Carlos Conchita","Tiempo de lectura":"3 minutos"},"schema":{"@context":"https:\/\/schema.org","@graph":[{"@type":"Article","@id":"https:\/\/www.carlosyconchita.net\/rutas\/02-08-2021-borna-235-pico-zazpigain\/#article","isPartOf":{"@id":"https:\/\/www.carlosyconchita.net\/rutas\/02-08-2021-borna-235-pico-zazpigain\/"},"author":{"name":"Carlos Conchita","@id":"https:\/\/www.carlosyconchita.net\/rutas\/#\/schema\/person\/a9691f7258c28443fab2d3aa1479ea19"},"headline":"02-08-2021-Borna 235 (Pico Zazpigain)","datePublished":"2021-08-02T16:48:21+00:00","dateModified":"2021-09-04T16:47:45+00:00","mainEntityOfPage":{"@id":"https:\/\/www.carlosyconchita.net\/rutas\/02-08-2021-borna-235-pico-zazpigain\/"},"wordCount":519,"image":{"@id":"https:\/\/www.carlosyconchita.net\/rutas\/02-08-2021-borna-235-pico-zazpigain\/#primaryimage"},"thumbnailUrl":"https:\/\/www.carlosyconchita.net\/rutas\/wp-content\/uploads\/2021\/08\/B-235-00042.jpg","articleSection":["1-F\u00e1cil","100 Cims Carlos y Conchita","Mojones \/ Bornas frontera ES-FR","Navarra"],"inLanguage":"es"},{"@type":"WebPage","@id":"https:\/\/www.carlosyconchita.net\/rutas\/02-08-2021-borna-235-pico-zazpigain\/","url":"https:\/\/www.carlosyconchita.net\/rutas\/02-08-2021-borna-235-pico-zazpigain\/","name":"02-08-2021-Borna 235 (Pico Zazpigain) -","isPartOf":{"@id":"https:\/\/www.carlosyconchita.net\/rutas\/#website"},"primaryImageOfPage":{"@id":"https:\/\/www.carlosyconchita.net\/rutas\/02-08-2021-borna-235-pico-zazpigain\/#primaryimage"},"image":{"@id":"https:\/\/www.carlosyconchita.net\/rutas\/02-08-2021-borna-235-pico-zazpigain\/#primaryimage"},"thumbnailUrl":"https:\/\/www.carlosyconchita.net\/rutas\/wp-content\/uploads\/2021\/08\/B-235-00042.jpg","datePublished":"2021-08-02T16:48:21+00:00","dateModified":"2021-09-04T16:47:45+00:00","author":{"@id":"https:\/\/www.carlosyconchita.net\/rutas\/#\/schema\/person\/a9691f7258c28443fab2d3aa1479ea19"},"breadcrumb":{"@id":"https:\/\/www.carlosyconchita.net\/rutas\/02-08-2021-borna-235-pico-zazpigain\/#breadcrumb"},"inLanguage":"es","potentialAction":[{"@type":"ReadAction","target":["https:\/\/www.carlosyconchita.net\/rutas\/02-08-2021-borna-235-pico-zazpigain\/"]}]},{"@type":"ImageObject","inLanguage":"es","@id":"https:\/\/www.carlosyconchita.net\/rutas\/02-08-2021-borna-235-pico-zazpigain\/#primaryimage","url":"https:\/\/www.carlosyconchita.net\/rutas\/wp-content\/uploads\/2021\/08\/B-235-00042.jpg","contentUrl":"https:\/\/www.carlosyconchita.net\/rutas\/wp-content\/uploads\/2021\/08\/B-235-00042.jpg","width":1024,"height":576},{"@type":"BreadcrumbList","@id":"https:\/\/www.carlosyconchita.net\/rutas\/02-08-2021-borna-235-pico-zazpigain\/#breadcrumb","itemListElement":[{"@type":"ListItem","position":1,"name":"Portada","item":"https:\/\/www.carlosyconchita.net\/rutas\/"},{"@type":"ListItem","position":2,"name":"02-08-2021-Borna 235 (Pico Zazpigain)"}]},{"@type":"WebSite","@id":"https:\/\/www.carlosyconchita.net\/rutas\/#website","url":"https:\/\/www.carlosyconchita.net\/rutas\/","name":"Las rutas de Carlos y Conchita","description":"","potentialAction":[{"@type":"SearchAction","target":{"@type":"EntryPoint","urlTemplate":"https:\/\/www.carlosyconchita.net\/rutas\/?s={search_term_string}"},"query-input":{"@type":"PropertyValueSpecification","valueRequired":true,"valueName":"search_term_string"}}],"inLanguage":"es"},{"@type":"Person","@id":"https:\/\/www.carlosyconchita.net\/rutas\/#\/schema\/person\/a9691f7258c28443fab2d3aa1479ea19","name":"Carlos Conchita","image":{"@type":"ImageObject","inLanguage":"es","@id":"https:\/\/secure.gravatar.com\/avatar\/3a4625b20c8da3de99da69bfe7a322774e291c3f90dce7e8778a30fe6748ed1a?s=96&d=mm&r=g","url":"https:\/\/secure.gravatar.com\/avatar\/3a4625b20c8da3de99da69bfe7a322774e291c3f90dce7e8778a30fe6748ed1a?s=96&d=mm&r=g","contentUrl":"https:\/\/secure.gravatar.com\/avatar\/3a4625b20c8da3de99da69bfe7a322774e291c3f90dce7e8778a30fe6748ed1a?s=96&d=mm&r=g","caption":"Carlos Conchita"}}]}},"_links":{"self":[{"href":"https:\/\/www.carlosyconchita.net\/rutas\/wp-json\/wp\/v2\/posts\/16180","targetHints":{"allow":["GET"]}}],"collection":[{"href":"https:\/\/www.carlosyconchita.net\/rutas\/wp-json\/wp\/v2\/posts"}],"about":[{"href":"https:\/\/www.carlosyconchita.net\/rutas\/wp-json\/wp\/v2\/types\/post"}],"author":[{"embeddable":true,"href":"https:\/\/www.carlosyconchita.net\/rutas\/wp-json\/wp\/v2\/users\/50"}],"replies":[{"embeddable":true,"href":"https:\/\/www.carlosyconchita.net\/rutas\/wp-json\/wp\/v2\/comments?post=16180"}],"version-history":[{"count":0,"href":"https:\/\/www.carlosyconchita.net\/rutas\/wp-json\/wp\/v2\/posts\/16180\/revisions"}],"wp:featuredmedia":[{"embeddable":true,"href":"https:\/\/www.carlosyconchita.net\/rutas\/wp-json\/wp\/v2\/media\/16187"}],"wp:attachment":[{"href":"https:\/\/www.carlosyconchita.net\/rutas\/wp-json\/wp\/v2\/media?parent=16180"}],"wp:term":[{"taxonomy":"category","embeddable":true,"href":"https:\/\/www.carlosyconchita.net\/rutas\/wp-json\/wp\/v2\/categories?post=16180"},{"taxonomy":"post_tag","embeddable":true,"href":"https:\/\/www.carlosyconchita.net\/rutas\/wp-json\/wp\/v2\/tags?post=16180"}],"curies":[{"name":"wp","href":"https:\/\/api.w.org\/{rel}","templated":true}]}}