{"id":16435,"date":"2021-08-12T17:12:36","date_gmt":"2021-08-12T16:12:36","guid":{"rendered":"https:\/\/www.carlosyconchita.net\/rutas\/?p=16435"},"modified":"2021-09-13T17:46:07","modified_gmt":"2021-09-13T16:46:07","slug":"12-08-2021-lagos-boullosas-pradella-y-negre","status":"publish","type":"post","link":"https:\/\/www.carlosyconchita.net\/rutas\/12-08-2021-lagos-boullosas-pradella-y-negre\/","title":{"rendered":"12-08-2021-Boullosas-Pla de Barres (lagos Boullosas, Pradella y Negre)"},"content":{"rendered":"<p style=\"text-align: justify;\">Varias veces hab\u00edamos subido a la Boullosas con raquetas, para ver estos 3 bonitos lagos, cuando la carretera est\u00e1 cortada por la nieve, y con el coche s\u00f3lo se puede llegar al Pla dels Avellans, y tienes que subir por la carretera nevada los 3-4 kms hasta llegar al lago de las Boullosas.<\/p>\n<p style=\"text-align: justify;\">Las \u00faltimas veces que lo hab\u00edamos hecho\u00a0 fueron los d\u00edas :<\/p>\n<p class=\"entry-title\" style=\"text-align: justify;\"><span style=\"color: #0000ff;\">06-01-2018-Pla dels Avellans-Boullossas-Pradella (raquetas)<\/span><\/p>\n<p class=\"entry-title\" style=\"text-align: justify;\"><a title=\"Enlace permanente a 24-02-2018-Pla dels Avellans-Boullossas-Pradella (raquetas)\" href=\"https:\/\/www.carlosyconchita.net\/rutas\/24-02-2018-pla-dels-avellans-boullossas-pradella-raquetas\/\" target=\"_blank\" rel=\"bookmark noopener\"><span style=\"color: #0000ff;\">24-02-2018-Pla dels Avellans-Boullossas-Pradella (raquetas)<\/span><\/a><\/p>\n<p style=\"text-align: justify;\">Esta vez \u00edbamos decididos a hacer la misma ruta pero sin raquetas , claro, pero no nos acordamos de que en verano la carretera est\u00e1 cortada al tr\u00e1fico \u00abnormal\u00bb\u00a0 y s\u00f3lo se puede subir a las Boullosas con las \u00abnavetes\u00bb, asi que no nos qued\u00f3 m\u00e1s remedio que dejar el coche en el gran aparcamiento que hay preparado en el Pla de Barres , pagar el billete y subir con la \u00abnavete\u00bb.<\/p>\n<p style=\"text-align: justify;\">Haci\u00e9ndolo as\u00ed, nos evitamos la subida por la carretera, y a cambio ten\u00edamos que bajar m\u00e1s kil\u00f3metros, ya que el coche no lo dejamos en el Pla dels Avellans, sino en el Pla de Barres.<\/p>\n<p style=\"text-align: justify;\">En teor\u00eda sal\u00edamos ganando, porque el recorrido ser\u00eda todo de bajada, pero el problema fu\u00e9 que a partir del Pla dels Avellans hasta el coche, especialmente el recorrido al lado del r\u00edo, es por una zona muy despejada y no dentro del bosque, y adem\u00e1s al mediod\u00eda ya hac\u00eda mucho calor, pero a pesar de ello, la excursi\u00f3n ha sido muy bonita por los paisajes, a pesar de que esta vez no hemos podido cruzar por el medio de los lagos helados como en invierno.<\/p>\n<hr \/>\n<p>&nbsp;<\/p>\n<p><strong>Distancia total<\/strong> :\u00a0\u00a0 13.580\u00a0<span class=\"totlen\"><span class=\"summaryvalue\"> m\u00a0\u00a0\u00a0\u00a0\u00a0\u00a0\u00a0\u00a0\u00a0\u00a0\u00a0\u00a0\u00a0\u00a0\u00a0\u00a0\u00a0\u00a0\u00a0\u00a0\u00a0\u00a0\u00a0\u00a0 <\/span><\/span><strong>Desnivel acumulado (s\/Wikiloc)<\/strong>\u00a0 :\u00a0\u00a0 + 67 m. \/ -421 m.<\/p>\n<p>&nbsp;<\/p>\n<hr \/>\n<h4>Album de fotos<\/h4>\n<p><a href=\"https:\/\/photos.app.goo.gl\/VgYoEu3WshCaQkQB7\" target=\"_blank\" rel=\"noopener\"><img loading=\"lazy\" decoding=\"async\" class=\"aligncenter wp-image-16440 size-medium\" src=\"https:\/\/www.carlosyconchita.net\/rutas\/wp-content\/uploads\/2021\/08\/Boullosas-00005-300x169.jpg\" alt=\"\" width=\"300\" height=\"169\" srcset=\"https:\/\/www.carlosyconchita.net\/rutas\/wp-content\/uploads\/2021\/08\/Boullosas-00005-300x169.jpg 300w, https:\/\/www.carlosyconchita.net\/rutas\/wp-content\/uploads\/2021\/08\/Boullosas-00005-600x338.jpg 600w, https:\/\/www.carlosyconchita.net\/rutas\/wp-content\/uploads\/2021\/08\/Boullosas-00005-768x432.jpg 768w, https:\/\/www.carlosyconchita.net\/rutas\/wp-content\/uploads\/2021\/08\/Boullosas-00005.jpg 1024w\" sizes=\"auto, (max-width: 300px) 100vw, 300px\" \/><\/a><\/p>\n<p>&nbsp;<\/p>\n<hr \/>\n<h4><strong>Mapa y track de la ruta<\/strong><\/h4>\n<p style=\"text-align: center;\"><strong><span style=\"color: #ff0000;\">Pulsando sobre los waypoints del mapa, se puede ver una foto del sitio.<\/span><\/strong><\/p>\n<p><a href=\"https:\/\/www.carlosyconchita.net\/rutas\/wp-content\/uploads\/gpx\/Boullosas-PladeBarres.html\" target=\"_blank\" rel=\"noopener\"><img loading=\"lazy\" decoding=\"async\" class=\"aligncenter size-full wp-image-14621\" src=\"https:\/\/www.carlosyconchita.net\/rutas\/wp-content\/uploads\/2020\/06\/mapa.jpg\" alt=\"\" width=\"181\" height=\"122\" \/><\/a><\/p>\n<p>&nbsp;<\/p>\n<hr \/>\n<p><strong>Wikiloc <\/strong><strong><br \/>\n<\/strong><\/p>\n<p><a href=\"https:\/\/es.wikiloc.com\/rutas-senderismo\/boullosas-pla-de-barres-lagos-boullosas-pradella-y-negre-83589462\" target=\"_blank\" rel=\"noopener\"><img loading=\"lazy\" decoding=\"async\" class=\"aligncenter size-full wp-image-958\" src=\"https:\/\/www.carlosyconchita.net\/rutas\/wp-content\/uploads\/2020\/09\/wikiloc.jpg\" alt=\"\" width=\"117\" height=\"34\" \/><\/a><\/p>\n<p>&nbsp;<\/p>\n<hr \/>\n<p style=\"text-align: justify;\"><span style=\"color: #ff0000; background-color: #ffffff; font-size: 14pt;\"><strong>Si te ha gustado, comp\u00e1rtelo en tu red favorita o env\u00edanos tu comentario.<br \/>\n<\/strong><\/span><\/p>\n<p style=\"text-align: justify;\"><span style=\"font-size: 14pt;\"><strong><span style=\"color: #ff0000;\">Muchas gracias !<\/span><\/strong><\/span><\/p>\n<hr \/>\n<p style=\"text-align: justify;\"><strong><span style=\"color: #008000;\">Suscribete si quieres recibir un mail cuando publiquemos nuevas rutas : no enviamos publicidad y como m\u00e1ximo enviamos 2 mails al mes<\/span><\/strong><\/p>\n<p style=\"text-align: center;\"><a href=\"https:\/\/mailchi.mp\/6989c83a3e24\/wmv06rtqcz\/\" target=\"_blank\" rel=\"noopener noreferrer\"><strong><span style=\"color: #0000ff;\">Pulsa aqu\u00ed para suscribirte<\/span><\/strong><\/a><\/p>\n<hr \/>\n<p style=\"text-align: justify;\">\u00a0<\/p>\n<h3 style=\"text-align: justify;\">Puedes imprimir esta publicaci\u00f3n o guardarla en diferentes formatos :<\/h3>\n<p style=\"text-align: justify;\"><span style=\"color: #ff0000; font-size: 14pt;\">Para facilitar la impresi\u00f3n, se ha reducido considerablemente el tama\u00f1o de las fotos, pero si deseas imprimir sin fotos, aconsejamos guardarlo como \u201cdoc\u201d, y antes de imprimirlo, eliminar las fotos<\/span><\/p>\n<p>&nbsp;<\/p>\n<hr \/>\n","protected":false},"excerpt":{"rendered":"<p>Varias veces hab\u00edamos subido a la Boullosas con raquetas, para ver estos 3 bonitos lagos, cuando la carretera est\u00e1 cortada por la nieve, y con el coche s\u00f3lo se puede llegar al Pla dels Avellans, y tienes que subir por la carretera nevada los 3-4 kms hasta llegar al lago de las Boullosas. Las \u00faltimas [&hellip;]<\/p>\n","protected":false},"author":50,"featured_media":16440,"comment_status":"closed","ping_status":"open","sticky":false,"template":"","format":"standard","meta":{"footnotes":""},"categories":[11,23,31],"tags":[],"class_list":{"0":"post-16435","1":"post","2":"type-post","3":"status-publish","4":"format-standard","5":"has-post-thumbnail","6":"hentry","7":"category-moderada","8":"category-de-10-a-15-km","9":"category-boullosas","11":"post-with-thumbnail","12":"post-with-thumbnail-icon"},"yoast_head":"<!-- This site is optimized with the Yoast SEO plugin v27.4 - https:\/\/yoast.com\/product\/yoast-seo-wordpress\/ -->\n<title>12-08-2021-Boullosas-Pla de Barres (lagos Boullosas, Pradella y Negre) -<\/title>\n<meta name=\"robots\" content=\"index, follow, max-snippet:-1, max-image-preview:large, max-video-preview:-1\" \/>\n<link rel=\"canonical\" href=\"https:\/\/www.carlosyconchita.net\/rutas\/12-08-2021-lagos-boullosas-pradella-y-negre\/\" \/>\n<meta property=\"og:locale\" content=\"es_ES\" \/>\n<meta property=\"og:type\" content=\"article\" \/>\n<meta property=\"og:title\" content=\"12-08-2021-Boullosas-Pla de Barres (lagos Boullosas, Pradella y Negre) -\" \/>\n<meta property=\"og:description\" content=\"Varias veces hab\u00edamos subido a la Boullosas con raquetas, para ver estos 3 bonitos lagos, cuando la carretera est\u00e1 cortada por la nieve, y con el coche s\u00f3lo se puede llegar al Pla dels Avellans, y tienes que subir por la carretera nevada los 3-4 kms hasta llegar al lago de las Boullosas. Las \u00faltimas [&hellip;]\" \/>\n<meta property=\"og:url\" content=\"https:\/\/www.carlosyconchita.net\/rutas\/12-08-2021-lagos-boullosas-pradella-y-negre\/\" \/>\n<meta property=\"og:site_name\" content=\"Las rutas de Carlos y Conchita\" \/>\n<meta property=\"article:published_time\" content=\"2021-08-12T16:12:36+00:00\" \/>\n<meta property=\"article:modified_time\" content=\"2021-09-13T16:46:07+00:00\" \/>\n<meta property=\"og:image\" content=\"https:\/\/www.carlosyconchita.net\/rutas\/wp-content\/uploads\/2021\/08\/Boullosas-00005.jpg\" \/>\n\t<meta property=\"og:image:width\" content=\"1024\" \/>\n\t<meta property=\"og:image:height\" content=\"576\" \/>\n\t<meta property=\"og:image:type\" content=\"image\/jpeg\" \/>\n<meta name=\"author\" content=\"Carlos Conchita\" \/>\n<meta name=\"twitter:label1\" content=\"Escrito por\" \/>\n\t<meta name=\"twitter:data1\" content=\"Carlos Conchita\" \/>\n\t<meta name=\"twitter:label2\" content=\"Tiempo de lectura\" \/>\n\t<meta name=\"twitter:data2\" content=\"3 minutos\" \/>\n<script type=\"application\/ld+json\" class=\"yoast-schema-graph\">{\"@context\":\"https:\\\/\\\/schema.org\",\"@graph\":[{\"@type\":\"Article\",\"@id\":\"https:\\\/\\\/www.carlosyconchita.net\\\/rutas\\\/12-08-2021-lagos-boullosas-pradella-y-negre\\\/#article\",\"isPartOf\":{\"@id\":\"https:\\\/\\\/www.carlosyconchita.net\\\/rutas\\\/12-08-2021-lagos-boullosas-pradella-y-negre\\\/\"},\"author\":{\"name\":\"Carlos Conchita\",\"@id\":\"https:\\\/\\\/www.carlosyconchita.net\\\/rutas\\\/#\\\/schema\\\/person\\\/a9691f7258c28443fab2d3aa1479ea19\"},\"headline\":\"12-08-2021-Boullosas-Pla de Barres (lagos Boullosas, Pradella y Negre)\",\"datePublished\":\"2021-08-12T16:12:36+00:00\",\"dateModified\":\"2021-09-13T16:46:07+00:00\",\"mainEntityOfPage\":{\"@id\":\"https:\\\/\\\/www.carlosyconchita.net\\\/rutas\\\/12-08-2021-lagos-boullosas-pradella-y-negre\\\/\"},\"wordCount\":416,\"image\":{\"@id\":\"https:\\\/\\\/www.carlosyconchita.net\\\/rutas\\\/12-08-2021-lagos-boullosas-pradella-y-negre\\\/#primaryimage\"},\"thumbnailUrl\":\"https:\\\/\\\/www.carlosyconchita.net\\\/rutas\\\/wp-content\\\/uploads\\\/2021\\\/08\\\/Boullosas-00005.jpg\",\"articleSection\":[\"2-Moderada\",\"3 - De 10 a 15 km.\",\"Boullosas\"],\"inLanguage\":\"es\"},{\"@type\":\"WebPage\",\"@id\":\"https:\\\/\\\/www.carlosyconchita.net\\\/rutas\\\/12-08-2021-lagos-boullosas-pradella-y-negre\\\/\",\"url\":\"https:\\\/\\\/www.carlosyconchita.net\\\/rutas\\\/12-08-2021-lagos-boullosas-pradella-y-negre\\\/\",\"name\":\"12-08-2021-Boullosas-Pla de Barres (lagos Boullosas, Pradella y Negre) -\",\"isPartOf\":{\"@id\":\"https:\\\/\\\/www.carlosyconchita.net\\\/rutas\\\/#website\"},\"primaryImageOfPage\":{\"@id\":\"https:\\\/\\\/www.carlosyconchita.net\\\/rutas\\\/12-08-2021-lagos-boullosas-pradella-y-negre\\\/#primaryimage\"},\"image\":{\"@id\":\"https:\\\/\\\/www.carlosyconchita.net\\\/rutas\\\/12-08-2021-lagos-boullosas-pradella-y-negre\\\/#primaryimage\"},\"thumbnailUrl\":\"https:\\\/\\\/www.carlosyconchita.net\\\/rutas\\\/wp-content\\\/uploads\\\/2021\\\/08\\\/Boullosas-00005.jpg\",\"datePublished\":\"2021-08-12T16:12:36+00:00\",\"dateModified\":\"2021-09-13T16:46:07+00:00\",\"author\":{\"@id\":\"https:\\\/\\\/www.carlosyconchita.net\\\/rutas\\\/#\\\/schema\\\/person\\\/a9691f7258c28443fab2d3aa1479ea19\"},\"breadcrumb\":{\"@id\":\"https:\\\/\\\/www.carlosyconchita.net\\\/rutas\\\/12-08-2021-lagos-boullosas-pradella-y-negre\\\/#breadcrumb\"},\"inLanguage\":\"es\",\"potentialAction\":[{\"@type\":\"ReadAction\",\"target\":[\"https:\\\/\\\/www.carlosyconchita.net\\\/rutas\\\/12-08-2021-lagos-boullosas-pradella-y-negre\\\/\"]}]},{\"@type\":\"ImageObject\",\"inLanguage\":\"es\",\"@id\":\"https:\\\/\\\/www.carlosyconchita.net\\\/rutas\\\/12-08-2021-lagos-boullosas-pradella-y-negre\\\/#primaryimage\",\"url\":\"https:\\\/\\\/www.carlosyconchita.net\\\/rutas\\\/wp-content\\\/uploads\\\/2021\\\/08\\\/Boullosas-00005.jpg\",\"contentUrl\":\"https:\\\/\\\/www.carlosyconchita.net\\\/rutas\\\/wp-content\\\/uploads\\\/2021\\\/08\\\/Boullosas-00005.jpg\",\"width\":1024,\"height\":576},{\"@type\":\"BreadcrumbList\",\"@id\":\"https:\\\/\\\/www.carlosyconchita.net\\\/rutas\\\/12-08-2021-lagos-boullosas-pradella-y-negre\\\/#breadcrumb\",\"itemListElement\":[{\"@type\":\"ListItem\",\"position\":1,\"name\":\"Portada\",\"item\":\"https:\\\/\\\/www.carlosyconchita.net\\\/rutas\\\/\"},{\"@type\":\"ListItem\",\"position\":2,\"name\":\"12-08-2021-Boullosas-Pla de Barres (lagos Boullosas, Pradella y Negre)\"}]},{\"@type\":\"WebSite\",\"@id\":\"https:\\\/\\\/www.carlosyconchita.net\\\/rutas\\\/#website\",\"url\":\"https:\\\/\\\/www.carlosyconchita.net\\\/rutas\\\/\",\"name\":\"Las rutas de Carlos y Conchita\",\"description\":\"\",\"potentialAction\":[{\"@type\":\"SearchAction\",\"target\":{\"@type\":\"EntryPoint\",\"urlTemplate\":\"https:\\\/\\\/www.carlosyconchita.net\\\/rutas\\\/?s={search_term_string}\"},\"query-input\":{\"@type\":\"PropertyValueSpecification\",\"valueRequired\":true,\"valueName\":\"search_term_string\"}}],\"inLanguage\":\"es\"},{\"@type\":\"Person\",\"@id\":\"https:\\\/\\\/www.carlosyconchita.net\\\/rutas\\\/#\\\/schema\\\/person\\\/a9691f7258c28443fab2d3aa1479ea19\",\"name\":\"Carlos Conchita\",\"image\":{\"@type\":\"ImageObject\",\"inLanguage\":\"es\",\"@id\":\"https:\\\/\\\/secure.gravatar.com\\\/avatar\\\/3a4625b20c8da3de99da69bfe7a322774e291c3f90dce7e8778a30fe6748ed1a?s=96&d=mm&r=g\",\"url\":\"https:\\\/\\\/secure.gravatar.com\\\/avatar\\\/3a4625b20c8da3de99da69bfe7a322774e291c3f90dce7e8778a30fe6748ed1a?s=96&d=mm&r=g\",\"contentUrl\":\"https:\\\/\\\/secure.gravatar.com\\\/avatar\\\/3a4625b20c8da3de99da69bfe7a322774e291c3f90dce7e8778a30fe6748ed1a?s=96&d=mm&r=g\",\"caption\":\"Carlos Conchita\"}}]}<\/script>\n<!-- \/ Yoast SEO plugin. -->","yoast_head_json":{"title":"12-08-2021-Boullosas-Pla de Barres (lagos Boullosas, Pradella y Negre) -","robots":{"index":"index","follow":"follow","max-snippet":"max-snippet:-1","max-image-preview":"max-image-preview:large","max-video-preview":"max-video-preview:-1"},"canonical":"https:\/\/www.carlosyconchita.net\/rutas\/12-08-2021-lagos-boullosas-pradella-y-negre\/","og_locale":"es_ES","og_type":"article","og_title":"12-08-2021-Boullosas-Pla de Barres (lagos Boullosas, Pradella y Negre) -","og_description":"Varias veces hab\u00edamos subido a la Boullosas con raquetas, para ver estos 3 bonitos lagos, cuando la carretera est\u00e1 cortada por la nieve, y con el coche s\u00f3lo se puede llegar al Pla dels Avellans, y tienes que subir por la carretera nevada los 3-4 kms hasta llegar al lago de las Boullosas. Las \u00faltimas [&hellip;]","og_url":"https:\/\/www.carlosyconchita.net\/rutas\/12-08-2021-lagos-boullosas-pradella-y-negre\/","og_site_name":"Las rutas de Carlos y Conchita","article_published_time":"2021-08-12T16:12:36+00:00","article_modified_time":"2021-09-13T16:46:07+00:00","og_image":[{"width":1024,"height":576,"url":"https:\/\/www.carlosyconchita.net\/rutas\/wp-content\/uploads\/2021\/08\/Boullosas-00005.jpg","type":"image\/jpeg"}],"author":"Carlos Conchita","twitter_misc":{"Escrito por":"Carlos Conchita","Tiempo de lectura":"3 minutos"},"schema":{"@context":"https:\/\/schema.org","@graph":[{"@type":"Article","@id":"https:\/\/www.carlosyconchita.net\/rutas\/12-08-2021-lagos-boullosas-pradella-y-negre\/#article","isPartOf":{"@id":"https:\/\/www.carlosyconchita.net\/rutas\/12-08-2021-lagos-boullosas-pradella-y-negre\/"},"author":{"name":"Carlos Conchita","@id":"https:\/\/www.carlosyconchita.net\/rutas\/#\/schema\/person\/a9691f7258c28443fab2d3aa1479ea19"},"headline":"12-08-2021-Boullosas-Pla de Barres (lagos Boullosas, Pradella y Negre)","datePublished":"2021-08-12T16:12:36+00:00","dateModified":"2021-09-13T16:46:07+00:00","mainEntityOfPage":{"@id":"https:\/\/www.carlosyconchita.net\/rutas\/12-08-2021-lagos-boullosas-pradella-y-negre\/"},"wordCount":416,"image":{"@id":"https:\/\/www.carlosyconchita.net\/rutas\/12-08-2021-lagos-boullosas-pradella-y-negre\/#primaryimage"},"thumbnailUrl":"https:\/\/www.carlosyconchita.net\/rutas\/wp-content\/uploads\/2021\/08\/Boullosas-00005.jpg","articleSection":["2-Moderada","3 - De 10 a 15 km.","Boullosas"],"inLanguage":"es"},{"@type":"WebPage","@id":"https:\/\/www.carlosyconchita.net\/rutas\/12-08-2021-lagos-boullosas-pradella-y-negre\/","url":"https:\/\/www.carlosyconchita.net\/rutas\/12-08-2021-lagos-boullosas-pradella-y-negre\/","name":"12-08-2021-Boullosas-Pla de Barres (lagos Boullosas, Pradella y Negre) -","isPartOf":{"@id":"https:\/\/www.carlosyconchita.net\/rutas\/#website"},"primaryImageOfPage":{"@id":"https:\/\/www.carlosyconchita.net\/rutas\/12-08-2021-lagos-boullosas-pradella-y-negre\/#primaryimage"},"image":{"@id":"https:\/\/www.carlosyconchita.net\/rutas\/12-08-2021-lagos-boullosas-pradella-y-negre\/#primaryimage"},"thumbnailUrl":"https:\/\/www.carlosyconchita.net\/rutas\/wp-content\/uploads\/2021\/08\/Boullosas-00005.jpg","datePublished":"2021-08-12T16:12:36+00:00","dateModified":"2021-09-13T16:46:07+00:00","author":{"@id":"https:\/\/www.carlosyconchita.net\/rutas\/#\/schema\/person\/a9691f7258c28443fab2d3aa1479ea19"},"breadcrumb":{"@id":"https:\/\/www.carlosyconchita.net\/rutas\/12-08-2021-lagos-boullosas-pradella-y-negre\/#breadcrumb"},"inLanguage":"es","potentialAction":[{"@type":"ReadAction","target":["https:\/\/www.carlosyconchita.net\/rutas\/12-08-2021-lagos-boullosas-pradella-y-negre\/"]}]},{"@type":"ImageObject","inLanguage":"es","@id":"https:\/\/www.carlosyconchita.net\/rutas\/12-08-2021-lagos-boullosas-pradella-y-negre\/#primaryimage","url":"https:\/\/www.carlosyconchita.net\/rutas\/wp-content\/uploads\/2021\/08\/Boullosas-00005.jpg","contentUrl":"https:\/\/www.carlosyconchita.net\/rutas\/wp-content\/uploads\/2021\/08\/Boullosas-00005.jpg","width":1024,"height":576},{"@type":"BreadcrumbList","@id":"https:\/\/www.carlosyconchita.net\/rutas\/12-08-2021-lagos-boullosas-pradella-y-negre\/#breadcrumb","itemListElement":[{"@type":"ListItem","position":1,"name":"Portada","item":"https:\/\/www.carlosyconchita.net\/rutas\/"},{"@type":"ListItem","position":2,"name":"12-08-2021-Boullosas-Pla de Barres (lagos Boullosas, Pradella y Negre)"}]},{"@type":"WebSite","@id":"https:\/\/www.carlosyconchita.net\/rutas\/#website","url":"https:\/\/www.carlosyconchita.net\/rutas\/","name":"Las rutas de Carlos y Conchita","description":"","potentialAction":[{"@type":"SearchAction","target":{"@type":"EntryPoint","urlTemplate":"https:\/\/www.carlosyconchita.net\/rutas\/?s={search_term_string}"},"query-input":{"@type":"PropertyValueSpecification","valueRequired":true,"valueName":"search_term_string"}}],"inLanguage":"es"},{"@type":"Person","@id":"https:\/\/www.carlosyconchita.net\/rutas\/#\/schema\/person\/a9691f7258c28443fab2d3aa1479ea19","name":"Carlos Conchita","image":{"@type":"ImageObject","inLanguage":"es","@id":"https:\/\/secure.gravatar.com\/avatar\/3a4625b20c8da3de99da69bfe7a322774e291c3f90dce7e8778a30fe6748ed1a?s=96&d=mm&r=g","url":"https:\/\/secure.gravatar.com\/avatar\/3a4625b20c8da3de99da69bfe7a322774e291c3f90dce7e8778a30fe6748ed1a?s=96&d=mm&r=g","contentUrl":"https:\/\/secure.gravatar.com\/avatar\/3a4625b20c8da3de99da69bfe7a322774e291c3f90dce7e8778a30fe6748ed1a?s=96&d=mm&r=g","caption":"Carlos Conchita"}}]}},"_links":{"self":[{"href":"https:\/\/www.carlosyconchita.net\/rutas\/wp-json\/wp\/v2\/posts\/16435","targetHints":{"allow":["GET"]}}],"collection":[{"href":"https:\/\/www.carlosyconchita.net\/rutas\/wp-json\/wp\/v2\/posts"}],"about":[{"href":"https:\/\/www.carlosyconchita.net\/rutas\/wp-json\/wp\/v2\/types\/post"}],"author":[{"embeddable":true,"href":"https:\/\/www.carlosyconchita.net\/rutas\/wp-json\/wp\/v2\/users\/50"}],"replies":[{"embeddable":true,"href":"https:\/\/www.carlosyconchita.net\/rutas\/wp-json\/wp\/v2\/comments?post=16435"}],"version-history":[{"count":0,"href":"https:\/\/www.carlosyconchita.net\/rutas\/wp-json\/wp\/v2\/posts\/16435\/revisions"}],"wp:featuredmedia":[{"embeddable":true,"href":"https:\/\/www.carlosyconchita.net\/rutas\/wp-json\/wp\/v2\/media\/16440"}],"wp:attachment":[{"href":"https:\/\/www.carlosyconchita.net\/rutas\/wp-json\/wp\/v2\/media?parent=16435"}],"wp:term":[{"taxonomy":"category","embeddable":true,"href":"https:\/\/www.carlosyconchita.net\/rutas\/wp-json\/wp\/v2\/categories?post=16435"},{"taxonomy":"post_tag","embeddable":true,"href":"https:\/\/www.carlosyconchita.net\/rutas\/wp-json\/wp\/v2\/tags?post=16435"}],"curies":[{"name":"wp","href":"https:\/\/api.w.org\/{rel}","templated":true}]}}