{"id":16557,"date":"2021-08-13T17:04:04","date_gmt":"2021-08-13T16:04:04","guid":{"rendered":"https:\/\/www.carlosyconchita.net\/rutas\/?p=16557"},"modified":"2021-09-19T15:44:36","modified_gmt":"2021-09-19T14:44:36","slug":"13-08-2021-caudies-de-conflent","status":"publish","type":"post","link":"https:\/\/www.carlosyconchita.net\/rutas\/13-08-2021-caudies-de-conflent\/","title":{"rendered":"13-08-2021-Caudi\u00e8s de Conflent"},"content":{"rendered":"<p>Hoy hemos hecho una corta y f\u00e1cil caminata por los alrededores de Caudi\u00e9s de Conflent, donde ya hab\u00edamos estado anteriormente para ver el lago :<\/p>\n<header class=\"entry-header\">\n<p class=\"entry-title\"><a title=\"Enlace permanente a 06-08-2013 \u2013 Lago de Caudi\u00e9s de Conflent\" href=\"https:\/\/www.carlosyconchita.net\/rutas\/06-08-2013-lago-de-caudies\/\" target=\"_blank\" rel=\"bookmark noopener\"><strong><span style=\"color: #0000ff;\">06-08-2013 \u2013 Lago de Caudi\u00e9s de Conflent<\/span><\/strong><\/a><\/p>\n<\/header>\n<p style=\"text-align: justify;\">Tambi\u00e9n en varias ocasiones m\u00e1s hemos estado en Caudi\u00e9s, para empezar otras excursiones dejando el coche en el \u00abParking randonneurs\u00bb , que como vemos en las fotos est\u00e1 bien se\u00f1alizado en la pared del Ayuntamiento o Mairie, junto a las se\u00f1ales amarillas de inicio de varias excursiones.<\/p>\n<p style=\"text-align: justify;\">Nosotros hoy seguiremos las se\u00f1ales que indican al Lago , aunque despu\u00e9s alargaremos la excursi\u00f3n para dar una vuelta m\u00e1s larga.<\/p>\n<p style=\"text-align: justify;\">Cuando lleguemos al pueblo, veremos una calle que sube hacia la izquierda, y que nos llevar\u00e1 a la Mairie o Ayuntamiento, en donde encontraremos un letrero que nos indica que a la izquierda hay un parking especialmente \u201cdedicado\u201d a los caminantes o \u201crandonneurs\u201d<\/p>\n<p style=\"text-align: justify;\">Para iniciar la ruta, pasaremos por delante del ayuntamiento, y junto al indicador del parking, ya veremos la primera se\u00f1al amarilla de nuestra excursion, seguiremos esa calle que sube ligeramente y al poco gira a la izquierda, y siguiendo las citadas se\u00f1ales amarillas iremos saliendo del pueblo por un f\u00e1cil camino.<\/p>\n<p style=\"text-align: justify;\">Al poco rato, llegaremos al lago, en donde encontraremos una zona de picnic, ya que a la misma se puede llegar tambien en coche (por otro camino).<\/p>\n<p style=\"text-align: justify;\">El lago tiene en su interior una especie de peque\u00f1a pen\u00ednsula, a la que podemos llegar rodeando el lago, ya que llegamos a \u00e9l por el otro lado.<\/p>\n<p style=\"text-align: justify;\">Despu\u00e9s seguimos por un corto tramo de camino de tierra muy ancho, que nos llevar\u00e1 a la carretera D-4F por la que hemos llegado en coche, y caminaremos por ella hasta el cruce con la D-4C , y en una gran curva a la derecha, la dejamos para entrar en el campo, despu\u00e9s de abrir y volver a cerrar un paso cerrado con alambre electrificado.<\/p>\n<p style=\"text-align: justify;\">El tramo por la carretera no tiene ning\u00fan problema, porque el tr\u00e1fico existente en ella es pr\u00e1cticamente nulo, y despu\u00e9s de dejarla tenemos un recorrido f\u00e1cil, a ratos bajo el sol y a ratos por el bosque, y en el \u00faltimo tramo de descenso hasta el pueblo, podremos verlo mucho mejor que al llegar con el coche, porque estaremos en una posici\u00f3n m\u00e1s alta.<\/p>\n<p style=\"text-align: justify;\">Llegaremos a Caudi\u00e9s justo en el cruce de la carretera donde empieza la calle que nos ha llevado a la Mairie, en donde hemos dejado el coche.<\/p>\n<hr \/>\n<p>&nbsp;<\/p>\n<p><strong>Distancia total<\/strong> :\u00a0 6.383<span class=\"totlen\"><span class=\"summaryvalue\"> m\u00a0\u00a0\u00a0\u00a0\u00a0\u00a0\u00a0\u00a0\u00a0\u00a0\u00a0\u00a0\u00a0\u00a0\u00a0\u00a0\u00a0\u00a0\u00a0\u00a0\u00a0\u00a0\u00a0\u00a0 <\/span><\/span><strong>Desnivel acumulado (s\/Wikiloc)<\/strong>\u00a0 :\u00a0\u00a0 128<\/p>\n<p>&nbsp;<\/p>\n<hr \/>\n<h4><strong>Album de fotos<\/strong><\/h4>\n<p><a href=\"https:\/\/photos.app.goo.gl\/Jr2cKhqaEUwzKc3S9\" target=\"_blank\" rel=\"noopener\"><img loading=\"lazy\" decoding=\"async\" class=\"aligncenter wp-image-16558 size-medium\" src=\"https:\/\/www.carlosyconchita.net\/rutas\/wp-content\/uploads\/2021\/09\/Caudies-00019-300x169.jpg\" alt=\"\" width=\"300\" height=\"169\" srcset=\"https:\/\/www.carlosyconchita.net\/rutas\/wp-content\/uploads\/2021\/09\/Caudies-00019-300x169.jpg 300w, https:\/\/www.carlosyconchita.net\/rutas\/wp-content\/uploads\/2021\/09\/Caudies-00019-600x338.jpg 600w, https:\/\/www.carlosyconchita.net\/rutas\/wp-content\/uploads\/2021\/09\/Caudies-00019-768x432.jpg 768w, https:\/\/www.carlosyconchita.net\/rutas\/wp-content\/uploads\/2021\/09\/Caudies-00019.jpg 1024w\" sizes=\"auto, (max-width: 300px) 100vw, 300px\" \/><\/a><\/p>\n<hr \/>\n<h4><strong>Mapa y track de la ruta<\/strong><\/h4>\n<p style=\"text-align: center;\"><strong><span style=\"color: #ff0000;\">Pulsando sobre los waypoints del mapa, se puede ver una foto del sitio.<\/span><\/strong><\/p>\n<p><a href=\"https:\/\/www.carlosyconchita.net\/rutas\/wp-content\/uploads\/gpx\/CaudiesConflent.html\" target=\"_blank\" rel=\"noopener\"><img loading=\"lazy\" decoding=\"async\" class=\"aligncenter wp-image-16466\" src=\"https:\/\/www.carlosyconchita.net\/rutas\/wp-content\/uploads\/2021\/09\/mapa2-225x200.jpg\" alt=\"\" width=\"200\" height=\"200\" srcset=\"https:\/\/www.carlosyconchita.net\/rutas\/wp-content\/uploads\/2021\/09\/mapa2-120x120.jpg 120w, https:\/\/www.carlosyconchita.net\/rutas\/wp-content\/uploads\/2021\/09\/mapa2.jpg 225w\" sizes=\"auto, (max-width: 200px) 100vw, 200px\" \/><\/a><\/p>\n<p>&nbsp;<\/p>\n<hr \/>\n<p><strong>Wikiloc <\/strong><strong><br \/>\n<\/strong><\/p>\n<p><a href=\"https:\/\/es.wikiloc.com\/rutas-senderismo\/caudies-conflent-lago-y-paseo-por-los-alrededores-83791835\" target=\"_blank\" rel=\"noopener\"><img loading=\"lazy\" decoding=\"async\" class=\"aligncenter size-full wp-image-958\" src=\"https:\/\/www.carlosyconchita.net\/rutas\/wp-content\/uploads\/2020\/09\/wikiloc.jpg\" alt=\"\" width=\"117\" height=\"34\" \/><\/a><\/p>\n<p>&nbsp;<\/p>\n<hr \/>\n<p style=\"text-align: justify;\"><span style=\"color: #ff0000; background-color: #ffffff; font-size: 14pt;\"><strong>Si te ha gustado, comp\u00e1rtelo en tu red favorita o env\u00edanos tu comentario.<br \/>\n<\/strong><\/span><\/p>\n<p style=\"text-align: justify;\"><span style=\"font-size: 14pt;\"><strong><span style=\"color: #ff0000;\">Muchas gracias !<\/span><\/strong><\/span><\/p>\n<hr \/>\n<p style=\"text-align: justify;\"><strong><span style=\"color: #008000;\">Suscribete si quieres recibir un mail cuando publiquemos nuevas rutas : no enviamos publicidad y como m\u00e1ximo enviamos 2 mails al mes<\/span><\/strong><\/p>\n<p style=\"text-align: center;\"><a href=\"https:\/\/mailchi.mp\/6989c83a3e24\/wmv06rtqcz\/\" target=\"_blank\" rel=\"noopener noreferrer\"><strong><span style=\"color: #0000ff;\">Pulsa aqu\u00ed para suscribirte<\/span><\/strong><\/a><\/p>\n<hr \/>\n<p style=\"text-align: justify;\">\u00a0<\/p>\n<h3 style=\"text-align: justify;\">Puedes imprimir esta publicaci\u00f3n o guardarla en diferentes formatos :<\/h3>\n<p style=\"text-align: justify;\"><span style=\"color: #ff0000; font-size: 14pt;\">Para facilitar la impresi\u00f3n, se ha reducido considerablemente el tama\u00f1o de las fotos, pero si deseas imprimir sin fotos, aconsejamos guardarlo como \u201cdoc\u201d, y antes de imprimirlo, eliminar las fotos<\/span><\/p>\n<p>&nbsp;<\/p>\n<hr \/>\n","protected":false},"excerpt":{"rendered":"<p>Hoy hemos hecho una corta y f\u00e1cil caminata por los alrededores de Caudi\u00e9s de Conflent, donde ya hab\u00edamos estado anteriormente para ver el lago : 06-08-2013 \u2013 Lago de Caudi\u00e9s de Conflent Tambi\u00e9n en varias ocasiones m\u00e1s hemos estado en Caudi\u00e9s, para empezar otras excursiones dejando el coche en el \u00abParking randonneurs\u00bb , que como [&hellip;]<\/p>\n","protected":false},"author":50,"featured_media":16558,"comment_status":"closed","ping_status":"open","sticky":false,"template":"","format":"standard","meta":{"footnotes":""},"categories":[14,22,67],"tags":[],"class_list":{"0":"post-16557","1":"post","2":"type-post","3":"status-publish","4":"format-standard","5":"has-post-thumbnail","6":"hentry","7":"category-muy-facil","8":"category-de-05-a-10-km","9":"category-conflent","11":"post-with-thumbnail","12":"post-with-thumbnail-icon"},"yoast_head":"<!-- This site is optimized with the Yoast SEO plugin v27.4 - https:\/\/yoast.com\/product\/yoast-seo-wordpress\/ -->\n<title>13-08-2021-Caudi\u00e8s de Conflent -<\/title>\n<meta name=\"robots\" content=\"index, follow, max-snippet:-1, max-image-preview:large, max-video-preview:-1\" \/>\n<link rel=\"canonical\" href=\"https:\/\/www.carlosyconchita.net\/rutas\/13-08-2021-caudies-de-conflent\/\" \/>\n<meta property=\"og:locale\" content=\"es_ES\" \/>\n<meta property=\"og:type\" content=\"article\" \/>\n<meta property=\"og:title\" content=\"13-08-2021-Caudi\u00e8s de Conflent -\" \/>\n<meta property=\"og:description\" content=\"Hoy hemos hecho una corta y f\u00e1cil caminata por los alrededores de Caudi\u00e9s de Conflent, donde ya hab\u00edamos estado anteriormente para ver el lago : 06-08-2013 \u2013 Lago de Caudi\u00e9s de Conflent Tambi\u00e9n en varias ocasiones m\u00e1s hemos estado en Caudi\u00e9s, para empezar otras excursiones dejando el coche en el \u00abParking randonneurs\u00bb , que como [&hellip;]\" \/>\n<meta property=\"og:url\" content=\"https:\/\/www.carlosyconchita.net\/rutas\/13-08-2021-caudies-de-conflent\/\" \/>\n<meta property=\"og:site_name\" content=\"Las rutas de Carlos y Conchita\" \/>\n<meta property=\"article:published_time\" content=\"2021-08-13T16:04:04+00:00\" \/>\n<meta property=\"article:modified_time\" content=\"2021-09-19T14:44:36+00:00\" \/>\n<meta property=\"og:image\" content=\"https:\/\/www.carlosyconchita.net\/rutas\/wp-content\/uploads\/2021\/09\/Caudies-00019.jpg\" \/>\n\t<meta property=\"og:image:width\" content=\"1024\" \/>\n\t<meta property=\"og:image:height\" content=\"576\" \/>\n\t<meta property=\"og:image:type\" content=\"image\/jpeg\" \/>\n<meta name=\"author\" content=\"Carlos Conchita\" \/>\n<meta name=\"twitter:label1\" content=\"Escrito por\" \/>\n\t<meta name=\"twitter:data1\" content=\"Carlos Conchita\" \/>\n\t<meta name=\"twitter:label2\" content=\"Tiempo de lectura\" \/>\n\t<meta name=\"twitter:data2\" content=\"3 minutos\" \/>\n<script type=\"application\/ld+json\" class=\"yoast-schema-graph\">{\"@context\":\"https:\\\/\\\/schema.org\",\"@graph\":[{\"@type\":\"Article\",\"@id\":\"https:\\\/\\\/www.carlosyconchita.net\\\/rutas\\\/13-08-2021-caudies-de-conflent\\\/#article\",\"isPartOf\":{\"@id\":\"https:\\\/\\\/www.carlosyconchita.net\\\/rutas\\\/13-08-2021-caudies-de-conflent\\\/\"},\"author\":{\"name\":\"Carlos Conchita\",\"@id\":\"https:\\\/\\\/www.carlosyconchita.net\\\/rutas\\\/#\\\/schema\\\/person\\\/a9691f7258c28443fab2d3aa1479ea19\"},\"headline\":\"13-08-2021-Caudi\u00e8s de Conflent\",\"datePublished\":\"2021-08-13T16:04:04+00:00\",\"dateModified\":\"2021-09-19T14:44:36+00:00\",\"mainEntityOfPage\":{\"@id\":\"https:\\\/\\\/www.carlosyconchita.net\\\/rutas\\\/13-08-2021-caudies-de-conflent\\\/\"},\"wordCount\":556,\"image\":{\"@id\":\"https:\\\/\\\/www.carlosyconchita.net\\\/rutas\\\/13-08-2021-caudies-de-conflent\\\/#primaryimage\"},\"thumbnailUrl\":\"https:\\\/\\\/www.carlosyconchita.net\\\/rutas\\\/wp-content\\\/uploads\\\/2021\\\/09\\\/Caudies-00019.jpg\",\"articleSection\":[\"0-Muy f\u00e1cil\",\"2 - De 5 a 10 km.\",\"Conflent\"],\"inLanguage\":\"es\"},{\"@type\":\"WebPage\",\"@id\":\"https:\\\/\\\/www.carlosyconchita.net\\\/rutas\\\/13-08-2021-caudies-de-conflent\\\/\",\"url\":\"https:\\\/\\\/www.carlosyconchita.net\\\/rutas\\\/13-08-2021-caudies-de-conflent\\\/\",\"name\":\"13-08-2021-Caudi\u00e8s de Conflent -\",\"isPartOf\":{\"@id\":\"https:\\\/\\\/www.carlosyconchita.net\\\/rutas\\\/#website\"},\"primaryImageOfPage\":{\"@id\":\"https:\\\/\\\/www.carlosyconchita.net\\\/rutas\\\/13-08-2021-caudies-de-conflent\\\/#primaryimage\"},\"image\":{\"@id\":\"https:\\\/\\\/www.carlosyconchita.net\\\/rutas\\\/13-08-2021-caudies-de-conflent\\\/#primaryimage\"},\"thumbnailUrl\":\"https:\\\/\\\/www.carlosyconchita.net\\\/rutas\\\/wp-content\\\/uploads\\\/2021\\\/09\\\/Caudies-00019.jpg\",\"datePublished\":\"2021-08-13T16:04:04+00:00\",\"dateModified\":\"2021-09-19T14:44:36+00:00\",\"author\":{\"@id\":\"https:\\\/\\\/www.carlosyconchita.net\\\/rutas\\\/#\\\/schema\\\/person\\\/a9691f7258c28443fab2d3aa1479ea19\"},\"breadcrumb\":{\"@id\":\"https:\\\/\\\/www.carlosyconchita.net\\\/rutas\\\/13-08-2021-caudies-de-conflent\\\/#breadcrumb\"},\"inLanguage\":\"es\",\"potentialAction\":[{\"@type\":\"ReadAction\",\"target\":[\"https:\\\/\\\/www.carlosyconchita.net\\\/rutas\\\/13-08-2021-caudies-de-conflent\\\/\"]}]},{\"@type\":\"ImageObject\",\"inLanguage\":\"es\",\"@id\":\"https:\\\/\\\/www.carlosyconchita.net\\\/rutas\\\/13-08-2021-caudies-de-conflent\\\/#primaryimage\",\"url\":\"https:\\\/\\\/www.carlosyconchita.net\\\/rutas\\\/wp-content\\\/uploads\\\/2021\\\/09\\\/Caudies-00019.jpg\",\"contentUrl\":\"https:\\\/\\\/www.carlosyconchita.net\\\/rutas\\\/wp-content\\\/uploads\\\/2021\\\/09\\\/Caudies-00019.jpg\",\"width\":1024,\"height\":576},{\"@type\":\"BreadcrumbList\",\"@id\":\"https:\\\/\\\/www.carlosyconchita.net\\\/rutas\\\/13-08-2021-caudies-de-conflent\\\/#breadcrumb\",\"itemListElement\":[{\"@type\":\"ListItem\",\"position\":1,\"name\":\"Portada\",\"item\":\"https:\\\/\\\/www.carlosyconchita.net\\\/rutas\\\/\"},{\"@type\":\"ListItem\",\"position\":2,\"name\":\"13-08-2021-Caudi\u00e8s de Conflent\"}]},{\"@type\":\"WebSite\",\"@id\":\"https:\\\/\\\/www.carlosyconchita.net\\\/rutas\\\/#website\",\"url\":\"https:\\\/\\\/www.carlosyconchita.net\\\/rutas\\\/\",\"name\":\"Las rutas de Carlos y Conchita\",\"description\":\"\",\"potentialAction\":[{\"@type\":\"SearchAction\",\"target\":{\"@type\":\"EntryPoint\",\"urlTemplate\":\"https:\\\/\\\/www.carlosyconchita.net\\\/rutas\\\/?s={search_term_string}\"},\"query-input\":{\"@type\":\"PropertyValueSpecification\",\"valueRequired\":true,\"valueName\":\"search_term_string\"}}],\"inLanguage\":\"es\"},{\"@type\":\"Person\",\"@id\":\"https:\\\/\\\/www.carlosyconchita.net\\\/rutas\\\/#\\\/schema\\\/person\\\/a9691f7258c28443fab2d3aa1479ea19\",\"name\":\"Carlos Conchita\",\"image\":{\"@type\":\"ImageObject\",\"inLanguage\":\"es\",\"@id\":\"https:\\\/\\\/secure.gravatar.com\\\/avatar\\\/3a4625b20c8da3de99da69bfe7a322774e291c3f90dce7e8778a30fe6748ed1a?s=96&d=mm&r=g\",\"url\":\"https:\\\/\\\/secure.gravatar.com\\\/avatar\\\/3a4625b20c8da3de99da69bfe7a322774e291c3f90dce7e8778a30fe6748ed1a?s=96&d=mm&r=g\",\"contentUrl\":\"https:\\\/\\\/secure.gravatar.com\\\/avatar\\\/3a4625b20c8da3de99da69bfe7a322774e291c3f90dce7e8778a30fe6748ed1a?s=96&d=mm&r=g\",\"caption\":\"Carlos Conchita\"}}]}<\/script>\n<!-- \/ Yoast SEO plugin. -->","yoast_head_json":{"title":"13-08-2021-Caudi\u00e8s de Conflent -","robots":{"index":"index","follow":"follow","max-snippet":"max-snippet:-1","max-image-preview":"max-image-preview:large","max-video-preview":"max-video-preview:-1"},"canonical":"https:\/\/www.carlosyconchita.net\/rutas\/13-08-2021-caudies-de-conflent\/","og_locale":"es_ES","og_type":"article","og_title":"13-08-2021-Caudi\u00e8s de Conflent -","og_description":"Hoy hemos hecho una corta y f\u00e1cil caminata por los alrededores de Caudi\u00e9s de Conflent, donde ya hab\u00edamos estado anteriormente para ver el lago : 06-08-2013 \u2013 Lago de Caudi\u00e9s de Conflent Tambi\u00e9n en varias ocasiones m\u00e1s hemos estado en Caudi\u00e9s, para empezar otras excursiones dejando el coche en el \u00abParking randonneurs\u00bb , que como [&hellip;]","og_url":"https:\/\/www.carlosyconchita.net\/rutas\/13-08-2021-caudies-de-conflent\/","og_site_name":"Las rutas de Carlos y Conchita","article_published_time":"2021-08-13T16:04:04+00:00","article_modified_time":"2021-09-19T14:44:36+00:00","og_image":[{"width":1024,"height":576,"url":"https:\/\/www.carlosyconchita.net\/rutas\/wp-content\/uploads\/2021\/09\/Caudies-00019.jpg","type":"image\/jpeg"}],"author":"Carlos Conchita","twitter_misc":{"Escrito por":"Carlos Conchita","Tiempo de lectura":"3 minutos"},"schema":{"@context":"https:\/\/schema.org","@graph":[{"@type":"Article","@id":"https:\/\/www.carlosyconchita.net\/rutas\/13-08-2021-caudies-de-conflent\/#article","isPartOf":{"@id":"https:\/\/www.carlosyconchita.net\/rutas\/13-08-2021-caudies-de-conflent\/"},"author":{"name":"Carlos Conchita","@id":"https:\/\/www.carlosyconchita.net\/rutas\/#\/schema\/person\/a9691f7258c28443fab2d3aa1479ea19"},"headline":"13-08-2021-Caudi\u00e8s de Conflent","datePublished":"2021-08-13T16:04:04+00:00","dateModified":"2021-09-19T14:44:36+00:00","mainEntityOfPage":{"@id":"https:\/\/www.carlosyconchita.net\/rutas\/13-08-2021-caudies-de-conflent\/"},"wordCount":556,"image":{"@id":"https:\/\/www.carlosyconchita.net\/rutas\/13-08-2021-caudies-de-conflent\/#primaryimage"},"thumbnailUrl":"https:\/\/www.carlosyconchita.net\/rutas\/wp-content\/uploads\/2021\/09\/Caudies-00019.jpg","articleSection":["0-Muy f\u00e1cil","2 - De 5 a 10 km.","Conflent"],"inLanguage":"es"},{"@type":"WebPage","@id":"https:\/\/www.carlosyconchita.net\/rutas\/13-08-2021-caudies-de-conflent\/","url":"https:\/\/www.carlosyconchita.net\/rutas\/13-08-2021-caudies-de-conflent\/","name":"13-08-2021-Caudi\u00e8s de Conflent -","isPartOf":{"@id":"https:\/\/www.carlosyconchita.net\/rutas\/#website"},"primaryImageOfPage":{"@id":"https:\/\/www.carlosyconchita.net\/rutas\/13-08-2021-caudies-de-conflent\/#primaryimage"},"image":{"@id":"https:\/\/www.carlosyconchita.net\/rutas\/13-08-2021-caudies-de-conflent\/#primaryimage"},"thumbnailUrl":"https:\/\/www.carlosyconchita.net\/rutas\/wp-content\/uploads\/2021\/09\/Caudies-00019.jpg","datePublished":"2021-08-13T16:04:04+00:00","dateModified":"2021-09-19T14:44:36+00:00","author":{"@id":"https:\/\/www.carlosyconchita.net\/rutas\/#\/schema\/person\/a9691f7258c28443fab2d3aa1479ea19"},"breadcrumb":{"@id":"https:\/\/www.carlosyconchita.net\/rutas\/13-08-2021-caudies-de-conflent\/#breadcrumb"},"inLanguage":"es","potentialAction":[{"@type":"ReadAction","target":["https:\/\/www.carlosyconchita.net\/rutas\/13-08-2021-caudies-de-conflent\/"]}]},{"@type":"ImageObject","inLanguage":"es","@id":"https:\/\/www.carlosyconchita.net\/rutas\/13-08-2021-caudies-de-conflent\/#primaryimage","url":"https:\/\/www.carlosyconchita.net\/rutas\/wp-content\/uploads\/2021\/09\/Caudies-00019.jpg","contentUrl":"https:\/\/www.carlosyconchita.net\/rutas\/wp-content\/uploads\/2021\/09\/Caudies-00019.jpg","width":1024,"height":576},{"@type":"BreadcrumbList","@id":"https:\/\/www.carlosyconchita.net\/rutas\/13-08-2021-caudies-de-conflent\/#breadcrumb","itemListElement":[{"@type":"ListItem","position":1,"name":"Portada","item":"https:\/\/www.carlosyconchita.net\/rutas\/"},{"@type":"ListItem","position":2,"name":"13-08-2021-Caudi\u00e8s de Conflent"}]},{"@type":"WebSite","@id":"https:\/\/www.carlosyconchita.net\/rutas\/#website","url":"https:\/\/www.carlosyconchita.net\/rutas\/","name":"Las rutas de Carlos y Conchita","description":"","potentialAction":[{"@type":"SearchAction","target":{"@type":"EntryPoint","urlTemplate":"https:\/\/www.carlosyconchita.net\/rutas\/?s={search_term_string}"},"query-input":{"@type":"PropertyValueSpecification","valueRequired":true,"valueName":"search_term_string"}}],"inLanguage":"es"},{"@type":"Person","@id":"https:\/\/www.carlosyconchita.net\/rutas\/#\/schema\/person\/a9691f7258c28443fab2d3aa1479ea19","name":"Carlos Conchita","image":{"@type":"ImageObject","inLanguage":"es","@id":"https:\/\/secure.gravatar.com\/avatar\/3a4625b20c8da3de99da69bfe7a322774e291c3f90dce7e8778a30fe6748ed1a?s=96&d=mm&r=g","url":"https:\/\/secure.gravatar.com\/avatar\/3a4625b20c8da3de99da69bfe7a322774e291c3f90dce7e8778a30fe6748ed1a?s=96&d=mm&r=g","contentUrl":"https:\/\/secure.gravatar.com\/avatar\/3a4625b20c8da3de99da69bfe7a322774e291c3f90dce7e8778a30fe6748ed1a?s=96&d=mm&r=g","caption":"Carlos Conchita"}}]}},"_links":{"self":[{"href":"https:\/\/www.carlosyconchita.net\/rutas\/wp-json\/wp\/v2\/posts\/16557","targetHints":{"allow":["GET"]}}],"collection":[{"href":"https:\/\/www.carlosyconchita.net\/rutas\/wp-json\/wp\/v2\/posts"}],"about":[{"href":"https:\/\/www.carlosyconchita.net\/rutas\/wp-json\/wp\/v2\/types\/post"}],"author":[{"embeddable":true,"href":"https:\/\/www.carlosyconchita.net\/rutas\/wp-json\/wp\/v2\/users\/50"}],"replies":[{"embeddable":true,"href":"https:\/\/www.carlosyconchita.net\/rutas\/wp-json\/wp\/v2\/comments?post=16557"}],"version-history":[{"count":0,"href":"https:\/\/www.carlosyconchita.net\/rutas\/wp-json\/wp\/v2\/posts\/16557\/revisions"}],"wp:featuredmedia":[{"embeddable":true,"href":"https:\/\/www.carlosyconchita.net\/rutas\/wp-json\/wp\/v2\/media\/16558"}],"wp:attachment":[{"href":"https:\/\/www.carlosyconchita.net\/rutas\/wp-json\/wp\/v2\/media?parent=16557"}],"wp:term":[{"taxonomy":"category","embeddable":true,"href":"https:\/\/www.carlosyconchita.net\/rutas\/wp-json\/wp\/v2\/categories?post=16557"},{"taxonomy":"post_tag","embeddable":true,"href":"https:\/\/www.carlosyconchita.net\/rutas\/wp-json\/wp\/v2\/tags?post=16557"}],"curies":[{"name":"wp","href":"https:\/\/api.w.org\/{rel}","templated":true}]}}