{"id":16826,"date":"2021-08-19T18:29:30","date_gmt":"2021-08-19T17:29:30","guid":{"rendered":"https:\/\/www.carlosyconchita.net\/rutas\/?p=16826"},"modified":"2021-09-18T15:52:06","modified_gmt":"2021-09-18T14:52:06","slug":"19-08-2021-bornas-340ci-356","status":"publish","type":"post","link":"https:\/\/www.carlosyconchita.net\/rutas\/19-08-2021-bornas-340ci-356\/","title":{"rendered":"19-08-2021-Bornas 340CI &#8211; 356"},"content":{"rendered":"<p><span style=\"color: #ff0000;\">Con esta publicaci\u00f3n, a\u00f1adimos 14 bornas m\u00e1s a nuestra lista : total 467 de las 602 existentes.<\/span><\/p>\n<p style=\"text-align: justify;\">Hoy hemos hecho una larga y bonita caminata para localizar las bornas 340-CI (Cruz Intermedia) a\u00a0 la 356, empezando en el Col de Baretja.<\/p>\n<p style=\"text-align: justify;\">Desde B\u00f3ssost subimos por la carretera que lleva al Col de Portill\u00f3n, y un poco antes de llegar a \u00e9l, empieza un camino de tierra que nos lleva hasta el Col de Baretja, en donde encontramos una valla que cierra el paso, aparte de que all\u00ed se acaba ya el camino.<\/p>\n<p style=\"text-align: justify;\">Hasta este punto hab\u00edamos subido anteriormente ( ver\u00a0 <a class=\"post-15630\" href=\"https:\/\/www.carlosyconchita.net\/rutas\/01-04-2021-borna-351-tuc-darres\/\" rel=\"bookmark\"><strong><span style=\"color: #0000ff;\">01-04-2021-Borna 351 (Tuc d\u2019Arr\u00e9s)<\/span><\/strong><\/a><strong><span style=\"color: #0000ff;\">\u00a0<\/span> <\/strong>) , pero debido a la nieve s\u00f3lo pudimos ver la 351, ya que cuando llegamos arriba al Tuc d&#8217;Arr\u00e9s, est\u00e1bamos bloqueados por la nieve tanto a un lado como por el otro.<\/p>\n<p style=\"text-align: justify;\">Hoy hemos subido primero al Tuc de Aub\u00e1s (B-355), y siguiendo la linea de la cresta que es la frontera, hemos ido encontrando la 354, 353 y 352.<\/p>\n<p style=\"text-align: justify;\">Desde la 352 ten\u00edamos que subir hasta la 351 y luego volver a bajar, pero en previsi\u00f3n de la larga caminata y las cont\u00ednuas subidas y bajadas a los \u00abtucs\u00bb\u00a0 y colinas, decidimos saltarnos la 351, que ya hab\u00edamos hecho anteriormente, y seguir directamente hasta la 350 y 349 (Tuc de Montagou)<\/p>\n<p style=\"text-align: justify;\">Como se v\u00e9 en el perfil del track, hay una fuerte subida al Tuc de Aub\u00e1s, despu\u00e9s unas cuantas subidas y bajadas, hasta llegar a la 345, en donde ves una fuerte subida de unos 170 m. de desnivel hasta la 343 (Tuc de Poilaner) , pero que hicimos sin problema.<\/p>\n<p style=\"text-align: justify;\">All\u00ed la frontera deja se seguir la cresta y tenemos un fuerte descenso de unos 600 m. hasta llegar a la Cruz Intermedia 340 (340-CI) , que nos cans\u00f3 m\u00e1s que la subida.<\/p>\n<p style=\"text-align: justify;\">Paramos a comer algo en la 342, y una vez en la 341, ya ten\u00edamos las rodillas bastante cansadas de la fuerte bajada, y\u00a0 preferimos dar un peque\u00f1o rodeo hasta el lago de Rumingau por una zona mas plana, que bajar en l\u00ednea recta hasta el camino, en donde estaba la Cruz Intermedia 340 (340-CI)\u00a0<\/p>\n<p style=\"text-align: justify;\">Desde all\u00ed, siguiendo ya el f\u00e1cil camino llegamos\u00a0 al Col de Baretja, lo que representa otra subida de unos 150 m. de desnivel, localizando las se\u00f1ales y el desv\u00edo que lleva al Hospice de France, que nosotros tendremos que recorrer cuando vayamos a las bornas 335 a 340.<\/p>\n<p style=\"text-align: justify;\">Como se puede ver en las fotos, nos llovi\u00f3 un rato y tuvimos que ponernos las capelinas, cosa que refresc\u00f3 bastante el ambiente y nos ayud\u00f3 a caminar mejor, aunque no dur\u00f3 mucho y despu\u00e9s , en la \u00faltima subida al Col de Baretja, volv\u00eda a hacer mucho calor.<\/p>\n<p>Poco antes de llegar al coche, pasamos de nuevo por la B-356 que ya hab\u00edamos visto el d\u00eda <a class=\"post-15615\" href=\"https:\/\/www.carlosyconchita.net\/rutas\/31-03-2021-bornas-356-358-coll-de-baretja\/\" rel=\"bookmark\"><strong><span style=\"color: #3366ff;\">3<span style=\"color: #0000ff;\">1-03-2021-Bornas 356-358 (Coll de Baretja)<\/span><\/span><\/strong><\/a><\/p>\n<p>Como se puede ver en las fotos, todas las bornas est\u00e1 reci\u00e9n pintadas y son del tipo \u00abmoj\u00f3n\u00bb, a excepci\u00f3n de la 344, muy bonita y\u00a0 que est\u00e1 marcada sobre una roca.<\/p>\n<hr \/>\n<p>&nbsp;<\/p>\n<p><strong>Distancia total<\/strong> :\u00a0 13.870<span class=\"totlen\"><span class=\"summaryvalue\"> m\u00a0\u00a0\u00a0\u00a0\u00a0\u00a0\u00a0\u00a0\u00a0\u00a0\u00a0\u00a0\u00a0\u00a0\u00a0\u00a0\u00a0\u00a0\u00a0\u00a0\u00a0\u00a0\u00a0\u00a0 <\/span><\/span><strong>Desnivel acumulado (s\/Wikiloc)<\/strong>\u00a0 :\u00a0\u00a0\u00a0\u00a0 747\u00a0 m.<\/p>\n<p><strong>Alturas m\u00edn\/m\u00e1x. : \u00a0\u00a0 <\/strong>1.589 m.\/ 2.224 m.<\/p>\n<p>&nbsp;<\/p>\n<hr \/>\n<h4 style=\"text-align: justify;\">Album de fotos<\/h4>\n<p><a href=\"https:\/\/photos.app.goo.gl\/n5sxKEYpZfM1QtwF9\" target=\"_blank\" rel=\"noopener\"><img loading=\"lazy\" decoding=\"async\" class=\"aligncenter wp-image-16601 size-medium\" src=\"https:\/\/www.carlosyconchita.net\/rutas\/wp-content\/uploads\/2021\/09\/344-1-300x169.jpg\" alt=\"\" width=\"300\" height=\"169\" srcset=\"https:\/\/www.carlosyconchita.net\/rutas\/wp-content\/uploads\/2021\/09\/344-1-300x169.jpg 300w, https:\/\/www.carlosyconchita.net\/rutas\/wp-content\/uploads\/2021\/09\/344-1-600x338.jpg 600w, https:\/\/www.carlosyconchita.net\/rutas\/wp-content\/uploads\/2021\/09\/344-1-768x432.jpg 768w, https:\/\/www.carlosyconchita.net\/rutas\/wp-content\/uploads\/2021\/09\/344-1.jpg 1024w\" sizes=\"auto, (max-width: 300px) 100vw, 300px\" \/><\/a><\/p>\n<hr \/>\n<h4><strong>Mapa y track de la ruta<\/strong><\/h4>\n<p style=\"text-align: center;\"><strong><span style=\"color: #ff0000;\">Pulsando sobre los waypoints del mapa, se puede ver una foto del sitio.<\/span><\/strong><\/p>\n<p>&nbsp;<\/p>\n<p><a href=\"https:\/\/www.carlosyconchita.net\/rutas\/wp-content\/uploads\/gpx\/Bornas-340CI-356.html\" target=\"_blank\" rel=\"noopener\"><img loading=\"lazy\" decoding=\"async\" class=\"aligncenter wp-image-16466\" src=\"https:\/\/www.carlosyconchita.net\/rutas\/wp-content\/uploads\/2021\/09\/mapa2.jpg\" alt=\"\" width=\"0185\" height=\"185\" srcset=\"https:\/\/www.carlosyconchita.net\/rutas\/wp-content\/uploads\/2021\/09\/mapa2.jpg 225w, https:\/\/www.carlosyconchita.net\/rutas\/wp-content\/uploads\/2021\/09\/mapa2-120x120.jpg 120w\" sizes=\"auto, (max-width: 185px) 100vw, 185px\" \/><\/a><\/p>\n<hr \/>\n<p><strong>Wikiloc <\/strong><strong><br \/>\n<\/strong><\/p>\n<p><a href=\"https:\/\/es.wikiloc.com\/rutas-senderismo\/bornas-o-mojones-fronterizos-340-ci-a-356-84074508\" target=\"_blank\" rel=\"noopener\"><img loading=\"lazy\" decoding=\"async\" class=\"aligncenter size-full wp-image-958\" src=\"https:\/\/www.carlosyconchita.net\/rutas\/wp-content\/uploads\/2020\/09\/wikiloc.jpg\" alt=\"\" width=\"117\" height=\"34\" \/><\/a><\/p>\n<p>&nbsp;<\/p>\n<hr \/>\n<p style=\"text-align: justify;\"><span style=\"color: #ff0000; background-color: #ffffff; font-size: 14pt;\"><strong>Si te ha gustado, comp\u00e1rtelo en tu red favorita o env\u00edanos tu comentario.<br \/>\n<\/strong><\/span><\/p>\n<p style=\"text-align: justify;\"><span style=\"font-size: 14pt;\"><strong><span style=\"color: #ff0000;\">Muchas gracias !<\/span><\/strong><\/span><\/p>\n<hr \/>\n<p style=\"text-align: justify;\"><strong><span style=\"color: #008000;\">Suscribete si quieres recibir un mail cuando publiquemos nuevas rutas : no enviamos publicidad y como m\u00e1ximo enviamos 2 mails al mes<\/span><\/strong><\/p>\n<p style=\"text-align: center;\"><a href=\"https:\/\/mailchi.mp\/6989c83a3e24\/wmv06rtqcz\/\" target=\"_blank\" rel=\"noopener noreferrer\"><strong><span style=\"color: #0000ff;\">Pulsa aqu\u00ed para suscribirte<\/span><\/strong><\/a><\/p>\n<hr \/>\n<p style=\"text-align: justify;\">\u00a0<\/p>\n<h3 style=\"text-align: justify;\">Puedes imprimir esta publicaci\u00f3n o guardarla en diferentes formatos :<\/h3>\n<p style=\"text-align: justify;\"><span style=\"color: #ff0000; font-size: 14pt;\">Para facilitar la impresi\u00f3n, se ha reducido considerablemente el tama\u00f1o de las fotos, pero si deseas imprimir sin fotos, aconsejamos guardarlo como \u201cdoc\u201d, y antes de imprimirlo, eliminar las fotos<\/span><\/p>\n<p>&nbsp;<\/p>\n<hr \/>\n","protected":false},"excerpt":{"rendered":"<p>Larga y bonita caminata para localizar las bornas 340-CI (Cruz Intermedia) a\u00a0 la 356, empezando en el Col de Baretja.<br \/>\nNos hemos saltado la 351, que ya hab\u00edamos hecho anteriormente, y repetimos la 356, que est\u00e1 en el camino de vuelta al Col de Baretja.<\/p>\n","protected":false},"author":50,"featured_media":16601,"comment_status":"closed","ping_status":"open","sticky":false,"template":"","format":"standard","meta":{"footnotes":""},"categories":[106,11,23,74,109],"tags":[],"class_list":{"0":"post-16826","1":"post","2":"type-post","3":"status-publish","4":"format-standard","5":"has-post-thumbnail","6":"hentry","7":"category-nuestros-100-cims","8":"category-moderada","9":"category-de-10-a-15-km","10":"category-0-mojones-bornas-frontera","11":"category-valle-de-aran","13":"post-with-thumbnail","14":"post-with-thumbnail-icon"},"yoast_head":"<!-- This site is optimized with the Yoast SEO plugin v27.5 - https:\/\/yoast.com\/product\/yoast-seo-wordpress\/ -->\n<title>19-08-2021-Bornas 340CI - 356 -<\/title>\n<meta name=\"robots\" content=\"index, follow, max-snippet:-1, max-image-preview:large, max-video-preview:-1\" \/>\n<link rel=\"canonical\" href=\"https:\/\/www.carlosyconchita.net\/rutas\/19-08-2021-bornas-340ci-356\/\" \/>\n<meta property=\"og:locale\" content=\"es_ES\" \/>\n<meta property=\"og:type\" content=\"article\" \/>\n<meta property=\"og:title\" content=\"19-08-2021-Bornas 340CI - 356 -\" \/>\n<meta property=\"og:description\" content=\"Larga y bonita caminata para localizar las bornas 340-CI (Cruz Intermedia) a\u00a0 la 356, empezando en el Col de Baretja. Nos hemos saltado la 351, que ya hab\u00edamos hecho anteriormente, y repetimos la 356, que est\u00e1 en el camino de vuelta al Col de Baretja.\" \/>\n<meta property=\"og:url\" content=\"https:\/\/www.carlosyconchita.net\/rutas\/19-08-2021-bornas-340ci-356\/\" \/>\n<meta property=\"og:site_name\" content=\"Las rutas de Carlos y Conchita\" \/>\n<meta property=\"article:published_time\" content=\"2021-08-19T17:29:30+00:00\" \/>\n<meta property=\"article:modified_time\" content=\"2021-09-18T14:52:06+00:00\" \/>\n<meta property=\"og:image\" content=\"https:\/\/www.carlosyconchita.net\/rutas\/wp-content\/uploads\/2021\/09\/344-1.jpg\" \/>\n\t<meta property=\"og:image:width\" content=\"1024\" \/>\n\t<meta property=\"og:image:height\" content=\"576\" \/>\n\t<meta property=\"og:image:type\" content=\"image\/jpeg\" \/>\n<meta name=\"author\" content=\"Carlos Conchita\" \/>\n<meta name=\"twitter:label1\" content=\"Escrito por\" \/>\n\t<meta name=\"twitter:data1\" content=\"Carlos Conchita\" \/>\n\t<meta name=\"twitter:label2\" content=\"Tiempo de lectura\" \/>\n\t<meta name=\"twitter:data2\" content=\"4 minutos\" \/>\n<script type=\"application\/ld+json\" class=\"yoast-schema-graph\">{\"@context\":\"https:\\\/\\\/schema.org\",\"@graph\":[{\"@type\":\"Article\",\"@id\":\"https:\\\/\\\/www.carlosyconchita.net\\\/rutas\\\/19-08-2021-bornas-340ci-356\\\/#article\",\"isPartOf\":{\"@id\":\"https:\\\/\\\/www.carlosyconchita.net\\\/rutas\\\/19-08-2021-bornas-340ci-356\\\/\"},\"author\":{\"name\":\"Carlos Conchita\",\"@id\":\"https:\\\/\\\/www.carlosyconchita.net\\\/rutas\\\/#\\\/schema\\\/person\\\/a9691f7258c28443fab2d3aa1479ea19\"},\"headline\":\"19-08-2021-Bornas 340CI &#8211; 356\",\"datePublished\":\"2021-08-19T17:29:30+00:00\",\"dateModified\":\"2021-09-18T14:52:06+00:00\",\"mainEntityOfPage\":{\"@id\":\"https:\\\/\\\/www.carlosyconchita.net\\\/rutas\\\/19-08-2021-bornas-340ci-356\\\/\"},\"wordCount\":644,\"image\":{\"@id\":\"https:\\\/\\\/www.carlosyconchita.net\\\/rutas\\\/19-08-2021-bornas-340ci-356\\\/#primaryimage\"},\"thumbnailUrl\":\"https:\\\/\\\/www.carlosyconchita.net\\\/rutas\\\/wp-content\\\/uploads\\\/2021\\\/09\\\/344-1.jpg\",\"articleSection\":[\"100 Cims Carlos y Conchita\",\"2-Moderada\",\"3 - De 10 a 15 km.\",\"Mojones \\\/ Bornas frontera ES-FR\",\"Valle de Ar\u00e1n\"],\"inLanguage\":\"es\"},{\"@type\":\"WebPage\",\"@id\":\"https:\\\/\\\/www.carlosyconchita.net\\\/rutas\\\/19-08-2021-bornas-340ci-356\\\/\",\"url\":\"https:\\\/\\\/www.carlosyconchita.net\\\/rutas\\\/19-08-2021-bornas-340ci-356\\\/\",\"name\":\"19-08-2021-Bornas 340CI - 356 -\",\"isPartOf\":{\"@id\":\"https:\\\/\\\/www.carlosyconchita.net\\\/rutas\\\/#website\"},\"primaryImageOfPage\":{\"@id\":\"https:\\\/\\\/www.carlosyconchita.net\\\/rutas\\\/19-08-2021-bornas-340ci-356\\\/#primaryimage\"},\"image\":{\"@id\":\"https:\\\/\\\/www.carlosyconchita.net\\\/rutas\\\/19-08-2021-bornas-340ci-356\\\/#primaryimage\"},\"thumbnailUrl\":\"https:\\\/\\\/www.carlosyconchita.net\\\/rutas\\\/wp-content\\\/uploads\\\/2021\\\/09\\\/344-1.jpg\",\"datePublished\":\"2021-08-19T17:29:30+00:00\",\"dateModified\":\"2021-09-18T14:52:06+00:00\",\"author\":{\"@id\":\"https:\\\/\\\/www.carlosyconchita.net\\\/rutas\\\/#\\\/schema\\\/person\\\/a9691f7258c28443fab2d3aa1479ea19\"},\"breadcrumb\":{\"@id\":\"https:\\\/\\\/www.carlosyconchita.net\\\/rutas\\\/19-08-2021-bornas-340ci-356\\\/#breadcrumb\"},\"inLanguage\":\"es\",\"potentialAction\":[{\"@type\":\"ReadAction\",\"target\":[\"https:\\\/\\\/www.carlosyconchita.net\\\/rutas\\\/19-08-2021-bornas-340ci-356\\\/\"]}]},{\"@type\":\"ImageObject\",\"inLanguage\":\"es\",\"@id\":\"https:\\\/\\\/www.carlosyconchita.net\\\/rutas\\\/19-08-2021-bornas-340ci-356\\\/#primaryimage\",\"url\":\"https:\\\/\\\/www.carlosyconchita.net\\\/rutas\\\/wp-content\\\/uploads\\\/2021\\\/09\\\/344-1.jpg\",\"contentUrl\":\"https:\\\/\\\/www.carlosyconchita.net\\\/rutas\\\/wp-content\\\/uploads\\\/2021\\\/09\\\/344-1.jpg\",\"width\":1024,\"height\":576},{\"@type\":\"BreadcrumbList\",\"@id\":\"https:\\\/\\\/www.carlosyconchita.net\\\/rutas\\\/19-08-2021-bornas-340ci-356\\\/#breadcrumb\",\"itemListElement\":[{\"@type\":\"ListItem\",\"position\":1,\"name\":\"Portada\",\"item\":\"https:\\\/\\\/www.carlosyconchita.net\\\/rutas\\\/\"},{\"@type\":\"ListItem\",\"position\":2,\"name\":\"19-08-2021-Bornas 340CI &#8211; 356\"}]},{\"@type\":\"WebSite\",\"@id\":\"https:\\\/\\\/www.carlosyconchita.net\\\/rutas\\\/#website\",\"url\":\"https:\\\/\\\/www.carlosyconchita.net\\\/rutas\\\/\",\"name\":\"Las rutas de Carlos y Conchita\",\"description\":\"\",\"potentialAction\":[{\"@type\":\"SearchAction\",\"target\":{\"@type\":\"EntryPoint\",\"urlTemplate\":\"https:\\\/\\\/www.carlosyconchita.net\\\/rutas\\\/?s={search_term_string}\"},\"query-input\":{\"@type\":\"PropertyValueSpecification\",\"valueRequired\":true,\"valueName\":\"search_term_string\"}}],\"inLanguage\":\"es\"},{\"@type\":\"Person\",\"@id\":\"https:\\\/\\\/www.carlosyconchita.net\\\/rutas\\\/#\\\/schema\\\/person\\\/a9691f7258c28443fab2d3aa1479ea19\",\"name\":\"Carlos Conchita\",\"image\":{\"@type\":\"ImageObject\",\"inLanguage\":\"es\",\"@id\":\"https:\\\/\\\/secure.gravatar.com\\\/avatar\\\/3a4625b20c8da3de99da69bfe7a322774e291c3f90dce7e8778a30fe6748ed1a?s=96&d=mm&r=g\",\"url\":\"https:\\\/\\\/secure.gravatar.com\\\/avatar\\\/3a4625b20c8da3de99da69bfe7a322774e291c3f90dce7e8778a30fe6748ed1a?s=96&d=mm&r=g\",\"contentUrl\":\"https:\\\/\\\/secure.gravatar.com\\\/avatar\\\/3a4625b20c8da3de99da69bfe7a322774e291c3f90dce7e8778a30fe6748ed1a?s=96&d=mm&r=g\",\"caption\":\"Carlos Conchita\"}}]}<\/script>\n<!-- \/ Yoast SEO plugin. -->","yoast_head_json":{"title":"19-08-2021-Bornas 340CI - 356 -","robots":{"index":"index","follow":"follow","max-snippet":"max-snippet:-1","max-image-preview":"max-image-preview:large","max-video-preview":"max-video-preview:-1"},"canonical":"https:\/\/www.carlosyconchita.net\/rutas\/19-08-2021-bornas-340ci-356\/","og_locale":"es_ES","og_type":"article","og_title":"19-08-2021-Bornas 340CI - 356 -","og_description":"Larga y bonita caminata para localizar las bornas 340-CI (Cruz Intermedia) a\u00a0 la 356, empezando en el Col de Baretja. Nos hemos saltado la 351, que ya hab\u00edamos hecho anteriormente, y repetimos la 356, que est\u00e1 en el camino de vuelta al Col de Baretja.","og_url":"https:\/\/www.carlosyconchita.net\/rutas\/19-08-2021-bornas-340ci-356\/","og_site_name":"Las rutas de Carlos y Conchita","article_published_time":"2021-08-19T17:29:30+00:00","article_modified_time":"2021-09-18T14:52:06+00:00","og_image":[{"width":1024,"height":576,"url":"https:\/\/www.carlosyconchita.net\/rutas\/wp-content\/uploads\/2021\/09\/344-1.jpg","type":"image\/jpeg"}],"author":"Carlos Conchita","twitter_misc":{"Escrito por":"Carlos Conchita","Tiempo de lectura":"4 minutos"},"schema":{"@context":"https:\/\/schema.org","@graph":[{"@type":"Article","@id":"https:\/\/www.carlosyconchita.net\/rutas\/19-08-2021-bornas-340ci-356\/#article","isPartOf":{"@id":"https:\/\/www.carlosyconchita.net\/rutas\/19-08-2021-bornas-340ci-356\/"},"author":{"name":"Carlos Conchita","@id":"https:\/\/www.carlosyconchita.net\/rutas\/#\/schema\/person\/a9691f7258c28443fab2d3aa1479ea19"},"headline":"19-08-2021-Bornas 340CI &#8211; 356","datePublished":"2021-08-19T17:29:30+00:00","dateModified":"2021-09-18T14:52:06+00:00","mainEntityOfPage":{"@id":"https:\/\/www.carlosyconchita.net\/rutas\/19-08-2021-bornas-340ci-356\/"},"wordCount":644,"image":{"@id":"https:\/\/www.carlosyconchita.net\/rutas\/19-08-2021-bornas-340ci-356\/#primaryimage"},"thumbnailUrl":"https:\/\/www.carlosyconchita.net\/rutas\/wp-content\/uploads\/2021\/09\/344-1.jpg","articleSection":["100 Cims Carlos y Conchita","2-Moderada","3 - De 10 a 15 km.","Mojones \/ Bornas frontera ES-FR","Valle de Ar\u00e1n"],"inLanguage":"es"},{"@type":"WebPage","@id":"https:\/\/www.carlosyconchita.net\/rutas\/19-08-2021-bornas-340ci-356\/","url":"https:\/\/www.carlosyconchita.net\/rutas\/19-08-2021-bornas-340ci-356\/","name":"19-08-2021-Bornas 340CI - 356 -","isPartOf":{"@id":"https:\/\/www.carlosyconchita.net\/rutas\/#website"},"primaryImageOfPage":{"@id":"https:\/\/www.carlosyconchita.net\/rutas\/19-08-2021-bornas-340ci-356\/#primaryimage"},"image":{"@id":"https:\/\/www.carlosyconchita.net\/rutas\/19-08-2021-bornas-340ci-356\/#primaryimage"},"thumbnailUrl":"https:\/\/www.carlosyconchita.net\/rutas\/wp-content\/uploads\/2021\/09\/344-1.jpg","datePublished":"2021-08-19T17:29:30+00:00","dateModified":"2021-09-18T14:52:06+00:00","author":{"@id":"https:\/\/www.carlosyconchita.net\/rutas\/#\/schema\/person\/a9691f7258c28443fab2d3aa1479ea19"},"breadcrumb":{"@id":"https:\/\/www.carlosyconchita.net\/rutas\/19-08-2021-bornas-340ci-356\/#breadcrumb"},"inLanguage":"es","potentialAction":[{"@type":"ReadAction","target":["https:\/\/www.carlosyconchita.net\/rutas\/19-08-2021-bornas-340ci-356\/"]}]},{"@type":"ImageObject","inLanguage":"es","@id":"https:\/\/www.carlosyconchita.net\/rutas\/19-08-2021-bornas-340ci-356\/#primaryimage","url":"https:\/\/www.carlosyconchita.net\/rutas\/wp-content\/uploads\/2021\/09\/344-1.jpg","contentUrl":"https:\/\/www.carlosyconchita.net\/rutas\/wp-content\/uploads\/2021\/09\/344-1.jpg","width":1024,"height":576},{"@type":"BreadcrumbList","@id":"https:\/\/www.carlosyconchita.net\/rutas\/19-08-2021-bornas-340ci-356\/#breadcrumb","itemListElement":[{"@type":"ListItem","position":1,"name":"Portada","item":"https:\/\/www.carlosyconchita.net\/rutas\/"},{"@type":"ListItem","position":2,"name":"19-08-2021-Bornas 340CI &#8211; 356"}]},{"@type":"WebSite","@id":"https:\/\/www.carlosyconchita.net\/rutas\/#website","url":"https:\/\/www.carlosyconchita.net\/rutas\/","name":"Las rutas de Carlos y Conchita","description":"","potentialAction":[{"@type":"SearchAction","target":{"@type":"EntryPoint","urlTemplate":"https:\/\/www.carlosyconchita.net\/rutas\/?s={search_term_string}"},"query-input":{"@type":"PropertyValueSpecification","valueRequired":true,"valueName":"search_term_string"}}],"inLanguage":"es"},{"@type":"Person","@id":"https:\/\/www.carlosyconchita.net\/rutas\/#\/schema\/person\/a9691f7258c28443fab2d3aa1479ea19","name":"Carlos Conchita","image":{"@type":"ImageObject","inLanguage":"es","@id":"https:\/\/secure.gravatar.com\/avatar\/3a4625b20c8da3de99da69bfe7a322774e291c3f90dce7e8778a30fe6748ed1a?s=96&d=mm&r=g","url":"https:\/\/secure.gravatar.com\/avatar\/3a4625b20c8da3de99da69bfe7a322774e291c3f90dce7e8778a30fe6748ed1a?s=96&d=mm&r=g","contentUrl":"https:\/\/secure.gravatar.com\/avatar\/3a4625b20c8da3de99da69bfe7a322774e291c3f90dce7e8778a30fe6748ed1a?s=96&d=mm&r=g","caption":"Carlos Conchita"}}]}},"_links":{"self":[{"href":"https:\/\/www.carlosyconchita.net\/rutas\/wp-json\/wp\/v2\/posts\/16826","targetHints":{"allow":["GET"]}}],"collection":[{"href":"https:\/\/www.carlosyconchita.net\/rutas\/wp-json\/wp\/v2\/posts"}],"about":[{"href":"https:\/\/www.carlosyconchita.net\/rutas\/wp-json\/wp\/v2\/types\/post"}],"author":[{"embeddable":true,"href":"https:\/\/www.carlosyconchita.net\/rutas\/wp-json\/wp\/v2\/users\/50"}],"replies":[{"embeddable":true,"href":"https:\/\/www.carlosyconchita.net\/rutas\/wp-json\/wp\/v2\/comments?post=16826"}],"version-history":[{"count":0,"href":"https:\/\/www.carlosyconchita.net\/rutas\/wp-json\/wp\/v2\/posts\/16826\/revisions"}],"wp:featuredmedia":[{"embeddable":true,"href":"https:\/\/www.carlosyconchita.net\/rutas\/wp-json\/wp\/v2\/media\/16601"}],"wp:attachment":[{"href":"https:\/\/www.carlosyconchita.net\/rutas\/wp-json\/wp\/v2\/media?parent=16826"}],"wp:term":[{"taxonomy":"category","embeddable":true,"href":"https:\/\/www.carlosyconchita.net\/rutas\/wp-json\/wp\/v2\/categories?post=16826"},{"taxonomy":"post_tag","embeddable":true,"href":"https:\/\/www.carlosyconchita.net\/rutas\/wp-json\/wp\/v2\/tags?post=16826"}],"curies":[{"name":"wp","href":"https:\/\/api.w.org\/{rel}","templated":true}]}}