{"id":16853,"date":"2021-08-21T16:43:43","date_gmt":"2021-08-21T15:43:43","guid":{"rendered":"https:\/\/www.carlosyconchita.net\/rutas\/?p=16853"},"modified":"2021-09-22T18:04:03","modified_gmt":"2021-09-22T17:04:03","slug":"21-08-2021-bornas-382-385","status":"publish","type":"post","link":"https:\/\/www.carlosyconchita.net\/rutas\/21-08-2021-bornas-382-385\/","title":{"rendered":"21-08-2021-Bornas 382-385"},"content":{"rendered":"<p><span style=\"color: #ff0000;\">Con esta publicaci\u00f3n, a\u00f1adimos\u00a0 3\u00a0 bornas m\u00e1s a nuestra lista :\u00a0 total 479 de las 602 existentes.<\/span><\/p>\n<p style=\"text-align: justify;\">Tal como hab\u00edamos previsto, hacemos hoy la continuaci\u00f3n de la excursi\u00f3n de ayer, para hacer las bornas 382 (\u00faltima de ayer) a la 385.<\/p>\n<p style=\"text-align: justify;\">Ayer paramos el coche al inicio de un camino, que estaba cerrado con un alambre, de los que suele haber en las monta\u00f1as para que lo puedas abrir y cerrar posteriormente para que no se escape al ganado, y subimos caminando hasta la Caba\u00f1a des Hours, pero vimos que en realidad no hab\u00eda ninguna se\u00f1al de que no se pudiera pasar con el coche, y as\u00ed evitarnos esta subida, y sobre todo la bajada despu\u00e9s con el calor.<\/p>\n<p style=\"text-align: justify;\">Por lo que decidimos pasar y llegar con el coche hasta la Caba\u00f1a des Hours, y as\u00ed nos evitamos unos 2.5 kms.<\/p>\n<p style=\"text-align: justify;\">Empezamos a caminar en direcci\u00f3n a la B-382, por el camino por el que volvimos ayer, subiendo por la ladera, pasando por la Caba\u00f1a de Milourtere, y llegando directamente a la B-382, que volvemos a fotografiar para nuestra colecci\u00f3n, pero a la vuelta, dejando as\u00ed constancia de que habremos \u00abunido\u00bb el camino de las bornas 374 a la 385.<\/p>\n<p style=\"text-align: justify;\">Al poco de caminar vemos ya muy a lo lejos y muy arriba , el pico o Tuc de Pujastou, donde est\u00e1 la B-385 y un punto geod\u00e9sico, aunque despu\u00e9s, no result\u00f3 tan dif\u00edcil ni tan lejos.<\/p>\n<p>Pasamos por la B-383, en donde hay al lado los restos de la antigua borna, y cuando llegamos a la B-384, vemos que tambi\u00e9n tiene al lado los restos de la antigua&#8230;<\/p>\n<p style=\"text-align: justify;\">Entonces miramos la lista que llevamos con los datos de las bornas, y vemos que seg\u00fan nuestras notas, era la 384 la que ten\u00eda al lado la antigua.<br \/>\nPensando que me hab\u00eda olvidado de anotar en la lista la 383 antigua, no le dimos m\u00e1s importancia, hasta que al enviar algunas fotos a Eef, nos indica que nadie la hab\u00eda visto antes&#8230; cosa dif\u00edcil de entender, ya que se v\u00e9 perfectamente aunque est\u00e1 a unos metros de ella&#8230; as\u00ed que hemos descubierto los restos de la antigua B-383 !<\/p>\n<p>&nbsp;<\/p>\n<p><img loading=\"lazy\" decoding=\"async\" class=\"alignnone size-full\" src=\"https:\/\/lh3.googleusercontent.com\/pw\/AM-JKLUoadQjb2AOIXUX-ynP17tGLbI_Rc7dUWLOAYsottMrVtPgcAofqJCyF26t5Z80KYEekEVIadj1kZpX0pUlxJVaCjoRHLOwdEtpPvqhrrX8GTTA8ojBZx8e6NgThmC3F3XdL248bSm8_HKtw-BPBnnLBQ=w1024-h576-no?authuser=0\" width=\"1024\" height=\"576\" \/><\/p>\n<p>&nbsp;<\/p>\n<p>Ver los comentarios de Eef sobre este \u00abdescubrimiento \u00bb :<\/p>\n<p><a href=\"http:\/\/www.grpdesbf.nl\/esfr-html-markers-375-390.html\" target=\"_blank\" rel=\"noopener\"><span style=\"color: #0000ff;\">http:\/\/www.grpdesbf.nl\/esfr-html-markers-375-390.html<\/span><\/a><span style=\"color: #000000;\"> \u00a0\u00a0 (buscar la foto de la borna 383)<\/span><\/p>\n<p>\u00a0<a href=\"http:\/\/www.grpdesbf.nl\/esfr-html-miscellania-updatelog.html\" target=\"_blank\" rel=\"noopener\"><span style=\"color: #0000ff;\">http:\/\/www.grpdesbf.nl\/esfr-html-miscellania-updatelog.html\u00a0<\/span><\/a><span style=\"color: #000000;\">\u00a0\u00a0\u00a0 (en el apartado \u00ab2 septiembre 2021\u00bb)\u00a0 <\/span><\/p>\n<p>en el que tambi\u00e9n hace constar que el\u00a0 <a href=\"https:\/\/www.carlosyconchita.net\/rutas\/11-08-2020-bornas-117-a-130\/\" target=\"_blank\" rel=\"noopener\"><span style=\"color: #0000ff;\">11-08-2020-Bornas 117 a 130<\/span><\/a>, tambi\u00e9n descubrimos una piedra con el n\u00famero 121 al lado de la borna 121, que nadie hab\u00eda visto anteriormente.<\/p>\n<p>&nbsp;<\/p>\n<hr \/>\n<p>&nbsp;<\/p>\n<p><strong>Distancia total<\/strong> :\u00a0\u00a0 7.517<span class=\"totlen\"><span class=\"summaryvalue\"> m\u00a0\u00a0\u00a0\u00a0\u00a0\u00a0\u00a0\u00a0\u00a0\u00a0\u00a0\u00a0\u00a0\u00a0\u00a0\u00a0\u00a0\u00a0\u00a0\u00a0\u00a0\u00a0\u00a0\u00a0 <\/span><\/span><strong>Desnivel acumulado (s\/Wikiloc)<\/strong>\u00a0 :\u00a0\u00a0\u00a0\u00a0 465\u00a0 m.<\/p>\n<p><strong>Alturas m\u00edn\/m\u00e1x. : \u00a0\u00a0 <\/strong>1.590 m.\/\u00a0 2.016 m.<\/p>\n<p>&nbsp;<\/p>\n<hr \/>\n<h4><strong>Album de fotos<\/strong><\/h4>\n<p><a href=\"https:\/\/photos.app.goo.gl\/Gpf2aJY4owkp2K548\" target=\"_blank\" rel=\"noopener\"><img loading=\"lazy\" decoding=\"async\" class=\"aligncenter wp-image-16858 size-medium\" src=\"https:\/\/www.carlosyconchita.net\/rutas\/wp-content\/uploads\/2021\/09\/B-382-385-00034-300x223.jpg\" alt=\"\" width=\"300\" height=\"223\" srcset=\"https:\/\/www.carlosyconchita.net\/rutas\/wp-content\/uploads\/2021\/09\/B-382-385-00034-300x223.jpg 300w, https:\/\/www.carlosyconchita.net\/rutas\/wp-content\/uploads\/2021\/09\/B-382-385-00034-600x445.jpg 600w, https:\/\/www.carlosyconchita.net\/rutas\/wp-content\/uploads\/2021\/09\/B-382-385-00034-768x570.jpg 768w, https:\/\/www.carlosyconchita.net\/rutas\/wp-content\/uploads\/2021\/09\/B-382-385-00034.jpg 1024w\" sizes=\"auto, (max-width: 300px) 100vw, 300px\" \/><\/a><\/p>\n<hr \/>\n<h4><strong>Mapa y track de la ruta<\/strong><\/h4>\n<p style=\"text-align: center;\"><strong><span style=\"color: #ff0000;\">Pulsando sobre los waypoints del mapa, se puede ver una foto del sitio.<\/span><\/strong><\/p>\n<p>&nbsp;<\/p>\n<p><a href=\"https:\/\/www.carlosyconchita.net\/rutas\/wp-content\/uploads\/gpx\/Bornas-382-385.html\" target=\"_blank\" rel=\"noopener\"><img loading=\"lazy\" decoding=\"async\" class=\"aligncenter wp-image-16466\" src=\"https:\/\/www.carlosyconchita.net\/rutas\/wp-content\/uploads\/2021\/09\/mapa2.jpg\" alt=\"\" width=\"0185\" height=\"185\" srcset=\"https:\/\/www.carlosyconchita.net\/rutas\/wp-content\/uploads\/2021\/09\/mapa2.jpg 225w, https:\/\/www.carlosyconchita.net\/rutas\/wp-content\/uploads\/2021\/09\/mapa2-120x120.jpg 120w\" sizes=\"auto, (max-width: 185px) 100vw, 185px\" \/><\/a><\/p>\n<hr \/>\n<p><strong>Wikiloc <\/strong><strong><br \/>\n<\/strong><\/p>\n<p><a href=\"https:\/\/es.wikiloc.com\/rutas-senderismo\/bornas-o-mojones-fronterizos-382-a-385-84357514\" target=\"_blank\" rel=\"noopener\"><img loading=\"lazy\" decoding=\"async\" class=\"aligncenter size-full wp-image-958\" src=\"https:\/\/www.carlosyconchita.net\/rutas\/wp-content\/uploads\/2020\/09\/wikiloc.jpg\" alt=\"\" width=\"117\" height=\"34\" \/><\/a><\/p>\n<p>&nbsp;<\/p>\n<hr \/>\n<p style=\"text-align: justify;\"><span style=\"color: #ff0000; background-color: #ffffff; font-size: 14pt;\"><strong>Si te ha gustado, comp\u00e1rtelo en tu red favorita o env\u00edanos tu comentario.<br \/>\n<\/strong><\/span><\/p>\n<p style=\"text-align: justify;\"><span style=\"font-size: 14pt;\"><strong><span style=\"color: #ff0000;\">Muchas gracias !<\/span><\/strong><\/span><\/p>\n<hr \/>\n<p style=\"text-align: justify;\"><strong><span style=\"color: #008000;\">Suscribete si quieres recibir un mail cuando publiquemos nuevas rutas : no enviamos publicidad y como m\u00e1ximo enviamos 2 mails al mes<\/span><\/strong><\/p>\n<p style=\"text-align: center;\"><a href=\"https:\/\/mailchi.mp\/6989c83a3e24\/wmv06rtqcz\/\" target=\"_blank\" rel=\"noopener noreferrer\"><strong><span style=\"color: #0000ff;\">Pulsa aqu\u00ed para suscribirte<\/span><\/strong><\/a><\/p>\n<hr \/>\n<p style=\"text-align: justify;\">\u00a0<\/p>\n<h3 style=\"text-align: justify;\">Puedes imprimir esta publicaci\u00f3n o guardarla en diferentes formatos :<\/h3>\n<p style=\"text-align: justify;\"><span style=\"color: #ff0000; font-size: 14pt;\">Para facilitar la impresi\u00f3n, se ha reducido considerablemente el tama\u00f1o de las fotos, pero si deseas imprimir sin fotos, aconsejamos guardarlo como \u201cdoc\u201d, y antes de imprimirlo, eliminar las fotos<\/span><\/p>\n<p>&nbsp;<\/p>\n<hr \/>\n<p>&nbsp;<\/p>\n","protected":false},"excerpt":{"rendered":"<p>Continuaci\u00f3n de la caminata de ayer, para localizar las siguiente bornas, es decir de la 382 (\u00faltima de ayer), hasta la 385 situada en el Tuc de Pujastou<\/p>\n","protected":false},"author":50,"featured_media":16858,"comment_status":"closed","ping_status":"open","sticky":false,"template":"","format":"standard","meta":{"footnotes":""},"categories":[10,106,22,74,109],"tags":[],"class_list":{"0":"post-16853","1":"post","2":"type-post","3":"status-publish","4":"format-standard","5":"has-post-thumbnail","6":"hentry","7":"category-facil","8":"category-nuestros-100-cims","9":"category-de-05-a-10-km","10":"category-0-mojones-bornas-frontera","11":"category-valle-de-aran","13":"post-with-thumbnail","14":"post-with-thumbnail-icon"},"yoast_head":"<!-- This site is optimized with the Yoast SEO plugin v27.4 - https:\/\/yoast.com\/product\/yoast-seo-wordpress\/ -->\n<title>21-08-2021-Bornas 382-385 -<\/title>\n<meta name=\"robots\" content=\"index, follow, max-snippet:-1, max-image-preview:large, max-video-preview:-1\" \/>\n<link rel=\"canonical\" href=\"https:\/\/www.carlosyconchita.net\/rutas\/21-08-2021-bornas-382-385\/\" \/>\n<meta property=\"og:locale\" content=\"es_ES\" \/>\n<meta property=\"og:type\" content=\"article\" \/>\n<meta property=\"og:title\" content=\"21-08-2021-Bornas 382-385 -\" \/>\n<meta property=\"og:description\" content=\"Continuaci\u00f3n de la caminata de ayer, para localizar las siguiente bornas, es decir de la 382 (\u00faltima de ayer), hasta la 385 situada en el Tuc de Pujastou\" \/>\n<meta property=\"og:url\" content=\"https:\/\/www.carlosyconchita.net\/rutas\/21-08-2021-bornas-382-385\/\" \/>\n<meta property=\"og:site_name\" content=\"Las rutas de Carlos y Conchita\" \/>\n<meta property=\"article:published_time\" content=\"2021-08-21T15:43:43+00:00\" \/>\n<meta property=\"article:modified_time\" content=\"2021-09-22T17:04:03+00:00\" \/>\n<meta property=\"og:image\" content=\"https:\/\/www.carlosyconchita.net\/rutas\/wp-content\/uploads\/2021\/09\/B-382-385-00034.jpg\" \/>\n\t<meta property=\"og:image:width\" content=\"1024\" \/>\n\t<meta property=\"og:image:height\" content=\"760\" \/>\n\t<meta property=\"og:image:type\" content=\"image\/jpeg\" \/>\n<meta name=\"author\" content=\"Carlos Conchita\" \/>\n<meta name=\"twitter:label1\" content=\"Escrito por\" \/>\n\t<meta name=\"twitter:data1\" content=\"Carlos Conchita\" \/>\n\t<meta name=\"twitter:label2\" content=\"Tiempo de lectura\" \/>\n\t<meta name=\"twitter:data2\" content=\"4 minutos\" \/>\n<script type=\"application\/ld+json\" class=\"yoast-schema-graph\">{\"@context\":\"https:\\\/\\\/schema.org\",\"@graph\":[{\"@type\":\"Article\",\"@id\":\"https:\\\/\\\/www.carlosyconchita.net\\\/rutas\\\/21-08-2021-bornas-382-385\\\/#article\",\"isPartOf\":{\"@id\":\"https:\\\/\\\/www.carlosyconchita.net\\\/rutas\\\/21-08-2021-bornas-382-385\\\/\"},\"author\":{\"name\":\"Carlos Conchita\",\"@id\":\"https:\\\/\\\/www.carlosyconchita.net\\\/rutas\\\/#\\\/schema\\\/person\\\/a9691f7258c28443fab2d3aa1479ea19\"},\"headline\":\"21-08-2021-Bornas 382-385\",\"datePublished\":\"2021-08-21T15:43:43+00:00\",\"dateModified\":\"2021-09-22T17:04:03+00:00\",\"mainEntityOfPage\":{\"@id\":\"https:\\\/\\\/www.carlosyconchita.net\\\/rutas\\\/21-08-2021-bornas-382-385\\\/\"},\"wordCount\":569,\"image\":{\"@id\":\"https:\\\/\\\/www.carlosyconchita.net\\\/rutas\\\/21-08-2021-bornas-382-385\\\/#primaryimage\"},\"thumbnailUrl\":\"https:\\\/\\\/www.carlosyconchita.net\\\/rutas\\\/wp-content\\\/uploads\\\/2021\\\/09\\\/B-382-385-00034.jpg\",\"articleSection\":[\"1-F\u00e1cil\",\"100 Cims Carlos y Conchita\",\"2 - De 5 a 10 km.\",\"Mojones \\\/ Bornas frontera ES-FR\",\"Valle de Ar\u00e1n\"],\"inLanguage\":\"es\"},{\"@type\":\"WebPage\",\"@id\":\"https:\\\/\\\/www.carlosyconchita.net\\\/rutas\\\/21-08-2021-bornas-382-385\\\/\",\"url\":\"https:\\\/\\\/www.carlosyconchita.net\\\/rutas\\\/21-08-2021-bornas-382-385\\\/\",\"name\":\"21-08-2021-Bornas 382-385 -\",\"isPartOf\":{\"@id\":\"https:\\\/\\\/www.carlosyconchita.net\\\/rutas\\\/#website\"},\"primaryImageOfPage\":{\"@id\":\"https:\\\/\\\/www.carlosyconchita.net\\\/rutas\\\/21-08-2021-bornas-382-385\\\/#primaryimage\"},\"image\":{\"@id\":\"https:\\\/\\\/www.carlosyconchita.net\\\/rutas\\\/21-08-2021-bornas-382-385\\\/#primaryimage\"},\"thumbnailUrl\":\"https:\\\/\\\/www.carlosyconchita.net\\\/rutas\\\/wp-content\\\/uploads\\\/2021\\\/09\\\/B-382-385-00034.jpg\",\"datePublished\":\"2021-08-21T15:43:43+00:00\",\"dateModified\":\"2021-09-22T17:04:03+00:00\",\"author\":{\"@id\":\"https:\\\/\\\/www.carlosyconchita.net\\\/rutas\\\/#\\\/schema\\\/person\\\/a9691f7258c28443fab2d3aa1479ea19\"},\"breadcrumb\":{\"@id\":\"https:\\\/\\\/www.carlosyconchita.net\\\/rutas\\\/21-08-2021-bornas-382-385\\\/#breadcrumb\"},\"inLanguage\":\"es\",\"potentialAction\":[{\"@type\":\"ReadAction\",\"target\":[\"https:\\\/\\\/www.carlosyconchita.net\\\/rutas\\\/21-08-2021-bornas-382-385\\\/\"]}]},{\"@type\":\"ImageObject\",\"inLanguage\":\"es\",\"@id\":\"https:\\\/\\\/www.carlosyconchita.net\\\/rutas\\\/21-08-2021-bornas-382-385\\\/#primaryimage\",\"url\":\"https:\\\/\\\/www.carlosyconchita.net\\\/rutas\\\/wp-content\\\/uploads\\\/2021\\\/09\\\/B-382-385-00034.jpg\",\"contentUrl\":\"https:\\\/\\\/www.carlosyconchita.net\\\/rutas\\\/wp-content\\\/uploads\\\/2021\\\/09\\\/B-382-385-00034.jpg\",\"width\":1024,\"height\":760},{\"@type\":\"BreadcrumbList\",\"@id\":\"https:\\\/\\\/www.carlosyconchita.net\\\/rutas\\\/21-08-2021-bornas-382-385\\\/#breadcrumb\",\"itemListElement\":[{\"@type\":\"ListItem\",\"position\":1,\"name\":\"Portada\",\"item\":\"https:\\\/\\\/www.carlosyconchita.net\\\/rutas\\\/\"},{\"@type\":\"ListItem\",\"position\":2,\"name\":\"21-08-2021-Bornas 382-385\"}]},{\"@type\":\"WebSite\",\"@id\":\"https:\\\/\\\/www.carlosyconchita.net\\\/rutas\\\/#website\",\"url\":\"https:\\\/\\\/www.carlosyconchita.net\\\/rutas\\\/\",\"name\":\"Las rutas de Carlos y Conchita\",\"description\":\"\",\"potentialAction\":[{\"@type\":\"SearchAction\",\"target\":{\"@type\":\"EntryPoint\",\"urlTemplate\":\"https:\\\/\\\/www.carlosyconchita.net\\\/rutas\\\/?s={search_term_string}\"},\"query-input\":{\"@type\":\"PropertyValueSpecification\",\"valueRequired\":true,\"valueName\":\"search_term_string\"}}],\"inLanguage\":\"es\"},{\"@type\":\"Person\",\"@id\":\"https:\\\/\\\/www.carlosyconchita.net\\\/rutas\\\/#\\\/schema\\\/person\\\/a9691f7258c28443fab2d3aa1479ea19\",\"name\":\"Carlos Conchita\",\"image\":{\"@type\":\"ImageObject\",\"inLanguage\":\"es\",\"@id\":\"https:\\\/\\\/secure.gravatar.com\\\/avatar\\\/3a4625b20c8da3de99da69bfe7a322774e291c3f90dce7e8778a30fe6748ed1a?s=96&d=mm&r=g\",\"url\":\"https:\\\/\\\/secure.gravatar.com\\\/avatar\\\/3a4625b20c8da3de99da69bfe7a322774e291c3f90dce7e8778a30fe6748ed1a?s=96&d=mm&r=g\",\"contentUrl\":\"https:\\\/\\\/secure.gravatar.com\\\/avatar\\\/3a4625b20c8da3de99da69bfe7a322774e291c3f90dce7e8778a30fe6748ed1a?s=96&d=mm&r=g\",\"caption\":\"Carlos Conchita\"}}]}<\/script>\n<!-- \/ Yoast SEO plugin. -->","yoast_head_json":{"title":"21-08-2021-Bornas 382-385 -","robots":{"index":"index","follow":"follow","max-snippet":"max-snippet:-1","max-image-preview":"max-image-preview:large","max-video-preview":"max-video-preview:-1"},"canonical":"https:\/\/www.carlosyconchita.net\/rutas\/21-08-2021-bornas-382-385\/","og_locale":"es_ES","og_type":"article","og_title":"21-08-2021-Bornas 382-385 -","og_description":"Continuaci\u00f3n de la caminata de ayer, para localizar las siguiente bornas, es decir de la 382 (\u00faltima de ayer), hasta la 385 situada en el Tuc de Pujastou","og_url":"https:\/\/www.carlosyconchita.net\/rutas\/21-08-2021-bornas-382-385\/","og_site_name":"Las rutas de Carlos y Conchita","article_published_time":"2021-08-21T15:43:43+00:00","article_modified_time":"2021-09-22T17:04:03+00:00","og_image":[{"width":1024,"height":760,"url":"https:\/\/www.carlosyconchita.net\/rutas\/wp-content\/uploads\/2021\/09\/B-382-385-00034.jpg","type":"image\/jpeg"}],"author":"Carlos Conchita","twitter_misc":{"Escrito por":"Carlos Conchita","Tiempo de lectura":"4 minutos"},"schema":{"@context":"https:\/\/schema.org","@graph":[{"@type":"Article","@id":"https:\/\/www.carlosyconchita.net\/rutas\/21-08-2021-bornas-382-385\/#article","isPartOf":{"@id":"https:\/\/www.carlosyconchita.net\/rutas\/21-08-2021-bornas-382-385\/"},"author":{"name":"Carlos Conchita","@id":"https:\/\/www.carlosyconchita.net\/rutas\/#\/schema\/person\/a9691f7258c28443fab2d3aa1479ea19"},"headline":"21-08-2021-Bornas 382-385","datePublished":"2021-08-21T15:43:43+00:00","dateModified":"2021-09-22T17:04:03+00:00","mainEntityOfPage":{"@id":"https:\/\/www.carlosyconchita.net\/rutas\/21-08-2021-bornas-382-385\/"},"wordCount":569,"image":{"@id":"https:\/\/www.carlosyconchita.net\/rutas\/21-08-2021-bornas-382-385\/#primaryimage"},"thumbnailUrl":"https:\/\/www.carlosyconchita.net\/rutas\/wp-content\/uploads\/2021\/09\/B-382-385-00034.jpg","articleSection":["1-F\u00e1cil","100 Cims Carlos y Conchita","2 - De 5 a 10 km.","Mojones \/ Bornas frontera ES-FR","Valle de Ar\u00e1n"],"inLanguage":"es"},{"@type":"WebPage","@id":"https:\/\/www.carlosyconchita.net\/rutas\/21-08-2021-bornas-382-385\/","url":"https:\/\/www.carlosyconchita.net\/rutas\/21-08-2021-bornas-382-385\/","name":"21-08-2021-Bornas 382-385 -","isPartOf":{"@id":"https:\/\/www.carlosyconchita.net\/rutas\/#website"},"primaryImageOfPage":{"@id":"https:\/\/www.carlosyconchita.net\/rutas\/21-08-2021-bornas-382-385\/#primaryimage"},"image":{"@id":"https:\/\/www.carlosyconchita.net\/rutas\/21-08-2021-bornas-382-385\/#primaryimage"},"thumbnailUrl":"https:\/\/www.carlosyconchita.net\/rutas\/wp-content\/uploads\/2021\/09\/B-382-385-00034.jpg","datePublished":"2021-08-21T15:43:43+00:00","dateModified":"2021-09-22T17:04:03+00:00","author":{"@id":"https:\/\/www.carlosyconchita.net\/rutas\/#\/schema\/person\/a9691f7258c28443fab2d3aa1479ea19"},"breadcrumb":{"@id":"https:\/\/www.carlosyconchita.net\/rutas\/21-08-2021-bornas-382-385\/#breadcrumb"},"inLanguage":"es","potentialAction":[{"@type":"ReadAction","target":["https:\/\/www.carlosyconchita.net\/rutas\/21-08-2021-bornas-382-385\/"]}]},{"@type":"ImageObject","inLanguage":"es","@id":"https:\/\/www.carlosyconchita.net\/rutas\/21-08-2021-bornas-382-385\/#primaryimage","url":"https:\/\/www.carlosyconchita.net\/rutas\/wp-content\/uploads\/2021\/09\/B-382-385-00034.jpg","contentUrl":"https:\/\/www.carlosyconchita.net\/rutas\/wp-content\/uploads\/2021\/09\/B-382-385-00034.jpg","width":1024,"height":760},{"@type":"BreadcrumbList","@id":"https:\/\/www.carlosyconchita.net\/rutas\/21-08-2021-bornas-382-385\/#breadcrumb","itemListElement":[{"@type":"ListItem","position":1,"name":"Portada","item":"https:\/\/www.carlosyconchita.net\/rutas\/"},{"@type":"ListItem","position":2,"name":"21-08-2021-Bornas 382-385"}]},{"@type":"WebSite","@id":"https:\/\/www.carlosyconchita.net\/rutas\/#website","url":"https:\/\/www.carlosyconchita.net\/rutas\/","name":"Las rutas de Carlos y Conchita","description":"","potentialAction":[{"@type":"SearchAction","target":{"@type":"EntryPoint","urlTemplate":"https:\/\/www.carlosyconchita.net\/rutas\/?s={search_term_string}"},"query-input":{"@type":"PropertyValueSpecification","valueRequired":true,"valueName":"search_term_string"}}],"inLanguage":"es"},{"@type":"Person","@id":"https:\/\/www.carlosyconchita.net\/rutas\/#\/schema\/person\/a9691f7258c28443fab2d3aa1479ea19","name":"Carlos Conchita","image":{"@type":"ImageObject","inLanguage":"es","@id":"https:\/\/secure.gravatar.com\/avatar\/3a4625b20c8da3de99da69bfe7a322774e291c3f90dce7e8778a30fe6748ed1a?s=96&d=mm&r=g","url":"https:\/\/secure.gravatar.com\/avatar\/3a4625b20c8da3de99da69bfe7a322774e291c3f90dce7e8778a30fe6748ed1a?s=96&d=mm&r=g","contentUrl":"https:\/\/secure.gravatar.com\/avatar\/3a4625b20c8da3de99da69bfe7a322774e291c3f90dce7e8778a30fe6748ed1a?s=96&d=mm&r=g","caption":"Carlos Conchita"}}]}},"_links":{"self":[{"href":"https:\/\/www.carlosyconchita.net\/rutas\/wp-json\/wp\/v2\/posts\/16853","targetHints":{"allow":["GET"]}}],"collection":[{"href":"https:\/\/www.carlosyconchita.net\/rutas\/wp-json\/wp\/v2\/posts"}],"about":[{"href":"https:\/\/www.carlosyconchita.net\/rutas\/wp-json\/wp\/v2\/types\/post"}],"author":[{"embeddable":true,"href":"https:\/\/www.carlosyconchita.net\/rutas\/wp-json\/wp\/v2\/users\/50"}],"replies":[{"embeddable":true,"href":"https:\/\/www.carlosyconchita.net\/rutas\/wp-json\/wp\/v2\/comments?post=16853"}],"version-history":[{"count":0,"href":"https:\/\/www.carlosyconchita.net\/rutas\/wp-json\/wp\/v2\/posts\/16853\/revisions"}],"wp:featuredmedia":[{"embeddable":true,"href":"https:\/\/www.carlosyconchita.net\/rutas\/wp-json\/wp\/v2\/media\/16858"}],"wp:attachment":[{"href":"https:\/\/www.carlosyconchita.net\/rutas\/wp-json\/wp\/v2\/media?parent=16853"}],"wp:term":[{"taxonomy":"category","embeddable":true,"href":"https:\/\/www.carlosyconchita.net\/rutas\/wp-json\/wp\/v2\/categories?post=16853"},{"taxonomy":"post_tag","embeddable":true,"href":"https:\/\/www.carlosyconchita.net\/rutas\/wp-json\/wp\/v2\/tags?post=16853"}],"curies":[{"name":"wp","href":"https:\/\/api.w.org\/{rel}","templated":true}]}}