{"id":16951,"date":"2021-10-07T17:19:02","date_gmt":"2021-10-07T16:19:02","guid":{"rendered":"https:\/\/www.carlosyconchita.net\/rutas\/?p=16951"},"modified":"2021-11-03T21:36:25","modified_gmt":"2021-11-03T20:36:25","slug":"07-10-2021-bornas-297-305","status":"publish","type":"post","link":"https:\/\/www.carlosyconchita.net\/rutas\/07-10-2021-bornas-297-305\/","title":{"rendered":"07-10-2021-Bornas 297-305"},"content":{"rendered":"<p style=\"text-align: justify;\"><span style=\"color: #ff0000;\">Con esta publicaci\u00f3n, a\u00f1adimos\u00a0 8\u00a0 bornas m\u00e1s a nuestra lista :\u00a0 total 488 de las 602 existentes. (Nota : no contamos las \u00abbis\u00bb, \u00absubs\u00bb, etc.)<\/span><\/p>\n<p style=\"text-align: justify;\">Hoy dejamos el coche en el Puerto de Somport, en la antigua aduana, para hacer una bonita excursi\u00f3n con la que a\u00f1adiremos 8 nuevas bornas m\u00e1s a nuestra colecci\u00f3n, teniendo en cuenta que las B-305 y B-305bis , ya las tenemos fotografiadas varias veces, y que por lo tanto no las contamos.<\/p>\n<p style=\"text-align: justify;\">El d\u00eda se presenta magn\u00edfico , con mucho sol, aunque a primera hora y especialmente en la sombra, hace bastante fr\u00edo y tenemos que ir con el anorak y guantes.<\/p>\n<p style=\"text-align: justify;\">Empezamos a caminar por detr\u00e1s del edificio de la antigua aduana espa\u00f1ola, donde est\u00e1 la B-305 grabada en una gran piedra, pegada al edificio, y de momento el camino pasa por el bosque, localizando f\u00e1cilmente las B-304 y B-303, que son del tipo \u00abmoj\u00f3n\u00bb\u00a0 y por lo tanto se ven m\u00e1s f\u00e1cilmente, aparte de que est\u00e1n en una zona m\u00e1s despejada.<\/p>\n<p style=\"text-align: justify;\">Las dos siguientes, las B-302 y B-301 nos cuestan un poco m\u00e1s, ya que est\u00e1n grabadas en la roca, a poca altura y con bastante vegetaci\u00f3n que las tapan un poco, y en este tramo del recorrido ya vemos las pistas y las instalaciones de la estaci\u00f3n de esqu\u00ed de Candanch\u00fa.<\/p>\n<p style=\"text-align: justify;\">La B-300\u00a0 es peque\u00f1a y grabada en una piedra horizontal, y afortunadamente est\u00e1 en un cruce de caminos en el Coll de Bessata, ya que sino, hubiera sido un poco dif\u00edcil verla por la vegetaci\u00f3n, y a este cruce llegaremos despu\u00e9s a la vuelta. (ver track).<\/p>\n<p style=\"text-align: justify;\">El recorrido contin\u00faa por una zona bastante plana, pasando por pistas de raquetas, hasta llegar a unas \u00absub-bornas\u00bb que se construyeron en los a\u00f1os 1977-1978 seg\u00fan los datos que tiene Eef,\u00a0 b\u00e1sicamente para evitar las disputas entre pastores. ( <span style=\"color: #0000ff;\"><a style=\"color: #0000ff;\" href=\"http:\/\/www.grpdesbf.nl\/esfr-html-markers-297-304.html\" target=\"_blank\" rel=\"noopener\">ver enlace a la web de Eef)<\/a><\/span> )<\/p>\n<p style=\"text-align: justify;\">Por su situaci\u00f3n las llamaremos 298-sub,\u00a0 situada entre la 298 y 299, y las 297-sub1 y 297-sub2 , situadas entre las 297 y 298, y que tienen un tama\u00f1o enorme, casi tan altas como una persona, como se pueden ver en las fotos, y que no est\u00e1n numeradas.<\/p>\n<p style=\"text-align: justify;\">Entre las 297-sub2 y 297-sub1, pasaremos por el Coll de Causiat, cruce de varios caminos y GR&#8217;s en verano, y de varias pistas de nieve en invierno, y poco despu\u00e9s empezamos a subir en direcci\u00f3n a la B-297 que llamaremos \u00absustituta\u00bb, en muy mal estado, sin ning\u00fan n\u00famero ni se\u00f1al, y que tambi\u00e9n se construy\u00f3 en los a\u00f1os 1977-1978, al haber desaparecido la cruz y n\u00famero originales, que estaban situadas en la pared rocosa que tenemos enfrente , la base del enorme macizo rocoso y en concreto del Pico de la Zapatilla (<span style=\"color: #0000ff;\"><a style=\"color: #0000ff;\" href=\"http:\/\/www.grpdesbf.nl\/esfr-html-markers-297-304.html\" target=\"_blank\" rel=\"noopener\">ver enlace a la web de Eef\u00a0<\/a><\/span> )<\/p>\n<p style=\"text-align: justify;\">Al no existir ning\u00fan resto de la original borna grabada en la pared rocosa, s\u00f3lo hacemos unas fotos de donde se supone que pod\u00eda estar, pero no continuamos hasta la pared, ya que hab\u00eda que descender unos metros y luego subir otros 100 m. m\u00e1s de desnivel.<\/p>\n<p style=\"text-align: justify;\">La subida a la B-297 es bastante fuerte y por una zona con mucha piedra suelta, y como no nos convenc\u00eda mucho bajar por el mismo sitio, buscamos otra v\u00eda y a un lado y a otro, y finalmente podemos bajar bastante c\u00f3modamente por una zona de grandes rocas, en donde en varias ocasiones nos hemos tenido que agarrar con las manos, pero por donde hemos pasado de forma m\u00e1s segura que a la subida.<\/p>\n<p style=\"text-align: justify;\">Repetimos el camino de la ida hasta la B-298-sub, y poco despu\u00e9s empezamos a subir hacia la B-299, que hab\u00edamos dejado para el final, y desde all\u00ed llegamos al cruce donde est\u00e1 la B-300, aunque en el tramo final de bajada nos ha costado encontrar un camino para descender.<br \/>\nUna vez en el Coll de Bessata, (B-300), mirando el GPS decidimos coger un camino distinto de la ida, llegando as\u00ed al punto de partida, en donde antes de llegar al parking, tomamos unas fotos de la Capilla de Santa Mar\u00eda de Somport y tambi\u00e9n de las bornas 305 y 305-bis, para completar la colecci\u00f3n de hoy.<\/p>\n<hr \/>\n<p>&nbsp;<\/p>\n<p><strong>Distancia total<\/strong> :\u00a0\u00a0\u00a0\u00a0\u00a0\u00a0\u00a0\u00a0\u00a0\u00a0 9.911 <span class=\"totlen\"><span class=\"summaryvalue\">m.\u00a0\u00a0\u00a0\u00a0\u00a0\u00a0\u00a0\u00a0\u00a0\u00a0\u00a0\u00a0\u00a0\u00a0\u00a0\u00a0\u00a0\u00a0\u00a0\u00a0\u00a0 <\/span><\/span><strong>Desnivel acumulado (s\/Wikiloc)<\/strong> :\u00a0 \u00a0 \u00a0393\u00a0 m.<\/p>\n<p><strong>Alturas m\u00edn\/m\u00e1x. :\u00a0\u00a0 <\/strong>1.628 m.\/ 1.792 m.<\/p>\n<p>&nbsp;<\/p>\n<hr \/>\n<p>Album de fotos<\/p>\n<p><a href=\"https:\/\/photos.app.goo.gl\/WgMNFgqSALL34ecK8\" target=\"_blank\" rel=\"noopener\"><img loading=\"lazy\" decoding=\"async\" class=\"aligncenter wp-image-16954 size-medium\" src=\"https:\/\/www.carlosyconchita.net\/rutas\/wp-content\/uploads\/2021\/10\/Bornas-297-305-00064-300x169.jpg\" alt=\"\" width=\"300\" height=\"169\" srcset=\"https:\/\/www.carlosyconchita.net\/rutas\/wp-content\/uploads\/2021\/10\/Bornas-297-305-00064-300x169.jpg 300w, https:\/\/www.carlosyconchita.net\/rutas\/wp-content\/uploads\/2021\/10\/Bornas-297-305-00064-600x338.jpg 600w, https:\/\/www.carlosyconchita.net\/rutas\/wp-content\/uploads\/2021\/10\/Bornas-297-305-00064-768x432.jpg 768w, https:\/\/www.carlosyconchita.net\/rutas\/wp-content\/uploads\/2021\/10\/Bornas-297-305-00064.jpg 1024w\" sizes=\"auto, (max-width: 300px) 100vw, 300px\" \/><\/a><\/p>\n<hr \/>\n<h4><strong>Mapa y track de la ruta<\/strong><\/h4>\n<p style=\"text-align: center;\"><strong><span style=\"color: #ff0000;\">Pulsando sobre los waypoints del mapa, se puede ver una foto del sitio.<\/span><\/strong><\/p>\n<p>&nbsp;<\/p>\n<p><a href=\"https:\/\/www.carlosyconchita.net\/rutas\/wp-content\/uploads\/gpx\/Bornas-297-305.html\" target=\"_blank\" rel=\"noopener\"><img loading=\"lazy\" decoding=\"async\" class=\"aligncenter wp-image-16466\" src=\"https:\/\/www.carlosyconchita.net\/rutas\/wp-content\/uploads\/2021\/09\/mapa2.jpg\" alt=\"\" width=\"0185\" height=\"185\" srcset=\"https:\/\/www.carlosyconchita.net\/rutas\/wp-content\/uploads\/2021\/09\/mapa2.jpg 225w, https:\/\/www.carlosyconchita.net\/rutas\/wp-content\/uploads\/2021\/09\/mapa2-120x120.jpg 120w\" sizes=\"auto, (max-width: 185px) 100vw, 185px\" \/><\/a><\/p>\n<hr \/>\n<p><strong>Wikiloc <\/strong><strong><br \/>\n<\/strong><\/p>\n<p><a href=\"https:\/\/es.wikiloc.com\/rutas-senderismo\/bornas-o-mojones-fronterizos-297-a-305-86728791\" target=\"_blank\" rel=\"noopener\"><img loading=\"lazy\" decoding=\"async\" class=\"aligncenter size-full wp-image-958\" src=\"https:\/\/www.carlosyconchita.net\/rutas\/wp-content\/uploads\/2020\/09\/wikiloc.jpg\" alt=\"\" width=\"117\" height=\"34\" \/><\/a><\/p>\n<p>&nbsp;<\/p>\n<hr \/>\n<p style=\"text-align: justify;\"><span style=\"color: #ff0000; background-color: #ffffff; font-size: 14pt;\"><strong>Si te ha gustado, comp\u00e1rtelo en tu red favorita o env\u00edanos tu comentario.<br \/>\n<\/strong><\/span><\/p>\n<p style=\"text-align: justify;\"><span style=\"font-size: 14pt;\"><strong><span style=\"color: #ff0000;\">Muchas gracias !<\/span><\/strong><\/span><\/p>\n<hr \/>\n<p style=\"text-align: justify;\"><strong><span style=\"color: #008000;\">Suscribete si quieres recibir un mail cuando publiquemos nuevas rutas : no enviamos publicidad y como m\u00e1ximo enviamos 2 mails al mes<\/span><\/strong><\/p>\n<p style=\"text-align: center;\"><a href=\"https:\/\/mailchi.mp\/6989c83a3e24\/wmv06rtqcz\/\" target=\"_blank\" rel=\"noopener noreferrer\"><strong><span style=\"color: #0000ff;\">Pulsa aqu\u00ed para suscribirte<\/span><\/strong><\/a><\/p>\n<hr \/>\n<p style=\"text-align: justify;\">\u00a0<\/p>\n<h3 style=\"text-align: justify;\">Puedes imprimir esta publicaci\u00f3n o guardarla en diferentes formatos :<\/h3>\n<p style=\"text-align: justify;\"><span style=\"color: #ff0000; font-size: 14pt;\">Para facilitar la impresi\u00f3n, se ha reducido considerablemente el tama\u00f1o de las fotos, pero si deseas imprimir sin fotos, aconsejamos guardarlo como \u201cdoc\u201d, y antes de imprimirlo, eliminar las fotos<\/span><\/p>\n<p>&nbsp;<\/p>\n<hr \/>\n","protected":false},"excerpt":{"rendered":"<p>Bonita caminata por la zona de Somport-Candanch\u00fa, para localizar las bornas 297 a 305, con imponente vistas de las monta\u00f1as.<\/p>\n","protected":false},"author":50,"featured_media":16954,"comment_status":"closed","ping_status":"open","sticky":false,"template":"","format":"standard","meta":{"footnotes":""},"categories":[10,22,11,90,74],"tags":[],"class_list":{"0":"post-16951","1":"post","2":"type-post","3":"status-publish","4":"format-standard","5":"has-post-thumbnail","6":"hentry","7":"category-facil","8":"category-de-05-a-10-km","9":"category-moderada","10":"category-huesca","11":"category-0-mojones-bornas-frontera","13":"post-with-thumbnail","14":"post-with-thumbnail-icon"},"yoast_head":"<!-- This site is optimized with the Yoast SEO plugin v27.4 - https:\/\/yoast.com\/product\/yoast-seo-wordpress\/ -->\n<title>07-10-2021-Bornas 297-305 -<\/title>\n<meta name=\"robots\" content=\"index, follow, max-snippet:-1, max-image-preview:large, max-video-preview:-1\" \/>\n<link rel=\"canonical\" href=\"https:\/\/www.carlosyconchita.net\/rutas\/07-10-2021-bornas-297-305\/\" \/>\n<meta property=\"og:locale\" content=\"es_ES\" \/>\n<meta property=\"og:type\" content=\"article\" \/>\n<meta property=\"og:title\" content=\"07-10-2021-Bornas 297-305 -\" \/>\n<meta property=\"og:description\" content=\"Bonita caminata por la zona de Somport-Candanch\u00fa, para localizar las bornas 297 a 305, con imponente vistas de las monta\u00f1as.\" \/>\n<meta property=\"og:url\" content=\"https:\/\/www.carlosyconchita.net\/rutas\/07-10-2021-bornas-297-305\/\" \/>\n<meta property=\"og:site_name\" content=\"Las rutas de Carlos y Conchita\" \/>\n<meta property=\"article:published_time\" content=\"2021-10-07T16:19:02+00:00\" \/>\n<meta property=\"article:modified_time\" content=\"2021-11-03T20:36:25+00:00\" \/>\n<meta property=\"og:image\" content=\"https:\/\/www.carlosyconchita.net\/rutas\/wp-content\/uploads\/2021\/10\/Bornas-297-305-00064.jpg\" \/>\n\t<meta property=\"og:image:width\" content=\"1024\" \/>\n\t<meta property=\"og:image:height\" content=\"576\" \/>\n\t<meta property=\"og:image:type\" content=\"image\/jpeg\" \/>\n<meta name=\"author\" content=\"Carlos Conchita\" \/>\n<meta name=\"twitter:label1\" content=\"Escrito por\" \/>\n\t<meta name=\"twitter:data1\" content=\"Carlos Conchita\" \/>\n\t<meta name=\"twitter:label2\" content=\"Tiempo de lectura\" \/>\n\t<meta name=\"twitter:data2\" content=\"5 minutos\" \/>\n<script type=\"application\/ld+json\" class=\"yoast-schema-graph\">{\"@context\":\"https:\\\/\\\/schema.org\",\"@graph\":[{\"@type\":\"Article\",\"@id\":\"https:\\\/\\\/www.carlosyconchita.net\\\/rutas\\\/07-10-2021-bornas-297-305\\\/#article\",\"isPartOf\":{\"@id\":\"https:\\\/\\\/www.carlosyconchita.net\\\/rutas\\\/07-10-2021-bornas-297-305\\\/\"},\"author\":{\"name\":\"Carlos Conchita\",\"@id\":\"https:\\\/\\\/www.carlosyconchita.net\\\/rutas\\\/#\\\/schema\\\/person\\\/a9691f7258c28443fab2d3aa1479ea19\"},\"headline\":\"07-10-2021-Bornas 297-305\",\"datePublished\":\"2021-10-07T16:19:02+00:00\",\"dateModified\":\"2021-11-03T20:36:25+00:00\",\"mainEntityOfPage\":{\"@id\":\"https:\\\/\\\/www.carlosyconchita.net\\\/rutas\\\/07-10-2021-bornas-297-305\\\/\"},\"wordCount\":858,\"image\":{\"@id\":\"https:\\\/\\\/www.carlosyconchita.net\\\/rutas\\\/07-10-2021-bornas-297-305\\\/#primaryimage\"},\"thumbnailUrl\":\"https:\\\/\\\/www.carlosyconchita.net\\\/rutas\\\/wp-content\\\/uploads\\\/2021\\\/10\\\/Bornas-297-305-00064.jpg\",\"articleSection\":[\"1-F\u00e1cil\",\"2 - De 5 a 10 km.\",\"2-Moderada\",\"Huesca\",\"Mojones \\\/ Bornas frontera ES-FR\"],\"inLanguage\":\"es\"},{\"@type\":\"WebPage\",\"@id\":\"https:\\\/\\\/www.carlosyconchita.net\\\/rutas\\\/07-10-2021-bornas-297-305\\\/\",\"url\":\"https:\\\/\\\/www.carlosyconchita.net\\\/rutas\\\/07-10-2021-bornas-297-305\\\/\",\"name\":\"07-10-2021-Bornas 297-305 -\",\"isPartOf\":{\"@id\":\"https:\\\/\\\/www.carlosyconchita.net\\\/rutas\\\/#website\"},\"primaryImageOfPage\":{\"@id\":\"https:\\\/\\\/www.carlosyconchita.net\\\/rutas\\\/07-10-2021-bornas-297-305\\\/#primaryimage\"},\"image\":{\"@id\":\"https:\\\/\\\/www.carlosyconchita.net\\\/rutas\\\/07-10-2021-bornas-297-305\\\/#primaryimage\"},\"thumbnailUrl\":\"https:\\\/\\\/www.carlosyconchita.net\\\/rutas\\\/wp-content\\\/uploads\\\/2021\\\/10\\\/Bornas-297-305-00064.jpg\",\"datePublished\":\"2021-10-07T16:19:02+00:00\",\"dateModified\":\"2021-11-03T20:36:25+00:00\",\"author\":{\"@id\":\"https:\\\/\\\/www.carlosyconchita.net\\\/rutas\\\/#\\\/schema\\\/person\\\/a9691f7258c28443fab2d3aa1479ea19\"},\"breadcrumb\":{\"@id\":\"https:\\\/\\\/www.carlosyconchita.net\\\/rutas\\\/07-10-2021-bornas-297-305\\\/#breadcrumb\"},\"inLanguage\":\"es\",\"potentialAction\":[{\"@type\":\"ReadAction\",\"target\":[\"https:\\\/\\\/www.carlosyconchita.net\\\/rutas\\\/07-10-2021-bornas-297-305\\\/\"]}]},{\"@type\":\"ImageObject\",\"inLanguage\":\"es\",\"@id\":\"https:\\\/\\\/www.carlosyconchita.net\\\/rutas\\\/07-10-2021-bornas-297-305\\\/#primaryimage\",\"url\":\"https:\\\/\\\/www.carlosyconchita.net\\\/rutas\\\/wp-content\\\/uploads\\\/2021\\\/10\\\/Bornas-297-305-00064.jpg\",\"contentUrl\":\"https:\\\/\\\/www.carlosyconchita.net\\\/rutas\\\/wp-content\\\/uploads\\\/2021\\\/10\\\/Bornas-297-305-00064.jpg\",\"width\":1024,\"height\":576},{\"@type\":\"BreadcrumbList\",\"@id\":\"https:\\\/\\\/www.carlosyconchita.net\\\/rutas\\\/07-10-2021-bornas-297-305\\\/#breadcrumb\",\"itemListElement\":[{\"@type\":\"ListItem\",\"position\":1,\"name\":\"Portada\",\"item\":\"https:\\\/\\\/www.carlosyconchita.net\\\/rutas\\\/\"},{\"@type\":\"ListItem\",\"position\":2,\"name\":\"07-10-2021-Bornas 297-305\"}]},{\"@type\":\"WebSite\",\"@id\":\"https:\\\/\\\/www.carlosyconchita.net\\\/rutas\\\/#website\",\"url\":\"https:\\\/\\\/www.carlosyconchita.net\\\/rutas\\\/\",\"name\":\"Las rutas de Carlos y Conchita\",\"description\":\"\",\"potentialAction\":[{\"@type\":\"SearchAction\",\"target\":{\"@type\":\"EntryPoint\",\"urlTemplate\":\"https:\\\/\\\/www.carlosyconchita.net\\\/rutas\\\/?s={search_term_string}\"},\"query-input\":{\"@type\":\"PropertyValueSpecification\",\"valueRequired\":true,\"valueName\":\"search_term_string\"}}],\"inLanguage\":\"es\"},{\"@type\":\"Person\",\"@id\":\"https:\\\/\\\/www.carlosyconchita.net\\\/rutas\\\/#\\\/schema\\\/person\\\/a9691f7258c28443fab2d3aa1479ea19\",\"name\":\"Carlos Conchita\",\"image\":{\"@type\":\"ImageObject\",\"inLanguage\":\"es\",\"@id\":\"https:\\\/\\\/secure.gravatar.com\\\/avatar\\\/3a4625b20c8da3de99da69bfe7a322774e291c3f90dce7e8778a30fe6748ed1a?s=96&d=mm&r=g\",\"url\":\"https:\\\/\\\/secure.gravatar.com\\\/avatar\\\/3a4625b20c8da3de99da69bfe7a322774e291c3f90dce7e8778a30fe6748ed1a?s=96&d=mm&r=g\",\"contentUrl\":\"https:\\\/\\\/secure.gravatar.com\\\/avatar\\\/3a4625b20c8da3de99da69bfe7a322774e291c3f90dce7e8778a30fe6748ed1a?s=96&d=mm&r=g\",\"caption\":\"Carlos Conchita\"}}]}<\/script>\n<!-- \/ Yoast SEO plugin. -->","yoast_head_json":{"title":"07-10-2021-Bornas 297-305 -","robots":{"index":"index","follow":"follow","max-snippet":"max-snippet:-1","max-image-preview":"max-image-preview:large","max-video-preview":"max-video-preview:-1"},"canonical":"https:\/\/www.carlosyconchita.net\/rutas\/07-10-2021-bornas-297-305\/","og_locale":"es_ES","og_type":"article","og_title":"07-10-2021-Bornas 297-305 -","og_description":"Bonita caminata por la zona de Somport-Candanch\u00fa, para localizar las bornas 297 a 305, con imponente vistas de las monta\u00f1as.","og_url":"https:\/\/www.carlosyconchita.net\/rutas\/07-10-2021-bornas-297-305\/","og_site_name":"Las rutas de Carlos y Conchita","article_published_time":"2021-10-07T16:19:02+00:00","article_modified_time":"2021-11-03T20:36:25+00:00","og_image":[{"width":1024,"height":576,"url":"https:\/\/www.carlosyconchita.net\/rutas\/wp-content\/uploads\/2021\/10\/Bornas-297-305-00064.jpg","type":"image\/jpeg"}],"author":"Carlos Conchita","twitter_misc":{"Escrito por":"Carlos Conchita","Tiempo de lectura":"5 minutos"},"schema":{"@context":"https:\/\/schema.org","@graph":[{"@type":"Article","@id":"https:\/\/www.carlosyconchita.net\/rutas\/07-10-2021-bornas-297-305\/#article","isPartOf":{"@id":"https:\/\/www.carlosyconchita.net\/rutas\/07-10-2021-bornas-297-305\/"},"author":{"name":"Carlos Conchita","@id":"https:\/\/www.carlosyconchita.net\/rutas\/#\/schema\/person\/a9691f7258c28443fab2d3aa1479ea19"},"headline":"07-10-2021-Bornas 297-305","datePublished":"2021-10-07T16:19:02+00:00","dateModified":"2021-11-03T20:36:25+00:00","mainEntityOfPage":{"@id":"https:\/\/www.carlosyconchita.net\/rutas\/07-10-2021-bornas-297-305\/"},"wordCount":858,"image":{"@id":"https:\/\/www.carlosyconchita.net\/rutas\/07-10-2021-bornas-297-305\/#primaryimage"},"thumbnailUrl":"https:\/\/www.carlosyconchita.net\/rutas\/wp-content\/uploads\/2021\/10\/Bornas-297-305-00064.jpg","articleSection":["1-F\u00e1cil","2 - De 5 a 10 km.","2-Moderada","Huesca","Mojones \/ Bornas frontera ES-FR"],"inLanguage":"es"},{"@type":"WebPage","@id":"https:\/\/www.carlosyconchita.net\/rutas\/07-10-2021-bornas-297-305\/","url":"https:\/\/www.carlosyconchita.net\/rutas\/07-10-2021-bornas-297-305\/","name":"07-10-2021-Bornas 297-305 -","isPartOf":{"@id":"https:\/\/www.carlosyconchita.net\/rutas\/#website"},"primaryImageOfPage":{"@id":"https:\/\/www.carlosyconchita.net\/rutas\/07-10-2021-bornas-297-305\/#primaryimage"},"image":{"@id":"https:\/\/www.carlosyconchita.net\/rutas\/07-10-2021-bornas-297-305\/#primaryimage"},"thumbnailUrl":"https:\/\/www.carlosyconchita.net\/rutas\/wp-content\/uploads\/2021\/10\/Bornas-297-305-00064.jpg","datePublished":"2021-10-07T16:19:02+00:00","dateModified":"2021-11-03T20:36:25+00:00","author":{"@id":"https:\/\/www.carlosyconchita.net\/rutas\/#\/schema\/person\/a9691f7258c28443fab2d3aa1479ea19"},"breadcrumb":{"@id":"https:\/\/www.carlosyconchita.net\/rutas\/07-10-2021-bornas-297-305\/#breadcrumb"},"inLanguage":"es","potentialAction":[{"@type":"ReadAction","target":["https:\/\/www.carlosyconchita.net\/rutas\/07-10-2021-bornas-297-305\/"]}]},{"@type":"ImageObject","inLanguage":"es","@id":"https:\/\/www.carlosyconchita.net\/rutas\/07-10-2021-bornas-297-305\/#primaryimage","url":"https:\/\/www.carlosyconchita.net\/rutas\/wp-content\/uploads\/2021\/10\/Bornas-297-305-00064.jpg","contentUrl":"https:\/\/www.carlosyconchita.net\/rutas\/wp-content\/uploads\/2021\/10\/Bornas-297-305-00064.jpg","width":1024,"height":576},{"@type":"BreadcrumbList","@id":"https:\/\/www.carlosyconchita.net\/rutas\/07-10-2021-bornas-297-305\/#breadcrumb","itemListElement":[{"@type":"ListItem","position":1,"name":"Portada","item":"https:\/\/www.carlosyconchita.net\/rutas\/"},{"@type":"ListItem","position":2,"name":"07-10-2021-Bornas 297-305"}]},{"@type":"WebSite","@id":"https:\/\/www.carlosyconchita.net\/rutas\/#website","url":"https:\/\/www.carlosyconchita.net\/rutas\/","name":"Las rutas de Carlos y Conchita","description":"","potentialAction":[{"@type":"SearchAction","target":{"@type":"EntryPoint","urlTemplate":"https:\/\/www.carlosyconchita.net\/rutas\/?s={search_term_string}"},"query-input":{"@type":"PropertyValueSpecification","valueRequired":true,"valueName":"search_term_string"}}],"inLanguage":"es"},{"@type":"Person","@id":"https:\/\/www.carlosyconchita.net\/rutas\/#\/schema\/person\/a9691f7258c28443fab2d3aa1479ea19","name":"Carlos Conchita","image":{"@type":"ImageObject","inLanguage":"es","@id":"https:\/\/secure.gravatar.com\/avatar\/3a4625b20c8da3de99da69bfe7a322774e291c3f90dce7e8778a30fe6748ed1a?s=96&d=mm&r=g","url":"https:\/\/secure.gravatar.com\/avatar\/3a4625b20c8da3de99da69bfe7a322774e291c3f90dce7e8778a30fe6748ed1a?s=96&d=mm&r=g","contentUrl":"https:\/\/secure.gravatar.com\/avatar\/3a4625b20c8da3de99da69bfe7a322774e291c3f90dce7e8778a30fe6748ed1a?s=96&d=mm&r=g","caption":"Carlos Conchita"}}]}},"_links":{"self":[{"href":"https:\/\/www.carlosyconchita.net\/rutas\/wp-json\/wp\/v2\/posts\/16951","targetHints":{"allow":["GET"]}}],"collection":[{"href":"https:\/\/www.carlosyconchita.net\/rutas\/wp-json\/wp\/v2\/posts"}],"about":[{"href":"https:\/\/www.carlosyconchita.net\/rutas\/wp-json\/wp\/v2\/types\/post"}],"author":[{"embeddable":true,"href":"https:\/\/www.carlosyconchita.net\/rutas\/wp-json\/wp\/v2\/users\/50"}],"replies":[{"embeddable":true,"href":"https:\/\/www.carlosyconchita.net\/rutas\/wp-json\/wp\/v2\/comments?post=16951"}],"version-history":[{"count":0,"href":"https:\/\/www.carlosyconchita.net\/rutas\/wp-json\/wp\/v2\/posts\/16951\/revisions"}],"wp:featuredmedia":[{"embeddable":true,"href":"https:\/\/www.carlosyconchita.net\/rutas\/wp-json\/wp\/v2\/media\/16954"}],"wp:attachment":[{"href":"https:\/\/www.carlosyconchita.net\/rutas\/wp-json\/wp\/v2\/media?parent=16951"}],"wp:term":[{"taxonomy":"category","embeddable":true,"href":"https:\/\/www.carlosyconchita.net\/rutas\/wp-json\/wp\/v2\/categories?post=16951"},{"taxonomy":"post_tag","embeddable":true,"href":"https:\/\/www.carlosyconchita.net\/rutas\/wp-json\/wp\/v2\/tags?post=16951"}],"curies":[{"name":"wp","href":"https:\/\/api.w.org\/{rel}","templated":true}]}}