{"id":17065,"date":"2021-10-23T19:41:48","date_gmt":"2021-10-23T18:41:48","guid":{"rendered":"https:\/\/www.carlosyconchita.net\/rutas\/?p=17065"},"modified":"2021-11-11T21:34:25","modified_gmt":"2021-11-11T20:34:25","slug":"23-10-2021-puig-dorria-y-bornas-504-506","status":"publish","type":"post","link":"https:\/\/www.carlosyconchita.net\/rutas\/23-10-2021-puig-dorria-y-bornas-504-506\/","title":{"rendered":"23-10-2021-Puig Dorria y bornas 504-506"},"content":{"rendered":"<p style=\"text-align: justify;\">Hoy repetimos una excursi\u00f3n realizada el d\u00eda\u00a0 <span style=\"color: #0000ff;\"><a style=\"color: #0000ff;\" title=\"Enlace permanente a 10-06-2016 \u2013 Puig de Dorria (y Borna 506)\" href=\"https:\/\/www.carlosyconchita.net\/rutas\/10-06-2016-puig-dorria-borna-506\/\" target=\"_blank\" rel=\"bookmark noopener\">10-06-2016 \u2013 Puig de Dorria (y Borna 506),<\/a><span style=\"color: #000000;\">\u00a0 <span style=\"color: #333333;\">ya que en aquella ocasi\u00f3n cuando llegamos al Puig Dorria, empez\u00f3 a subir la niebla desde la zona de la Collada de Tosas, y nos quedamos sin ver el paisaje, como se puede ver en esta foto :<\/span><\/span><\/span><\/p>\n<p><img loading=\"lazy\" decoding=\"async\" class=\"alignnone size-full\" src=\"https:\/\/lh3.googleusercontent.com\/pw\/AM-JKLVm7MDUF_dZUHRTa3RzzbErzQqxGnAb9lzfT_7ailbtpV8cfnWhbEpJ0wROYcu3xQXjt61iEv5e_zBogQf35UeiRmq5V8LUxBzpjR5l-zDD6OrniVXdIpHvxdt8n2TynchTVRNBeMvMy0BdQLvAdJMfLA=w1024-h575-no?authuser=0\" width=\"1024\" height=\"575\" \/><\/p>\n<p>&nbsp;<\/p>\n<p style=\"text-align: justify;\">Hab\u00edamos intentado hacerla hace unas semanas, pero nos encontramos la carretera que sube desde Valceboll\u00e9re a la Coma Morera, cortada por \u00abtrabajos forestales\u00bb.<\/p>\n<p>&nbsp;<\/p>\n<p><img loading=\"lazy\" decoding=\"async\" class=\"alignnone size-full\" src=\"https:\/\/lh3.googleusercontent.com\/pcuSpTCIRgUaQ6P2dnmAYoSq1fYiVaepJfJlbobnRa_zKo4XAJKCNvJVWkR_A5RoIugAZKKhePdhIUoB6JLALgzTlEuzTNFUScW_LbEQADXMQkCcA0pW1yM4MUd3RYmJogeVh_7o02laH8yGpRheQlp0y6JbSxggoq9pc8ZiY8EXPMADiC7flS9OBi4kM8F6HYwjsN7jSPMRKC0hU2JUhI6eJYFxU5KzVNBXPXQhCFfk7UrFZcIHgcgS076fk1ZLzxnk8keQ7eSEnsOnwoltxwcCEEymhx_hXykNVVMmHlhuamWJcAHWJLlWCUMssxeHD80GTurE2BLl7jy-y4hIJx-hTi_UpDjGfJehkRu9R1-OSjTEuq7aSBoTtF5oLIdJpJNhgg4ZejBW2jkjkrVX0u5hEsR5UVGoHjOrBQ2TdNE06zKcNi3RfCpC9jHEGSdFJHjGh9r_INKek3nb6W80P_hNmXzIBHzhZmS-N8uv7igBW0obYq2TfCrsepZRGX05YtBmBlRReJSydVsHNo-IDoiop8Jj6JhuVvcNSWN280t1ksgqfgdM3zZTPMSZtOOU5g_f5uMUa6JU99gpT_O1mkmRB3t3KaAis4Mq7rylk_UbohCbpPIdnu74ggNQaTvUQB7RqDMB1Q3b7SPspRtcnV5i808K4Eb2zsJ5mAWwC4HGVXSwdbq-ZDaBtcbIOuk6hKOQDauWT7AL53LALR7KPomu=w1024-h576-no?authuser=0\" width=\"1024\" height=\"576\" \/><\/p>\n<p>&nbsp;<\/p>\n<p style=\"text-align: justify;\">Esta vez hemos tenido m\u00e1s suerte y hemos podido llegar hasta la Coma Morera , donde est\u00e1 la borna 506, y all\u00ed podemos dejar el coche en una especie de cercado, pero no para el ganado sino para los coches, como se puede ver en las fotos, as\u00ed como tambi\u00e9n el paisaje desde la B-506 y desde el Puig Dorria, sin niebla, por lo que hemos podido ver toda la zona de la Collada de Tosses, y los pueblos de Tosses, Plan\u00e9s y Planoles.<\/p>\n<p style=\"text-align: justify;\">El recorrido es muy f\u00e1cil, siguiendo un camino que va siguiendo m\u00e1s o menos la l\u00ednea de la frontera, se\u00f1alada por una valla, excepto en alg\u00fan sitio que se separa para evitar subir alguna peque\u00f1a colina.<\/p>\n<p style=\"text-align: justify;\">Llegaremos poco despu\u00e9s a la borna 505, en donde podemos ver un cartel explicativo de las Ruta de la Retirada, utilizada en la guerra civil para huir a Francia , y que pasaba por este punto, desde los vecimos pueblos espa\u00f1oles hasta Valcebollere, y durante la II Guerra Mundial, en sentido inverso, por los que hu\u00edan de las tropas de Hitler.\u00a0 (m\u00e1s informaci\u00f3n en el enlace a la excursi\u00f3n y album de fotos del dia 30-05-2015 , que adem\u00e1s tiene el \u00abhonor\u00bb de ser la primera en la que vimos una de \u00abnuestras\u00bb bornas :\u00a0 <a href=\"https:\/\/www.carlosyconchita.net\/rutas\/?s=retirada\" target=\"_blank\" rel=\"noopener\"><span style=\"color: #0000ff;\">Pulsar aqu\u00ed<\/span><\/a>\u00a0 )<\/p>\n<p style=\"text-align: justify;\">Seguiremos despu\u00e9s en direcci\u00f3n a la borna 506, desde donde podemos ver la Tossa del Pas dels Lladres\u00a0 (ver\u00a0 <a href=\"https:\/\/www.carlosyconchita.net\/rutas\/18-11-2017-picos-duraneu-tossa-pas-dels-lladres\/\" target=\"_blank\" rel=\"noopener\"><span style=\"color: #0000ff;\">18-11-2017-Picos Duraneu y Tossa Pas dels Lladres<\/span><\/a>\u00a0 ), as\u00ed como el Puigmal.<\/p>\n<p style=\"text-align: justify;\">Debido al fuerte sol que hac\u00eda, y a que no llev\u00e1bamos lo que nosotros llamamos el \u00abkit de reparaci\u00f3n\u00bb de bornas, no pudimos resaltar con tiza el n\u00famero de la borna, por lo que esta vez, casi no se aprecia.<\/p>\n<p style=\"text-align: justify;\">En el camino de vuelta pasamos por el Puig Dorria, y despu\u00e9s por el Puig Gorrablanc, que a la ida\u00a0 hab\u00edamos dejado para despu\u00e9s.<\/p>\n<hr \/>\n<h4>Album de fotos<\/h4>\n<p><a href=\"https:\/\/photos.app.goo.gl\/uE2cAogApiHbZCEGA\" target=\"_blank\" rel=\"noopener\"><img loading=\"lazy\" decoding=\"async\" class=\"aligncenter wp-image-17067 size-medium\" src=\"https:\/\/www.carlosyconchita.net\/rutas\/wp-content\/uploads\/2021\/11\/Dorria-504-506-00006-300x169.jpg\" alt=\"\" width=\"300\" height=\"169\" srcset=\"https:\/\/www.carlosyconchita.net\/rutas\/wp-content\/uploads\/2021\/11\/Dorria-504-506-00006-300x169.jpg 300w, https:\/\/www.carlosyconchita.net\/rutas\/wp-content\/uploads\/2021\/11\/Dorria-504-506-00006-600x338.jpg 600w, https:\/\/www.carlosyconchita.net\/rutas\/wp-content\/uploads\/2021\/11\/Dorria-504-506-00006-768x432.jpg 768w, https:\/\/www.carlosyconchita.net\/rutas\/wp-content\/uploads\/2021\/11\/Dorria-504-506-00006.jpg 1024w\" sizes=\"auto, (max-width: 300px) 100vw, 300px\" \/><\/a><\/p>\n<p>&nbsp;<\/p>\n<hr \/>\n<h4><strong>Mapa y track de la ruta<\/strong><\/h4>\n<p style=\"text-align: center;\"><strong><span style=\"color: #ff0000;\">Pulsando sobre los waypoints del mapa, se puede ver una foto del sitio.<\/span><\/strong><\/p>\n<p>&nbsp;<\/p>\n<p><a href=\"https:\/\/www.carlosyconchita.net\/rutas\/wp-content\/uploads\/gpx\/PuigDorria-B-506.html\" target=\"_blank\" rel=\"noopener\"><img loading=\"lazy\" decoding=\"async\" class=\"aligncenter wp-image-16466\" src=\"https:\/\/www.carlosyconchita.net\/rutas\/wp-content\/uploads\/2021\/09\/mapa2.jpg\" alt=\"\" width=\"0185\" height=\"185\" srcset=\"https:\/\/www.carlosyconchita.net\/rutas\/wp-content\/uploads\/2021\/09\/mapa2.jpg 225w, https:\/\/www.carlosyconchita.net\/rutas\/wp-content\/uploads\/2021\/09\/mapa2-120x120.jpg 120w\" sizes=\"auto, (max-width: 185px) 100vw, 185px\" \/><\/a><\/p>\n<hr \/>\n<p><strong>Wikiloc <\/strong><strong><br \/>\n<\/strong><\/p>\n<p><a href=\"https:\/\/es.wikiloc.com\/rutas-senderismo\/puig-dorria-puig-gorrablanc-y-bornas-o-mojones-fronterizos-504-a-506-88638971\" target=\"_blank\" rel=\"noopener\"><img loading=\"lazy\" decoding=\"async\" class=\"aligncenter size-full wp-image-958\" src=\"https:\/\/www.carlosyconchita.net\/rutas\/wp-content\/uploads\/2020\/09\/wikiloc.jpg\" alt=\"\" width=\"117\" height=\"34\" \/><\/a><\/p>\n<p>&nbsp;<\/p>\n<hr \/>\n<p style=\"text-align: justify;\"><span style=\"color: #ff0000; background-color: #ffffff; font-size: 14pt;\"><strong>Si te ha gustado, comp\u00e1rtelo en tu red favorita o env\u00edanos tu comentario.<br \/>\n<\/strong><\/span><\/p>\n<p style=\"text-align: justify;\"><span style=\"font-size: 14pt;\"><strong><span style=\"color: #ff0000;\">Muchas gracias !<\/span><\/strong><\/span><\/p>\n<hr \/>\n<p style=\"text-align: justify;\"><strong><span style=\"color: #008000;\">Suscribete si quieres recibir un mail cuando publiquemos nuevas rutas : no enviamos publicidad y como m\u00e1ximo enviamos 2 mails al mes<\/span><\/strong><\/p>\n<p style=\"text-align: center;\"><a href=\"https:\/\/mailchi.mp\/6989c83a3e24\/wmv06rtqcz\/\" target=\"_blank\" rel=\"noopener noreferrer\"><strong><span style=\"color: #0000ff;\">Pulsa aqu\u00ed para suscribirte<\/span><\/strong><\/a><\/p>\n<hr \/>\n<p style=\"text-align: justify;\">\u00a0<\/p>\n<h3 style=\"text-align: justify;\">Puedes imprimir esta publicaci\u00f3n o guardarla en diferentes formatos :<\/h3>\n<p style=\"text-align: justify;\"><span style=\"color: #ff0000; font-size: 14pt;\">Para facilitar la impresi\u00f3n, se ha reducido considerablemente el tama\u00f1o de las fotos, pero si deseas imprimir sin fotos, aconsejamos guardarlo como \u201cdoc\u201d, y antes de imprimirlo, eliminar las fotos<\/span><\/p>\n<p>&nbsp;<\/p>\n<hr \/>\n<p>&nbsp;<\/p>\n<p>&nbsp;<\/p>\n","protected":false},"excerpt":{"rendered":"<p>Hoy repetimos una excursi\u00f3n realizada el d\u00eda\u00a0 10-06-2016 \u2013 Puig de Dorria (y Borna 506),\u00a0 ya que en aquella ocasi\u00f3n cuando llegamos al Puig Dorria, empez\u00f3 a subir la niebla desde la zona de la Collada de Tosas, y nos quedamos sin ver el paisaje.<\/p>\n","protected":false},"author":50,"featured_media":17067,"comment_status":"closed","ping_status":"open","sticky":false,"template":"","format":"standard","meta":{"footnotes":""},"categories":[10,106,23,74,6],"tags":[],"class_list":{"0":"post-17065","1":"post","2":"type-post","3":"status-publish","4":"format-standard","5":"has-post-thumbnail","6":"hentry","7":"category-facil","8":"category-nuestros-100-cims","9":"category-de-10-a-15-km","10":"category-0-mojones-bornas-frontera","11":"category-saillagosa","13":"post-with-thumbnail","14":"post-with-thumbnail-icon"},"yoast_head":"<!-- This site is optimized with the Yoast SEO plugin v27.5 - https:\/\/yoast.com\/product\/yoast-seo-wordpress\/ -->\n<title>23-10-2021-Puig Dorria y bornas 504-506 -<\/title>\n<meta name=\"robots\" content=\"index, follow, max-snippet:-1, max-image-preview:large, max-video-preview:-1\" \/>\n<link rel=\"canonical\" href=\"https:\/\/www.carlosyconchita.net\/rutas\/23-10-2021-puig-dorria-y-bornas-504-506\/\" \/>\n<meta property=\"og:locale\" content=\"es_ES\" \/>\n<meta property=\"og:type\" content=\"article\" \/>\n<meta property=\"og:title\" content=\"23-10-2021-Puig Dorria y bornas 504-506 -\" \/>\n<meta property=\"og:description\" content=\"Hoy repetimos una excursi\u00f3n realizada el d\u00eda\u00a0 10-06-2016 \u2013 Puig de Dorria (y Borna 506),\u00a0 ya que en aquella ocasi\u00f3n cuando llegamos al Puig Dorria, empez\u00f3 a subir la niebla desde la zona de la Collada de Tosas, y nos quedamos sin ver el paisaje.\" \/>\n<meta property=\"og:url\" content=\"https:\/\/www.carlosyconchita.net\/rutas\/23-10-2021-puig-dorria-y-bornas-504-506\/\" \/>\n<meta property=\"og:site_name\" content=\"Las rutas de Carlos y Conchita\" \/>\n<meta property=\"article:published_time\" content=\"2021-10-23T18:41:48+00:00\" \/>\n<meta property=\"article:modified_time\" content=\"2021-11-11T20:34:25+00:00\" \/>\n<meta property=\"og:image\" content=\"https:\/\/www.carlosyconchita.net\/rutas\/wp-content\/uploads\/2021\/11\/Dorria-504-506-00006.jpg\" \/>\n\t<meta property=\"og:image:width\" content=\"1024\" \/>\n\t<meta property=\"og:image:height\" content=\"576\" \/>\n\t<meta property=\"og:image:type\" content=\"image\/jpeg\" \/>\n<meta name=\"author\" content=\"Carlos Conchita\" \/>\n<meta name=\"twitter:label1\" content=\"Escrito por\" \/>\n\t<meta name=\"twitter:data1\" content=\"Carlos Conchita\" \/>\n\t<meta name=\"twitter:label2\" content=\"Tiempo de lectura\" \/>\n\t<meta name=\"twitter:data2\" content=\"4 minutos\" \/>\n<script type=\"application\/ld+json\" class=\"yoast-schema-graph\">{\"@context\":\"https:\\\/\\\/schema.org\",\"@graph\":[{\"@type\":\"Article\",\"@id\":\"https:\\\/\\\/www.carlosyconchita.net\\\/rutas\\\/23-10-2021-puig-dorria-y-bornas-504-506\\\/#article\",\"isPartOf\":{\"@id\":\"https:\\\/\\\/www.carlosyconchita.net\\\/rutas\\\/23-10-2021-puig-dorria-y-bornas-504-506\\\/\"},\"author\":{\"name\":\"Carlos Conchita\",\"@id\":\"https:\\\/\\\/www.carlosyconchita.net\\\/rutas\\\/#\\\/schema\\\/person\\\/a9691f7258c28443fab2d3aa1479ea19\"},\"headline\":\"23-10-2021-Puig Dorria y bornas 504-506\",\"datePublished\":\"2021-10-23T18:41:48+00:00\",\"dateModified\":\"2021-11-11T20:34:25+00:00\",\"mainEntityOfPage\":{\"@id\":\"https:\\\/\\\/www.carlosyconchita.net\\\/rutas\\\/23-10-2021-puig-dorria-y-bornas-504-506\\\/\"},\"wordCount\":534,\"image\":{\"@id\":\"https:\\\/\\\/www.carlosyconchita.net\\\/rutas\\\/23-10-2021-puig-dorria-y-bornas-504-506\\\/#primaryimage\"},\"thumbnailUrl\":\"https:\\\/\\\/www.carlosyconchita.net\\\/rutas\\\/wp-content\\\/uploads\\\/2021\\\/11\\\/Dorria-504-506-00006.jpg\",\"articleSection\":[\"1-F\u00e1cil\",\"100 Cims Carlos y Conchita\",\"3 - De 10 a 15 km.\",\"Mojones \\\/ Bornas frontera ES-FR\",\"Saillagosa\"],\"inLanguage\":\"es\"},{\"@type\":\"WebPage\",\"@id\":\"https:\\\/\\\/www.carlosyconchita.net\\\/rutas\\\/23-10-2021-puig-dorria-y-bornas-504-506\\\/\",\"url\":\"https:\\\/\\\/www.carlosyconchita.net\\\/rutas\\\/23-10-2021-puig-dorria-y-bornas-504-506\\\/\",\"name\":\"23-10-2021-Puig Dorria y bornas 504-506 -\",\"isPartOf\":{\"@id\":\"https:\\\/\\\/www.carlosyconchita.net\\\/rutas\\\/#website\"},\"primaryImageOfPage\":{\"@id\":\"https:\\\/\\\/www.carlosyconchita.net\\\/rutas\\\/23-10-2021-puig-dorria-y-bornas-504-506\\\/#primaryimage\"},\"image\":{\"@id\":\"https:\\\/\\\/www.carlosyconchita.net\\\/rutas\\\/23-10-2021-puig-dorria-y-bornas-504-506\\\/#primaryimage\"},\"thumbnailUrl\":\"https:\\\/\\\/www.carlosyconchita.net\\\/rutas\\\/wp-content\\\/uploads\\\/2021\\\/11\\\/Dorria-504-506-00006.jpg\",\"datePublished\":\"2021-10-23T18:41:48+00:00\",\"dateModified\":\"2021-11-11T20:34:25+00:00\",\"author\":{\"@id\":\"https:\\\/\\\/www.carlosyconchita.net\\\/rutas\\\/#\\\/schema\\\/person\\\/a9691f7258c28443fab2d3aa1479ea19\"},\"breadcrumb\":{\"@id\":\"https:\\\/\\\/www.carlosyconchita.net\\\/rutas\\\/23-10-2021-puig-dorria-y-bornas-504-506\\\/#breadcrumb\"},\"inLanguage\":\"es\",\"potentialAction\":[{\"@type\":\"ReadAction\",\"target\":[\"https:\\\/\\\/www.carlosyconchita.net\\\/rutas\\\/23-10-2021-puig-dorria-y-bornas-504-506\\\/\"]}]},{\"@type\":\"ImageObject\",\"inLanguage\":\"es\",\"@id\":\"https:\\\/\\\/www.carlosyconchita.net\\\/rutas\\\/23-10-2021-puig-dorria-y-bornas-504-506\\\/#primaryimage\",\"url\":\"https:\\\/\\\/www.carlosyconchita.net\\\/rutas\\\/wp-content\\\/uploads\\\/2021\\\/11\\\/Dorria-504-506-00006.jpg\",\"contentUrl\":\"https:\\\/\\\/www.carlosyconchita.net\\\/rutas\\\/wp-content\\\/uploads\\\/2021\\\/11\\\/Dorria-504-506-00006.jpg\",\"width\":1024,\"height\":576},{\"@type\":\"BreadcrumbList\",\"@id\":\"https:\\\/\\\/www.carlosyconchita.net\\\/rutas\\\/23-10-2021-puig-dorria-y-bornas-504-506\\\/#breadcrumb\",\"itemListElement\":[{\"@type\":\"ListItem\",\"position\":1,\"name\":\"Portada\",\"item\":\"https:\\\/\\\/www.carlosyconchita.net\\\/rutas\\\/\"},{\"@type\":\"ListItem\",\"position\":2,\"name\":\"23-10-2021-Puig Dorria y bornas 504-506\"}]},{\"@type\":\"WebSite\",\"@id\":\"https:\\\/\\\/www.carlosyconchita.net\\\/rutas\\\/#website\",\"url\":\"https:\\\/\\\/www.carlosyconchita.net\\\/rutas\\\/\",\"name\":\"Las rutas de Carlos y Conchita\",\"description\":\"\",\"potentialAction\":[{\"@type\":\"SearchAction\",\"target\":{\"@type\":\"EntryPoint\",\"urlTemplate\":\"https:\\\/\\\/www.carlosyconchita.net\\\/rutas\\\/?s={search_term_string}\"},\"query-input\":{\"@type\":\"PropertyValueSpecification\",\"valueRequired\":true,\"valueName\":\"search_term_string\"}}],\"inLanguage\":\"es\"},{\"@type\":\"Person\",\"@id\":\"https:\\\/\\\/www.carlosyconchita.net\\\/rutas\\\/#\\\/schema\\\/person\\\/a9691f7258c28443fab2d3aa1479ea19\",\"name\":\"Carlos Conchita\",\"image\":{\"@type\":\"ImageObject\",\"inLanguage\":\"es\",\"@id\":\"https:\\\/\\\/secure.gravatar.com\\\/avatar\\\/3a4625b20c8da3de99da69bfe7a322774e291c3f90dce7e8778a30fe6748ed1a?s=96&d=mm&r=g\",\"url\":\"https:\\\/\\\/secure.gravatar.com\\\/avatar\\\/3a4625b20c8da3de99da69bfe7a322774e291c3f90dce7e8778a30fe6748ed1a?s=96&d=mm&r=g\",\"contentUrl\":\"https:\\\/\\\/secure.gravatar.com\\\/avatar\\\/3a4625b20c8da3de99da69bfe7a322774e291c3f90dce7e8778a30fe6748ed1a?s=96&d=mm&r=g\",\"caption\":\"Carlos Conchita\"}}]}<\/script>\n<!-- \/ Yoast SEO plugin. -->","yoast_head_json":{"title":"23-10-2021-Puig Dorria y bornas 504-506 -","robots":{"index":"index","follow":"follow","max-snippet":"max-snippet:-1","max-image-preview":"max-image-preview:large","max-video-preview":"max-video-preview:-1"},"canonical":"https:\/\/www.carlosyconchita.net\/rutas\/23-10-2021-puig-dorria-y-bornas-504-506\/","og_locale":"es_ES","og_type":"article","og_title":"23-10-2021-Puig Dorria y bornas 504-506 -","og_description":"Hoy repetimos una excursi\u00f3n realizada el d\u00eda\u00a0 10-06-2016 \u2013 Puig de Dorria (y Borna 506),\u00a0 ya que en aquella ocasi\u00f3n cuando llegamos al Puig Dorria, empez\u00f3 a subir la niebla desde la zona de la Collada de Tosas, y nos quedamos sin ver el paisaje.","og_url":"https:\/\/www.carlosyconchita.net\/rutas\/23-10-2021-puig-dorria-y-bornas-504-506\/","og_site_name":"Las rutas de Carlos y Conchita","article_published_time":"2021-10-23T18:41:48+00:00","article_modified_time":"2021-11-11T20:34:25+00:00","og_image":[{"width":1024,"height":576,"url":"https:\/\/www.carlosyconchita.net\/rutas\/wp-content\/uploads\/2021\/11\/Dorria-504-506-00006.jpg","type":"image\/jpeg"}],"author":"Carlos Conchita","twitter_misc":{"Escrito por":"Carlos Conchita","Tiempo de lectura":"4 minutos"},"schema":{"@context":"https:\/\/schema.org","@graph":[{"@type":"Article","@id":"https:\/\/www.carlosyconchita.net\/rutas\/23-10-2021-puig-dorria-y-bornas-504-506\/#article","isPartOf":{"@id":"https:\/\/www.carlosyconchita.net\/rutas\/23-10-2021-puig-dorria-y-bornas-504-506\/"},"author":{"name":"Carlos Conchita","@id":"https:\/\/www.carlosyconchita.net\/rutas\/#\/schema\/person\/a9691f7258c28443fab2d3aa1479ea19"},"headline":"23-10-2021-Puig Dorria y bornas 504-506","datePublished":"2021-10-23T18:41:48+00:00","dateModified":"2021-11-11T20:34:25+00:00","mainEntityOfPage":{"@id":"https:\/\/www.carlosyconchita.net\/rutas\/23-10-2021-puig-dorria-y-bornas-504-506\/"},"wordCount":534,"image":{"@id":"https:\/\/www.carlosyconchita.net\/rutas\/23-10-2021-puig-dorria-y-bornas-504-506\/#primaryimage"},"thumbnailUrl":"https:\/\/www.carlosyconchita.net\/rutas\/wp-content\/uploads\/2021\/11\/Dorria-504-506-00006.jpg","articleSection":["1-F\u00e1cil","100 Cims Carlos y Conchita","3 - De 10 a 15 km.","Mojones \/ Bornas frontera ES-FR","Saillagosa"],"inLanguage":"es"},{"@type":"WebPage","@id":"https:\/\/www.carlosyconchita.net\/rutas\/23-10-2021-puig-dorria-y-bornas-504-506\/","url":"https:\/\/www.carlosyconchita.net\/rutas\/23-10-2021-puig-dorria-y-bornas-504-506\/","name":"23-10-2021-Puig Dorria y bornas 504-506 -","isPartOf":{"@id":"https:\/\/www.carlosyconchita.net\/rutas\/#website"},"primaryImageOfPage":{"@id":"https:\/\/www.carlosyconchita.net\/rutas\/23-10-2021-puig-dorria-y-bornas-504-506\/#primaryimage"},"image":{"@id":"https:\/\/www.carlosyconchita.net\/rutas\/23-10-2021-puig-dorria-y-bornas-504-506\/#primaryimage"},"thumbnailUrl":"https:\/\/www.carlosyconchita.net\/rutas\/wp-content\/uploads\/2021\/11\/Dorria-504-506-00006.jpg","datePublished":"2021-10-23T18:41:48+00:00","dateModified":"2021-11-11T20:34:25+00:00","author":{"@id":"https:\/\/www.carlosyconchita.net\/rutas\/#\/schema\/person\/a9691f7258c28443fab2d3aa1479ea19"},"breadcrumb":{"@id":"https:\/\/www.carlosyconchita.net\/rutas\/23-10-2021-puig-dorria-y-bornas-504-506\/#breadcrumb"},"inLanguage":"es","potentialAction":[{"@type":"ReadAction","target":["https:\/\/www.carlosyconchita.net\/rutas\/23-10-2021-puig-dorria-y-bornas-504-506\/"]}]},{"@type":"ImageObject","inLanguage":"es","@id":"https:\/\/www.carlosyconchita.net\/rutas\/23-10-2021-puig-dorria-y-bornas-504-506\/#primaryimage","url":"https:\/\/www.carlosyconchita.net\/rutas\/wp-content\/uploads\/2021\/11\/Dorria-504-506-00006.jpg","contentUrl":"https:\/\/www.carlosyconchita.net\/rutas\/wp-content\/uploads\/2021\/11\/Dorria-504-506-00006.jpg","width":1024,"height":576},{"@type":"BreadcrumbList","@id":"https:\/\/www.carlosyconchita.net\/rutas\/23-10-2021-puig-dorria-y-bornas-504-506\/#breadcrumb","itemListElement":[{"@type":"ListItem","position":1,"name":"Portada","item":"https:\/\/www.carlosyconchita.net\/rutas\/"},{"@type":"ListItem","position":2,"name":"23-10-2021-Puig Dorria y bornas 504-506"}]},{"@type":"WebSite","@id":"https:\/\/www.carlosyconchita.net\/rutas\/#website","url":"https:\/\/www.carlosyconchita.net\/rutas\/","name":"Las rutas de Carlos y Conchita","description":"","potentialAction":[{"@type":"SearchAction","target":{"@type":"EntryPoint","urlTemplate":"https:\/\/www.carlosyconchita.net\/rutas\/?s={search_term_string}"},"query-input":{"@type":"PropertyValueSpecification","valueRequired":true,"valueName":"search_term_string"}}],"inLanguage":"es"},{"@type":"Person","@id":"https:\/\/www.carlosyconchita.net\/rutas\/#\/schema\/person\/a9691f7258c28443fab2d3aa1479ea19","name":"Carlos Conchita","image":{"@type":"ImageObject","inLanguage":"es","@id":"https:\/\/secure.gravatar.com\/avatar\/3a4625b20c8da3de99da69bfe7a322774e291c3f90dce7e8778a30fe6748ed1a?s=96&d=mm&r=g","url":"https:\/\/secure.gravatar.com\/avatar\/3a4625b20c8da3de99da69bfe7a322774e291c3f90dce7e8778a30fe6748ed1a?s=96&d=mm&r=g","contentUrl":"https:\/\/secure.gravatar.com\/avatar\/3a4625b20c8da3de99da69bfe7a322774e291c3f90dce7e8778a30fe6748ed1a?s=96&d=mm&r=g","caption":"Carlos Conchita"}}]}},"_links":{"self":[{"href":"https:\/\/www.carlosyconchita.net\/rutas\/wp-json\/wp\/v2\/posts\/17065","targetHints":{"allow":["GET"]}}],"collection":[{"href":"https:\/\/www.carlosyconchita.net\/rutas\/wp-json\/wp\/v2\/posts"}],"about":[{"href":"https:\/\/www.carlosyconchita.net\/rutas\/wp-json\/wp\/v2\/types\/post"}],"author":[{"embeddable":true,"href":"https:\/\/www.carlosyconchita.net\/rutas\/wp-json\/wp\/v2\/users\/50"}],"replies":[{"embeddable":true,"href":"https:\/\/www.carlosyconchita.net\/rutas\/wp-json\/wp\/v2\/comments?post=17065"}],"version-history":[{"count":0,"href":"https:\/\/www.carlosyconchita.net\/rutas\/wp-json\/wp\/v2\/posts\/17065\/revisions"}],"wp:featuredmedia":[{"embeddable":true,"href":"https:\/\/www.carlosyconchita.net\/rutas\/wp-json\/wp\/v2\/media\/17067"}],"wp:attachment":[{"href":"https:\/\/www.carlosyconchita.net\/rutas\/wp-json\/wp\/v2\/media?parent=17065"}],"wp:term":[{"taxonomy":"category","embeddable":true,"href":"https:\/\/www.carlosyconchita.net\/rutas\/wp-json\/wp\/v2\/categories?post=17065"},{"taxonomy":"post_tag","embeddable":true,"href":"https:\/\/www.carlosyconchita.net\/rutas\/wp-json\/wp\/v2\/tags?post=17065"}],"curies":[{"name":"wp","href":"https:\/\/api.w.org\/{rel}","templated":true}]}}