{"id":17076,"date":"2021-10-31T18:21:50","date_gmt":"2021-10-31T17:21:50","guid":{"rendered":"https:\/\/www.carlosyconchita.net\/rutas\/?p=17076"},"modified":"2021-11-17T21:01:26","modified_gmt":"2021-11-17T20:01:26","slug":"31-10-2021-torrent-de-masica-y-castell-de-milany","status":"publish","type":"post","link":"https:\/\/www.carlosyconchita.net\/rutas\/31-10-2021-torrent-de-masica-y-castell-de-milany\/","title":{"rendered":"31-10-2021-Torrent de Masica y Castell de Milany (100 Cims)"},"content":{"rendered":"<p>Hoy nos dirigimos al pueblo de Valfogona de Ripoll\u00e9s, para hacer una excursi\u00f3n por el Torrente de Masica, y despu\u00e9s subir a las ruinas del Castillo de Milany (100 Cims) , a donde hemos llegado con el tiempo justo de poder ver algo, porque a los pocos minutos de llegar, la niebla nos ha impedido ver el paisaje desde arriba.<\/p>\n<p>El camino estaba muy h\u00famedo y mojado, y con bastante agua en el torrente , ya que ayer y suponemos que tambi\u00e9n por la noche hab\u00eda llovido.<\/p>\n<p>Hemos coincidido con una excursi\u00f3n \u00abpopular\u00bb , por lo que hemos encontrado bastante gente y tambi\u00e9n los puntos de avituallamiento organizados en varios puntos del recorrido.<\/p>\n<p>Desde el pueblo seguimos una peque\u00f1a carretera que despu\u00e9s es un camino de tierra en muy buen estado, hasta llegar al punto donde hemos dejado los coches, ya que hemos ido con Lluis, Asun, Carme, Miquel, Rafel y Nuria.<\/p>\n<p>El recorrido siguiendo el torrente , es por una zona muy h\u00fameda, como hemos dicho, y podremos ver varias peque\u00f1as cascadas y alguna bauma, con los colores t\u00edpicos del oto\u00f1o, y un mont\u00f3n de hojas ca\u00eddas en el suelo que pr\u00e1cticamente tapaban el camino.<\/p>\n<p>A partit del Collet\u00a0 del Amorriador,\u00a0 entramos en una zona mucho m\u00e1s despejada, hasta el Castillo, que como se puede ver en las fotos, podemos ver perfectamente desde lejos, y en cuanto llegamos, la niebla nos invadi\u00f3 totalmente.<\/p>\n<p>Bajamos del castillo y entramos de nuevo en un tramo de bosque espeso y h\u00famedo, hasta llegar a un ancho y c\u00f3modo camino que nos llevar\u00e1 hasta el coche.<\/p>\n<hr \/>\n<h4><strong>Album de fotos<\/strong><\/h4>\n<p><a href=\"https:\/\/photos.app.goo.gl\/eScjrSa3DxgyoJMF8\" target=\"_blank\" rel=\"noopener\"><img loading=\"lazy\" decoding=\"async\" class=\"aligncenter wp-image-17078 size-medium\" src=\"https:\/\/www.carlosyconchita.net\/rutas\/wp-content\/uploads\/2021\/11\/Masica-00048-300x169.jpg\" alt=\"\" width=\"300\" height=\"169\" srcset=\"https:\/\/www.carlosyconchita.net\/rutas\/wp-content\/uploads\/2021\/11\/Masica-00048-300x169.jpg 300w, https:\/\/www.carlosyconchita.net\/rutas\/wp-content\/uploads\/2021\/11\/Masica-00048-600x338.jpg 600w, https:\/\/www.carlosyconchita.net\/rutas\/wp-content\/uploads\/2021\/11\/Masica-00048-768x432.jpg 768w, https:\/\/www.carlosyconchita.net\/rutas\/wp-content\/uploads\/2021\/11\/Masica-00048.jpg 1024w\" sizes=\"auto, (max-width: 300px) 100vw, 300px\" \/><\/a><\/p>\n<hr \/>\n<p>&nbsp;<\/p>\n<p><strong>Distancia total<\/strong> :\u00a0\u00a0\u00a0\u00a0\u00a0\u00a0\u00a0\u00a0\u00a0\u00a0 12.320 <span class=\"totlen\"><span class=\"summaryvalue\">m.\u00a0\u00a0\u00a0\u00a0\u00a0\u00a0\u00a0\u00a0\u00a0\u00a0\u00a0\u00a0\u00a0\u00a0\u00a0\u00a0\u00a0\u00a0\u00a0\u00a0\u00a0 <\/span><\/span><strong>Desnivel acumulado (s\/Wikiloc)<\/strong> :\u00a0 \u00a0\u00a0 601\u00a0 m.<\/p>\n<p><strong>Alturas m\u00edn\/m\u00e1x. :\u00a0<\/strong>\u00a0\u00a0 980\u00a0 m.\/\u00a0\u00a0 1.534 m.<\/p>\n<p>&nbsp;<\/p>\n<hr \/>\n<h4><strong>Mapa y track de la ruta<\/strong><\/h4>\n<p style=\"text-align: center;\"><strong><span style=\"color: #ff0000;\">Pulsando sobre los waypoints del mapa, se puede ver una foto del sitio.<\/span><\/strong><\/p>\n<p>&nbsp;<\/p>\n<p><a href=\"https:\/\/www.carlosyconchita.net\/rutas\/wp-content\/uploads\/gpx\/Masica-Milany.html\" target=\"_blank\" rel=\"noopener\"><img loading=\"lazy\" decoding=\"async\" class=\"aligncenter wp-image-16466\" src=\"https:\/\/www.carlosyconchita.net\/rutas\/wp-content\/uploads\/2021\/09\/mapa2.jpg\" alt=\"\" width=\"0185\" height=\"185\" srcset=\"https:\/\/www.carlosyconchita.net\/rutas\/wp-content\/uploads\/2021\/09\/mapa2.jpg 225w, https:\/\/www.carlosyconchita.net\/rutas\/wp-content\/uploads\/2021\/09\/mapa2-120x120.jpg 120w\" sizes=\"auto, (max-width: 185px) 100vw, 185px\" \/><\/a><\/p>\n<hr \/>\n<p><strong>Wikiloc <\/strong><strong><br \/>\n<\/strong><\/p>\n<p><a href=\"https:\/\/es.wikiloc.com\/rutas-senderismo\/torrent-de-masica-y-castell-de-milany-100-cims-89090952\" target=\"_blank\" rel=\"noopener\"><img loading=\"lazy\" decoding=\"async\" class=\"aligncenter size-full wp-image-958\" src=\"https:\/\/www.carlosyconchita.net\/rutas\/wp-content\/uploads\/2020\/09\/wikiloc.jpg\" alt=\"\" width=\"117\" height=\"34\" \/><\/a><\/p>\n<p>&nbsp;<\/p>\n<hr \/>\n<p style=\"text-align: justify;\"><span style=\"color: #ff0000; background-color: #ffffff; font-size: 14pt;\"><strong>Si te ha gustado, comp\u00e1rtelo en tu red favorita o env\u00edanos tu comentario.<br \/>\n<\/strong><\/span><\/p>\n<p style=\"text-align: justify;\"><span style=\"font-size: 14pt;\"><strong><span style=\"color: #ff0000;\">Muchas gracias !<\/span><\/strong><\/span><\/p>\n<hr \/>\n<p style=\"text-align: justify;\"><strong><span style=\"color: #008000;\">Suscribete si quieres recibir un mail cuando publiquemos nuevas rutas : no enviamos publicidad y como m\u00e1ximo enviamos 2 mails al mes<\/span><\/strong><\/p>\n<p style=\"text-align: center;\"><a href=\"https:\/\/mailchi.mp\/6989c83a3e24\/wmv06rtqcz\/\" target=\"_blank\" rel=\"noopener noreferrer\"><strong><span style=\"color: #0000ff;\">Pulsa aqu\u00ed para suscribirte<\/span><\/strong><\/a><\/p>\n<hr \/>\n<p style=\"text-align: justify;\">\u00a0<\/p>\n<h3 style=\"text-align: justify;\">Puedes imprimir esta publicaci\u00f3n o guardarla en diferentes formatos :<\/h3>\n<p style=\"text-align: justify;\"><span style=\"color: #ff0000; font-size: 14pt;\">Para facilitar la impresi\u00f3n, se ha reducido considerablemente el tama\u00f1o de las fotos, pero si deseas imprimir sin fotos, aconsejamos guardarlo como \u201cdoc\u201d, y antes de imprimirlo, eliminar las fotos<\/span><\/p>\n<p>&nbsp;<\/p>\n<hr \/>\n","protected":false},"excerpt":{"rendered":"<p>Hoy nos dirigimos al pueblo de Valfogona de Ripoll\u00e9s, para hacer una excursi\u00f3n por el Torrente de Masica, y despu\u00e9s subir a las ruinas del Castillo de Milany, a donde hemos llegado con el tiempo justo de poder ver algo, porque a los pocos minutos de llegar, la niebla nos ha impedido ver el paisaje desde arriba.<br \/>\nEl recorrido siguiendo el torrente , es por una zona muy h\u00fameda, y podremos ver varias peque\u00f1as cascadas y alguna bauma, con los colores t\u00edpicos del oto\u00f1o, y un mont\u00f3n de hojas ca\u00eddas en el suelo que pr\u00e1cticamente tapaban el camino.<\/p>\n","protected":false},"author":50,"featured_media":17078,"comment_status":"closed","ping_status":"open","sticky":false,"template":"","format":"standard","meta":{"footnotes":""},"categories":[106,105,11,23,62,96],"tags":[],"class_list":{"0":"post-17076","1":"post","2":"type-post","3":"status-publish","4":"format-standard","5":"has-post-thumbnail","6":"hentry","7":"category-nuestros-100-cims","8":"category-100-cims-feec","9":"category-moderada","10":"category-de-10-a-15-km","11":"category-girona","12":"category-ripolles","14":"post-with-thumbnail","15":"post-with-thumbnail-icon"},"yoast_head":"<!-- This site is optimized with the Yoast SEO plugin v27.4 - https:\/\/yoast.com\/product\/yoast-seo-wordpress\/ -->\n<title>31-10-2021-Torrent de Masica y Castell de Milany (100 Cims) -<\/title>\n<meta name=\"robots\" content=\"index, follow, max-snippet:-1, max-image-preview:large, max-video-preview:-1\" \/>\n<link rel=\"canonical\" href=\"https:\/\/www.carlosyconchita.net\/rutas\/31-10-2021-torrent-de-masica-y-castell-de-milany\/\" \/>\n<meta property=\"og:locale\" content=\"es_ES\" \/>\n<meta property=\"og:type\" content=\"article\" \/>\n<meta property=\"og:title\" content=\"31-10-2021-Torrent de Masica y Castell de Milany (100 Cims) -\" \/>\n<meta property=\"og:description\" content=\"Hoy nos dirigimos al pueblo de Valfogona de Ripoll\u00e9s, para hacer una excursi\u00f3n por el Torrente de Masica, y despu\u00e9s subir a las ruinas del Castillo de Milany, a donde hemos llegado con el tiempo justo de poder ver algo, porque a los pocos minutos de llegar, la niebla nos ha impedido ver el paisaje desde arriba. El recorrido siguiendo el torrente , es por una zona muy h\u00fameda, y podremos ver varias peque\u00f1as cascadas y alguna bauma, con los colores t\u00edpicos del oto\u00f1o, y un mont\u00f3n de hojas ca\u00eddas en el suelo que pr\u00e1cticamente tapaban el camino.\" \/>\n<meta property=\"og:url\" content=\"https:\/\/www.carlosyconchita.net\/rutas\/31-10-2021-torrent-de-masica-y-castell-de-milany\/\" \/>\n<meta property=\"og:site_name\" content=\"Las rutas de Carlos y Conchita\" \/>\n<meta property=\"article:published_time\" content=\"2021-10-31T17:21:50+00:00\" \/>\n<meta property=\"article:modified_time\" content=\"2021-11-17T20:01:26+00:00\" \/>\n<meta property=\"og:image\" content=\"https:\/\/www.carlosyconchita.net\/rutas\/wp-content\/uploads\/2021\/11\/Masica-00048.jpg\" \/>\n\t<meta property=\"og:image:width\" content=\"1024\" \/>\n\t<meta property=\"og:image:height\" content=\"576\" \/>\n\t<meta property=\"og:image:type\" content=\"image\/jpeg\" \/>\n<meta name=\"author\" content=\"Carlos Conchita\" \/>\n<meta name=\"twitter:label1\" content=\"Escrito por\" \/>\n\t<meta name=\"twitter:data1\" content=\"Carlos Conchita\" \/>\n\t<meta name=\"twitter:label2\" content=\"Tiempo de lectura\" \/>\n\t<meta name=\"twitter:data2\" content=\"3 minutos\" \/>\n<script type=\"application\/ld+json\" class=\"yoast-schema-graph\">{\"@context\":\"https:\\\/\\\/schema.org\",\"@graph\":[{\"@type\":\"Article\",\"@id\":\"https:\\\/\\\/www.carlosyconchita.net\\\/rutas\\\/31-10-2021-torrent-de-masica-y-castell-de-milany\\\/#article\",\"isPartOf\":{\"@id\":\"https:\\\/\\\/www.carlosyconchita.net\\\/rutas\\\/31-10-2021-torrent-de-masica-y-castell-de-milany\\\/\"},\"author\":{\"name\":\"Carlos Conchita\",\"@id\":\"https:\\\/\\\/www.carlosyconchita.net\\\/rutas\\\/#\\\/schema\\\/person\\\/a9691f7258c28443fab2d3aa1479ea19\"},\"headline\":\"31-10-2021-Torrent de Masica y Castell de Milany (100 Cims)\",\"datePublished\":\"2021-10-31T17:21:50+00:00\",\"dateModified\":\"2021-11-17T20:01:26+00:00\",\"mainEntityOfPage\":{\"@id\":\"https:\\\/\\\/www.carlosyconchita.net\\\/rutas\\\/31-10-2021-torrent-de-masica-y-castell-de-milany\\\/\"},\"wordCount\":415,\"image\":{\"@id\":\"https:\\\/\\\/www.carlosyconchita.net\\\/rutas\\\/31-10-2021-torrent-de-masica-y-castell-de-milany\\\/#primaryimage\"},\"thumbnailUrl\":\"https:\\\/\\\/www.carlosyconchita.net\\\/rutas\\\/wp-content\\\/uploads\\\/2021\\\/11\\\/Masica-00048.jpg\",\"articleSection\":[\"100 Cims Carlos y Conchita\",\"100 Cims FEEC\",\"2-Moderada\",\"3 - De 10 a 15 km.\",\"Girona\",\"Ripoll\u00e9s\"],\"inLanguage\":\"es\"},{\"@type\":\"WebPage\",\"@id\":\"https:\\\/\\\/www.carlosyconchita.net\\\/rutas\\\/31-10-2021-torrent-de-masica-y-castell-de-milany\\\/\",\"url\":\"https:\\\/\\\/www.carlosyconchita.net\\\/rutas\\\/31-10-2021-torrent-de-masica-y-castell-de-milany\\\/\",\"name\":\"31-10-2021-Torrent de Masica y Castell de Milany (100 Cims) -\",\"isPartOf\":{\"@id\":\"https:\\\/\\\/www.carlosyconchita.net\\\/rutas\\\/#website\"},\"primaryImageOfPage\":{\"@id\":\"https:\\\/\\\/www.carlosyconchita.net\\\/rutas\\\/31-10-2021-torrent-de-masica-y-castell-de-milany\\\/#primaryimage\"},\"image\":{\"@id\":\"https:\\\/\\\/www.carlosyconchita.net\\\/rutas\\\/31-10-2021-torrent-de-masica-y-castell-de-milany\\\/#primaryimage\"},\"thumbnailUrl\":\"https:\\\/\\\/www.carlosyconchita.net\\\/rutas\\\/wp-content\\\/uploads\\\/2021\\\/11\\\/Masica-00048.jpg\",\"datePublished\":\"2021-10-31T17:21:50+00:00\",\"dateModified\":\"2021-11-17T20:01:26+00:00\",\"author\":{\"@id\":\"https:\\\/\\\/www.carlosyconchita.net\\\/rutas\\\/#\\\/schema\\\/person\\\/a9691f7258c28443fab2d3aa1479ea19\"},\"breadcrumb\":{\"@id\":\"https:\\\/\\\/www.carlosyconchita.net\\\/rutas\\\/31-10-2021-torrent-de-masica-y-castell-de-milany\\\/#breadcrumb\"},\"inLanguage\":\"es\",\"potentialAction\":[{\"@type\":\"ReadAction\",\"target\":[\"https:\\\/\\\/www.carlosyconchita.net\\\/rutas\\\/31-10-2021-torrent-de-masica-y-castell-de-milany\\\/\"]}]},{\"@type\":\"ImageObject\",\"inLanguage\":\"es\",\"@id\":\"https:\\\/\\\/www.carlosyconchita.net\\\/rutas\\\/31-10-2021-torrent-de-masica-y-castell-de-milany\\\/#primaryimage\",\"url\":\"https:\\\/\\\/www.carlosyconchita.net\\\/rutas\\\/wp-content\\\/uploads\\\/2021\\\/11\\\/Masica-00048.jpg\",\"contentUrl\":\"https:\\\/\\\/www.carlosyconchita.net\\\/rutas\\\/wp-content\\\/uploads\\\/2021\\\/11\\\/Masica-00048.jpg\",\"width\":1024,\"height\":576},{\"@type\":\"BreadcrumbList\",\"@id\":\"https:\\\/\\\/www.carlosyconchita.net\\\/rutas\\\/31-10-2021-torrent-de-masica-y-castell-de-milany\\\/#breadcrumb\",\"itemListElement\":[{\"@type\":\"ListItem\",\"position\":1,\"name\":\"Portada\",\"item\":\"https:\\\/\\\/www.carlosyconchita.net\\\/rutas\\\/\"},{\"@type\":\"ListItem\",\"position\":2,\"name\":\"31-10-2021-Torrent de Masica y Castell de Milany (100 Cims)\"}]},{\"@type\":\"WebSite\",\"@id\":\"https:\\\/\\\/www.carlosyconchita.net\\\/rutas\\\/#website\",\"url\":\"https:\\\/\\\/www.carlosyconchita.net\\\/rutas\\\/\",\"name\":\"Las rutas de Carlos y Conchita\",\"description\":\"\",\"potentialAction\":[{\"@type\":\"SearchAction\",\"target\":{\"@type\":\"EntryPoint\",\"urlTemplate\":\"https:\\\/\\\/www.carlosyconchita.net\\\/rutas\\\/?s={search_term_string}\"},\"query-input\":{\"@type\":\"PropertyValueSpecification\",\"valueRequired\":true,\"valueName\":\"search_term_string\"}}],\"inLanguage\":\"es\"},{\"@type\":\"Person\",\"@id\":\"https:\\\/\\\/www.carlosyconchita.net\\\/rutas\\\/#\\\/schema\\\/person\\\/a9691f7258c28443fab2d3aa1479ea19\",\"name\":\"Carlos Conchita\",\"image\":{\"@type\":\"ImageObject\",\"inLanguage\":\"es\",\"@id\":\"https:\\\/\\\/secure.gravatar.com\\\/avatar\\\/3a4625b20c8da3de99da69bfe7a322774e291c3f90dce7e8778a30fe6748ed1a?s=96&d=mm&r=g\",\"url\":\"https:\\\/\\\/secure.gravatar.com\\\/avatar\\\/3a4625b20c8da3de99da69bfe7a322774e291c3f90dce7e8778a30fe6748ed1a?s=96&d=mm&r=g\",\"contentUrl\":\"https:\\\/\\\/secure.gravatar.com\\\/avatar\\\/3a4625b20c8da3de99da69bfe7a322774e291c3f90dce7e8778a30fe6748ed1a?s=96&d=mm&r=g\",\"caption\":\"Carlos Conchita\"}}]}<\/script>\n<!-- \/ Yoast SEO plugin. -->","yoast_head_json":{"title":"31-10-2021-Torrent de Masica y Castell de Milany (100 Cims) -","robots":{"index":"index","follow":"follow","max-snippet":"max-snippet:-1","max-image-preview":"max-image-preview:large","max-video-preview":"max-video-preview:-1"},"canonical":"https:\/\/www.carlosyconchita.net\/rutas\/31-10-2021-torrent-de-masica-y-castell-de-milany\/","og_locale":"es_ES","og_type":"article","og_title":"31-10-2021-Torrent de Masica y Castell de Milany (100 Cims) -","og_description":"Hoy nos dirigimos al pueblo de Valfogona de Ripoll\u00e9s, para hacer una excursi\u00f3n por el Torrente de Masica, y despu\u00e9s subir a las ruinas del Castillo de Milany, a donde hemos llegado con el tiempo justo de poder ver algo, porque a los pocos minutos de llegar, la niebla nos ha impedido ver el paisaje desde arriba. El recorrido siguiendo el torrente , es por una zona muy h\u00fameda, y podremos ver varias peque\u00f1as cascadas y alguna bauma, con los colores t\u00edpicos del oto\u00f1o, y un mont\u00f3n de hojas ca\u00eddas en el suelo que pr\u00e1cticamente tapaban el camino.","og_url":"https:\/\/www.carlosyconchita.net\/rutas\/31-10-2021-torrent-de-masica-y-castell-de-milany\/","og_site_name":"Las rutas de Carlos y Conchita","article_published_time":"2021-10-31T17:21:50+00:00","article_modified_time":"2021-11-17T20:01:26+00:00","og_image":[{"width":1024,"height":576,"url":"https:\/\/www.carlosyconchita.net\/rutas\/wp-content\/uploads\/2021\/11\/Masica-00048.jpg","type":"image\/jpeg"}],"author":"Carlos Conchita","twitter_misc":{"Escrito por":"Carlos Conchita","Tiempo de lectura":"3 minutos"},"schema":{"@context":"https:\/\/schema.org","@graph":[{"@type":"Article","@id":"https:\/\/www.carlosyconchita.net\/rutas\/31-10-2021-torrent-de-masica-y-castell-de-milany\/#article","isPartOf":{"@id":"https:\/\/www.carlosyconchita.net\/rutas\/31-10-2021-torrent-de-masica-y-castell-de-milany\/"},"author":{"name":"Carlos Conchita","@id":"https:\/\/www.carlosyconchita.net\/rutas\/#\/schema\/person\/a9691f7258c28443fab2d3aa1479ea19"},"headline":"31-10-2021-Torrent de Masica y Castell de Milany (100 Cims)","datePublished":"2021-10-31T17:21:50+00:00","dateModified":"2021-11-17T20:01:26+00:00","mainEntityOfPage":{"@id":"https:\/\/www.carlosyconchita.net\/rutas\/31-10-2021-torrent-de-masica-y-castell-de-milany\/"},"wordCount":415,"image":{"@id":"https:\/\/www.carlosyconchita.net\/rutas\/31-10-2021-torrent-de-masica-y-castell-de-milany\/#primaryimage"},"thumbnailUrl":"https:\/\/www.carlosyconchita.net\/rutas\/wp-content\/uploads\/2021\/11\/Masica-00048.jpg","articleSection":["100 Cims Carlos y Conchita","100 Cims FEEC","2-Moderada","3 - De 10 a 15 km.","Girona","Ripoll\u00e9s"],"inLanguage":"es"},{"@type":"WebPage","@id":"https:\/\/www.carlosyconchita.net\/rutas\/31-10-2021-torrent-de-masica-y-castell-de-milany\/","url":"https:\/\/www.carlosyconchita.net\/rutas\/31-10-2021-torrent-de-masica-y-castell-de-milany\/","name":"31-10-2021-Torrent de Masica y Castell de Milany (100 Cims) -","isPartOf":{"@id":"https:\/\/www.carlosyconchita.net\/rutas\/#website"},"primaryImageOfPage":{"@id":"https:\/\/www.carlosyconchita.net\/rutas\/31-10-2021-torrent-de-masica-y-castell-de-milany\/#primaryimage"},"image":{"@id":"https:\/\/www.carlosyconchita.net\/rutas\/31-10-2021-torrent-de-masica-y-castell-de-milany\/#primaryimage"},"thumbnailUrl":"https:\/\/www.carlosyconchita.net\/rutas\/wp-content\/uploads\/2021\/11\/Masica-00048.jpg","datePublished":"2021-10-31T17:21:50+00:00","dateModified":"2021-11-17T20:01:26+00:00","author":{"@id":"https:\/\/www.carlosyconchita.net\/rutas\/#\/schema\/person\/a9691f7258c28443fab2d3aa1479ea19"},"breadcrumb":{"@id":"https:\/\/www.carlosyconchita.net\/rutas\/31-10-2021-torrent-de-masica-y-castell-de-milany\/#breadcrumb"},"inLanguage":"es","potentialAction":[{"@type":"ReadAction","target":["https:\/\/www.carlosyconchita.net\/rutas\/31-10-2021-torrent-de-masica-y-castell-de-milany\/"]}]},{"@type":"ImageObject","inLanguage":"es","@id":"https:\/\/www.carlosyconchita.net\/rutas\/31-10-2021-torrent-de-masica-y-castell-de-milany\/#primaryimage","url":"https:\/\/www.carlosyconchita.net\/rutas\/wp-content\/uploads\/2021\/11\/Masica-00048.jpg","contentUrl":"https:\/\/www.carlosyconchita.net\/rutas\/wp-content\/uploads\/2021\/11\/Masica-00048.jpg","width":1024,"height":576},{"@type":"BreadcrumbList","@id":"https:\/\/www.carlosyconchita.net\/rutas\/31-10-2021-torrent-de-masica-y-castell-de-milany\/#breadcrumb","itemListElement":[{"@type":"ListItem","position":1,"name":"Portada","item":"https:\/\/www.carlosyconchita.net\/rutas\/"},{"@type":"ListItem","position":2,"name":"31-10-2021-Torrent de Masica y Castell de Milany (100 Cims)"}]},{"@type":"WebSite","@id":"https:\/\/www.carlosyconchita.net\/rutas\/#website","url":"https:\/\/www.carlosyconchita.net\/rutas\/","name":"Las rutas de Carlos y Conchita","description":"","potentialAction":[{"@type":"SearchAction","target":{"@type":"EntryPoint","urlTemplate":"https:\/\/www.carlosyconchita.net\/rutas\/?s={search_term_string}"},"query-input":{"@type":"PropertyValueSpecification","valueRequired":true,"valueName":"search_term_string"}}],"inLanguage":"es"},{"@type":"Person","@id":"https:\/\/www.carlosyconchita.net\/rutas\/#\/schema\/person\/a9691f7258c28443fab2d3aa1479ea19","name":"Carlos Conchita","image":{"@type":"ImageObject","inLanguage":"es","@id":"https:\/\/secure.gravatar.com\/avatar\/3a4625b20c8da3de99da69bfe7a322774e291c3f90dce7e8778a30fe6748ed1a?s=96&d=mm&r=g","url":"https:\/\/secure.gravatar.com\/avatar\/3a4625b20c8da3de99da69bfe7a322774e291c3f90dce7e8778a30fe6748ed1a?s=96&d=mm&r=g","contentUrl":"https:\/\/secure.gravatar.com\/avatar\/3a4625b20c8da3de99da69bfe7a322774e291c3f90dce7e8778a30fe6748ed1a?s=96&d=mm&r=g","caption":"Carlos Conchita"}}]}},"_links":{"self":[{"href":"https:\/\/www.carlosyconchita.net\/rutas\/wp-json\/wp\/v2\/posts\/17076","targetHints":{"allow":["GET"]}}],"collection":[{"href":"https:\/\/www.carlosyconchita.net\/rutas\/wp-json\/wp\/v2\/posts"}],"about":[{"href":"https:\/\/www.carlosyconchita.net\/rutas\/wp-json\/wp\/v2\/types\/post"}],"author":[{"embeddable":true,"href":"https:\/\/www.carlosyconchita.net\/rutas\/wp-json\/wp\/v2\/users\/50"}],"replies":[{"embeddable":true,"href":"https:\/\/www.carlosyconchita.net\/rutas\/wp-json\/wp\/v2\/comments?post=17076"}],"version-history":[{"count":0,"href":"https:\/\/www.carlosyconchita.net\/rutas\/wp-json\/wp\/v2\/posts\/17076\/revisions"}],"wp:featuredmedia":[{"embeddable":true,"href":"https:\/\/www.carlosyconchita.net\/rutas\/wp-json\/wp\/v2\/media\/17078"}],"wp:attachment":[{"href":"https:\/\/www.carlosyconchita.net\/rutas\/wp-json\/wp\/v2\/media?parent=17076"}],"wp:term":[{"taxonomy":"category","embeddable":true,"href":"https:\/\/www.carlosyconchita.net\/rutas\/wp-json\/wp\/v2\/categories?post=17076"},{"taxonomy":"post_tag","embeddable":true,"href":"https:\/\/www.carlosyconchita.net\/rutas\/wp-json\/wp\/v2\/tags?post=17076"}],"curies":[{"name":"wp","href":"https:\/\/api.w.org\/{rel}","templated":true}]}}