{"id":17195,"date":"2021-12-04T17:02:03","date_gmt":"2021-12-04T16:02:03","guid":{"rendered":"https:\/\/www.carlosyconchita.net\/rutas\/?p=17195"},"modified":"2021-12-05T17:32:45","modified_gmt":"2021-12-05T16:32:45","slug":"04-12-2021-coll-de-la-llosa-a-mirador","status":"publish","type":"post","link":"https:\/\/www.carlosyconchita.net\/rutas\/04-12-2021-coll-de-la-llosa-a-mirador\/","title":{"rendered":"04-12-2021-Coll de la Llosa a mirador (raquetas)"},"content":{"rendered":"<p style=\"text-align: justify;\">Hoy hacemos la segunda caminata con raquetas de la temporada, y la verdad es que nos hemos cansado un poco m\u00e1s que ayer, primero porque ha sido bastante m\u00e1s larga, pero sobre todo porque hoy hemos ido a este mirador que hay sobre la carretera D-118 y la Quillane,\u00a0 no por el camino m\u00e1s f\u00e1cil que es la pista de\u00a0 ski de fondo, (la estaci\u00f3n estaba abierta y por lo tanto no pod\u00edamos pasar por ah\u00ed), y hemos ido por la pista se\u00f1alizada para las raquetas , que sube y baja varias peque\u00f1as colinas, y por lo tanto con m\u00e1s desnivel, y eso con raquetas se nota bastante.<\/p>\n<p style=\"text-align: justify;\">Como se puede ver en las fotos, hab\u00eda bastante nieve y en alg\u00fan tramo inclinado, la nieve estaba algo \u00abremovida\u00bb, y eso tambi\u00e9n cansa algo m\u00e1s, aparte de que es s\u00f3lo la segunda caminata con raquetas de la temporada.<\/p>\n<p style=\"text-align: justify;\">Para llegar a ese mirador, seguimos la ruta para raquetas perfectamente se\u00f1alizada que nos llevar\u00eda al Refugio del Coll de Torn, aunque hoy no hemos querido llegar hasta all\u00ed, porque la previsi\u00f3n anunciaba lluvia\/nieve a partir del mediod\u00eda, y de hecho en alg\u00fan tramo nos ha ca\u00eddo un mezcla de agua y de nieve, aunque ha sido poco rato.<br \/>\nCuando llevemos aproximadamente unos 3.3 km. llegaremos a una gran explanada (El Coll de la Jacinta) y empezaremos a subir por un peque\u00f1o camino dentro del bosque y al cabo de unos 200-250 m. veremos un indicador azul que nos indica \u00abPic-nic\u00bb a 300 m. a nuestra izquierda, que en realidad es el mirador que decimos nosotros, en donde hay una gran mesa de madera, hoy totalmente cubierta de nieve.<\/p>\n<p style=\"text-align: justify;\">Desde ese punto tenemos unas magn\u00edficas vistas de la Quillane, la carretera D-118 que lleva a Les Angles, el peque\u00f1o aeropuerto hoy totalmente cubierto de nieve, el Valle de Plan\u00e9s, la Cambre d&#8217;Aze, las pistas de ski de Font-Romeu y de Les Angles, etc.<\/p>\n<hr \/>\n<p>&nbsp;<\/p>\n<p><strong>Distancia total<\/strong> :\u00a0\u00a0\u00a0\u00a0\u00a0\u00a0\u00a0\u00a0\u00a0\u00a0 7.954 <span class=\"totlen\"><span class=\"summaryvalue\">m.\u00a0\u00a0\u00a0\u00a0\u00a0\u00a0\u00a0\u00a0\u00a0\u00a0\u00a0\u00a0\u00a0\u00a0\u00a0\u00a0\u00a0\u00a0\u00a0\u00a0\u00a0 <\/span><\/span><strong>Desnivel acumulado (s\/Wikiloc)<\/strong> :\u00a0 \u00a0\u00a0 103\u00a0 m.<\/p>\n<p><strong>Alturas m\u00edn\/m\u00e1x. :\u00a0<\/strong> \u00a0 1.806\u00a0 m.\/\u00a0\u00a0 1.860 m.<\/p>\n<p><span style=\"color: #ff0000;\">Nota : El desnivel indicado por Wikiloc creemos que no es correcto, por las varias subidas y bajadas a las peque\u00f1as colinas que hemos hecho, y porque en junio de 2016 ya hicimos esta misma ruta, pero yendo por la pista de ski de fondo (m\u00e1s plano) y el desnivel fu\u00e9 de unos 300 m.\u00a0<\/span><\/p>\n<hr \/>\n<h4>Album de fotos<\/h4>\n<p><a href=\"https:\/\/photos.app.goo.gl\/YWNSQCZeNAUMYont8\" target=\"_blank\" rel=\"noopener\"><img loading=\"lazy\" decoding=\"async\" class=\"aligncenter wp-image-17197 size-medium\" src=\"https:\/\/www.carlosyconchita.net\/rutas\/wp-content\/uploads\/2021\/12\/Llosa-Mirador-0040-300x169.jpg\" alt=\"\" width=\"300\" height=\"169\" srcset=\"https:\/\/www.carlosyconchita.net\/rutas\/wp-content\/uploads\/2021\/12\/Llosa-Mirador-0040-300x169.jpg 300w, https:\/\/www.carlosyconchita.net\/rutas\/wp-content\/uploads\/2021\/12\/Llosa-Mirador-0040-600x338.jpg 600w, https:\/\/www.carlosyconchita.net\/rutas\/wp-content\/uploads\/2021\/12\/Llosa-Mirador-0040-768x432.jpg 768w, https:\/\/www.carlosyconchita.net\/rutas\/wp-content\/uploads\/2021\/12\/Llosa-Mirador-0040.jpg 1024w\" sizes=\"auto, (max-width: 300px) 100vw, 300px\" \/><\/a><\/p>\n<p>&nbsp;<\/p>\n<hr \/>\n<h4><strong>Mapa y track de la ruta<\/strong><\/h4>\n<p style=\"text-align: center;\"><strong><span style=\"color: #ff0000;\">Pulsando sobre los waypoints del mapa, se puede ver una foto del sitio.<\/span><\/strong><\/p>\n<p>&nbsp;<\/p>\n<p><a href=\"https:\/\/www.carlosyconchita.net\/rutas\/wp-content\/uploads\/gpx\/CollLlosa-Mirador.html\" target=\"_blank\" rel=\"noopener\"><img loading=\"lazy\" decoding=\"async\" class=\"aligncenter wp-image-16466\" src=\"https:\/\/www.carlosyconchita.net\/rutas\/wp-content\/uploads\/2021\/09\/mapa2.jpg\" alt=\"\" width=\"0185\" height=\"185\" srcset=\"https:\/\/www.carlosyconchita.net\/rutas\/wp-content\/uploads\/2021\/09\/mapa2.jpg 225w, https:\/\/www.carlosyconchita.net\/rutas\/wp-content\/uploads\/2021\/09\/mapa2-120x120.jpg 120w\" sizes=\"auto, (max-width: 185px) 100vw, 185px\" \/><\/a><\/p>\n<hr \/>\n<p><strong>Wikiloc <\/strong><strong><br \/>\n<\/strong><\/p>\n<p><a href=\"https:\/\/es.wikiloc.com\/rutas-senderismo\/coll-de-la-llosa-a-mirador-90211200\" target=\"_blank\" rel=\"noopener\"><img loading=\"lazy\" decoding=\"async\" class=\"aligncenter size-full wp-image-958\" src=\"https:\/\/www.carlosyconchita.net\/rutas\/wp-content\/uploads\/2020\/09\/wikiloc.jpg\" alt=\"\" width=\"117\" height=\"34\" \/><\/a><\/p>\n<p>&nbsp;<\/p>\n<hr \/>\n<p style=\"text-align: justify;\"><span style=\"color: #ff0000; background-color: #ffffff; font-size: 14pt;\"><strong>Si te ha gustado, comp\u00e1rtelo en tu red favorita o env\u00edanos tu comentario.<br \/>\n<\/strong><\/span><\/p>\n<p style=\"text-align: justify;\"><span style=\"font-size: 14pt;\"><strong><span style=\"color: #ff0000;\">Muchas gracias !<\/span><\/strong><\/span><\/p>\n<hr \/>\n<p style=\"text-align: justify;\"><strong><span style=\"color: #008000;\">Suscribete si quieres recibir un mail cuando publiquemos nuevas rutas : no enviamos publicidad y como m\u00e1ximo enviamos 2 mails al mes<\/span><\/strong><\/p>\n<p style=\"text-align: center;\"><a href=\"https:\/\/mailchi.mp\/6989c83a3e24\/wmv06rtqcz\/\" target=\"_blank\" rel=\"noopener noreferrer\"><strong><span style=\"color: #0000ff;\">Pulsa aqu\u00ed para suscribirte<\/span><\/strong><\/a><\/p>\n<hr \/>\n<p style=\"text-align: justify;\">\u00a0<\/p>\n<h3 style=\"text-align: justify;\">Puedes imprimir esta publicaci\u00f3n o guardarla en diferentes formatos :<\/h3>\n<p style=\"text-align: justify;\"><span style=\"color: #ff0000; font-size: 14pt;\">Para facilitar la impresi\u00f3n, se ha reducido considerablemente el tama\u00f1o de las fotos, pero si deseas imprimir sin fotos, aconsejamos guardarlo como \u201cdoc\u201d, y antes de imprimirlo, eliminar las fotos<\/span><\/p>\n<p>&nbsp;<\/p>\n<hr \/>\n","protected":false},"excerpt":{"rendered":"<p>Hoy hacemos la segunda caminata con raquetas de la temporada, y la verdad es que nos hemos cansado un poco m\u00e1s que ayer, primero porque ha sido bastante m\u00e1s larga, pero sobre todo porque hoy hemos ido a este mirador que hay sobre la carretera D-118 y la Quillane,\u00a0 no por el camino m\u00e1s f\u00e1cil que es la pista de\u00a0 ski de fondo, (la estaci\u00f3n estaba abierta y por lo tanto no pod\u00edamos pasar por ah\u00ed), y hemos ido por la pista se\u00f1alizada para las raquetas , que sube y baja varias peque\u00f1as colinas, y por lo tanto con m\u00e1s desnivel, y eso con raquetas se nota bastante.<\/p>\n","protected":false},"author":50,"featured_media":17197,"comment_status":"closed","ping_status":"open","sticky":false,"template":"","format":"standard","meta":{"footnotes":""},"categories":[10,22,11,5],"tags":[],"class_list":{"0":"post-17195","1":"post","2":"type-post","3":"status-publish","4":"format-standard","5":"has-post-thumbnail","6":"hentry","7":"category-facil","8":"category-de-05-a-10-km","9":"category-moderada","10":"category-les-angles","12":"post-with-thumbnail","13":"post-with-thumbnail-icon"},"yoast_head":"<!-- This site is optimized with the Yoast SEO plugin v27.4 - https:\/\/yoast.com\/product\/yoast-seo-wordpress\/ -->\n<title>04-12-2021-Coll de la Llosa a mirador (raquetas) -<\/title>\n<meta name=\"robots\" content=\"index, follow, max-snippet:-1, max-image-preview:large, max-video-preview:-1\" \/>\n<link rel=\"canonical\" href=\"https:\/\/www.carlosyconchita.net\/rutas\/04-12-2021-coll-de-la-llosa-a-mirador\/\" \/>\n<meta property=\"og:locale\" content=\"es_ES\" \/>\n<meta property=\"og:type\" content=\"article\" \/>\n<meta property=\"og:title\" content=\"04-12-2021-Coll de la Llosa a mirador (raquetas) -\" \/>\n<meta property=\"og:description\" content=\"Hoy hacemos la segunda caminata con raquetas de la temporada, y la verdad es que nos hemos cansado un poco m\u00e1s que ayer, primero porque ha sido bastante m\u00e1s larga, pero sobre todo porque hoy hemos ido a este mirador que hay sobre la carretera D-118 y la Quillane,\u00a0 no por el camino m\u00e1s f\u00e1cil que es la pista de\u00a0 ski de fondo, (la estaci\u00f3n estaba abierta y por lo tanto no pod\u00edamos pasar por ah\u00ed), y hemos ido por la pista se\u00f1alizada para las raquetas , que sube y baja varias peque\u00f1as colinas, y por lo tanto con m\u00e1s desnivel, y eso con raquetas se nota bastante.\" \/>\n<meta property=\"og:url\" content=\"https:\/\/www.carlosyconchita.net\/rutas\/04-12-2021-coll-de-la-llosa-a-mirador\/\" \/>\n<meta property=\"og:site_name\" content=\"Las rutas de Carlos y Conchita\" \/>\n<meta property=\"article:published_time\" content=\"2021-12-04T16:02:03+00:00\" \/>\n<meta property=\"article:modified_time\" content=\"2021-12-05T16:32:45+00:00\" \/>\n<meta property=\"og:image\" content=\"https:\/\/www.carlosyconchita.net\/rutas\/wp-content\/uploads\/2021\/12\/Llosa-Mirador-0040.jpg\" \/>\n\t<meta property=\"og:image:width\" content=\"1024\" \/>\n\t<meta property=\"og:image:height\" content=\"576\" \/>\n\t<meta property=\"og:image:type\" content=\"image\/jpeg\" \/>\n<meta name=\"author\" content=\"Carlos Conchita\" \/>\n<meta name=\"twitter:label1\" content=\"Escrito por\" \/>\n\t<meta name=\"twitter:data1\" content=\"Carlos Conchita\" \/>\n\t<meta name=\"twitter:label2\" content=\"Tiempo de lectura\" \/>\n\t<meta name=\"twitter:data2\" content=\"3 minutos\" \/>\n<script type=\"application\/ld+json\" class=\"yoast-schema-graph\">{\"@context\":\"https:\\\/\\\/schema.org\",\"@graph\":[{\"@type\":\"Article\",\"@id\":\"https:\\\/\\\/www.carlosyconchita.net\\\/rutas\\\/04-12-2021-coll-de-la-llosa-a-mirador\\\/#article\",\"isPartOf\":{\"@id\":\"https:\\\/\\\/www.carlosyconchita.net\\\/rutas\\\/04-12-2021-coll-de-la-llosa-a-mirador\\\/\"},\"author\":{\"name\":\"Carlos Conchita\",\"@id\":\"https:\\\/\\\/www.carlosyconchita.net\\\/rutas\\\/#\\\/schema\\\/person\\\/a9691f7258c28443fab2d3aa1479ea19\"},\"headline\":\"04-12-2021-Coll de la Llosa a mirador (raquetas)\",\"datePublished\":\"2021-12-04T16:02:03+00:00\",\"dateModified\":\"2021-12-05T16:32:45+00:00\",\"mainEntityOfPage\":{\"@id\":\"https:\\\/\\\/www.carlosyconchita.net\\\/rutas\\\/04-12-2021-coll-de-la-llosa-a-mirador\\\/\"},\"wordCount\":533,\"image\":{\"@id\":\"https:\\\/\\\/www.carlosyconchita.net\\\/rutas\\\/04-12-2021-coll-de-la-llosa-a-mirador\\\/#primaryimage\"},\"thumbnailUrl\":\"https:\\\/\\\/www.carlosyconchita.net\\\/rutas\\\/wp-content\\\/uploads\\\/2021\\\/12\\\/Llosa-Mirador-0040.jpg\",\"articleSection\":[\"1-F\u00e1cil\",\"2 - De 5 a 10 km.\",\"2-Moderada\",\"Les Angles\"],\"inLanguage\":\"es\"},{\"@type\":\"WebPage\",\"@id\":\"https:\\\/\\\/www.carlosyconchita.net\\\/rutas\\\/04-12-2021-coll-de-la-llosa-a-mirador\\\/\",\"url\":\"https:\\\/\\\/www.carlosyconchita.net\\\/rutas\\\/04-12-2021-coll-de-la-llosa-a-mirador\\\/\",\"name\":\"04-12-2021-Coll de la Llosa a mirador (raquetas) -\",\"isPartOf\":{\"@id\":\"https:\\\/\\\/www.carlosyconchita.net\\\/rutas\\\/#website\"},\"primaryImageOfPage\":{\"@id\":\"https:\\\/\\\/www.carlosyconchita.net\\\/rutas\\\/04-12-2021-coll-de-la-llosa-a-mirador\\\/#primaryimage\"},\"image\":{\"@id\":\"https:\\\/\\\/www.carlosyconchita.net\\\/rutas\\\/04-12-2021-coll-de-la-llosa-a-mirador\\\/#primaryimage\"},\"thumbnailUrl\":\"https:\\\/\\\/www.carlosyconchita.net\\\/rutas\\\/wp-content\\\/uploads\\\/2021\\\/12\\\/Llosa-Mirador-0040.jpg\",\"datePublished\":\"2021-12-04T16:02:03+00:00\",\"dateModified\":\"2021-12-05T16:32:45+00:00\",\"author\":{\"@id\":\"https:\\\/\\\/www.carlosyconchita.net\\\/rutas\\\/#\\\/schema\\\/person\\\/a9691f7258c28443fab2d3aa1479ea19\"},\"breadcrumb\":{\"@id\":\"https:\\\/\\\/www.carlosyconchita.net\\\/rutas\\\/04-12-2021-coll-de-la-llosa-a-mirador\\\/#breadcrumb\"},\"inLanguage\":\"es\",\"potentialAction\":[{\"@type\":\"ReadAction\",\"target\":[\"https:\\\/\\\/www.carlosyconchita.net\\\/rutas\\\/04-12-2021-coll-de-la-llosa-a-mirador\\\/\"]}]},{\"@type\":\"ImageObject\",\"inLanguage\":\"es\",\"@id\":\"https:\\\/\\\/www.carlosyconchita.net\\\/rutas\\\/04-12-2021-coll-de-la-llosa-a-mirador\\\/#primaryimage\",\"url\":\"https:\\\/\\\/www.carlosyconchita.net\\\/rutas\\\/wp-content\\\/uploads\\\/2021\\\/12\\\/Llosa-Mirador-0040.jpg\",\"contentUrl\":\"https:\\\/\\\/www.carlosyconchita.net\\\/rutas\\\/wp-content\\\/uploads\\\/2021\\\/12\\\/Llosa-Mirador-0040.jpg\",\"width\":1024,\"height\":576},{\"@type\":\"BreadcrumbList\",\"@id\":\"https:\\\/\\\/www.carlosyconchita.net\\\/rutas\\\/04-12-2021-coll-de-la-llosa-a-mirador\\\/#breadcrumb\",\"itemListElement\":[{\"@type\":\"ListItem\",\"position\":1,\"name\":\"Portada\",\"item\":\"https:\\\/\\\/www.carlosyconchita.net\\\/rutas\\\/\"},{\"@type\":\"ListItem\",\"position\":2,\"name\":\"04-12-2021-Coll de la Llosa a mirador (raquetas)\"}]},{\"@type\":\"WebSite\",\"@id\":\"https:\\\/\\\/www.carlosyconchita.net\\\/rutas\\\/#website\",\"url\":\"https:\\\/\\\/www.carlosyconchita.net\\\/rutas\\\/\",\"name\":\"Las rutas de Carlos y Conchita\",\"description\":\"\",\"potentialAction\":[{\"@type\":\"SearchAction\",\"target\":{\"@type\":\"EntryPoint\",\"urlTemplate\":\"https:\\\/\\\/www.carlosyconchita.net\\\/rutas\\\/?s={search_term_string}\"},\"query-input\":{\"@type\":\"PropertyValueSpecification\",\"valueRequired\":true,\"valueName\":\"search_term_string\"}}],\"inLanguage\":\"es\"},{\"@type\":\"Person\",\"@id\":\"https:\\\/\\\/www.carlosyconchita.net\\\/rutas\\\/#\\\/schema\\\/person\\\/a9691f7258c28443fab2d3aa1479ea19\",\"name\":\"Carlos Conchita\",\"image\":{\"@type\":\"ImageObject\",\"inLanguage\":\"es\",\"@id\":\"https:\\\/\\\/secure.gravatar.com\\\/avatar\\\/3a4625b20c8da3de99da69bfe7a322774e291c3f90dce7e8778a30fe6748ed1a?s=96&d=mm&r=g\",\"url\":\"https:\\\/\\\/secure.gravatar.com\\\/avatar\\\/3a4625b20c8da3de99da69bfe7a322774e291c3f90dce7e8778a30fe6748ed1a?s=96&d=mm&r=g\",\"contentUrl\":\"https:\\\/\\\/secure.gravatar.com\\\/avatar\\\/3a4625b20c8da3de99da69bfe7a322774e291c3f90dce7e8778a30fe6748ed1a?s=96&d=mm&r=g\",\"caption\":\"Carlos Conchita\"}}]}<\/script>\n<!-- \/ Yoast SEO plugin. -->","yoast_head_json":{"title":"04-12-2021-Coll de la Llosa a mirador (raquetas) -","robots":{"index":"index","follow":"follow","max-snippet":"max-snippet:-1","max-image-preview":"max-image-preview:large","max-video-preview":"max-video-preview:-1"},"canonical":"https:\/\/www.carlosyconchita.net\/rutas\/04-12-2021-coll-de-la-llosa-a-mirador\/","og_locale":"es_ES","og_type":"article","og_title":"04-12-2021-Coll de la Llosa a mirador (raquetas) -","og_description":"Hoy hacemos la segunda caminata con raquetas de la temporada, y la verdad es que nos hemos cansado un poco m\u00e1s que ayer, primero porque ha sido bastante m\u00e1s larga, pero sobre todo porque hoy hemos ido a este mirador que hay sobre la carretera D-118 y la Quillane,\u00a0 no por el camino m\u00e1s f\u00e1cil que es la pista de\u00a0 ski de fondo, (la estaci\u00f3n estaba abierta y por lo tanto no pod\u00edamos pasar por ah\u00ed), y hemos ido por la pista se\u00f1alizada para las raquetas , que sube y baja varias peque\u00f1as colinas, y por lo tanto con m\u00e1s desnivel, y eso con raquetas se nota bastante.","og_url":"https:\/\/www.carlosyconchita.net\/rutas\/04-12-2021-coll-de-la-llosa-a-mirador\/","og_site_name":"Las rutas de Carlos y Conchita","article_published_time":"2021-12-04T16:02:03+00:00","article_modified_time":"2021-12-05T16:32:45+00:00","og_image":[{"width":1024,"height":576,"url":"https:\/\/www.carlosyconchita.net\/rutas\/wp-content\/uploads\/2021\/12\/Llosa-Mirador-0040.jpg","type":"image\/jpeg"}],"author":"Carlos Conchita","twitter_misc":{"Escrito por":"Carlos Conchita","Tiempo de lectura":"3 minutos"},"schema":{"@context":"https:\/\/schema.org","@graph":[{"@type":"Article","@id":"https:\/\/www.carlosyconchita.net\/rutas\/04-12-2021-coll-de-la-llosa-a-mirador\/#article","isPartOf":{"@id":"https:\/\/www.carlosyconchita.net\/rutas\/04-12-2021-coll-de-la-llosa-a-mirador\/"},"author":{"name":"Carlos Conchita","@id":"https:\/\/www.carlosyconchita.net\/rutas\/#\/schema\/person\/a9691f7258c28443fab2d3aa1479ea19"},"headline":"04-12-2021-Coll de la Llosa a mirador (raquetas)","datePublished":"2021-12-04T16:02:03+00:00","dateModified":"2021-12-05T16:32:45+00:00","mainEntityOfPage":{"@id":"https:\/\/www.carlosyconchita.net\/rutas\/04-12-2021-coll-de-la-llosa-a-mirador\/"},"wordCount":533,"image":{"@id":"https:\/\/www.carlosyconchita.net\/rutas\/04-12-2021-coll-de-la-llosa-a-mirador\/#primaryimage"},"thumbnailUrl":"https:\/\/www.carlosyconchita.net\/rutas\/wp-content\/uploads\/2021\/12\/Llosa-Mirador-0040.jpg","articleSection":["1-F\u00e1cil","2 - De 5 a 10 km.","2-Moderada","Les Angles"],"inLanguage":"es"},{"@type":"WebPage","@id":"https:\/\/www.carlosyconchita.net\/rutas\/04-12-2021-coll-de-la-llosa-a-mirador\/","url":"https:\/\/www.carlosyconchita.net\/rutas\/04-12-2021-coll-de-la-llosa-a-mirador\/","name":"04-12-2021-Coll de la Llosa a mirador (raquetas) -","isPartOf":{"@id":"https:\/\/www.carlosyconchita.net\/rutas\/#website"},"primaryImageOfPage":{"@id":"https:\/\/www.carlosyconchita.net\/rutas\/04-12-2021-coll-de-la-llosa-a-mirador\/#primaryimage"},"image":{"@id":"https:\/\/www.carlosyconchita.net\/rutas\/04-12-2021-coll-de-la-llosa-a-mirador\/#primaryimage"},"thumbnailUrl":"https:\/\/www.carlosyconchita.net\/rutas\/wp-content\/uploads\/2021\/12\/Llosa-Mirador-0040.jpg","datePublished":"2021-12-04T16:02:03+00:00","dateModified":"2021-12-05T16:32:45+00:00","author":{"@id":"https:\/\/www.carlosyconchita.net\/rutas\/#\/schema\/person\/a9691f7258c28443fab2d3aa1479ea19"},"breadcrumb":{"@id":"https:\/\/www.carlosyconchita.net\/rutas\/04-12-2021-coll-de-la-llosa-a-mirador\/#breadcrumb"},"inLanguage":"es","potentialAction":[{"@type":"ReadAction","target":["https:\/\/www.carlosyconchita.net\/rutas\/04-12-2021-coll-de-la-llosa-a-mirador\/"]}]},{"@type":"ImageObject","inLanguage":"es","@id":"https:\/\/www.carlosyconchita.net\/rutas\/04-12-2021-coll-de-la-llosa-a-mirador\/#primaryimage","url":"https:\/\/www.carlosyconchita.net\/rutas\/wp-content\/uploads\/2021\/12\/Llosa-Mirador-0040.jpg","contentUrl":"https:\/\/www.carlosyconchita.net\/rutas\/wp-content\/uploads\/2021\/12\/Llosa-Mirador-0040.jpg","width":1024,"height":576},{"@type":"BreadcrumbList","@id":"https:\/\/www.carlosyconchita.net\/rutas\/04-12-2021-coll-de-la-llosa-a-mirador\/#breadcrumb","itemListElement":[{"@type":"ListItem","position":1,"name":"Portada","item":"https:\/\/www.carlosyconchita.net\/rutas\/"},{"@type":"ListItem","position":2,"name":"04-12-2021-Coll de la Llosa a mirador (raquetas)"}]},{"@type":"WebSite","@id":"https:\/\/www.carlosyconchita.net\/rutas\/#website","url":"https:\/\/www.carlosyconchita.net\/rutas\/","name":"Las rutas de Carlos y Conchita","description":"","potentialAction":[{"@type":"SearchAction","target":{"@type":"EntryPoint","urlTemplate":"https:\/\/www.carlosyconchita.net\/rutas\/?s={search_term_string}"},"query-input":{"@type":"PropertyValueSpecification","valueRequired":true,"valueName":"search_term_string"}}],"inLanguage":"es"},{"@type":"Person","@id":"https:\/\/www.carlosyconchita.net\/rutas\/#\/schema\/person\/a9691f7258c28443fab2d3aa1479ea19","name":"Carlos Conchita","image":{"@type":"ImageObject","inLanguage":"es","@id":"https:\/\/secure.gravatar.com\/avatar\/3a4625b20c8da3de99da69bfe7a322774e291c3f90dce7e8778a30fe6748ed1a?s=96&d=mm&r=g","url":"https:\/\/secure.gravatar.com\/avatar\/3a4625b20c8da3de99da69bfe7a322774e291c3f90dce7e8778a30fe6748ed1a?s=96&d=mm&r=g","contentUrl":"https:\/\/secure.gravatar.com\/avatar\/3a4625b20c8da3de99da69bfe7a322774e291c3f90dce7e8778a30fe6748ed1a?s=96&d=mm&r=g","caption":"Carlos Conchita"}}]}},"_links":{"self":[{"href":"https:\/\/www.carlosyconchita.net\/rutas\/wp-json\/wp\/v2\/posts\/17195","targetHints":{"allow":["GET"]}}],"collection":[{"href":"https:\/\/www.carlosyconchita.net\/rutas\/wp-json\/wp\/v2\/posts"}],"about":[{"href":"https:\/\/www.carlosyconchita.net\/rutas\/wp-json\/wp\/v2\/types\/post"}],"author":[{"embeddable":true,"href":"https:\/\/www.carlosyconchita.net\/rutas\/wp-json\/wp\/v2\/users\/50"}],"replies":[{"embeddable":true,"href":"https:\/\/www.carlosyconchita.net\/rutas\/wp-json\/wp\/v2\/comments?post=17195"}],"version-history":[{"count":0,"href":"https:\/\/www.carlosyconchita.net\/rutas\/wp-json\/wp\/v2\/posts\/17195\/revisions"}],"wp:featuredmedia":[{"embeddable":true,"href":"https:\/\/www.carlosyconchita.net\/rutas\/wp-json\/wp\/v2\/media\/17197"}],"wp:attachment":[{"href":"https:\/\/www.carlosyconchita.net\/rutas\/wp-json\/wp\/v2\/media?parent=17195"}],"wp:term":[{"taxonomy":"category","embeddable":true,"href":"https:\/\/www.carlosyconchita.net\/rutas\/wp-json\/wp\/v2\/categories?post=17195"},{"taxonomy":"post_tag","embeddable":true,"href":"https:\/\/www.carlosyconchita.net\/rutas\/wp-json\/wp\/v2\/tags?post=17195"}],"curies":[{"name":"wp","href":"https:\/\/api.w.org\/{rel}","templated":true}]}}