{"id":17232,"date":"2022-01-30T18:58:55","date_gmt":"2022-01-30T17:58:55","guid":{"rendered":"https:\/\/www.carlosyconchita.net\/rutas\/?p=17232"},"modified":"2022-02-02T19:57:43","modified_gmt":"2022-02-02T18:57:43","slug":"30-01-2022-coll-de-creu-refugio-y-lagos-estagnols-raquetas","status":"publish","type":"post","link":"https:\/\/www.carlosyconchita.net\/rutas\/30-01-2022-coll-de-creu-refugio-y-lagos-estagnols-raquetas\/","title":{"rendered":"30-01-2022-Coll de Creu-Refugio y lagos Estagnols (raquetas)"},"content":{"rendered":"<p style=\"text-align: justify;\">Hoy repetimos esta bonita caminata con raquetas , que ya hab\u00edamos hecho hace bastantes a\u00f1os. ( ver\u00a0 <a title=\"Enlace permanente a 23-02-2014 \u2013 Coll de Creu \u2013 Refugi dels Estagnols (raquetas)\" href=\"https:\/\/www.carlosyconchita.net\/rutas\/22-02-2014-coll-de-creu-refugi-dels-estagnols\/\" target=\"_blank\" rel=\"bookmark noopener\">23-02-2014 \u2013 Coll de Creu \u2013 Refugi dels Estagnols (raquetas)\u00a0 )<\/a><\/p>\n<p style=\"text-align: justify;\">El punto de partida lo tenemos en el Coll de Creu, en donde podemos dejar el coche en una de las dos peque\u00f1as zonas existentes, una a cada lado de la carretera.<\/p>\n<p style=\"text-align: justify;\">Para llegar alli, desde Saillagossa hemos de seguir la carretera N-116 en direcci\u00f3n a Mont-Louis, desde alli seguir en direcci\u00f3n a La Llagone, y una vez en la D-118, llegar hasta el lago de Matemale, y poco despu\u00e9s de pasarlo girar a la derecha en direcci\u00f3n al pueblo de Matemale.<br \/>\nPoco antes de entrar en el pueblo, veremos a nuestra derecha el indicador del Coll de Creu , a donde llegaremos por un peque\u00f1a carretera.<\/p>\n<p style=\"text-align: justify;\">Esta vez, a diferencia del pasado dia 6, que tambi\u00e9n aparcamos aqu\u00ed, tenemos que empezar a caminar por nuestra izquierda, seg\u00fan llegamos al Coll.<\/p>\n<p style=\"text-align: justify;\">Siguiendo el camino, tendremos un tramo de unos 2.5 km. de subida no muy fuerte, hasta que lleguemos al Coll dels Agrellons, y desde all\u00ed una bajada bastante pronunciada de unos\u00a0 2 kms. hasta el Coll de Sansa, que notaremos m\u00e1s a la vuelta ya que entonces nos tocar\u00e1 subirla, y desde all\u00ed, un tramo f\u00e1cil de unos 1.7 km. hasta el refugio y lagos dels Estagnols.<\/p>\n<p>El Coll de Sansa, es un cruce de bastantes caminos y origen de varias de nuestras excursiones.<\/p>\n<p style=\"text-align: justify;\">Como se puede ver en el track, a la altura del refugio y lagos, no nos dimos cuenta y nos pasamos de largo el desv\u00edo para llegar a ellos, por lo que tuvimos que volver atr\u00e1s unos pocos metros.<\/p>\n<p style=\"text-align: justify;\">Los dos lagos estaban totalmente congelados, por lo que pudimos cruzar uno de ellos por encima del hielo.<\/p>\n<p>Durante todo el recorrido, tenemos unas bonitas y completas vistas de la zona de Les Angles, Formigueres etc, y m\u00e1s a lo lejos tambi\u00e9n del Carlit , los Perics y otros picos de la zona.<\/p>\n<hr \/>\n<p>&nbsp;<\/p>\n<p><strong>Distancia total<\/strong> :\u00a0\u00a0\u00a0\u00a0\u00a0\u00a0\u00a0\u00a0\u00a0 11.600 <span class=\"totlen\"><span class=\"summaryvalue\">m.\u00a0\u00a0\u00a0\u00a0\u00a0\u00a0\u00a0\u00a0\u00a0\u00a0\u00a0\u00a0\u00a0\u00a0\u00a0\u00a0\u00a0\u00a0\u00a0\u00a0\u00a0 <\/span><\/span><strong>Desnivel acumulado (s\/Wikiloc)<\/strong> :\u00a0 \u00a0\u00a0 363\u00a0 m.<\/p>\n<p><strong>Alturas m\u00edn\/m\u00e1x. :\u00a0<\/strong> \u00a0 1.706 m.\/\u00a0\u00a0 1.890 m.<\/p>\n<p>&nbsp;<\/p>\n<hr \/>\n<p><strong>Album de fotos<\/strong><\/p>\n<p><a href=\"https:\/\/photos.app.goo.gl\/Z5Cbwwm2WBArXHf2A\" target=\"_blank\" rel=\"noopener\"><img loading=\"lazy\" decoding=\"async\" class=\"size-medium wp-image-17234 aligncenter\" src=\"https:\/\/www.carlosyconchita.net\/rutas\/wp-content\/uploads\/2022\/02\/Creu-Estagnols-0048-300x169.jpg\" alt=\"\" width=\"300\" height=\"169\" srcset=\"https:\/\/www.carlosyconchita.net\/rutas\/wp-content\/uploads\/2022\/02\/Creu-Estagnols-0048-300x169.jpg 300w, https:\/\/www.carlosyconchita.net\/rutas\/wp-content\/uploads\/2022\/02\/Creu-Estagnols-0048-600x338.jpg 600w, https:\/\/www.carlosyconchita.net\/rutas\/wp-content\/uploads\/2022\/02\/Creu-Estagnols-0048-768x432.jpg 768w, https:\/\/www.carlosyconchita.net\/rutas\/wp-content\/uploads\/2022\/02\/Creu-Estagnols-0048.jpg 1024w\" sizes=\"auto, (max-width: 300px) 100vw, 300px\" \/><\/a><\/p>\n<hr \/>\n<h4><strong>Mapa y track de la ruta<\/strong><\/h4>\n<p style=\"text-align: center;\"><strong><span style=\"color: #ff0000;\">Pulsando sobre los waypoints del mapa, se puede ver una foto del sitio.<\/span><\/strong><\/p>\n<p>&nbsp;<\/p>\n<p><a href=\"https:\/\/www.carlosyconchita.net\/rutas\/wp-content\/uploads\/gpx\/collcreu-estagnols.html\" target=\"_blank\" rel=\"noopener\"><img loading=\"lazy\" decoding=\"async\" class=\"aligncenter wp-image-16466\" src=\"https:\/\/www.carlosyconchita.net\/rutas\/wp-content\/uploads\/2021\/09\/mapa2.jpg\" alt=\"\" width=\"0185\" height=\"185\" srcset=\"https:\/\/www.carlosyconchita.net\/rutas\/wp-content\/uploads\/2021\/09\/mapa2.jpg 225w, https:\/\/www.carlosyconchita.net\/rutas\/wp-content\/uploads\/2021\/09\/mapa2-120x120.jpg 120w\" sizes=\"auto, (max-width: 185px) 100vw, 185px\" \/><\/a><\/p>\n<hr \/>\n<p><strong>Wikiloc <\/strong><strong><br \/>\n<\/strong><\/p>\n<p><a href=\"https:\/\/es.wikiloc.com\/rutas-raquetas\/coll-de-creu-al-refugio-y-lagos-dels-estagnols-94096301\" target=\"_blank\" rel=\"noopener\"><img loading=\"lazy\" decoding=\"async\" class=\"aligncenter size-full wp-image-958\" src=\"https:\/\/www.carlosyconchita.net\/rutas\/wp-content\/uploads\/2020\/09\/wikiloc.jpg\" alt=\"\" width=\"117\" height=\"34\" \/><\/a><\/p>\n<p>&nbsp;<\/p>\n<hr \/>\n<p style=\"text-align: justify;\"><span style=\"color: #ff0000; background-color: #ffffff; font-size: 14pt;\"><strong>Si te ha gustado, comp\u00e1rtelo en tu red favorita o env\u00edanos tu comentario.<br \/>\n<\/strong><\/span><\/p>\n<p style=\"text-align: justify;\"><span style=\"font-size: 14pt;\"><strong><span style=\"color: #ff0000;\">Muchas gracias !<\/span><\/strong><\/span><\/p>\n<hr \/>\n<p style=\"text-align: justify;\"><strong><span style=\"color: #008000;\">Suscribete si quieres recibir un mail cuando publiquemos nuevas rutas : no enviamos publicidad y como m\u00e1ximo enviamos 2 mails al mes<\/span><\/strong><\/p>\n<p style=\"text-align: center;\"><a href=\"https:\/\/mailchi.mp\/6989c83a3e24\/wmv06rtqcz\/\" target=\"_blank\" rel=\"noopener noreferrer\"><strong><span style=\"color: #0000ff;\">Pulsa aqu\u00ed para suscribirte<\/span><\/strong><\/a><\/p>\n<hr \/>\n<p style=\"text-align: justify;\">\u00a0<\/p>\n<h3 style=\"text-align: justify;\">Puedes imprimir esta publicaci\u00f3n o guardarla en diferentes formatos :<\/h3>\n<p style=\"text-align: justify;\"><span style=\"color: #ff0000; font-size: 14pt;\">Para facilitar la impresi\u00f3n, se ha reducido considerablemente el tama\u00f1o de las fotos, pero si deseas imprimir sin fotos, aconsejamos guardarlo como \u201cdoc\u201d, y antes de imprimirlo, eliminar las fotos<\/span><\/p>\n<p>&nbsp;<\/p>\n<hr \/>\n","protected":false},"excerpt":{"rendered":"<p>Bonita excursi\u00f3n con raquetas desde el Coll de Creu al refugio y peque\u00f1os lagos de los Estagnols, en un magn\u00edfico y soleado d\u00eda, pasando por el Coll dels Agrellons y el Coll de Sansa, cruce de bastantes caminos y origen de varias de nuestras excursiones.<br \/>\nEsta excursi\u00f3n la hab\u00edamos hecho ya el dia 23-02-2014, tambi\u00e9n con raquetas.<\/p>\n","protected":false},"author":50,"featured_media":17234,"comment_status":"closed","ping_status":"open","sticky":false,"template":"","format":"standard","meta":{"footnotes":""},"categories":[11,23,7,5],"tags":[],"class_list":{"0":"post-17232","1":"post","2":"type-post","3":"status-publish","4":"format-standard","5":"has-post-thumbnail","6":"hentry","7":"category-moderada","8":"category-de-10-a-15-km","9":"category-formigueres","10":"category-les-angles","12":"post-with-thumbnail","13":"post-with-thumbnail-icon"},"yoast_head":"<!-- This site is optimized with the Yoast SEO plugin v27.4 - https:\/\/yoast.com\/product\/yoast-seo-wordpress\/ -->\n<title>30-01-2022-Coll de Creu-Refugio y lagos Estagnols (raquetas) -<\/title>\n<meta name=\"robots\" content=\"index, follow, max-snippet:-1, max-image-preview:large, max-video-preview:-1\" \/>\n<link rel=\"canonical\" href=\"https:\/\/www.carlosyconchita.net\/rutas\/30-01-2022-coll-de-creu-refugio-y-lagos-estagnols-raquetas\/\" \/>\n<meta property=\"og:locale\" content=\"es_ES\" \/>\n<meta property=\"og:type\" content=\"article\" \/>\n<meta property=\"og:title\" content=\"30-01-2022-Coll de Creu-Refugio y lagos Estagnols (raquetas) -\" \/>\n<meta property=\"og:description\" content=\"Bonita excursi\u00f3n con raquetas desde el Coll de Creu al refugio y peque\u00f1os lagos de los Estagnols, en un magn\u00edfico y soleado d\u00eda, pasando por el Coll dels Agrellons y el Coll de Sansa, cruce de bastantes caminos y origen de varias de nuestras excursiones. Esta excursi\u00f3n la hab\u00edamos hecho ya el dia 23-02-2014, tambi\u00e9n con raquetas.\" \/>\n<meta property=\"og:url\" content=\"https:\/\/www.carlosyconchita.net\/rutas\/30-01-2022-coll-de-creu-refugio-y-lagos-estagnols-raquetas\/\" \/>\n<meta property=\"og:site_name\" content=\"Las rutas de Carlos y Conchita\" \/>\n<meta property=\"article:published_time\" content=\"2022-01-30T17:58:55+00:00\" \/>\n<meta property=\"article:modified_time\" content=\"2022-02-02T18:57:43+00:00\" \/>\n<meta property=\"og:image\" content=\"https:\/\/www.carlosyconchita.net\/rutas\/wp-content\/uploads\/2022\/02\/Creu-Estagnols-0048.jpg\" \/>\n\t<meta property=\"og:image:width\" content=\"1024\" \/>\n\t<meta property=\"og:image:height\" content=\"576\" \/>\n\t<meta property=\"og:image:type\" content=\"image\/jpeg\" \/>\n<meta name=\"author\" content=\"Carlos Conchita\" \/>\n<meta name=\"twitter:label1\" content=\"Escrito por\" \/>\n\t<meta name=\"twitter:data1\" content=\"Carlos Conchita\" \/>\n\t<meta name=\"twitter:label2\" content=\"Tiempo de lectura\" \/>\n\t<meta name=\"twitter:data2\" content=\"3 minutos\" \/>\n<script type=\"application\/ld+json\" class=\"yoast-schema-graph\">{\"@context\":\"https:\\\/\\\/schema.org\",\"@graph\":[{\"@type\":\"Article\",\"@id\":\"https:\\\/\\\/www.carlosyconchita.net\\\/rutas\\\/30-01-2022-coll-de-creu-refugio-y-lagos-estagnols-raquetas\\\/#article\",\"isPartOf\":{\"@id\":\"https:\\\/\\\/www.carlosyconchita.net\\\/rutas\\\/30-01-2022-coll-de-creu-refugio-y-lagos-estagnols-raquetas\\\/\"},\"author\":{\"name\":\"Carlos Conchita\",\"@id\":\"https:\\\/\\\/www.carlosyconchita.net\\\/rutas\\\/#\\\/schema\\\/person\\\/a9691f7258c28443fab2d3aa1479ea19\"},\"headline\":\"30-01-2022-Coll de Creu-Refugio y lagos Estagnols (raquetas)\",\"datePublished\":\"2022-01-30T17:58:55+00:00\",\"dateModified\":\"2022-02-02T18:57:43+00:00\",\"mainEntityOfPage\":{\"@id\":\"https:\\\/\\\/www.carlosyconchita.net\\\/rutas\\\/30-01-2022-coll-de-creu-refugio-y-lagos-estagnols-raquetas\\\/\"},\"wordCount\":477,\"image\":{\"@id\":\"https:\\\/\\\/www.carlosyconchita.net\\\/rutas\\\/30-01-2022-coll-de-creu-refugio-y-lagos-estagnols-raquetas\\\/#primaryimage\"},\"thumbnailUrl\":\"https:\\\/\\\/www.carlosyconchita.net\\\/rutas\\\/wp-content\\\/uploads\\\/2022\\\/02\\\/Creu-Estagnols-0048.jpg\",\"articleSection\":[\"2-Moderada\",\"3 - De 10 a 15 km.\",\"Formigueres \\\/ Puyvalador\",\"Les Angles\"],\"inLanguage\":\"es\"},{\"@type\":\"WebPage\",\"@id\":\"https:\\\/\\\/www.carlosyconchita.net\\\/rutas\\\/30-01-2022-coll-de-creu-refugio-y-lagos-estagnols-raquetas\\\/\",\"url\":\"https:\\\/\\\/www.carlosyconchita.net\\\/rutas\\\/30-01-2022-coll-de-creu-refugio-y-lagos-estagnols-raquetas\\\/\",\"name\":\"30-01-2022-Coll de Creu-Refugio y lagos Estagnols (raquetas) -\",\"isPartOf\":{\"@id\":\"https:\\\/\\\/www.carlosyconchita.net\\\/rutas\\\/#website\"},\"primaryImageOfPage\":{\"@id\":\"https:\\\/\\\/www.carlosyconchita.net\\\/rutas\\\/30-01-2022-coll-de-creu-refugio-y-lagos-estagnols-raquetas\\\/#primaryimage\"},\"image\":{\"@id\":\"https:\\\/\\\/www.carlosyconchita.net\\\/rutas\\\/30-01-2022-coll-de-creu-refugio-y-lagos-estagnols-raquetas\\\/#primaryimage\"},\"thumbnailUrl\":\"https:\\\/\\\/www.carlosyconchita.net\\\/rutas\\\/wp-content\\\/uploads\\\/2022\\\/02\\\/Creu-Estagnols-0048.jpg\",\"datePublished\":\"2022-01-30T17:58:55+00:00\",\"dateModified\":\"2022-02-02T18:57:43+00:00\",\"author\":{\"@id\":\"https:\\\/\\\/www.carlosyconchita.net\\\/rutas\\\/#\\\/schema\\\/person\\\/a9691f7258c28443fab2d3aa1479ea19\"},\"breadcrumb\":{\"@id\":\"https:\\\/\\\/www.carlosyconchita.net\\\/rutas\\\/30-01-2022-coll-de-creu-refugio-y-lagos-estagnols-raquetas\\\/#breadcrumb\"},\"inLanguage\":\"es\",\"potentialAction\":[{\"@type\":\"ReadAction\",\"target\":[\"https:\\\/\\\/www.carlosyconchita.net\\\/rutas\\\/30-01-2022-coll-de-creu-refugio-y-lagos-estagnols-raquetas\\\/\"]}]},{\"@type\":\"ImageObject\",\"inLanguage\":\"es\",\"@id\":\"https:\\\/\\\/www.carlosyconchita.net\\\/rutas\\\/30-01-2022-coll-de-creu-refugio-y-lagos-estagnols-raquetas\\\/#primaryimage\",\"url\":\"https:\\\/\\\/www.carlosyconchita.net\\\/rutas\\\/wp-content\\\/uploads\\\/2022\\\/02\\\/Creu-Estagnols-0048.jpg\",\"contentUrl\":\"https:\\\/\\\/www.carlosyconchita.net\\\/rutas\\\/wp-content\\\/uploads\\\/2022\\\/02\\\/Creu-Estagnols-0048.jpg\",\"width\":1024,\"height\":576},{\"@type\":\"BreadcrumbList\",\"@id\":\"https:\\\/\\\/www.carlosyconchita.net\\\/rutas\\\/30-01-2022-coll-de-creu-refugio-y-lagos-estagnols-raquetas\\\/#breadcrumb\",\"itemListElement\":[{\"@type\":\"ListItem\",\"position\":1,\"name\":\"Portada\",\"item\":\"https:\\\/\\\/www.carlosyconchita.net\\\/rutas\\\/\"},{\"@type\":\"ListItem\",\"position\":2,\"name\":\"30-01-2022-Coll de Creu-Refugio y lagos Estagnols (raquetas)\"}]},{\"@type\":\"WebSite\",\"@id\":\"https:\\\/\\\/www.carlosyconchita.net\\\/rutas\\\/#website\",\"url\":\"https:\\\/\\\/www.carlosyconchita.net\\\/rutas\\\/\",\"name\":\"Las rutas de Carlos y Conchita\",\"description\":\"\",\"potentialAction\":[{\"@type\":\"SearchAction\",\"target\":{\"@type\":\"EntryPoint\",\"urlTemplate\":\"https:\\\/\\\/www.carlosyconchita.net\\\/rutas\\\/?s={search_term_string}\"},\"query-input\":{\"@type\":\"PropertyValueSpecification\",\"valueRequired\":true,\"valueName\":\"search_term_string\"}}],\"inLanguage\":\"es\"},{\"@type\":\"Person\",\"@id\":\"https:\\\/\\\/www.carlosyconchita.net\\\/rutas\\\/#\\\/schema\\\/person\\\/a9691f7258c28443fab2d3aa1479ea19\",\"name\":\"Carlos Conchita\",\"image\":{\"@type\":\"ImageObject\",\"inLanguage\":\"es\",\"@id\":\"https:\\\/\\\/secure.gravatar.com\\\/avatar\\\/3a4625b20c8da3de99da69bfe7a322774e291c3f90dce7e8778a30fe6748ed1a?s=96&d=mm&r=g\",\"url\":\"https:\\\/\\\/secure.gravatar.com\\\/avatar\\\/3a4625b20c8da3de99da69bfe7a322774e291c3f90dce7e8778a30fe6748ed1a?s=96&d=mm&r=g\",\"contentUrl\":\"https:\\\/\\\/secure.gravatar.com\\\/avatar\\\/3a4625b20c8da3de99da69bfe7a322774e291c3f90dce7e8778a30fe6748ed1a?s=96&d=mm&r=g\",\"caption\":\"Carlos Conchita\"}}]}<\/script>\n<!-- \/ Yoast SEO plugin. -->","yoast_head_json":{"title":"30-01-2022-Coll de Creu-Refugio y lagos Estagnols (raquetas) -","robots":{"index":"index","follow":"follow","max-snippet":"max-snippet:-1","max-image-preview":"max-image-preview:large","max-video-preview":"max-video-preview:-1"},"canonical":"https:\/\/www.carlosyconchita.net\/rutas\/30-01-2022-coll-de-creu-refugio-y-lagos-estagnols-raquetas\/","og_locale":"es_ES","og_type":"article","og_title":"30-01-2022-Coll de Creu-Refugio y lagos Estagnols (raquetas) -","og_description":"Bonita excursi\u00f3n con raquetas desde el Coll de Creu al refugio y peque\u00f1os lagos de los Estagnols, en un magn\u00edfico y soleado d\u00eda, pasando por el Coll dels Agrellons y el Coll de Sansa, cruce de bastantes caminos y origen de varias de nuestras excursiones. Esta excursi\u00f3n la hab\u00edamos hecho ya el dia 23-02-2014, tambi\u00e9n con raquetas.","og_url":"https:\/\/www.carlosyconchita.net\/rutas\/30-01-2022-coll-de-creu-refugio-y-lagos-estagnols-raquetas\/","og_site_name":"Las rutas de Carlos y Conchita","article_published_time":"2022-01-30T17:58:55+00:00","article_modified_time":"2022-02-02T18:57:43+00:00","og_image":[{"width":1024,"height":576,"url":"https:\/\/www.carlosyconchita.net\/rutas\/wp-content\/uploads\/2022\/02\/Creu-Estagnols-0048.jpg","type":"image\/jpeg"}],"author":"Carlos Conchita","twitter_misc":{"Escrito por":"Carlos Conchita","Tiempo de lectura":"3 minutos"},"schema":{"@context":"https:\/\/schema.org","@graph":[{"@type":"Article","@id":"https:\/\/www.carlosyconchita.net\/rutas\/30-01-2022-coll-de-creu-refugio-y-lagos-estagnols-raquetas\/#article","isPartOf":{"@id":"https:\/\/www.carlosyconchita.net\/rutas\/30-01-2022-coll-de-creu-refugio-y-lagos-estagnols-raquetas\/"},"author":{"name":"Carlos Conchita","@id":"https:\/\/www.carlosyconchita.net\/rutas\/#\/schema\/person\/a9691f7258c28443fab2d3aa1479ea19"},"headline":"30-01-2022-Coll de Creu-Refugio y lagos Estagnols (raquetas)","datePublished":"2022-01-30T17:58:55+00:00","dateModified":"2022-02-02T18:57:43+00:00","mainEntityOfPage":{"@id":"https:\/\/www.carlosyconchita.net\/rutas\/30-01-2022-coll-de-creu-refugio-y-lagos-estagnols-raquetas\/"},"wordCount":477,"image":{"@id":"https:\/\/www.carlosyconchita.net\/rutas\/30-01-2022-coll-de-creu-refugio-y-lagos-estagnols-raquetas\/#primaryimage"},"thumbnailUrl":"https:\/\/www.carlosyconchita.net\/rutas\/wp-content\/uploads\/2022\/02\/Creu-Estagnols-0048.jpg","articleSection":["2-Moderada","3 - De 10 a 15 km.","Formigueres \/ Puyvalador","Les Angles"],"inLanguage":"es"},{"@type":"WebPage","@id":"https:\/\/www.carlosyconchita.net\/rutas\/30-01-2022-coll-de-creu-refugio-y-lagos-estagnols-raquetas\/","url":"https:\/\/www.carlosyconchita.net\/rutas\/30-01-2022-coll-de-creu-refugio-y-lagos-estagnols-raquetas\/","name":"30-01-2022-Coll de Creu-Refugio y lagos Estagnols (raquetas) -","isPartOf":{"@id":"https:\/\/www.carlosyconchita.net\/rutas\/#website"},"primaryImageOfPage":{"@id":"https:\/\/www.carlosyconchita.net\/rutas\/30-01-2022-coll-de-creu-refugio-y-lagos-estagnols-raquetas\/#primaryimage"},"image":{"@id":"https:\/\/www.carlosyconchita.net\/rutas\/30-01-2022-coll-de-creu-refugio-y-lagos-estagnols-raquetas\/#primaryimage"},"thumbnailUrl":"https:\/\/www.carlosyconchita.net\/rutas\/wp-content\/uploads\/2022\/02\/Creu-Estagnols-0048.jpg","datePublished":"2022-01-30T17:58:55+00:00","dateModified":"2022-02-02T18:57:43+00:00","author":{"@id":"https:\/\/www.carlosyconchita.net\/rutas\/#\/schema\/person\/a9691f7258c28443fab2d3aa1479ea19"},"breadcrumb":{"@id":"https:\/\/www.carlosyconchita.net\/rutas\/30-01-2022-coll-de-creu-refugio-y-lagos-estagnols-raquetas\/#breadcrumb"},"inLanguage":"es","potentialAction":[{"@type":"ReadAction","target":["https:\/\/www.carlosyconchita.net\/rutas\/30-01-2022-coll-de-creu-refugio-y-lagos-estagnols-raquetas\/"]}]},{"@type":"ImageObject","inLanguage":"es","@id":"https:\/\/www.carlosyconchita.net\/rutas\/30-01-2022-coll-de-creu-refugio-y-lagos-estagnols-raquetas\/#primaryimage","url":"https:\/\/www.carlosyconchita.net\/rutas\/wp-content\/uploads\/2022\/02\/Creu-Estagnols-0048.jpg","contentUrl":"https:\/\/www.carlosyconchita.net\/rutas\/wp-content\/uploads\/2022\/02\/Creu-Estagnols-0048.jpg","width":1024,"height":576},{"@type":"BreadcrumbList","@id":"https:\/\/www.carlosyconchita.net\/rutas\/30-01-2022-coll-de-creu-refugio-y-lagos-estagnols-raquetas\/#breadcrumb","itemListElement":[{"@type":"ListItem","position":1,"name":"Portada","item":"https:\/\/www.carlosyconchita.net\/rutas\/"},{"@type":"ListItem","position":2,"name":"30-01-2022-Coll de Creu-Refugio y lagos Estagnols (raquetas)"}]},{"@type":"WebSite","@id":"https:\/\/www.carlosyconchita.net\/rutas\/#website","url":"https:\/\/www.carlosyconchita.net\/rutas\/","name":"Las rutas de Carlos y Conchita","description":"","potentialAction":[{"@type":"SearchAction","target":{"@type":"EntryPoint","urlTemplate":"https:\/\/www.carlosyconchita.net\/rutas\/?s={search_term_string}"},"query-input":{"@type":"PropertyValueSpecification","valueRequired":true,"valueName":"search_term_string"}}],"inLanguage":"es"},{"@type":"Person","@id":"https:\/\/www.carlosyconchita.net\/rutas\/#\/schema\/person\/a9691f7258c28443fab2d3aa1479ea19","name":"Carlos Conchita","image":{"@type":"ImageObject","inLanguage":"es","@id":"https:\/\/secure.gravatar.com\/avatar\/3a4625b20c8da3de99da69bfe7a322774e291c3f90dce7e8778a30fe6748ed1a?s=96&d=mm&r=g","url":"https:\/\/secure.gravatar.com\/avatar\/3a4625b20c8da3de99da69bfe7a322774e291c3f90dce7e8778a30fe6748ed1a?s=96&d=mm&r=g","contentUrl":"https:\/\/secure.gravatar.com\/avatar\/3a4625b20c8da3de99da69bfe7a322774e291c3f90dce7e8778a30fe6748ed1a?s=96&d=mm&r=g","caption":"Carlos Conchita"}}]}},"_links":{"self":[{"href":"https:\/\/www.carlosyconchita.net\/rutas\/wp-json\/wp\/v2\/posts\/17232","targetHints":{"allow":["GET"]}}],"collection":[{"href":"https:\/\/www.carlosyconchita.net\/rutas\/wp-json\/wp\/v2\/posts"}],"about":[{"href":"https:\/\/www.carlosyconchita.net\/rutas\/wp-json\/wp\/v2\/types\/post"}],"author":[{"embeddable":true,"href":"https:\/\/www.carlosyconchita.net\/rutas\/wp-json\/wp\/v2\/users\/50"}],"replies":[{"embeddable":true,"href":"https:\/\/www.carlosyconchita.net\/rutas\/wp-json\/wp\/v2\/comments?post=17232"}],"version-history":[{"count":0,"href":"https:\/\/www.carlosyconchita.net\/rutas\/wp-json\/wp\/v2\/posts\/17232\/revisions"}],"wp:featuredmedia":[{"embeddable":true,"href":"https:\/\/www.carlosyconchita.net\/rutas\/wp-json\/wp\/v2\/media\/17234"}],"wp:attachment":[{"href":"https:\/\/www.carlosyconchita.net\/rutas\/wp-json\/wp\/v2\/media?parent=17232"}],"wp:term":[{"taxonomy":"category","embeddable":true,"href":"https:\/\/www.carlosyconchita.net\/rutas\/wp-json\/wp\/v2\/categories?post=17232"},{"taxonomy":"post_tag","embeddable":true,"href":"https:\/\/www.carlosyconchita.net\/rutas\/wp-json\/wp\/v2\/tags?post=17232"}],"curies":[{"name":"wp","href":"https:\/\/api.w.org\/{rel}","templated":true}]}}