{"id":17242,"date":"2022-01-29T18:43:14","date_gmt":"2022-01-29T17:43:14","guid":{"rendered":"https:\/\/www.carlosyconchita.net\/rutas\/?p=17242"},"modified":"2022-02-25T18:25:23","modified_gmt":"2022-02-25T17:25:23","slug":"29-01-2022-espousouille-refugio-jaceta","status":"publish","type":"post","link":"https:\/\/www.carlosyconchita.net\/rutas\/29-01-2022-espousouille-refugio-jaceta\/","title":{"rendered":"29-01-2022-Espousouille-Refugio Jaceta (raquetas)"},"content":{"rendered":"<p style=\"text-align: justify;\">Hoy empezamos una bonita caminata con raquetas en la zona de Espousouille,\u00a0 a donde ya hemos ido bastantes veces, para llegar hasta el refugio de la Jaceta, en el valle de la Galba.<\/p>\n<p style=\"text-align: justify;\">Ahora en invierno, tenemos que dejar el coche en el mismo pueblo, al lado de la iglesia, en donde hay una gran explanada para aparcar, y empezamos a caminar al fondo de la misma, atravesando un peque\u00f1o puente sobre el rio Galba.<br \/>\nEn verano se puede llegar con el coche hasta el punto indicado en el track como \u00abParking verano\u00bb, y desde all\u00ed hemos empezado varias excursiones\u00a0 :<\/p>\n<p class=\"entry-title\"><a title=\"Enlace permanente a 28-10-2017-Portella y lago de Orl\u00fa\" href=\"https:\/\/www.carlosyconchita.net\/rutas\/28-10-2017-portella-lago-orlu\/\" target=\"_blank\" rel=\"bookmark noopener\"><strong>28-10-2017 &#8211; Portella y lago de Orl\u00fa<\/strong><\/a><\/p>\n<p><strong><a href=\"https:\/\/www.carlosyconchita.net\/rutas\/22-06-2014-estany-del-diable\/\" target=\"_blank\" rel=\"bookmark noopener\">22-06-2014 \u2013 Estany del Diable<\/a><\/strong><\/p>\n<p style=\"text-align: justify;\">Como se puede ver en las fotos, hay bastantes arboles ca\u00eddos en el camino de ida, bastante sombr\u00edo y por dentro del bosque, mientras que la vuelta la haremos por el otro lado del r\u00edo, bastante m\u00e1s soleado.<\/p>\n<p style=\"text-align: justify;\">En el camino de ida, que sigue el recorrido del r\u00edo Galba,\u00a0 podremos ver una peque\u00f1a cascada y una fuente, casi congeladas, y despu\u00e9s pasaremos por un peque\u00f1o puente que casi no se v\u00e9\u00a0 por la nieve si no lo conoces, que nos lleva al citado \u00abparking de verano\u00bb.<\/p>\n<p style=\"text-align: justify;\">Este parking ,\u00a0 que indicamos en el track, pr\u00e1cticamente no se aprecia por la gran cantidad de nieve que hay, y en estas dos fotos podemos verlo el 28-10-2017\u00a0 y en el dia de hoy :<\/p>\n<p style=\"text-align: justify;\">\u00a0<\/p>\n<p><img loading=\"lazy\" decoding=\"async\" class=\"alignnone size-medium\" src=\"https:\/\/lh3.googleusercontent.com\/pw\/AM-JKLWXC6O5Pb5j1k4AeVLHYyDa6tBVQkpTNnLauESi3gVu9SIFYyfU4HqOiyWTP5dBF785oOg4WcQcWdkHeOiilsDfvDgEbSqOym9NFlCeblviGMO2Ie_hMNv0wLxj14mRJpLOnt2ctIZ6cMpfduh2wfPf2g=w1024-h576-no\" width=\"1024\" height=\"576\" \/><\/p>\n<p>&nbsp;<\/p>\n<p><img loading=\"lazy\" decoding=\"async\" class=\"alignnone size-medium\" src=\"https:\/\/lh3.googleusercontent.com\/UYPbZQ7tkVRdhRyOyM2N_9EVDRMSlciL5YBi6f7nBFtIg36GJMeeuahtnm9GnJwyQeeL-cl-OVFJq_2hgdAQIi_rdkgiWhKr8WB8wGjWlZzDTOVu9k9_0busbwW-K0LU5QmB8ctNe9UpaN8SNGQRF2GSbCG6M4t9yfQx3x4cIq10ssRx11TcoYB2da0GrchBwkOVw9ePJCTk4i8C80MlBV8vf4WwKDMHQnmf2TLIzSQ5x3ay0iIpcFtjkjKbk1W5jGD-8B-OobsZUOj2WV1iuT_Q1CzA1ddaaGruTJRetI1KZBBrYKYYaowkZpLdNRnWhaq_yvEGvLHf-BL3pu0ikryDxsnVNYOSQOCHYF_SlW9hTykDINUTV_o4NNmknphBN6JwIL1dmFZUsdRsdLJd_iuJJGjR8KbpUKt-Q4KUXJs51dLvMH3dIqRNGnNelIsIcP-TmXDMbTKZ7OYlUrfvJN0fDA1gq5sw-5-BylGsTVxElWZ5foEhHWo--Yq-orc40gsPigC9YrY2CbaqPAEA180qJR_pL1jiCVkKScXcqjTUvAK4j4fR9l7iM7BKdiafy8jwURO7yIbpEpqQP0LB-SK1nC5DGIYsYf7Tc2VW1k-UGcM5d4VzSSjjwMWLHUPlRGqnLYHWQmUUvlaZsMCTVs3yWwq23GbcKh4hqNbRoydUOmu0IlRbt062ipeFcBFuDshQ2kzP7g8hWDfUmvXkjviR=w1024-h576-no?authuser=0\" width=\"1024\" height=\"576\" \/><\/p>\n<p>Continuamos caminando unos 700-800 m. hasta llegar al refugio de la Jaceta, en donde encontramos un \u00ablibro de firmas\u00bb, y aprovechamos para poner una nota, a ver si dentro de unos a\u00f1os podemos verla.<\/p>\n<p>Este tramo del recorrido es muy bonito, ya que pasamos m\u00e1s cerca del rio y podemos ver con m\u00e1s detalle las piedras y tramos cubiertos de nieve.<\/p>\n<p style=\"text-align: justify;\">Desde el refugio, despu\u00e9s de comer un poco de fruta, volvemos por el mismo camino hasta la zona de parking, y desde all\u00ed volvemos al punto de partida por el camino de nuestra izquierda, en donde hay una se\u00f1al de prohibido el paso para los coches.<\/p>\n<hr \/>\n<p>&nbsp;<\/p>\n<p><strong>Distancia total<\/strong> :\u00a0\u00a0\u00a0\u00a0\u00a0\u00a0\u00a0\u00a0\u00a0 9.500 <span class=\"totlen\"><span class=\"summaryvalue\">m.\u00a0\u00a0\u00a0\u00a0\u00a0\u00a0\u00a0\u00a0\u00a0\u00a0\u00a0\u00a0\u00a0\u00a0\u00a0\u00a0\u00a0\u00a0\u00a0\u00a0\u00a0 <\/span><\/span><strong>Desnivel acumulado (s\/Wikiloc)<\/strong> :\u00a0 \u00a0\u00a0 120\u00a0 m.<\/p>\n<p><strong>Alturas m\u00edn\/m\u00e1x. :\u00a0<\/strong> \u00a0 1.527 m.\/\u00a0\u00a0 1.662 m.<\/p>\n<p>&nbsp;<\/p>\n<hr \/>\n<p><strong>Album de fotos<\/strong><\/p>\n<p><a href=\"https:\/\/photos.app.goo.gl\/Su2XPV2j67enttAp6\" target=\"_blank\" rel=\"noopener\"><img loading=\"lazy\" decoding=\"async\" class=\"size-medium wp-image-17243 aligncenter\" src=\"https:\/\/www.carlosyconchita.net\/rutas\/wp-content\/uploads\/2022\/02\/Esposouille-0048-300x169.jpg\" alt=\"\" width=\"300\" height=\"169\" srcset=\"https:\/\/www.carlosyconchita.net\/rutas\/wp-content\/uploads\/2022\/02\/Esposouille-0048-300x169.jpg 300w, https:\/\/www.carlosyconchita.net\/rutas\/wp-content\/uploads\/2022\/02\/Esposouille-0048-600x338.jpg 600w, https:\/\/www.carlosyconchita.net\/rutas\/wp-content\/uploads\/2022\/02\/Esposouille-0048-768x432.jpg 768w, https:\/\/www.carlosyconchita.net\/rutas\/wp-content\/uploads\/2022\/02\/Esposouille-0048.jpg 1024w\" sizes=\"auto, (max-width: 300px) 100vw, 300px\" \/><\/a><\/p>\n<hr \/>\n<h4><strong>Mapa y track de la ruta<\/strong><\/h4>\n<p style=\"text-align: center;\"><strong><span style=\"color: #ff0000;\">Pulsando sobre los waypoints del mapa, se puede ver una foto del sitio.<\/span><\/strong><\/p>\n<p>&nbsp;<\/p>\n<p><a href=\"https:\/\/www.carlosyconchita.net\/rutas\/wp-content\/uploads\/gpx\/Espousouille-Jaceta.html\" target=\"_blank\" rel=\"noopener\"><img loading=\"lazy\" decoding=\"async\" class=\"aligncenter wp-image-16466\" src=\"https:\/\/www.carlosyconchita.net\/rutas\/wp-content\/uploads\/2021\/09\/mapa2.jpg\" alt=\"\" width=\"0185\" height=\"185\" srcset=\"https:\/\/www.carlosyconchita.net\/rutas\/wp-content\/uploads\/2021\/09\/mapa2.jpg 225w, https:\/\/www.carlosyconchita.net\/rutas\/wp-content\/uploads\/2021\/09\/mapa2-120x120.jpg 120w\" sizes=\"auto, (max-width: 185px) 100vw, 185px\" \/><\/a><\/p>\n<hr \/>\n<p><strong>Wikiloc <\/strong><strong><br \/>\n<\/strong><\/p>\n<p><a href=\"https:\/\/es.wikiloc.com\/rutas-raquetas\/espousouille-al-refugio-de-la-jaceta-94364692\" target=\"_blank\" rel=\"noopener\"><img loading=\"lazy\" decoding=\"async\" class=\"aligncenter size-full wp-image-958\" src=\"https:\/\/www.carlosyconchita.net\/rutas\/wp-content\/uploads\/2020\/09\/wikiloc.jpg\" alt=\"\" width=\"117\" height=\"34\" \/><\/a><\/p>\n<p>&nbsp;<\/p>\n<hr \/>\n<p style=\"text-align: justify;\"><span style=\"color: #ff0000; background-color: #ffffff; font-size: 14pt;\"><strong>Si te ha gustado, comp\u00e1rtelo en tu red favorita o env\u00edanos tu comentario.<br \/>\n<\/strong><\/span><\/p>\n<p style=\"text-align: justify;\"><span style=\"font-size: 14pt;\"><strong><span style=\"color: #ff0000;\">Muchas gracias !<\/span><\/strong><\/span><\/p>\n<hr \/>\n<p style=\"text-align: justify;\"><strong><span style=\"color: #008000;\">Suscribete si quieres recibir un mail cuando publiquemos nuevas rutas : no enviamos publicidad y como m\u00e1ximo enviamos 2 mails al mes<\/span><\/strong><\/p>\n<p style=\"text-align: center;\"><a href=\"https:\/\/mailchi.mp\/6989c83a3e24\/wmv06rtqcz\/\" target=\"_blank\" rel=\"noopener noreferrer\"><strong><span style=\"color: #0000ff;\">Pulsa aqu\u00ed para suscribirte<\/span><\/strong><\/a><\/p>\n<hr \/>\n<p style=\"text-align: justify;\">\u00a0<\/p>\n<h3 style=\"text-align: justify;\">Puedes imprimir esta publicaci\u00f3n o guardarla en diferentes formatos :<\/h3>\n<p style=\"text-align: justify;\"><span style=\"color: #ff0000; font-size: 14pt;\">Para facilitar la impresi\u00f3n, se ha reducido considerablemente el tama\u00f1o de las fotos, pero si deseas imprimir sin fotos, aconsejamos guardarlo como \u201cdoc\u201d, y antes de imprimirlo, eliminar las fotos<\/span><\/p>\n<p>&nbsp;<\/p>\n<hr \/>\n","protected":false},"excerpt":{"rendered":"<p>Bonita caminata con raquetas en la zona de Espousouille,\u00a0 a donde ya hemos ido bastantes veces, para llegar hasta el refugio de la Jaceta, en el valle de la Galba.<\/p>\n","protected":false},"author":50,"featured_media":17243,"comment_status":"closed","ping_status":"open","sticky":false,"template":"","format":"standard","meta":{"footnotes":""},"categories":[10,22,7],"tags":[],"class_list":{"0":"post-17242","1":"post","2":"type-post","3":"status-publish","4":"format-standard","5":"has-post-thumbnail","6":"hentry","7":"category-facil","8":"category-de-05-a-10-km","9":"category-formigueres","11":"post-with-thumbnail","12":"post-with-thumbnail-icon"},"yoast_head":"<!-- This site is optimized with the Yoast SEO plugin v27.4 - https:\/\/yoast.com\/product\/yoast-seo-wordpress\/ -->\n<title>29-01-2022-Espousouille-Refugio Jaceta (raquetas) -<\/title>\n<meta name=\"robots\" content=\"index, follow, max-snippet:-1, max-image-preview:large, max-video-preview:-1\" \/>\n<link rel=\"canonical\" href=\"https:\/\/www.carlosyconchita.net\/rutas\/29-01-2022-espousouille-refugio-jaceta\/\" \/>\n<meta property=\"og:locale\" content=\"es_ES\" \/>\n<meta property=\"og:type\" content=\"article\" \/>\n<meta property=\"og:title\" content=\"29-01-2022-Espousouille-Refugio Jaceta (raquetas) -\" \/>\n<meta property=\"og:description\" content=\"Bonita caminata con raquetas en la zona de Espousouille,\u00a0 a donde ya hemos ido bastantes veces, para llegar hasta el refugio de la Jaceta, en el valle de la Galba.\" \/>\n<meta property=\"og:url\" content=\"https:\/\/www.carlosyconchita.net\/rutas\/29-01-2022-espousouille-refugio-jaceta\/\" \/>\n<meta property=\"og:site_name\" content=\"Las rutas de Carlos y Conchita\" \/>\n<meta property=\"article:published_time\" content=\"2022-01-29T17:43:14+00:00\" \/>\n<meta property=\"article:modified_time\" content=\"2022-02-25T17:25:23+00:00\" \/>\n<meta property=\"og:image\" content=\"https:\/\/www.carlosyconchita.net\/rutas\/wp-content\/uploads\/2022\/02\/Esposouille-0048.jpg\" \/>\n\t<meta property=\"og:image:width\" content=\"1024\" \/>\n\t<meta property=\"og:image:height\" content=\"576\" \/>\n\t<meta property=\"og:image:type\" content=\"image\/jpeg\" \/>\n<meta name=\"author\" content=\"Carlos Conchita\" \/>\n<meta name=\"twitter:label1\" content=\"Escrito por\" \/>\n\t<meta name=\"twitter:data1\" content=\"Carlos Conchita\" \/>\n\t<meta name=\"twitter:label2\" content=\"Tiempo de lectura\" \/>\n\t<meta name=\"twitter:data2\" content=\"4 minutos\" \/>\n<script type=\"application\/ld+json\" class=\"yoast-schema-graph\">{\"@context\":\"https:\\\/\\\/schema.org\",\"@graph\":[{\"@type\":\"Article\",\"@id\":\"https:\\\/\\\/www.carlosyconchita.net\\\/rutas\\\/29-01-2022-espousouille-refugio-jaceta\\\/#article\",\"isPartOf\":{\"@id\":\"https:\\\/\\\/www.carlosyconchita.net\\\/rutas\\\/29-01-2022-espousouille-refugio-jaceta\\\/\"},\"author\":{\"name\":\"Carlos Conchita\",\"@id\":\"https:\\\/\\\/www.carlosyconchita.net\\\/rutas\\\/#\\\/schema\\\/person\\\/a9691f7258c28443fab2d3aa1479ea19\"},\"headline\":\"29-01-2022-Espousouille-Refugio Jaceta (raquetas)\",\"datePublished\":\"2022-01-29T17:43:14+00:00\",\"dateModified\":\"2022-02-25T17:25:23+00:00\",\"mainEntityOfPage\":{\"@id\":\"https:\\\/\\\/www.carlosyconchita.net\\\/rutas\\\/29-01-2022-espousouille-refugio-jaceta\\\/\"},\"wordCount\":490,\"image\":{\"@id\":\"https:\\\/\\\/www.carlosyconchita.net\\\/rutas\\\/29-01-2022-espousouille-refugio-jaceta\\\/#primaryimage\"},\"thumbnailUrl\":\"https:\\\/\\\/www.carlosyconchita.net\\\/rutas\\\/wp-content\\\/uploads\\\/2022\\\/02\\\/Esposouille-0048.jpg\",\"articleSection\":[\"1-F\u00e1cil\",\"2 - De 5 a 10 km.\",\"Formigueres \\\/ Puyvalador\"],\"inLanguage\":\"es\"},{\"@type\":\"WebPage\",\"@id\":\"https:\\\/\\\/www.carlosyconchita.net\\\/rutas\\\/29-01-2022-espousouille-refugio-jaceta\\\/\",\"url\":\"https:\\\/\\\/www.carlosyconchita.net\\\/rutas\\\/29-01-2022-espousouille-refugio-jaceta\\\/\",\"name\":\"29-01-2022-Espousouille-Refugio Jaceta (raquetas) -\",\"isPartOf\":{\"@id\":\"https:\\\/\\\/www.carlosyconchita.net\\\/rutas\\\/#website\"},\"primaryImageOfPage\":{\"@id\":\"https:\\\/\\\/www.carlosyconchita.net\\\/rutas\\\/29-01-2022-espousouille-refugio-jaceta\\\/#primaryimage\"},\"image\":{\"@id\":\"https:\\\/\\\/www.carlosyconchita.net\\\/rutas\\\/29-01-2022-espousouille-refugio-jaceta\\\/#primaryimage\"},\"thumbnailUrl\":\"https:\\\/\\\/www.carlosyconchita.net\\\/rutas\\\/wp-content\\\/uploads\\\/2022\\\/02\\\/Esposouille-0048.jpg\",\"datePublished\":\"2022-01-29T17:43:14+00:00\",\"dateModified\":\"2022-02-25T17:25:23+00:00\",\"author\":{\"@id\":\"https:\\\/\\\/www.carlosyconchita.net\\\/rutas\\\/#\\\/schema\\\/person\\\/a9691f7258c28443fab2d3aa1479ea19\"},\"breadcrumb\":{\"@id\":\"https:\\\/\\\/www.carlosyconchita.net\\\/rutas\\\/29-01-2022-espousouille-refugio-jaceta\\\/#breadcrumb\"},\"inLanguage\":\"es\",\"potentialAction\":[{\"@type\":\"ReadAction\",\"target\":[\"https:\\\/\\\/www.carlosyconchita.net\\\/rutas\\\/29-01-2022-espousouille-refugio-jaceta\\\/\"]}]},{\"@type\":\"ImageObject\",\"inLanguage\":\"es\",\"@id\":\"https:\\\/\\\/www.carlosyconchita.net\\\/rutas\\\/29-01-2022-espousouille-refugio-jaceta\\\/#primaryimage\",\"url\":\"https:\\\/\\\/www.carlosyconchita.net\\\/rutas\\\/wp-content\\\/uploads\\\/2022\\\/02\\\/Esposouille-0048.jpg\",\"contentUrl\":\"https:\\\/\\\/www.carlosyconchita.net\\\/rutas\\\/wp-content\\\/uploads\\\/2022\\\/02\\\/Esposouille-0048.jpg\",\"width\":1024,\"height\":576},{\"@type\":\"BreadcrumbList\",\"@id\":\"https:\\\/\\\/www.carlosyconchita.net\\\/rutas\\\/29-01-2022-espousouille-refugio-jaceta\\\/#breadcrumb\",\"itemListElement\":[{\"@type\":\"ListItem\",\"position\":1,\"name\":\"Portada\",\"item\":\"https:\\\/\\\/www.carlosyconchita.net\\\/rutas\\\/\"},{\"@type\":\"ListItem\",\"position\":2,\"name\":\"29-01-2022-Espousouille-Refugio Jaceta (raquetas)\"}]},{\"@type\":\"WebSite\",\"@id\":\"https:\\\/\\\/www.carlosyconchita.net\\\/rutas\\\/#website\",\"url\":\"https:\\\/\\\/www.carlosyconchita.net\\\/rutas\\\/\",\"name\":\"Las rutas de Carlos y Conchita\",\"description\":\"\",\"potentialAction\":[{\"@type\":\"SearchAction\",\"target\":{\"@type\":\"EntryPoint\",\"urlTemplate\":\"https:\\\/\\\/www.carlosyconchita.net\\\/rutas\\\/?s={search_term_string}\"},\"query-input\":{\"@type\":\"PropertyValueSpecification\",\"valueRequired\":true,\"valueName\":\"search_term_string\"}}],\"inLanguage\":\"es\"},{\"@type\":\"Person\",\"@id\":\"https:\\\/\\\/www.carlosyconchita.net\\\/rutas\\\/#\\\/schema\\\/person\\\/a9691f7258c28443fab2d3aa1479ea19\",\"name\":\"Carlos Conchita\",\"image\":{\"@type\":\"ImageObject\",\"inLanguage\":\"es\",\"@id\":\"https:\\\/\\\/secure.gravatar.com\\\/avatar\\\/3a4625b20c8da3de99da69bfe7a322774e291c3f90dce7e8778a30fe6748ed1a?s=96&d=mm&r=g\",\"url\":\"https:\\\/\\\/secure.gravatar.com\\\/avatar\\\/3a4625b20c8da3de99da69bfe7a322774e291c3f90dce7e8778a30fe6748ed1a?s=96&d=mm&r=g\",\"contentUrl\":\"https:\\\/\\\/secure.gravatar.com\\\/avatar\\\/3a4625b20c8da3de99da69bfe7a322774e291c3f90dce7e8778a30fe6748ed1a?s=96&d=mm&r=g\",\"caption\":\"Carlos Conchita\"}}]}<\/script>\n<!-- \/ Yoast SEO plugin. -->","yoast_head_json":{"title":"29-01-2022-Espousouille-Refugio Jaceta (raquetas) -","robots":{"index":"index","follow":"follow","max-snippet":"max-snippet:-1","max-image-preview":"max-image-preview:large","max-video-preview":"max-video-preview:-1"},"canonical":"https:\/\/www.carlosyconchita.net\/rutas\/29-01-2022-espousouille-refugio-jaceta\/","og_locale":"es_ES","og_type":"article","og_title":"29-01-2022-Espousouille-Refugio Jaceta (raquetas) -","og_description":"Bonita caminata con raquetas en la zona de Espousouille,\u00a0 a donde ya hemos ido bastantes veces, para llegar hasta el refugio de la Jaceta, en el valle de la Galba.","og_url":"https:\/\/www.carlosyconchita.net\/rutas\/29-01-2022-espousouille-refugio-jaceta\/","og_site_name":"Las rutas de Carlos y Conchita","article_published_time":"2022-01-29T17:43:14+00:00","article_modified_time":"2022-02-25T17:25:23+00:00","og_image":[{"width":1024,"height":576,"url":"https:\/\/www.carlosyconchita.net\/rutas\/wp-content\/uploads\/2022\/02\/Esposouille-0048.jpg","type":"image\/jpeg"}],"author":"Carlos Conchita","twitter_misc":{"Escrito por":"Carlos Conchita","Tiempo de lectura":"4 minutos"},"schema":{"@context":"https:\/\/schema.org","@graph":[{"@type":"Article","@id":"https:\/\/www.carlosyconchita.net\/rutas\/29-01-2022-espousouille-refugio-jaceta\/#article","isPartOf":{"@id":"https:\/\/www.carlosyconchita.net\/rutas\/29-01-2022-espousouille-refugio-jaceta\/"},"author":{"name":"Carlos Conchita","@id":"https:\/\/www.carlosyconchita.net\/rutas\/#\/schema\/person\/a9691f7258c28443fab2d3aa1479ea19"},"headline":"29-01-2022-Espousouille-Refugio Jaceta (raquetas)","datePublished":"2022-01-29T17:43:14+00:00","dateModified":"2022-02-25T17:25:23+00:00","mainEntityOfPage":{"@id":"https:\/\/www.carlosyconchita.net\/rutas\/29-01-2022-espousouille-refugio-jaceta\/"},"wordCount":490,"image":{"@id":"https:\/\/www.carlosyconchita.net\/rutas\/29-01-2022-espousouille-refugio-jaceta\/#primaryimage"},"thumbnailUrl":"https:\/\/www.carlosyconchita.net\/rutas\/wp-content\/uploads\/2022\/02\/Esposouille-0048.jpg","articleSection":["1-F\u00e1cil","2 - De 5 a 10 km.","Formigueres \/ Puyvalador"],"inLanguage":"es"},{"@type":"WebPage","@id":"https:\/\/www.carlosyconchita.net\/rutas\/29-01-2022-espousouille-refugio-jaceta\/","url":"https:\/\/www.carlosyconchita.net\/rutas\/29-01-2022-espousouille-refugio-jaceta\/","name":"29-01-2022-Espousouille-Refugio Jaceta (raquetas) -","isPartOf":{"@id":"https:\/\/www.carlosyconchita.net\/rutas\/#website"},"primaryImageOfPage":{"@id":"https:\/\/www.carlosyconchita.net\/rutas\/29-01-2022-espousouille-refugio-jaceta\/#primaryimage"},"image":{"@id":"https:\/\/www.carlosyconchita.net\/rutas\/29-01-2022-espousouille-refugio-jaceta\/#primaryimage"},"thumbnailUrl":"https:\/\/www.carlosyconchita.net\/rutas\/wp-content\/uploads\/2022\/02\/Esposouille-0048.jpg","datePublished":"2022-01-29T17:43:14+00:00","dateModified":"2022-02-25T17:25:23+00:00","author":{"@id":"https:\/\/www.carlosyconchita.net\/rutas\/#\/schema\/person\/a9691f7258c28443fab2d3aa1479ea19"},"breadcrumb":{"@id":"https:\/\/www.carlosyconchita.net\/rutas\/29-01-2022-espousouille-refugio-jaceta\/#breadcrumb"},"inLanguage":"es","potentialAction":[{"@type":"ReadAction","target":["https:\/\/www.carlosyconchita.net\/rutas\/29-01-2022-espousouille-refugio-jaceta\/"]}]},{"@type":"ImageObject","inLanguage":"es","@id":"https:\/\/www.carlosyconchita.net\/rutas\/29-01-2022-espousouille-refugio-jaceta\/#primaryimage","url":"https:\/\/www.carlosyconchita.net\/rutas\/wp-content\/uploads\/2022\/02\/Esposouille-0048.jpg","contentUrl":"https:\/\/www.carlosyconchita.net\/rutas\/wp-content\/uploads\/2022\/02\/Esposouille-0048.jpg","width":1024,"height":576},{"@type":"BreadcrumbList","@id":"https:\/\/www.carlosyconchita.net\/rutas\/29-01-2022-espousouille-refugio-jaceta\/#breadcrumb","itemListElement":[{"@type":"ListItem","position":1,"name":"Portada","item":"https:\/\/www.carlosyconchita.net\/rutas\/"},{"@type":"ListItem","position":2,"name":"29-01-2022-Espousouille-Refugio Jaceta (raquetas)"}]},{"@type":"WebSite","@id":"https:\/\/www.carlosyconchita.net\/rutas\/#website","url":"https:\/\/www.carlosyconchita.net\/rutas\/","name":"Las rutas de Carlos y Conchita","description":"","potentialAction":[{"@type":"SearchAction","target":{"@type":"EntryPoint","urlTemplate":"https:\/\/www.carlosyconchita.net\/rutas\/?s={search_term_string}"},"query-input":{"@type":"PropertyValueSpecification","valueRequired":true,"valueName":"search_term_string"}}],"inLanguage":"es"},{"@type":"Person","@id":"https:\/\/www.carlosyconchita.net\/rutas\/#\/schema\/person\/a9691f7258c28443fab2d3aa1479ea19","name":"Carlos Conchita","image":{"@type":"ImageObject","inLanguage":"es","@id":"https:\/\/secure.gravatar.com\/avatar\/3a4625b20c8da3de99da69bfe7a322774e291c3f90dce7e8778a30fe6748ed1a?s=96&d=mm&r=g","url":"https:\/\/secure.gravatar.com\/avatar\/3a4625b20c8da3de99da69bfe7a322774e291c3f90dce7e8778a30fe6748ed1a?s=96&d=mm&r=g","contentUrl":"https:\/\/secure.gravatar.com\/avatar\/3a4625b20c8da3de99da69bfe7a322774e291c3f90dce7e8778a30fe6748ed1a?s=96&d=mm&r=g","caption":"Carlos Conchita"}}]}},"_links":{"self":[{"href":"https:\/\/www.carlosyconchita.net\/rutas\/wp-json\/wp\/v2\/posts\/17242","targetHints":{"allow":["GET"]}}],"collection":[{"href":"https:\/\/www.carlosyconchita.net\/rutas\/wp-json\/wp\/v2\/posts"}],"about":[{"href":"https:\/\/www.carlosyconchita.net\/rutas\/wp-json\/wp\/v2\/types\/post"}],"author":[{"embeddable":true,"href":"https:\/\/www.carlosyconchita.net\/rutas\/wp-json\/wp\/v2\/users\/50"}],"replies":[{"embeddable":true,"href":"https:\/\/www.carlosyconchita.net\/rutas\/wp-json\/wp\/v2\/comments?post=17242"}],"version-history":[{"count":0,"href":"https:\/\/www.carlosyconchita.net\/rutas\/wp-json\/wp\/v2\/posts\/17242\/revisions"}],"wp:featuredmedia":[{"embeddable":true,"href":"https:\/\/www.carlosyconchita.net\/rutas\/wp-json\/wp\/v2\/media\/17243"}],"wp:attachment":[{"href":"https:\/\/www.carlosyconchita.net\/rutas\/wp-json\/wp\/v2\/media?parent=17242"}],"wp:term":[{"taxonomy":"category","embeddable":true,"href":"https:\/\/www.carlosyconchita.net\/rutas\/wp-json\/wp\/v2\/categories?post=17242"},{"taxonomy":"post_tag","embeddable":true,"href":"https:\/\/www.carlosyconchita.net\/rutas\/wp-json\/wp\/v2\/tags?post=17242"}],"curies":[{"name":"wp","href":"https:\/\/api.w.org\/{rel}","templated":true}]}}