{"id":17251,"date":"2022-01-04T18:59:15","date_gmt":"2022-01-04T17:59:15","guid":{"rendered":"https:\/\/www.carlosyconchita.net\/rutas\/?p=17251"},"modified":"2022-02-06T17:34:14","modified_gmt":"2022-02-06T16:34:14","slug":"04-01-2022-la-quillane-lago-calvet-raquetas","status":"publish","type":"post","link":"https:\/\/www.carlosyconchita.net\/rutas\/04-01-2022-la-quillane-lago-calvet-raquetas\/","title":{"rendered":"04-01-2022-La Quillane &#8211; Lago Calvet (raquetas)"},"content":{"rendered":"<p style=\"text-align: justify;\">Hoy nos hemos ido a la Quillane, donde hay bastantes caminos tanto en verano como ahora en invierno, marcados y preparados para raquetas, y empezamos a caminar sin una ruta decidida, pero despu\u00e9s vamos siguiendo unas nuevas se\u00f1ales de color violeta que indican \u00abVoie blanche\u00bb, con los n\u00fameros 1 y 2 correspondientes a las rutas indicadas en el mapa de un gran panel.<\/p>\n<p style=\"text-align: justify;\">No tenemos claro si nos equivocamos o qu\u00e9 fu\u00e9 lo que pas\u00f3, pero al final, vimos que no estabamos dando la vuelta circular que pens\u00e1bamos seg\u00fan el mapa que habiamos visto (ver fotos), sino que nos aproximabamos al lago Calvet, por lo que decidimos ir de nuevo all\u00ed, y que como suponiamos, estaba totalmente congelado.<\/p>\n<p style=\"text-align: justify;\">Tampoco ten\u00edamos ning\u00fan problema en ir a un sitio u otro, ya que lo que quer\u00edamos era hacer un poco de ejercicio con las raquetas, en un bonito d\u00eda.<\/p>\n<p style=\"text-align: justify;\">Como que hoy hab\u00edamos empezado algo m\u00e1s tarde de lo habitual, y se nos estaba haciendo un poco tarde, desde el lago Calvet decidimos volver al parking por la carretera para ganar tiempo.<\/p>\n<p>Para llegar al punto de inicio, desde Saillagossa hemos de seguir la carretera N-116 en direcci\u00f3n a Mont-Louis, desde alli seguir en direcci\u00f3n a La Llagone y, y una vez en la D-118, justo al lado de la rotonda que nos indica Les Angles a nuestra izquierda, podremos ver el edificio y parking de esta peque\u00f1a estaci\u00f3n de ski de fondo y raquetas.<\/p>\n<hr \/>\n<p>&nbsp;<\/p>\n<p><strong>Distancia total<\/strong> :\u00a0\u00a0\u00a0\u00a0\u00a0\u00a0\u00a0\u00a0\u00a0 9.176\u00a0 <span class=\"totlen\"><span class=\"summaryvalue\">m.\u00a0\u00a0\u00a0\u00a0\u00a0\u00a0\u00a0\u00a0\u00a0\u00a0\u00a0\u00a0\u00a0\u00a0\u00a0\u00a0\u00a0\u00a0\u00a0\u00a0\u00a0 <\/span><\/span><strong>Desnivel acumulado (s\/Wikiloc)<\/strong> :\u00a0 \u00a0 \u00a0113\u00a0 m.<\/p>\n<p><strong>Alturas m\u00edn\/m\u00e1x. :\u00a0<\/strong> \u00a0 1.703 m.\/\u00a0\u00a0 1.787 m.<\/p>\n<p>&nbsp;<\/p>\n<hr \/>\n<p><strong>Album de fotos<\/strong><\/p>\n<p><a href=\"https:\/\/photos.app.goo.gl\/E7bS3LsK6ESoPmyT8\" target=\"_blank\" rel=\"noopener\"><img loading=\"lazy\" decoding=\"async\" class=\"size-medium wp-image-17252 aligncenter\" src=\"https:\/\/www.carlosyconchita.net\/rutas\/wp-content\/uploads\/2022\/02\/Quillane-0033-300x169.jpg\" alt=\"\" width=\"300\" height=\"169\" srcset=\"https:\/\/www.carlosyconchita.net\/rutas\/wp-content\/uploads\/2022\/02\/Quillane-0033-300x169.jpg 300w, https:\/\/www.carlosyconchita.net\/rutas\/wp-content\/uploads\/2022\/02\/Quillane-0033-600x338.jpg 600w, https:\/\/www.carlosyconchita.net\/rutas\/wp-content\/uploads\/2022\/02\/Quillane-0033-768x432.jpg 768w, https:\/\/www.carlosyconchita.net\/rutas\/wp-content\/uploads\/2022\/02\/Quillane-0033.jpg 1024w\" sizes=\"auto, (max-width: 300px) 100vw, 300px\" \/><\/a><\/p>\n<hr \/>\n<h4><strong>Mapa y track de la ruta<\/strong><\/h4>\n<p style=\"text-align: center;\"><strong><span style=\"color: #ff0000;\">Pulsando sobre los waypoints del mapa, se puede ver una foto del sitio.<\/span><\/strong><\/p>\n<p>&nbsp;<\/p>\n<p><a href=\"https:\/\/www.carlosyconchita.net\/rutas\/wp-content\/uploads\/gpx\/Quillane-Calvet.html\" target=\"_blank\" rel=\"noopener\"><img loading=\"lazy\" decoding=\"async\" class=\"aligncenter wp-image-16466\" src=\"https:\/\/www.carlosyconchita.net\/rutas\/wp-content\/uploads\/2021\/09\/mapa2.jpg\" alt=\"\" width=\"0185\" height=\"185\" srcset=\"https:\/\/www.carlosyconchita.net\/rutas\/wp-content\/uploads\/2021\/09\/mapa2.jpg 225w, https:\/\/www.carlosyconchita.net\/rutas\/wp-content\/uploads\/2021\/09\/mapa2-120x120.jpg 120w\" sizes=\"auto, (max-width: 185px) 100vw, 185px\" \/><\/a><\/p>\n<hr \/>\n<p><strong>Wikiloc <\/strong><strong><br \/>\n<\/strong><\/p>\n<p><a href=\"https:\/\/es.wikiloc.com\/rutas-raquetas\/la-quillane-lagocalvet-94422669\" target=\"_blank\" rel=\"noopener\"><img loading=\"lazy\" decoding=\"async\" class=\"aligncenter size-full wp-image-958\" src=\"https:\/\/www.carlosyconchita.net\/rutas\/wp-content\/uploads\/2020\/09\/wikiloc.jpg\" alt=\"\" width=\"117\" height=\"34\" \/><\/a><\/p>\n<p>&nbsp;<\/p>\n<hr \/>\n<p style=\"text-align: justify;\"><span style=\"color: #ff0000; background-color: #ffffff; font-size: 14pt;\"><strong>Si te ha gustado, comp\u00e1rtelo en tu red favorita o env\u00edanos tu comentario.<br \/>\n<\/strong><\/span><\/p>\n<p style=\"text-align: justify;\"><span style=\"font-size: 14pt;\"><strong><span style=\"color: #ff0000;\">Muchas gracias !<\/span><\/strong><\/span><\/p>\n<hr \/>\n<p style=\"text-align: justify;\"><strong><span style=\"color: #008000;\">Suscribete si quieres recibir un mail cuando publiquemos nuevas rutas : no enviamos publicidad y como m\u00e1ximo enviamos 2 mails al mes<\/span><\/strong><\/p>\n<p style=\"text-align: center;\"><a href=\"https:\/\/mailchi.mp\/6989c83a3e24\/wmv06rtqcz\/\" target=\"_blank\" rel=\"noopener noreferrer\"><strong><span style=\"color: #0000ff;\">Pulsa aqu\u00ed para suscribirte<\/span><\/strong><\/a><\/p>\n<hr \/>\n<p style=\"text-align: justify;\">\u00a0<\/p>\n<h3 style=\"text-align: justify;\">Puedes imprimir esta publicaci\u00f3n o guardarla en diferentes formatos :<\/h3>\n<p style=\"text-align: justify;\"><span style=\"color: #ff0000; font-size: 14pt;\">Para facilitar la impresi\u00f3n, se ha reducido considerablemente el tama\u00f1o de las fotos, pero si deseas imprimir sin fotos, aconsejamos guardarlo como \u201cdoc\u201d, y antes de imprimirlo, eliminar las fotos<\/span><\/p>\n<p>&nbsp;<\/p>\n","protected":false},"excerpt":{"rendered":"<p>F\u00e1cil caminata con raquetas desde la Quillane, hasta el lago Calvet.  Como hab\u00edamos empezado algo tarde a caminar, desde el lago Calvet volvemos al parking por la carretera.<\/p>\n","protected":false},"author":50,"featured_media":17252,"comment_status":"closed","ping_status":"open","sticky":false,"template":"","format":"standard","meta":{"footnotes":""},"categories":[1],"tags":[],"class_list":{"0":"post-17251","1":"post","2":"type-post","3":"status-publish","4":"format-standard","5":"has-post-thumbnail","6":"hentry","7":"category-uncategorized","9":"post-with-thumbnail","10":"post-with-thumbnail-icon"},"yoast_head":"<!-- This site is optimized with the Yoast SEO plugin v27.4 - https:\/\/yoast.com\/product\/yoast-seo-wordpress\/ -->\n<title>04-01-2022-La Quillane - Lago Calvet (raquetas) -<\/title>\n<meta name=\"robots\" content=\"index, follow, max-snippet:-1, max-image-preview:large, max-video-preview:-1\" \/>\n<link rel=\"canonical\" href=\"https:\/\/www.carlosyconchita.net\/rutas\/04-01-2022-la-quillane-lago-calvet-raquetas\/\" \/>\n<meta property=\"og:locale\" content=\"es_ES\" \/>\n<meta property=\"og:type\" content=\"article\" \/>\n<meta property=\"og:title\" content=\"04-01-2022-La Quillane - Lago Calvet (raquetas) -\" \/>\n<meta property=\"og:description\" content=\"F\u00e1cil caminata con raquetas desde la Quillane, hasta el lago Calvet. Como hab\u00edamos empezado algo tarde a caminar, desde el lago Calvet volvemos al parking por la carretera.\" \/>\n<meta property=\"og:url\" content=\"https:\/\/www.carlosyconchita.net\/rutas\/04-01-2022-la-quillane-lago-calvet-raquetas\/\" \/>\n<meta property=\"og:site_name\" content=\"Las rutas de Carlos y Conchita\" \/>\n<meta property=\"article:published_time\" content=\"2022-01-04T17:59:15+00:00\" \/>\n<meta property=\"article:modified_time\" content=\"2022-02-06T16:34:14+00:00\" \/>\n<meta property=\"og:image\" content=\"https:\/\/www.carlosyconchita.net\/rutas\/wp-content\/uploads\/2022\/02\/Quillane-0033.jpg\" \/>\n\t<meta property=\"og:image:width\" content=\"1024\" \/>\n\t<meta property=\"og:image:height\" content=\"576\" \/>\n\t<meta property=\"og:image:type\" content=\"image\/jpeg\" \/>\n<meta name=\"author\" content=\"Carlos Conchita\" \/>\n<meta name=\"twitter:label1\" content=\"Escrito por\" \/>\n\t<meta name=\"twitter:data1\" content=\"Carlos Conchita\" \/>\n\t<meta name=\"twitter:label2\" content=\"Tiempo de lectura\" \/>\n\t<meta name=\"twitter:data2\" content=\"2 minutos\" \/>\n<script type=\"application\/ld+json\" class=\"yoast-schema-graph\">{\"@context\":\"https:\\\/\\\/schema.org\",\"@graph\":[{\"@type\":\"Article\",\"@id\":\"https:\\\/\\\/www.carlosyconchita.net\\\/rutas\\\/04-01-2022-la-quillane-lago-calvet-raquetas\\\/#article\",\"isPartOf\":{\"@id\":\"https:\\\/\\\/www.carlosyconchita.net\\\/rutas\\\/04-01-2022-la-quillane-lago-calvet-raquetas\\\/\"},\"author\":{\"name\":\"Carlos Conchita\",\"@id\":\"https:\\\/\\\/www.carlosyconchita.net\\\/rutas\\\/#\\\/schema\\\/person\\\/a9691f7258c28443fab2d3aa1479ea19\"},\"headline\":\"04-01-2022-La Quillane &#8211; Lago Calvet (raquetas)\",\"datePublished\":\"2022-01-04T17:59:15+00:00\",\"dateModified\":\"2022-02-06T16:34:14+00:00\",\"mainEntityOfPage\":{\"@id\":\"https:\\\/\\\/www.carlosyconchita.net\\\/rutas\\\/04-01-2022-la-quillane-lago-calvet-raquetas\\\/\"},\"wordCount\":391,\"image\":{\"@id\":\"https:\\\/\\\/www.carlosyconchita.net\\\/rutas\\\/04-01-2022-la-quillane-lago-calvet-raquetas\\\/#primaryimage\"},\"thumbnailUrl\":\"https:\\\/\\\/www.carlosyconchita.net\\\/rutas\\\/wp-content\\\/uploads\\\/2022\\\/02\\\/Quillane-0033.jpg\",\"articleSection\":[\"0-Sin clasificar\"],\"inLanguage\":\"es\"},{\"@type\":\"WebPage\",\"@id\":\"https:\\\/\\\/www.carlosyconchita.net\\\/rutas\\\/04-01-2022-la-quillane-lago-calvet-raquetas\\\/\",\"url\":\"https:\\\/\\\/www.carlosyconchita.net\\\/rutas\\\/04-01-2022-la-quillane-lago-calvet-raquetas\\\/\",\"name\":\"04-01-2022-La Quillane - Lago Calvet (raquetas) -\",\"isPartOf\":{\"@id\":\"https:\\\/\\\/www.carlosyconchita.net\\\/rutas\\\/#website\"},\"primaryImageOfPage\":{\"@id\":\"https:\\\/\\\/www.carlosyconchita.net\\\/rutas\\\/04-01-2022-la-quillane-lago-calvet-raquetas\\\/#primaryimage\"},\"image\":{\"@id\":\"https:\\\/\\\/www.carlosyconchita.net\\\/rutas\\\/04-01-2022-la-quillane-lago-calvet-raquetas\\\/#primaryimage\"},\"thumbnailUrl\":\"https:\\\/\\\/www.carlosyconchita.net\\\/rutas\\\/wp-content\\\/uploads\\\/2022\\\/02\\\/Quillane-0033.jpg\",\"datePublished\":\"2022-01-04T17:59:15+00:00\",\"dateModified\":\"2022-02-06T16:34:14+00:00\",\"author\":{\"@id\":\"https:\\\/\\\/www.carlosyconchita.net\\\/rutas\\\/#\\\/schema\\\/person\\\/a9691f7258c28443fab2d3aa1479ea19\"},\"breadcrumb\":{\"@id\":\"https:\\\/\\\/www.carlosyconchita.net\\\/rutas\\\/04-01-2022-la-quillane-lago-calvet-raquetas\\\/#breadcrumb\"},\"inLanguage\":\"es\",\"potentialAction\":[{\"@type\":\"ReadAction\",\"target\":[\"https:\\\/\\\/www.carlosyconchita.net\\\/rutas\\\/04-01-2022-la-quillane-lago-calvet-raquetas\\\/\"]}]},{\"@type\":\"ImageObject\",\"inLanguage\":\"es\",\"@id\":\"https:\\\/\\\/www.carlosyconchita.net\\\/rutas\\\/04-01-2022-la-quillane-lago-calvet-raquetas\\\/#primaryimage\",\"url\":\"https:\\\/\\\/www.carlosyconchita.net\\\/rutas\\\/wp-content\\\/uploads\\\/2022\\\/02\\\/Quillane-0033.jpg\",\"contentUrl\":\"https:\\\/\\\/www.carlosyconchita.net\\\/rutas\\\/wp-content\\\/uploads\\\/2022\\\/02\\\/Quillane-0033.jpg\",\"width\":1024,\"height\":576},{\"@type\":\"BreadcrumbList\",\"@id\":\"https:\\\/\\\/www.carlosyconchita.net\\\/rutas\\\/04-01-2022-la-quillane-lago-calvet-raquetas\\\/#breadcrumb\",\"itemListElement\":[{\"@type\":\"ListItem\",\"position\":1,\"name\":\"Portada\",\"item\":\"https:\\\/\\\/www.carlosyconchita.net\\\/rutas\\\/\"},{\"@type\":\"ListItem\",\"position\":2,\"name\":\"04-01-2022-La Quillane &#8211; Lago Calvet (raquetas)\"}]},{\"@type\":\"WebSite\",\"@id\":\"https:\\\/\\\/www.carlosyconchita.net\\\/rutas\\\/#website\",\"url\":\"https:\\\/\\\/www.carlosyconchita.net\\\/rutas\\\/\",\"name\":\"Las rutas de Carlos y Conchita\",\"description\":\"\",\"potentialAction\":[{\"@type\":\"SearchAction\",\"target\":{\"@type\":\"EntryPoint\",\"urlTemplate\":\"https:\\\/\\\/www.carlosyconchita.net\\\/rutas\\\/?s={search_term_string}\"},\"query-input\":{\"@type\":\"PropertyValueSpecification\",\"valueRequired\":true,\"valueName\":\"search_term_string\"}}],\"inLanguage\":\"es\"},{\"@type\":\"Person\",\"@id\":\"https:\\\/\\\/www.carlosyconchita.net\\\/rutas\\\/#\\\/schema\\\/person\\\/a9691f7258c28443fab2d3aa1479ea19\",\"name\":\"Carlos Conchita\",\"image\":{\"@type\":\"ImageObject\",\"inLanguage\":\"es\",\"@id\":\"https:\\\/\\\/secure.gravatar.com\\\/avatar\\\/3a4625b20c8da3de99da69bfe7a322774e291c3f90dce7e8778a30fe6748ed1a?s=96&d=mm&r=g\",\"url\":\"https:\\\/\\\/secure.gravatar.com\\\/avatar\\\/3a4625b20c8da3de99da69bfe7a322774e291c3f90dce7e8778a30fe6748ed1a?s=96&d=mm&r=g\",\"contentUrl\":\"https:\\\/\\\/secure.gravatar.com\\\/avatar\\\/3a4625b20c8da3de99da69bfe7a322774e291c3f90dce7e8778a30fe6748ed1a?s=96&d=mm&r=g\",\"caption\":\"Carlos Conchita\"}}]}<\/script>\n<!-- \/ Yoast SEO plugin. -->","yoast_head_json":{"title":"04-01-2022-La Quillane - Lago Calvet (raquetas) -","robots":{"index":"index","follow":"follow","max-snippet":"max-snippet:-1","max-image-preview":"max-image-preview:large","max-video-preview":"max-video-preview:-1"},"canonical":"https:\/\/www.carlosyconchita.net\/rutas\/04-01-2022-la-quillane-lago-calvet-raquetas\/","og_locale":"es_ES","og_type":"article","og_title":"04-01-2022-La Quillane - Lago Calvet (raquetas) -","og_description":"F\u00e1cil caminata con raquetas desde la Quillane, hasta el lago Calvet. Como hab\u00edamos empezado algo tarde a caminar, desde el lago Calvet volvemos al parking por la carretera.","og_url":"https:\/\/www.carlosyconchita.net\/rutas\/04-01-2022-la-quillane-lago-calvet-raquetas\/","og_site_name":"Las rutas de Carlos y Conchita","article_published_time":"2022-01-04T17:59:15+00:00","article_modified_time":"2022-02-06T16:34:14+00:00","og_image":[{"width":1024,"height":576,"url":"https:\/\/www.carlosyconchita.net\/rutas\/wp-content\/uploads\/2022\/02\/Quillane-0033.jpg","type":"image\/jpeg"}],"author":"Carlos Conchita","twitter_misc":{"Escrito por":"Carlos Conchita","Tiempo de lectura":"2 minutos"},"schema":{"@context":"https:\/\/schema.org","@graph":[{"@type":"Article","@id":"https:\/\/www.carlosyconchita.net\/rutas\/04-01-2022-la-quillane-lago-calvet-raquetas\/#article","isPartOf":{"@id":"https:\/\/www.carlosyconchita.net\/rutas\/04-01-2022-la-quillane-lago-calvet-raquetas\/"},"author":{"name":"Carlos Conchita","@id":"https:\/\/www.carlosyconchita.net\/rutas\/#\/schema\/person\/a9691f7258c28443fab2d3aa1479ea19"},"headline":"04-01-2022-La Quillane &#8211; Lago Calvet (raquetas)","datePublished":"2022-01-04T17:59:15+00:00","dateModified":"2022-02-06T16:34:14+00:00","mainEntityOfPage":{"@id":"https:\/\/www.carlosyconchita.net\/rutas\/04-01-2022-la-quillane-lago-calvet-raquetas\/"},"wordCount":391,"image":{"@id":"https:\/\/www.carlosyconchita.net\/rutas\/04-01-2022-la-quillane-lago-calvet-raquetas\/#primaryimage"},"thumbnailUrl":"https:\/\/www.carlosyconchita.net\/rutas\/wp-content\/uploads\/2022\/02\/Quillane-0033.jpg","articleSection":["0-Sin clasificar"],"inLanguage":"es"},{"@type":"WebPage","@id":"https:\/\/www.carlosyconchita.net\/rutas\/04-01-2022-la-quillane-lago-calvet-raquetas\/","url":"https:\/\/www.carlosyconchita.net\/rutas\/04-01-2022-la-quillane-lago-calvet-raquetas\/","name":"04-01-2022-La Quillane - Lago Calvet (raquetas) -","isPartOf":{"@id":"https:\/\/www.carlosyconchita.net\/rutas\/#website"},"primaryImageOfPage":{"@id":"https:\/\/www.carlosyconchita.net\/rutas\/04-01-2022-la-quillane-lago-calvet-raquetas\/#primaryimage"},"image":{"@id":"https:\/\/www.carlosyconchita.net\/rutas\/04-01-2022-la-quillane-lago-calvet-raquetas\/#primaryimage"},"thumbnailUrl":"https:\/\/www.carlosyconchita.net\/rutas\/wp-content\/uploads\/2022\/02\/Quillane-0033.jpg","datePublished":"2022-01-04T17:59:15+00:00","dateModified":"2022-02-06T16:34:14+00:00","author":{"@id":"https:\/\/www.carlosyconchita.net\/rutas\/#\/schema\/person\/a9691f7258c28443fab2d3aa1479ea19"},"breadcrumb":{"@id":"https:\/\/www.carlosyconchita.net\/rutas\/04-01-2022-la-quillane-lago-calvet-raquetas\/#breadcrumb"},"inLanguage":"es","potentialAction":[{"@type":"ReadAction","target":["https:\/\/www.carlosyconchita.net\/rutas\/04-01-2022-la-quillane-lago-calvet-raquetas\/"]}]},{"@type":"ImageObject","inLanguage":"es","@id":"https:\/\/www.carlosyconchita.net\/rutas\/04-01-2022-la-quillane-lago-calvet-raquetas\/#primaryimage","url":"https:\/\/www.carlosyconchita.net\/rutas\/wp-content\/uploads\/2022\/02\/Quillane-0033.jpg","contentUrl":"https:\/\/www.carlosyconchita.net\/rutas\/wp-content\/uploads\/2022\/02\/Quillane-0033.jpg","width":1024,"height":576},{"@type":"BreadcrumbList","@id":"https:\/\/www.carlosyconchita.net\/rutas\/04-01-2022-la-quillane-lago-calvet-raquetas\/#breadcrumb","itemListElement":[{"@type":"ListItem","position":1,"name":"Portada","item":"https:\/\/www.carlosyconchita.net\/rutas\/"},{"@type":"ListItem","position":2,"name":"04-01-2022-La Quillane &#8211; Lago Calvet (raquetas)"}]},{"@type":"WebSite","@id":"https:\/\/www.carlosyconchita.net\/rutas\/#website","url":"https:\/\/www.carlosyconchita.net\/rutas\/","name":"Las rutas de Carlos y Conchita","description":"","potentialAction":[{"@type":"SearchAction","target":{"@type":"EntryPoint","urlTemplate":"https:\/\/www.carlosyconchita.net\/rutas\/?s={search_term_string}"},"query-input":{"@type":"PropertyValueSpecification","valueRequired":true,"valueName":"search_term_string"}}],"inLanguage":"es"},{"@type":"Person","@id":"https:\/\/www.carlosyconchita.net\/rutas\/#\/schema\/person\/a9691f7258c28443fab2d3aa1479ea19","name":"Carlos Conchita","image":{"@type":"ImageObject","inLanguage":"es","@id":"https:\/\/secure.gravatar.com\/avatar\/3a4625b20c8da3de99da69bfe7a322774e291c3f90dce7e8778a30fe6748ed1a?s=96&d=mm&r=g","url":"https:\/\/secure.gravatar.com\/avatar\/3a4625b20c8da3de99da69bfe7a322774e291c3f90dce7e8778a30fe6748ed1a?s=96&d=mm&r=g","contentUrl":"https:\/\/secure.gravatar.com\/avatar\/3a4625b20c8da3de99da69bfe7a322774e291c3f90dce7e8778a30fe6748ed1a?s=96&d=mm&r=g","caption":"Carlos Conchita"}}]}},"_links":{"self":[{"href":"https:\/\/www.carlosyconchita.net\/rutas\/wp-json\/wp\/v2\/posts\/17251","targetHints":{"allow":["GET"]}}],"collection":[{"href":"https:\/\/www.carlosyconchita.net\/rutas\/wp-json\/wp\/v2\/posts"}],"about":[{"href":"https:\/\/www.carlosyconchita.net\/rutas\/wp-json\/wp\/v2\/types\/post"}],"author":[{"embeddable":true,"href":"https:\/\/www.carlosyconchita.net\/rutas\/wp-json\/wp\/v2\/users\/50"}],"replies":[{"embeddable":true,"href":"https:\/\/www.carlosyconchita.net\/rutas\/wp-json\/wp\/v2\/comments?post=17251"}],"version-history":[{"count":0,"href":"https:\/\/www.carlosyconchita.net\/rutas\/wp-json\/wp\/v2\/posts\/17251\/revisions"}],"wp:featuredmedia":[{"embeddable":true,"href":"https:\/\/www.carlosyconchita.net\/rutas\/wp-json\/wp\/v2\/media\/17252"}],"wp:attachment":[{"href":"https:\/\/www.carlosyconchita.net\/rutas\/wp-json\/wp\/v2\/media?parent=17251"}],"wp:term":[{"taxonomy":"category","embeddable":true,"href":"https:\/\/www.carlosyconchita.net\/rutas\/wp-json\/wp\/v2\/categories?post=17251"},{"taxonomy":"post_tag","embeddable":true,"href":"https:\/\/www.carlosyconchita.net\/rutas\/wp-json\/wp\/v2\/tags?post=17251"}],"curies":[{"name":"wp","href":"https:\/\/api.w.org\/{rel}","templated":true}]}}