{"id":17279,"date":"2022-02-10T17:09:00","date_gmt":"2022-02-10T16:09:00","guid":{"rendered":"https:\/\/www.carlosyconchita.net\/rutas\/?p=17279"},"modified":"2022-02-25T18:20:43","modified_gmt":"2022-02-25T17:20:43","slug":"10-02-2022-ermita-n-sra-de-allende-y-picota-s-torcuato","status":"publish","type":"post","link":"https:\/\/www.carlosyconchita.net\/rutas\/10-02-2022-ermita-n-sra-de-allende-y-picota-s-torcuato\/","title":{"rendered":"10-02-2022-Ermita N.Sra. de Allende y Picota S.Torcuato"},"content":{"rendered":"<p style=\"text-align: justify;\">Hoy hacemos una f\u00e1cil excursi\u00f3n desde Ezcaray para subir a la Ermita de Nuestra Sra. de Allende y despu\u00e9s a la Picota de Sant Torcuato, desde donde tenemos unas bonitas vistas de Ezcaray y alrededores.<\/p>\n<p style=\"text-align: justify;\">El punto de inicio lo hemos marcado en la antigua estaci\u00f3n de ferrocarril (hoy es un restaurante) , al lado del puente sobre el r\u00edo Oja, que hay al final de la Avenida de Navarra, aunque nosotros hemos ido caminando desde el apartamento donde estamos estos d\u00edas.<br \/>\nDesde el puente veremos perfectamente la Picota de San Torcuato a donde subiremos despu\u00e9s de pasar por la ermita.<\/p>\n<p>Seguiremos unos pocos metros por el camino que va paralelo al r\u00edo, y enseguida veremos a nuestra derecha un letrero que nos indica la subida a la ermita de Nuestra Se\u00f1ora de Allende, a donde llegaremos despu\u00e9s de unos pocos metros.<\/p>\n<p>Despu\u00e9s de las consabidas fotos a la ermita, continuamos subiendo ahora por un sendero con bastante pendiente, siguiendo en alg\u00fan tramo una valla, y\u00a0 despu\u00e9s de pasar por una puerta, desembocamos en un ancho camino que por nuestra izquierda nos llevar\u00e1 a unas instalaciones de antenas, que una vez pasadas nos permiten ver unas bonitas vistas de toda la zona de Ezcaray.<\/p>\n<p style=\"text-align: justify;\">La vuelta (seg\u00fan un track que hab\u00edamos descargado) ,\u00a0 estaba prevista hacerla bajando un tramo por el ancho camino por el que hemos subido, y en una curva ten\u00edamos que seguir un peque\u00f1o sendero por el bosque.<\/p>\n<p style=\"text-align: justify;\">Pero al llegar a ese punto hemos comprobado que hab\u00eda desaparecido y en su lugar solo vimos una gran cantidad de zarzas y malezas, por lo que decidimos volver por el mismo camino de subida.<\/p>\n<p style=\"text-align: justify;\">Podr\u00edamos haber continuado bajando por el camino principal, pero entonces se hubiera alargado demasiado la excursi\u00f3n , ya que despu\u00e9s ten\u00edamos una visita a una bodega en Haro y no nos hubiera dado tiempo.<\/p>\n<hr \/>\n<p>&nbsp;<\/p>\n<p><strong>Distancia total<\/strong> :\u00a0\u00a0\u00a0\u00a0\u00a0\u00a0\u00a0\u00a0\u00a0 5.247 <span class=\"totlen\"><span class=\"summaryvalue\">m.\u00a0\u00a0\u00a0\u00a0\u00a0\u00a0\u00a0\u00a0\u00a0\u00a0\u00a0\u00a0\u00a0\u00a0\u00a0\u00a0\u00a0\u00a0\u00a0\u00a0\u00a0 <\/span><\/span><strong>Desnivel acumulado (s\/Wikiloc)<\/strong> :\u00a0 \u00a0\u00a0 260\u00a0 m.<\/p>\n<p><strong>Alturas m\u00edn\/m\u00e1x. :\u00a0<\/strong> \u00a0 800 m.\/\u00a0\u00a0 1.015 m.<\/p>\n<p>&nbsp;<\/p>\n<hr \/>\n<p style=\"text-align: justify;\"><strong>Album de fotos<\/strong><\/p>\n<p><a href=\"https:\/\/photos.app.goo.gl\/KHc5v8Q4pocJNmdC8\" target=\"_blank\" rel=\"noopener\"><img loading=\"lazy\" decoding=\"async\" class=\"size-medium wp-image-17280 aligncenter\" src=\"https:\/\/www.carlosyconchita.net\/rutas\/wp-content\/uploads\/2022\/02\/Picota-0019-300x225.jpg\" alt=\"\" width=\"300\" height=\"225\" srcset=\"https:\/\/www.carlosyconchita.net\/rutas\/wp-content\/uploads\/2022\/02\/Picota-0019-300x225.jpg 300w, https:\/\/www.carlosyconchita.net\/rutas\/wp-content\/uploads\/2022\/02\/Picota-0019-600x450.jpg 600w, https:\/\/www.carlosyconchita.net\/rutas\/wp-content\/uploads\/2022\/02\/Picota-0019-768x576.jpg 768w, https:\/\/www.carlosyconchita.net\/rutas\/wp-content\/uploads\/2022\/02\/Picota-0019.jpg 1019w\" sizes=\"auto, (max-width: 300px) 100vw, 300px\" \/><\/a><\/p>\n<hr \/>\n<h4><strong>Mapa y track de la ruta<\/strong><\/h4>\n<p style=\"text-align: center;\"><strong><span style=\"color: #ff0000;\">Pulsando sobre los waypoints del mapa, se puede ver una foto del sitio.<\/span><\/strong><\/p>\n<p>&nbsp;<\/p>\n<p><a href=\"https:\/\/www.carlosyconchita.net\/rutas\/wp-content\/uploads\/gpx\/ErmitaAllende-Picota.html\" target=\"_blank\" rel=\"noopener\"><img loading=\"lazy\" decoding=\"async\" class=\"aligncenter wp-image-16466\" src=\"https:\/\/www.carlosyconchita.net\/rutas\/wp-content\/uploads\/2021\/09\/mapa2.jpg\" alt=\"\" width=\"0185\" height=\"185\" srcset=\"https:\/\/www.carlosyconchita.net\/rutas\/wp-content\/uploads\/2021\/09\/mapa2.jpg 225w, https:\/\/www.carlosyconchita.net\/rutas\/wp-content\/uploads\/2021\/09\/mapa2-120x120.jpg 120w\" sizes=\"auto, (max-width: 185px) 100vw, 185px\" \/><\/a><\/p>\n<hr \/>\n<p><strong>Wikiloc <\/strong><strong><br \/>\n<\/strong><\/p>\n<p><a href=\"https:\/\/es.wikiloc.com\/rutas-senderismo\/ermita-n-sra-de-allende-picotasan-torcuato-95852019\" target=\"_blank\" rel=\"noopener\"><img loading=\"lazy\" decoding=\"async\" class=\"aligncenter size-full wp-image-958\" src=\"https:\/\/www.carlosyconchita.net\/rutas\/wp-content\/uploads\/2020\/09\/wikiloc.jpg\" alt=\"\" width=\"117\" height=\"34\" \/><\/a><\/p>\n<p>&nbsp;<\/p>\n<hr \/>\n<p style=\"text-align: justify;\"><span style=\"color: #ff0000; background-color: #ffffff; font-size: 14pt;\"><strong>Si te ha gustado, comp\u00e1rtelo en tu red favorita o env\u00edanos tu comentario.<br \/>\n<\/strong><\/span><\/p>\n<p style=\"text-align: justify;\"><span style=\"font-size: 14pt;\"><strong><span style=\"color: #ff0000;\">Muchas gracias !<\/span><\/strong><\/span><\/p>\n<hr \/>\n<p style=\"text-align: justify;\"><strong><span style=\"color: #008000;\">Suscribete si quieres recibir un mail cuando publiquemos nuevas rutas : no enviamos publicidad y como m\u00e1ximo enviamos 2 mails al mes<\/span><\/strong><\/p>\n<p style=\"text-align: center;\"><a href=\"https:\/\/mailchi.mp\/6989c83a3e24\/wmv06rtqcz\/\" target=\"_blank\" rel=\"noopener noreferrer\"><strong><span style=\"color: #0000ff;\">Pulsa aqu\u00ed para suscribirte<\/span><\/strong><\/a><\/p>\n<hr \/>\n<p style=\"text-align: justify;\">\u00a0<\/p>\n<h3 style=\"text-align: justify;\">Puedes imprimir esta publicaci\u00f3n o guardarla en diferentes formatos :<\/h3>\n<p style=\"text-align: justify;\"><span style=\"color: #ff0000; font-size: 14pt;\">Para facilitar la impresi\u00f3n, se ha reducido considerablemente el tama\u00f1o de las fotos, pero si deseas imprimir sin fotos, aconsejamos guardarlo como \u201cdoc\u201d, y antes de imprimirlo, eliminar las fotos<\/span><\/p>\n<p>&nbsp;<\/p>\n<hr \/>\n","protected":false},"excerpt":{"rendered":"<p>F\u00e1cil excursi\u00f3n desde Ezcaray para subir a la Ermita de Nuestra Sra. de Allende y despu\u00e9s a la Picota de Sant Torcuato, desde donde tenemos unas bonitas vistas de Ezcaray y alrededores.<\/p>\n","protected":false},"author":50,"featured_media":17280,"comment_status":"closed","ping_status":"open","sticky":false,"template":"","format":"standard","meta":{"footnotes":""},"categories":[21,10,112],"tags":[],"class_list":{"0":"post-17279","1":"post","2":"type-post","3":"status-publish","4":"format-standard","5":"has-post-thumbnail","6":"hentry","7":"category-hasta-5-km","8":"category-facil","9":"category-la-rioja","11":"post-with-thumbnail","12":"post-with-thumbnail-icon"},"yoast_head":"<!-- This site is optimized with the Yoast SEO plugin v27.4 - https:\/\/yoast.com\/product\/yoast-seo-wordpress\/ -->\n<title>10-02-2022-Ermita N.Sra. de Allende y Picota S.Torcuato -<\/title>\n<meta name=\"robots\" content=\"index, follow, max-snippet:-1, max-image-preview:large, max-video-preview:-1\" \/>\n<link rel=\"canonical\" href=\"https:\/\/www.carlosyconchita.net\/rutas\/10-02-2022-ermita-n-sra-de-allende-y-picota-s-torcuato\/\" \/>\n<meta property=\"og:locale\" content=\"es_ES\" \/>\n<meta property=\"og:type\" content=\"article\" \/>\n<meta property=\"og:title\" content=\"10-02-2022-Ermita N.Sra. de Allende y Picota S.Torcuato -\" \/>\n<meta property=\"og:description\" content=\"F\u00e1cil excursi\u00f3n desde Ezcaray para subir a la Ermita de Nuestra Sra. de Allende y despu\u00e9s a la Picota de Sant Torcuato, desde donde tenemos unas bonitas vistas de Ezcaray y alrededores.\" \/>\n<meta property=\"og:url\" content=\"https:\/\/www.carlosyconchita.net\/rutas\/10-02-2022-ermita-n-sra-de-allende-y-picota-s-torcuato\/\" \/>\n<meta property=\"og:site_name\" content=\"Las rutas de Carlos y Conchita\" \/>\n<meta property=\"article:published_time\" content=\"2022-02-10T16:09:00+00:00\" \/>\n<meta property=\"article:modified_time\" content=\"2022-02-25T17:20:43+00:00\" \/>\n<meta property=\"og:image\" content=\"https:\/\/www.carlosyconchita.net\/rutas\/wp-content\/uploads\/2022\/02\/Picota-0019.jpg\" \/>\n\t<meta property=\"og:image:width\" content=\"1019\" \/>\n\t<meta property=\"og:image:height\" content=\"764\" \/>\n\t<meta property=\"og:image:type\" content=\"image\/jpeg\" \/>\n<meta name=\"author\" content=\"Carlos Conchita\" \/>\n<meta name=\"twitter:label1\" content=\"Escrito por\" \/>\n\t<meta name=\"twitter:data1\" content=\"Carlos Conchita\" \/>\n\t<meta name=\"twitter:label2\" content=\"Tiempo de lectura\" \/>\n\t<meta name=\"twitter:data2\" content=\"3 minutos\" \/>\n<script type=\"application\/ld+json\" class=\"yoast-schema-graph\">{\"@context\":\"https:\\\/\\\/schema.org\",\"@graph\":[{\"@type\":\"Article\",\"@id\":\"https:\\\/\\\/www.carlosyconchita.net\\\/rutas\\\/10-02-2022-ermita-n-sra-de-allende-y-picota-s-torcuato\\\/#article\",\"isPartOf\":{\"@id\":\"https:\\\/\\\/www.carlosyconchita.net\\\/rutas\\\/10-02-2022-ermita-n-sra-de-allende-y-picota-s-torcuato\\\/\"},\"author\":{\"name\":\"Carlos Conchita\",\"@id\":\"https:\\\/\\\/www.carlosyconchita.net\\\/rutas\\\/#\\\/schema\\\/person\\\/a9691f7258c28443fab2d3aa1479ea19\"},\"headline\":\"10-02-2022-Ermita N.Sra. de Allende y Picota S.Torcuato\",\"datePublished\":\"2022-02-10T16:09:00+00:00\",\"dateModified\":\"2022-02-25T17:20:43+00:00\",\"mainEntityOfPage\":{\"@id\":\"https:\\\/\\\/www.carlosyconchita.net\\\/rutas\\\/10-02-2022-ermita-n-sra-de-allende-y-picota-s-torcuato\\\/\"},\"wordCount\":467,\"image\":{\"@id\":\"https:\\\/\\\/www.carlosyconchita.net\\\/rutas\\\/10-02-2022-ermita-n-sra-de-allende-y-picota-s-torcuato\\\/#primaryimage\"},\"thumbnailUrl\":\"https:\\\/\\\/www.carlosyconchita.net\\\/rutas\\\/wp-content\\\/uploads\\\/2022\\\/02\\\/Picota-0019.jpg\",\"articleSection\":[\"1 - Hasta 5 km.\",\"1-F\u00e1cil\",\"La Rioja\"],\"inLanguage\":\"es\"},{\"@type\":\"WebPage\",\"@id\":\"https:\\\/\\\/www.carlosyconchita.net\\\/rutas\\\/10-02-2022-ermita-n-sra-de-allende-y-picota-s-torcuato\\\/\",\"url\":\"https:\\\/\\\/www.carlosyconchita.net\\\/rutas\\\/10-02-2022-ermita-n-sra-de-allende-y-picota-s-torcuato\\\/\",\"name\":\"10-02-2022-Ermita N.Sra. de Allende y Picota S.Torcuato -\",\"isPartOf\":{\"@id\":\"https:\\\/\\\/www.carlosyconchita.net\\\/rutas\\\/#website\"},\"primaryImageOfPage\":{\"@id\":\"https:\\\/\\\/www.carlosyconchita.net\\\/rutas\\\/10-02-2022-ermita-n-sra-de-allende-y-picota-s-torcuato\\\/#primaryimage\"},\"image\":{\"@id\":\"https:\\\/\\\/www.carlosyconchita.net\\\/rutas\\\/10-02-2022-ermita-n-sra-de-allende-y-picota-s-torcuato\\\/#primaryimage\"},\"thumbnailUrl\":\"https:\\\/\\\/www.carlosyconchita.net\\\/rutas\\\/wp-content\\\/uploads\\\/2022\\\/02\\\/Picota-0019.jpg\",\"datePublished\":\"2022-02-10T16:09:00+00:00\",\"dateModified\":\"2022-02-25T17:20:43+00:00\",\"author\":{\"@id\":\"https:\\\/\\\/www.carlosyconchita.net\\\/rutas\\\/#\\\/schema\\\/person\\\/a9691f7258c28443fab2d3aa1479ea19\"},\"breadcrumb\":{\"@id\":\"https:\\\/\\\/www.carlosyconchita.net\\\/rutas\\\/10-02-2022-ermita-n-sra-de-allende-y-picota-s-torcuato\\\/#breadcrumb\"},\"inLanguage\":\"es\",\"potentialAction\":[{\"@type\":\"ReadAction\",\"target\":[\"https:\\\/\\\/www.carlosyconchita.net\\\/rutas\\\/10-02-2022-ermita-n-sra-de-allende-y-picota-s-torcuato\\\/\"]}]},{\"@type\":\"ImageObject\",\"inLanguage\":\"es\",\"@id\":\"https:\\\/\\\/www.carlosyconchita.net\\\/rutas\\\/10-02-2022-ermita-n-sra-de-allende-y-picota-s-torcuato\\\/#primaryimage\",\"url\":\"https:\\\/\\\/www.carlosyconchita.net\\\/rutas\\\/wp-content\\\/uploads\\\/2022\\\/02\\\/Picota-0019.jpg\",\"contentUrl\":\"https:\\\/\\\/www.carlosyconchita.net\\\/rutas\\\/wp-content\\\/uploads\\\/2022\\\/02\\\/Picota-0019.jpg\",\"width\":1019,\"height\":764},{\"@type\":\"BreadcrumbList\",\"@id\":\"https:\\\/\\\/www.carlosyconchita.net\\\/rutas\\\/10-02-2022-ermita-n-sra-de-allende-y-picota-s-torcuato\\\/#breadcrumb\",\"itemListElement\":[{\"@type\":\"ListItem\",\"position\":1,\"name\":\"Portada\",\"item\":\"https:\\\/\\\/www.carlosyconchita.net\\\/rutas\\\/\"},{\"@type\":\"ListItem\",\"position\":2,\"name\":\"10-02-2022-Ermita N.Sra. de Allende y Picota S.Torcuato\"}]},{\"@type\":\"WebSite\",\"@id\":\"https:\\\/\\\/www.carlosyconchita.net\\\/rutas\\\/#website\",\"url\":\"https:\\\/\\\/www.carlosyconchita.net\\\/rutas\\\/\",\"name\":\"Las rutas de Carlos y Conchita\",\"description\":\"\",\"potentialAction\":[{\"@type\":\"SearchAction\",\"target\":{\"@type\":\"EntryPoint\",\"urlTemplate\":\"https:\\\/\\\/www.carlosyconchita.net\\\/rutas\\\/?s={search_term_string}\"},\"query-input\":{\"@type\":\"PropertyValueSpecification\",\"valueRequired\":true,\"valueName\":\"search_term_string\"}}],\"inLanguage\":\"es\"},{\"@type\":\"Person\",\"@id\":\"https:\\\/\\\/www.carlosyconchita.net\\\/rutas\\\/#\\\/schema\\\/person\\\/a9691f7258c28443fab2d3aa1479ea19\",\"name\":\"Carlos Conchita\",\"image\":{\"@type\":\"ImageObject\",\"inLanguage\":\"es\",\"@id\":\"https:\\\/\\\/secure.gravatar.com\\\/avatar\\\/3a4625b20c8da3de99da69bfe7a322774e291c3f90dce7e8778a30fe6748ed1a?s=96&d=mm&r=g\",\"url\":\"https:\\\/\\\/secure.gravatar.com\\\/avatar\\\/3a4625b20c8da3de99da69bfe7a322774e291c3f90dce7e8778a30fe6748ed1a?s=96&d=mm&r=g\",\"contentUrl\":\"https:\\\/\\\/secure.gravatar.com\\\/avatar\\\/3a4625b20c8da3de99da69bfe7a322774e291c3f90dce7e8778a30fe6748ed1a?s=96&d=mm&r=g\",\"caption\":\"Carlos Conchita\"}}]}<\/script>\n<!-- \/ Yoast SEO plugin. -->","yoast_head_json":{"title":"10-02-2022-Ermita N.Sra. de Allende y Picota S.Torcuato -","robots":{"index":"index","follow":"follow","max-snippet":"max-snippet:-1","max-image-preview":"max-image-preview:large","max-video-preview":"max-video-preview:-1"},"canonical":"https:\/\/www.carlosyconchita.net\/rutas\/10-02-2022-ermita-n-sra-de-allende-y-picota-s-torcuato\/","og_locale":"es_ES","og_type":"article","og_title":"10-02-2022-Ermita N.Sra. de Allende y Picota S.Torcuato -","og_description":"F\u00e1cil excursi\u00f3n desde Ezcaray para subir a la Ermita de Nuestra Sra. de Allende y despu\u00e9s a la Picota de Sant Torcuato, desde donde tenemos unas bonitas vistas de Ezcaray y alrededores.","og_url":"https:\/\/www.carlosyconchita.net\/rutas\/10-02-2022-ermita-n-sra-de-allende-y-picota-s-torcuato\/","og_site_name":"Las rutas de Carlos y Conchita","article_published_time":"2022-02-10T16:09:00+00:00","article_modified_time":"2022-02-25T17:20:43+00:00","og_image":[{"width":1019,"height":764,"url":"https:\/\/www.carlosyconchita.net\/rutas\/wp-content\/uploads\/2022\/02\/Picota-0019.jpg","type":"image\/jpeg"}],"author":"Carlos Conchita","twitter_misc":{"Escrito por":"Carlos Conchita","Tiempo de lectura":"3 minutos"},"schema":{"@context":"https:\/\/schema.org","@graph":[{"@type":"Article","@id":"https:\/\/www.carlosyconchita.net\/rutas\/10-02-2022-ermita-n-sra-de-allende-y-picota-s-torcuato\/#article","isPartOf":{"@id":"https:\/\/www.carlosyconchita.net\/rutas\/10-02-2022-ermita-n-sra-de-allende-y-picota-s-torcuato\/"},"author":{"name":"Carlos Conchita","@id":"https:\/\/www.carlosyconchita.net\/rutas\/#\/schema\/person\/a9691f7258c28443fab2d3aa1479ea19"},"headline":"10-02-2022-Ermita N.Sra. de Allende y Picota S.Torcuato","datePublished":"2022-02-10T16:09:00+00:00","dateModified":"2022-02-25T17:20:43+00:00","mainEntityOfPage":{"@id":"https:\/\/www.carlosyconchita.net\/rutas\/10-02-2022-ermita-n-sra-de-allende-y-picota-s-torcuato\/"},"wordCount":467,"image":{"@id":"https:\/\/www.carlosyconchita.net\/rutas\/10-02-2022-ermita-n-sra-de-allende-y-picota-s-torcuato\/#primaryimage"},"thumbnailUrl":"https:\/\/www.carlosyconchita.net\/rutas\/wp-content\/uploads\/2022\/02\/Picota-0019.jpg","articleSection":["1 - Hasta 5 km.","1-F\u00e1cil","La Rioja"],"inLanguage":"es"},{"@type":"WebPage","@id":"https:\/\/www.carlosyconchita.net\/rutas\/10-02-2022-ermita-n-sra-de-allende-y-picota-s-torcuato\/","url":"https:\/\/www.carlosyconchita.net\/rutas\/10-02-2022-ermita-n-sra-de-allende-y-picota-s-torcuato\/","name":"10-02-2022-Ermita N.Sra. de Allende y Picota S.Torcuato -","isPartOf":{"@id":"https:\/\/www.carlosyconchita.net\/rutas\/#website"},"primaryImageOfPage":{"@id":"https:\/\/www.carlosyconchita.net\/rutas\/10-02-2022-ermita-n-sra-de-allende-y-picota-s-torcuato\/#primaryimage"},"image":{"@id":"https:\/\/www.carlosyconchita.net\/rutas\/10-02-2022-ermita-n-sra-de-allende-y-picota-s-torcuato\/#primaryimage"},"thumbnailUrl":"https:\/\/www.carlosyconchita.net\/rutas\/wp-content\/uploads\/2022\/02\/Picota-0019.jpg","datePublished":"2022-02-10T16:09:00+00:00","dateModified":"2022-02-25T17:20:43+00:00","author":{"@id":"https:\/\/www.carlosyconchita.net\/rutas\/#\/schema\/person\/a9691f7258c28443fab2d3aa1479ea19"},"breadcrumb":{"@id":"https:\/\/www.carlosyconchita.net\/rutas\/10-02-2022-ermita-n-sra-de-allende-y-picota-s-torcuato\/#breadcrumb"},"inLanguage":"es","potentialAction":[{"@type":"ReadAction","target":["https:\/\/www.carlosyconchita.net\/rutas\/10-02-2022-ermita-n-sra-de-allende-y-picota-s-torcuato\/"]}]},{"@type":"ImageObject","inLanguage":"es","@id":"https:\/\/www.carlosyconchita.net\/rutas\/10-02-2022-ermita-n-sra-de-allende-y-picota-s-torcuato\/#primaryimage","url":"https:\/\/www.carlosyconchita.net\/rutas\/wp-content\/uploads\/2022\/02\/Picota-0019.jpg","contentUrl":"https:\/\/www.carlosyconchita.net\/rutas\/wp-content\/uploads\/2022\/02\/Picota-0019.jpg","width":1019,"height":764},{"@type":"BreadcrumbList","@id":"https:\/\/www.carlosyconchita.net\/rutas\/10-02-2022-ermita-n-sra-de-allende-y-picota-s-torcuato\/#breadcrumb","itemListElement":[{"@type":"ListItem","position":1,"name":"Portada","item":"https:\/\/www.carlosyconchita.net\/rutas\/"},{"@type":"ListItem","position":2,"name":"10-02-2022-Ermita N.Sra. de Allende y Picota S.Torcuato"}]},{"@type":"WebSite","@id":"https:\/\/www.carlosyconchita.net\/rutas\/#website","url":"https:\/\/www.carlosyconchita.net\/rutas\/","name":"Las rutas de Carlos y Conchita","description":"","potentialAction":[{"@type":"SearchAction","target":{"@type":"EntryPoint","urlTemplate":"https:\/\/www.carlosyconchita.net\/rutas\/?s={search_term_string}"},"query-input":{"@type":"PropertyValueSpecification","valueRequired":true,"valueName":"search_term_string"}}],"inLanguage":"es"},{"@type":"Person","@id":"https:\/\/www.carlosyconchita.net\/rutas\/#\/schema\/person\/a9691f7258c28443fab2d3aa1479ea19","name":"Carlos Conchita","image":{"@type":"ImageObject","inLanguage":"es","@id":"https:\/\/secure.gravatar.com\/avatar\/3a4625b20c8da3de99da69bfe7a322774e291c3f90dce7e8778a30fe6748ed1a?s=96&d=mm&r=g","url":"https:\/\/secure.gravatar.com\/avatar\/3a4625b20c8da3de99da69bfe7a322774e291c3f90dce7e8778a30fe6748ed1a?s=96&d=mm&r=g","contentUrl":"https:\/\/secure.gravatar.com\/avatar\/3a4625b20c8da3de99da69bfe7a322774e291c3f90dce7e8778a30fe6748ed1a?s=96&d=mm&r=g","caption":"Carlos Conchita"}}]}},"_links":{"self":[{"href":"https:\/\/www.carlosyconchita.net\/rutas\/wp-json\/wp\/v2\/posts\/17279","targetHints":{"allow":["GET"]}}],"collection":[{"href":"https:\/\/www.carlosyconchita.net\/rutas\/wp-json\/wp\/v2\/posts"}],"about":[{"href":"https:\/\/www.carlosyconchita.net\/rutas\/wp-json\/wp\/v2\/types\/post"}],"author":[{"embeddable":true,"href":"https:\/\/www.carlosyconchita.net\/rutas\/wp-json\/wp\/v2\/users\/50"}],"replies":[{"embeddable":true,"href":"https:\/\/www.carlosyconchita.net\/rutas\/wp-json\/wp\/v2\/comments?post=17279"}],"version-history":[{"count":0,"href":"https:\/\/www.carlosyconchita.net\/rutas\/wp-json\/wp\/v2\/posts\/17279\/revisions"}],"wp:featuredmedia":[{"embeddable":true,"href":"https:\/\/www.carlosyconchita.net\/rutas\/wp-json\/wp\/v2\/media\/17280"}],"wp:attachment":[{"href":"https:\/\/www.carlosyconchita.net\/rutas\/wp-json\/wp\/v2\/media?parent=17279"}],"wp:term":[{"taxonomy":"category","embeddable":true,"href":"https:\/\/www.carlosyconchita.net\/rutas\/wp-json\/wp\/v2\/categories?post=17279"},{"taxonomy":"post_tag","embeddable":true,"href":"https:\/\/www.carlosyconchita.net\/rutas\/wp-json\/wp\/v2\/tags?post=17279"}],"curies":[{"name":"wp","href":"https:\/\/api.w.org\/{rel}","templated":true}]}}