{"id":17333,"date":"2022-02-26T19:33:20","date_gmt":"2022-02-26T18:33:20","guid":{"rendered":"https:\/\/www.carlosyconchita.net\/rutas\/?p=17333"},"modified":"2022-03-06T18:45:06","modified_gmt":"2022-03-06T17:45:06","slug":"26-02-2022-pic-dels-moros-raquetas","status":"publish","type":"post","link":"https:\/\/www.carlosyconchita.net\/rutas\/26-02-2022-pic-dels-moros-raquetas\/","title":{"rendered":"26-02-2022-Pic dels Moros (raquetas)"},"content":{"rendered":"<p>A diferencia de ayer, hoy hemos tenido un magn\u00edfico d\u00eda con mucho sol, aunque la temperatura era bastante baja, especialmente al empezar a caminar, como se puede ver en las fotos.<\/p>\n<p>Nos dirigimos al Pla de la Calme, pero aparcamos antes de llegar all\u00ed, en una peque\u00f1a zona de parking que tenemos a nuestra izquierda, y empezamos a caminar en direcci\u00f3n al Pla de la Calme, por un camino marcado sobre la nieve para \u00abpeatones\u00bb.<\/p>\n<p>Pero como hab\u00eda bastante gente, ya que estos d\u00edas es la Semana Blanca, decidimos ir al Pic dels Moros en \u00abl\u00ednea recta\u00bb en vez de seguir los caminos marcados, por lo que subimos primero un peque\u00f1o mont\u00edculo y vamos caminando sin mirar el GPS ni las indicaciones, ya que en todo momento estamos viendo el Pic donde queremos ir.<br \/>\nS\u00f3lo en el ultimo tramo, ya muy cerca, seguimos el camino marcado para subir, aunque despu\u00e9s la bajada la hacemos de nuevo \u00abcampo a trav\u00e9s\u00bb\u00a0 y en l\u00ednea recta.<\/p>\n<p>Si comparamos este recorrido con alguno de las otras veces que hemos estado, veremos que el recorrido ha sido de unos 2 kms. menos que siguiendo los caminos marcados, y as\u00ed tambi\u00e9n no molestamos a los que est\u00e1n haciendo esqu\u00ed de fondo.<\/p>\n<p>La vuelta como hemos dicho la hacemos bajando del Pic por otra de las laderas, entre los arboles , despu\u00e9s coincidimos con el camino de la ida unos metros y despu\u00e9s continuamos hasta el coche por otro sitio para no repetir.<\/p>\n<p>Como que el d\u00eda es magn\u00edfico, aunque hace un poco de aire (que es bastante fr\u00edo&#8230;), decidimos comer algo en un bar\/restaurante en el mismo Pla del Mir, al sol y bastante ventilados.<\/p>\n<hr \/>\n<p>&nbsp;<\/p>\n<p><strong>Distancia total<\/strong> :\u00a0\u00a0\u00a0\u00a0\u00a0\u00a0\u00a0\u00a0 8.290 <span class=\"totlen\"><span class=\"summaryvalue\">m.\u00a0\u00a0\u00a0\u00a0\u00a0\u00a0\u00a0\u00a0\u00a0\u00a0\u00a0\u00a0\u00a0\u00a0\u00a0\u00a0\u00a0\u00a0\u00a0\u00a0\u00a0 <\/span><\/span><strong>Desnivel acumulado (s\/Wikiloc)<\/strong> :\u00a0 \u00a0\u00a0 199\u00a0 m.<\/p>\n<p><strong>Alturas m\u00edn\/m\u00e1x. :\u00a0<\/strong> \u00a0 1.985 m.\/\u00a0 2.137 m.<\/p>\n<p><strong>Tiempo \/ velocidad\u00a0 total\u00a0<\/strong> :\u00a0\u00a0\u00a0\u00a0\u00a0 3 h. 50 m.\u00a0 \/\u00a0 2\u201916 km\/h.<\/p>\n<p><strong>Tiempo \/ velocidad\u00a0 movimiento\u00a0\u00a0<\/strong> :\u00a0\u00a0\u00a0\u00a0 \u00a0 2 h. 34 m.\u00a0 \/\u00a0 3\u201921 km\/h.<\/p>\n<p>&nbsp;<\/p>\n<hr \/>\n<p><strong>Album de fotos<\/strong><\/p>\n<p><a href=\"https:\/\/photos.app.goo.gl\/dHAZ1Fo2pAy2qpay7\" target=\"_blank\" rel=\"noopener\"><img loading=\"lazy\" decoding=\"async\" class=\"size-medium wp-image-17334 aligncenter\" src=\"https:\/\/www.carlosyconchita.net\/rutas\/wp-content\/uploads\/2022\/03\/PicMoros-00019-2-300x223.jpg\" alt=\"\" width=\"300\" height=\"223\" srcset=\"https:\/\/www.carlosyconchita.net\/rutas\/wp-content\/uploads\/2022\/03\/PicMoros-00019-2-300x223.jpg 300w, https:\/\/www.carlosyconchita.net\/rutas\/wp-content\/uploads\/2022\/03\/PicMoros-00019-2-600x445.jpg 600w, https:\/\/www.carlosyconchita.net\/rutas\/wp-content\/uploads\/2022\/03\/PicMoros-00019-2-768x570.jpg 768w, https:\/\/www.carlosyconchita.net\/rutas\/wp-content\/uploads\/2022\/03\/PicMoros-00019-2.jpg 1024w\" sizes=\"auto, (max-width: 300px) 100vw, 300px\" \/><\/a><\/p>\n<hr \/>\n<p>&nbsp;<\/p>\n<h4><strong>Mapa y track de la ruta<\/strong><\/h4>\n<p style=\"text-align: center;\"><strong><span style=\"color: #ff0000;\">Pulsando sobre los waypoints del mapa, se puede ver una foto del sitio.<\/span><\/strong><\/p>\n<p>&nbsp;<\/p>\n<p><a href=\"https:\/\/www.carlosyconchita.net\/rutas\/wp-content\/uploads\/gpx\/PicMoros-2022.html\" target=\"_blank\" rel=\"noopener\"><img loading=\"lazy\" decoding=\"async\" class=\"aligncenter wp-image-16466\" src=\"https:\/\/www.carlosyconchita.net\/rutas\/wp-content\/uploads\/2021\/09\/mapa2.jpg\" alt=\"\" width=\"0185\" height=\"185\" srcset=\"https:\/\/www.carlosyconchita.net\/rutas\/wp-content\/uploads\/2021\/09\/mapa2.jpg 225w, https:\/\/www.carlosyconchita.net\/rutas\/wp-content\/uploads\/2021\/09\/mapa2-120x120.jpg 120w\" sizes=\"auto, (max-width: 185px) 100vw, 185px\" \/><\/a><\/p>\n<hr \/>\n<p><strong>Wikiloc <\/strong><strong><br \/>\n<\/strong><\/p>\n<p><a href=\"https:\/\/es.wikiloc.com\/rutas-raquetas\/pic-dels-moros-96882243\" target=\"_blank\" rel=\"noopener\"><img loading=\"lazy\" decoding=\"async\" class=\"aligncenter size-full wp-image-958\" src=\"https:\/\/www.carlosyconchita.net\/rutas\/wp-content\/uploads\/2020\/09\/wikiloc.jpg\" alt=\"\" width=\"117\" height=\"34\" \/><\/a><\/p>\n<p>&nbsp;<\/p>\n<hr \/>\n<p style=\"text-align: justify;\"><span style=\"color: #ff0000; background-color: #ffffff; font-size: 14pt;\"><strong>Si te ha gustado, comp\u00e1rtelo en tu red favorita o env\u00edanos tu comentario.<br \/>\n<\/strong><\/span><\/p>\n<p style=\"text-align: justify;\"><span style=\"font-size: 14pt;\"><strong><span style=\"color: #ff0000;\">Muchas gracias !<\/span><\/strong><\/span><\/p>\n<hr \/>\n<p style=\"text-align: justify;\"><strong><span style=\"color: #008000;\">Suscribete si quieres recibir un mail cuando publiquemos nuevas rutas : no enviamos publicidad y como m\u00e1ximo enviamos 2 mails al mes<\/span><\/strong><\/p>\n<p style=\"text-align: center;\"><a href=\"https:\/\/mailchi.mp\/6989c83a3e24\/wmv06rtqcz\/\" target=\"_blank\" rel=\"noopener noreferrer\"><strong><span style=\"color: #0000ff;\">Pulsa aqu\u00ed para suscribirte<\/span><\/strong><\/a><\/p>\n<hr \/>\n<p style=\"text-align: justify;\">\u00a0<\/p>\n<h3 style=\"text-align: justify;\">Puedes imprimir esta publicaci\u00f3n o guardarla en diferentes formatos :<\/h3>\n<p style=\"text-align: justify;\"><span style=\"color: #ff0000; font-size: 14pt;\">Para facilitar la impresi\u00f3n, se ha reducido considerablemente el tama\u00f1o de las fotos, pero si deseas imprimir sin fotos, aconsejamos guardarlo como \u201cdoc\u201d, y antes de imprimirlo, eliminar las fotos<\/span><\/p>\n<p>&nbsp;<\/p>\n","protected":false},"excerpt":{"rendered":"<p>Excursi\u00f3n con raquetas para subir al Pic dels Moros, pero en vez de seguir los caminos marcados, vamos \u00abcampo a  trav\u00e9s\u00bb en l\u00ednea recta, y as\u00ed no estorbamos a los que hacen esqu\u00ed de fondo en esta zona del Pla de la Calme.<br \/>\nEl d\u00eda ha sido magn\u00edfico, con mucho sol, aunque la temperatura bastante baja, especialmente al principio, y con un poco de viento bastante fr\u00edo.<\/p>\n","protected":false},"author":50,"featured_media":17334,"comment_status":"closed","ping_status":"open","sticky":false,"template":"","format":"standard","meta":{"footnotes":""},"categories":[10,22,18],"tags":[],"class_list":{"0":"post-17333","1":"post","2":"type-post","3":"status-publish","4":"format-standard","5":"has-post-thumbnail","6":"hentry","7":"category-facil","8":"category-de-05-a-10-km","9":"category-font-romeu-bolquere","11":"post-with-thumbnail","12":"post-with-thumbnail-icon"},"yoast_head":"<!-- This site is optimized with the Yoast SEO plugin v27.4 - https:\/\/yoast.com\/product\/yoast-seo-wordpress\/ -->\n<title>26-02-2022-Pic dels Moros (raquetas) -<\/title>\n<meta name=\"robots\" content=\"index, follow, max-snippet:-1, max-image-preview:large, max-video-preview:-1\" \/>\n<link rel=\"canonical\" href=\"https:\/\/www.carlosyconchita.net\/rutas\/26-02-2022-pic-dels-moros-raquetas\/\" \/>\n<meta property=\"og:locale\" content=\"es_ES\" \/>\n<meta property=\"og:type\" content=\"article\" \/>\n<meta property=\"og:title\" content=\"26-02-2022-Pic dels Moros (raquetas) -\" \/>\n<meta property=\"og:description\" content=\"Excursi\u00f3n con raquetas para subir al Pic dels Moros, pero en vez de seguir los caminos marcados, vamos &quot;campo a trav\u00e9s&quot; en l\u00ednea recta, y as\u00ed no estorbamos a los que hacen esqu\u00ed de fondo en esta zona del Pla de la Calme. El d\u00eda ha sido magn\u00edfico, con mucho sol, aunque la temperatura bastante baja, especialmente al principio, y con un poco de viento bastante fr\u00edo.\" \/>\n<meta property=\"og:url\" content=\"https:\/\/www.carlosyconchita.net\/rutas\/26-02-2022-pic-dels-moros-raquetas\/\" \/>\n<meta property=\"og:site_name\" content=\"Las rutas de Carlos y Conchita\" \/>\n<meta property=\"article:published_time\" content=\"2022-02-26T18:33:20+00:00\" \/>\n<meta property=\"article:modified_time\" content=\"2022-03-06T17:45:06+00:00\" \/>\n<meta property=\"og:image\" content=\"https:\/\/www.carlosyconchita.net\/rutas\/wp-content\/uploads\/2022\/03\/PicMoros-00019-2.jpg\" \/>\n\t<meta property=\"og:image:width\" content=\"1024\" \/>\n\t<meta property=\"og:image:height\" content=\"760\" \/>\n\t<meta property=\"og:image:type\" content=\"image\/jpeg\" \/>\n<meta name=\"author\" content=\"Carlos Conchita\" \/>\n<meta name=\"twitter:label1\" content=\"Escrito por\" \/>\n\t<meta name=\"twitter:data1\" content=\"Carlos Conchita\" \/>\n\t<meta name=\"twitter:label2\" content=\"Tiempo de lectura\" \/>\n\t<meta name=\"twitter:data2\" content=\"3 minutos\" \/>\n<script type=\"application\/ld+json\" class=\"yoast-schema-graph\">{\"@context\":\"https:\\\/\\\/schema.org\",\"@graph\":[{\"@type\":\"Article\",\"@id\":\"https:\\\/\\\/www.carlosyconchita.net\\\/rutas\\\/26-02-2022-pic-dels-moros-raquetas\\\/#article\",\"isPartOf\":{\"@id\":\"https:\\\/\\\/www.carlosyconchita.net\\\/rutas\\\/26-02-2022-pic-dels-moros-raquetas\\\/\"},\"author\":{\"name\":\"Carlos Conchita\",\"@id\":\"https:\\\/\\\/www.carlosyconchita.net\\\/rutas\\\/#\\\/schema\\\/person\\\/a9691f7258c28443fab2d3aa1479ea19\"},\"headline\":\"26-02-2022-Pic dels Moros (raquetas)\",\"datePublished\":\"2022-02-26T18:33:20+00:00\",\"dateModified\":\"2022-03-06T17:45:06+00:00\",\"mainEntityOfPage\":{\"@id\":\"https:\\\/\\\/www.carlosyconchita.net\\\/rutas\\\/26-02-2022-pic-dels-moros-raquetas\\\/\"},\"wordCount\":446,\"image\":{\"@id\":\"https:\\\/\\\/www.carlosyconchita.net\\\/rutas\\\/26-02-2022-pic-dels-moros-raquetas\\\/#primaryimage\"},\"thumbnailUrl\":\"https:\\\/\\\/www.carlosyconchita.net\\\/rutas\\\/wp-content\\\/uploads\\\/2022\\\/03\\\/PicMoros-00019-2.jpg\",\"articleSection\":[\"1-F\u00e1cil\",\"2 - De 5 a 10 km.\",\"Font Romeu\"],\"inLanguage\":\"es\"},{\"@type\":\"WebPage\",\"@id\":\"https:\\\/\\\/www.carlosyconchita.net\\\/rutas\\\/26-02-2022-pic-dels-moros-raquetas\\\/\",\"url\":\"https:\\\/\\\/www.carlosyconchita.net\\\/rutas\\\/26-02-2022-pic-dels-moros-raquetas\\\/\",\"name\":\"26-02-2022-Pic dels Moros (raquetas) -\",\"isPartOf\":{\"@id\":\"https:\\\/\\\/www.carlosyconchita.net\\\/rutas\\\/#website\"},\"primaryImageOfPage\":{\"@id\":\"https:\\\/\\\/www.carlosyconchita.net\\\/rutas\\\/26-02-2022-pic-dels-moros-raquetas\\\/#primaryimage\"},\"image\":{\"@id\":\"https:\\\/\\\/www.carlosyconchita.net\\\/rutas\\\/26-02-2022-pic-dels-moros-raquetas\\\/#primaryimage\"},\"thumbnailUrl\":\"https:\\\/\\\/www.carlosyconchita.net\\\/rutas\\\/wp-content\\\/uploads\\\/2022\\\/03\\\/PicMoros-00019-2.jpg\",\"datePublished\":\"2022-02-26T18:33:20+00:00\",\"dateModified\":\"2022-03-06T17:45:06+00:00\",\"author\":{\"@id\":\"https:\\\/\\\/www.carlosyconchita.net\\\/rutas\\\/#\\\/schema\\\/person\\\/a9691f7258c28443fab2d3aa1479ea19\"},\"breadcrumb\":{\"@id\":\"https:\\\/\\\/www.carlosyconchita.net\\\/rutas\\\/26-02-2022-pic-dels-moros-raquetas\\\/#breadcrumb\"},\"inLanguage\":\"es\",\"potentialAction\":[{\"@type\":\"ReadAction\",\"target\":[\"https:\\\/\\\/www.carlosyconchita.net\\\/rutas\\\/26-02-2022-pic-dels-moros-raquetas\\\/\"]}]},{\"@type\":\"ImageObject\",\"inLanguage\":\"es\",\"@id\":\"https:\\\/\\\/www.carlosyconchita.net\\\/rutas\\\/26-02-2022-pic-dels-moros-raquetas\\\/#primaryimage\",\"url\":\"https:\\\/\\\/www.carlosyconchita.net\\\/rutas\\\/wp-content\\\/uploads\\\/2022\\\/03\\\/PicMoros-00019-2.jpg\",\"contentUrl\":\"https:\\\/\\\/www.carlosyconchita.net\\\/rutas\\\/wp-content\\\/uploads\\\/2022\\\/03\\\/PicMoros-00019-2.jpg\",\"width\":1024,\"height\":760},{\"@type\":\"BreadcrumbList\",\"@id\":\"https:\\\/\\\/www.carlosyconchita.net\\\/rutas\\\/26-02-2022-pic-dels-moros-raquetas\\\/#breadcrumb\",\"itemListElement\":[{\"@type\":\"ListItem\",\"position\":1,\"name\":\"Portada\",\"item\":\"https:\\\/\\\/www.carlosyconchita.net\\\/rutas\\\/\"},{\"@type\":\"ListItem\",\"position\":2,\"name\":\"26-02-2022-Pic dels Moros (raquetas)\"}]},{\"@type\":\"WebSite\",\"@id\":\"https:\\\/\\\/www.carlosyconchita.net\\\/rutas\\\/#website\",\"url\":\"https:\\\/\\\/www.carlosyconchita.net\\\/rutas\\\/\",\"name\":\"Las rutas de Carlos y Conchita\",\"description\":\"\",\"potentialAction\":[{\"@type\":\"SearchAction\",\"target\":{\"@type\":\"EntryPoint\",\"urlTemplate\":\"https:\\\/\\\/www.carlosyconchita.net\\\/rutas\\\/?s={search_term_string}\"},\"query-input\":{\"@type\":\"PropertyValueSpecification\",\"valueRequired\":true,\"valueName\":\"search_term_string\"}}],\"inLanguage\":\"es\"},{\"@type\":\"Person\",\"@id\":\"https:\\\/\\\/www.carlosyconchita.net\\\/rutas\\\/#\\\/schema\\\/person\\\/a9691f7258c28443fab2d3aa1479ea19\",\"name\":\"Carlos Conchita\",\"image\":{\"@type\":\"ImageObject\",\"inLanguage\":\"es\",\"@id\":\"https:\\\/\\\/secure.gravatar.com\\\/avatar\\\/3a4625b20c8da3de99da69bfe7a322774e291c3f90dce7e8778a30fe6748ed1a?s=96&d=mm&r=g\",\"url\":\"https:\\\/\\\/secure.gravatar.com\\\/avatar\\\/3a4625b20c8da3de99da69bfe7a322774e291c3f90dce7e8778a30fe6748ed1a?s=96&d=mm&r=g\",\"contentUrl\":\"https:\\\/\\\/secure.gravatar.com\\\/avatar\\\/3a4625b20c8da3de99da69bfe7a322774e291c3f90dce7e8778a30fe6748ed1a?s=96&d=mm&r=g\",\"caption\":\"Carlos Conchita\"}}]}<\/script>\n<!-- \/ Yoast SEO plugin. -->","yoast_head_json":{"title":"26-02-2022-Pic dels Moros (raquetas) -","robots":{"index":"index","follow":"follow","max-snippet":"max-snippet:-1","max-image-preview":"max-image-preview:large","max-video-preview":"max-video-preview:-1"},"canonical":"https:\/\/www.carlosyconchita.net\/rutas\/26-02-2022-pic-dels-moros-raquetas\/","og_locale":"es_ES","og_type":"article","og_title":"26-02-2022-Pic dels Moros (raquetas) -","og_description":"Excursi\u00f3n con raquetas para subir al Pic dels Moros, pero en vez de seguir los caminos marcados, vamos \"campo a trav\u00e9s\" en l\u00ednea recta, y as\u00ed no estorbamos a los que hacen esqu\u00ed de fondo en esta zona del Pla de la Calme. El d\u00eda ha sido magn\u00edfico, con mucho sol, aunque la temperatura bastante baja, especialmente al principio, y con un poco de viento bastante fr\u00edo.","og_url":"https:\/\/www.carlosyconchita.net\/rutas\/26-02-2022-pic-dels-moros-raquetas\/","og_site_name":"Las rutas de Carlos y Conchita","article_published_time":"2022-02-26T18:33:20+00:00","article_modified_time":"2022-03-06T17:45:06+00:00","og_image":[{"width":1024,"height":760,"url":"https:\/\/www.carlosyconchita.net\/rutas\/wp-content\/uploads\/2022\/03\/PicMoros-00019-2.jpg","type":"image\/jpeg"}],"author":"Carlos Conchita","twitter_misc":{"Escrito por":"Carlos Conchita","Tiempo de lectura":"3 minutos"},"schema":{"@context":"https:\/\/schema.org","@graph":[{"@type":"Article","@id":"https:\/\/www.carlosyconchita.net\/rutas\/26-02-2022-pic-dels-moros-raquetas\/#article","isPartOf":{"@id":"https:\/\/www.carlosyconchita.net\/rutas\/26-02-2022-pic-dels-moros-raquetas\/"},"author":{"name":"Carlos Conchita","@id":"https:\/\/www.carlosyconchita.net\/rutas\/#\/schema\/person\/a9691f7258c28443fab2d3aa1479ea19"},"headline":"26-02-2022-Pic dels Moros (raquetas)","datePublished":"2022-02-26T18:33:20+00:00","dateModified":"2022-03-06T17:45:06+00:00","mainEntityOfPage":{"@id":"https:\/\/www.carlosyconchita.net\/rutas\/26-02-2022-pic-dels-moros-raquetas\/"},"wordCount":446,"image":{"@id":"https:\/\/www.carlosyconchita.net\/rutas\/26-02-2022-pic-dels-moros-raquetas\/#primaryimage"},"thumbnailUrl":"https:\/\/www.carlosyconchita.net\/rutas\/wp-content\/uploads\/2022\/03\/PicMoros-00019-2.jpg","articleSection":["1-F\u00e1cil","2 - De 5 a 10 km.","Font Romeu"],"inLanguage":"es"},{"@type":"WebPage","@id":"https:\/\/www.carlosyconchita.net\/rutas\/26-02-2022-pic-dels-moros-raquetas\/","url":"https:\/\/www.carlosyconchita.net\/rutas\/26-02-2022-pic-dels-moros-raquetas\/","name":"26-02-2022-Pic dels Moros (raquetas) -","isPartOf":{"@id":"https:\/\/www.carlosyconchita.net\/rutas\/#website"},"primaryImageOfPage":{"@id":"https:\/\/www.carlosyconchita.net\/rutas\/26-02-2022-pic-dels-moros-raquetas\/#primaryimage"},"image":{"@id":"https:\/\/www.carlosyconchita.net\/rutas\/26-02-2022-pic-dels-moros-raquetas\/#primaryimage"},"thumbnailUrl":"https:\/\/www.carlosyconchita.net\/rutas\/wp-content\/uploads\/2022\/03\/PicMoros-00019-2.jpg","datePublished":"2022-02-26T18:33:20+00:00","dateModified":"2022-03-06T17:45:06+00:00","author":{"@id":"https:\/\/www.carlosyconchita.net\/rutas\/#\/schema\/person\/a9691f7258c28443fab2d3aa1479ea19"},"breadcrumb":{"@id":"https:\/\/www.carlosyconchita.net\/rutas\/26-02-2022-pic-dels-moros-raquetas\/#breadcrumb"},"inLanguage":"es","potentialAction":[{"@type":"ReadAction","target":["https:\/\/www.carlosyconchita.net\/rutas\/26-02-2022-pic-dels-moros-raquetas\/"]}]},{"@type":"ImageObject","inLanguage":"es","@id":"https:\/\/www.carlosyconchita.net\/rutas\/26-02-2022-pic-dels-moros-raquetas\/#primaryimage","url":"https:\/\/www.carlosyconchita.net\/rutas\/wp-content\/uploads\/2022\/03\/PicMoros-00019-2.jpg","contentUrl":"https:\/\/www.carlosyconchita.net\/rutas\/wp-content\/uploads\/2022\/03\/PicMoros-00019-2.jpg","width":1024,"height":760},{"@type":"BreadcrumbList","@id":"https:\/\/www.carlosyconchita.net\/rutas\/26-02-2022-pic-dels-moros-raquetas\/#breadcrumb","itemListElement":[{"@type":"ListItem","position":1,"name":"Portada","item":"https:\/\/www.carlosyconchita.net\/rutas\/"},{"@type":"ListItem","position":2,"name":"26-02-2022-Pic dels Moros (raquetas)"}]},{"@type":"WebSite","@id":"https:\/\/www.carlosyconchita.net\/rutas\/#website","url":"https:\/\/www.carlosyconchita.net\/rutas\/","name":"Las rutas de Carlos y Conchita","description":"","potentialAction":[{"@type":"SearchAction","target":{"@type":"EntryPoint","urlTemplate":"https:\/\/www.carlosyconchita.net\/rutas\/?s={search_term_string}"},"query-input":{"@type":"PropertyValueSpecification","valueRequired":true,"valueName":"search_term_string"}}],"inLanguage":"es"},{"@type":"Person","@id":"https:\/\/www.carlosyconchita.net\/rutas\/#\/schema\/person\/a9691f7258c28443fab2d3aa1479ea19","name":"Carlos Conchita","image":{"@type":"ImageObject","inLanguage":"es","@id":"https:\/\/secure.gravatar.com\/avatar\/3a4625b20c8da3de99da69bfe7a322774e291c3f90dce7e8778a30fe6748ed1a?s=96&d=mm&r=g","url":"https:\/\/secure.gravatar.com\/avatar\/3a4625b20c8da3de99da69bfe7a322774e291c3f90dce7e8778a30fe6748ed1a?s=96&d=mm&r=g","contentUrl":"https:\/\/secure.gravatar.com\/avatar\/3a4625b20c8da3de99da69bfe7a322774e291c3f90dce7e8778a30fe6748ed1a?s=96&d=mm&r=g","caption":"Carlos Conchita"}}]}},"_links":{"self":[{"href":"https:\/\/www.carlosyconchita.net\/rutas\/wp-json\/wp\/v2\/posts\/17333","targetHints":{"allow":["GET"]}}],"collection":[{"href":"https:\/\/www.carlosyconchita.net\/rutas\/wp-json\/wp\/v2\/posts"}],"about":[{"href":"https:\/\/www.carlosyconchita.net\/rutas\/wp-json\/wp\/v2\/types\/post"}],"author":[{"embeddable":true,"href":"https:\/\/www.carlosyconchita.net\/rutas\/wp-json\/wp\/v2\/users\/50"}],"replies":[{"embeddable":true,"href":"https:\/\/www.carlosyconchita.net\/rutas\/wp-json\/wp\/v2\/comments?post=17333"}],"version-history":[{"count":0,"href":"https:\/\/www.carlosyconchita.net\/rutas\/wp-json\/wp\/v2\/posts\/17333\/revisions"}],"wp:featuredmedia":[{"embeddable":true,"href":"https:\/\/www.carlosyconchita.net\/rutas\/wp-json\/wp\/v2\/media\/17334"}],"wp:attachment":[{"href":"https:\/\/www.carlosyconchita.net\/rutas\/wp-json\/wp\/v2\/media?parent=17333"}],"wp:term":[{"taxonomy":"category","embeddable":true,"href":"https:\/\/www.carlosyconchita.net\/rutas\/wp-json\/wp\/v2\/categories?post=17333"},{"taxonomy":"post_tag","embeddable":true,"href":"https:\/\/www.carlosyconchita.net\/rutas\/wp-json\/wp\/v2\/tags?post=17333"}],"curies":[{"name":"wp","href":"https:\/\/api.w.org\/{rel}","templated":true}]}}