{"id":17341,"date":"2022-02-27T18:04:00","date_gmt":"2022-02-27T17:04:00","guid":{"rendered":"https:\/\/www.carlosyconchita.net\/rutas\/?p=17341"},"modified":"2022-03-06T18:59:10","modified_gmt":"2022-03-06T17:59:10","slug":"27-02-2022-tour-del-lago-puyvalador-real-odeillo-puyvalador","status":"publish","type":"post","link":"https:\/\/www.carlosyconchita.net\/rutas\/27-02-2022-tour-del-lago-puyvalador-real-odeillo-puyvalador\/","title":{"rendered":"27-02-2022-Tour del lago Puyvalador (Real, Odeillo , Puyvalador)"},"content":{"rendered":"<p style=\"text-align: justify;\">Hoy nos dirigimos al pueblo de Real, en donde dejamos el coche, para hacer el Tour del Lago Puyvalador, pero ampliado unos kms. m\u00e1s para llegar hasta el Refugio de B\u00e9cet, y pasando por los peque\u00f1os pueblos de Odeillo de R\u00e9al (no confundir con Odeillo-Via, cerca de Font-Romeu) , y Puyvalador.<\/p>\n<p style=\"text-align: justify;\">Salimos de Real en direcci\u00f3n al lago por un camino que lo va bordeando, y confirmamos lo que decimos estas \u00faltimas semanas en relaci\u00f3n a la poca cantidad de agua que hay, lo mismo que en el lago de Matemale.<\/p>\n<p style=\"text-align: justify;\">Cuando llevemos algo menos de 2 kms. y muy cerca de la presa, dejaremos el camino y subiremos por nuestra derecha\u00a0 en direcci\u00f3n a Odeillo, y una vez en el pueblo, nos desviaremos a nuestra izquierda, por un c\u00f3modo y f\u00e1cil camino hasta llegar a un paso canadiense.<\/p>\n<p style=\"text-align: justify;\">Nosotros seguiremos por la derecha, ya que por la izquierda bajar\u00edamos en direcci\u00f3n a la presa, que ser\u00e1 lo que haremos despu\u00e9s a la vuelta.<\/p>\n<p style=\"text-align: justify;\">Poco despu\u00e9s llegamos a un cruce en forma de \u00abT\u00bb, y seguiremos por la derecha , hasta llegar al peque\u00f1o refugio de B\u00e9cet, que aparentemente estaba ocupado, ya que sal\u00eda humo de la chimenea.<\/p>\n<p style=\"text-align: justify;\">Vemos en el mapa que si continuamos por el camino del refugio, podr\u00edamos llegar tambi\u00e9n a R\u00e9al, pero por la monta\u00f1a, que dejaremos para otro d\u00eda ya que hoy queremos ir por el lago.<br \/>\nY en\u00a0 el cruce en forma de \u00abT\u00bb, de seguir por la izquierda, podr\u00edamos llegar a Puyvalador.<\/p>\n<p style=\"text-align: justify;\">Una vez en el refugio, volvemos por el mismo camino, hasta llegar de nuevo al paso canadiense, pero all\u00ed continuamos por la derecha para ir bajando a la presa, y junto a ella un monumento a\u00a0 Joachim Estrad\u00e9, ingeniero y constructor de la presa de Puyvalador.<\/p>\n<p style=\"text-align: justify;\">Cruzando la presa y subiendo unas escaleras llegaremos al pueblo de Puyvalador, y desde all\u00ed intentamos seguir de nuevo el borde del lago.<\/p>\n<p style=\"text-align: justify;\">Decimos que lo intentamos, porque poco despu\u00e9s de salir de Puyvalador, nos encontramos con la desembocadura del rio Galba en el lago, que nos corta el paso, ya que lleva mucha agua y no es posible cruzarlo, a menos que vayamos hacia la carretera y crucemos el puente.<br \/>\nPero para ello tenemos que descender un corto y bastante fuerte tramo, para evitarnos tener que volver atr\u00e1s hasta Puyvalador y caminar luego por la carretera.<\/p>\n<p style=\"text-align: justify;\">Una vez cruzamos el puente, a la izquierda vemos el camino que nos llevar\u00e1 a Real despu\u00e9s de unos 2.2 Kms. y en el que podemos acercarnos un poco al agua en una zona con bastante hielo acumulado.<br \/>\nEn verano podr\u00edamos haber caminado todo el recorrido por el borde del agua, pero con el hielo hemos preferido no hacerlo, por temor a quedar bloqueados en alg\u00fan sitio y tener que volver atr\u00e1s.<\/p>\n<hr \/>\n<p><strong>Distancia total<\/strong> :\u00a0\u00a0\u00a0\u00a0\u00a0\u00a0\u00a0 11.570 <span class=\"totlen\"><span class=\"summaryvalue\">m.\u00a0\u00a0\u00a0\u00a0\u00a0\u00a0\u00a0\u00a0\u00a0\u00a0\u00a0\u00a0\u00a0\u00a0\u00a0\u00a0\u00a0\u00a0\u00a0\u00a0\u00a0 <\/span><\/span><strong>Desnivel acumulado (s\/Wikiloc)<\/strong> :\u00a0 \u00a0\u00a0 207 m.<\/p>\n<p><strong>Alturas m\u00edn\/m\u00e1x. :\u00a0<\/strong> \u00a0 1.410 m.\/\u00a0 1.582 m.<\/p>\n<p><strong>Tiempo \/ velocidad\u00a0 total\u00a0<\/strong> :\u00a0\u00a0\u00a0\u00a0\u00a0 4 h. 02 m.\u00a0 \/\u00a0 2\u201986 km\/h.<\/p>\n<p><strong>Tiempo \/ velocidad\u00a0 movimiento\u00a0\u00a0<\/strong> :\u00a0\u00a0\u00a0\u00a0 \u00a0 2 h. 58 m.\u00a0 \/\u00a0 3\u201990 km\/h.<\/p>\n<p>&nbsp;<\/p>\n<hr \/>\n<p style=\"text-align: justify;\"><strong>Album de fotos<\/strong><\/p>\n<p><a href=\"https:\/\/photos.app.goo.gl\/Xgahe9Vibwdq5JAt6\" target=\"_blank\" rel=\"noopener\"><img loading=\"lazy\" decoding=\"async\" class=\"size-medium wp-image-17342 aligncenter\" src=\"https:\/\/www.carlosyconchita.net\/rutas\/wp-content\/uploads\/2022\/03\/PuyValador-00056-300x169.jpg\" alt=\"\" width=\"300\" height=\"169\" srcset=\"https:\/\/www.carlosyconchita.net\/rutas\/wp-content\/uploads\/2022\/03\/PuyValador-00056-300x169.jpg 300w, https:\/\/www.carlosyconchita.net\/rutas\/wp-content\/uploads\/2022\/03\/PuyValador-00056-600x338.jpg 600w, https:\/\/www.carlosyconchita.net\/rutas\/wp-content\/uploads\/2022\/03\/PuyValador-00056-768x432.jpg 768w, https:\/\/www.carlosyconchita.net\/rutas\/wp-content\/uploads\/2022\/03\/PuyValador-00056.jpg 1024w\" sizes=\"auto, (max-width: 300px) 100vw, 300px\" \/><\/a><\/p>\n<p>&nbsp;<\/p>\n<hr \/>\n<h4><strong>Mapa y track de la ruta<\/strong><\/h4>\n<p style=\"text-align: center;\"><strong><span style=\"color: #ff0000;\">Pulsando sobre los waypoints del mapa, se puede ver una foto del sitio.<\/span><\/strong><\/p>\n<p>&nbsp;<\/p>\n<p><a href=\"https:\/\/www.carlosyconchita.net\/rutas\/wp-content\/uploads\/gpx\/TourPuyvalador.html\" target=\"_blank\" rel=\"noopener\"><img loading=\"lazy\" decoding=\"async\" class=\"aligncenter wp-image-16466\" src=\"https:\/\/www.carlosyconchita.net\/rutas\/wp-content\/uploads\/2021\/09\/mapa2.jpg\" alt=\"\" width=\"0185\" height=\"185\" srcset=\"https:\/\/www.carlosyconchita.net\/rutas\/wp-content\/uploads\/2021\/09\/mapa2.jpg 225w, https:\/\/www.carlosyconchita.net\/rutas\/wp-content\/uploads\/2021\/09\/mapa2-120x120.jpg 120w\" sizes=\"auto, (max-width: 185px) 100vw, 185px\" \/><\/a><\/p>\n<hr \/>\n<p><strong>Wikiloc <\/strong><strong><br \/>\n<\/strong><\/p>\n<p><a href=\"https:\/\/es.wikiloc.com\/rutas-senderismo\/tour-lago-puyvalador-y-pueblos-de-real-odeillo-de-real-y-puyvalador-96992999\" target=\"_blank\" rel=\"noopener\"><img loading=\"lazy\" decoding=\"async\" class=\"aligncenter size-full wp-image-958\" src=\"https:\/\/www.carlosyconchita.net\/rutas\/wp-content\/uploads\/2020\/09\/wikiloc.jpg\" alt=\"\" width=\"117\" height=\"34\" \/><\/a><\/p>\n<p>&nbsp;<\/p>\n<hr \/>\n<p style=\"text-align: justify;\"><span style=\"color: #ff0000; background-color: #ffffff; font-size: 14pt;\"><strong>Si te ha gustado, comp\u00e1rtelo en tu red favorita o env\u00edanos tu comentario.<br \/>\n<\/strong><\/span><\/p>\n<p style=\"text-align: justify;\"><span style=\"font-size: 14pt;\"><strong><span style=\"color: #ff0000;\">Muchas gracias !<\/span><\/strong><\/span><\/p>\n<hr \/>\n<p style=\"text-align: justify;\"><strong><span style=\"color: #008000;\">Suscribete si quieres recibir un mail cuando publiquemos nuevas rutas : no enviamos publicidad y como m\u00e1ximo enviamos 2 mails al mes<\/span><\/strong><\/p>\n<p style=\"text-align: center;\"><a href=\"https:\/\/mailchi.mp\/6989c83a3e24\/wmv06rtqcz\/\" target=\"_blank\" rel=\"noopener noreferrer\"><strong><span style=\"color: #0000ff;\">Pulsa aqu\u00ed para suscribirte<\/span><\/strong><\/a><\/p>\n<hr \/>\n<p style=\"text-align: justify;\">\u00a0<\/p>\n<h3 style=\"text-align: justify;\">Puedes imprimir esta publicaci\u00f3n o guardarla en diferentes formatos :<\/h3>\n<p style=\"text-align: justify;\"><span style=\"color: #ff0000; font-size: 14pt;\">Para facilitar la impresi\u00f3n, se ha reducido considerablemente el tama\u00f1o de las fotos, pero si deseas imprimir sin fotos, aconsejamos guardarlo como \u201cdoc\u201d, y antes de imprimirlo, eliminar las fotos<\/span><\/p>\n<p>&nbsp;<\/p>\n","protected":false},"excerpt":{"rendered":"<p>Hoy nos dirigimos al pueblo de Real, en donde dejamos el coche, para hacer el Tour del Lago Puyvalador, pero ampliado unos kms. m\u00e1s para llegar hasta el Refugio de B\u00e9cet, y pasando por los peque\u00f1os pueblos de Odeillo de R\u00e9al (no confundir con Odeillo-Via, cerca de Font-Romeu) , y Puyvalador. <\/p>\n","protected":false},"author":50,"featured_media":17342,"comment_status":"closed","ping_status":"open","sticky":false,"template":"","format":"standard","meta":{"footnotes":""},"categories":[10,23,7],"tags":[],"class_list":{"0":"post-17341","1":"post","2":"type-post","3":"status-publish","4":"format-standard","5":"has-post-thumbnail","6":"hentry","7":"category-facil","8":"category-de-10-a-15-km","9":"category-formigueres","11":"post-with-thumbnail","12":"post-with-thumbnail-icon"},"yoast_head":"<!-- This site is optimized with the Yoast SEO plugin v27.5 - https:\/\/yoast.com\/product\/yoast-seo-wordpress\/ -->\n<title>27-02-2022-Tour del lago Puyvalador (Real, Odeillo , Puyvalador) -<\/title>\n<meta name=\"robots\" content=\"index, follow, max-snippet:-1, max-image-preview:large, max-video-preview:-1\" \/>\n<link rel=\"canonical\" href=\"https:\/\/www.carlosyconchita.net\/rutas\/27-02-2022-tour-del-lago-puyvalador-real-odeillo-puyvalador\/\" \/>\n<meta property=\"og:locale\" content=\"es_ES\" \/>\n<meta property=\"og:type\" content=\"article\" \/>\n<meta property=\"og:title\" content=\"27-02-2022-Tour del lago Puyvalador (Real, Odeillo , Puyvalador) -\" \/>\n<meta property=\"og:description\" content=\"Hoy nos dirigimos al pueblo de Real, en donde dejamos el coche, para hacer el Tour del Lago Puyvalador, pero ampliado unos kms. m\u00e1s para llegar hasta el Refugio de B\u00e9cet, y pasando por los peque\u00f1os pueblos de Odeillo de R\u00e9al (no confundir con Odeillo-Via, cerca de Font-Romeu) , y Puyvalador.\" \/>\n<meta property=\"og:url\" content=\"https:\/\/www.carlosyconchita.net\/rutas\/27-02-2022-tour-del-lago-puyvalador-real-odeillo-puyvalador\/\" \/>\n<meta property=\"og:site_name\" content=\"Las rutas de Carlos y Conchita\" \/>\n<meta property=\"article:published_time\" content=\"2022-02-27T17:04:00+00:00\" \/>\n<meta property=\"article:modified_time\" content=\"2022-03-06T17:59:10+00:00\" \/>\n<meta property=\"og:image\" content=\"https:\/\/www.carlosyconchita.net\/rutas\/wp-content\/uploads\/2022\/03\/PuyValador-00056.jpg\" \/>\n\t<meta property=\"og:image:width\" content=\"1024\" \/>\n\t<meta property=\"og:image:height\" content=\"576\" \/>\n\t<meta property=\"og:image:type\" content=\"image\/jpeg\" \/>\n<meta name=\"author\" content=\"Carlos Conchita\" \/>\n<meta name=\"twitter:label1\" content=\"Escrito por\" \/>\n\t<meta name=\"twitter:data1\" content=\"Carlos Conchita\" \/>\n\t<meta name=\"twitter:label2\" content=\"Tiempo de lectura\" \/>\n\t<meta name=\"twitter:data2\" content=\"3 minutos\" \/>\n<script type=\"application\/ld+json\" class=\"yoast-schema-graph\">{\"@context\":\"https:\\\/\\\/schema.org\",\"@graph\":[{\"@type\":\"Article\",\"@id\":\"https:\\\/\\\/www.carlosyconchita.net\\\/rutas\\\/27-02-2022-tour-del-lago-puyvalador-real-odeillo-puyvalador\\\/#article\",\"isPartOf\":{\"@id\":\"https:\\\/\\\/www.carlosyconchita.net\\\/rutas\\\/27-02-2022-tour-del-lago-puyvalador-real-odeillo-puyvalador\\\/\"},\"author\":{\"name\":\"Carlos Conchita\",\"@id\":\"https:\\\/\\\/www.carlosyconchita.net\\\/rutas\\\/#\\\/schema\\\/person\\\/a9691f7258c28443fab2d3aa1479ea19\"},\"headline\":\"27-02-2022-Tour del lago Puyvalador (Real, Odeillo , Puyvalador)\",\"datePublished\":\"2022-02-27T17:04:00+00:00\",\"dateModified\":\"2022-03-06T17:59:10+00:00\",\"mainEntityOfPage\":{\"@id\":\"https:\\\/\\\/www.carlosyconchita.net\\\/rutas\\\/27-02-2022-tour-del-lago-puyvalador-real-odeillo-puyvalador\\\/\"},\"wordCount\":638,\"image\":{\"@id\":\"https:\\\/\\\/www.carlosyconchita.net\\\/rutas\\\/27-02-2022-tour-del-lago-puyvalador-real-odeillo-puyvalador\\\/#primaryimage\"},\"thumbnailUrl\":\"https:\\\/\\\/www.carlosyconchita.net\\\/rutas\\\/wp-content\\\/uploads\\\/2022\\\/03\\\/PuyValador-00056.jpg\",\"articleSection\":[\"1-F\u00e1cil\",\"3 - De 10 a 15 km.\",\"Formigueres \\\/ Puyvalador\"],\"inLanguage\":\"es\"},{\"@type\":\"WebPage\",\"@id\":\"https:\\\/\\\/www.carlosyconchita.net\\\/rutas\\\/27-02-2022-tour-del-lago-puyvalador-real-odeillo-puyvalador\\\/\",\"url\":\"https:\\\/\\\/www.carlosyconchita.net\\\/rutas\\\/27-02-2022-tour-del-lago-puyvalador-real-odeillo-puyvalador\\\/\",\"name\":\"27-02-2022-Tour del lago Puyvalador (Real, Odeillo , Puyvalador) -\",\"isPartOf\":{\"@id\":\"https:\\\/\\\/www.carlosyconchita.net\\\/rutas\\\/#website\"},\"primaryImageOfPage\":{\"@id\":\"https:\\\/\\\/www.carlosyconchita.net\\\/rutas\\\/27-02-2022-tour-del-lago-puyvalador-real-odeillo-puyvalador\\\/#primaryimage\"},\"image\":{\"@id\":\"https:\\\/\\\/www.carlosyconchita.net\\\/rutas\\\/27-02-2022-tour-del-lago-puyvalador-real-odeillo-puyvalador\\\/#primaryimage\"},\"thumbnailUrl\":\"https:\\\/\\\/www.carlosyconchita.net\\\/rutas\\\/wp-content\\\/uploads\\\/2022\\\/03\\\/PuyValador-00056.jpg\",\"datePublished\":\"2022-02-27T17:04:00+00:00\",\"dateModified\":\"2022-03-06T17:59:10+00:00\",\"author\":{\"@id\":\"https:\\\/\\\/www.carlosyconchita.net\\\/rutas\\\/#\\\/schema\\\/person\\\/a9691f7258c28443fab2d3aa1479ea19\"},\"breadcrumb\":{\"@id\":\"https:\\\/\\\/www.carlosyconchita.net\\\/rutas\\\/27-02-2022-tour-del-lago-puyvalador-real-odeillo-puyvalador\\\/#breadcrumb\"},\"inLanguage\":\"es\",\"potentialAction\":[{\"@type\":\"ReadAction\",\"target\":[\"https:\\\/\\\/www.carlosyconchita.net\\\/rutas\\\/27-02-2022-tour-del-lago-puyvalador-real-odeillo-puyvalador\\\/\"]}]},{\"@type\":\"ImageObject\",\"inLanguage\":\"es\",\"@id\":\"https:\\\/\\\/www.carlosyconchita.net\\\/rutas\\\/27-02-2022-tour-del-lago-puyvalador-real-odeillo-puyvalador\\\/#primaryimage\",\"url\":\"https:\\\/\\\/www.carlosyconchita.net\\\/rutas\\\/wp-content\\\/uploads\\\/2022\\\/03\\\/PuyValador-00056.jpg\",\"contentUrl\":\"https:\\\/\\\/www.carlosyconchita.net\\\/rutas\\\/wp-content\\\/uploads\\\/2022\\\/03\\\/PuyValador-00056.jpg\",\"width\":1024,\"height\":576},{\"@type\":\"BreadcrumbList\",\"@id\":\"https:\\\/\\\/www.carlosyconchita.net\\\/rutas\\\/27-02-2022-tour-del-lago-puyvalador-real-odeillo-puyvalador\\\/#breadcrumb\",\"itemListElement\":[{\"@type\":\"ListItem\",\"position\":1,\"name\":\"Portada\",\"item\":\"https:\\\/\\\/www.carlosyconchita.net\\\/rutas\\\/\"},{\"@type\":\"ListItem\",\"position\":2,\"name\":\"27-02-2022-Tour del lago Puyvalador (Real, Odeillo , Puyvalador)\"}]},{\"@type\":\"WebSite\",\"@id\":\"https:\\\/\\\/www.carlosyconchita.net\\\/rutas\\\/#website\",\"url\":\"https:\\\/\\\/www.carlosyconchita.net\\\/rutas\\\/\",\"name\":\"Las rutas de Carlos y Conchita\",\"description\":\"\",\"potentialAction\":[{\"@type\":\"SearchAction\",\"target\":{\"@type\":\"EntryPoint\",\"urlTemplate\":\"https:\\\/\\\/www.carlosyconchita.net\\\/rutas\\\/?s={search_term_string}\"},\"query-input\":{\"@type\":\"PropertyValueSpecification\",\"valueRequired\":true,\"valueName\":\"search_term_string\"}}],\"inLanguage\":\"es\"},{\"@type\":\"Person\",\"@id\":\"https:\\\/\\\/www.carlosyconchita.net\\\/rutas\\\/#\\\/schema\\\/person\\\/a9691f7258c28443fab2d3aa1479ea19\",\"name\":\"Carlos Conchita\",\"image\":{\"@type\":\"ImageObject\",\"inLanguage\":\"es\",\"@id\":\"https:\\\/\\\/secure.gravatar.com\\\/avatar\\\/3a4625b20c8da3de99da69bfe7a322774e291c3f90dce7e8778a30fe6748ed1a?s=96&d=mm&r=g\",\"url\":\"https:\\\/\\\/secure.gravatar.com\\\/avatar\\\/3a4625b20c8da3de99da69bfe7a322774e291c3f90dce7e8778a30fe6748ed1a?s=96&d=mm&r=g\",\"contentUrl\":\"https:\\\/\\\/secure.gravatar.com\\\/avatar\\\/3a4625b20c8da3de99da69bfe7a322774e291c3f90dce7e8778a30fe6748ed1a?s=96&d=mm&r=g\",\"caption\":\"Carlos Conchita\"}}]}<\/script>\n<!-- \/ Yoast SEO plugin. -->","yoast_head_json":{"title":"27-02-2022-Tour del lago Puyvalador (Real, Odeillo , Puyvalador) -","robots":{"index":"index","follow":"follow","max-snippet":"max-snippet:-1","max-image-preview":"max-image-preview:large","max-video-preview":"max-video-preview:-1"},"canonical":"https:\/\/www.carlosyconchita.net\/rutas\/27-02-2022-tour-del-lago-puyvalador-real-odeillo-puyvalador\/","og_locale":"es_ES","og_type":"article","og_title":"27-02-2022-Tour del lago Puyvalador (Real, Odeillo , Puyvalador) -","og_description":"Hoy nos dirigimos al pueblo de Real, en donde dejamos el coche, para hacer el Tour del Lago Puyvalador, pero ampliado unos kms. m\u00e1s para llegar hasta el Refugio de B\u00e9cet, y pasando por los peque\u00f1os pueblos de Odeillo de R\u00e9al (no confundir con Odeillo-Via, cerca de Font-Romeu) , y Puyvalador.","og_url":"https:\/\/www.carlosyconchita.net\/rutas\/27-02-2022-tour-del-lago-puyvalador-real-odeillo-puyvalador\/","og_site_name":"Las rutas de Carlos y Conchita","article_published_time":"2022-02-27T17:04:00+00:00","article_modified_time":"2022-03-06T17:59:10+00:00","og_image":[{"width":1024,"height":576,"url":"https:\/\/www.carlosyconchita.net\/rutas\/wp-content\/uploads\/2022\/03\/PuyValador-00056.jpg","type":"image\/jpeg"}],"author":"Carlos Conchita","twitter_misc":{"Escrito por":"Carlos Conchita","Tiempo de lectura":"3 minutos"},"schema":{"@context":"https:\/\/schema.org","@graph":[{"@type":"Article","@id":"https:\/\/www.carlosyconchita.net\/rutas\/27-02-2022-tour-del-lago-puyvalador-real-odeillo-puyvalador\/#article","isPartOf":{"@id":"https:\/\/www.carlosyconchita.net\/rutas\/27-02-2022-tour-del-lago-puyvalador-real-odeillo-puyvalador\/"},"author":{"name":"Carlos Conchita","@id":"https:\/\/www.carlosyconchita.net\/rutas\/#\/schema\/person\/a9691f7258c28443fab2d3aa1479ea19"},"headline":"27-02-2022-Tour del lago Puyvalador (Real, Odeillo , Puyvalador)","datePublished":"2022-02-27T17:04:00+00:00","dateModified":"2022-03-06T17:59:10+00:00","mainEntityOfPage":{"@id":"https:\/\/www.carlosyconchita.net\/rutas\/27-02-2022-tour-del-lago-puyvalador-real-odeillo-puyvalador\/"},"wordCount":638,"image":{"@id":"https:\/\/www.carlosyconchita.net\/rutas\/27-02-2022-tour-del-lago-puyvalador-real-odeillo-puyvalador\/#primaryimage"},"thumbnailUrl":"https:\/\/www.carlosyconchita.net\/rutas\/wp-content\/uploads\/2022\/03\/PuyValador-00056.jpg","articleSection":["1-F\u00e1cil","3 - De 10 a 15 km.","Formigueres \/ Puyvalador"],"inLanguage":"es"},{"@type":"WebPage","@id":"https:\/\/www.carlosyconchita.net\/rutas\/27-02-2022-tour-del-lago-puyvalador-real-odeillo-puyvalador\/","url":"https:\/\/www.carlosyconchita.net\/rutas\/27-02-2022-tour-del-lago-puyvalador-real-odeillo-puyvalador\/","name":"27-02-2022-Tour del lago Puyvalador (Real, Odeillo , Puyvalador) -","isPartOf":{"@id":"https:\/\/www.carlosyconchita.net\/rutas\/#website"},"primaryImageOfPage":{"@id":"https:\/\/www.carlosyconchita.net\/rutas\/27-02-2022-tour-del-lago-puyvalador-real-odeillo-puyvalador\/#primaryimage"},"image":{"@id":"https:\/\/www.carlosyconchita.net\/rutas\/27-02-2022-tour-del-lago-puyvalador-real-odeillo-puyvalador\/#primaryimage"},"thumbnailUrl":"https:\/\/www.carlosyconchita.net\/rutas\/wp-content\/uploads\/2022\/03\/PuyValador-00056.jpg","datePublished":"2022-02-27T17:04:00+00:00","dateModified":"2022-03-06T17:59:10+00:00","author":{"@id":"https:\/\/www.carlosyconchita.net\/rutas\/#\/schema\/person\/a9691f7258c28443fab2d3aa1479ea19"},"breadcrumb":{"@id":"https:\/\/www.carlosyconchita.net\/rutas\/27-02-2022-tour-del-lago-puyvalador-real-odeillo-puyvalador\/#breadcrumb"},"inLanguage":"es","potentialAction":[{"@type":"ReadAction","target":["https:\/\/www.carlosyconchita.net\/rutas\/27-02-2022-tour-del-lago-puyvalador-real-odeillo-puyvalador\/"]}]},{"@type":"ImageObject","inLanguage":"es","@id":"https:\/\/www.carlosyconchita.net\/rutas\/27-02-2022-tour-del-lago-puyvalador-real-odeillo-puyvalador\/#primaryimage","url":"https:\/\/www.carlosyconchita.net\/rutas\/wp-content\/uploads\/2022\/03\/PuyValador-00056.jpg","contentUrl":"https:\/\/www.carlosyconchita.net\/rutas\/wp-content\/uploads\/2022\/03\/PuyValador-00056.jpg","width":1024,"height":576},{"@type":"BreadcrumbList","@id":"https:\/\/www.carlosyconchita.net\/rutas\/27-02-2022-tour-del-lago-puyvalador-real-odeillo-puyvalador\/#breadcrumb","itemListElement":[{"@type":"ListItem","position":1,"name":"Portada","item":"https:\/\/www.carlosyconchita.net\/rutas\/"},{"@type":"ListItem","position":2,"name":"27-02-2022-Tour del lago Puyvalador (Real, Odeillo , Puyvalador)"}]},{"@type":"WebSite","@id":"https:\/\/www.carlosyconchita.net\/rutas\/#website","url":"https:\/\/www.carlosyconchita.net\/rutas\/","name":"Las rutas de Carlos y Conchita","description":"","potentialAction":[{"@type":"SearchAction","target":{"@type":"EntryPoint","urlTemplate":"https:\/\/www.carlosyconchita.net\/rutas\/?s={search_term_string}"},"query-input":{"@type":"PropertyValueSpecification","valueRequired":true,"valueName":"search_term_string"}}],"inLanguage":"es"},{"@type":"Person","@id":"https:\/\/www.carlosyconchita.net\/rutas\/#\/schema\/person\/a9691f7258c28443fab2d3aa1479ea19","name":"Carlos Conchita","image":{"@type":"ImageObject","inLanguage":"es","@id":"https:\/\/secure.gravatar.com\/avatar\/3a4625b20c8da3de99da69bfe7a322774e291c3f90dce7e8778a30fe6748ed1a?s=96&d=mm&r=g","url":"https:\/\/secure.gravatar.com\/avatar\/3a4625b20c8da3de99da69bfe7a322774e291c3f90dce7e8778a30fe6748ed1a?s=96&d=mm&r=g","contentUrl":"https:\/\/secure.gravatar.com\/avatar\/3a4625b20c8da3de99da69bfe7a322774e291c3f90dce7e8778a30fe6748ed1a?s=96&d=mm&r=g","caption":"Carlos Conchita"}}]}},"_links":{"self":[{"href":"https:\/\/www.carlosyconchita.net\/rutas\/wp-json\/wp\/v2\/posts\/17341","targetHints":{"allow":["GET"]}}],"collection":[{"href":"https:\/\/www.carlosyconchita.net\/rutas\/wp-json\/wp\/v2\/posts"}],"about":[{"href":"https:\/\/www.carlosyconchita.net\/rutas\/wp-json\/wp\/v2\/types\/post"}],"author":[{"embeddable":true,"href":"https:\/\/www.carlosyconchita.net\/rutas\/wp-json\/wp\/v2\/users\/50"}],"replies":[{"embeddable":true,"href":"https:\/\/www.carlosyconchita.net\/rutas\/wp-json\/wp\/v2\/comments?post=17341"}],"version-history":[{"count":0,"href":"https:\/\/www.carlosyconchita.net\/rutas\/wp-json\/wp\/v2\/posts\/17341\/revisions"}],"wp:featuredmedia":[{"embeddable":true,"href":"https:\/\/www.carlosyconchita.net\/rutas\/wp-json\/wp\/v2\/media\/17342"}],"wp:attachment":[{"href":"https:\/\/www.carlosyconchita.net\/rutas\/wp-json\/wp\/v2\/media?parent=17341"}],"wp:term":[{"taxonomy":"category","embeddable":true,"href":"https:\/\/www.carlosyconchita.net\/rutas\/wp-json\/wp\/v2\/categories?post=17341"},{"taxonomy":"post_tag","embeddable":true,"href":"https:\/\/www.carlosyconchita.net\/rutas\/wp-json\/wp\/v2\/tags?post=17341"}],"curies":[{"name":"wp","href":"https:\/\/api.w.org\/{rel}","templated":true}]}}