{"id":17717,"date":"2022-04-14T14:54:41","date_gmt":"2022-04-14T13:54:41","guid":{"rendered":"https:\/\/www.carlosyconchita.net\/rutas\/?p=17717"},"modified":"2022-05-05T16:47:14","modified_gmt":"2022-05-05T15:47:14","slug":"14-04-2022-borna-143-puerto-larrau","status":"publish","type":"post","link":"https:\/\/www.carlosyconchita.net\/rutas\/14-04-2022-borna-143-puerto-larrau\/","title":{"rendered":"14-04-2022-Borna 143  (+ Puerto Larrau)"},"content":{"rendered":"<p style=\"text-align: center;\"><span style=\"color: #ff0000;\">Con esta publicaci\u00f3n, a\u00f1adimos\u00a0 1\u00a0 bornas m\u00e1s a nuestra lista :\u00a0 total 503 de las 602 existentes.<\/span><\/p>\n<p style=\"text-align: justify;\">Por la zona geogr\u00e1fica la asignamos a Navarra, al igual que las otras rutas que haremos estos pr\u00f3ximos d\u00edas, aunque hemos dormido en Francia, ya que el acceso a las bornas que tenemos que hacer estos d\u00edas es m\u00e1s corto desde all\u00ed que desde Espa\u00f1a.<\/p>\n<p style=\"text-align: justify;\">Con la ayuda de nuestro amigo Eef, hoy hemos conseguido llegar a esta dif\u00edcil borna, situada cerca de un torrente, abajo en un barranco, y con una fuerte pendiente que adem\u00e1s hoy estaba muy resbaladiza por la lluvia de esta pasada noche, y para acabarlo de arreglar con mucha niebla, y como suele ser habitual cuando buscamos bornas, sin ning\u00fan camino para llegar a ellas.<\/p>\n<p style=\"text-align: justify;\">La borna est\u00e1 partida en 2 piezas, una mitad se mantiene vertical y la otra est\u00e1 tumbada en el suelo, como se puede ver en las fotos, aunque debido a la pendiente del terreno y los arboles rotos y piedras que hab\u00eda, no hemos podido hacer muy buenas fotos.<\/p>\n<p style=\"text-align: justify;\">El a\u00f1o pasado , cuando visitamos la B-141, (<a href=\"https:\/\/www.carlosyconchita.net\/rutas\/29-07-2021-borna-141-y-142\/\" target=\"_blank\" rel=\"noopener\"><span style=\"color: #0000ff;\">29-07-2021-Borna 141 (y 142<\/span><\/a>) nos acercamos tambi\u00e9n a la B-142, para ver si era factible bajar desde all\u00ed hasta la B-143, pero la espesa y alta vegetaci\u00f3n que vimos nos convenci\u00f3 de que era muy dificil conseguirlo.<\/p>\n<p style=\"text-align: justify;\">Y el d\u00eda siguiente ( <a href=\"https:\/\/www.carlosyconchita.net\/rutas\/30-07-2021-borna-144\/\" target=\"_blank\" rel=\"noopener\"><span style=\"color: #0000ff;\">30-07-2021-Borna 144<\/span><\/a> )\u00a0 ten\u00edamos previsto probar desde el camino que hicimos para ver la 144, pero debido a la lluvia ya no lo intentamos.<\/p>\n<p style=\"text-align: justify;\">Nosotros aparcamos en el mismo sitio que el citado dia 29-07-2021,\u00a0 y empezamos a caminar por la carretera que lleva a la B-142, aunque poco despu\u00e9s entramos ya en el bosque para ir descendiendo.<\/p>\n<p>La primera parte no es especialmente complicada, (hay unos pocos metros de lo que parece un antiguo camino), porque la pendiente no es muy pronunciada,y adem\u00e1s los helechos que en verano cubr\u00edan totalmente la zona no est\u00e1n.<\/p>\n<p style=\"text-align: justify;\">Pero despu\u00e9s la cosa se complica bastante y tenemos que bajar muy despacio y con mucho cuidado para no resbalar e irnos hacia abajo, en un terreno con mucha pendiente, humedad y restos de arboles ca\u00eddos.<br \/>\nPara llegar hasta la B-143, hemos descendido unos 190 m. en s\u00f3lo 500 m. de recorrido.<\/p>\n<p style=\"text-align: justify;\">Como suele pasar en estas ocasiones, con las dificultades de la bajada no tenemos mucho tiempo de hacer demasiadas fotos, aparte de que despu\u00e9s, tampoco permiten reflejar fielmente las dificultades del terreno.<\/p>\n<p style=\"text-align: justify;\">La subida la hacemos por otro sitio, en direcci\u00f3n a la B-142 situada en la carretera y que ya hab\u00edamos visto en 2 ocasiones anteriores, porque as\u00ed podemos \u00abunir\u00bb sobre el mapa , los caminos recorridos entre la 141, 142 y la 143.<\/p>\n<p style=\"text-align: justify;\">Por la tarde, nos acercamos con el coche al Puerto de Larrau, para ver como estaba de nieve el Pico de Ory, ya que nuestra idea para los d\u00edas 16 y 17 era localizar las B-236,\u00a0 y las B-246 y 248 ,\u00a0 pero como se puede ver en las fotos, en el Puerto de Larrau hab\u00eda mucha nieve,\u00a0 y las m\u00e1quinas quitanieves estaban trabajando, por lo que 500 m. m\u00e1s arriba en el pico,\u00a0 todav\u00eda deber\u00eda haber m\u00e1s.<\/p>\n<p>Por ello , tuvimos que cambiar los planes para esos dos d\u00edas, como se ver\u00e1 en las pr\u00f3ximas publicaciones.<\/p>\n<hr \/>\n<p>&nbsp;<\/p>\n<p><strong>Distancia total<\/strong> :\u00a0\u00a0\u00a0\u00a0\u00a0\u00a0\u00a0 1.788 <span class=\"totlen\"><span class=\"summaryvalue\">m.\u00a0\u00a0\u00a0\u00a0\u00a0\u00a0\u00a0\u00a0\u00a0\u00a0\u00a0\u00a0\u00a0\u00a0\u00a0\u00a0\u00a0\u00a0\u00a0\u00a0\u00a0 <\/span><\/span><strong>Desnivel acumulado (s\/Wikiloc)<\/strong> :\u00a0 \u00a0\u00a0 205 m.<\/p>\n<p><strong>Alturas m\u00edn\/m\u00e1x. :\u00a0<\/strong> \u00a0 680 m.\/ 870 m.<\/p>\n<p>&nbsp;<\/p>\n<hr \/>\n<p><strong>Album de fotos<\/strong><\/p>\n<p><a href=\"https:\/\/photos.app.goo.gl\/Mbpyvbojch21XQ9L7\" target=\"_blank\" rel=\"noopener\"><img loading=\"lazy\" decoding=\"async\" class=\"size-medium wp-image-17718 aligncenter\" src=\"https:\/\/www.carlosyconchita.net\/rutas\/wp-content\/uploads\/2022\/05\/Borna-143-00012-300x169.jpg\" alt=\"\" width=\"300\" height=\"169\" srcset=\"https:\/\/www.carlosyconchita.net\/rutas\/wp-content\/uploads\/2022\/05\/Borna-143-00012-300x169.jpg 300w, https:\/\/www.carlosyconchita.net\/rutas\/wp-content\/uploads\/2022\/05\/Borna-143-00012-600x338.jpg 600w, https:\/\/www.carlosyconchita.net\/rutas\/wp-content\/uploads\/2022\/05\/Borna-143-00012-768x432.jpg 768w, https:\/\/www.carlosyconchita.net\/rutas\/wp-content\/uploads\/2022\/05\/Borna-143-00012.jpg 1024w\" sizes=\"auto, (max-width: 300px) 100vw, 300px\" \/><\/a><\/p>\n<hr \/>\n<p>&nbsp;<\/p>\n<p><strong>Mapa y track de la ruta<br \/>\n<\/strong>Debido a lo espeso del bosque y la profundidad, hay algun rebote en la se\u00f1al del GPS<strong><br \/>\n<\/strong><\/p>\n<p style=\"text-align: center;\"><strong><span style=\"color: #ff0000;\">Pulsando sobre los waypoints del mapa, se puede ver una foto del sitio.<\/span><\/strong><\/p>\n<p>&nbsp;<\/p>\n<p><a href=\"https:\/\/www.carlosyconchita.net\/rutas\/wp-content\/uploads\/gpx\/Bornas-143-142.html\"><img loading=\"lazy\" decoding=\"async\" class=\"aligncenter wp-image-16466\" src=\"https:\/\/www.carlosyconchita.net\/rutas\/wp-content\/uploads\/2021\/09\/mapa2.jpg\" alt=\"\" width=\"0185\" height=\"185\" srcset=\"https:\/\/www.carlosyconchita.net\/rutas\/wp-content\/uploads\/2021\/09\/mapa2.jpg 225w, https:\/\/www.carlosyconchita.net\/rutas\/wp-content\/uploads\/2021\/09\/mapa2-120x120.jpg 120w\" sizes=\"auto, (max-width: 185px) 100vw, 185px\" \/><\/a><\/p>\n<hr \/>\n<p><strong>Wikiloc <\/strong><strong><br \/>\n<\/strong><\/p>\n<p><a href=\"https:\/\/es.wikiloc.com\/rutas-senderismo\/bornas-o-mojones-fronterizos-143-y-142-101895352\" target=\"_blank\" rel=\"noopener\"><img loading=\"lazy\" decoding=\"async\" class=\"aligncenter size-full wp-image-958\" src=\"https:\/\/www.carlosyconchita.net\/rutas\/wp-content\/uploads\/2020\/09\/wikiloc.jpg\" alt=\"\" width=\"117\" height=\"34\" \/><\/a><\/p>\n<p>&nbsp;<\/p>\n<hr \/>\n<p style=\"text-align: justify;\"><span style=\"color: #ff0000; background-color: #ffffff; font-size: 14pt;\"><strong>Si te ha gustado, comp\u00e1rtelo en tu red favorita o env\u00edanos tu comentario.<br \/>\n<\/strong><\/span><\/p>\n<p style=\"text-align: justify;\"><span style=\"font-size: 14pt;\"><strong><span style=\"color: #ff0000;\">Muchas gracias !<\/span><\/strong><\/span><\/p>\n<hr \/>\n<p style=\"text-align: justify;\"><strong><span style=\"color: #008000;\">Suscribete si quieres recibir un mail cuando publiquemos nuevas rutas : no enviamos publicidad y como m\u00e1ximo enviamos 2 mails al mes<\/span><\/strong><\/p>\n<p style=\"text-align: center;\"><a href=\"https:\/\/mailchi.mp\/6989c83a3e24\/wmv06rtqcz\/\" target=\"_blank\" rel=\"noopener noreferrer\"><strong><span style=\"color: #0000ff;\">Pulsa aqu\u00ed para suscribirte<\/span><\/strong><\/a><\/p>\n<hr \/>\n<p style=\"text-align: justify;\">\u00a0<\/p>\n<h3 style=\"text-align: justify;\">Puedes imprimir esta publicaci\u00f3n o guardarla en diferentes formatos :<\/h3>\n<p style=\"text-align: justify;\"><span style=\"color: #ff0000; font-size: 14pt;\">Para facilitar la impresi\u00f3n, se ha reducido considerablemente el tama\u00f1o de las fotos, pero si deseas imprimir sin fotos, aconsejamos guardarlo como \u201cdoc\u201d, y antes de imprimirlo, eliminar las fotos<\/span><\/p>\n<p>&nbsp;<\/p>\n","protected":false},"excerpt":{"rendered":"<p>Corto pero complicado descenso desde la peque\u00f1a carretera donde dejamos el coche, para llegar al fondo del barranco donde est\u00e1 la B-143, en un terreno con mucha pendiente, mojado y con arboles ca\u00eddos.<br \/>\nEsta borna est\u00e1 partida en dos piezas, una todav\u00eda se mantiene vertical, y la otra tumbada en el suelo.<br \/>\nPara llegar hasta la B-143, hemos descendido unos 190 m. en s\u00f3lo 500 m. de recorrido.<\/p>\n","protected":false},"author":50,"featured_media":17718,"comment_status":"closed","ping_status":"open","sticky":false,"template":"","format":"standard","meta":{"footnotes":""},"categories":[21,11,74,91],"tags":[],"class_list":{"0":"post-17717","1":"post","2":"type-post","3":"status-publish","4":"format-standard","5":"has-post-thumbnail","6":"hentry","7":"category-hasta-5-km","8":"category-moderada","9":"category-0-mojones-bornas-frontera","10":"category-navarra","12":"post-with-thumbnail","13":"post-with-thumbnail-icon"},"yoast_head":"<!-- This site is optimized with the Yoast SEO plugin v27.4 - https:\/\/yoast.com\/product\/yoast-seo-wordpress\/ -->\n<title>14-04-2022-Borna 143 (+ Puerto Larrau) -<\/title>\n<meta name=\"robots\" content=\"index, follow, max-snippet:-1, max-image-preview:large, max-video-preview:-1\" \/>\n<link rel=\"canonical\" href=\"https:\/\/www.carlosyconchita.net\/rutas\/14-04-2022-borna-143-puerto-larrau\/\" \/>\n<meta property=\"og:locale\" content=\"es_ES\" \/>\n<meta property=\"og:type\" content=\"article\" \/>\n<meta property=\"og:title\" content=\"14-04-2022-Borna 143 (+ Puerto Larrau) -\" \/>\n<meta property=\"og:description\" content=\"Corto pero complicado descenso desde la peque\u00f1a carretera donde dejamos el coche, para llegar al fondo del barranco donde est\u00e1 la B-143, en un terreno con mucha pendiente, mojado y con arboles ca\u00eddos. Esta borna est\u00e1 partida en dos piezas, una todav\u00eda se mantiene vertical, y la otra tumbada en el suelo. Para llegar hasta la B-143, hemos descendido unos 190 m. en s\u00f3lo 500 m. de recorrido.\" \/>\n<meta property=\"og:url\" content=\"https:\/\/www.carlosyconchita.net\/rutas\/14-04-2022-borna-143-puerto-larrau\/\" \/>\n<meta property=\"og:site_name\" content=\"Las rutas de Carlos y Conchita\" \/>\n<meta property=\"article:published_time\" content=\"2022-04-14T13:54:41+00:00\" \/>\n<meta property=\"article:modified_time\" content=\"2022-05-05T15:47:14+00:00\" \/>\n<meta property=\"og:image\" content=\"https:\/\/www.carlosyconchita.net\/rutas\/wp-content\/uploads\/2022\/05\/Borna-143-00012.jpg\" \/>\n\t<meta property=\"og:image:width\" content=\"1024\" \/>\n\t<meta property=\"og:image:height\" content=\"576\" \/>\n\t<meta property=\"og:image:type\" content=\"image\/jpeg\" \/>\n<meta name=\"author\" content=\"Carlos Conchita\" \/>\n<meta name=\"twitter:label1\" content=\"Escrito por\" \/>\n\t<meta name=\"twitter:data1\" content=\"Carlos Conchita\" \/>\n\t<meta name=\"twitter:label2\" content=\"Tiempo de lectura\" \/>\n\t<meta name=\"twitter:data2\" content=\"4 minutos\" \/>\n<script type=\"application\/ld+json\" class=\"yoast-schema-graph\">{\"@context\":\"https:\\\/\\\/schema.org\",\"@graph\":[{\"@type\":\"Article\",\"@id\":\"https:\\\/\\\/www.carlosyconchita.net\\\/rutas\\\/14-04-2022-borna-143-puerto-larrau\\\/#article\",\"isPartOf\":{\"@id\":\"https:\\\/\\\/www.carlosyconchita.net\\\/rutas\\\/14-04-2022-borna-143-puerto-larrau\\\/\"},\"author\":{\"name\":\"Carlos Conchita\",\"@id\":\"https:\\\/\\\/www.carlosyconchita.net\\\/rutas\\\/#\\\/schema\\\/person\\\/a9691f7258c28443fab2d3aa1479ea19\"},\"headline\":\"14-04-2022-Borna 143 (+ Puerto Larrau)\",\"datePublished\":\"2022-04-14T13:54:41+00:00\",\"dateModified\":\"2022-05-05T15:47:14+00:00\",\"mainEntityOfPage\":{\"@id\":\"https:\\\/\\\/www.carlosyconchita.net\\\/rutas\\\/14-04-2022-borna-143-puerto-larrau\\\/\"},\"wordCount\":714,\"image\":{\"@id\":\"https:\\\/\\\/www.carlosyconchita.net\\\/rutas\\\/14-04-2022-borna-143-puerto-larrau\\\/#primaryimage\"},\"thumbnailUrl\":\"https:\\\/\\\/www.carlosyconchita.net\\\/rutas\\\/wp-content\\\/uploads\\\/2022\\\/05\\\/Borna-143-00012.jpg\",\"articleSection\":[\"1 - Hasta 5 km.\",\"2-Moderada\",\"Mojones \\\/ Bornas frontera ES-FR\",\"Navarra\"],\"inLanguage\":\"es\"},{\"@type\":\"WebPage\",\"@id\":\"https:\\\/\\\/www.carlosyconchita.net\\\/rutas\\\/14-04-2022-borna-143-puerto-larrau\\\/\",\"url\":\"https:\\\/\\\/www.carlosyconchita.net\\\/rutas\\\/14-04-2022-borna-143-puerto-larrau\\\/\",\"name\":\"14-04-2022-Borna 143 (+ Puerto Larrau) -\",\"isPartOf\":{\"@id\":\"https:\\\/\\\/www.carlosyconchita.net\\\/rutas\\\/#website\"},\"primaryImageOfPage\":{\"@id\":\"https:\\\/\\\/www.carlosyconchita.net\\\/rutas\\\/14-04-2022-borna-143-puerto-larrau\\\/#primaryimage\"},\"image\":{\"@id\":\"https:\\\/\\\/www.carlosyconchita.net\\\/rutas\\\/14-04-2022-borna-143-puerto-larrau\\\/#primaryimage\"},\"thumbnailUrl\":\"https:\\\/\\\/www.carlosyconchita.net\\\/rutas\\\/wp-content\\\/uploads\\\/2022\\\/05\\\/Borna-143-00012.jpg\",\"datePublished\":\"2022-04-14T13:54:41+00:00\",\"dateModified\":\"2022-05-05T15:47:14+00:00\",\"author\":{\"@id\":\"https:\\\/\\\/www.carlosyconchita.net\\\/rutas\\\/#\\\/schema\\\/person\\\/a9691f7258c28443fab2d3aa1479ea19\"},\"breadcrumb\":{\"@id\":\"https:\\\/\\\/www.carlosyconchita.net\\\/rutas\\\/14-04-2022-borna-143-puerto-larrau\\\/#breadcrumb\"},\"inLanguage\":\"es\",\"potentialAction\":[{\"@type\":\"ReadAction\",\"target\":[\"https:\\\/\\\/www.carlosyconchita.net\\\/rutas\\\/14-04-2022-borna-143-puerto-larrau\\\/\"]}]},{\"@type\":\"ImageObject\",\"inLanguage\":\"es\",\"@id\":\"https:\\\/\\\/www.carlosyconchita.net\\\/rutas\\\/14-04-2022-borna-143-puerto-larrau\\\/#primaryimage\",\"url\":\"https:\\\/\\\/www.carlosyconchita.net\\\/rutas\\\/wp-content\\\/uploads\\\/2022\\\/05\\\/Borna-143-00012.jpg\",\"contentUrl\":\"https:\\\/\\\/www.carlosyconchita.net\\\/rutas\\\/wp-content\\\/uploads\\\/2022\\\/05\\\/Borna-143-00012.jpg\",\"width\":1024,\"height\":576},{\"@type\":\"BreadcrumbList\",\"@id\":\"https:\\\/\\\/www.carlosyconchita.net\\\/rutas\\\/14-04-2022-borna-143-puerto-larrau\\\/#breadcrumb\",\"itemListElement\":[{\"@type\":\"ListItem\",\"position\":1,\"name\":\"Portada\",\"item\":\"https:\\\/\\\/www.carlosyconchita.net\\\/rutas\\\/\"},{\"@type\":\"ListItem\",\"position\":2,\"name\":\"14-04-2022-Borna 143 (+ Puerto Larrau)\"}]},{\"@type\":\"WebSite\",\"@id\":\"https:\\\/\\\/www.carlosyconchita.net\\\/rutas\\\/#website\",\"url\":\"https:\\\/\\\/www.carlosyconchita.net\\\/rutas\\\/\",\"name\":\"Las rutas de Carlos y Conchita\",\"description\":\"\",\"potentialAction\":[{\"@type\":\"SearchAction\",\"target\":{\"@type\":\"EntryPoint\",\"urlTemplate\":\"https:\\\/\\\/www.carlosyconchita.net\\\/rutas\\\/?s={search_term_string}\"},\"query-input\":{\"@type\":\"PropertyValueSpecification\",\"valueRequired\":true,\"valueName\":\"search_term_string\"}}],\"inLanguage\":\"es\"},{\"@type\":\"Person\",\"@id\":\"https:\\\/\\\/www.carlosyconchita.net\\\/rutas\\\/#\\\/schema\\\/person\\\/a9691f7258c28443fab2d3aa1479ea19\",\"name\":\"Carlos Conchita\",\"image\":{\"@type\":\"ImageObject\",\"inLanguage\":\"es\",\"@id\":\"https:\\\/\\\/secure.gravatar.com\\\/avatar\\\/3a4625b20c8da3de99da69bfe7a322774e291c3f90dce7e8778a30fe6748ed1a?s=96&d=mm&r=g\",\"url\":\"https:\\\/\\\/secure.gravatar.com\\\/avatar\\\/3a4625b20c8da3de99da69bfe7a322774e291c3f90dce7e8778a30fe6748ed1a?s=96&d=mm&r=g\",\"contentUrl\":\"https:\\\/\\\/secure.gravatar.com\\\/avatar\\\/3a4625b20c8da3de99da69bfe7a322774e291c3f90dce7e8778a30fe6748ed1a?s=96&d=mm&r=g\",\"caption\":\"Carlos Conchita\"}}]}<\/script>\n<!-- \/ Yoast SEO plugin. -->","yoast_head_json":{"title":"14-04-2022-Borna 143 (+ Puerto Larrau) -","robots":{"index":"index","follow":"follow","max-snippet":"max-snippet:-1","max-image-preview":"max-image-preview:large","max-video-preview":"max-video-preview:-1"},"canonical":"https:\/\/www.carlosyconchita.net\/rutas\/14-04-2022-borna-143-puerto-larrau\/","og_locale":"es_ES","og_type":"article","og_title":"14-04-2022-Borna 143 (+ Puerto Larrau) -","og_description":"Corto pero complicado descenso desde la peque\u00f1a carretera donde dejamos el coche, para llegar al fondo del barranco donde est\u00e1 la B-143, en un terreno con mucha pendiente, mojado y con arboles ca\u00eddos. Esta borna est\u00e1 partida en dos piezas, una todav\u00eda se mantiene vertical, y la otra tumbada en el suelo. Para llegar hasta la B-143, hemos descendido unos 190 m. en s\u00f3lo 500 m. de recorrido.","og_url":"https:\/\/www.carlosyconchita.net\/rutas\/14-04-2022-borna-143-puerto-larrau\/","og_site_name":"Las rutas de Carlos y Conchita","article_published_time":"2022-04-14T13:54:41+00:00","article_modified_time":"2022-05-05T15:47:14+00:00","og_image":[{"width":1024,"height":576,"url":"https:\/\/www.carlosyconchita.net\/rutas\/wp-content\/uploads\/2022\/05\/Borna-143-00012.jpg","type":"image\/jpeg"}],"author":"Carlos Conchita","twitter_misc":{"Escrito por":"Carlos Conchita","Tiempo de lectura":"4 minutos"},"schema":{"@context":"https:\/\/schema.org","@graph":[{"@type":"Article","@id":"https:\/\/www.carlosyconchita.net\/rutas\/14-04-2022-borna-143-puerto-larrau\/#article","isPartOf":{"@id":"https:\/\/www.carlosyconchita.net\/rutas\/14-04-2022-borna-143-puerto-larrau\/"},"author":{"name":"Carlos Conchita","@id":"https:\/\/www.carlosyconchita.net\/rutas\/#\/schema\/person\/a9691f7258c28443fab2d3aa1479ea19"},"headline":"14-04-2022-Borna 143 (+ Puerto Larrau)","datePublished":"2022-04-14T13:54:41+00:00","dateModified":"2022-05-05T15:47:14+00:00","mainEntityOfPage":{"@id":"https:\/\/www.carlosyconchita.net\/rutas\/14-04-2022-borna-143-puerto-larrau\/"},"wordCount":714,"image":{"@id":"https:\/\/www.carlosyconchita.net\/rutas\/14-04-2022-borna-143-puerto-larrau\/#primaryimage"},"thumbnailUrl":"https:\/\/www.carlosyconchita.net\/rutas\/wp-content\/uploads\/2022\/05\/Borna-143-00012.jpg","articleSection":["1 - Hasta 5 km.","2-Moderada","Mojones \/ Bornas frontera ES-FR","Navarra"],"inLanguage":"es"},{"@type":"WebPage","@id":"https:\/\/www.carlosyconchita.net\/rutas\/14-04-2022-borna-143-puerto-larrau\/","url":"https:\/\/www.carlosyconchita.net\/rutas\/14-04-2022-borna-143-puerto-larrau\/","name":"14-04-2022-Borna 143 (+ Puerto Larrau) -","isPartOf":{"@id":"https:\/\/www.carlosyconchita.net\/rutas\/#website"},"primaryImageOfPage":{"@id":"https:\/\/www.carlosyconchita.net\/rutas\/14-04-2022-borna-143-puerto-larrau\/#primaryimage"},"image":{"@id":"https:\/\/www.carlosyconchita.net\/rutas\/14-04-2022-borna-143-puerto-larrau\/#primaryimage"},"thumbnailUrl":"https:\/\/www.carlosyconchita.net\/rutas\/wp-content\/uploads\/2022\/05\/Borna-143-00012.jpg","datePublished":"2022-04-14T13:54:41+00:00","dateModified":"2022-05-05T15:47:14+00:00","author":{"@id":"https:\/\/www.carlosyconchita.net\/rutas\/#\/schema\/person\/a9691f7258c28443fab2d3aa1479ea19"},"breadcrumb":{"@id":"https:\/\/www.carlosyconchita.net\/rutas\/14-04-2022-borna-143-puerto-larrau\/#breadcrumb"},"inLanguage":"es","potentialAction":[{"@type":"ReadAction","target":["https:\/\/www.carlosyconchita.net\/rutas\/14-04-2022-borna-143-puerto-larrau\/"]}]},{"@type":"ImageObject","inLanguage":"es","@id":"https:\/\/www.carlosyconchita.net\/rutas\/14-04-2022-borna-143-puerto-larrau\/#primaryimage","url":"https:\/\/www.carlosyconchita.net\/rutas\/wp-content\/uploads\/2022\/05\/Borna-143-00012.jpg","contentUrl":"https:\/\/www.carlosyconchita.net\/rutas\/wp-content\/uploads\/2022\/05\/Borna-143-00012.jpg","width":1024,"height":576},{"@type":"BreadcrumbList","@id":"https:\/\/www.carlosyconchita.net\/rutas\/14-04-2022-borna-143-puerto-larrau\/#breadcrumb","itemListElement":[{"@type":"ListItem","position":1,"name":"Portada","item":"https:\/\/www.carlosyconchita.net\/rutas\/"},{"@type":"ListItem","position":2,"name":"14-04-2022-Borna 143 (+ Puerto Larrau)"}]},{"@type":"WebSite","@id":"https:\/\/www.carlosyconchita.net\/rutas\/#website","url":"https:\/\/www.carlosyconchita.net\/rutas\/","name":"Las rutas de Carlos y Conchita","description":"","potentialAction":[{"@type":"SearchAction","target":{"@type":"EntryPoint","urlTemplate":"https:\/\/www.carlosyconchita.net\/rutas\/?s={search_term_string}"},"query-input":{"@type":"PropertyValueSpecification","valueRequired":true,"valueName":"search_term_string"}}],"inLanguage":"es"},{"@type":"Person","@id":"https:\/\/www.carlosyconchita.net\/rutas\/#\/schema\/person\/a9691f7258c28443fab2d3aa1479ea19","name":"Carlos Conchita","image":{"@type":"ImageObject","inLanguage":"es","@id":"https:\/\/secure.gravatar.com\/avatar\/3a4625b20c8da3de99da69bfe7a322774e291c3f90dce7e8778a30fe6748ed1a?s=96&d=mm&r=g","url":"https:\/\/secure.gravatar.com\/avatar\/3a4625b20c8da3de99da69bfe7a322774e291c3f90dce7e8778a30fe6748ed1a?s=96&d=mm&r=g","contentUrl":"https:\/\/secure.gravatar.com\/avatar\/3a4625b20c8da3de99da69bfe7a322774e291c3f90dce7e8778a30fe6748ed1a?s=96&d=mm&r=g","caption":"Carlos Conchita"}}]}},"_links":{"self":[{"href":"https:\/\/www.carlosyconchita.net\/rutas\/wp-json\/wp\/v2\/posts\/17717","targetHints":{"allow":["GET"]}}],"collection":[{"href":"https:\/\/www.carlosyconchita.net\/rutas\/wp-json\/wp\/v2\/posts"}],"about":[{"href":"https:\/\/www.carlosyconchita.net\/rutas\/wp-json\/wp\/v2\/types\/post"}],"author":[{"embeddable":true,"href":"https:\/\/www.carlosyconchita.net\/rutas\/wp-json\/wp\/v2\/users\/50"}],"replies":[{"embeddable":true,"href":"https:\/\/www.carlosyconchita.net\/rutas\/wp-json\/wp\/v2\/comments?post=17717"}],"version-history":[{"count":0,"href":"https:\/\/www.carlosyconchita.net\/rutas\/wp-json\/wp\/v2\/posts\/17717\/revisions"}],"wp:featuredmedia":[{"embeddable":true,"href":"https:\/\/www.carlosyconchita.net\/rutas\/wp-json\/wp\/v2\/media\/17718"}],"wp:attachment":[{"href":"https:\/\/www.carlosyconchita.net\/rutas\/wp-json\/wp\/v2\/media?parent=17717"}],"wp:term":[{"taxonomy":"category","embeddable":true,"href":"https:\/\/www.carlosyconchita.net\/rutas\/wp-json\/wp\/v2\/categories?post=17717"},{"taxonomy":"post_tag","embeddable":true,"href":"https:\/\/www.carlosyconchita.net\/rutas\/wp-json\/wp\/v2\/tags?post=17717"}],"curies":[{"name":"wp","href":"https:\/\/api.w.org\/{rel}","templated":true}]}}