{"id":17759,"date":"2022-04-16T16:40:28","date_gmt":"2022-04-16T15:40:28","guid":{"rendered":"https:\/\/www.carlosyconchita.net\/rutas\/?p=17759"},"modified":"2022-05-12T06:00:57","modified_gmt":"2022-05-12T05:00:57","slug":"16-04-2022-bornas-100-104pico-arrigorri","status":"publish","type":"post","link":"https:\/\/www.carlosyconchita.net\/rutas\/16-04-2022-bornas-100-104pico-arrigorri\/","title":{"rendered":"16-04-2022-Bornas 100-104+Pico Arrigorri"},"content":{"rendered":"<p style=\"text-align: justify;\">Cuando organizamos esta peque\u00f1a escapada a Navarra, ten\u00edamos previsto para hoy subir al Pico de Ory, donde est\u00e1 la B-236, desde el puerto de Larrau.<br \/>\nPero como se puede ver en la publicaci\u00f3n del pasado d\u00eda 14, en que hicimos una aproximaci\u00f3n con el coche a este\u00a0 Puerto, la carretera estaba llena de nieve , con los quitanieves trabajando.<br \/>\nPor ello,\u00a0 aunque con el coche pudimos llegar hasta el Puerto de Larrau, desistimos de intentar subir al Ory, que est\u00e1 unos 500 m. m\u00e1s alto que el puerto. ( <span style=\"color: #0000ff;\"><a class=\"sya_postlink post-17717\" style=\"color: #0000ff;\" href=\"https:\/\/www.carlosyconchita.net\/rutas\/14-04-2022-borna-143-puerto-larrau\/\" target=\"_blank\" rel=\"bookmark noopener\">14-04-2022-Borna 143 (+ Puerto Larrau)<\/a><\/span> )<\/p>\n<p><img loading=\"lazy\" decoding=\"async\" class=\"alignnone size-medium\" src=\"https:\/\/lh3.googleusercontent.com\/pw\/AM-JKLV3iP9NGT_m9xDYIenPhkg42Zgcuna_OYEMU2uZDHR9_DywE0ID6Eov-J1ZPY-L-AB5P_myxw0T9PQ5cxYLQEkVQt9mHBgmiBUsHxsuBRp4Gi0b2OG5vE6kVpsXw11D103wZdJH0kkGHvV6B3NML717Jg=w1024-h576-no?authuser=0\" width=\"1024\" height=\"576\" \/><\/p>\n<p>&nbsp;<\/p>\n<p style=\"text-align: justify;\">As\u00ed que\u00a0 hemos cambiado los planes y nos hemos dirigido al Col de Elorrieta, donde est\u00e1 la borna 102 que ya hab\u00edamos visto el a\u00f1o 2020. (<span style=\"color: #0000ff;\"> <a class=\"sya_postlink post-14810\" style=\"color: #0000ff;\" href=\"https:\/\/www.carlosyconchita.net\/rutas\/07-08-2020-bornas-091-a-103\/\" target=\"_blank\" rel=\"bookmark noopener\">07-08-2020-Bornas 091 a 103<\/a> <\/span>), aunque el objetivo principal no era repetir esa borna, sino la 100 y la 101 que seg\u00fan nos ha informado Eef, una a desaparecido (la 100 )\u00a0 y la otra est\u00e1 en el suelo ( la 101)<\/p>\n<p style=\"text-align: justify;\">Empezamos a caminar pues en direcci\u00f3n a la B-101, que encontramos cortada con una radial y en el suelo, y un poco m\u00e1s adelante, los restos de la B-100, que tambi\u00e9n se ha cortado, aunque en este caso se han llevado la borna.<\/p>\n<p style=\"text-align: justify;\">Parece que empieza a ser habitual esto, ya que aparte de las que no se han encontrado desde hace a\u00f1os, \u00faltimamente, tambi\u00e9n ha desaparecido la B-136, que tambi\u00e9n es un moj\u00f3n grande y pesado&#8230;<\/p>\n<p style=\"text-align: justify;\">En el album de fotos se pueden ver todas ellas, pero en las siguientes fotos se puede ver perfectamente la huella de la radial.<\/p>\n<p style=\"text-align: center;\">B-101 cortada<\/p>\n<p><img loading=\"lazy\" decoding=\"async\" class=\"alignnone size-medium\" src=\"https:\/\/lh3.googleusercontent.com\/pw\/AM-JKLWev2kJevUwtgExn6WAqcmxehDYkGja2OXpncpzDYbVIkQOBERXA-Vyyg12j-NGTbPamnXopcu2ToN1MZyWfvL0pc8Riks8aolkt3Di84MCTgFlcWCDbjdaB4gAaAXYvW6mBwsJxFZ62_u8-c2TYO4wIQ=w1024-h576-no?authuser=0\" width=\"1024\" height=\"576\" \/><\/p>\n<p>&nbsp;<\/p>\n<p style=\"text-align: center;\">Borna 100 desaparecida<\/p>\n<p><img loading=\"lazy\" decoding=\"async\" class=\"alignnone size-medium\" src=\"https:\/\/lh3.googleusercontent.com\/pw\/AM-JKLVseGZysbCtRC9LOkmhA7E0T8b9AslEtI1iixToMWc_FkXKoplAGu2gl8TRWLVbzsvsKiPYTFH2ESkKemnwstqiw_mV0KPYF1jM4q8qfs7xh5dHJirEBIp6w33GueEgNevX5Pm-rzDZoxz6CMFWstZ-Hg=w1024-h576-no?authuser=0\" width=\"1024\" height=\"576\" \/><\/p>\n<p>&nbsp;<\/p>\n<p>Volevemos despu\u00e9s hacia donde tenemos el coche, al lado de la B-102, y desde all\u00ed empezamos a subir en direcci\u00f3n a la B-103, que tambi\u00e9n hab\u00edamos ya visto en el 2020, pero como realmente esta caminata es muy corta, en vez de ir a otro sitio, decidimos subir a un bonito pico que vemos enfrente, el Arrigorri, a donde llegamos despu\u00e9s de un bonito tramo por un hayedo, que esta vez, no estaba h\u00famedo como nos ha pasado bastantes veces \u00faltimamente.<\/p>\n<p style=\"text-align: justify;\">Desde ese punto tenemos unas grandes vistas, y mirando el GPS vemos que la B-104 la tenemos cerca y que no hay que subir mucho, por lo que continuamos caminando en direcci\u00f3n a ella.<\/p>\n<p style=\"text-align: justify;\">De este modo, habremos unido la ruta desde la B-91 a la B-103, con la que hicimos desde la B-104 a la B-116, pudiendo decir que hemos recorrido la l\u00ednea de la frontera seguida desde la B-91 hasta la B-116.<\/p>\n<p>Como que el recorrido total ha sido muy corto, por la tarde, y vestidos \u00abde calle\u00bb,\u00a0 podemos dar un paseo por Saint Jean-Pie-de-Port.<\/p>\n<hr \/>\n<p>&nbsp;<\/p>\n<p><strong>Distancia total<\/strong> :\u00a0\u00a0\u00a0\u00a0\u00a0\u00a0\u00a0 4.996 <span class=\"totlen\"><span class=\"summaryvalue\">m.\u00a0\u00a0\u00a0\u00a0\u00a0\u00a0\u00a0\u00a0\u00a0\u00a0\u00a0\u00a0\u00a0\u00a0\u00a0\u00a0\u00a0\u00a0\u00a0\u00a0\u00a0 <\/span><\/span><strong>Desnivel acumulado (s\/Wikiloc)<\/strong> :\u00a0 \u00a0\u00a0 371 m.<\/p>\n<p><strong>Alturas m\u00edn\/m\u00e1x. :\u00a0<\/strong> \u00a0 816 m.\u00a0 \/\u00a0 1.140 m.<\/p>\n<p>&nbsp;<\/p>\n<hr \/>\n<h4>Album de fotos<\/h4>\n<p><a href=\"https:\/\/photos.app.goo.gl\/eZxrjtK1u6Fs61bP9\" target=\"_blank\" rel=\"noopener\"><img loading=\"lazy\" decoding=\"async\" class=\"size-medium wp-image-17760 aligncenter\" src=\"https:\/\/www.carlosyconchita.net\/rutas\/wp-content\/uploads\/2022\/05\/PicoArrigorri-B102-00055-300x169.jpg\" alt=\"\" width=\"300\" height=\"169\" srcset=\"https:\/\/www.carlosyconchita.net\/rutas\/wp-content\/uploads\/2022\/05\/PicoArrigorri-B102-00055-300x169.jpg 300w, https:\/\/www.carlosyconchita.net\/rutas\/wp-content\/uploads\/2022\/05\/PicoArrigorri-B102-00055-600x338.jpg 600w, https:\/\/www.carlosyconchita.net\/rutas\/wp-content\/uploads\/2022\/05\/PicoArrigorri-B102-00055-768x432.jpg 768w, https:\/\/www.carlosyconchita.net\/rutas\/wp-content\/uploads\/2022\/05\/PicoArrigorri-B102-00055.jpg 1024w\" sizes=\"auto, (max-width: 300px) 100vw, 300px\" \/><\/a><\/p>\n<hr \/>\n<h4><strong>Mapa y track de la ruta<\/strong><\/h4>\n<p style=\"text-align: center;\"><strong><span style=\"color: #ff0000;\">Pulsando sobre los waypoints del mapa, se puede ver una foto del sitio.<\/span><\/strong><\/p>\n<p>&nbsp;<\/p>\n<p><a href=\"https:\/\/www.carlosyconchita.net\/rutas\/wp-content\/uploads\/gpx\/Bornas-100-104-Arrigorri.html\" target=\"_blank\" rel=\"noopener\"><img loading=\"lazy\" decoding=\"async\" class=\"aligncenter wp-image-16466\" src=\"https:\/\/www.carlosyconchita.net\/rutas\/wp-content\/uploads\/2021\/09\/mapa2.jpg\" alt=\"\" width=\"0185\" height=\"185\" srcset=\"https:\/\/www.carlosyconchita.net\/rutas\/wp-content\/uploads\/2021\/09\/mapa2.jpg 225w, https:\/\/www.carlosyconchita.net\/rutas\/wp-content\/uploads\/2021\/09\/mapa2-120x120.jpg 120w\" sizes=\"auto, (max-width: 185px) 100vw, 185px\" \/><\/a><\/p>\n<hr \/>\n<p><strong>Wikiloc <\/strong><strong><br \/>\n<\/strong><\/p>\n<p><a href=\"https:\/\/es.wikiloc.com\/rutas-senderismo\/bornas-o-mojones-fronterizos-100-a-104-y-pico-arrigorri-102388759\" target=\"_blank\" rel=\"noopener\"><img loading=\"lazy\" decoding=\"async\" class=\"aligncenter size-full wp-image-958\" src=\"https:\/\/www.carlosyconchita.net\/rutas\/wp-content\/uploads\/2020\/09\/wikiloc.jpg\" alt=\"\" width=\"117\" height=\"34\" \/><\/a><\/p>\n<p>&nbsp;<\/p>\n<hr \/>\n<p style=\"text-align: justify;\"><span style=\"color: #ff0000; background-color: #ffffff; font-size: 14pt;\"><strong>Si te ha gustado, comp\u00e1rtelo en tu red favorita o env\u00edanos tu comentario.<br \/>\n<\/strong><\/span><\/p>\n<p style=\"text-align: justify;\"><span style=\"font-size: 14pt;\"><strong><span style=\"color: #ff0000;\">Muchas gracias !<\/span><\/strong><\/span><\/p>\n<hr \/>\n<p style=\"text-align: justify;\"><strong><span style=\"color: #008000;\">Suscribete si quieres recibir un mail cuando publiquemos nuevas rutas : no enviamos publicidad y como m\u00e1ximo enviamos 2 mails al mes<\/span><\/strong><\/p>\n<p style=\"text-align: center;\"><a href=\"https:\/\/mailchi.mp\/6989c83a3e24\/wmv06rtqcz\/\" target=\"_blank\" rel=\"noopener noreferrer\"><strong><span style=\"color: #0000ff;\">Pulsa aqu\u00ed para suscribirte<\/span><\/strong><\/a><\/p>\n<hr \/>\n<p style=\"text-align: justify;\">\u00a0<\/p>\n<h3 style=\"text-align: justify;\">Puedes imprimir esta publicaci\u00f3n o guardarla en diferentes formatos :<\/h3>\n<p style=\"text-align: justify;\"><span style=\"color: #ff0000; font-size: 14pt;\">Para facilitar la impresi\u00f3n, se ha reducido considerablemente el tama\u00f1o de las fotos, pero si deseas imprimir sin fotos, aconsejamos guardarlo como \u201cdoc\u201d, y antes de imprimirlo, eliminar las fotos<\/span><\/p>\n<p>&nbsp;<\/p>\n<hr \/>\n","protected":false},"excerpt":{"rendered":"<p>Bonita excursi\u00f3n y paisajes para repetir las bornas 100 a 104, subiendo adem\u00e1s al Pico de Arrigorri.  Podemos comprobar que la B-101 ha sido cortada, y que la B-100 ha sido cortada y adem\u00e1s se la han llevado.<br \/>\nDe esta forma, hemos unido las rutas realizadas desde la B-91 a la B-103, con la ruta desde la B-104 a la B-116.<\/p>\n","protected":false},"author":50,"featured_media":17760,"comment_status":"closed","ping_status":"open","sticky":false,"template":"","format":"standard","meta":{"footnotes":""},"categories":[10,106,74,91],"tags":[],"class_list":{"0":"post-17759","1":"post","2":"type-post","3":"status-publish","4":"format-standard","5":"has-post-thumbnail","6":"hentry","7":"category-facil","8":"category-nuestros-100-cims","9":"category-0-mojones-bornas-frontera","10":"category-navarra","12":"post-with-thumbnail","13":"post-with-thumbnail-icon"},"yoast_head":"<!-- This site is optimized with the Yoast SEO plugin v27.4 - https:\/\/yoast.com\/product\/yoast-seo-wordpress\/ -->\n<title>16-04-2022-Bornas 100-104+Pico Arrigorri -<\/title>\n<meta name=\"robots\" content=\"index, follow, max-snippet:-1, max-image-preview:large, max-video-preview:-1\" \/>\n<link rel=\"canonical\" href=\"https:\/\/www.carlosyconchita.net\/rutas\/16-04-2022-bornas-100-104pico-arrigorri\/\" \/>\n<meta property=\"og:locale\" content=\"es_ES\" \/>\n<meta property=\"og:type\" content=\"article\" \/>\n<meta property=\"og:title\" content=\"16-04-2022-Bornas 100-104+Pico Arrigorri -\" \/>\n<meta property=\"og:description\" content=\"Bonita excursi\u00f3n y paisajes para repetir las bornas 100 a 104, subiendo adem\u00e1s al Pico de Arrigorri. Podemos comprobar que la B-101 ha sido cortada, y que la B-100 ha sido cortada y adem\u00e1s se la han llevado. De esta forma, hemos unido las rutas realizadas desde la B-91 a la B-103, con la ruta desde la B-104 a la B-116.\" \/>\n<meta property=\"og:url\" content=\"https:\/\/www.carlosyconchita.net\/rutas\/16-04-2022-bornas-100-104pico-arrigorri\/\" \/>\n<meta property=\"og:site_name\" content=\"Las rutas de Carlos y Conchita\" \/>\n<meta property=\"article:published_time\" content=\"2022-04-16T15:40:28+00:00\" \/>\n<meta property=\"article:modified_time\" content=\"2022-05-12T05:00:57+00:00\" \/>\n<meta property=\"og:image\" content=\"https:\/\/www.carlosyconchita.net\/rutas\/wp-content\/uploads\/2022\/05\/PicoArrigorri-B102-00055.jpg\" \/>\n\t<meta property=\"og:image:width\" content=\"1024\" \/>\n\t<meta property=\"og:image:height\" content=\"576\" \/>\n\t<meta property=\"og:image:type\" content=\"image\/jpeg\" \/>\n<meta name=\"author\" content=\"Carlos Conchita\" \/>\n<meta name=\"twitter:label1\" content=\"Escrito por\" \/>\n\t<meta name=\"twitter:data1\" content=\"Carlos Conchita\" \/>\n\t<meta name=\"twitter:label2\" content=\"Tiempo de lectura\" \/>\n\t<meta name=\"twitter:data2\" content=\"3 minutos\" \/>\n<script type=\"application\/ld+json\" class=\"yoast-schema-graph\">{\"@context\":\"https:\\\/\\\/schema.org\",\"@graph\":[{\"@type\":\"Article\",\"@id\":\"https:\\\/\\\/www.carlosyconchita.net\\\/rutas\\\/16-04-2022-bornas-100-104pico-arrigorri\\\/#article\",\"isPartOf\":{\"@id\":\"https:\\\/\\\/www.carlosyconchita.net\\\/rutas\\\/16-04-2022-bornas-100-104pico-arrigorri\\\/\"},\"author\":{\"name\":\"Carlos Conchita\",\"@id\":\"https:\\\/\\\/www.carlosyconchita.net\\\/rutas\\\/#\\\/schema\\\/person\\\/a9691f7258c28443fab2d3aa1479ea19\"},\"headline\":\"16-04-2022-Bornas 100-104+Pico Arrigorri\",\"datePublished\":\"2022-04-16T15:40:28+00:00\",\"dateModified\":\"2022-05-12T05:00:57+00:00\",\"mainEntityOfPage\":{\"@id\":\"https:\\\/\\\/www.carlosyconchita.net\\\/rutas\\\/16-04-2022-bornas-100-104pico-arrigorri\\\/\"},\"wordCount\":591,\"image\":{\"@id\":\"https:\\\/\\\/www.carlosyconchita.net\\\/rutas\\\/16-04-2022-bornas-100-104pico-arrigorri\\\/#primaryimage\"},\"thumbnailUrl\":\"https:\\\/\\\/www.carlosyconchita.net\\\/rutas\\\/wp-content\\\/uploads\\\/2022\\\/05\\\/PicoArrigorri-B102-00055.jpg\",\"articleSection\":[\"1-F\u00e1cil\",\"100 Cims Carlos y Conchita\",\"Mojones \\\/ Bornas frontera ES-FR\",\"Navarra\"],\"inLanguage\":\"es\"},{\"@type\":\"WebPage\",\"@id\":\"https:\\\/\\\/www.carlosyconchita.net\\\/rutas\\\/16-04-2022-bornas-100-104pico-arrigorri\\\/\",\"url\":\"https:\\\/\\\/www.carlosyconchita.net\\\/rutas\\\/16-04-2022-bornas-100-104pico-arrigorri\\\/\",\"name\":\"16-04-2022-Bornas 100-104+Pico Arrigorri -\",\"isPartOf\":{\"@id\":\"https:\\\/\\\/www.carlosyconchita.net\\\/rutas\\\/#website\"},\"primaryImageOfPage\":{\"@id\":\"https:\\\/\\\/www.carlosyconchita.net\\\/rutas\\\/16-04-2022-bornas-100-104pico-arrigorri\\\/#primaryimage\"},\"image\":{\"@id\":\"https:\\\/\\\/www.carlosyconchita.net\\\/rutas\\\/16-04-2022-bornas-100-104pico-arrigorri\\\/#primaryimage\"},\"thumbnailUrl\":\"https:\\\/\\\/www.carlosyconchita.net\\\/rutas\\\/wp-content\\\/uploads\\\/2022\\\/05\\\/PicoArrigorri-B102-00055.jpg\",\"datePublished\":\"2022-04-16T15:40:28+00:00\",\"dateModified\":\"2022-05-12T05:00:57+00:00\",\"author\":{\"@id\":\"https:\\\/\\\/www.carlosyconchita.net\\\/rutas\\\/#\\\/schema\\\/person\\\/a9691f7258c28443fab2d3aa1479ea19\"},\"breadcrumb\":{\"@id\":\"https:\\\/\\\/www.carlosyconchita.net\\\/rutas\\\/16-04-2022-bornas-100-104pico-arrigorri\\\/#breadcrumb\"},\"inLanguage\":\"es\",\"potentialAction\":[{\"@type\":\"ReadAction\",\"target\":[\"https:\\\/\\\/www.carlosyconchita.net\\\/rutas\\\/16-04-2022-bornas-100-104pico-arrigorri\\\/\"]}]},{\"@type\":\"ImageObject\",\"inLanguage\":\"es\",\"@id\":\"https:\\\/\\\/www.carlosyconchita.net\\\/rutas\\\/16-04-2022-bornas-100-104pico-arrigorri\\\/#primaryimage\",\"url\":\"https:\\\/\\\/www.carlosyconchita.net\\\/rutas\\\/wp-content\\\/uploads\\\/2022\\\/05\\\/PicoArrigorri-B102-00055.jpg\",\"contentUrl\":\"https:\\\/\\\/www.carlosyconchita.net\\\/rutas\\\/wp-content\\\/uploads\\\/2022\\\/05\\\/PicoArrigorri-B102-00055.jpg\",\"width\":1024,\"height\":576},{\"@type\":\"BreadcrumbList\",\"@id\":\"https:\\\/\\\/www.carlosyconchita.net\\\/rutas\\\/16-04-2022-bornas-100-104pico-arrigorri\\\/#breadcrumb\",\"itemListElement\":[{\"@type\":\"ListItem\",\"position\":1,\"name\":\"Portada\",\"item\":\"https:\\\/\\\/www.carlosyconchita.net\\\/rutas\\\/\"},{\"@type\":\"ListItem\",\"position\":2,\"name\":\"16-04-2022-Bornas 100-104+Pico Arrigorri\"}]},{\"@type\":\"WebSite\",\"@id\":\"https:\\\/\\\/www.carlosyconchita.net\\\/rutas\\\/#website\",\"url\":\"https:\\\/\\\/www.carlosyconchita.net\\\/rutas\\\/\",\"name\":\"Las rutas de Carlos y Conchita\",\"description\":\"\",\"potentialAction\":[{\"@type\":\"SearchAction\",\"target\":{\"@type\":\"EntryPoint\",\"urlTemplate\":\"https:\\\/\\\/www.carlosyconchita.net\\\/rutas\\\/?s={search_term_string}\"},\"query-input\":{\"@type\":\"PropertyValueSpecification\",\"valueRequired\":true,\"valueName\":\"search_term_string\"}}],\"inLanguage\":\"es\"},{\"@type\":\"Person\",\"@id\":\"https:\\\/\\\/www.carlosyconchita.net\\\/rutas\\\/#\\\/schema\\\/person\\\/a9691f7258c28443fab2d3aa1479ea19\",\"name\":\"Carlos Conchita\",\"image\":{\"@type\":\"ImageObject\",\"inLanguage\":\"es\",\"@id\":\"https:\\\/\\\/secure.gravatar.com\\\/avatar\\\/3a4625b20c8da3de99da69bfe7a322774e291c3f90dce7e8778a30fe6748ed1a?s=96&d=mm&r=g\",\"url\":\"https:\\\/\\\/secure.gravatar.com\\\/avatar\\\/3a4625b20c8da3de99da69bfe7a322774e291c3f90dce7e8778a30fe6748ed1a?s=96&d=mm&r=g\",\"contentUrl\":\"https:\\\/\\\/secure.gravatar.com\\\/avatar\\\/3a4625b20c8da3de99da69bfe7a322774e291c3f90dce7e8778a30fe6748ed1a?s=96&d=mm&r=g\",\"caption\":\"Carlos Conchita\"}}]}<\/script>\n<!-- \/ Yoast SEO plugin. -->","yoast_head_json":{"title":"16-04-2022-Bornas 100-104+Pico Arrigorri -","robots":{"index":"index","follow":"follow","max-snippet":"max-snippet:-1","max-image-preview":"max-image-preview:large","max-video-preview":"max-video-preview:-1"},"canonical":"https:\/\/www.carlosyconchita.net\/rutas\/16-04-2022-bornas-100-104pico-arrigorri\/","og_locale":"es_ES","og_type":"article","og_title":"16-04-2022-Bornas 100-104+Pico Arrigorri -","og_description":"Bonita excursi\u00f3n y paisajes para repetir las bornas 100 a 104, subiendo adem\u00e1s al Pico de Arrigorri. Podemos comprobar que la B-101 ha sido cortada, y que la B-100 ha sido cortada y adem\u00e1s se la han llevado. De esta forma, hemos unido las rutas realizadas desde la B-91 a la B-103, con la ruta desde la B-104 a la B-116.","og_url":"https:\/\/www.carlosyconchita.net\/rutas\/16-04-2022-bornas-100-104pico-arrigorri\/","og_site_name":"Las rutas de Carlos y Conchita","article_published_time":"2022-04-16T15:40:28+00:00","article_modified_time":"2022-05-12T05:00:57+00:00","og_image":[{"width":1024,"height":576,"url":"https:\/\/www.carlosyconchita.net\/rutas\/wp-content\/uploads\/2022\/05\/PicoArrigorri-B102-00055.jpg","type":"image\/jpeg"}],"author":"Carlos Conchita","twitter_misc":{"Escrito por":"Carlos Conchita","Tiempo de lectura":"3 minutos"},"schema":{"@context":"https:\/\/schema.org","@graph":[{"@type":"Article","@id":"https:\/\/www.carlosyconchita.net\/rutas\/16-04-2022-bornas-100-104pico-arrigorri\/#article","isPartOf":{"@id":"https:\/\/www.carlosyconchita.net\/rutas\/16-04-2022-bornas-100-104pico-arrigorri\/"},"author":{"name":"Carlos Conchita","@id":"https:\/\/www.carlosyconchita.net\/rutas\/#\/schema\/person\/a9691f7258c28443fab2d3aa1479ea19"},"headline":"16-04-2022-Bornas 100-104+Pico Arrigorri","datePublished":"2022-04-16T15:40:28+00:00","dateModified":"2022-05-12T05:00:57+00:00","mainEntityOfPage":{"@id":"https:\/\/www.carlosyconchita.net\/rutas\/16-04-2022-bornas-100-104pico-arrigorri\/"},"wordCount":591,"image":{"@id":"https:\/\/www.carlosyconchita.net\/rutas\/16-04-2022-bornas-100-104pico-arrigorri\/#primaryimage"},"thumbnailUrl":"https:\/\/www.carlosyconchita.net\/rutas\/wp-content\/uploads\/2022\/05\/PicoArrigorri-B102-00055.jpg","articleSection":["1-F\u00e1cil","100 Cims Carlos y Conchita","Mojones \/ Bornas frontera ES-FR","Navarra"],"inLanguage":"es"},{"@type":"WebPage","@id":"https:\/\/www.carlosyconchita.net\/rutas\/16-04-2022-bornas-100-104pico-arrigorri\/","url":"https:\/\/www.carlosyconchita.net\/rutas\/16-04-2022-bornas-100-104pico-arrigorri\/","name":"16-04-2022-Bornas 100-104+Pico Arrigorri -","isPartOf":{"@id":"https:\/\/www.carlosyconchita.net\/rutas\/#website"},"primaryImageOfPage":{"@id":"https:\/\/www.carlosyconchita.net\/rutas\/16-04-2022-bornas-100-104pico-arrigorri\/#primaryimage"},"image":{"@id":"https:\/\/www.carlosyconchita.net\/rutas\/16-04-2022-bornas-100-104pico-arrigorri\/#primaryimage"},"thumbnailUrl":"https:\/\/www.carlosyconchita.net\/rutas\/wp-content\/uploads\/2022\/05\/PicoArrigorri-B102-00055.jpg","datePublished":"2022-04-16T15:40:28+00:00","dateModified":"2022-05-12T05:00:57+00:00","author":{"@id":"https:\/\/www.carlosyconchita.net\/rutas\/#\/schema\/person\/a9691f7258c28443fab2d3aa1479ea19"},"breadcrumb":{"@id":"https:\/\/www.carlosyconchita.net\/rutas\/16-04-2022-bornas-100-104pico-arrigorri\/#breadcrumb"},"inLanguage":"es","potentialAction":[{"@type":"ReadAction","target":["https:\/\/www.carlosyconchita.net\/rutas\/16-04-2022-bornas-100-104pico-arrigorri\/"]}]},{"@type":"ImageObject","inLanguage":"es","@id":"https:\/\/www.carlosyconchita.net\/rutas\/16-04-2022-bornas-100-104pico-arrigorri\/#primaryimage","url":"https:\/\/www.carlosyconchita.net\/rutas\/wp-content\/uploads\/2022\/05\/PicoArrigorri-B102-00055.jpg","contentUrl":"https:\/\/www.carlosyconchita.net\/rutas\/wp-content\/uploads\/2022\/05\/PicoArrigorri-B102-00055.jpg","width":1024,"height":576},{"@type":"BreadcrumbList","@id":"https:\/\/www.carlosyconchita.net\/rutas\/16-04-2022-bornas-100-104pico-arrigorri\/#breadcrumb","itemListElement":[{"@type":"ListItem","position":1,"name":"Portada","item":"https:\/\/www.carlosyconchita.net\/rutas\/"},{"@type":"ListItem","position":2,"name":"16-04-2022-Bornas 100-104+Pico Arrigorri"}]},{"@type":"WebSite","@id":"https:\/\/www.carlosyconchita.net\/rutas\/#website","url":"https:\/\/www.carlosyconchita.net\/rutas\/","name":"Las rutas de Carlos y Conchita","description":"","potentialAction":[{"@type":"SearchAction","target":{"@type":"EntryPoint","urlTemplate":"https:\/\/www.carlosyconchita.net\/rutas\/?s={search_term_string}"},"query-input":{"@type":"PropertyValueSpecification","valueRequired":true,"valueName":"search_term_string"}}],"inLanguage":"es"},{"@type":"Person","@id":"https:\/\/www.carlosyconchita.net\/rutas\/#\/schema\/person\/a9691f7258c28443fab2d3aa1479ea19","name":"Carlos Conchita","image":{"@type":"ImageObject","inLanguage":"es","@id":"https:\/\/secure.gravatar.com\/avatar\/3a4625b20c8da3de99da69bfe7a322774e291c3f90dce7e8778a30fe6748ed1a?s=96&d=mm&r=g","url":"https:\/\/secure.gravatar.com\/avatar\/3a4625b20c8da3de99da69bfe7a322774e291c3f90dce7e8778a30fe6748ed1a?s=96&d=mm&r=g","contentUrl":"https:\/\/secure.gravatar.com\/avatar\/3a4625b20c8da3de99da69bfe7a322774e291c3f90dce7e8778a30fe6748ed1a?s=96&d=mm&r=g","caption":"Carlos Conchita"}}]}},"_links":{"self":[{"href":"https:\/\/www.carlosyconchita.net\/rutas\/wp-json\/wp\/v2\/posts\/17759","targetHints":{"allow":["GET"]}}],"collection":[{"href":"https:\/\/www.carlosyconchita.net\/rutas\/wp-json\/wp\/v2\/posts"}],"about":[{"href":"https:\/\/www.carlosyconchita.net\/rutas\/wp-json\/wp\/v2\/types\/post"}],"author":[{"embeddable":true,"href":"https:\/\/www.carlosyconchita.net\/rutas\/wp-json\/wp\/v2\/users\/50"}],"replies":[{"embeddable":true,"href":"https:\/\/www.carlosyconchita.net\/rutas\/wp-json\/wp\/v2\/comments?post=17759"}],"version-history":[{"count":0,"href":"https:\/\/www.carlosyconchita.net\/rutas\/wp-json\/wp\/v2\/posts\/17759\/revisions"}],"wp:featuredmedia":[{"embeddable":true,"href":"https:\/\/www.carlosyconchita.net\/rutas\/wp-json\/wp\/v2\/media\/17760"}],"wp:attachment":[{"href":"https:\/\/www.carlosyconchita.net\/rutas\/wp-json\/wp\/v2\/media?parent=17759"}],"wp:term":[{"taxonomy":"category","embeddable":true,"href":"https:\/\/www.carlosyconchita.net\/rutas\/wp-json\/wp\/v2\/categories?post=17759"},{"taxonomy":"post_tag","embeddable":true,"href":"https:\/\/www.carlosyconchita.net\/rutas\/wp-json\/wp\/v2\/tags?post=17759"}],"curies":[{"name":"wp","href":"https:\/\/api.w.org\/{rel}","templated":true}]}}