{"id":17769,"date":"2022-04-17T11:44:20","date_gmt":"2022-04-17T10:44:20","guid":{"rendered":"https:\/\/www.carlosyconchita.net\/rutas\/?p=17769"},"modified":"2022-05-12T20:31:42","modified_gmt":"2022-05-12T19:31:42","slug":"17-04-2022-bornas-145148pico-iturrumburru","status":"publish","type":"post","link":"https:\/\/www.carlosyconchita.net\/rutas\/17-04-2022-bornas-145148pico-iturrumburru\/","title":{"rendered":"17-04-2022-Bornas 145+148+Pico Iturrumburru"},"content":{"rendered":"<p style=\"text-align: justify;\">Al igual que ayer, ten\u00edamos previsto para hoy unas bornas (la 246 y 248) cerca del Puerto de Larrau, pero debido a la nieve que podemos ver en las fotos de la ruta de ayer, no hemos podido hacerlo.<\/p>\n<p>As\u00ed que hemos cambiado los planes y hemos hecho 3 peque\u00f1as caminatas :<\/p>\n<ul>\n<li>Borna 145<\/li>\n<li>Pico de Iturrumburru<\/li>\n<li>Borna 148<\/li>\n<\/ul>\n<hr \/>\n<h4>Album de fotos<\/h4>\n<p><a href=\"https:\/\/photos.app.goo.gl\/wkC9ybNQ8n9vaajL7\" target=\"_blank\" rel=\"noopener\"><img loading=\"lazy\" decoding=\"async\" class=\"size-medium wp-image-17777 aligncenter\" src=\"https:\/\/www.carlosyconchita.net\/rutas\/wp-content\/uploads\/2022\/05\/PicoIturrumburru-B145-00040-300x223.jpg\" alt=\"\" width=\"300\" height=\"223\" srcset=\"https:\/\/www.carlosyconchita.net\/rutas\/wp-content\/uploads\/2022\/05\/PicoIturrumburru-B145-00040-300x223.jpg 300w, https:\/\/www.carlosyconchita.net\/rutas\/wp-content\/uploads\/2022\/05\/PicoIturrumburru-B145-00040-600x445.jpg 600w, https:\/\/www.carlosyconchita.net\/rutas\/wp-content\/uploads\/2022\/05\/PicoIturrumburru-B145-00040-768x570.jpg 768w, https:\/\/www.carlosyconchita.net\/rutas\/wp-content\/uploads\/2022\/05\/PicoIturrumburru-B145-00040.jpg 972w\" sizes=\"auto, (max-width: 300px) 100vw, 300px\" \/><\/a><\/p>\n<p>&nbsp;<\/p>\n<hr \/>\n<h4>Borna 145<\/h4>\n<p style=\"text-align: justify;\">Saliendo de Urepel, cogemos el camino de Sorogain, y paramos un momento cerca de la B-145, ya que en el 2020, cuando la vimos por primera vez, no nos dimos cuenta de que en la piedra plana situada al lado de la borna, aparte de una cruz, ten\u00eda tambi\u00e9n el n\u00famero, que estaba tapado por la tierra.\u00a0 (ver <span style=\"color: #0000ff;\"><a class=\"sya_postlink post-14834\" style=\"color: #0000ff;\" href=\"https:\/\/www.carlosyconchita.net\/rutas\/09-08-2020-bornas-145-y-146\/\" target=\"_blank\" rel=\"bookmark noopener\">09-08-2020-Bornas 145 y 146<\/a><\/span>\u00a0 )\u00a0 <br \/>\nEl recorrido es de s\u00f3lo unos 750 m. y unos 80 m. de desnivel (descenso)\u00a0 desde la carretera hasta la borna.<\/p>\n<p style=\"text-align: justify;\">En esta ocasi\u00f3n, el n\u00famero est\u00e1 perfectamente visible, porque ayer pas\u00f3 por aqu\u00ed nuestro amigo Eef y aprovech\u00f3 para destaparlo, as\u00ed que gracias por hacernos el trabajo !<\/p>\n<p>Podemos ver tambi\u00e9n la diferencia entre la vegetaci\u00f3n en agosto-2020 y la de hoy , en estas fotos :<\/p>\n<p><img loading=\"lazy\" decoding=\"async\" class=\"alignnone size-medium\" src=\"https:\/\/lh3.googleusercontent.com\/pw\/AM-JKLWvMcSR7ob0EoQF2eeLuDwtyVswDNeTiZf5Fyovd8tR4BF9KlweLhxnth4HoOOnRDxP22MXJt031Rc-TuY1kSjRbdsInIWBzEZjjNW8Xx9bzndQJmRJA6Vu2xDXlNYrjbqfZh2-LAvneBBjdKMVtTIF9w=w1024-h576-no\" width=\"1024\" height=\"576\" \/><\/p>\n<p>&nbsp;<\/p>\n<p><img loading=\"lazy\" decoding=\"async\" class=\"alignnone size-medium\" src=\"https:\/\/lh3.googleusercontent.com\/pw\/AM-JKLUw80HnoRn3ca7EXvYqu2zYK90CdP31tkWSWcedTDef_kTRw7uY7qDP2DACKgbkTuA_IN_LeA9lDg4OpGBlxmCfbSNhhqxVLTSS1ZwGP1SlqiSfGuIqsLtfgd39dNPE62tMU5_kIhXud953Mqshrq1EbA=w1024-h576-no?authuser=0\" width=\"1024\" height=\"576\" \/><\/p>\n<p>&nbsp;<\/p>\n<h4>Mapa y track de la ruta Borna 145<\/h4>\n<p>Aunque el recorrido es muy corto y no hay p\u00e9rdida posible, ponemos el mapa con el track :<\/p>\n<p><a href=\"https:\/\/www.carlosyconchita.net\/rutas\/wp-content\/uploads\/gpx\/Borna-145.html\" target=\"_blank\" rel=\"noopener\"><img loading=\"lazy\" decoding=\"async\" class=\"aligncenter wp-image-16466\" src=\"https:\/\/www.carlosyconchita.net\/rutas\/wp-content\/uploads\/2021\/09\/mapa2-225x200.jpg\" alt=\"\" width=\"200\" height=\"200\" srcset=\"https:\/\/www.carlosyconchita.net\/rutas\/wp-content\/uploads\/2021\/09\/mapa2-120x120.jpg 120w, https:\/\/www.carlosyconchita.net\/rutas\/wp-content\/uploads\/2021\/09\/mapa2.jpg 225w\" sizes=\"auto, (max-width: 200px) 100vw, 200px\" \/><\/a><\/p>\n<hr \/>\n<p>&nbsp;<\/p>\n<h4>Pico de Iturrumburru<\/h4>\n<p style=\"text-align: justify;\">Despu\u00e9s continuamos con el coche unos pocos metros m\u00e1s, subiendo al Coll de Sorogain, que es el punto m\u00e1s alto del recorrido en coche por la carretera, ya que a partir de all\u00ed, empieza a bajar en direcci\u00f3n a la N-135 , cerca de Espinal, y dejamos el coche al lado de un paso canadiense y un gran panel con mapas de la zona.<\/p>\n<p style=\"text-align: justify;\">La idea es subir al Pico de Iturrumburru, que hemos visto muchas veces cuando hemos pasado por el Camino de Sorogain.<br \/>\nAunque en realidad , el pico que ve\u00edamos desde la carretera, no era el Iturrumburru, sino uno algo m\u00e1s bajo pero que nos tapaba la vista del otro.<\/p>\n<p style=\"text-align: justify;\">Empezamos pues a subir, pero no siguiendo la valla que nos llevar\u00eda en l\u00ednea recta hasta el pico, sino que seguimos un tramo de camino cementado, que ignoramos para qu\u00e9 sirve, y m\u00e1s arriba , torcemos a la derecha para alcanzar primero un peque\u00f1o \u00abpico\u00bb y desde all\u00ed ya seguimos la valla en l\u00ednea recta hasta arriba.<\/p>\n<p style=\"text-align: justify;\">En la cima, vemos que en realidad hay dos \u00abpicos\u00bb, con una peque\u00f1a diferencia de altura, (ver track)<\/p>\n<p style=\"text-align: justify;\">Despu\u00e9s de comer algo de fruta, iniciamos el descenso que s\u00ed que hacemos en l\u00ednea recta siguiendo la valla.<\/p>\n<hr \/>\n<h4>Mapa y track de la ruta Pico de Iturrumburru<\/h4>\n<p><a href=\"https:\/\/www.carlosyconchita.net\/rutas\/wp-content\/uploads\/gpx\/PicoIturrumburru.html\" target=\"_blank\" rel=\"noopener\"><img loading=\"lazy\" decoding=\"async\" class=\"aligncenter wp-image-16466\" src=\"https:\/\/www.carlosyconchita.net\/rutas\/wp-content\/uploads\/2021\/09\/mapa2.jpg\" alt=\"\" width=\"200\" height=\"200\" srcset=\"https:\/\/www.carlosyconchita.net\/rutas\/wp-content\/uploads\/2021\/09\/mapa2.jpg 225w, https:\/\/www.carlosyconchita.net\/rutas\/wp-content\/uploads\/2021\/09\/mapa2-120x120.jpg 120w\" sizes=\"auto, (max-width: 200px) 100vw, 200px\" \/><\/a><\/p>\n<hr \/>\n<h4>\u00a0<\/h4>\n<h4>Borna 148<\/h4>\n<p>Despu\u00e9s del Pico, como ya es hora de comer el bocata, nos dirigimos a la Borna 148, ya que cuando la vimos el a\u00f1o pasado, ( ver\u00a0 <a href=\"https:\/\/www.carlosyconchita.net\/rutas\/23-06-2021-borna-148\/\" target=\"_blank\" rel=\"noopener\"><span style=\"color: #0000ff;\">23-06-2021-Borna 148<\/span><\/a> ), era ya algo tarde y el d\u00eda no estaba muy claro.<\/p>\n<p>Y aprovechando que hoy hace un magn\u00edfico d\u00eda, nos vamos all\u00ed, para comer en un bonito paraje y con buenas vistas de los sitios donde hemos localizado varias bornas (149, 150&#8230;)<\/p>\n<p>Para ello, volvemos a bajar en direcci\u00f3n a Urepel por el camino de Sorogain , y cogemos una peque\u00f1a carretera a la derecha que termina unos pocos metros m\u00e1s arriba.<br \/>\nAll\u00ed dejamos el coche y subimos caminando hasta la B-148 por un f\u00e1cil camino, por el que seguramente podr\u00edamos tambi\u00e9n haber subido con el coche.<\/p>\n<p>Una vez arriba. comemos algo, hacemos las consabidas fotos y localizamos los puntos donde est\u00e1n las bornas 149, 150 y el camino que seguimos el 19-05-2021\u00a0 ( ver\u00a0\u00a0 <a title=\"Enlace permanente a 19-05-2021-Bornas 149-151 (+152+154+155)\" href=\"https:\/\/www.carlosyconchita.net\/rutas\/19-05-2021-bornas-149-151-152154155\/\" target=\"_blank\" rel=\"bookmark noopener\"><span style=\"color: #0000ff;\">19-05-2021-Bornas 149-151 (+152+154+155)<\/span> ) <\/a><span style=\"color: #333333;\">, <\/span>por un lado, y las 146-147 por el otro.<\/p>\n<hr \/>\n<h4>Mapa y track de la ruta Borna 148<\/h4>\n<p><img loading=\"lazy\" decoding=\"async\" class=\"aligncenter wp-image-16466\" src=\"https:\/\/www.carlosyconchita.net\/rutas\/wp-content\/uploads\/2021\/09\/mapa2.jpg\" alt=\"\" width=\"180\" height=\"180\" srcset=\"https:\/\/www.carlosyconchita.net\/rutas\/wp-content\/uploads\/2021\/09\/mapa2.jpg 225w, https:\/\/www.carlosyconchita.net\/rutas\/wp-content\/uploads\/2021\/09\/mapa2-120x120.jpg 120w\" sizes=\"auto, (max-width: 180px) 100vw, 180px\" \/><\/p>\n<hr \/>\n<h4><strong>Wikiloc\u00a0 <\/strong>Pico de Iturrumburru<\/h4>\n<p><strong>\u00a0<\/strong><\/p>\n<p><a href=\"https:\/\/es.wikiloc.com\/rutas-senderismo\/pico-iturrumburru-102569479\" target=\"_blank\" rel=\"noopener\"><img loading=\"lazy\" decoding=\"async\" class=\"aligncenter size-full wp-image-958\" src=\"https:\/\/www.carlosyconchita.net\/rutas\/wp-content\/uploads\/2020\/09\/wikiloc.jpg\" alt=\"\" width=\"117\" height=\"34\" \/><\/a><\/p>\n<p>&nbsp;<\/p>\n<hr \/>\n<p style=\"text-align: justify;\"><span style=\"color: #ff0000; background-color: #ffffff; font-size: 14pt;\"><strong>Si te ha gustado, comp\u00e1rtelo en tu red favorita o env\u00edanos tu comentario.<br \/>\n<\/strong><\/span><\/p>\n<p style=\"text-align: justify;\"><span style=\"font-size: 14pt;\"><strong><span style=\"color: #ff0000;\">Muchas gracias !<\/span><\/strong><\/span><\/p>\n<hr \/>\n<p style=\"text-align: justify;\"><strong><span style=\"color: #008000;\">Suscribete si quieres recibir un mail cuando publiquemos nuevas rutas : no enviamos publicidad y como m\u00e1ximo enviamos 2 mails al mes<\/span><\/strong><\/p>\n<p style=\"text-align: center;\"><a href=\"https:\/\/mailchi.mp\/6989c83a3e24\/wmv06rtqcz\/\" target=\"_blank\" rel=\"noopener noreferrer\"><strong><span style=\"color: #0000ff;\">Pulsa aqu\u00ed para suscribirte<\/span><\/strong><\/a><\/p>\n<hr \/>\n<p style=\"text-align: justify;\">\u00a0<\/p>\n<h3 style=\"text-align: justify;\">Puedes imprimir esta publicaci\u00f3n o guardarla en diferentes formatos :<\/h3>\n<p style=\"text-align: justify;\"><span style=\"color: #ff0000; font-size: 14pt;\">Para facilitar la impresi\u00f3n, se ha reducido considerablemente el tama\u00f1o de las fotos, pero si deseas imprimir sin fotos, aconsejamos guardarlo como \u201cdoc\u201d, y antes de imprimirlo, eliminar las fotos<\/span><\/p>\n<p>&nbsp;<\/p>\n<hr \/>\n","protected":false},"excerpt":{"rendered":"<p>Desde el Col de Sorogain, por donde hemos pasado muchas veces en los \u00faltimos a\u00f1os, subimos al Pico de Iturrumburru.<br \/>\nDe paso , volvemos a visitar la B-145 y despu\u00e9s la B-148<\/p>\n","protected":false},"author":50,"featured_media":17777,"comment_status":"closed","ping_status":"open","sticky":false,"template":"","format":"standard","meta":{"footnotes":""},"categories":[10,106,74,91],"tags":[],"class_list":{"0":"post-17769","1":"post","2":"type-post","3":"status-publish","4":"format-standard","5":"has-post-thumbnail","6":"hentry","7":"category-facil","8":"category-nuestros-100-cims","9":"category-0-mojones-bornas-frontera","10":"category-navarra","12":"post-with-thumbnail","13":"post-with-thumbnail-icon"},"yoast_head":"<!-- This site is optimized with the Yoast SEO plugin v27.5 - https:\/\/yoast.com\/product\/yoast-seo-wordpress\/ -->\n<title>17-04-2022-Bornas 145+148+Pico Iturrumburru -<\/title>\n<meta name=\"robots\" content=\"index, follow, max-snippet:-1, max-image-preview:large, max-video-preview:-1\" \/>\n<link rel=\"canonical\" href=\"https:\/\/www.carlosyconchita.net\/rutas\/17-04-2022-bornas-145148pico-iturrumburru\/\" \/>\n<meta property=\"og:locale\" content=\"es_ES\" \/>\n<meta property=\"og:type\" content=\"article\" \/>\n<meta property=\"og:title\" content=\"17-04-2022-Bornas 145+148+Pico Iturrumburru -\" \/>\n<meta property=\"og:description\" content=\"Desde el Col de Sorogain, por donde hemos pasado muchas veces en los \u00faltimos a\u00f1os, subimos al Pico de Iturrumburru. De paso , volvemos a visitar la B-145 y despu\u00e9s la B-148\" \/>\n<meta property=\"og:url\" content=\"https:\/\/www.carlosyconchita.net\/rutas\/17-04-2022-bornas-145148pico-iturrumburru\/\" \/>\n<meta property=\"og:site_name\" content=\"Las rutas de Carlos y Conchita\" \/>\n<meta property=\"article:published_time\" content=\"2022-04-17T10:44:20+00:00\" \/>\n<meta property=\"article:modified_time\" content=\"2022-05-12T19:31:42+00:00\" \/>\n<meta property=\"og:image\" content=\"https:\/\/www.carlosyconchita.net\/rutas\/wp-content\/uploads\/2022\/05\/PicoIturrumburru-B145-00040.jpg\" \/>\n\t<meta property=\"og:image:width\" content=\"972\" \/>\n\t<meta property=\"og:image:height\" content=\"721\" \/>\n\t<meta property=\"og:image:type\" content=\"image\/jpeg\" \/>\n<meta name=\"author\" content=\"Carlos Conchita\" \/>\n<meta name=\"twitter:label1\" content=\"Escrito por\" \/>\n\t<meta name=\"twitter:data1\" content=\"Carlos Conchita\" \/>\n\t<meta name=\"twitter:label2\" content=\"Tiempo de lectura\" \/>\n\t<meta name=\"twitter:data2\" content=\"5 minutos\" \/>\n<script type=\"application\/ld+json\" class=\"yoast-schema-graph\">{\"@context\":\"https:\\\/\\\/schema.org\",\"@graph\":[{\"@type\":\"Article\",\"@id\":\"https:\\\/\\\/www.carlosyconchita.net\\\/rutas\\\/17-04-2022-bornas-145148pico-iturrumburru\\\/#article\",\"isPartOf\":{\"@id\":\"https:\\\/\\\/www.carlosyconchita.net\\\/rutas\\\/17-04-2022-bornas-145148pico-iturrumburru\\\/\"},\"author\":{\"name\":\"Carlos Conchita\",\"@id\":\"https:\\\/\\\/www.carlosyconchita.net\\\/rutas\\\/#\\\/schema\\\/person\\\/a9691f7258c28443fab2d3aa1479ea19\"},\"headline\":\"17-04-2022-Bornas 145+148+Pico Iturrumburru\",\"datePublished\":\"2022-04-17T10:44:20+00:00\",\"dateModified\":\"2022-05-12T19:31:42+00:00\",\"mainEntityOfPage\":{\"@id\":\"https:\\\/\\\/www.carlosyconchita.net\\\/rutas\\\/17-04-2022-bornas-145148pico-iturrumburru\\\/\"},\"wordCount\":726,\"image\":{\"@id\":\"https:\\\/\\\/www.carlosyconchita.net\\\/rutas\\\/17-04-2022-bornas-145148pico-iturrumburru\\\/#primaryimage\"},\"thumbnailUrl\":\"https:\\\/\\\/www.carlosyconchita.net\\\/rutas\\\/wp-content\\\/uploads\\\/2022\\\/05\\\/PicoIturrumburru-B145-00040.jpg\",\"articleSection\":[\"1-F\u00e1cil\",\"100 Cims Carlos y Conchita\",\"Mojones \\\/ Bornas frontera ES-FR\",\"Navarra\"],\"inLanguage\":\"es\"},{\"@type\":\"WebPage\",\"@id\":\"https:\\\/\\\/www.carlosyconchita.net\\\/rutas\\\/17-04-2022-bornas-145148pico-iturrumburru\\\/\",\"url\":\"https:\\\/\\\/www.carlosyconchita.net\\\/rutas\\\/17-04-2022-bornas-145148pico-iturrumburru\\\/\",\"name\":\"17-04-2022-Bornas 145+148+Pico Iturrumburru -\",\"isPartOf\":{\"@id\":\"https:\\\/\\\/www.carlosyconchita.net\\\/rutas\\\/#website\"},\"primaryImageOfPage\":{\"@id\":\"https:\\\/\\\/www.carlosyconchita.net\\\/rutas\\\/17-04-2022-bornas-145148pico-iturrumburru\\\/#primaryimage\"},\"image\":{\"@id\":\"https:\\\/\\\/www.carlosyconchita.net\\\/rutas\\\/17-04-2022-bornas-145148pico-iturrumburru\\\/#primaryimage\"},\"thumbnailUrl\":\"https:\\\/\\\/www.carlosyconchita.net\\\/rutas\\\/wp-content\\\/uploads\\\/2022\\\/05\\\/PicoIturrumburru-B145-00040.jpg\",\"datePublished\":\"2022-04-17T10:44:20+00:00\",\"dateModified\":\"2022-05-12T19:31:42+00:00\",\"author\":{\"@id\":\"https:\\\/\\\/www.carlosyconchita.net\\\/rutas\\\/#\\\/schema\\\/person\\\/a9691f7258c28443fab2d3aa1479ea19\"},\"breadcrumb\":{\"@id\":\"https:\\\/\\\/www.carlosyconchita.net\\\/rutas\\\/17-04-2022-bornas-145148pico-iturrumburru\\\/#breadcrumb\"},\"inLanguage\":\"es\",\"potentialAction\":[{\"@type\":\"ReadAction\",\"target\":[\"https:\\\/\\\/www.carlosyconchita.net\\\/rutas\\\/17-04-2022-bornas-145148pico-iturrumburru\\\/\"]}]},{\"@type\":\"ImageObject\",\"inLanguage\":\"es\",\"@id\":\"https:\\\/\\\/www.carlosyconchita.net\\\/rutas\\\/17-04-2022-bornas-145148pico-iturrumburru\\\/#primaryimage\",\"url\":\"https:\\\/\\\/www.carlosyconchita.net\\\/rutas\\\/wp-content\\\/uploads\\\/2022\\\/05\\\/PicoIturrumburru-B145-00040.jpg\",\"contentUrl\":\"https:\\\/\\\/www.carlosyconchita.net\\\/rutas\\\/wp-content\\\/uploads\\\/2022\\\/05\\\/PicoIturrumburru-B145-00040.jpg\",\"width\":972,\"height\":721},{\"@type\":\"BreadcrumbList\",\"@id\":\"https:\\\/\\\/www.carlosyconchita.net\\\/rutas\\\/17-04-2022-bornas-145148pico-iturrumburru\\\/#breadcrumb\",\"itemListElement\":[{\"@type\":\"ListItem\",\"position\":1,\"name\":\"Portada\",\"item\":\"https:\\\/\\\/www.carlosyconchita.net\\\/rutas\\\/\"},{\"@type\":\"ListItem\",\"position\":2,\"name\":\"17-04-2022-Bornas 145+148+Pico Iturrumburru\"}]},{\"@type\":\"WebSite\",\"@id\":\"https:\\\/\\\/www.carlosyconchita.net\\\/rutas\\\/#website\",\"url\":\"https:\\\/\\\/www.carlosyconchita.net\\\/rutas\\\/\",\"name\":\"Las rutas de Carlos y Conchita\",\"description\":\"\",\"potentialAction\":[{\"@type\":\"SearchAction\",\"target\":{\"@type\":\"EntryPoint\",\"urlTemplate\":\"https:\\\/\\\/www.carlosyconchita.net\\\/rutas\\\/?s={search_term_string}\"},\"query-input\":{\"@type\":\"PropertyValueSpecification\",\"valueRequired\":true,\"valueName\":\"search_term_string\"}}],\"inLanguage\":\"es\"},{\"@type\":\"Person\",\"@id\":\"https:\\\/\\\/www.carlosyconchita.net\\\/rutas\\\/#\\\/schema\\\/person\\\/a9691f7258c28443fab2d3aa1479ea19\",\"name\":\"Carlos Conchita\",\"image\":{\"@type\":\"ImageObject\",\"inLanguage\":\"es\",\"@id\":\"https:\\\/\\\/secure.gravatar.com\\\/avatar\\\/3a4625b20c8da3de99da69bfe7a322774e291c3f90dce7e8778a30fe6748ed1a?s=96&d=mm&r=g\",\"url\":\"https:\\\/\\\/secure.gravatar.com\\\/avatar\\\/3a4625b20c8da3de99da69bfe7a322774e291c3f90dce7e8778a30fe6748ed1a?s=96&d=mm&r=g\",\"contentUrl\":\"https:\\\/\\\/secure.gravatar.com\\\/avatar\\\/3a4625b20c8da3de99da69bfe7a322774e291c3f90dce7e8778a30fe6748ed1a?s=96&d=mm&r=g\",\"caption\":\"Carlos Conchita\"}}]}<\/script>\n<!-- \/ Yoast SEO plugin. -->","yoast_head_json":{"title":"17-04-2022-Bornas 145+148+Pico Iturrumburru -","robots":{"index":"index","follow":"follow","max-snippet":"max-snippet:-1","max-image-preview":"max-image-preview:large","max-video-preview":"max-video-preview:-1"},"canonical":"https:\/\/www.carlosyconchita.net\/rutas\/17-04-2022-bornas-145148pico-iturrumburru\/","og_locale":"es_ES","og_type":"article","og_title":"17-04-2022-Bornas 145+148+Pico Iturrumburru -","og_description":"Desde el Col de Sorogain, por donde hemos pasado muchas veces en los \u00faltimos a\u00f1os, subimos al Pico de Iturrumburru. De paso , volvemos a visitar la B-145 y despu\u00e9s la B-148","og_url":"https:\/\/www.carlosyconchita.net\/rutas\/17-04-2022-bornas-145148pico-iturrumburru\/","og_site_name":"Las rutas de Carlos y Conchita","article_published_time":"2022-04-17T10:44:20+00:00","article_modified_time":"2022-05-12T19:31:42+00:00","og_image":[{"width":972,"height":721,"url":"https:\/\/www.carlosyconchita.net\/rutas\/wp-content\/uploads\/2022\/05\/PicoIturrumburru-B145-00040.jpg","type":"image\/jpeg"}],"author":"Carlos Conchita","twitter_misc":{"Escrito por":"Carlos Conchita","Tiempo de lectura":"5 minutos"},"schema":{"@context":"https:\/\/schema.org","@graph":[{"@type":"Article","@id":"https:\/\/www.carlosyconchita.net\/rutas\/17-04-2022-bornas-145148pico-iturrumburru\/#article","isPartOf":{"@id":"https:\/\/www.carlosyconchita.net\/rutas\/17-04-2022-bornas-145148pico-iturrumburru\/"},"author":{"name":"Carlos Conchita","@id":"https:\/\/www.carlosyconchita.net\/rutas\/#\/schema\/person\/a9691f7258c28443fab2d3aa1479ea19"},"headline":"17-04-2022-Bornas 145+148+Pico Iturrumburru","datePublished":"2022-04-17T10:44:20+00:00","dateModified":"2022-05-12T19:31:42+00:00","mainEntityOfPage":{"@id":"https:\/\/www.carlosyconchita.net\/rutas\/17-04-2022-bornas-145148pico-iturrumburru\/"},"wordCount":726,"image":{"@id":"https:\/\/www.carlosyconchita.net\/rutas\/17-04-2022-bornas-145148pico-iturrumburru\/#primaryimage"},"thumbnailUrl":"https:\/\/www.carlosyconchita.net\/rutas\/wp-content\/uploads\/2022\/05\/PicoIturrumburru-B145-00040.jpg","articleSection":["1-F\u00e1cil","100 Cims Carlos y Conchita","Mojones \/ Bornas frontera ES-FR","Navarra"],"inLanguage":"es"},{"@type":"WebPage","@id":"https:\/\/www.carlosyconchita.net\/rutas\/17-04-2022-bornas-145148pico-iturrumburru\/","url":"https:\/\/www.carlosyconchita.net\/rutas\/17-04-2022-bornas-145148pico-iturrumburru\/","name":"17-04-2022-Bornas 145+148+Pico Iturrumburru -","isPartOf":{"@id":"https:\/\/www.carlosyconchita.net\/rutas\/#website"},"primaryImageOfPage":{"@id":"https:\/\/www.carlosyconchita.net\/rutas\/17-04-2022-bornas-145148pico-iturrumburru\/#primaryimage"},"image":{"@id":"https:\/\/www.carlosyconchita.net\/rutas\/17-04-2022-bornas-145148pico-iturrumburru\/#primaryimage"},"thumbnailUrl":"https:\/\/www.carlosyconchita.net\/rutas\/wp-content\/uploads\/2022\/05\/PicoIturrumburru-B145-00040.jpg","datePublished":"2022-04-17T10:44:20+00:00","dateModified":"2022-05-12T19:31:42+00:00","author":{"@id":"https:\/\/www.carlosyconchita.net\/rutas\/#\/schema\/person\/a9691f7258c28443fab2d3aa1479ea19"},"breadcrumb":{"@id":"https:\/\/www.carlosyconchita.net\/rutas\/17-04-2022-bornas-145148pico-iturrumburru\/#breadcrumb"},"inLanguage":"es","potentialAction":[{"@type":"ReadAction","target":["https:\/\/www.carlosyconchita.net\/rutas\/17-04-2022-bornas-145148pico-iturrumburru\/"]}]},{"@type":"ImageObject","inLanguage":"es","@id":"https:\/\/www.carlosyconchita.net\/rutas\/17-04-2022-bornas-145148pico-iturrumburru\/#primaryimage","url":"https:\/\/www.carlosyconchita.net\/rutas\/wp-content\/uploads\/2022\/05\/PicoIturrumburru-B145-00040.jpg","contentUrl":"https:\/\/www.carlosyconchita.net\/rutas\/wp-content\/uploads\/2022\/05\/PicoIturrumburru-B145-00040.jpg","width":972,"height":721},{"@type":"BreadcrumbList","@id":"https:\/\/www.carlosyconchita.net\/rutas\/17-04-2022-bornas-145148pico-iturrumburru\/#breadcrumb","itemListElement":[{"@type":"ListItem","position":1,"name":"Portada","item":"https:\/\/www.carlosyconchita.net\/rutas\/"},{"@type":"ListItem","position":2,"name":"17-04-2022-Bornas 145+148+Pico Iturrumburru"}]},{"@type":"WebSite","@id":"https:\/\/www.carlosyconchita.net\/rutas\/#website","url":"https:\/\/www.carlosyconchita.net\/rutas\/","name":"Las rutas de Carlos y Conchita","description":"","potentialAction":[{"@type":"SearchAction","target":{"@type":"EntryPoint","urlTemplate":"https:\/\/www.carlosyconchita.net\/rutas\/?s={search_term_string}"},"query-input":{"@type":"PropertyValueSpecification","valueRequired":true,"valueName":"search_term_string"}}],"inLanguage":"es"},{"@type":"Person","@id":"https:\/\/www.carlosyconchita.net\/rutas\/#\/schema\/person\/a9691f7258c28443fab2d3aa1479ea19","name":"Carlos Conchita","image":{"@type":"ImageObject","inLanguage":"es","@id":"https:\/\/secure.gravatar.com\/avatar\/3a4625b20c8da3de99da69bfe7a322774e291c3f90dce7e8778a30fe6748ed1a?s=96&d=mm&r=g","url":"https:\/\/secure.gravatar.com\/avatar\/3a4625b20c8da3de99da69bfe7a322774e291c3f90dce7e8778a30fe6748ed1a?s=96&d=mm&r=g","contentUrl":"https:\/\/secure.gravatar.com\/avatar\/3a4625b20c8da3de99da69bfe7a322774e291c3f90dce7e8778a30fe6748ed1a?s=96&d=mm&r=g","caption":"Carlos Conchita"}}]}},"_links":{"self":[{"href":"https:\/\/www.carlosyconchita.net\/rutas\/wp-json\/wp\/v2\/posts\/17769","targetHints":{"allow":["GET"]}}],"collection":[{"href":"https:\/\/www.carlosyconchita.net\/rutas\/wp-json\/wp\/v2\/posts"}],"about":[{"href":"https:\/\/www.carlosyconchita.net\/rutas\/wp-json\/wp\/v2\/types\/post"}],"author":[{"embeddable":true,"href":"https:\/\/www.carlosyconchita.net\/rutas\/wp-json\/wp\/v2\/users\/50"}],"replies":[{"embeddable":true,"href":"https:\/\/www.carlosyconchita.net\/rutas\/wp-json\/wp\/v2\/comments?post=17769"}],"version-history":[{"count":0,"href":"https:\/\/www.carlosyconchita.net\/rutas\/wp-json\/wp\/v2\/posts\/17769\/revisions"}],"wp:featuredmedia":[{"embeddable":true,"href":"https:\/\/www.carlosyconchita.net\/rutas\/wp-json\/wp\/v2\/media\/17777"}],"wp:attachment":[{"href":"https:\/\/www.carlosyconchita.net\/rutas\/wp-json\/wp\/v2\/media?parent=17769"}],"wp:term":[{"taxonomy":"category","embeddable":true,"href":"https:\/\/www.carlosyconchita.net\/rutas\/wp-json\/wp\/v2\/categories?post=17769"},{"taxonomy":"post_tag","embeddable":true,"href":"https:\/\/www.carlosyconchita.net\/rutas\/wp-json\/wp\/v2\/tags?post=17769"}],"curies":[{"name":"wp","href":"https:\/\/api.w.org\/{rel}","templated":true}]}}