{"id":17791,"date":"2022-05-26T15:31:30","date_gmt":"2022-05-26T14:31:30","guid":{"rendered":"https:\/\/www.carlosyconchita.net\/rutas\/?p=17791"},"modified":"2022-06-05T17:25:31","modified_gmt":"2022-06-05T16:25:31","slug":"26-05-2022-bornas-247-246-245","status":"publish","type":"post","link":"https:\/\/www.carlosyconchita.net\/rutas\/26-05-2022-bornas-247-246-245\/","title":{"rendered":"26-05-2022-Bornas 247-246-245 (Pico de Otxorrigaina )"},"content":{"rendered":"<p style=\"text-align: center;\"><span style=\"color: #ff0000;\"><cite>Con esta publicaci\u00f3n, a\u00f1adimos\u00a0 1\u00a0 borna m\u00e1s a nuestra lista :\u00a0 total 508 de las 602 existentes.<\/cite><\/span><\/p>\n<p style=\"text-align: justify;\">El a\u00f1o pasado ya hab\u00edamos intentado llegar a esta borna ( ver\u00a0<a href=\"https:\/\/www.carlosyconchita.net\/rutas\/06-08-2021-bornas-247-249-y-250\/\" target=\"_blank\" rel=\"noopener\"><span style=\"color: #0000ff;\">06-08-2021-Bornas 247, 249 y 25<\/span><\/a>0\u00a0 ), pero al igual que hoy, hab\u00eda niebla , aunque mucho menos y decidimos cambiar los planes y continuar por un camino mucho m\u00e1s plano y f\u00e1cil hasta la 249 y 250.<\/p>\n<p style=\"text-align: justify;\">Pero hoy, a pesar de la espesa niebla cuando hemos llegado al punto donde hemos dejado el coche, hemos decidido intentarlo.<br \/>\nEmpezamos a caminar m\u00e1s o menos en l\u00ednea recta hacia la B-247, situada en el Portillo de la Pista, y desde all\u00ed,\u00a0 el pasado a\u00f1o ya vimos un f\u00e1cil camino que desde la B-247 nos llevar\u00eda a una especie de paso para poder girar a la izquierda y subir por la cresta hasta la B-246, situada en el Pico de Otxorrigaina.<\/p>\n<p style=\"text-align: justify;\">Esta subida ha sido bastante fuerte y pr\u00e1cticamente no hemos visto casi nada por la niebla, pero tampoco hab\u00eda ninguna posibilidad de perdernos,\u00a0 ya que bastaba con ir caminando cerca del borde y precipicio que ten\u00edamos a nuestra izquierda, hasta llegar arriba.<\/p>\n<p style=\"text-align: justify;\">Por suerte, la borna es del tipo \u00abmoj\u00f3n\u00bb y adem\u00e1s hay una peque\u00f1a columna con una placa, que pudimos ver a trav\u00e9s de la niebla.<\/p>\n<p style=\"text-align: justify;\">Una vez arriba, como que hoy no \u00edbamos a intentar subir al pico que ten\u00edamos al otro lado de la B-247 para llegar\u00a0 a la B-248, decidimos acercarnos a la B-245 situada en el Pico Otsogorritxipia,\u00a0 para unir la ruta de hoy con la del d\u00eda <a class=\"sya_postlink post-16236\" href=\"https:\/\/www.carlosyconchita.net\/rutas\/05-08-2021-bornas-237bis-245\/\" target=\"_blank\" rel=\"bookmark noopener\"><span style=\"color: #0000ff;\">05-08-2021-Bornas 237bis-245,<\/span><\/a> y en ese tramo ha sido donde ha hecho m\u00e1s viento y m\u00e1s fuerte.<br \/>\nComo se puede ver en el track, la vuelta no la hemos hecho subiendo de nuevo a la B-246, sino que desde la B-245 hemos ido bajando en diagonal hasta llegar al GR-12 (siempre mirando el GPS, porque no se ve\u00eda nada&#8230;) que nos ha llevado hasta el \u00abpaso\u00bb que hemos comentado antes, y desde all\u00ed, por el mismo camino de la ida hasta el coche.<\/p>\n<p>Dado el tiempo que hac\u00eda, hemos desistido de subir al Pico de Txardekagaina, al otro lado de la B-247, para localizar la B-248. (ver en el mapa la situaci\u00f3n de esta borna)<\/p>\n<p style=\"text-align: justify;\">Como se puede ver en las fotos, (en algunas se pueden ver las gafas completamente mojadas y goteando agua) , hemos quedado completamente mojados por la niebla y la humedad, y de hecho , al llegar al coche nos hemos tenido que cambiar la ropa, ya que normalmente llevamos un repuesto para casos de lluvia, aunque hoy de lluvia no ha caido ni una gota.<\/p>\n<hr \/>\n<p>&nbsp;<\/p>\n<p><strong>Distancia total<\/strong> :\u00a0\u00a0\u00a0\u00a0\u00a0\u00a0\u00a0 7.815 <span class=\"totlen\"><span class=\"summaryvalue\">m.\u00a0\u00a0\u00a0\u00a0\u00a0\u00a0\u00a0\u00a0\u00a0\u00a0\u00a0\u00a0\u00a0\u00a0\u00a0\u00a0\u00a0\u00a0\u00a0\u00a0\u00a0 <\/span><\/span><strong>Desnivel acumulado (s\/Wikiloc)<\/strong> :\u00a0 \u00a0\u00a0 427 m.<\/p>\n<p><strong>Alturas m\u00edn\/m\u00e1x. :\u00a0<\/strong> \u00a0 1.489 m.\u00a0 \/\u00a0 1.908 m.<\/p>\n<p>&nbsp;<\/p>\n<hr \/>\n<p><strong>Album de fotos<\/strong><\/p>\n<p><a href=\"https:\/\/photos.app.goo.gl\/kzjJ5Rns2ju7PRR4A\" target=\"_blank\" rel=\"noopener\"><img loading=\"lazy\" decoding=\"async\" class=\"size-medium wp-image-17792 aligncenter\" src=\"https:\/\/www.carlosyconchita.net\/rutas\/wp-content\/uploads\/2022\/06\/Bornas-246-247-00027-300x169.jpg\" alt=\"\" width=\"300\" height=\"169\" srcset=\"https:\/\/www.carlosyconchita.net\/rutas\/wp-content\/uploads\/2022\/06\/Bornas-246-247-00027-300x169.jpg 300w, https:\/\/www.carlosyconchita.net\/rutas\/wp-content\/uploads\/2022\/06\/Bornas-246-247-00027-600x338.jpg 600w, https:\/\/www.carlosyconchita.net\/rutas\/wp-content\/uploads\/2022\/06\/Bornas-246-247-00027-768x432.jpg 768w, https:\/\/www.carlosyconchita.net\/rutas\/wp-content\/uploads\/2022\/06\/Bornas-246-247-00027.jpg 1024w\" sizes=\"auto, (max-width: 300px) 100vw, 300px\" \/><\/a><\/p>\n<p>&nbsp;<\/p>\n<hr \/>\n<p><strong>Mapa y track de la ruta<\/strong><\/p>\n<p style=\"text-align: center;\"><strong><span style=\"color: #ff0000;\">Pulsando sobre los waypoints del mapa, se puede ver una foto del sitio.<\/span><\/strong><\/p>\n<p><a href=\"https:\/\/www.carlosyconchita.net\/rutas\/wp-content\/uploads\/gpx\/Bornas-247-246-245.html\" target=\"_blank\" rel=\"noopener\"><img loading=\"lazy\" decoding=\"async\" class=\"aligncenter wp-image-16466\" src=\"https:\/\/www.carlosyconchita.net\/rutas\/wp-content\/uploads\/2021\/09\/mapa2.jpg\" alt=\"\" width=\"0185\" height=\"185\" srcset=\"https:\/\/www.carlosyconchita.net\/rutas\/wp-content\/uploads\/2021\/09\/mapa2.jpg 225w, https:\/\/www.carlosyconchita.net\/rutas\/wp-content\/uploads\/2021\/09\/mapa2-120x120.jpg 120w\" sizes=\"auto, (max-width: 185px) 100vw, 185px\" \/><\/a><\/p>\n<hr \/>\n<p><strong>Wikiloc <\/strong><strong><br \/>\n<\/strong><\/p>\n<p><a href=\"https:\/\/es.wikiloc.com\/rutas-senderismo\/pla-de-la-calme-y-refugio-de-la-calme-89521427\" target=\"_blank\" rel=\"noopener\"><img loading=\"lazy\" decoding=\"async\" class=\"aligncenter size-full wp-image-958\" src=\"https:\/\/www.carlosyconchita.net\/rutas\/wp-content\/uploads\/2020\/09\/wikiloc.jpg\" alt=\"\" width=\"117\" height=\"34\" \/><\/a><\/p>\n<p>&nbsp;<\/p>\n<hr \/>\n<p style=\"text-align: justify;\"><span style=\"color: #ff0000; background-color: #ffffff; font-size: 14pt;\"><strong>Si te ha gustado, comp\u00e1rtelo en tu red favorita o env\u00edanos tu comentario.<br \/>\n<\/strong><\/span><\/p>\n<p style=\"text-align: justify;\"><span style=\"font-size: 14pt;\"><strong><span style=\"color: #ff0000;\">Muchas gracias !<\/span><\/strong><\/span><\/p>\n<hr \/>\n<p style=\"text-align: justify;\"><strong><span style=\"color: #008000;\">Suscribete si quieres recibir un mail cuando publiquemos nuevas rutas : no enviamos publicidad y como m\u00e1ximo enviamos 2 mails al mes<\/span><\/strong><\/p>\n<p style=\"text-align: center;\"><a href=\"https:\/\/mailchi.mp\/6989c83a3e24\/wmv06rtqcz\/\" target=\"_blank\" rel=\"noopener noreferrer\"><strong><span style=\"color: #0000ff;\">Pulsa aqu\u00ed para suscribirte<\/span><\/strong><\/a><\/p>\n<hr \/>\n<p style=\"text-align: justify;\">\u00a0<\/p>\n<h3 style=\"text-align: justify;\">Puedes imprimir esta publicaci\u00f3n o guardarla en diferentes formatos :<\/h3>\n<p style=\"text-align: justify;\"><span style=\"color: #ff0000; font-size: 14pt;\">Para facilitar la impresi\u00f3n, hemos reducido considerablemente el tama\u00f1o de las fotos, pero si deseas imprimir sin fotos, aconsejamos guardarlo como \u201cdoc\u201d, y antes de imprimirlo, eliminar las fotos<\/span><\/p>\n<p>&nbsp;<\/p>\n","protected":false},"excerpt":{"rendered":"<p>Hoy hemos tenido un d\u00eda infernal, en el que aparte de la humedad y niebla que no nos dejaba ver nada, ha hecho mucho viento, muy fuerte y fr\u00edo, y que como se puede ver en las fotos, nos ha obligado a taparnos casi como en invierno.<br \/>\nHemos localizado una nueva borna, la 246 (Pico de Otxorrigaina)  , y hemos repetido las 247 y 245, siguiendo el GPS , ya que no se ve\u00eda pr\u00e1cticamente nada.<\/p>\n","protected":false},"author":50,"featured_media":17792,"comment_status":"closed","ping_status":"open","sticky":false,"template":"","format":"standard","meta":{"footnotes":""},"categories":[106,22,11,74,91],"tags":[],"class_list":{"0":"post-17791","1":"post","2":"type-post","3":"status-publish","4":"format-standard","5":"has-post-thumbnail","6":"hentry","7":"category-nuestros-100-cims","8":"category-de-05-a-10-km","9":"category-moderada","10":"category-0-mojones-bornas-frontera","11":"category-navarra","13":"post-with-thumbnail","14":"post-with-thumbnail-icon"},"yoast_head":"<!-- This site is optimized with the Yoast SEO plugin v27.4 - https:\/\/yoast.com\/product\/yoast-seo-wordpress\/ -->\n<title>26-05-2022-Bornas 247-246-245 (Pico de Otxorrigaina ) -<\/title>\n<meta name=\"robots\" content=\"index, follow, max-snippet:-1, max-image-preview:large, max-video-preview:-1\" \/>\n<link rel=\"canonical\" href=\"https:\/\/www.carlosyconchita.net\/rutas\/26-05-2022-bornas-247-246-245\/\" \/>\n<meta property=\"og:locale\" content=\"es_ES\" \/>\n<meta property=\"og:type\" content=\"article\" \/>\n<meta property=\"og:title\" content=\"26-05-2022-Bornas 247-246-245 (Pico de Otxorrigaina ) -\" \/>\n<meta property=\"og:description\" content=\"Hoy hemos tenido un d\u00eda infernal, en el que aparte de la humedad y niebla que no nos dejaba ver nada, ha hecho mucho viento, muy fuerte y fr\u00edo, y que como se puede ver en las fotos, nos ha obligado a taparnos casi como en invierno. Hemos localizado una nueva borna, la 246 (Pico de Otxorrigaina) , y hemos repetido las 247 y 245, siguiendo el GPS , ya que no se ve\u00eda pr\u00e1cticamente nada.\" \/>\n<meta property=\"og:url\" content=\"https:\/\/www.carlosyconchita.net\/rutas\/26-05-2022-bornas-247-246-245\/\" \/>\n<meta property=\"og:site_name\" content=\"Las rutas de Carlos y Conchita\" \/>\n<meta property=\"article:published_time\" content=\"2022-05-26T14:31:30+00:00\" \/>\n<meta property=\"article:modified_time\" content=\"2022-06-05T16:25:31+00:00\" \/>\n<meta property=\"og:image\" content=\"https:\/\/www.carlosyconchita.net\/rutas\/wp-content\/uploads\/2022\/06\/Bornas-246-247-00027.jpg\" \/>\n\t<meta property=\"og:image:width\" content=\"1024\" \/>\n\t<meta property=\"og:image:height\" content=\"576\" \/>\n\t<meta property=\"og:image:type\" content=\"image\/jpeg\" \/>\n<meta name=\"author\" content=\"Carlos Conchita\" \/>\n<meta name=\"twitter:label1\" content=\"Escrito por\" \/>\n\t<meta name=\"twitter:data1\" content=\"Carlos Conchita\" \/>\n\t<meta name=\"twitter:label2\" content=\"Tiempo de lectura\" \/>\n\t<meta name=\"twitter:data2\" content=\"4 minutos\" \/>\n<script type=\"application\/ld+json\" class=\"yoast-schema-graph\">{\"@context\":\"https:\\\/\\\/schema.org\",\"@graph\":[{\"@type\":\"Article\",\"@id\":\"https:\\\/\\\/www.carlosyconchita.net\\\/rutas\\\/26-05-2022-bornas-247-246-245\\\/#article\",\"isPartOf\":{\"@id\":\"https:\\\/\\\/www.carlosyconchita.net\\\/rutas\\\/26-05-2022-bornas-247-246-245\\\/\"},\"author\":{\"name\":\"Carlos Conchita\",\"@id\":\"https:\\\/\\\/www.carlosyconchita.net\\\/rutas\\\/#\\\/schema\\\/person\\\/a9691f7258c28443fab2d3aa1479ea19\"},\"headline\":\"26-05-2022-Bornas 247-246-245 (Pico de Otxorrigaina )\",\"datePublished\":\"2022-05-26T14:31:30+00:00\",\"dateModified\":\"2022-06-05T16:25:31+00:00\",\"mainEntityOfPage\":{\"@id\":\"https:\\\/\\\/www.carlosyconchita.net\\\/rutas\\\/26-05-2022-bornas-247-246-245\\\/\"},\"wordCount\":591,\"image\":{\"@id\":\"https:\\\/\\\/www.carlosyconchita.net\\\/rutas\\\/26-05-2022-bornas-247-246-245\\\/#primaryimage\"},\"thumbnailUrl\":\"https:\\\/\\\/www.carlosyconchita.net\\\/rutas\\\/wp-content\\\/uploads\\\/2022\\\/06\\\/Bornas-246-247-00027.jpg\",\"articleSection\":[\"100 Cims Carlos y Conchita\",\"2 - De 5 a 10 km.\",\"2-Moderada\",\"Mojones \\\/ Bornas frontera ES-FR\",\"Navarra\"],\"inLanguage\":\"es\"},{\"@type\":\"WebPage\",\"@id\":\"https:\\\/\\\/www.carlosyconchita.net\\\/rutas\\\/26-05-2022-bornas-247-246-245\\\/\",\"url\":\"https:\\\/\\\/www.carlosyconchita.net\\\/rutas\\\/26-05-2022-bornas-247-246-245\\\/\",\"name\":\"26-05-2022-Bornas 247-246-245 (Pico de Otxorrigaina ) -\",\"isPartOf\":{\"@id\":\"https:\\\/\\\/www.carlosyconchita.net\\\/rutas\\\/#website\"},\"primaryImageOfPage\":{\"@id\":\"https:\\\/\\\/www.carlosyconchita.net\\\/rutas\\\/26-05-2022-bornas-247-246-245\\\/#primaryimage\"},\"image\":{\"@id\":\"https:\\\/\\\/www.carlosyconchita.net\\\/rutas\\\/26-05-2022-bornas-247-246-245\\\/#primaryimage\"},\"thumbnailUrl\":\"https:\\\/\\\/www.carlosyconchita.net\\\/rutas\\\/wp-content\\\/uploads\\\/2022\\\/06\\\/Bornas-246-247-00027.jpg\",\"datePublished\":\"2022-05-26T14:31:30+00:00\",\"dateModified\":\"2022-06-05T16:25:31+00:00\",\"author\":{\"@id\":\"https:\\\/\\\/www.carlosyconchita.net\\\/rutas\\\/#\\\/schema\\\/person\\\/a9691f7258c28443fab2d3aa1479ea19\"},\"breadcrumb\":{\"@id\":\"https:\\\/\\\/www.carlosyconchita.net\\\/rutas\\\/26-05-2022-bornas-247-246-245\\\/#breadcrumb\"},\"inLanguage\":\"es\",\"potentialAction\":[{\"@type\":\"ReadAction\",\"target\":[\"https:\\\/\\\/www.carlosyconchita.net\\\/rutas\\\/26-05-2022-bornas-247-246-245\\\/\"]}]},{\"@type\":\"ImageObject\",\"inLanguage\":\"es\",\"@id\":\"https:\\\/\\\/www.carlosyconchita.net\\\/rutas\\\/26-05-2022-bornas-247-246-245\\\/#primaryimage\",\"url\":\"https:\\\/\\\/www.carlosyconchita.net\\\/rutas\\\/wp-content\\\/uploads\\\/2022\\\/06\\\/Bornas-246-247-00027.jpg\",\"contentUrl\":\"https:\\\/\\\/www.carlosyconchita.net\\\/rutas\\\/wp-content\\\/uploads\\\/2022\\\/06\\\/Bornas-246-247-00027.jpg\",\"width\":1024,\"height\":576},{\"@type\":\"BreadcrumbList\",\"@id\":\"https:\\\/\\\/www.carlosyconchita.net\\\/rutas\\\/26-05-2022-bornas-247-246-245\\\/#breadcrumb\",\"itemListElement\":[{\"@type\":\"ListItem\",\"position\":1,\"name\":\"Portada\",\"item\":\"https:\\\/\\\/www.carlosyconchita.net\\\/rutas\\\/\"},{\"@type\":\"ListItem\",\"position\":2,\"name\":\"26-05-2022-Bornas 247-246-245 (Pico de Otxorrigaina )\"}]},{\"@type\":\"WebSite\",\"@id\":\"https:\\\/\\\/www.carlosyconchita.net\\\/rutas\\\/#website\",\"url\":\"https:\\\/\\\/www.carlosyconchita.net\\\/rutas\\\/\",\"name\":\"Las rutas de Carlos y Conchita\",\"description\":\"\",\"potentialAction\":[{\"@type\":\"SearchAction\",\"target\":{\"@type\":\"EntryPoint\",\"urlTemplate\":\"https:\\\/\\\/www.carlosyconchita.net\\\/rutas\\\/?s={search_term_string}\"},\"query-input\":{\"@type\":\"PropertyValueSpecification\",\"valueRequired\":true,\"valueName\":\"search_term_string\"}}],\"inLanguage\":\"es\"},{\"@type\":\"Person\",\"@id\":\"https:\\\/\\\/www.carlosyconchita.net\\\/rutas\\\/#\\\/schema\\\/person\\\/a9691f7258c28443fab2d3aa1479ea19\",\"name\":\"Carlos Conchita\",\"image\":{\"@type\":\"ImageObject\",\"inLanguage\":\"es\",\"@id\":\"https:\\\/\\\/secure.gravatar.com\\\/avatar\\\/3a4625b20c8da3de99da69bfe7a322774e291c3f90dce7e8778a30fe6748ed1a?s=96&d=mm&r=g\",\"url\":\"https:\\\/\\\/secure.gravatar.com\\\/avatar\\\/3a4625b20c8da3de99da69bfe7a322774e291c3f90dce7e8778a30fe6748ed1a?s=96&d=mm&r=g\",\"contentUrl\":\"https:\\\/\\\/secure.gravatar.com\\\/avatar\\\/3a4625b20c8da3de99da69bfe7a322774e291c3f90dce7e8778a30fe6748ed1a?s=96&d=mm&r=g\",\"caption\":\"Carlos Conchita\"}}]}<\/script>\n<!-- \/ Yoast SEO plugin. -->","yoast_head_json":{"title":"26-05-2022-Bornas 247-246-245 (Pico de Otxorrigaina ) -","robots":{"index":"index","follow":"follow","max-snippet":"max-snippet:-1","max-image-preview":"max-image-preview:large","max-video-preview":"max-video-preview:-1"},"canonical":"https:\/\/www.carlosyconchita.net\/rutas\/26-05-2022-bornas-247-246-245\/","og_locale":"es_ES","og_type":"article","og_title":"26-05-2022-Bornas 247-246-245 (Pico de Otxorrigaina ) -","og_description":"Hoy hemos tenido un d\u00eda infernal, en el que aparte de la humedad y niebla que no nos dejaba ver nada, ha hecho mucho viento, muy fuerte y fr\u00edo, y que como se puede ver en las fotos, nos ha obligado a taparnos casi como en invierno. Hemos localizado una nueva borna, la 246 (Pico de Otxorrigaina) , y hemos repetido las 247 y 245, siguiendo el GPS , ya que no se ve\u00eda pr\u00e1cticamente nada.","og_url":"https:\/\/www.carlosyconchita.net\/rutas\/26-05-2022-bornas-247-246-245\/","og_site_name":"Las rutas de Carlos y Conchita","article_published_time":"2022-05-26T14:31:30+00:00","article_modified_time":"2022-06-05T16:25:31+00:00","og_image":[{"width":1024,"height":576,"url":"https:\/\/www.carlosyconchita.net\/rutas\/wp-content\/uploads\/2022\/06\/Bornas-246-247-00027.jpg","type":"image\/jpeg"}],"author":"Carlos Conchita","twitter_misc":{"Escrito por":"Carlos Conchita","Tiempo de lectura":"4 minutos"},"schema":{"@context":"https:\/\/schema.org","@graph":[{"@type":"Article","@id":"https:\/\/www.carlosyconchita.net\/rutas\/26-05-2022-bornas-247-246-245\/#article","isPartOf":{"@id":"https:\/\/www.carlosyconchita.net\/rutas\/26-05-2022-bornas-247-246-245\/"},"author":{"name":"Carlos Conchita","@id":"https:\/\/www.carlosyconchita.net\/rutas\/#\/schema\/person\/a9691f7258c28443fab2d3aa1479ea19"},"headline":"26-05-2022-Bornas 247-246-245 (Pico de Otxorrigaina )","datePublished":"2022-05-26T14:31:30+00:00","dateModified":"2022-06-05T16:25:31+00:00","mainEntityOfPage":{"@id":"https:\/\/www.carlosyconchita.net\/rutas\/26-05-2022-bornas-247-246-245\/"},"wordCount":591,"image":{"@id":"https:\/\/www.carlosyconchita.net\/rutas\/26-05-2022-bornas-247-246-245\/#primaryimage"},"thumbnailUrl":"https:\/\/www.carlosyconchita.net\/rutas\/wp-content\/uploads\/2022\/06\/Bornas-246-247-00027.jpg","articleSection":["100 Cims Carlos y Conchita","2 - De 5 a 10 km.","2-Moderada","Mojones \/ Bornas frontera ES-FR","Navarra"],"inLanguage":"es"},{"@type":"WebPage","@id":"https:\/\/www.carlosyconchita.net\/rutas\/26-05-2022-bornas-247-246-245\/","url":"https:\/\/www.carlosyconchita.net\/rutas\/26-05-2022-bornas-247-246-245\/","name":"26-05-2022-Bornas 247-246-245 (Pico de Otxorrigaina ) -","isPartOf":{"@id":"https:\/\/www.carlosyconchita.net\/rutas\/#website"},"primaryImageOfPage":{"@id":"https:\/\/www.carlosyconchita.net\/rutas\/26-05-2022-bornas-247-246-245\/#primaryimage"},"image":{"@id":"https:\/\/www.carlosyconchita.net\/rutas\/26-05-2022-bornas-247-246-245\/#primaryimage"},"thumbnailUrl":"https:\/\/www.carlosyconchita.net\/rutas\/wp-content\/uploads\/2022\/06\/Bornas-246-247-00027.jpg","datePublished":"2022-05-26T14:31:30+00:00","dateModified":"2022-06-05T16:25:31+00:00","author":{"@id":"https:\/\/www.carlosyconchita.net\/rutas\/#\/schema\/person\/a9691f7258c28443fab2d3aa1479ea19"},"breadcrumb":{"@id":"https:\/\/www.carlosyconchita.net\/rutas\/26-05-2022-bornas-247-246-245\/#breadcrumb"},"inLanguage":"es","potentialAction":[{"@type":"ReadAction","target":["https:\/\/www.carlosyconchita.net\/rutas\/26-05-2022-bornas-247-246-245\/"]}]},{"@type":"ImageObject","inLanguage":"es","@id":"https:\/\/www.carlosyconchita.net\/rutas\/26-05-2022-bornas-247-246-245\/#primaryimage","url":"https:\/\/www.carlosyconchita.net\/rutas\/wp-content\/uploads\/2022\/06\/Bornas-246-247-00027.jpg","contentUrl":"https:\/\/www.carlosyconchita.net\/rutas\/wp-content\/uploads\/2022\/06\/Bornas-246-247-00027.jpg","width":1024,"height":576},{"@type":"BreadcrumbList","@id":"https:\/\/www.carlosyconchita.net\/rutas\/26-05-2022-bornas-247-246-245\/#breadcrumb","itemListElement":[{"@type":"ListItem","position":1,"name":"Portada","item":"https:\/\/www.carlosyconchita.net\/rutas\/"},{"@type":"ListItem","position":2,"name":"26-05-2022-Bornas 247-246-245 (Pico de Otxorrigaina )"}]},{"@type":"WebSite","@id":"https:\/\/www.carlosyconchita.net\/rutas\/#website","url":"https:\/\/www.carlosyconchita.net\/rutas\/","name":"Las rutas de Carlos y Conchita","description":"","potentialAction":[{"@type":"SearchAction","target":{"@type":"EntryPoint","urlTemplate":"https:\/\/www.carlosyconchita.net\/rutas\/?s={search_term_string}"},"query-input":{"@type":"PropertyValueSpecification","valueRequired":true,"valueName":"search_term_string"}}],"inLanguage":"es"},{"@type":"Person","@id":"https:\/\/www.carlosyconchita.net\/rutas\/#\/schema\/person\/a9691f7258c28443fab2d3aa1479ea19","name":"Carlos Conchita","image":{"@type":"ImageObject","inLanguage":"es","@id":"https:\/\/secure.gravatar.com\/avatar\/3a4625b20c8da3de99da69bfe7a322774e291c3f90dce7e8778a30fe6748ed1a?s=96&d=mm&r=g","url":"https:\/\/secure.gravatar.com\/avatar\/3a4625b20c8da3de99da69bfe7a322774e291c3f90dce7e8778a30fe6748ed1a?s=96&d=mm&r=g","contentUrl":"https:\/\/secure.gravatar.com\/avatar\/3a4625b20c8da3de99da69bfe7a322774e291c3f90dce7e8778a30fe6748ed1a?s=96&d=mm&r=g","caption":"Carlos Conchita"}}]}},"_links":{"self":[{"href":"https:\/\/www.carlosyconchita.net\/rutas\/wp-json\/wp\/v2\/posts\/17791","targetHints":{"allow":["GET"]}}],"collection":[{"href":"https:\/\/www.carlosyconchita.net\/rutas\/wp-json\/wp\/v2\/posts"}],"about":[{"href":"https:\/\/www.carlosyconchita.net\/rutas\/wp-json\/wp\/v2\/types\/post"}],"author":[{"embeddable":true,"href":"https:\/\/www.carlosyconchita.net\/rutas\/wp-json\/wp\/v2\/users\/50"}],"replies":[{"embeddable":true,"href":"https:\/\/www.carlosyconchita.net\/rutas\/wp-json\/wp\/v2\/comments?post=17791"}],"version-history":[{"count":0,"href":"https:\/\/www.carlosyconchita.net\/rutas\/wp-json\/wp\/v2\/posts\/17791\/revisions"}],"wp:featuredmedia":[{"embeddable":true,"href":"https:\/\/www.carlosyconchita.net\/rutas\/wp-json\/wp\/v2\/media\/17792"}],"wp:attachment":[{"href":"https:\/\/www.carlosyconchita.net\/rutas\/wp-json\/wp\/v2\/media?parent=17791"}],"wp:term":[{"taxonomy":"category","embeddable":true,"href":"https:\/\/www.carlosyconchita.net\/rutas\/wp-json\/wp\/v2\/categories?post=17791"},{"taxonomy":"post_tag","embeddable":true,"href":"https:\/\/www.carlosyconchita.net\/rutas\/wp-json\/wp\/v2\/tags?post=17791"}],"curies":[{"name":"wp","href":"https:\/\/api.w.org\/{rel}","templated":true}]}}