{"id":17823,"date":"2022-05-28T16:23:39","date_gmt":"2022-05-28T15:23:39","guid":{"rendered":"https:\/\/www.carlosyconchita.net\/rutas\/?p=17823"},"modified":"2022-06-14T17:26:50","modified_gmt":"2022-06-14T16:26:50","slug":"28-05-2022-bornas-251-255","status":"publish","type":"post","link":"https:\/\/www.carlosyconchita.net\/rutas\/28-05-2022-bornas-251-255\/","title":{"rendered":"28-05-2022-Bornas 251-255"},"content":{"rendered":"<p style=\"text-align: center;\"><span style=\"color: #ff0000;\"><cite>Con esta publicaci\u00f3n, a\u00f1adimos\u00a0 5\u00a0 bornas m\u00e1s a nuestra lista :\u00a0 total 514 de las 602 existentes.<\/cite><\/span><\/p>\n<p style=\"text-align: justify;\">Hoy por fin hemos tenido un d\u00eda normal, o sea con sol,\u00a0 y que nos ha permitido hacer la ruta prevista para localizar las bornas 251 a 255, y no como los dos d\u00edas anteriores con niebla, viento , etc.<\/p>\n<p style=\"text-align: justify;\">Desde Isaba nos dirigimos a la zona de Belagua por la carretera NA-137 , y poco despu\u00e9s de un antiguo cuartel abandonado que veremos a nuestra izquierda, tenemos tambien a la izquierda una zona para dejar el coche al lado de una peque\u00f1a construcci\u00f3n.<\/p>\n<p style=\"text-align: justify;\">Desde all\u00ed empezamos a caminar por el GR-12 en direcci\u00f3n al Portillo de Kartxela, por un magn\u00edfico y florido paisaje, muy plano y f\u00e1cil al principio, pero que despu\u00e9s sube de forma bastante fuerte.<\/p>\n<p style=\"text-align: justify;\">Una vez llegamos arriba al Portillo, tenemos que descender por el otro lado continuando por el GR-12, porque nuestra idea inicial era llegar hasta el Coll de Belhay (borna 250), para \u00abunir\u00bb la ruta de hoy con la que hicimos el a\u00f1o pasado (\u00a0 <a class=\"sya_postlink post-16277\" href=\"https:\/\/www.carlosyconchita.net\/rutas\/06-08-2021-bornas-247-249-y-250\/\" target=\"_blank\" rel=\"bookmark noopener\">06-08-2021-Bornas 247, 249 y 250<\/a> ) , y desde all\u00ed volver por el camino que nos llevar\u00eda a las bornas 251 y 252 que est\u00e1n en la misma ladera del GR-12, pero m\u00e1s abajo.<\/p>\n<p style=\"text-align: justify;\">Y decimos que era nuestra idea inicial, porque al cabo de un rato, empezamos a ver niebla encima del Col de Belhay y algunos nubarrones encima de la zona de las B-253 y 254, por lo que despu\u00e9s de la experiencia de los dos d\u00edas anteriores, decidimos que ya ten\u00edamos bastante niebla y bajamos directamente hasta las bornas 251-252.<\/p>\n<p style=\"text-align: justify;\">Localizamos primero la B-252 (cruz y n\u00famero grabados en una piedra), la B-251-Cruz (cruz y n\u00famero grabados en una piedra) y finalmente la B-251-Moj\u00f3n, bastante m\u00e1s peque\u00f1o de lo habitual.<br \/>\nTuvimos bastante suerte en encontrar las grabadas en piedras, porque como se puede ver en las fotos, est\u00e1n en medio de una gran zona con piedras , y pod\u00edamos habernos pasado mucho tiempo busc\u00e1ndolas.<\/p>\n<p style=\"text-align: justify;\">Desde all\u00ed empezamos a subir por una ladera en direcci\u00f3n a la B-253 y despu\u00e9s a la B-254, situada en el Port de Bimbaleta, y durante ese tramo ya empezamos a tener momentos de bastante niebla, aunque afortunadamente iba y ven\u00eda.<\/p>\n<p style=\"text-align: justify;\">Desde la B-254 empezamos a descender en direcci\u00f3n al punto de inicio, aunque no por el mismo sitio de la subida, por un estrecho sendero que finalmente desemboca en el GR-12 de la subida, y poco despu\u00e9s paramos en la zona donde se supone que deber\u00eda estar la B-255, desaparecida hace bastantes a\u00f1os, y que nosotros situamos aproximadamente con el GPS, con las coordenadas que nos ha facilitado Eef.<\/p>\n<p style=\"text-align: justify;\">All\u00ed ya tenemos un fort\u00edsimo viento, y\u00a0 no podemos pararnos a comer algo en ese punto, por lo que continuamos bajando hasta que en un punto quedamos un poco resguardados por una peque\u00f1a colina y podemos comer y descansar un poco.<\/p>\n<p style=\"text-align: justify;\">Ya con el coche, seguimos la carretera en direcci\u00f3n a Belagua, buscando una queser\u00eda que no encontramos , por lo que aprovechamos para hacernos unas nuevas fotos en las bornas 256 y 259 que est\u00e1n en la misma carretera , y que ya hab\u00edamos visto en el a\u00f1o 2018 (<span style=\"color: #0000ff;\"> <a class=\"sya_postlink post-12325\" style=\"color: #0000ff;\" href=\"https:\/\/www.carlosyconchita.net\/rutas\/06-12-2018-bornas-256-a-262\/\" target=\"_blank\" rel=\"bookmark noopener\">06-12-2018-Bornas 256 a 262-Isaba-Roncal<\/a>\u00a0<\/span> )<\/p>\n<hr \/>\n<p>&nbsp;<\/p>\n<p><strong>Distancia total<\/strong> :\u00a0\u00a0\u00a0\u00a0\u00a0\u00a0 10.350 <span class=\"totlen\"><span class=\"summaryvalue\">m.\u00a0\u00a0\u00a0\u00a0\u00a0\u00a0\u00a0\u00a0\u00a0\u00a0\u00a0\u00a0\u00a0\u00a0\u00a0\u00a0\u00a0\u00a0\u00a0\u00a0\u00a0 <\/span><\/span><strong>Desnivel acumulado (s\/Wikiloc)<\/strong> :\u00a0 \u00a0\u00a0 533 m.<\/p>\n<p><strong>Alturas m\u00edn\/m\u00e1x. :\u00a0<\/strong> \u00a0 1.370 m.\u00a0 \/\u00a0 1.808 m.<\/p>\n<p>&nbsp;<\/p>\n<hr \/>\n<p><strong>Album de fotos<\/strong><\/p>\n<p><a href=\"https:\/\/photos.app.goo.gl\/aDJ2e4eRb4vJwxnu8\" target=\"_blank\" rel=\"noopener\"><img loading=\"lazy\" decoding=\"async\" class=\"size-medium wp-image-17824 aligncenter\" src=\"https:\/\/www.carlosyconchita.net\/rutas\/wp-content\/uploads\/2022\/06\/Borna-251-255-00035-300x223.jpg\" alt=\"\" width=\"300\" height=\"223\" srcset=\"https:\/\/www.carlosyconchita.net\/rutas\/wp-content\/uploads\/2022\/06\/Borna-251-255-00035-300x223.jpg 300w, https:\/\/www.carlosyconchita.net\/rutas\/wp-content\/uploads\/2022\/06\/Borna-251-255-00035-600x445.jpg 600w, https:\/\/www.carlosyconchita.net\/rutas\/wp-content\/uploads\/2022\/06\/Borna-251-255-00035-768x570.jpg 768w, https:\/\/www.carlosyconchita.net\/rutas\/wp-content\/uploads\/2022\/06\/Borna-251-255-00035.jpg 1024w\" sizes=\"auto, (max-width: 300px) 100vw, 300px\" \/><\/a><\/p>\n<p>&nbsp;<\/p>\n<hr \/>\n<h4><strong>Mapa y track de la ruta<\/strong><\/h4>\n<p style=\"text-align: center;\"><strong><span style=\"color: #ff0000;\">Pulsando sobre los waypoints del mapa, se puede ver una foto del sitio.<\/span><\/strong><\/p>\n<p>&nbsp;<\/p>\n<p><a href=\"https:\/\/www.carlosyconchita.net\/rutas\/wp-content\/uploads\/gpx\/Bornas-251-255.html\" target=\"_blank\" rel=\"noopener\"><img loading=\"lazy\" decoding=\"async\" class=\"aligncenter wp-image-16466\" src=\"https:\/\/www.carlosyconchita.net\/rutas\/wp-content\/uploads\/2021\/09\/mapa2.jpg\" alt=\"\" width=\"0185\" height=\"185\" srcset=\"https:\/\/www.carlosyconchita.net\/rutas\/wp-content\/uploads\/2021\/09\/mapa2.jpg 225w, https:\/\/www.carlosyconchita.net\/rutas\/wp-content\/uploads\/2021\/09\/mapa2-120x120.jpg 120w\" sizes=\"auto, (max-width: 185px) 100vw, 185px\" \/><\/a><\/p>\n<hr \/>\n<p><strong>Wikiloc <\/strong><strong><br \/>\n<\/strong><\/p>\n<p><a href=\"https:\/\/es.wikiloc.com\/rutas-senderismo\/bornas-o-mojones-fronterizos-251-a-255-105473572\" target=\"_blank\" rel=\"noopener\"><img loading=\"lazy\" decoding=\"async\" class=\"aligncenter size-full wp-image-958\" src=\"https:\/\/www.carlosyconchita.net\/rutas\/wp-content\/uploads\/2020\/09\/wikiloc.jpg\" alt=\"\" width=\"117\" height=\"34\" \/><\/a><\/p>\n<p>&nbsp;<\/p>\n<hr \/>\n<p style=\"text-align: justify;\"><span style=\"color: #ff0000; background-color: #ffffff; font-size: 14pt;\"><strong>Si te ha gustado, comp\u00e1rtelo en tu red favorita o env\u00edanos tu comentario.<br \/>\n<\/strong><\/span><\/p>\n<p style=\"text-align: justify;\"><span style=\"font-size: 14pt;\"><strong><span style=\"color: #ff0000;\">Muchas gracias !<\/span><\/strong><\/span><\/p>\n<hr \/>\n<p style=\"text-align: justify;\"><strong><span style=\"color: #008000;\">Suscribete si quieres recibir un mail cuando publiquemos nuevas rutas : no enviamos publicidad y como m\u00e1ximo enviamos 2 mails al mes<\/span><\/strong><\/p>\n<p style=\"text-align: center;\"><a href=\"https:\/\/mailchi.mp\/6989c83a3e24\/wmv06rtqcz\/\" target=\"_blank\" rel=\"noopener noreferrer\"><strong><span style=\"color: #0000ff;\">Pulsa aqu\u00ed para suscribirte<\/span><\/strong><\/a><\/p>\n<hr \/>\n<p style=\"text-align: justify;\">\u00a0<\/p>\n<h3 style=\"text-align: justify;\">Puedes imprimir esta publicaci\u00f3n o guardarla en diferentes formatos :<\/h3>\n<p style=\"text-align: justify;\"><span style=\"color: #ff0000; font-size: 14pt;\">Para facilitar la impresi\u00f3n, hemos reducido considerablemente el tama\u00f1o de las fotos, pero si deseas imprimir sin fotos, aconsejamos guardarlo como \u201cdoc\u201d, y antes de imprimirlo, eliminar las fotos<\/span><\/p>\n<p>&nbsp;<\/p>\n","protected":false},"excerpt":{"rendered":"<p>Hoy por fin hemos tenido un d\u00eda normal, o sea con sol,  y que nos ha permitido hacer la ruta prevista para localizar las bornas 251 a 255, y no como los dos d\u00edas anteriores con niebla, viento , etc. en la bonita zona de Belagua.<br \/>\nCon esta publicaci\u00f3n, a\u00f1adimos  5  bornas m\u00e1s a nuestra lista :  total 514 de las 602 existentes.<\/p>\n","protected":false},"author":50,"featured_media":17824,"comment_status":"closed","ping_status":"open","sticky":false,"template":"","format":"standard","meta":{"footnotes":""},"categories":[11,23,74],"tags":[],"class_list":{"0":"post-17823","1":"post","2":"type-post","3":"status-publish","4":"format-standard","5":"has-post-thumbnail","6":"hentry","7":"category-moderada","8":"category-de-10-a-15-km","9":"category-0-mojones-bornas-frontera","11":"post-with-thumbnail","12":"post-with-thumbnail-icon"},"yoast_head":"<!-- This site is optimized with the Yoast SEO plugin v27.4 - https:\/\/yoast.com\/product\/yoast-seo-wordpress\/ -->\n<title>28-05-2022-Bornas 251-255 -<\/title>\n<meta name=\"description\" content=\"Hoy por fin hemos tenido un d\u00eda normal, o sea con sol, y que nos ha permitido hacer la ruta prevista para localizar las bornas 251 a 255, y no como los dos d\u00edas anteriores con niebla, viento , etc. en la bonita zona de Belagua.Con esta publicaci\u00f3n, a\u00f1adimos 5 bornas m\u00e1s a nuestra lista : total 514 de las 602 existentes.\" \/>\n<meta name=\"robots\" content=\"index, follow, max-snippet:-1, max-image-preview:large, max-video-preview:-1\" \/>\n<link rel=\"canonical\" href=\"https:\/\/www.carlosyconchita.net\/rutas\/28-05-2022-bornas-251-255\/\" \/>\n<meta property=\"og:locale\" content=\"es_ES\" \/>\n<meta property=\"og:type\" content=\"article\" \/>\n<meta property=\"og:title\" content=\"28-05-2022-Bornas 251-255 -\" \/>\n<meta property=\"og:description\" content=\"Hoy por fin hemos tenido un d\u00eda normal, o sea con sol, y que nos ha permitido hacer la ruta prevista para localizar las bornas 251 a 255, y no como los dos d\u00edas anteriores con niebla, viento , etc. en la bonita zona de Belagua.Con esta publicaci\u00f3n, a\u00f1adimos 5 bornas m\u00e1s a nuestra lista : total 514 de las 602 existentes.\" \/>\n<meta property=\"og:url\" content=\"https:\/\/www.carlosyconchita.net\/rutas\/28-05-2022-bornas-251-255\/\" \/>\n<meta property=\"og:site_name\" content=\"Las rutas de Carlos y Conchita\" \/>\n<meta property=\"article:published_time\" content=\"2022-05-28T15:23:39+00:00\" \/>\n<meta property=\"article:modified_time\" content=\"2022-06-14T16:26:50+00:00\" \/>\n<meta property=\"og:image\" content=\"https:\/\/www.carlosyconchita.net\/rutas\/wp-content\/uploads\/2022\/06\/Borna-251-255-00035.jpg\" \/>\n\t<meta property=\"og:image:width\" content=\"1024\" \/>\n\t<meta property=\"og:image:height\" content=\"760\" \/>\n\t<meta property=\"og:image:type\" content=\"image\/jpeg\" \/>\n<meta name=\"author\" content=\"Carlos Conchita\" \/>\n<meta name=\"twitter:label1\" content=\"Escrito por\" \/>\n\t<meta name=\"twitter:data1\" content=\"Carlos Conchita\" \/>\n\t<meta name=\"twitter:label2\" content=\"Tiempo de lectura\" \/>\n\t<meta name=\"twitter:data2\" content=\"4 minutos\" \/>\n<script type=\"application\/ld+json\" class=\"yoast-schema-graph\">{\"@context\":\"https:\\\/\\\/schema.org\",\"@graph\":[{\"@type\":\"Article\",\"@id\":\"https:\\\/\\\/www.carlosyconchita.net\\\/rutas\\\/28-05-2022-bornas-251-255\\\/#article\",\"isPartOf\":{\"@id\":\"https:\\\/\\\/www.carlosyconchita.net\\\/rutas\\\/28-05-2022-bornas-251-255\\\/\"},\"author\":{\"name\":\"Carlos Conchita\",\"@id\":\"https:\\\/\\\/www.carlosyconchita.net\\\/rutas\\\/#\\\/schema\\\/person\\\/a9691f7258c28443fab2d3aa1479ea19\"},\"headline\":\"28-05-2022-Bornas 251-255\",\"datePublished\":\"2022-05-28T15:23:39+00:00\",\"dateModified\":\"2022-06-14T16:26:50+00:00\",\"mainEntityOfPage\":{\"@id\":\"https:\\\/\\\/www.carlosyconchita.net\\\/rutas\\\/28-05-2022-bornas-251-255\\\/\"},\"wordCount\":693,\"image\":{\"@id\":\"https:\\\/\\\/www.carlosyconchita.net\\\/rutas\\\/28-05-2022-bornas-251-255\\\/#primaryimage\"},\"thumbnailUrl\":\"https:\\\/\\\/www.carlosyconchita.net\\\/rutas\\\/wp-content\\\/uploads\\\/2022\\\/06\\\/Borna-251-255-00035.jpg\",\"articleSection\":[\"2-Moderada\",\"3 - De 10 a 15 km.\",\"Mojones \\\/ Bornas frontera ES-FR\"],\"inLanguage\":\"es\"},{\"@type\":\"WebPage\",\"@id\":\"https:\\\/\\\/www.carlosyconchita.net\\\/rutas\\\/28-05-2022-bornas-251-255\\\/\",\"url\":\"https:\\\/\\\/www.carlosyconchita.net\\\/rutas\\\/28-05-2022-bornas-251-255\\\/\",\"name\":\"28-05-2022-Bornas 251-255 -\",\"isPartOf\":{\"@id\":\"https:\\\/\\\/www.carlosyconchita.net\\\/rutas\\\/#website\"},\"primaryImageOfPage\":{\"@id\":\"https:\\\/\\\/www.carlosyconchita.net\\\/rutas\\\/28-05-2022-bornas-251-255\\\/#primaryimage\"},\"image\":{\"@id\":\"https:\\\/\\\/www.carlosyconchita.net\\\/rutas\\\/28-05-2022-bornas-251-255\\\/#primaryimage\"},\"thumbnailUrl\":\"https:\\\/\\\/www.carlosyconchita.net\\\/rutas\\\/wp-content\\\/uploads\\\/2022\\\/06\\\/Borna-251-255-00035.jpg\",\"datePublished\":\"2022-05-28T15:23:39+00:00\",\"dateModified\":\"2022-06-14T16:26:50+00:00\",\"author\":{\"@id\":\"https:\\\/\\\/www.carlosyconchita.net\\\/rutas\\\/#\\\/schema\\\/person\\\/a9691f7258c28443fab2d3aa1479ea19\"},\"description\":\"Hoy por fin hemos tenido un d\u00eda normal, o sea con sol, y que nos ha permitido hacer la ruta prevista para localizar las bornas 251 a 255, y no como los dos d\u00edas anteriores con niebla, viento , etc. en la bonita zona de Belagua.Con esta publicaci\u00f3n, a\u00f1adimos 5 bornas m\u00e1s a nuestra lista : total 514 de las 602 existentes.\",\"breadcrumb\":{\"@id\":\"https:\\\/\\\/www.carlosyconchita.net\\\/rutas\\\/28-05-2022-bornas-251-255\\\/#breadcrumb\"},\"inLanguage\":\"es\",\"potentialAction\":[{\"@type\":\"ReadAction\",\"target\":[\"https:\\\/\\\/www.carlosyconchita.net\\\/rutas\\\/28-05-2022-bornas-251-255\\\/\"]}]},{\"@type\":\"ImageObject\",\"inLanguage\":\"es\",\"@id\":\"https:\\\/\\\/www.carlosyconchita.net\\\/rutas\\\/28-05-2022-bornas-251-255\\\/#primaryimage\",\"url\":\"https:\\\/\\\/www.carlosyconchita.net\\\/rutas\\\/wp-content\\\/uploads\\\/2022\\\/06\\\/Borna-251-255-00035.jpg\",\"contentUrl\":\"https:\\\/\\\/www.carlosyconchita.net\\\/rutas\\\/wp-content\\\/uploads\\\/2022\\\/06\\\/Borna-251-255-00035.jpg\",\"width\":1024,\"height\":760},{\"@type\":\"BreadcrumbList\",\"@id\":\"https:\\\/\\\/www.carlosyconchita.net\\\/rutas\\\/28-05-2022-bornas-251-255\\\/#breadcrumb\",\"itemListElement\":[{\"@type\":\"ListItem\",\"position\":1,\"name\":\"Portada\",\"item\":\"https:\\\/\\\/www.carlosyconchita.net\\\/rutas\\\/\"},{\"@type\":\"ListItem\",\"position\":2,\"name\":\"28-05-2022-Bornas 251-255\"}]},{\"@type\":\"WebSite\",\"@id\":\"https:\\\/\\\/www.carlosyconchita.net\\\/rutas\\\/#website\",\"url\":\"https:\\\/\\\/www.carlosyconchita.net\\\/rutas\\\/\",\"name\":\"Las rutas de Carlos y Conchita\",\"description\":\"\",\"potentialAction\":[{\"@type\":\"SearchAction\",\"target\":{\"@type\":\"EntryPoint\",\"urlTemplate\":\"https:\\\/\\\/www.carlosyconchita.net\\\/rutas\\\/?s={search_term_string}\"},\"query-input\":{\"@type\":\"PropertyValueSpecification\",\"valueRequired\":true,\"valueName\":\"search_term_string\"}}],\"inLanguage\":\"es\"},{\"@type\":\"Person\",\"@id\":\"https:\\\/\\\/www.carlosyconchita.net\\\/rutas\\\/#\\\/schema\\\/person\\\/a9691f7258c28443fab2d3aa1479ea19\",\"name\":\"Carlos Conchita\",\"image\":{\"@type\":\"ImageObject\",\"inLanguage\":\"es\",\"@id\":\"https:\\\/\\\/secure.gravatar.com\\\/avatar\\\/3a4625b20c8da3de99da69bfe7a322774e291c3f90dce7e8778a30fe6748ed1a?s=96&d=mm&r=g\",\"url\":\"https:\\\/\\\/secure.gravatar.com\\\/avatar\\\/3a4625b20c8da3de99da69bfe7a322774e291c3f90dce7e8778a30fe6748ed1a?s=96&d=mm&r=g\",\"contentUrl\":\"https:\\\/\\\/secure.gravatar.com\\\/avatar\\\/3a4625b20c8da3de99da69bfe7a322774e291c3f90dce7e8778a30fe6748ed1a?s=96&d=mm&r=g\",\"caption\":\"Carlos Conchita\"}}]}<\/script>\n<!-- \/ Yoast SEO plugin. -->","yoast_head_json":{"title":"28-05-2022-Bornas 251-255 -","description":"Hoy por fin hemos tenido un d\u00eda normal, o sea con sol, y que nos ha permitido hacer la ruta prevista para localizar las bornas 251 a 255, y no como los dos d\u00edas anteriores con niebla, viento , etc. en la bonita zona de Belagua.Con esta publicaci\u00f3n, a\u00f1adimos 5 bornas m\u00e1s a nuestra lista : total 514 de las 602 existentes.","robots":{"index":"index","follow":"follow","max-snippet":"max-snippet:-1","max-image-preview":"max-image-preview:large","max-video-preview":"max-video-preview:-1"},"canonical":"https:\/\/www.carlosyconchita.net\/rutas\/28-05-2022-bornas-251-255\/","og_locale":"es_ES","og_type":"article","og_title":"28-05-2022-Bornas 251-255 -","og_description":"Hoy por fin hemos tenido un d\u00eda normal, o sea con sol, y que nos ha permitido hacer la ruta prevista para localizar las bornas 251 a 255, y no como los dos d\u00edas anteriores con niebla, viento , etc. en la bonita zona de Belagua.Con esta publicaci\u00f3n, a\u00f1adimos 5 bornas m\u00e1s a nuestra lista : total 514 de las 602 existentes.","og_url":"https:\/\/www.carlosyconchita.net\/rutas\/28-05-2022-bornas-251-255\/","og_site_name":"Las rutas de Carlos y Conchita","article_published_time":"2022-05-28T15:23:39+00:00","article_modified_time":"2022-06-14T16:26:50+00:00","og_image":[{"width":1024,"height":760,"url":"https:\/\/www.carlosyconchita.net\/rutas\/wp-content\/uploads\/2022\/06\/Borna-251-255-00035.jpg","type":"image\/jpeg"}],"author":"Carlos Conchita","twitter_misc":{"Escrito por":"Carlos Conchita","Tiempo de lectura":"4 minutos"},"schema":{"@context":"https:\/\/schema.org","@graph":[{"@type":"Article","@id":"https:\/\/www.carlosyconchita.net\/rutas\/28-05-2022-bornas-251-255\/#article","isPartOf":{"@id":"https:\/\/www.carlosyconchita.net\/rutas\/28-05-2022-bornas-251-255\/"},"author":{"name":"Carlos Conchita","@id":"https:\/\/www.carlosyconchita.net\/rutas\/#\/schema\/person\/a9691f7258c28443fab2d3aa1479ea19"},"headline":"28-05-2022-Bornas 251-255","datePublished":"2022-05-28T15:23:39+00:00","dateModified":"2022-06-14T16:26:50+00:00","mainEntityOfPage":{"@id":"https:\/\/www.carlosyconchita.net\/rutas\/28-05-2022-bornas-251-255\/"},"wordCount":693,"image":{"@id":"https:\/\/www.carlosyconchita.net\/rutas\/28-05-2022-bornas-251-255\/#primaryimage"},"thumbnailUrl":"https:\/\/www.carlosyconchita.net\/rutas\/wp-content\/uploads\/2022\/06\/Borna-251-255-00035.jpg","articleSection":["2-Moderada","3 - De 10 a 15 km.","Mojones \/ Bornas frontera ES-FR"],"inLanguage":"es"},{"@type":"WebPage","@id":"https:\/\/www.carlosyconchita.net\/rutas\/28-05-2022-bornas-251-255\/","url":"https:\/\/www.carlosyconchita.net\/rutas\/28-05-2022-bornas-251-255\/","name":"28-05-2022-Bornas 251-255 -","isPartOf":{"@id":"https:\/\/www.carlosyconchita.net\/rutas\/#website"},"primaryImageOfPage":{"@id":"https:\/\/www.carlosyconchita.net\/rutas\/28-05-2022-bornas-251-255\/#primaryimage"},"image":{"@id":"https:\/\/www.carlosyconchita.net\/rutas\/28-05-2022-bornas-251-255\/#primaryimage"},"thumbnailUrl":"https:\/\/www.carlosyconchita.net\/rutas\/wp-content\/uploads\/2022\/06\/Borna-251-255-00035.jpg","datePublished":"2022-05-28T15:23:39+00:00","dateModified":"2022-06-14T16:26:50+00:00","author":{"@id":"https:\/\/www.carlosyconchita.net\/rutas\/#\/schema\/person\/a9691f7258c28443fab2d3aa1479ea19"},"description":"Hoy por fin hemos tenido un d\u00eda normal, o sea con sol, y que nos ha permitido hacer la ruta prevista para localizar las bornas 251 a 255, y no como los dos d\u00edas anteriores con niebla, viento , etc. en la bonita zona de Belagua.Con esta publicaci\u00f3n, a\u00f1adimos 5 bornas m\u00e1s a nuestra lista : total 514 de las 602 existentes.","breadcrumb":{"@id":"https:\/\/www.carlosyconchita.net\/rutas\/28-05-2022-bornas-251-255\/#breadcrumb"},"inLanguage":"es","potentialAction":[{"@type":"ReadAction","target":["https:\/\/www.carlosyconchita.net\/rutas\/28-05-2022-bornas-251-255\/"]}]},{"@type":"ImageObject","inLanguage":"es","@id":"https:\/\/www.carlosyconchita.net\/rutas\/28-05-2022-bornas-251-255\/#primaryimage","url":"https:\/\/www.carlosyconchita.net\/rutas\/wp-content\/uploads\/2022\/06\/Borna-251-255-00035.jpg","contentUrl":"https:\/\/www.carlosyconchita.net\/rutas\/wp-content\/uploads\/2022\/06\/Borna-251-255-00035.jpg","width":1024,"height":760},{"@type":"BreadcrumbList","@id":"https:\/\/www.carlosyconchita.net\/rutas\/28-05-2022-bornas-251-255\/#breadcrumb","itemListElement":[{"@type":"ListItem","position":1,"name":"Portada","item":"https:\/\/www.carlosyconchita.net\/rutas\/"},{"@type":"ListItem","position":2,"name":"28-05-2022-Bornas 251-255"}]},{"@type":"WebSite","@id":"https:\/\/www.carlosyconchita.net\/rutas\/#website","url":"https:\/\/www.carlosyconchita.net\/rutas\/","name":"Las rutas de Carlos y Conchita","description":"","potentialAction":[{"@type":"SearchAction","target":{"@type":"EntryPoint","urlTemplate":"https:\/\/www.carlosyconchita.net\/rutas\/?s={search_term_string}"},"query-input":{"@type":"PropertyValueSpecification","valueRequired":true,"valueName":"search_term_string"}}],"inLanguage":"es"},{"@type":"Person","@id":"https:\/\/www.carlosyconchita.net\/rutas\/#\/schema\/person\/a9691f7258c28443fab2d3aa1479ea19","name":"Carlos Conchita","image":{"@type":"ImageObject","inLanguage":"es","@id":"https:\/\/secure.gravatar.com\/avatar\/3a4625b20c8da3de99da69bfe7a322774e291c3f90dce7e8778a30fe6748ed1a?s=96&d=mm&r=g","url":"https:\/\/secure.gravatar.com\/avatar\/3a4625b20c8da3de99da69bfe7a322774e291c3f90dce7e8778a30fe6748ed1a?s=96&d=mm&r=g","contentUrl":"https:\/\/secure.gravatar.com\/avatar\/3a4625b20c8da3de99da69bfe7a322774e291c3f90dce7e8778a30fe6748ed1a?s=96&d=mm&r=g","caption":"Carlos Conchita"}}]}},"_links":{"self":[{"href":"https:\/\/www.carlosyconchita.net\/rutas\/wp-json\/wp\/v2\/posts\/17823","targetHints":{"allow":["GET"]}}],"collection":[{"href":"https:\/\/www.carlosyconchita.net\/rutas\/wp-json\/wp\/v2\/posts"}],"about":[{"href":"https:\/\/www.carlosyconchita.net\/rutas\/wp-json\/wp\/v2\/types\/post"}],"author":[{"embeddable":true,"href":"https:\/\/www.carlosyconchita.net\/rutas\/wp-json\/wp\/v2\/users\/50"}],"replies":[{"embeddable":true,"href":"https:\/\/www.carlosyconchita.net\/rutas\/wp-json\/wp\/v2\/comments?post=17823"}],"version-history":[{"count":0,"href":"https:\/\/www.carlosyconchita.net\/rutas\/wp-json\/wp\/v2\/posts\/17823\/revisions"}],"wp:featuredmedia":[{"embeddable":true,"href":"https:\/\/www.carlosyconchita.net\/rutas\/wp-json\/wp\/v2\/media\/17824"}],"wp:attachment":[{"href":"https:\/\/www.carlosyconchita.net\/rutas\/wp-json\/wp\/v2\/media?parent=17823"}],"wp:term":[{"taxonomy":"category","embeddable":true,"href":"https:\/\/www.carlosyconchita.net\/rutas\/wp-json\/wp\/v2\/categories?post=17823"},{"taxonomy":"post_tag","embeddable":true,"href":"https:\/\/www.carlosyconchita.net\/rutas\/wp-json\/wp\/v2\/tags?post=17823"}],"curies":[{"name":"wp","href":"https:\/\/api.w.org\/{rel}","templated":true}]}}