{"id":17842,"date":"2022-04-29T16:27:14","date_gmt":"2022-04-29T15:27:14","guid":{"rendered":"https:\/\/www.carlosyconchita.net\/rutas\/?p=17842"},"modified":"2022-07-30T18:02:27","modified_gmt":"2022-07-30T17:02:27","slug":"29-04-2022-refugio-de-la-feixa-lago-malniu","status":"publish","type":"post","link":"https:\/\/www.carlosyconchita.net\/rutas\/29-04-2022-refugio-de-la-feixa-lago-malniu\/","title":{"rendered":"29-04-2022-Refugio de la Feixa -Lago Malniu"},"content":{"rendered":"<p style=\"text-align: justify;\">Hoy nos vamos a la zona de Guils-Fontanera, y como que en verano se puede llegar en coche\u00a0 a la zona del refugio de la Feixa, decidimos hacer una caminata en direcci\u00f3n a los lagos de Malniu , Sec y\u00a0 Mal, ya que hace tiempo que no hemos ido por all\u00ed.<\/p>\n<p style=\"text-align: justify;\">Dejamos el coche en el camino de tierra que sube de la estaci\u00f3n de ski de Guils-Fontanera, frente al refugio de La Feixa y empezamos a caminar por detr\u00e1s del refugio, pero como se puede ver en el track, al cabo de unos pocos metros debemos volver atr\u00e1s, porque hay mucha nieve , y hoy vamos sin raquetas pensando que ya no quedar\u00eda tanta.<\/p>\n<p style=\"text-align: justify;\">Nuestra idea inicial era llegar a los lagos citados por el bosque, como hab\u00edamos hecho a\u00f1os atr\u00e1s, para evitarnos la caminata por el camino principal por el que hemos llegado con el coche, mucho m\u00e1s aburrido y pesado, pero no ha sido posible, as\u00ed que no nos ha quedado m\u00e1s remedio que ir por el camino.<\/p>\n<p style=\"text-align: justify;\">Al cabo de un poco m\u00e1s de 1 km. hemos girado a nuestra derecha, entrando en el bosque , en donde hemos encontrado bastante nieve, pero sin problemas especiales por ir sin raquetas.<\/p>\n<p style=\"text-align: justify;\">Conforme nos acerc\u00e1bamos al lago Malniu, s\u00ed que el grueso de la nieve iba aumentando y en alg\u00fan punto nos hemos hundido m\u00e1s de la cuenta, especialmente a la vuelta, en un punto en donde no \u00edbamos por el mismo camino de la ida, y en donde hemos tenido que retroceder por la gran cantidad de nieve, aunque las vistas han valido la pena.<\/p>\n<p>Debido a que hay demasiada nieve para ir a los otros lagos sin raquetas, no intentamos llegar a ellos y volvemos por el mismo camino.<\/p>\n<p style=\"text-align: justify;\">Dado que la caminata ha sido m\u00e1s corta de lo previsto, hemos comido el bocata al final de la misma, en el bar de la estaci\u00f3n de ski.<\/p>\n<p style=\"text-align: justify;\">Ya con el coche, y en la carretera de bajada desde la estaci\u00f3n de ski a Guils, hemos parado un momento para fotografiar de nuevo la borna 443, situada al lado de la carretera.<\/p>\n<hr \/>\n<p>&nbsp;<\/p>\n<p><strong>Distancia total<\/strong> :\u00a0\u00a0\u00a0\u00a0\u00a0\u00a0 6.432 <span class=\"totlen\"><span class=\"summaryvalue\">m.\u00a0\u00a0\u00a0\u00a0\u00a0\u00a0\u00a0\u00a0\u00a0\u00a0\u00a0\u00a0\u00a0\u00a0\u00a0\u00a0\u00a0\u00a0\u00a0\u00a0\u00a0 <\/span><\/span><strong>Desnivel acumulado (s\/Wikiloc)<\/strong> :\u00a0 \u00a0\u00a0 119 m.<\/p>\n<p><strong>Alturas m\u00edn\/m\u00e1x. :\u00a0<\/strong> \u00a0 2.154 m.\u00a0 \/\u00a0 2.265 m.<\/p>\n<p>&nbsp;<\/p>\n<hr \/>\n<p><strong>Album de fotos<\/strong><\/p>\n<p><a href=\"https:\/\/photos.app.goo.gl\/ydzworpxAw4VLJ9R9\" target=\"_blank\" rel=\"noopener\"><img loading=\"lazy\" decoding=\"async\" class=\"size-medium wp-image-17843 aligncenter\" src=\"https:\/\/www.carlosyconchita.net\/rutas\/wp-content\/uploads\/2022\/06\/Malniu-00025-300x169.jpg\" alt=\"\" width=\"300\" height=\"169\" srcset=\"https:\/\/www.carlosyconchita.net\/rutas\/wp-content\/uploads\/2022\/06\/Malniu-00025-300x169.jpg 300w, https:\/\/www.carlosyconchita.net\/rutas\/wp-content\/uploads\/2022\/06\/Malniu-00025-600x338.jpg 600w, https:\/\/www.carlosyconchita.net\/rutas\/wp-content\/uploads\/2022\/06\/Malniu-00025-768x432.jpg 768w, https:\/\/www.carlosyconchita.net\/rutas\/wp-content\/uploads\/2022\/06\/Malniu-00025.jpg 1024w\" sizes=\"auto, (max-width: 300px) 100vw, 300px\" \/><\/a><\/p>\n<hr \/>\n<h4><strong>Mapa y track de la ruta<\/strong><\/h4>\n<p style=\"text-align: center;\"><strong><span style=\"color: #ff0000;\">Pulsando sobre los waypoints del mapa, se puede ver una foto del sitio.<\/span><\/strong><\/p>\n<p>&nbsp;<\/p>\n<p><a href=\"https:\/\/www.carlosyconchita.net\/rutas\/wp-content\/uploads\/gpx\/LaFeixa-Malniu.html\" target=\"_blank\" rel=\"noopener\"><img loading=\"lazy\" decoding=\"async\" class=\"aligncenter wp-image-16466\" src=\"https:\/\/www.carlosyconchita.net\/rutas\/wp-content\/uploads\/2021\/09\/mapa2.jpg\" alt=\"\" width=\"0185\" height=\"185\" srcset=\"https:\/\/www.carlosyconchita.net\/rutas\/wp-content\/uploads\/2021\/09\/mapa2.jpg 225w, https:\/\/www.carlosyconchita.net\/rutas\/wp-content\/uploads\/2021\/09\/mapa2-120x120.jpg 120w\" sizes=\"auto, (max-width: 185px) 100vw, 185px\" \/><\/a><\/p>\n<hr \/>\n<p><strong>Wikiloc <\/strong><strong><br \/>\n<\/strong><\/p>\n<p><a href=\"https:\/\/es.wikiloc.com\/rutas-senderismo\/refugio-de-la-feixa-lago-malniu-105696148\" target=\"_blank\" rel=\"noopener\"><img loading=\"lazy\" decoding=\"async\" class=\"aligncenter size-full wp-image-958\" src=\"https:\/\/www.carlosyconchita.net\/rutas\/wp-content\/uploads\/2020\/09\/wikiloc.jpg\" alt=\"\" width=\"117\" height=\"34\" \/><\/a><\/p>\n<p>&nbsp;<\/p>\n<hr \/>\n<p style=\"text-align: justify;\"><span style=\"color: #ff0000; background-color: #ffffff; font-size: 14pt;\"><strong>Si te ha gustado, comp\u00e1rtelo en tu red favorita o env\u00edanos tu comentario.<br \/>\n<\/strong><\/span><\/p>\n<p style=\"text-align: justify;\"><span style=\"font-size: 14pt;\"><strong><span style=\"color: #ff0000;\">Muchas gracias !<\/span><\/strong><\/span><\/p>\n<hr \/>\n<p style=\"text-align: justify;\"><strong><span style=\"color: #008000;\">Suscribete si quieres recibir un mail cuando publiquemos nuevas rutas : no enviamos publicidad y como m\u00e1ximo enviamos 2 mails al mes<\/span><\/strong><\/p>\n<p style=\"text-align: center;\"><a href=\"https:\/\/mailchi.mp\/6989c83a3e24\/wmv06rtqcz\/\" target=\"_blank\" rel=\"noopener noreferrer\"><strong><span style=\"color: #0000ff;\">Pulsa aqu\u00ed para suscribirte<\/span><\/strong><\/a><\/p>\n","protected":false},"excerpt":{"rendered":"<p>Dejamos el coche al lado del refugio de la Feixa y nos dirigimos hacia el lago de Malniu, con la idea de ir despu\u00e9s a los lagos de Mal y el Sec, pero debido a la cantidad de nieve y a que no llevamos con raquetas, decidimos no llegar a estos dos \u00faltimos lagos.<\/p>\n","protected":false},"author":50,"featured_media":17843,"comment_status":"closed","ping_status":"open","sticky":false,"template":"","format":"standard","meta":{"footnotes":""},"categories":[10,22,77],"tags":[],"class_list":{"0":"post-17842","1":"post","2":"type-post","3":"status-publish","4":"format-standard","5":"has-post-thumbnail","6":"hentry","7":"category-facil","8":"category-de-05-a-10-km","9":"category-guils","11":"post-with-thumbnail","12":"post-with-thumbnail-icon"},"yoast_head":"<!-- This site is optimized with the Yoast SEO plugin v27.4 - https:\/\/yoast.com\/product\/yoast-seo-wordpress\/ -->\n<title>29-04-2022-Refugio de la Feixa -Lago Malniu -<\/title>\n<meta name=\"description\" content=\"Dejamos el coche al lado del refugio de la Feixa y nos dirigimos hacia el lago de Malniu, con la idea de ir despu\u00e9s a los lagos de Mal y el Sec, pero debido a la cantidad de nieve y a que no llevamos con raquetas, decidimos no llegar a estos dos \u00faltimos lagos.\" \/>\n<meta name=\"robots\" content=\"index, follow, max-snippet:-1, max-image-preview:large, max-video-preview:-1\" \/>\n<link rel=\"canonical\" href=\"https:\/\/www.carlosyconchita.net\/rutas\/29-04-2022-refugio-de-la-feixa-lago-malniu\/\" \/>\n<meta property=\"og:locale\" content=\"es_ES\" \/>\n<meta property=\"og:type\" content=\"article\" \/>\n<meta property=\"og:title\" content=\"29-04-2022-Refugio de la Feixa -Lago Malniu -\" \/>\n<meta property=\"og:description\" content=\"Dejamos el coche al lado del refugio de la Feixa y nos dirigimos hacia el lago de Malniu, con la idea de ir despu\u00e9s a los lagos de Mal y el Sec, pero debido a la cantidad de nieve y a que no llevamos con raquetas, decidimos no llegar a estos dos \u00faltimos lagos.\" \/>\n<meta property=\"og:url\" content=\"https:\/\/www.carlosyconchita.net\/rutas\/29-04-2022-refugio-de-la-feixa-lago-malniu\/\" \/>\n<meta property=\"og:site_name\" content=\"Las rutas de Carlos y Conchita\" \/>\n<meta property=\"article:published_time\" content=\"2022-04-29T15:27:14+00:00\" \/>\n<meta property=\"article:modified_time\" content=\"2022-07-30T17:02:27+00:00\" \/>\n<meta property=\"og:image\" content=\"https:\/\/www.carlosyconchita.net\/rutas\/wp-content\/uploads\/2022\/06\/Malniu-00025.jpg\" \/>\n\t<meta property=\"og:image:width\" content=\"1024\" \/>\n\t<meta property=\"og:image:height\" content=\"576\" \/>\n\t<meta property=\"og:image:type\" content=\"image\/jpeg\" \/>\n<meta name=\"author\" content=\"Carlos Conchita\" \/>\n<meta name=\"twitter:label1\" content=\"Escrito por\" \/>\n\t<meta name=\"twitter:data1\" content=\"Carlos Conchita\" \/>\n\t<meta name=\"twitter:label2\" content=\"Tiempo de lectura\" \/>\n\t<meta name=\"twitter:data2\" content=\"3 minutos\" \/>\n<script type=\"application\/ld+json\" class=\"yoast-schema-graph\">{\"@context\":\"https:\\\/\\\/schema.org\",\"@graph\":[{\"@type\":\"Article\",\"@id\":\"https:\\\/\\\/www.carlosyconchita.net\\\/rutas\\\/29-04-2022-refugio-de-la-feixa-lago-malniu\\\/#article\",\"isPartOf\":{\"@id\":\"https:\\\/\\\/www.carlosyconchita.net\\\/rutas\\\/29-04-2022-refugio-de-la-feixa-lago-malniu\\\/\"},\"author\":{\"name\":\"Carlos Conchita\",\"@id\":\"https:\\\/\\\/www.carlosyconchita.net\\\/rutas\\\/#\\\/schema\\\/person\\\/a9691f7258c28443fab2d3aa1479ea19\"},\"headline\":\"29-04-2022-Refugio de la Feixa -Lago Malniu\",\"datePublished\":\"2022-04-29T15:27:14+00:00\",\"dateModified\":\"2022-07-30T17:02:27+00:00\",\"mainEntityOfPage\":{\"@id\":\"https:\\\/\\\/www.carlosyconchita.net\\\/rutas\\\/29-04-2022-refugio-de-la-feixa-lago-malniu\\\/\"},\"wordCount\":459,\"image\":{\"@id\":\"https:\\\/\\\/www.carlosyconchita.net\\\/rutas\\\/29-04-2022-refugio-de-la-feixa-lago-malniu\\\/#primaryimage\"},\"thumbnailUrl\":\"https:\\\/\\\/www.carlosyconchita.net\\\/rutas\\\/wp-content\\\/uploads\\\/2022\\\/06\\\/Malniu-00025.jpg\",\"articleSection\":[\"1-F\u00e1cil\",\"2 - De 5 a 10 km.\",\"Guils\"],\"inLanguage\":\"es\"},{\"@type\":\"WebPage\",\"@id\":\"https:\\\/\\\/www.carlosyconchita.net\\\/rutas\\\/29-04-2022-refugio-de-la-feixa-lago-malniu\\\/\",\"url\":\"https:\\\/\\\/www.carlosyconchita.net\\\/rutas\\\/29-04-2022-refugio-de-la-feixa-lago-malniu\\\/\",\"name\":\"29-04-2022-Refugio de la Feixa -Lago Malniu -\",\"isPartOf\":{\"@id\":\"https:\\\/\\\/www.carlosyconchita.net\\\/rutas\\\/#website\"},\"primaryImageOfPage\":{\"@id\":\"https:\\\/\\\/www.carlosyconchita.net\\\/rutas\\\/29-04-2022-refugio-de-la-feixa-lago-malniu\\\/#primaryimage\"},\"image\":{\"@id\":\"https:\\\/\\\/www.carlosyconchita.net\\\/rutas\\\/29-04-2022-refugio-de-la-feixa-lago-malniu\\\/#primaryimage\"},\"thumbnailUrl\":\"https:\\\/\\\/www.carlosyconchita.net\\\/rutas\\\/wp-content\\\/uploads\\\/2022\\\/06\\\/Malniu-00025.jpg\",\"datePublished\":\"2022-04-29T15:27:14+00:00\",\"dateModified\":\"2022-07-30T17:02:27+00:00\",\"author\":{\"@id\":\"https:\\\/\\\/www.carlosyconchita.net\\\/rutas\\\/#\\\/schema\\\/person\\\/a9691f7258c28443fab2d3aa1479ea19\"},\"description\":\"Dejamos el coche al lado del refugio de la Feixa y nos dirigimos hacia el lago de Malniu, con la idea de ir despu\u00e9s a los lagos de Mal y el Sec, pero debido a la cantidad de nieve y a que no llevamos con raquetas, decidimos no llegar a estos dos \u00faltimos lagos.\",\"breadcrumb\":{\"@id\":\"https:\\\/\\\/www.carlosyconchita.net\\\/rutas\\\/29-04-2022-refugio-de-la-feixa-lago-malniu\\\/#breadcrumb\"},\"inLanguage\":\"es\",\"potentialAction\":[{\"@type\":\"ReadAction\",\"target\":[\"https:\\\/\\\/www.carlosyconchita.net\\\/rutas\\\/29-04-2022-refugio-de-la-feixa-lago-malniu\\\/\"]}]},{\"@type\":\"ImageObject\",\"inLanguage\":\"es\",\"@id\":\"https:\\\/\\\/www.carlosyconchita.net\\\/rutas\\\/29-04-2022-refugio-de-la-feixa-lago-malniu\\\/#primaryimage\",\"url\":\"https:\\\/\\\/www.carlosyconchita.net\\\/rutas\\\/wp-content\\\/uploads\\\/2022\\\/06\\\/Malniu-00025.jpg\",\"contentUrl\":\"https:\\\/\\\/www.carlosyconchita.net\\\/rutas\\\/wp-content\\\/uploads\\\/2022\\\/06\\\/Malniu-00025.jpg\",\"width\":1024,\"height\":576},{\"@type\":\"BreadcrumbList\",\"@id\":\"https:\\\/\\\/www.carlosyconchita.net\\\/rutas\\\/29-04-2022-refugio-de-la-feixa-lago-malniu\\\/#breadcrumb\",\"itemListElement\":[{\"@type\":\"ListItem\",\"position\":1,\"name\":\"Portada\",\"item\":\"https:\\\/\\\/www.carlosyconchita.net\\\/rutas\\\/\"},{\"@type\":\"ListItem\",\"position\":2,\"name\":\"29-04-2022-Refugio de la Feixa -Lago Malniu\"}]},{\"@type\":\"WebSite\",\"@id\":\"https:\\\/\\\/www.carlosyconchita.net\\\/rutas\\\/#website\",\"url\":\"https:\\\/\\\/www.carlosyconchita.net\\\/rutas\\\/\",\"name\":\"Las rutas de Carlos y Conchita\",\"description\":\"\",\"potentialAction\":[{\"@type\":\"SearchAction\",\"target\":{\"@type\":\"EntryPoint\",\"urlTemplate\":\"https:\\\/\\\/www.carlosyconchita.net\\\/rutas\\\/?s={search_term_string}\"},\"query-input\":{\"@type\":\"PropertyValueSpecification\",\"valueRequired\":true,\"valueName\":\"search_term_string\"}}],\"inLanguage\":\"es\"},{\"@type\":\"Person\",\"@id\":\"https:\\\/\\\/www.carlosyconchita.net\\\/rutas\\\/#\\\/schema\\\/person\\\/a9691f7258c28443fab2d3aa1479ea19\",\"name\":\"Carlos Conchita\",\"image\":{\"@type\":\"ImageObject\",\"inLanguage\":\"es\",\"@id\":\"https:\\\/\\\/secure.gravatar.com\\\/avatar\\\/3a4625b20c8da3de99da69bfe7a322774e291c3f90dce7e8778a30fe6748ed1a?s=96&d=mm&r=g\",\"url\":\"https:\\\/\\\/secure.gravatar.com\\\/avatar\\\/3a4625b20c8da3de99da69bfe7a322774e291c3f90dce7e8778a30fe6748ed1a?s=96&d=mm&r=g\",\"contentUrl\":\"https:\\\/\\\/secure.gravatar.com\\\/avatar\\\/3a4625b20c8da3de99da69bfe7a322774e291c3f90dce7e8778a30fe6748ed1a?s=96&d=mm&r=g\",\"caption\":\"Carlos Conchita\"}}]}<\/script>\n<!-- \/ Yoast SEO plugin. -->","yoast_head_json":{"title":"29-04-2022-Refugio de la Feixa -Lago Malniu -","description":"Dejamos el coche al lado del refugio de la Feixa y nos dirigimos hacia el lago de Malniu, con la idea de ir despu\u00e9s a los lagos de Mal y el Sec, pero debido a la cantidad de nieve y a que no llevamos con raquetas, decidimos no llegar a estos dos \u00faltimos lagos.","robots":{"index":"index","follow":"follow","max-snippet":"max-snippet:-1","max-image-preview":"max-image-preview:large","max-video-preview":"max-video-preview:-1"},"canonical":"https:\/\/www.carlosyconchita.net\/rutas\/29-04-2022-refugio-de-la-feixa-lago-malniu\/","og_locale":"es_ES","og_type":"article","og_title":"29-04-2022-Refugio de la Feixa -Lago Malniu -","og_description":"Dejamos el coche al lado del refugio de la Feixa y nos dirigimos hacia el lago de Malniu, con la idea de ir despu\u00e9s a los lagos de Mal y el Sec, pero debido a la cantidad de nieve y a que no llevamos con raquetas, decidimos no llegar a estos dos \u00faltimos lagos.","og_url":"https:\/\/www.carlosyconchita.net\/rutas\/29-04-2022-refugio-de-la-feixa-lago-malniu\/","og_site_name":"Las rutas de Carlos y Conchita","article_published_time":"2022-04-29T15:27:14+00:00","article_modified_time":"2022-07-30T17:02:27+00:00","og_image":[{"width":1024,"height":576,"url":"https:\/\/www.carlosyconchita.net\/rutas\/wp-content\/uploads\/2022\/06\/Malniu-00025.jpg","type":"image\/jpeg"}],"author":"Carlos Conchita","twitter_misc":{"Escrito por":"Carlos Conchita","Tiempo de lectura":"3 minutos"},"schema":{"@context":"https:\/\/schema.org","@graph":[{"@type":"Article","@id":"https:\/\/www.carlosyconchita.net\/rutas\/29-04-2022-refugio-de-la-feixa-lago-malniu\/#article","isPartOf":{"@id":"https:\/\/www.carlosyconchita.net\/rutas\/29-04-2022-refugio-de-la-feixa-lago-malniu\/"},"author":{"name":"Carlos Conchita","@id":"https:\/\/www.carlosyconchita.net\/rutas\/#\/schema\/person\/a9691f7258c28443fab2d3aa1479ea19"},"headline":"29-04-2022-Refugio de la Feixa -Lago Malniu","datePublished":"2022-04-29T15:27:14+00:00","dateModified":"2022-07-30T17:02:27+00:00","mainEntityOfPage":{"@id":"https:\/\/www.carlosyconchita.net\/rutas\/29-04-2022-refugio-de-la-feixa-lago-malniu\/"},"wordCount":459,"image":{"@id":"https:\/\/www.carlosyconchita.net\/rutas\/29-04-2022-refugio-de-la-feixa-lago-malniu\/#primaryimage"},"thumbnailUrl":"https:\/\/www.carlosyconchita.net\/rutas\/wp-content\/uploads\/2022\/06\/Malniu-00025.jpg","articleSection":["1-F\u00e1cil","2 - De 5 a 10 km.","Guils"],"inLanguage":"es"},{"@type":"WebPage","@id":"https:\/\/www.carlosyconchita.net\/rutas\/29-04-2022-refugio-de-la-feixa-lago-malniu\/","url":"https:\/\/www.carlosyconchita.net\/rutas\/29-04-2022-refugio-de-la-feixa-lago-malniu\/","name":"29-04-2022-Refugio de la Feixa -Lago Malniu -","isPartOf":{"@id":"https:\/\/www.carlosyconchita.net\/rutas\/#website"},"primaryImageOfPage":{"@id":"https:\/\/www.carlosyconchita.net\/rutas\/29-04-2022-refugio-de-la-feixa-lago-malniu\/#primaryimage"},"image":{"@id":"https:\/\/www.carlosyconchita.net\/rutas\/29-04-2022-refugio-de-la-feixa-lago-malniu\/#primaryimage"},"thumbnailUrl":"https:\/\/www.carlosyconchita.net\/rutas\/wp-content\/uploads\/2022\/06\/Malniu-00025.jpg","datePublished":"2022-04-29T15:27:14+00:00","dateModified":"2022-07-30T17:02:27+00:00","author":{"@id":"https:\/\/www.carlosyconchita.net\/rutas\/#\/schema\/person\/a9691f7258c28443fab2d3aa1479ea19"},"description":"Dejamos el coche al lado del refugio de la Feixa y nos dirigimos hacia el lago de Malniu, con la idea de ir despu\u00e9s a los lagos de Mal y el Sec, pero debido a la cantidad de nieve y a que no llevamos con raquetas, decidimos no llegar a estos dos \u00faltimos lagos.","breadcrumb":{"@id":"https:\/\/www.carlosyconchita.net\/rutas\/29-04-2022-refugio-de-la-feixa-lago-malniu\/#breadcrumb"},"inLanguage":"es","potentialAction":[{"@type":"ReadAction","target":["https:\/\/www.carlosyconchita.net\/rutas\/29-04-2022-refugio-de-la-feixa-lago-malniu\/"]}]},{"@type":"ImageObject","inLanguage":"es","@id":"https:\/\/www.carlosyconchita.net\/rutas\/29-04-2022-refugio-de-la-feixa-lago-malniu\/#primaryimage","url":"https:\/\/www.carlosyconchita.net\/rutas\/wp-content\/uploads\/2022\/06\/Malniu-00025.jpg","contentUrl":"https:\/\/www.carlosyconchita.net\/rutas\/wp-content\/uploads\/2022\/06\/Malniu-00025.jpg","width":1024,"height":576},{"@type":"BreadcrumbList","@id":"https:\/\/www.carlosyconchita.net\/rutas\/29-04-2022-refugio-de-la-feixa-lago-malniu\/#breadcrumb","itemListElement":[{"@type":"ListItem","position":1,"name":"Portada","item":"https:\/\/www.carlosyconchita.net\/rutas\/"},{"@type":"ListItem","position":2,"name":"29-04-2022-Refugio de la Feixa -Lago Malniu"}]},{"@type":"WebSite","@id":"https:\/\/www.carlosyconchita.net\/rutas\/#website","url":"https:\/\/www.carlosyconchita.net\/rutas\/","name":"Las rutas de Carlos y Conchita","description":"","potentialAction":[{"@type":"SearchAction","target":{"@type":"EntryPoint","urlTemplate":"https:\/\/www.carlosyconchita.net\/rutas\/?s={search_term_string}"},"query-input":{"@type":"PropertyValueSpecification","valueRequired":true,"valueName":"search_term_string"}}],"inLanguage":"es"},{"@type":"Person","@id":"https:\/\/www.carlosyconchita.net\/rutas\/#\/schema\/person\/a9691f7258c28443fab2d3aa1479ea19","name":"Carlos Conchita","image":{"@type":"ImageObject","inLanguage":"es","@id":"https:\/\/secure.gravatar.com\/avatar\/3a4625b20c8da3de99da69bfe7a322774e291c3f90dce7e8778a30fe6748ed1a?s=96&d=mm&r=g","url":"https:\/\/secure.gravatar.com\/avatar\/3a4625b20c8da3de99da69bfe7a322774e291c3f90dce7e8778a30fe6748ed1a?s=96&d=mm&r=g","contentUrl":"https:\/\/secure.gravatar.com\/avatar\/3a4625b20c8da3de99da69bfe7a322774e291c3f90dce7e8778a30fe6748ed1a?s=96&d=mm&r=g","caption":"Carlos Conchita"}}]}},"_links":{"self":[{"href":"https:\/\/www.carlosyconchita.net\/rutas\/wp-json\/wp\/v2\/posts\/17842","targetHints":{"allow":["GET"]}}],"collection":[{"href":"https:\/\/www.carlosyconchita.net\/rutas\/wp-json\/wp\/v2\/posts"}],"about":[{"href":"https:\/\/www.carlosyconchita.net\/rutas\/wp-json\/wp\/v2\/types\/post"}],"author":[{"embeddable":true,"href":"https:\/\/www.carlosyconchita.net\/rutas\/wp-json\/wp\/v2\/users\/50"}],"replies":[{"embeddable":true,"href":"https:\/\/www.carlosyconchita.net\/rutas\/wp-json\/wp\/v2\/comments?post=17842"}],"version-history":[{"count":0,"href":"https:\/\/www.carlosyconchita.net\/rutas\/wp-json\/wp\/v2\/posts\/17842\/revisions"}],"wp:featuredmedia":[{"embeddable":true,"href":"https:\/\/www.carlosyconchita.net\/rutas\/wp-json\/wp\/v2\/media\/17843"}],"wp:attachment":[{"href":"https:\/\/www.carlosyconchita.net\/rutas\/wp-json\/wp\/v2\/media?parent=17842"}],"wp:term":[{"taxonomy":"category","embeddable":true,"href":"https:\/\/www.carlosyconchita.net\/rutas\/wp-json\/wp\/v2\/categories?post=17842"},{"taxonomy":"post_tag","embeddable":true,"href":"https:\/\/www.carlosyconchita.net\/rutas\/wp-json\/wp\/v2\/tags?post=17842"}],"curies":[{"name":"wp","href":"https:\/\/api.w.org\/{rel}","templated":true}]}}