{"id":179,"date":"2012-09-08T18:12:46","date_gmt":"2012-09-08T16:12:46","guid":{"rendered":"http:\/\/www.carlosyconchita.net\/rutas\/?p=179"},"modified":"2018-09-21T21:13:20","modified_gmt":"2018-09-21T20:13:20","slug":"lac-de-balmete-pistas-ski","status":"publish","type":"post","link":"https:\/\/www.carlosyconchita.net\/rutas\/lac-de-balmete-pistas-ski\/","title":{"rendered":"08-09-2012 &#8211; Lac de Balmete"},"content":{"rendered":"<p><strong><span style=\"color: #ff0000;\">Dificultad : Dificil<\/span> \u00a0\u00a0\u00a0\u00a0\u00a0\u00a0\u00a0\u00a0\u00a0\u00a0\u00a0\u00a0\u00a0<span style=\"color: #ff0000;\">\u00a0\u00a0 Total : 12\u2019740\u00a0 km. \u00a0\u00a0 <\/span><\/strong><\/p>\n<p><strong><span style=\"color: #ff0000;\">Desnivel : 746 m<\/span><span style=\"color: #ff0000;\">. \u00a0\u00a0\u00a0\u00a0\u00a0\u00a0\u00a0\u00a0\u00a0\u00a0\u00a0\u00a0\u00a0\u00a0\u00a0\u00a0\u00a0\u00a0\u00a0\u00a0\u00a0\u00a0\u00a0\u00a0 Alturas\u00a0 : \u00a0 1.782\/2.354 m.<\/span><br style=\"color: #ff0000;\" \/><br \/>\n<\/strong><\/p>\n<p style=\"text-align: justify;\">Esta ruta nos llevar\u00e1 al Lac de Balmete (o Balmeta), luego al refugio del mismo nombre, pasaremos muy cerca del lago de las Boullossas, y finalmente iremos al monte Llaret, donde terminan varios arrastres de la estaci\u00f3n de ski de Les Angles,\u00a0 bajando por las pistas hasta llegar al punto de inicio.<\/p>\n<p style=\"text-align: justify;\">La ruta empieza en un parking de m\u00e1quinas de la estaci\u00f3n de ski de Les Angles, situado al final de la calle la Pista Verde, en la parte alta del pueblo de Les Angles. Para llegar alli, suponiendo que vengamos desde Saillagosa y Mont-Luis, debemos cruzar el pueblo de Les Angles, hasta el final, y seguir la se\u00f1al del Parking indicado, donde dejaremos el coche y seguiremos las se\u00f1ales amarillas del sendero num. 7 de Les Angles, que nos servir\u00e1 de guia.<\/p>\n<p style=\"text-align: justify;\">El camino ir\u00e1 subiendo,\u00a0 y podremos ver a nuestra derecha el Lac de Balcere (o Vallserra).<\/p>\n<p><a href=\"http:\/\/www.carlosyconchita.net\/rutas\/wp-content\/uploads\/2012\/09\/DSC05244.jpg\"><img loading=\"lazy\" decoding=\"async\" class=\"alignleft size-thumbnail wp-image-185\" title=\"DSC05244\" src=\"http:\/\/www.carlosyconchita.net\/rutas\/wp-content\/uploads\/2012\/09\/DSC05244-150x150.jpg\" alt=\"\" width=\"150\" height=\"150\" srcset=\"https:\/\/www.carlosyconchita.net\/rutas\/wp-content\/uploads\/2012\/09\/DSC05244-150x150.jpg 150w, https:\/\/www.carlosyconchita.net\/rutas\/wp-content\/uploads\/2012\/09\/DSC05244-120x120.jpg 120w\" sizes=\"auto, (max-width: 150px) 100vw, 150px\" \/><\/a><\/p>\n<p><a href=\"http:\/\/www.carlosyconchita.net\/rutas\/wp-content\/uploads\/2012\/09\/DSC05247.jpg\"><img loading=\"lazy\" decoding=\"async\" class=\"alignright size-medium wp-image-186\" title=\"DSC05247\" src=\"http:\/\/www.carlosyconchita.net\/rutas\/wp-content\/uploads\/2012\/09\/DSC05247-300x168.jpg\" alt=\"\" width=\"300\" height=\"168\" srcset=\"https:\/\/www.carlosyconchita.net\/rutas\/wp-content\/uploads\/2012\/09\/DSC05247-300x168.jpg 300w, https:\/\/www.carlosyconchita.net\/rutas\/wp-content\/uploads\/2012\/09\/DSC05247-600x338.jpg 600w, https:\/\/www.carlosyconchita.net\/rutas\/wp-content\/uploads\/2012\/09\/DSC05247-1024x576.jpg 1024w, https:\/\/www.carlosyconchita.net\/rutas\/wp-content\/uploads\/2012\/09\/DSC05247.jpg 700w\" sizes=\"auto, (max-width: 300px) 100vw, 300px\" \/><\/a><\/p>\n<p>&nbsp;<\/p>\n<p>&nbsp;<\/p>\n<p>&nbsp;<\/p>\n<p>&nbsp;<\/p>\n<p>&nbsp;<\/p>\n<p>Llegaremos al Lac de Balmete, que\u00a0 podremos bordear pasando entre grandes piedras en la orilla.<\/p>\n<p><a href=\"http:\/\/www.carlosyconchita.net\/rutas\/wp-content\/uploads\/2012\/09\/DSC05250.jpg\"><img loading=\"lazy\" decoding=\"async\" class=\"aligncenter size-large wp-image-188\" title=\"DSC05250\" src=\"http:\/\/www.carlosyconchita.net\/rutas\/wp-content\/uploads\/2012\/09\/DSC05250-1024x576.jpg\" alt=\"\" width=\"640\" height=\"360\" srcset=\"https:\/\/www.carlosyconchita.net\/rutas\/wp-content\/uploads\/2012\/09\/DSC05250-1024x576.jpg 1024w, https:\/\/www.carlosyconchita.net\/rutas\/wp-content\/uploads\/2012\/09\/DSC05250-300x168.jpg 300w, https:\/\/www.carlosyconchita.net\/rutas\/wp-content\/uploads\/2012\/09\/DSC05250-600x338.jpg 600w, https:\/\/www.carlosyconchita.net\/rutas\/wp-content\/uploads\/2012\/09\/DSC05250.jpg 700w\" sizes=\"auto, (max-width: 640px) 100vw, 640px\" \/><\/a><\/p>\n<p><a href=\"http:\/\/www.carlosyconchita.net\/rutas\/wp-content\/uploads\/2012\/09\/DSC052511.jpg\"><img loading=\"lazy\" decoding=\"async\" class=\"aligncenter size-large wp-image-191\" title=\"DSC05251\" src=\"http:\/\/www.carlosyconchita.net\/rutas\/wp-content\/uploads\/2012\/09\/DSC052511-1024x768.jpg\" alt=\"\" width=\"640\" height=\"480\" srcset=\"https:\/\/www.carlosyconchita.net\/rutas\/wp-content\/uploads\/2012\/09\/DSC052511-1024x768.jpg 1024w, https:\/\/www.carlosyconchita.net\/rutas\/wp-content\/uploads\/2012\/09\/DSC052511-300x225.jpg 300w, https:\/\/www.carlosyconchita.net\/rutas\/wp-content\/uploads\/2012\/09\/DSC052511.jpg 533w\" sizes=\"auto, (max-width: 640px) 100vw, 640px\" \/><\/a><a href=\"http:\/\/www.carlosyconchita.net\/rutas\/wp-content\/uploads\/2012\/09\/DSC052551.jpg\"><img loading=\"lazy\" decoding=\"async\" class=\"aligncenter size-large wp-image-192\" title=\"DSC05255\" src=\"http:\/\/www.carlosyconchita.net\/rutas\/wp-content\/uploads\/2012\/09\/DSC052551-1024x768.jpg\" alt=\"\" width=\"640\" height=\"480\" srcset=\"https:\/\/www.carlosyconchita.net\/rutas\/wp-content\/uploads\/2012\/09\/DSC052551-1024x768.jpg 1024w, https:\/\/www.carlosyconchita.net\/rutas\/wp-content\/uploads\/2012\/09\/DSC052551-300x225.jpg 300w, https:\/\/www.carlosyconchita.net\/rutas\/wp-content\/uploads\/2012\/09\/DSC052551.jpg 533w\" sizes=\"auto, (max-width: 640px) 100vw, 640px\" \/><\/a><\/p>\n<p><a href=\"http:\/\/www.carlosyconchita.net\/rutas\/wp-content\/uploads\/2012\/09\/DSC05261.jpg\"><img loading=\"lazy\" decoding=\"async\" class=\"alignleft size-medium wp-image-187\" title=\"DSC05261\" src=\"http:\/\/www.carlosyconchita.net\/rutas\/wp-content\/uploads\/2012\/09\/DSC05261-300x168.jpg\" alt=\"\" width=\"300\" height=\"168\" srcset=\"https:\/\/www.carlosyconchita.net\/rutas\/wp-content\/uploads\/2012\/09\/DSC05261-300x168.jpg 300w, https:\/\/www.carlosyconchita.net\/rutas\/wp-content\/uploads\/2012\/09\/DSC05261-600x338.jpg 600w, https:\/\/www.carlosyconchita.net\/rutas\/wp-content\/uploads\/2012\/09\/DSC05261-1024x576.jpg 1024w, https:\/\/www.carlosyconchita.net\/rutas\/wp-content\/uploads\/2012\/09\/DSC05261.jpg 700w\" sizes=\"auto, (max-width: 300px) 100vw, 300px\" \/><\/a>El camino ira subiendo hasta alcanzar el Refugio de la Balmeta (desde aqui se puede ir a los Camporells), con una caba\u00f1a y un cercado para el ganado<\/p>\n<p>&nbsp;<\/p>\n<p>&nbsp;<\/p>\n<p>Siguiendo las se\u00f1ales nos acercaremos mucho al Lac de las Boullossas, que veremos desde arriba.<\/p>\n<p>Las se\u00f1ales nos llevaran hasta el Mont Llaret, zona donde terminan varios arrastres de la estacion de ski de Les Angles<\/p>\n<p style=\"text-align: justify;\">Para los aficionados al ski que conozcan la zona, no habr\u00e1 problema en llegar al punto donde hemos dejado el coche siguiendo cualquiera de las pistas o caminos que descienden, y podr\u00e1n comprobar que es mucho m\u00e1s cansado bajar caminando por cualquier pista que esquiar.<\/p>\n<p style=\"text-align: justify;\">Para los que no conozcan la zona,bastar\u00e1 con seguir las indicaciones de \u00abRetour<a href=\"http:\/\/www.carlosyconchita.net\/rutas\/wp-content\/uploads\/2012\/09\/DSC05276.jpg\"><img loading=\"lazy\" decoding=\"async\" class=\"alignright size-medium wp-image-194\" title=\"DSC05276\" src=\"http:\/\/www.carlosyconchita.net\/rutas\/wp-content\/uploads\/2012\/09\/DSC05276-300x225.jpg\" alt=\"\" width=\"300\" height=\"225\" srcset=\"https:\/\/www.carlosyconchita.net\/rutas\/wp-content\/uploads\/2012\/09\/DSC05276-300x225.jpg 300w, https:\/\/www.carlosyconchita.net\/rutas\/wp-content\/uploads\/2012\/09\/DSC05276-1024x768.jpg 1024w, https:\/\/www.carlosyconchita.net\/rutas\/wp-content\/uploads\/2012\/09\/DSC05276.jpg 533w\" sizes=\"auto, (max-width: 300px) 100vw, 300px\" \/><\/a> estation\u00bb y despu\u00e9s \u00abSecteur Jassetes\u00bb, teniendo cuidado una vez se llegue alli (ver foto del telesilla) , de bajar por la pista \u00abLlaret\u00bb, para que nos lleve al parking donde tenemos el coche, que encontraremos a mitad de recorrido, en una curva a la izquierda.<\/p>\n<p>&nbsp;<\/p>\n<p>&nbsp;<\/p>\n<p><a href=\"http:\/\/es.wikiloc.com\/wikiloc\/view.do?id=3337996\" target=\"_blank\" rel=\"noopener\">Enlace a Wikiloc\u00a0 <\/a><\/p>\n<p><a href=\"https:\/\/plus.google.com\/u\/0\/photos\/107644747431220159618\/albums\/5788416494216533025\" target=\"_blank\" rel=\"noopener\">\u00a0Ver \u00e1lbum completo de fotos de esta ruta&#8230;<\/a><\/p>\n<p>[wpdm_file id=14\u00a0 ]<\/p>\n<p>[wpdm_file id=15 ]<\/p>\n<p>&nbsp;<\/p>\n<p>&nbsp;<\/p>\n<p>&nbsp;<\/p>\n","protected":false},"excerpt":{"rendered":"<p>Dificultad : Dificil \u00a0\u00a0\u00a0\u00a0\u00a0\u00a0\u00a0\u00a0\u00a0\u00a0\u00a0\u00a0\u00a0\u00a0\u00a0 Total : 12\u2019740\u00a0 km. \u00a0\u00a0 Desnivel : 746 m. \u00a0\u00a0\u00a0\u00a0\u00a0\u00a0\u00a0\u00a0\u00a0\u00a0\u00a0\u00a0\u00a0\u00a0\u00a0\u00a0\u00a0\u00a0\u00a0\u00a0\u00a0\u00a0\u00a0\u00a0 Alturas\u00a0 : \u00a0 1.782\/2.354 m. Esta ruta nos llevar\u00e1 al Lac de Balmete (o Balmeta), luego al refugio del mismo nombre, pasaremos muy cerca del lago de las Boullossas, y finalmente iremos al monte Llaret, donde terminan varios arrastres de la [&hellip;]<\/p>\n","protected":false},"author":50,"featured_media":192,"comment_status":"open","ping_status":"open","sticky":false,"template":"","format":"gallery","meta":{"footnotes":""},"categories":[23,12,5],"tags":[],"class_list":{"0":"post-179","1":"post","2":"type-post","3":"status-publish","4":"format-gallery","5":"has-post-thumbnail","6":"hentry","7":"category-de-10-a-15-km","8":"category-dificil","9":"category-les-angles","10":"post_format-post-format-gallery","12":"post-with-thumbnail","13":"post-with-thumbnail-icon"},"yoast_head":"<!-- This site is optimized with the Yoast SEO plugin v27.4 - https:\/\/yoast.com\/product\/yoast-seo-wordpress\/ -->\n<title>08-09-2012 - Lac de Balmete -<\/title>\n<meta name=\"robots\" content=\"index, follow, max-snippet:-1, max-image-preview:large, max-video-preview:-1\" \/>\n<link rel=\"canonical\" href=\"https:\/\/www.carlosyconchita.net\/rutas\/lac-de-balmete-pistas-ski\/\" \/>\n<meta property=\"og:locale\" content=\"es_ES\" \/>\n<meta property=\"og:type\" content=\"article\" \/>\n<meta property=\"og:title\" content=\"08-09-2012 - Lac de Balmete -\" \/>\n<meta property=\"og:description\" content=\"Dificultad : Dificil \u00a0\u00a0\u00a0\u00a0\u00a0\u00a0\u00a0\u00a0\u00a0\u00a0\u00a0\u00a0\u00a0\u00a0\u00a0 Total : 12\u2019740\u00a0 km. \u00a0\u00a0 Desnivel : 746 m. \u00a0\u00a0\u00a0\u00a0\u00a0\u00a0\u00a0\u00a0\u00a0\u00a0\u00a0\u00a0\u00a0\u00a0\u00a0\u00a0\u00a0\u00a0\u00a0\u00a0\u00a0\u00a0\u00a0\u00a0 Alturas\u00a0 : \u00a0 1.782\/2.354 m. Esta ruta nos llevar\u00e1 al Lac de Balmete (o Balmeta), luego al refugio del mismo nombre, pasaremos muy cerca del lago de las Boullossas, y finalmente iremos al monte Llaret, donde terminan varios arrastres de la [&hellip;]\" \/>\n<meta property=\"og:url\" content=\"https:\/\/www.carlosyconchita.net\/rutas\/lac-de-balmete-pistas-ski\/\" \/>\n<meta property=\"og:site_name\" content=\"Las rutas de Carlos y Conchita\" \/>\n<meta property=\"article:published_time\" content=\"2012-09-08T16:12:46+00:00\" \/>\n<meta property=\"article:modified_time\" content=\"2018-09-21T20:13:20+00:00\" \/>\n<meta property=\"og:image\" content=\"https:\/\/www.carlosyconchita.net\/rutas\/wp-content\/uploads\/2012\/09\/DSC052551.jpg\" \/>\n\t<meta property=\"og:image:width\" content=\"533\" \/>\n\t<meta property=\"og:image:height\" content=\"400\" \/>\n\t<meta property=\"og:image:type\" content=\"image\/jpeg\" \/>\n<meta name=\"author\" content=\"Carlos Conchita\" \/>\n<meta name=\"twitter:label1\" content=\"Escrito por\" \/>\n\t<meta name=\"twitter:data1\" content=\"Carlos Conchita\" \/>\n\t<meta name=\"twitter:label2\" content=\"Tiempo de lectura\" \/>\n\t<meta name=\"twitter:data2\" content=\"2 minutos\" \/>\n<script type=\"application\/ld+json\" class=\"yoast-schema-graph\">{\"@context\":\"https:\\\/\\\/schema.org\",\"@graph\":[{\"@type\":\"Article\",\"@id\":\"https:\\\/\\\/www.carlosyconchita.net\\\/rutas\\\/lac-de-balmete-pistas-ski\\\/#article\",\"isPartOf\":{\"@id\":\"https:\\\/\\\/www.carlosyconchita.net\\\/rutas\\\/lac-de-balmete-pistas-ski\\\/\"},\"author\":{\"name\":\"Carlos Conchita\",\"@id\":\"https:\\\/\\\/www.carlosyconchita.net\\\/rutas\\\/#\\\/schema\\\/person\\\/a9691f7258c28443fab2d3aa1479ea19\"},\"headline\":\"08-09-2012 &#8211; Lac de Balmete\",\"datePublished\":\"2012-09-08T16:12:46+00:00\",\"dateModified\":\"2018-09-21T20:13:20+00:00\",\"mainEntityOfPage\":{\"@id\":\"https:\\\/\\\/www.carlosyconchita.net\\\/rutas\\\/lac-de-balmete-pistas-ski\\\/\"},\"wordCount\":385,\"commentCount\":0,\"image\":{\"@id\":\"https:\\\/\\\/www.carlosyconchita.net\\\/rutas\\\/lac-de-balmete-pistas-ski\\\/#primaryimage\"},\"thumbnailUrl\":\"https:\\\/\\\/www.carlosyconchita.net\\\/rutas\\\/wp-content\\\/uploads\\\/2012\\\/09\\\/DSC052551.jpg\",\"articleSection\":[\"3 - De 10 a 15 km.\",\"3-Dif\u00edcil\",\"Les Angles\"],\"inLanguage\":\"es\",\"potentialAction\":[{\"@type\":\"CommentAction\",\"name\":\"Comment\",\"target\":[\"https:\\\/\\\/www.carlosyconchita.net\\\/rutas\\\/lac-de-balmete-pistas-ski\\\/#respond\"]}]},{\"@type\":\"WebPage\",\"@id\":\"https:\\\/\\\/www.carlosyconchita.net\\\/rutas\\\/lac-de-balmete-pistas-ski\\\/\",\"url\":\"https:\\\/\\\/www.carlosyconchita.net\\\/rutas\\\/lac-de-balmete-pistas-ski\\\/\",\"name\":\"08-09-2012 - Lac de Balmete -\",\"isPartOf\":{\"@id\":\"https:\\\/\\\/www.carlosyconchita.net\\\/rutas\\\/#website\"},\"primaryImageOfPage\":{\"@id\":\"https:\\\/\\\/www.carlosyconchita.net\\\/rutas\\\/lac-de-balmete-pistas-ski\\\/#primaryimage\"},\"image\":{\"@id\":\"https:\\\/\\\/www.carlosyconchita.net\\\/rutas\\\/lac-de-balmete-pistas-ski\\\/#primaryimage\"},\"thumbnailUrl\":\"https:\\\/\\\/www.carlosyconchita.net\\\/rutas\\\/wp-content\\\/uploads\\\/2012\\\/09\\\/DSC052551.jpg\",\"datePublished\":\"2012-09-08T16:12:46+00:00\",\"dateModified\":\"2018-09-21T20:13:20+00:00\",\"author\":{\"@id\":\"https:\\\/\\\/www.carlosyconchita.net\\\/rutas\\\/#\\\/schema\\\/person\\\/a9691f7258c28443fab2d3aa1479ea19\"},\"breadcrumb\":{\"@id\":\"https:\\\/\\\/www.carlosyconchita.net\\\/rutas\\\/lac-de-balmete-pistas-ski\\\/#breadcrumb\"},\"inLanguage\":\"es\",\"potentialAction\":[{\"@type\":\"ReadAction\",\"target\":[\"https:\\\/\\\/www.carlosyconchita.net\\\/rutas\\\/lac-de-balmete-pistas-ski\\\/\"]}]},{\"@type\":\"ImageObject\",\"inLanguage\":\"es\",\"@id\":\"https:\\\/\\\/www.carlosyconchita.net\\\/rutas\\\/lac-de-balmete-pistas-ski\\\/#primaryimage\",\"url\":\"https:\\\/\\\/www.carlosyconchita.net\\\/rutas\\\/wp-content\\\/uploads\\\/2012\\\/09\\\/DSC052551.jpg\",\"contentUrl\":\"https:\\\/\\\/www.carlosyconchita.net\\\/rutas\\\/wp-content\\\/uploads\\\/2012\\\/09\\\/DSC052551.jpg\",\"width\":533,\"height\":400},{\"@type\":\"BreadcrumbList\",\"@id\":\"https:\\\/\\\/www.carlosyconchita.net\\\/rutas\\\/lac-de-balmete-pistas-ski\\\/#breadcrumb\",\"itemListElement\":[{\"@type\":\"ListItem\",\"position\":1,\"name\":\"Portada\",\"item\":\"https:\\\/\\\/www.carlosyconchita.net\\\/rutas\\\/\"},{\"@type\":\"ListItem\",\"position\":2,\"name\":\"08-09-2012 &#8211; Lac de Balmete\"}]},{\"@type\":\"WebSite\",\"@id\":\"https:\\\/\\\/www.carlosyconchita.net\\\/rutas\\\/#website\",\"url\":\"https:\\\/\\\/www.carlosyconchita.net\\\/rutas\\\/\",\"name\":\"Las rutas de Carlos y Conchita\",\"description\":\"\",\"potentialAction\":[{\"@type\":\"SearchAction\",\"target\":{\"@type\":\"EntryPoint\",\"urlTemplate\":\"https:\\\/\\\/www.carlosyconchita.net\\\/rutas\\\/?s={search_term_string}\"},\"query-input\":{\"@type\":\"PropertyValueSpecification\",\"valueRequired\":true,\"valueName\":\"search_term_string\"}}],\"inLanguage\":\"es\"},{\"@type\":\"Person\",\"@id\":\"https:\\\/\\\/www.carlosyconchita.net\\\/rutas\\\/#\\\/schema\\\/person\\\/a9691f7258c28443fab2d3aa1479ea19\",\"name\":\"Carlos Conchita\",\"image\":{\"@type\":\"ImageObject\",\"inLanguage\":\"es\",\"@id\":\"https:\\\/\\\/secure.gravatar.com\\\/avatar\\\/3a4625b20c8da3de99da69bfe7a322774e291c3f90dce7e8778a30fe6748ed1a?s=96&d=mm&r=g\",\"url\":\"https:\\\/\\\/secure.gravatar.com\\\/avatar\\\/3a4625b20c8da3de99da69bfe7a322774e291c3f90dce7e8778a30fe6748ed1a?s=96&d=mm&r=g\",\"contentUrl\":\"https:\\\/\\\/secure.gravatar.com\\\/avatar\\\/3a4625b20c8da3de99da69bfe7a322774e291c3f90dce7e8778a30fe6748ed1a?s=96&d=mm&r=g\",\"caption\":\"Carlos Conchita\"}}]}<\/script>\n<!-- \/ Yoast SEO plugin. -->","yoast_head_json":{"title":"08-09-2012 - Lac de Balmete -","robots":{"index":"index","follow":"follow","max-snippet":"max-snippet:-1","max-image-preview":"max-image-preview:large","max-video-preview":"max-video-preview:-1"},"canonical":"https:\/\/www.carlosyconchita.net\/rutas\/lac-de-balmete-pistas-ski\/","og_locale":"es_ES","og_type":"article","og_title":"08-09-2012 - Lac de Balmete -","og_description":"Dificultad : Dificil \u00a0\u00a0\u00a0\u00a0\u00a0\u00a0\u00a0\u00a0\u00a0\u00a0\u00a0\u00a0\u00a0\u00a0\u00a0 Total : 12\u2019740\u00a0 km. \u00a0\u00a0 Desnivel : 746 m. \u00a0\u00a0\u00a0\u00a0\u00a0\u00a0\u00a0\u00a0\u00a0\u00a0\u00a0\u00a0\u00a0\u00a0\u00a0\u00a0\u00a0\u00a0\u00a0\u00a0\u00a0\u00a0\u00a0\u00a0 Alturas\u00a0 : \u00a0 1.782\/2.354 m. Esta ruta nos llevar\u00e1 al Lac de Balmete (o Balmeta), luego al refugio del mismo nombre, pasaremos muy cerca del lago de las Boullossas, y finalmente iremos al monte Llaret, donde terminan varios arrastres de la [&hellip;]","og_url":"https:\/\/www.carlosyconchita.net\/rutas\/lac-de-balmete-pistas-ski\/","og_site_name":"Las rutas de Carlos y Conchita","article_published_time":"2012-09-08T16:12:46+00:00","article_modified_time":"2018-09-21T20:13:20+00:00","og_image":[{"width":533,"height":400,"url":"https:\/\/www.carlosyconchita.net\/rutas\/wp-content\/uploads\/2012\/09\/DSC052551.jpg","type":"image\/jpeg"}],"author":"Carlos Conchita","twitter_misc":{"Escrito por":"Carlos Conchita","Tiempo de lectura":"2 minutos"},"schema":{"@context":"https:\/\/schema.org","@graph":[{"@type":"Article","@id":"https:\/\/www.carlosyconchita.net\/rutas\/lac-de-balmete-pistas-ski\/#article","isPartOf":{"@id":"https:\/\/www.carlosyconchita.net\/rutas\/lac-de-balmete-pistas-ski\/"},"author":{"name":"Carlos Conchita","@id":"https:\/\/www.carlosyconchita.net\/rutas\/#\/schema\/person\/a9691f7258c28443fab2d3aa1479ea19"},"headline":"08-09-2012 &#8211; Lac de Balmete","datePublished":"2012-09-08T16:12:46+00:00","dateModified":"2018-09-21T20:13:20+00:00","mainEntityOfPage":{"@id":"https:\/\/www.carlosyconchita.net\/rutas\/lac-de-balmete-pistas-ski\/"},"wordCount":385,"commentCount":0,"image":{"@id":"https:\/\/www.carlosyconchita.net\/rutas\/lac-de-balmete-pistas-ski\/#primaryimage"},"thumbnailUrl":"https:\/\/www.carlosyconchita.net\/rutas\/wp-content\/uploads\/2012\/09\/DSC052551.jpg","articleSection":["3 - De 10 a 15 km.","3-Dif\u00edcil","Les Angles"],"inLanguage":"es","potentialAction":[{"@type":"CommentAction","name":"Comment","target":["https:\/\/www.carlosyconchita.net\/rutas\/lac-de-balmete-pistas-ski\/#respond"]}]},{"@type":"WebPage","@id":"https:\/\/www.carlosyconchita.net\/rutas\/lac-de-balmete-pistas-ski\/","url":"https:\/\/www.carlosyconchita.net\/rutas\/lac-de-balmete-pistas-ski\/","name":"08-09-2012 - Lac de Balmete -","isPartOf":{"@id":"https:\/\/www.carlosyconchita.net\/rutas\/#website"},"primaryImageOfPage":{"@id":"https:\/\/www.carlosyconchita.net\/rutas\/lac-de-balmete-pistas-ski\/#primaryimage"},"image":{"@id":"https:\/\/www.carlosyconchita.net\/rutas\/lac-de-balmete-pistas-ski\/#primaryimage"},"thumbnailUrl":"https:\/\/www.carlosyconchita.net\/rutas\/wp-content\/uploads\/2012\/09\/DSC052551.jpg","datePublished":"2012-09-08T16:12:46+00:00","dateModified":"2018-09-21T20:13:20+00:00","author":{"@id":"https:\/\/www.carlosyconchita.net\/rutas\/#\/schema\/person\/a9691f7258c28443fab2d3aa1479ea19"},"breadcrumb":{"@id":"https:\/\/www.carlosyconchita.net\/rutas\/lac-de-balmete-pistas-ski\/#breadcrumb"},"inLanguage":"es","potentialAction":[{"@type":"ReadAction","target":["https:\/\/www.carlosyconchita.net\/rutas\/lac-de-balmete-pistas-ski\/"]}]},{"@type":"ImageObject","inLanguage":"es","@id":"https:\/\/www.carlosyconchita.net\/rutas\/lac-de-balmete-pistas-ski\/#primaryimage","url":"https:\/\/www.carlosyconchita.net\/rutas\/wp-content\/uploads\/2012\/09\/DSC052551.jpg","contentUrl":"https:\/\/www.carlosyconchita.net\/rutas\/wp-content\/uploads\/2012\/09\/DSC052551.jpg","width":533,"height":400},{"@type":"BreadcrumbList","@id":"https:\/\/www.carlosyconchita.net\/rutas\/lac-de-balmete-pistas-ski\/#breadcrumb","itemListElement":[{"@type":"ListItem","position":1,"name":"Portada","item":"https:\/\/www.carlosyconchita.net\/rutas\/"},{"@type":"ListItem","position":2,"name":"08-09-2012 &#8211; Lac de Balmete"}]},{"@type":"WebSite","@id":"https:\/\/www.carlosyconchita.net\/rutas\/#website","url":"https:\/\/www.carlosyconchita.net\/rutas\/","name":"Las rutas de Carlos y Conchita","description":"","potentialAction":[{"@type":"SearchAction","target":{"@type":"EntryPoint","urlTemplate":"https:\/\/www.carlosyconchita.net\/rutas\/?s={search_term_string}"},"query-input":{"@type":"PropertyValueSpecification","valueRequired":true,"valueName":"search_term_string"}}],"inLanguage":"es"},{"@type":"Person","@id":"https:\/\/www.carlosyconchita.net\/rutas\/#\/schema\/person\/a9691f7258c28443fab2d3aa1479ea19","name":"Carlos Conchita","image":{"@type":"ImageObject","inLanguage":"es","@id":"https:\/\/secure.gravatar.com\/avatar\/3a4625b20c8da3de99da69bfe7a322774e291c3f90dce7e8778a30fe6748ed1a?s=96&d=mm&r=g","url":"https:\/\/secure.gravatar.com\/avatar\/3a4625b20c8da3de99da69bfe7a322774e291c3f90dce7e8778a30fe6748ed1a?s=96&d=mm&r=g","contentUrl":"https:\/\/secure.gravatar.com\/avatar\/3a4625b20c8da3de99da69bfe7a322774e291c3f90dce7e8778a30fe6748ed1a?s=96&d=mm&r=g","caption":"Carlos Conchita"}}]}},"_links":{"self":[{"href":"https:\/\/www.carlosyconchita.net\/rutas\/wp-json\/wp\/v2\/posts\/179","targetHints":{"allow":["GET"]}}],"collection":[{"href":"https:\/\/www.carlosyconchita.net\/rutas\/wp-json\/wp\/v2\/posts"}],"about":[{"href":"https:\/\/www.carlosyconchita.net\/rutas\/wp-json\/wp\/v2\/types\/post"}],"author":[{"embeddable":true,"href":"https:\/\/www.carlosyconchita.net\/rutas\/wp-json\/wp\/v2\/users\/50"}],"replies":[{"embeddable":true,"href":"https:\/\/www.carlosyconchita.net\/rutas\/wp-json\/wp\/v2\/comments?post=179"}],"version-history":[{"count":0,"href":"https:\/\/www.carlosyconchita.net\/rutas\/wp-json\/wp\/v2\/posts\/179\/revisions"}],"wp:featuredmedia":[{"embeddable":true,"href":"https:\/\/www.carlosyconchita.net\/rutas\/wp-json\/wp\/v2\/media\/192"}],"wp:attachment":[{"href":"https:\/\/www.carlosyconchita.net\/rutas\/wp-json\/wp\/v2\/media?parent=179"}],"wp:term":[{"taxonomy":"category","embeddable":true,"href":"https:\/\/www.carlosyconchita.net\/rutas\/wp-json\/wp\/v2\/categories?post=179"},{"taxonomy":"post_tag","embeddable":true,"href":"https:\/\/www.carlosyconchita.net\/rutas\/wp-json\/wp\/v2\/tags?post=179"}],"curies":[{"name":"wp","href":"https:\/\/api.w.org\/{rel}","templated":true}]}}