{"id":17904,"date":"2022-06-23T17:11:03","date_gmt":"2022-06-23T16:11:03","guid":{"rendered":"https:\/\/www.carlosyconchita.net\/rutas\/?p=17904"},"modified":"2022-09-09T20:07:14","modified_gmt":"2022-09-09T19:07:14","slug":"23-06-2022-pico-escalar","status":"publish","type":"post","link":"https:\/\/www.carlosyconchita.net\/rutas\/23-06-2022-pico-escalar\/","title":{"rendered":"23-06-2022-Ibones de Ast\u00fan y Escalar y Pico Escalar"},"content":{"rendered":"<p style=\"text-align: justify;\">El d\u00eda\u00a0 <a href=\"https:\/\/www.carlosyconchita.net\/rutas\/10-10-2021-borna-309ibones-escalar-y-de-las-truchas\/\" target=\"_blank\" rel=\"noopener\"><span style=\"color: #000080;\">10-10-2021-Borna 309, Ibones Escalar y de las Truchas<\/span><\/a>,\u00a0 nos enteramos que en Ast\u00fan, en verano funciona un telesilla que te lleva hasta el Ib\u00f3n de Ast\u00fan o de las Truchas, as\u00ed que pensamos que para hacer la borna 308 que nos queda pendiente en esta zona, podr\u00edamos aprovecharlo para no caminar tanto en la subida y en cambio hacer una bonita ruta por los picos de la zona para llegar por una \u00abnueva\u00bb\u00a0 v\u00eda a esa borna.<\/p>\n<p style=\"text-align: justify;\">Hoy lo hemos intentado, aunque no la hemos podido terminar debido al mal tiempo.<\/p>\n<p style=\"text-align: justify;\">El punto de inicio lo tenemos en la estaci\u00f3n de ski de Ast\u00fan, desde all\u00ed tenemos que coger el telesilla que nos lleva al Ib\u00f3n de Ast\u00fan o de las Truchas,\u00a0 caminar un corto y f\u00e1cil tramo horizontal hasta el Ib\u00f3n de Escalar o de las Ranas,\u00a0 subir al Pico Escalar o Belonseiche, y seguir por la cresta pasando por los picos de Benou y Arnousse, y continuar un poco m\u00e1s hasta la borna 308.<br \/>\nDesde all\u00ed hubi\u00e9ramos bajado hasta la carretera que lleva a la estaci\u00f3n de ski de Ast\u00fan.<\/p>\n<p style=\"text-align: justify;\">Pero el d\u00eda ya no empez\u00f3 muy bien, ya que estuvo lloviendo toda la noche, y cuando llegamos al parking, estuvimos bastante rato dentro del coche esperando a ver si se arreglaba un poco el tiempo, aunque finalmente nos decidimos a coger el telesilla.<\/p>\n<p style=\"text-align: justify;\">El recorrido en telesilla y hasta el Ib\u00f3n de Escalar no fu\u00e9 muy malo, aunque estuvo lloviznando, pero cuando empezamos a subir al primer pico, el de Escalar, el viento era ya muy fuerte, y una vez arriba, vimos que era casi imposible continuar, ya que nos quedaban bastantes kil\u00f3metros por recorrer.<\/p>\n<p style=\"text-align: justify;\">Debido a que hab\u00edamos caminado muy poco decidimos bajar caminando hasta el parking en vez de utilizar el ticket del telesilla que ten\u00edamos sin usar, ya que a menos altura el viento no era muy fuerte.<br \/>\nHab\u00edamos cogido el ticket del telesilla con ida y vuelta, ya que costaba casi lo mismo que s\u00f3lo la ida, en previsi\u00f3n de que desde la B-308 no pudieramos descender hasta la carretera y tuvi\u00e9ramos que volver por el mismo camino de la ida.<\/p>\n<p style=\"text-align: justify;\">Pero aparte del mal tiempo, la excursi\u00f3n ha sido bastante bonita, aunque evidentemente hubiera sido mucho mejor si hubieramos pasado por la cresta y los picos, ya que el paisaje desde arriba era muy bonito.<\/p>\n<hr \/>\n<p>&nbsp;<\/p>\n<p><strong>Distancia total<\/strong> :\u00a0\u00a0\u00a0\u00a0\u00a0\u00a0 6.929 <span class=\"totlen\"><span class=\"summaryvalue\">m.\u00a0\u00a0\u00a0\u00a0\u00a0\u00a0\u00a0\u00a0\u00a0\u00a0\u00a0\u00a0\u00a0\u00a0\u00a0\u00a0\u00a0\u00a0\u00a0\u00a0\u00a0 <\/span><\/span><strong>Desnivel acumulado (s\/Wikiloc)<\/strong> :\u00a0 \u00a0\u00a0 629\u00a0 m.<\/p>\n<p><strong>Alturas m\u00edn\/m\u00e1x. :\u00a0<\/strong> \u00a0 1.706 m.\u00a0 \/\u00a0 2.296 m.<\/p>\n<p>&nbsp;<\/p>\n<hr \/>\n<p>&nbsp;<\/p>\n<p><strong>Album de fotos<\/strong><\/p>\n<p><a href=\"https:\/\/photos.app.goo.gl\/euGuAGrtdbCFRE8W8\" target=\"_blank\" rel=\"noopener\"><img loading=\"lazy\" decoding=\"async\" class=\"size-medium wp-image-17905 aligncenter\" src=\"https:\/\/www.carlosyconchita.net\/rutas\/wp-content\/uploads\/2022\/08\/PicoEscalar-00023-300x223.jpg\" alt=\"\" width=\"300\" height=\"223\" srcset=\"https:\/\/www.carlosyconchita.net\/rutas\/wp-content\/uploads\/2022\/08\/PicoEscalar-00023-300x223.jpg 300w, https:\/\/www.carlosyconchita.net\/rutas\/wp-content\/uploads\/2022\/08\/PicoEscalar-00023-600x445.jpg 600w, https:\/\/www.carlosyconchita.net\/rutas\/wp-content\/uploads\/2022\/08\/PicoEscalar-00023-768x570.jpg 768w, https:\/\/www.carlosyconchita.net\/rutas\/wp-content\/uploads\/2022\/08\/PicoEscalar-00023.jpg 1024w\" sizes=\"auto, (max-width: 300px) 100vw, 300px\" \/><\/a><\/p>\n<p>&nbsp;<\/p>\n<hr \/>\n<p>&nbsp;<\/p>\n<h4><strong>Mapa y track de la ruta<\/strong><\/h4>\n<p>&nbsp;<\/p>\n<p><a href=\"https:\/\/www.carlosyconchita.net\/rutas\/wp-content\/uploads\/gpx\/PicoEscalar-telesilla.html\" target=\"_blank\" rel=\"noopener\"><img loading=\"lazy\" decoding=\"async\" class=\"aligncenter wp-image-16466\" src=\"https:\/\/www.carlosyconchita.net\/rutas\/wp-content\/uploads\/2021\/09\/mapa2.jpg\" alt=\"\" width=\"0185\" height=\"185\" srcset=\"https:\/\/www.carlosyconchita.net\/rutas\/wp-content\/uploads\/2021\/09\/mapa2.jpg 225w, https:\/\/www.carlosyconchita.net\/rutas\/wp-content\/uploads\/2021\/09\/mapa2-120x120.jpg 120w\" sizes=\"auto, (max-width: 185px) 100vw, 185px\" \/><\/a><\/p>\n<hr \/>\n<p><strong>Wikiloc\u00a0\u00a0\u00a0 <\/strong><strong><br \/>\n<\/strong><\/p>\n<p><a href=\"https:\/\/es.wikiloc.com\/rutas-senderismo\/picoescalar-telesilla-113130611\" target=\"_blank\" rel=\"noopener\"><img loading=\"lazy\" decoding=\"async\" class=\"aligncenter size-full wp-image-958\" src=\"https:\/\/www.carlosyconchita.net\/rutas\/wp-content\/uploads\/2020\/09\/wikiloc.jpg\" alt=\"\" width=\"117\" height=\"34\" \/><\/a><\/p>\n<p>&nbsp;<\/p>\n<hr \/>\n<p style=\"text-align: justify;\"><span style=\"color: #ff0000; background-color: #ffffff; font-size: 14pt;\"><strong>Si te ha gustado, comp\u00e1rtelo en tu red favorita o env\u00edanos tu comentario.<br \/>\n<\/strong><\/span><\/p>\n<p style=\"text-align: justify;\"><span style=\"font-size: 14pt;\"><strong><span style=\"color: #ff0000;\">Muchas gracias !<\/span><\/strong><\/span><\/p>\n<hr \/>\n<p style=\"text-align: justify;\"><strong><span style=\"color: #008000;\">Suscribete si quieres recibir un mail cuando publiquemos nuevas rutas : no enviamos publicidad y como m\u00e1ximo enviamos 2 mails al mes<\/span><\/strong><\/p>\n<p style=\"text-align: center;\"><a href=\"https:\/\/mailchi.mp\/6989c83a3e24\/wmv06rtqcz\/\" target=\"_blank\" rel=\"noopener noreferrer\"><strong><span style=\"color: #0000ff;\">Pulsa aqu\u00ed para suscribirte<\/span><\/strong><\/a><\/p>\n<hr \/>\n<p style=\"text-align: justify;\">\u00a0<\/p>\n<h3 style=\"text-align: justify;\">Puedes imprimir esta publicaci\u00f3n o guardarla en diferentes formatos :<\/h3>\n<p style=\"text-align: justify;\"><span style=\"color: #ff0000; font-size: 14pt;\">Para facilitar la impresi\u00f3n, hemos reducido considerablemente el tama\u00f1o de las fotos, pero si deseas imprimir sin fotos, aconsejamos guardarlo como \u201cdoc\u201d, y antes de imprimirlo, eliminar las fotos<\/span><\/p>\n<p>&nbsp;<\/p>\n<hr \/>\n<p>&nbsp;<\/p>\n","protected":false},"excerpt":{"rendered":"<p>En Ast\u00fan cogemos el telesilla que nos lleva al Ib\u00f3n de Ast\u00fan o de las Truchas,\u00a0 caminando despu\u00e9s hasta el Ib\u00f3n de Escalar o de las Ranas,\u00a0y  subimos al Pico Escalar o Belonseiche. Debido al mal tiempo no podemos seguir el camino previsto por la cresta para llegar a la borna 308, pasando por los picos de Benou y Arnousse.<\/p>\n","protected":false},"author":50,"featured_media":17905,"comment_status":"closed","ping_status":"open","sticky":false,"template":"","format":"standard","meta":{"footnotes":""},"categories":[10,106,22,119],"tags":[],"class_list":{"0":"post-17904","1":"post","2":"type-post","3":"status-publish","4":"format-standard","5":"has-post-thumbnail","6":"hentry","7":"category-facil","8":"category-nuestros-100-cims","9":"category-de-05-a-10-km","10":"category-canfranc","12":"post-with-thumbnail","13":"post-with-thumbnail-icon"},"yoast_head":"<!-- This site is optimized with the Yoast SEO plugin v27.4 - https:\/\/yoast.com\/product\/yoast-seo-wordpress\/ -->\n<title>23-06-2022-Ibones de Ast\u00fan y Escalar y Pico Escalar -<\/title>\n<meta name=\"robots\" content=\"index, follow, max-snippet:-1, max-image-preview:large, max-video-preview:-1\" \/>\n<link rel=\"canonical\" href=\"https:\/\/www.carlosyconchita.net\/rutas\/23-06-2022-pico-escalar\/\" \/>\n<meta property=\"og:locale\" content=\"es_ES\" \/>\n<meta property=\"og:type\" content=\"article\" \/>\n<meta property=\"og:title\" content=\"23-06-2022-Ibones de Ast\u00fan y Escalar y Pico Escalar -\" \/>\n<meta property=\"og:description\" content=\"En Ast\u00fan cogemos el telesilla que nos lleva al Ib\u00f3n de Ast\u00fan o de las Truchas,\u00a0 caminando despu\u00e9s hasta el Ib\u00f3n de Escalar o de las Ranas,\u00a0y subimos al Pico Escalar o Belonseiche. Debido al mal tiempo no podemos seguir el camino previsto por la cresta para llegar a la borna 308, pasando por los picos de Benou y Arnousse.\" \/>\n<meta property=\"og:url\" content=\"https:\/\/www.carlosyconchita.net\/rutas\/23-06-2022-pico-escalar\/\" \/>\n<meta property=\"og:site_name\" content=\"Las rutas de Carlos y Conchita\" \/>\n<meta property=\"article:published_time\" content=\"2022-06-23T16:11:03+00:00\" \/>\n<meta property=\"article:modified_time\" content=\"2022-09-09T19:07:14+00:00\" \/>\n<meta property=\"og:image\" content=\"https:\/\/www.carlosyconchita.net\/rutas\/wp-content\/uploads\/2022\/08\/PicoEscalar-00023.jpg\" \/>\n\t<meta property=\"og:image:width\" content=\"1024\" \/>\n\t<meta property=\"og:image:height\" content=\"760\" \/>\n\t<meta property=\"og:image:type\" content=\"image\/jpeg\" \/>\n<meta name=\"author\" content=\"Carlos Conchita\" \/>\n<meta name=\"twitter:label1\" content=\"Escrito por\" \/>\n\t<meta name=\"twitter:data1\" content=\"Carlos Conchita\" \/>\n\t<meta name=\"twitter:label2\" content=\"Tiempo de lectura\" \/>\n\t<meta name=\"twitter:data2\" content=\"3 minutos\" \/>\n<script type=\"application\/ld+json\" class=\"yoast-schema-graph\">{\"@context\":\"https:\\\/\\\/schema.org\",\"@graph\":[{\"@type\":\"Article\",\"@id\":\"https:\\\/\\\/www.carlosyconchita.net\\\/rutas\\\/23-06-2022-pico-escalar\\\/#article\",\"isPartOf\":{\"@id\":\"https:\\\/\\\/www.carlosyconchita.net\\\/rutas\\\/23-06-2022-pico-escalar\\\/\"},\"author\":{\"name\":\"Carlos Conchita\",\"@id\":\"https:\\\/\\\/www.carlosyconchita.net\\\/rutas\\\/#\\\/schema\\\/person\\\/a9691f7258c28443fab2d3aa1479ea19\"},\"headline\":\"23-06-2022-Ibones de Ast\u00fan y Escalar y Pico Escalar\",\"datePublished\":\"2022-06-23T16:11:03+00:00\",\"dateModified\":\"2022-09-09T19:07:14+00:00\",\"mainEntityOfPage\":{\"@id\":\"https:\\\/\\\/www.carlosyconchita.net\\\/rutas\\\/23-06-2022-pico-escalar\\\/\"},\"wordCount\":548,\"image\":{\"@id\":\"https:\\\/\\\/www.carlosyconchita.net\\\/rutas\\\/23-06-2022-pico-escalar\\\/#primaryimage\"},\"thumbnailUrl\":\"https:\\\/\\\/www.carlosyconchita.net\\\/rutas\\\/wp-content\\\/uploads\\\/2022\\\/08\\\/PicoEscalar-00023.jpg\",\"articleSection\":[\"1-F\u00e1cil\",\"100 Cims Carlos y Conchita\",\"2 - De 5 a 10 km.\",\"Canfranc\"],\"inLanguage\":\"es\"},{\"@type\":\"WebPage\",\"@id\":\"https:\\\/\\\/www.carlosyconchita.net\\\/rutas\\\/23-06-2022-pico-escalar\\\/\",\"url\":\"https:\\\/\\\/www.carlosyconchita.net\\\/rutas\\\/23-06-2022-pico-escalar\\\/\",\"name\":\"23-06-2022-Ibones de Ast\u00fan y Escalar y Pico Escalar -\",\"isPartOf\":{\"@id\":\"https:\\\/\\\/www.carlosyconchita.net\\\/rutas\\\/#website\"},\"primaryImageOfPage\":{\"@id\":\"https:\\\/\\\/www.carlosyconchita.net\\\/rutas\\\/23-06-2022-pico-escalar\\\/#primaryimage\"},\"image\":{\"@id\":\"https:\\\/\\\/www.carlosyconchita.net\\\/rutas\\\/23-06-2022-pico-escalar\\\/#primaryimage\"},\"thumbnailUrl\":\"https:\\\/\\\/www.carlosyconchita.net\\\/rutas\\\/wp-content\\\/uploads\\\/2022\\\/08\\\/PicoEscalar-00023.jpg\",\"datePublished\":\"2022-06-23T16:11:03+00:00\",\"dateModified\":\"2022-09-09T19:07:14+00:00\",\"author\":{\"@id\":\"https:\\\/\\\/www.carlosyconchita.net\\\/rutas\\\/#\\\/schema\\\/person\\\/a9691f7258c28443fab2d3aa1479ea19\"},\"breadcrumb\":{\"@id\":\"https:\\\/\\\/www.carlosyconchita.net\\\/rutas\\\/23-06-2022-pico-escalar\\\/#breadcrumb\"},\"inLanguage\":\"es\",\"potentialAction\":[{\"@type\":\"ReadAction\",\"target\":[\"https:\\\/\\\/www.carlosyconchita.net\\\/rutas\\\/23-06-2022-pico-escalar\\\/\"]}]},{\"@type\":\"ImageObject\",\"inLanguage\":\"es\",\"@id\":\"https:\\\/\\\/www.carlosyconchita.net\\\/rutas\\\/23-06-2022-pico-escalar\\\/#primaryimage\",\"url\":\"https:\\\/\\\/www.carlosyconchita.net\\\/rutas\\\/wp-content\\\/uploads\\\/2022\\\/08\\\/PicoEscalar-00023.jpg\",\"contentUrl\":\"https:\\\/\\\/www.carlosyconchita.net\\\/rutas\\\/wp-content\\\/uploads\\\/2022\\\/08\\\/PicoEscalar-00023.jpg\",\"width\":1024,\"height\":760},{\"@type\":\"BreadcrumbList\",\"@id\":\"https:\\\/\\\/www.carlosyconchita.net\\\/rutas\\\/23-06-2022-pico-escalar\\\/#breadcrumb\",\"itemListElement\":[{\"@type\":\"ListItem\",\"position\":1,\"name\":\"Portada\",\"item\":\"https:\\\/\\\/www.carlosyconchita.net\\\/rutas\\\/\"},{\"@type\":\"ListItem\",\"position\":2,\"name\":\"23-06-2022-Ibones de Ast\u00fan y Escalar y Pico Escalar\"}]},{\"@type\":\"WebSite\",\"@id\":\"https:\\\/\\\/www.carlosyconchita.net\\\/rutas\\\/#website\",\"url\":\"https:\\\/\\\/www.carlosyconchita.net\\\/rutas\\\/\",\"name\":\"Las rutas de Carlos y Conchita\",\"description\":\"\",\"potentialAction\":[{\"@type\":\"SearchAction\",\"target\":{\"@type\":\"EntryPoint\",\"urlTemplate\":\"https:\\\/\\\/www.carlosyconchita.net\\\/rutas\\\/?s={search_term_string}\"},\"query-input\":{\"@type\":\"PropertyValueSpecification\",\"valueRequired\":true,\"valueName\":\"search_term_string\"}}],\"inLanguage\":\"es\"},{\"@type\":\"Person\",\"@id\":\"https:\\\/\\\/www.carlosyconchita.net\\\/rutas\\\/#\\\/schema\\\/person\\\/a9691f7258c28443fab2d3aa1479ea19\",\"name\":\"Carlos Conchita\",\"image\":{\"@type\":\"ImageObject\",\"inLanguage\":\"es\",\"@id\":\"https:\\\/\\\/secure.gravatar.com\\\/avatar\\\/3a4625b20c8da3de99da69bfe7a322774e291c3f90dce7e8778a30fe6748ed1a?s=96&d=mm&r=g\",\"url\":\"https:\\\/\\\/secure.gravatar.com\\\/avatar\\\/3a4625b20c8da3de99da69bfe7a322774e291c3f90dce7e8778a30fe6748ed1a?s=96&d=mm&r=g\",\"contentUrl\":\"https:\\\/\\\/secure.gravatar.com\\\/avatar\\\/3a4625b20c8da3de99da69bfe7a322774e291c3f90dce7e8778a30fe6748ed1a?s=96&d=mm&r=g\",\"caption\":\"Carlos Conchita\"}}]}<\/script>\n<!-- \/ Yoast SEO plugin. -->","yoast_head_json":{"title":"23-06-2022-Ibones de Ast\u00fan y Escalar y Pico Escalar -","robots":{"index":"index","follow":"follow","max-snippet":"max-snippet:-1","max-image-preview":"max-image-preview:large","max-video-preview":"max-video-preview:-1"},"canonical":"https:\/\/www.carlosyconchita.net\/rutas\/23-06-2022-pico-escalar\/","og_locale":"es_ES","og_type":"article","og_title":"23-06-2022-Ibones de Ast\u00fan y Escalar y Pico Escalar -","og_description":"En Ast\u00fan cogemos el telesilla que nos lleva al Ib\u00f3n de Ast\u00fan o de las Truchas,\u00a0 caminando despu\u00e9s hasta el Ib\u00f3n de Escalar o de las Ranas,\u00a0y subimos al Pico Escalar o Belonseiche. Debido al mal tiempo no podemos seguir el camino previsto por la cresta para llegar a la borna 308, pasando por los picos de Benou y Arnousse.","og_url":"https:\/\/www.carlosyconchita.net\/rutas\/23-06-2022-pico-escalar\/","og_site_name":"Las rutas de Carlos y Conchita","article_published_time":"2022-06-23T16:11:03+00:00","article_modified_time":"2022-09-09T19:07:14+00:00","og_image":[{"width":1024,"height":760,"url":"https:\/\/www.carlosyconchita.net\/rutas\/wp-content\/uploads\/2022\/08\/PicoEscalar-00023.jpg","type":"image\/jpeg"}],"author":"Carlos Conchita","twitter_misc":{"Escrito por":"Carlos Conchita","Tiempo de lectura":"3 minutos"},"schema":{"@context":"https:\/\/schema.org","@graph":[{"@type":"Article","@id":"https:\/\/www.carlosyconchita.net\/rutas\/23-06-2022-pico-escalar\/#article","isPartOf":{"@id":"https:\/\/www.carlosyconchita.net\/rutas\/23-06-2022-pico-escalar\/"},"author":{"name":"Carlos Conchita","@id":"https:\/\/www.carlosyconchita.net\/rutas\/#\/schema\/person\/a9691f7258c28443fab2d3aa1479ea19"},"headline":"23-06-2022-Ibones de Ast\u00fan y Escalar y Pico Escalar","datePublished":"2022-06-23T16:11:03+00:00","dateModified":"2022-09-09T19:07:14+00:00","mainEntityOfPage":{"@id":"https:\/\/www.carlosyconchita.net\/rutas\/23-06-2022-pico-escalar\/"},"wordCount":548,"image":{"@id":"https:\/\/www.carlosyconchita.net\/rutas\/23-06-2022-pico-escalar\/#primaryimage"},"thumbnailUrl":"https:\/\/www.carlosyconchita.net\/rutas\/wp-content\/uploads\/2022\/08\/PicoEscalar-00023.jpg","articleSection":["1-F\u00e1cil","100 Cims Carlos y Conchita","2 - De 5 a 10 km.","Canfranc"],"inLanguage":"es"},{"@type":"WebPage","@id":"https:\/\/www.carlosyconchita.net\/rutas\/23-06-2022-pico-escalar\/","url":"https:\/\/www.carlosyconchita.net\/rutas\/23-06-2022-pico-escalar\/","name":"23-06-2022-Ibones de Ast\u00fan y Escalar y Pico Escalar -","isPartOf":{"@id":"https:\/\/www.carlosyconchita.net\/rutas\/#website"},"primaryImageOfPage":{"@id":"https:\/\/www.carlosyconchita.net\/rutas\/23-06-2022-pico-escalar\/#primaryimage"},"image":{"@id":"https:\/\/www.carlosyconchita.net\/rutas\/23-06-2022-pico-escalar\/#primaryimage"},"thumbnailUrl":"https:\/\/www.carlosyconchita.net\/rutas\/wp-content\/uploads\/2022\/08\/PicoEscalar-00023.jpg","datePublished":"2022-06-23T16:11:03+00:00","dateModified":"2022-09-09T19:07:14+00:00","author":{"@id":"https:\/\/www.carlosyconchita.net\/rutas\/#\/schema\/person\/a9691f7258c28443fab2d3aa1479ea19"},"breadcrumb":{"@id":"https:\/\/www.carlosyconchita.net\/rutas\/23-06-2022-pico-escalar\/#breadcrumb"},"inLanguage":"es","potentialAction":[{"@type":"ReadAction","target":["https:\/\/www.carlosyconchita.net\/rutas\/23-06-2022-pico-escalar\/"]}]},{"@type":"ImageObject","inLanguage":"es","@id":"https:\/\/www.carlosyconchita.net\/rutas\/23-06-2022-pico-escalar\/#primaryimage","url":"https:\/\/www.carlosyconchita.net\/rutas\/wp-content\/uploads\/2022\/08\/PicoEscalar-00023.jpg","contentUrl":"https:\/\/www.carlosyconchita.net\/rutas\/wp-content\/uploads\/2022\/08\/PicoEscalar-00023.jpg","width":1024,"height":760},{"@type":"BreadcrumbList","@id":"https:\/\/www.carlosyconchita.net\/rutas\/23-06-2022-pico-escalar\/#breadcrumb","itemListElement":[{"@type":"ListItem","position":1,"name":"Portada","item":"https:\/\/www.carlosyconchita.net\/rutas\/"},{"@type":"ListItem","position":2,"name":"23-06-2022-Ibones de Ast\u00fan y Escalar y Pico Escalar"}]},{"@type":"WebSite","@id":"https:\/\/www.carlosyconchita.net\/rutas\/#website","url":"https:\/\/www.carlosyconchita.net\/rutas\/","name":"Las rutas de Carlos y Conchita","description":"","potentialAction":[{"@type":"SearchAction","target":{"@type":"EntryPoint","urlTemplate":"https:\/\/www.carlosyconchita.net\/rutas\/?s={search_term_string}"},"query-input":{"@type":"PropertyValueSpecification","valueRequired":true,"valueName":"search_term_string"}}],"inLanguage":"es"},{"@type":"Person","@id":"https:\/\/www.carlosyconchita.net\/rutas\/#\/schema\/person\/a9691f7258c28443fab2d3aa1479ea19","name":"Carlos Conchita","image":{"@type":"ImageObject","inLanguage":"es","@id":"https:\/\/secure.gravatar.com\/avatar\/3a4625b20c8da3de99da69bfe7a322774e291c3f90dce7e8778a30fe6748ed1a?s=96&d=mm&r=g","url":"https:\/\/secure.gravatar.com\/avatar\/3a4625b20c8da3de99da69bfe7a322774e291c3f90dce7e8778a30fe6748ed1a?s=96&d=mm&r=g","contentUrl":"https:\/\/secure.gravatar.com\/avatar\/3a4625b20c8da3de99da69bfe7a322774e291c3f90dce7e8778a30fe6748ed1a?s=96&d=mm&r=g","caption":"Carlos Conchita"}}]}},"_links":{"self":[{"href":"https:\/\/www.carlosyconchita.net\/rutas\/wp-json\/wp\/v2\/posts\/17904","targetHints":{"allow":["GET"]}}],"collection":[{"href":"https:\/\/www.carlosyconchita.net\/rutas\/wp-json\/wp\/v2\/posts"}],"about":[{"href":"https:\/\/www.carlosyconchita.net\/rutas\/wp-json\/wp\/v2\/types\/post"}],"author":[{"embeddable":true,"href":"https:\/\/www.carlosyconchita.net\/rutas\/wp-json\/wp\/v2\/users\/50"}],"replies":[{"embeddable":true,"href":"https:\/\/www.carlosyconchita.net\/rutas\/wp-json\/wp\/v2\/comments?post=17904"}],"version-history":[{"count":0,"href":"https:\/\/www.carlosyconchita.net\/rutas\/wp-json\/wp\/v2\/posts\/17904\/revisions"}],"wp:featuredmedia":[{"embeddable":true,"href":"https:\/\/www.carlosyconchita.net\/rutas\/wp-json\/wp\/v2\/media\/17905"}],"wp:attachment":[{"href":"https:\/\/www.carlosyconchita.net\/rutas\/wp-json\/wp\/v2\/media?parent=17904"}],"wp:term":[{"taxonomy":"category","embeddable":true,"href":"https:\/\/www.carlosyconchita.net\/rutas\/wp-json\/wp\/v2\/categories?post=17904"},{"taxonomy":"post_tag","embeddable":true,"href":"https:\/\/www.carlosyconchita.net\/rutas\/wp-json\/wp\/v2\/tags?post=17904"}],"curies":[{"name":"wp","href":"https:\/\/api.w.org\/{rel}","templated":true}]}}