{"id":17919,"date":"2022-07-21T17:33:55","date_gmt":"2022-07-21T16:33:55","guid":{"rendered":"https:\/\/www.carlosyconchita.net\/rutas\/?p=17919"},"modified":"2022-10-23T17:26:52","modified_gmt":"2022-10-23T16:26:52","slug":"21-07-2022-bornas-335-340","status":"publish","type":"post","link":"https:\/\/www.carlosyconchita.net\/rutas\/21-07-2022-bornas-335-340\/","title":{"rendered":"21-07-2022-Bornas 335-340 CI"},"content":{"rendered":"<p style=\"text-align: justify;\">Hoy hemos hecho una bonita y calurosa excursi\u00f3n para localizar las bornas o mojones desde los n\u00fameros 340-CI (cruz intermedia), hasta la 335, y tambi\u00e9n hacer varios picos o Tucs que nos encontramos en el recorrido.<\/p>\n<p style=\"text-align: justify;\">El dia\u00a0 <a href=\"https:\/\/www.carlosyconchita.net\/rutas\/19-08-2021-bornas-340ci-356\/\" target=\"_blank\" rel=\"noopener\"><span style=\"color: #0000ff;\">19-08-2021-Bornas 340CI \u2013 356<\/span><\/a>\u00a0 ya hab\u00edamos llegado a la 340-CI, as\u00ed que hoy hemos unido esa ruta con la del a\u00f1o pasado.<\/p>\n<p style=\"text-align: justify;\">Estos d\u00edas hace much\u00edsimo calor, as\u00ed que para evitar problemas nos hemos levantado muy pronto, y cuando llegamos al parking del Hospice de France , donde dejamos el coche, hac\u00eda bastante fr\u00edo, por lo que empezamos a caminar con una chaqueta, que una vez pasado el peque\u00f1o bosque por el que vamos subiendo desde el parking y salimos a \u00abcampo abierto\u00bb y con sol, tenemos que quitarnos.<\/p>\n<p style=\"text-align: justify;\">Mientras vamos caminando, podemos ver a nuestra derecha toda la cadena monta\u00f1osa, en especial el impresionante pico de La Pique.<\/p>\n<p style=\"text-align: justify;\">Por esa zona ya abierta y despejada y con varios caminos que se cruzan, ya hab\u00edamos pasado anteriormente, el d\u00eda antes citado, y hoy nos dirigimos directamente hasta el Coll o Paso de la Montjoia, en donde est\u00e1\u00a0 la B-336, protegida por\u00a0 una estructura met\u00e1lica, similar a la de la B-356 que vimos el a\u00f1o pasado.<\/p>\n<p style=\"text-align: justify;\">Desde ese paso o Coll, tenemos que subir un peque\u00f1o pico a nuestra derecha para llegar a la B-335 y despu\u00e9s bajar de nuevo y continuar nuestro camino.<\/p>\n<p style=\"text-align: justify;\">La B-337 (que est\u00e1 \u00abtumbada\u00bb en el suelo),\u00a0 la tenemos al otro lado del Coll, en el pico o Tuc de la Montjoia, pero debido a que ya hac\u00eda mucho calor, est\u00e1bamos s\u00f3lo al principio de la ruta y no sab\u00edamos como estaba el otro lado del pico para descender, decidimos dejar las mochilas abajo, y subir al pico sin ellas, y claro est\u00e1, bajar despu\u00e9s por el mismo sitio para poder recogerlas y continuar.<\/p>\n<p style=\"text-align: justify;\">Continuamos hacia la B-338 , que est\u00e1 en el Pico o Tuc de Planera, y desde all\u00ed ya bajando pasamos por la B-339, y la B-340, con un tramo de fuerte pendiente y muy resbaladizo, no porque estuviera mojado, sino por la hierba que estaba bastante larga y resbalaba.<\/p>\n<p>Desde la B-340 descendemos y podemos llegar por fin al camino que nos llevar\u00e1 hasta el punto indicado en el track como \u00abCruce\u00bb, por donde hab\u00edamos pasado por la ma\u00f1ana y desde all\u00ed descender hacia el bosque y llegar al Hospice de France relativamente pronto, porque es esos momento el calor ya era muy fuerte.<\/p>\n<p style=\"text-align: justify;\">Por suerte, poco antes de entrar en el bosque encontramos una fuente con agua muy fr\u00eda, que aparte de beber, nos sirvi\u00f3 para poder refrescarnos la cabeza, ya que como hemos dicho, el calor era muy fuerte.<br \/>\nDe hecho, en el recorrido s\u00f3lo comimos algo de fruta, cosa habitual en nosotros cuando hace calor, pero tambi\u00e9n para perder el menos tiempo posible y poder llegar antes.<\/p>\n<p style=\"text-align: justify;\">As\u00ed que en el Hospice , nos comimos nuestro bien merecido bocata con una fresca cerveza&#8230;<\/p>\n<p>Cuando volvemos hacia Boss\u00f3sst, paramos un momento en el Col del Portill\u00f3n, y hacemos una foto a la B-366 que est\u00e1 en la misma carretera.<\/p>\n<p>&nbsp;<\/p>\n<hr \/>\n<p>&nbsp;<\/p>\n<p><strong>Distancia total<\/strong> :\u00a0\u00a0\u00a0\u00a0\u00a0\u00a0 10.600\u00a0 m<span class=\"totlen\"><span class=\"summaryvalue\">.\u00a0\u00a0\u00a0\u00a0\u00a0\u00a0\u00a0\u00a0\u00a0\u00a0\u00a0\u00a0\u00a0\u00a0\u00a0\u00a0\u00a0\u00a0\u00a0\u00a0\u00a0 <strong>Alturas m\u00edn\/m\u00e1x. :\u00a0<\/strong> 1374 m \/ 2157 m<\/span><\/span><\/p>\n<p><strong>Desnivel acumulado (s\/GPS Visualizer)<\/strong> :\u00a0 \u00a0 903\u00a0 m.<\/p>\n<p><strong>Desnivel acumulado (s\/Wikiloc)<\/strong> :\u00a0 \u00a0 881 m.<\/p>\n<p>&nbsp;<\/p>\n<hr \/>\n<p><strong>Album de fotos<\/strong><\/p>\n<p><a href=\"https:\/\/photos.app.goo.gl\/CYJmSUq4oo9YLfH36\" target=\"_blank\" rel=\"noopener\"><img loading=\"lazy\" decoding=\"async\" class=\"size-medium wp-image-17920 aligncenter\" src=\"https:\/\/www.carlosyconchita.net\/rutas\/wp-content\/uploads\/2022\/08\/Bornas-335-340-00030-300x223.jpg\" alt=\"\" width=\"300\" height=\"223\" srcset=\"https:\/\/www.carlosyconchita.net\/rutas\/wp-content\/uploads\/2022\/08\/Bornas-335-340-00030-300x223.jpg 300w, https:\/\/www.carlosyconchita.net\/rutas\/wp-content\/uploads\/2022\/08\/Bornas-335-340-00030-600x445.jpg 600w, https:\/\/www.carlosyconchita.net\/rutas\/wp-content\/uploads\/2022\/08\/Bornas-335-340-00030-768x570.jpg 768w, https:\/\/www.carlosyconchita.net\/rutas\/wp-content\/uploads\/2022\/08\/Bornas-335-340-00030.jpg 1024w\" sizes=\"auto, (max-width: 300px) 100vw, 300px\" \/><\/a><\/p>\n<hr \/>\n<h4><strong>Mapa y track de la ruta<\/strong><\/h4>\n<p style=\"text-align: center;\"><strong><span style=\"color: #ff0000;\">Pulsando sobre los waypoints del mapa, se puede ver una foto del sitio.<\/span><\/strong><\/p>\n<p>&nbsp;<\/p>\n<p><a href=\"https:\/\/www.carlosyconchita.net\/rutas\/wp-content\/uploads\/gpx\/Bornas-335-340.html\" target=\"_blank\" rel=\"noopener\"><img loading=\"lazy\" decoding=\"async\" class=\"aligncenter wp-image-16466\" src=\"https:\/\/www.carlosyconchita.net\/rutas\/wp-content\/uploads\/2021\/09\/mapa2.jpg\" alt=\"\" width=\"0185\" height=\"185\" srcset=\"https:\/\/www.carlosyconchita.net\/rutas\/wp-content\/uploads\/2021\/09\/mapa2.jpg 225w, https:\/\/www.carlosyconchita.net\/rutas\/wp-content\/uploads\/2021\/09\/mapa2-120x120.jpg 120w\" sizes=\"auto, (max-width: 185px) 100vw, 185px\" \/><\/a><\/p>\n<hr \/>\n<p><strong>Wikiloc\u00a0\u00a0\u00a0 <\/strong><strong><br \/>\n<\/strong><\/p>\n<p><a href=\"https:\/\/es.wikiloc.com\/rutas-senderismo\/bornas-o-mojones-fronterizos-335-a-340-ci-115841899\" target=\"_blank\" rel=\"noopener\"><img loading=\"lazy\" decoding=\"async\" class=\"aligncenter size-full wp-image-958\" src=\"https:\/\/www.carlosyconchita.net\/rutas\/wp-content\/uploads\/2020\/09\/wikiloc.jpg\" alt=\"\" width=\"117\" height=\"34\" \/><\/a><\/p>\n<p>&nbsp;<\/p>\n<hr \/>\n<p style=\"text-align: justify;\"><span style=\"color: #ff0000; background-color: #ffffff; font-size: 14pt;\"><strong>Si te ha gustado, comp\u00e1rtelo en tu red favorita o env\u00edanos tu comentario.<br \/>\n<\/strong><\/span><\/p>\n<p style=\"text-align: justify;\"><span style=\"font-size: 14pt;\"><strong><span style=\"color: #ff0000;\">Muchas gracias !<\/span><\/strong><\/span><\/p>\n<hr \/>\n<p style=\"text-align: justify;\"><strong><span style=\"color: #008000;\">Suscribete si quieres recibir un mail cuando publiquemos nuevas rutas : no enviamos publicidad y como m\u00e1ximo enviamos 2 mails al mes<\/span><\/strong><\/p>\n<p style=\"text-align: center;\"><a href=\"https:\/\/mailchi.mp\/6989c83a3e24\/wmv06rtqcz\/\" target=\"_blank\" rel=\"noopener noreferrer\"><strong><span style=\"color: #0000ff;\">Pulsa aqu\u00ed para suscribirte<\/span><\/strong><\/a><\/p>\n<hr \/>\n<p style=\"text-align: justify;\">\u00a0<\/p>\n<h3 style=\"text-align: justify;\">Puedes imprimir esta publicaci\u00f3n o guardarla en diferentes formatos :<\/h3>\n<p style=\"text-align: justify;\"><span style=\"color: #ff0000; font-size: 14pt;\">Para facilitar la impresi\u00f3n, hemos reducido considerablemente el tama\u00f1o de las fotos, pero si deseas imprimir sin fotos, aconsejamos guardarlo como \u201cdoc\u201d, y antes de imprimirlo, eliminar las fotos<\/span><\/p>\n<p>&nbsp;<\/p>\n<hr \/>\n","protected":false},"excerpt":{"rendered":"<p>Bonita y calurosa excursi\u00f3n con inicio en el Hospice de France, para localizar las bornas o mojones desde los n\u00fameros 334-CI (cruz intermedia), hasta la 340,  y tambi\u00e9n hacer varios picos o Tucs que nos encontramos en el recorrido.<\/p>\n","protected":false},"author":50,"featured_media":17920,"comment_status":"closed","ping_status":"open","sticky":false,"template":"","format":"standard","meta":{"footnotes":""},"categories":[106,11,23,119,74],"tags":[],"class_list":{"0":"post-17919","1":"post","2":"type-post","3":"status-publish","4":"format-standard","5":"has-post-thumbnail","6":"hentry","7":"category-nuestros-100-cims","8":"category-moderada","9":"category-de-10-a-15-km","10":"category-canfranc","11":"category-0-mojones-bornas-frontera","13":"post-with-thumbnail","14":"post-with-thumbnail-icon"},"yoast_head":"<!-- This site is optimized with the Yoast SEO plugin v27.4 - https:\/\/yoast.com\/product\/yoast-seo-wordpress\/ -->\n<title>21-07-2022-Bornas 335-340 CI -<\/title>\n<meta name=\"robots\" content=\"index, follow, max-snippet:-1, max-image-preview:large, max-video-preview:-1\" \/>\n<link rel=\"canonical\" href=\"https:\/\/www.carlosyconchita.net\/rutas\/21-07-2022-bornas-335-340\/\" \/>\n<meta property=\"og:locale\" content=\"es_ES\" \/>\n<meta property=\"og:type\" content=\"article\" \/>\n<meta property=\"og:title\" content=\"21-07-2022-Bornas 335-340 CI -\" \/>\n<meta property=\"og:description\" content=\"Bonita y calurosa excursi\u00f3n con inicio en el Hospice de France, para localizar las bornas o mojones desde los n\u00fameros 334-CI (cruz intermedia), hasta la 340, y tambi\u00e9n hacer varios picos o Tucs que nos encontramos en el recorrido.\" \/>\n<meta property=\"og:url\" content=\"https:\/\/www.carlosyconchita.net\/rutas\/21-07-2022-bornas-335-340\/\" \/>\n<meta property=\"og:site_name\" content=\"Las rutas de Carlos y Conchita\" \/>\n<meta property=\"article:published_time\" content=\"2022-07-21T16:33:55+00:00\" \/>\n<meta property=\"article:modified_time\" content=\"2022-10-23T16:26:52+00:00\" \/>\n<meta property=\"og:image\" content=\"https:\/\/www.carlosyconchita.net\/rutas\/wp-content\/uploads\/2022\/08\/Bornas-335-340-00030.jpg\" \/>\n\t<meta property=\"og:image:width\" content=\"1024\" \/>\n\t<meta property=\"og:image:height\" content=\"760\" \/>\n\t<meta property=\"og:image:type\" content=\"image\/jpeg\" \/>\n<meta name=\"author\" content=\"Carlos Conchita\" \/>\n<meta name=\"twitter:label1\" content=\"Escrito por\" \/>\n\t<meta name=\"twitter:data1\" content=\"Carlos Conchita\" \/>\n\t<meta name=\"twitter:label2\" content=\"Tiempo de lectura\" \/>\n\t<meta name=\"twitter:data2\" content=\"4 minutos\" \/>\n<script type=\"application\/ld+json\" class=\"yoast-schema-graph\">{\"@context\":\"https:\\\/\\\/schema.org\",\"@graph\":[{\"@type\":\"Article\",\"@id\":\"https:\\\/\\\/www.carlosyconchita.net\\\/rutas\\\/21-07-2022-bornas-335-340\\\/#article\",\"isPartOf\":{\"@id\":\"https:\\\/\\\/www.carlosyconchita.net\\\/rutas\\\/21-07-2022-bornas-335-340\\\/\"},\"author\":{\"name\":\"Carlos Conchita\",\"@id\":\"https:\\\/\\\/www.carlosyconchita.net\\\/rutas\\\/#\\\/schema\\\/person\\\/a9691f7258c28443fab2d3aa1479ea19\"},\"headline\":\"21-07-2022-Bornas 335-340 CI\",\"datePublished\":\"2022-07-21T16:33:55+00:00\",\"dateModified\":\"2022-10-23T16:26:52+00:00\",\"mainEntityOfPage\":{\"@id\":\"https:\\\/\\\/www.carlosyconchita.net\\\/rutas\\\/21-07-2022-bornas-335-340\\\/\"},\"wordCount\":680,\"image\":{\"@id\":\"https:\\\/\\\/www.carlosyconchita.net\\\/rutas\\\/21-07-2022-bornas-335-340\\\/#primaryimage\"},\"thumbnailUrl\":\"https:\\\/\\\/www.carlosyconchita.net\\\/rutas\\\/wp-content\\\/uploads\\\/2022\\\/08\\\/Bornas-335-340-00030.jpg\",\"articleSection\":[\"100 Cims Carlos y Conchita\",\"2-Moderada\",\"3 - De 10 a 15 km.\",\"Canfranc\",\"Mojones \\\/ Bornas frontera ES-FR\"],\"inLanguage\":\"es\"},{\"@type\":\"WebPage\",\"@id\":\"https:\\\/\\\/www.carlosyconchita.net\\\/rutas\\\/21-07-2022-bornas-335-340\\\/\",\"url\":\"https:\\\/\\\/www.carlosyconchita.net\\\/rutas\\\/21-07-2022-bornas-335-340\\\/\",\"name\":\"21-07-2022-Bornas 335-340 CI -\",\"isPartOf\":{\"@id\":\"https:\\\/\\\/www.carlosyconchita.net\\\/rutas\\\/#website\"},\"primaryImageOfPage\":{\"@id\":\"https:\\\/\\\/www.carlosyconchita.net\\\/rutas\\\/21-07-2022-bornas-335-340\\\/#primaryimage\"},\"image\":{\"@id\":\"https:\\\/\\\/www.carlosyconchita.net\\\/rutas\\\/21-07-2022-bornas-335-340\\\/#primaryimage\"},\"thumbnailUrl\":\"https:\\\/\\\/www.carlosyconchita.net\\\/rutas\\\/wp-content\\\/uploads\\\/2022\\\/08\\\/Bornas-335-340-00030.jpg\",\"datePublished\":\"2022-07-21T16:33:55+00:00\",\"dateModified\":\"2022-10-23T16:26:52+00:00\",\"author\":{\"@id\":\"https:\\\/\\\/www.carlosyconchita.net\\\/rutas\\\/#\\\/schema\\\/person\\\/a9691f7258c28443fab2d3aa1479ea19\"},\"breadcrumb\":{\"@id\":\"https:\\\/\\\/www.carlosyconchita.net\\\/rutas\\\/21-07-2022-bornas-335-340\\\/#breadcrumb\"},\"inLanguage\":\"es\",\"potentialAction\":[{\"@type\":\"ReadAction\",\"target\":[\"https:\\\/\\\/www.carlosyconchita.net\\\/rutas\\\/21-07-2022-bornas-335-340\\\/\"]}]},{\"@type\":\"ImageObject\",\"inLanguage\":\"es\",\"@id\":\"https:\\\/\\\/www.carlosyconchita.net\\\/rutas\\\/21-07-2022-bornas-335-340\\\/#primaryimage\",\"url\":\"https:\\\/\\\/www.carlosyconchita.net\\\/rutas\\\/wp-content\\\/uploads\\\/2022\\\/08\\\/Bornas-335-340-00030.jpg\",\"contentUrl\":\"https:\\\/\\\/www.carlosyconchita.net\\\/rutas\\\/wp-content\\\/uploads\\\/2022\\\/08\\\/Bornas-335-340-00030.jpg\",\"width\":1024,\"height\":760},{\"@type\":\"BreadcrumbList\",\"@id\":\"https:\\\/\\\/www.carlosyconchita.net\\\/rutas\\\/21-07-2022-bornas-335-340\\\/#breadcrumb\",\"itemListElement\":[{\"@type\":\"ListItem\",\"position\":1,\"name\":\"Portada\",\"item\":\"https:\\\/\\\/www.carlosyconchita.net\\\/rutas\\\/\"},{\"@type\":\"ListItem\",\"position\":2,\"name\":\"21-07-2022-Bornas 335-340 CI\"}]},{\"@type\":\"WebSite\",\"@id\":\"https:\\\/\\\/www.carlosyconchita.net\\\/rutas\\\/#website\",\"url\":\"https:\\\/\\\/www.carlosyconchita.net\\\/rutas\\\/\",\"name\":\"Las rutas de Carlos y Conchita\",\"description\":\"\",\"potentialAction\":[{\"@type\":\"SearchAction\",\"target\":{\"@type\":\"EntryPoint\",\"urlTemplate\":\"https:\\\/\\\/www.carlosyconchita.net\\\/rutas\\\/?s={search_term_string}\"},\"query-input\":{\"@type\":\"PropertyValueSpecification\",\"valueRequired\":true,\"valueName\":\"search_term_string\"}}],\"inLanguage\":\"es\"},{\"@type\":\"Person\",\"@id\":\"https:\\\/\\\/www.carlosyconchita.net\\\/rutas\\\/#\\\/schema\\\/person\\\/a9691f7258c28443fab2d3aa1479ea19\",\"name\":\"Carlos Conchita\",\"image\":{\"@type\":\"ImageObject\",\"inLanguage\":\"es\",\"@id\":\"https:\\\/\\\/secure.gravatar.com\\\/avatar\\\/3a4625b20c8da3de99da69bfe7a322774e291c3f90dce7e8778a30fe6748ed1a?s=96&d=mm&r=g\",\"url\":\"https:\\\/\\\/secure.gravatar.com\\\/avatar\\\/3a4625b20c8da3de99da69bfe7a322774e291c3f90dce7e8778a30fe6748ed1a?s=96&d=mm&r=g\",\"contentUrl\":\"https:\\\/\\\/secure.gravatar.com\\\/avatar\\\/3a4625b20c8da3de99da69bfe7a322774e291c3f90dce7e8778a30fe6748ed1a?s=96&d=mm&r=g\",\"caption\":\"Carlos Conchita\"}}]}<\/script>\n<!-- \/ Yoast SEO plugin. -->","yoast_head_json":{"title":"21-07-2022-Bornas 335-340 CI -","robots":{"index":"index","follow":"follow","max-snippet":"max-snippet:-1","max-image-preview":"max-image-preview:large","max-video-preview":"max-video-preview:-1"},"canonical":"https:\/\/www.carlosyconchita.net\/rutas\/21-07-2022-bornas-335-340\/","og_locale":"es_ES","og_type":"article","og_title":"21-07-2022-Bornas 335-340 CI -","og_description":"Bonita y calurosa excursi\u00f3n con inicio en el Hospice de France, para localizar las bornas o mojones desde los n\u00fameros 334-CI (cruz intermedia), hasta la 340, y tambi\u00e9n hacer varios picos o Tucs que nos encontramos en el recorrido.","og_url":"https:\/\/www.carlosyconchita.net\/rutas\/21-07-2022-bornas-335-340\/","og_site_name":"Las rutas de Carlos y Conchita","article_published_time":"2022-07-21T16:33:55+00:00","article_modified_time":"2022-10-23T16:26:52+00:00","og_image":[{"width":1024,"height":760,"url":"https:\/\/www.carlosyconchita.net\/rutas\/wp-content\/uploads\/2022\/08\/Bornas-335-340-00030.jpg","type":"image\/jpeg"}],"author":"Carlos Conchita","twitter_misc":{"Escrito por":"Carlos Conchita","Tiempo de lectura":"4 minutos"},"schema":{"@context":"https:\/\/schema.org","@graph":[{"@type":"Article","@id":"https:\/\/www.carlosyconchita.net\/rutas\/21-07-2022-bornas-335-340\/#article","isPartOf":{"@id":"https:\/\/www.carlosyconchita.net\/rutas\/21-07-2022-bornas-335-340\/"},"author":{"name":"Carlos Conchita","@id":"https:\/\/www.carlosyconchita.net\/rutas\/#\/schema\/person\/a9691f7258c28443fab2d3aa1479ea19"},"headline":"21-07-2022-Bornas 335-340 CI","datePublished":"2022-07-21T16:33:55+00:00","dateModified":"2022-10-23T16:26:52+00:00","mainEntityOfPage":{"@id":"https:\/\/www.carlosyconchita.net\/rutas\/21-07-2022-bornas-335-340\/"},"wordCount":680,"image":{"@id":"https:\/\/www.carlosyconchita.net\/rutas\/21-07-2022-bornas-335-340\/#primaryimage"},"thumbnailUrl":"https:\/\/www.carlosyconchita.net\/rutas\/wp-content\/uploads\/2022\/08\/Bornas-335-340-00030.jpg","articleSection":["100 Cims Carlos y Conchita","2-Moderada","3 - De 10 a 15 km.","Canfranc","Mojones \/ Bornas frontera ES-FR"],"inLanguage":"es"},{"@type":"WebPage","@id":"https:\/\/www.carlosyconchita.net\/rutas\/21-07-2022-bornas-335-340\/","url":"https:\/\/www.carlosyconchita.net\/rutas\/21-07-2022-bornas-335-340\/","name":"21-07-2022-Bornas 335-340 CI -","isPartOf":{"@id":"https:\/\/www.carlosyconchita.net\/rutas\/#website"},"primaryImageOfPage":{"@id":"https:\/\/www.carlosyconchita.net\/rutas\/21-07-2022-bornas-335-340\/#primaryimage"},"image":{"@id":"https:\/\/www.carlosyconchita.net\/rutas\/21-07-2022-bornas-335-340\/#primaryimage"},"thumbnailUrl":"https:\/\/www.carlosyconchita.net\/rutas\/wp-content\/uploads\/2022\/08\/Bornas-335-340-00030.jpg","datePublished":"2022-07-21T16:33:55+00:00","dateModified":"2022-10-23T16:26:52+00:00","author":{"@id":"https:\/\/www.carlosyconchita.net\/rutas\/#\/schema\/person\/a9691f7258c28443fab2d3aa1479ea19"},"breadcrumb":{"@id":"https:\/\/www.carlosyconchita.net\/rutas\/21-07-2022-bornas-335-340\/#breadcrumb"},"inLanguage":"es","potentialAction":[{"@type":"ReadAction","target":["https:\/\/www.carlosyconchita.net\/rutas\/21-07-2022-bornas-335-340\/"]}]},{"@type":"ImageObject","inLanguage":"es","@id":"https:\/\/www.carlosyconchita.net\/rutas\/21-07-2022-bornas-335-340\/#primaryimage","url":"https:\/\/www.carlosyconchita.net\/rutas\/wp-content\/uploads\/2022\/08\/Bornas-335-340-00030.jpg","contentUrl":"https:\/\/www.carlosyconchita.net\/rutas\/wp-content\/uploads\/2022\/08\/Bornas-335-340-00030.jpg","width":1024,"height":760},{"@type":"BreadcrumbList","@id":"https:\/\/www.carlosyconchita.net\/rutas\/21-07-2022-bornas-335-340\/#breadcrumb","itemListElement":[{"@type":"ListItem","position":1,"name":"Portada","item":"https:\/\/www.carlosyconchita.net\/rutas\/"},{"@type":"ListItem","position":2,"name":"21-07-2022-Bornas 335-340 CI"}]},{"@type":"WebSite","@id":"https:\/\/www.carlosyconchita.net\/rutas\/#website","url":"https:\/\/www.carlosyconchita.net\/rutas\/","name":"Las rutas de Carlos y Conchita","description":"","potentialAction":[{"@type":"SearchAction","target":{"@type":"EntryPoint","urlTemplate":"https:\/\/www.carlosyconchita.net\/rutas\/?s={search_term_string}"},"query-input":{"@type":"PropertyValueSpecification","valueRequired":true,"valueName":"search_term_string"}}],"inLanguage":"es"},{"@type":"Person","@id":"https:\/\/www.carlosyconchita.net\/rutas\/#\/schema\/person\/a9691f7258c28443fab2d3aa1479ea19","name":"Carlos Conchita","image":{"@type":"ImageObject","inLanguage":"es","@id":"https:\/\/secure.gravatar.com\/avatar\/3a4625b20c8da3de99da69bfe7a322774e291c3f90dce7e8778a30fe6748ed1a?s=96&d=mm&r=g","url":"https:\/\/secure.gravatar.com\/avatar\/3a4625b20c8da3de99da69bfe7a322774e291c3f90dce7e8778a30fe6748ed1a?s=96&d=mm&r=g","contentUrl":"https:\/\/secure.gravatar.com\/avatar\/3a4625b20c8da3de99da69bfe7a322774e291c3f90dce7e8778a30fe6748ed1a?s=96&d=mm&r=g","caption":"Carlos Conchita"}}]}},"_links":{"self":[{"href":"https:\/\/www.carlosyconchita.net\/rutas\/wp-json\/wp\/v2\/posts\/17919","targetHints":{"allow":["GET"]}}],"collection":[{"href":"https:\/\/www.carlosyconchita.net\/rutas\/wp-json\/wp\/v2\/posts"}],"about":[{"href":"https:\/\/www.carlosyconchita.net\/rutas\/wp-json\/wp\/v2\/types\/post"}],"author":[{"embeddable":true,"href":"https:\/\/www.carlosyconchita.net\/rutas\/wp-json\/wp\/v2\/users\/50"}],"replies":[{"embeddable":true,"href":"https:\/\/www.carlosyconchita.net\/rutas\/wp-json\/wp\/v2\/comments?post=17919"}],"version-history":[{"count":0,"href":"https:\/\/www.carlosyconchita.net\/rutas\/wp-json\/wp\/v2\/posts\/17919\/revisions"}],"wp:featuredmedia":[{"embeddable":true,"href":"https:\/\/www.carlosyconchita.net\/rutas\/wp-json\/wp\/v2\/media\/17920"}],"wp:attachment":[{"href":"https:\/\/www.carlosyconchita.net\/rutas\/wp-json\/wp\/v2\/media?parent=17919"}],"wp:term":[{"taxonomy":"category","embeddable":true,"href":"https:\/\/www.carlosyconchita.net\/rutas\/wp-json\/wp\/v2\/categories?post=17919"},{"taxonomy":"post_tag","embeddable":true,"href":"https:\/\/www.carlosyconchita.net\/rutas\/wp-json\/wp\/v2\/tags?post=17919"}],"curies":[{"name":"wp","href":"https:\/\/api.w.org\/{rel}","templated":true}]}}