{"id":17924,"date":"2022-07-23T17:39:32","date_gmt":"2022-07-23T16:39:32","guid":{"rendered":"https:\/\/www.carlosyconchita.net\/rutas\/?p=17924"},"modified":"2022-10-23T19:06:35","modified_gmt":"2022-10-23T18:06:35","slug":"23-07-2022-bornas-395-406","status":"publish","type":"post","link":"https:\/\/www.carlosyconchita.net\/rutas\/23-07-2022-bornas-395-406\/","title":{"rendered":"23-07-2022-Bornas 395-406"},"content":{"rendered":"<p style=\"text-align: center;\"><span style=\"color: #ff0000;\"><cite>Con esta publicaci\u00f3n, a\u00f1adimos \u00a0 12\u00a0 bornas\u00a0 m\u00e1s a nuestra lista :\u00a0 total 536 de las 602 existentes.<\/cite><\/span><\/p>\n<p style=\"text-align: justify;\">Al igual que hicimos anteayer, en la excursi\u00f3n desde el Hospice de France, y debido al fuerte calor de estos d\u00edas, nos levantamos muy pronto para empezar a caminar lo antes posible, y de esta forma evitar en lo posible las horas de m\u00e1s calor.<\/p>\n<p style=\"text-align: justify;\">Como se puede ver en las fotos, hay mucha niebla abajo en el valle donde est\u00e1n los distintos pueblos de la zona (Bagn\u00e8res de Luchon , Moustajon, Artigue , etc), pero arriba en la monta\u00f1a hace un magn\u00edfico sol.<\/p>\n<p style=\"text-align: justify;\">Empezamos a caminar en la zona de la Cabane de Peyrehitte, en direcci\u00f3n a la borna 398 , ya que ahora nos saltamos las 395, 396 y 397, que haremos a la vuelta, cosa que solemos hacer si la ruta es larga, para asegurarnos las bornas m\u00e1s lejanas si hay alg\u00fan problema.<\/p>\n<p style=\"text-align: justify;\">El camino es f\u00e1cil y comodo, con bonitas vistas, tanto hacia abajo mirando a los valles cubiertos de niebla, como si miramos en direcci\u00f3n a los picos que tenemos por todos lados, como la zona del Aneto.<\/p>\n<p>Conforme vamos caminando, podemos ir viendo las pr\u00f3ximas bornas, cosa que en cierto modo nos anima, porque en principio no vamos a tener ningun problema en localizarlas todas, excepto el hecho de que al igual que en otras zonas, especialmente en Navarra, el camino sube y baja un mont\u00f3n de veces siguiendo las peque\u00f1as colinas o picos, y al final, resulta cansado al hacer una buena cantidad de metros de desnivel.<\/p>\n<p style=\"text-align: justify;\">Esta vez hemos visto un mont\u00f3n de rebecos (isards o sarrios) , aunque es imposible hacerles alguna foto de cerca.<\/p>\n<p style=\"text-align: justify;\">Las bornas son todas del mismo tipo de las que hemos visto en esta zona, con la particularidad de que al lado de la B-400, de la B-401 y de\u00a0 la B-403 hay unos restos que deben ser la antigua borna.<br \/>\nLa B-402 est\u00e1 al lado de una especie de acantilado o precipicio (ver fotos), y la B-404 y la B-395 est\u00e1n inclinadas.<\/p>\n<p style=\"text-align: justify;\">Una vez llegamos a la B-406, \u00faltima por n\u00famero del d\u00eda de hoy, volvemos atr\u00e1s por el mismo camino, aunque nos saltamos los peque\u00f1os picos donde est\u00e1n las bornas que hemos visto a la ida,\u00a0 y poco despu\u00e9s de la B-398, lo dejamos para ir hasta la 397, y despu\u00e9s a la 396 y 395, que est\u00e1n en un peque\u00f1o pico, el Pla de Montmajou.<\/p>\n<p style=\"text-align: justify;\">Despu\u00e9s de estas dos \u00faltimas bornas del d\u00eda de hoy, bajamos hasta el punto de partida, y desde all\u00ed descendemos hasta el pueblo de Artigue, donde tenemos el coche, por un f\u00e1cil pero largo y pesado camino todo de bajada y con un fort\u00edsimo calor.<\/p>\n<p style=\"text-align: justify;\">En el album de fotos hemos dibujado una l\u00ednea en una de ellas, para marcar la frontera, desde la Caba\u00f1a de Peyrehitte en direcci\u00f3n a las bornas 394 a 386 que tenemos que hacer pr\u00f3ximamente para completar esta zona.<\/p>\n<hr \/>\n<p>&nbsp;<\/p>\n<p><strong>Distancia total<\/strong> :\u00a0\u00a0\u00a0\u00a0\u00a0\u00a0 15.240\u00a0 m<span class=\"totlen\"><span class=\"summaryvalue\">.\u00a0\u00a0\u00a0\u00a0\u00a0\u00a0\u00a0\u00a0\u00a0\u00a0\u00a0\u00a0\u00a0\u00a0\u00a0\u00a0\u00a0\u00a0\u00a0\u00a0\u00a0 <strong>Alturas m\u00edn\/m\u00e1x. :\u00a0<\/strong> 1.228 m \/ 2.199 m.<br \/>\n<\/span><\/span><\/p>\n<p><strong>Desnivel acumulado (s\/GPS Visualizer)<\/strong> :\u00a0 \u00a0 + 504\u00a0 m.\u00a0 \/\u00a0 -1.223 m.<\/p>\n<p><strong>Desnivel acumulado (s\/Wikiloc)<\/strong> :\u00a0 \u00a0 + 473 m. \/\u00a0 -1.179 m.<\/p>\n<p style=\"text-align: justify;\">\u00a0<\/p>\n<hr \/>\n<p><strong>Album de fotos<\/strong><\/p>\n<p><a href=\"https:\/\/photos.app.goo.gl\/CJsWrLnHB2GVJ12m8\" target=\"_blank\" rel=\"noopener\"><img loading=\"lazy\" decoding=\"async\" class=\"size-medium wp-image-17926 aligncenter\" src=\"https:\/\/www.carlosyconchita.net\/rutas\/wp-content\/uploads\/2022\/08\/Bornas-395-406-00104-300x223.jpg\" alt=\"\" width=\"300\" height=\"223\" srcset=\"https:\/\/www.carlosyconchita.net\/rutas\/wp-content\/uploads\/2022\/08\/Bornas-395-406-00104-300x223.jpg 300w, https:\/\/www.carlosyconchita.net\/rutas\/wp-content\/uploads\/2022\/08\/Bornas-395-406-00104-600x445.jpg 600w, https:\/\/www.carlosyconchita.net\/rutas\/wp-content\/uploads\/2022\/08\/Bornas-395-406-00104-768x570.jpg 768w, https:\/\/www.carlosyconchita.net\/rutas\/wp-content\/uploads\/2022\/08\/Bornas-395-406-00104.jpg 1024w\" sizes=\"auto, (max-width: 300px) 100vw, 300px\" \/><\/a><\/p>\n<hr \/>\n<h4><strong>Mapa y track de la ruta<\/strong><\/h4>\n<p style=\"text-align: center;\"><strong><span style=\"color: #ff0000;\">Pulsando sobre los waypoints del mapa, se puede ver una foto del sitio.<\/span><\/strong><\/p>\n<p>&nbsp;<\/p>\n<p><a href=\"https:\/\/www.carlosyconchita.net\/rutas\/wp-content\/uploads\/gpx\/Bornas-395-406.html\" target=\"_blank\" rel=\"noopener\"><img loading=\"lazy\" decoding=\"async\" class=\"aligncenter wp-image-16466\" src=\"https:\/\/www.carlosyconchita.net\/rutas\/wp-content\/uploads\/2021\/09\/mapa2.jpg\" alt=\"\" width=\"0185\" height=\"185\" srcset=\"https:\/\/www.carlosyconchita.net\/rutas\/wp-content\/uploads\/2021\/09\/mapa2.jpg 225w, https:\/\/www.carlosyconchita.net\/rutas\/wp-content\/uploads\/2021\/09\/mapa2-120x120.jpg 120w\" sizes=\"auto, (max-width: 185px) 100vw, 185px\" \/><\/a><\/p>\n<hr \/>\n<p><strong>Wikiloc\u00a0\u00a0\u00a0 <\/strong><strong><br \/>\n<\/strong><\/p>\n<p><a href=\"https:\/\/es.wikiloc.com\/rutas-senderismo\/bornas-o-mojones-fronterizos-395-a-406-117165678\" target=\"_blank\" rel=\"noopener\"><img loading=\"lazy\" decoding=\"async\" class=\"aligncenter size-full wp-image-958\" src=\"https:\/\/www.carlosyconchita.net\/rutas\/wp-content\/uploads\/2020\/09\/wikiloc.jpg\" alt=\"\" width=\"117\" height=\"34\" \/><\/a><\/p>\n<p>&nbsp;<\/p>\n<hr \/>\n<p style=\"text-align: justify;\"><span style=\"color: #ff0000; background-color: #ffffff; font-size: 14pt;\"><strong>Si te ha gustado, comp\u00e1rtelo en tu red favorita o env\u00edanos tu comentario.<br \/>\n<\/strong><\/span><\/p>\n<p style=\"text-align: justify;\"><span style=\"font-size: 14pt;\"><strong><span style=\"color: #ff0000;\">Muchas gracias !<\/span><\/strong><\/span><\/p>\n<hr \/>\n<p style=\"text-align: justify;\"><strong><span style=\"color: #008000;\">Suscribete si quieres recibir un mail cuando publiquemos nuevas rutas : no enviamos publicidad y como m\u00e1ximo enviamos 2 mails al mes<\/span><\/strong><\/p>\n<p style=\"text-align: center;\"><a href=\"https:\/\/mailchi.mp\/6989c83a3e24\/wmv06rtqcz\/\" target=\"_blank\" rel=\"noopener noreferrer\"><strong><span style=\"color: #0000ff;\">Pulsa aqu\u00ed para suscribirte<\/span><\/strong><\/a><\/p>\n<hr \/>\n<p style=\"text-align: justify;\">\u00a0<\/p>\n<h3 style=\"text-align: justify;\">Puedes imprimir esta publicaci\u00f3n o guardarla en diferentes formatos :<\/h3>\n<p style=\"text-align: justify;\"><span style=\"color: #ff0000; font-size: 14pt;\">Para facilitar la impresi\u00f3n, hemos reducido considerablemente el tama\u00f1o de las fotos, pero si deseas imprimir sin fotos, aconsejamos guardarlo como \u201cdoc\u201d, y antes de imprimirlo, eliminar las fotos<\/span><\/p>\n<p>&nbsp;<\/p>\n","protected":false},"excerpt":{"rendered":"<p>Larga y bonita caminata desde la Caba\u00f1a de Peyrehitte por la cresta fronteriza, para localizar las bornas 395 a la 406, con bastantes subidas y bajadas a varios picos, que al final suman un considerable desnivel.<\/p>\n","protected":false},"author":50,"featured_media":17926,"comment_status":"closed","ping_status":"open","sticky":false,"template":"","format":"standard","meta":{"footnotes":""},"categories":[106,11,23,74,109],"tags":[],"class_list":{"0":"post-17924","1":"post","2":"type-post","3":"status-publish","4":"format-standard","5":"has-post-thumbnail","6":"hentry","7":"category-nuestros-100-cims","8":"category-moderada","9":"category-de-10-a-15-km","10":"category-0-mojones-bornas-frontera","11":"category-valle-de-aran","13":"post-with-thumbnail","14":"post-with-thumbnail-icon"},"yoast_head":"<!-- This site is optimized with the Yoast SEO plugin v27.4 - https:\/\/yoast.com\/product\/yoast-seo-wordpress\/ -->\n<title>23-07-2022-Bornas 395-406 -<\/title>\n<meta name=\"robots\" content=\"index, follow, max-snippet:-1, max-image-preview:large, max-video-preview:-1\" \/>\n<link rel=\"canonical\" href=\"https:\/\/www.carlosyconchita.net\/rutas\/23-07-2022-bornas-395-406\/\" \/>\n<meta property=\"og:locale\" content=\"es_ES\" \/>\n<meta property=\"og:type\" content=\"article\" \/>\n<meta property=\"og:title\" content=\"23-07-2022-Bornas 395-406 -\" \/>\n<meta property=\"og:description\" content=\"Larga y bonita caminata desde la Caba\u00f1a de Peyrehitte por la cresta fronteriza, para localizar las bornas 395 a la 406, con bastantes subidas y bajadas a varios picos, que al final suman un considerable desnivel.\" \/>\n<meta property=\"og:url\" content=\"https:\/\/www.carlosyconchita.net\/rutas\/23-07-2022-bornas-395-406\/\" \/>\n<meta property=\"og:site_name\" content=\"Las rutas de Carlos y Conchita\" \/>\n<meta property=\"article:published_time\" content=\"2022-07-23T16:39:32+00:00\" \/>\n<meta property=\"article:modified_time\" content=\"2022-10-23T18:06:35+00:00\" \/>\n<meta property=\"og:image\" content=\"https:\/\/www.carlosyconchita.net\/rutas\/wp-content\/uploads\/2022\/08\/Bornas-395-406-00104.jpg\" \/>\n\t<meta property=\"og:image:width\" content=\"1024\" \/>\n\t<meta property=\"og:image:height\" content=\"760\" \/>\n\t<meta property=\"og:image:type\" content=\"image\/jpeg\" \/>\n<meta name=\"author\" content=\"Carlos Conchita\" \/>\n<meta name=\"twitter:label1\" content=\"Escrito por\" \/>\n\t<meta name=\"twitter:data1\" content=\"Carlos Conchita\" \/>\n\t<meta name=\"twitter:label2\" content=\"Tiempo de lectura\" \/>\n\t<meta name=\"twitter:data2\" content=\"4 minutos\" \/>\n<script type=\"application\/ld+json\" class=\"yoast-schema-graph\">{\"@context\":\"https:\\\/\\\/schema.org\",\"@graph\":[{\"@type\":\"Article\",\"@id\":\"https:\\\/\\\/www.carlosyconchita.net\\\/rutas\\\/23-07-2022-bornas-395-406\\\/#article\",\"isPartOf\":{\"@id\":\"https:\\\/\\\/www.carlosyconchita.net\\\/rutas\\\/23-07-2022-bornas-395-406\\\/\"},\"author\":{\"name\":\"Carlos Conchita\",\"@id\":\"https:\\\/\\\/www.carlosyconchita.net\\\/rutas\\\/#\\\/schema\\\/person\\\/a9691f7258c28443fab2d3aa1479ea19\"},\"headline\":\"23-07-2022-Bornas 395-406\",\"datePublished\":\"2022-07-23T16:39:32+00:00\",\"dateModified\":\"2022-10-23T18:06:35+00:00\",\"mainEntityOfPage\":{\"@id\":\"https:\\\/\\\/www.carlosyconchita.net\\\/rutas\\\/23-07-2022-bornas-395-406\\\/\"},\"wordCount\":652,\"image\":{\"@id\":\"https:\\\/\\\/www.carlosyconchita.net\\\/rutas\\\/23-07-2022-bornas-395-406\\\/#primaryimage\"},\"thumbnailUrl\":\"https:\\\/\\\/www.carlosyconchita.net\\\/rutas\\\/wp-content\\\/uploads\\\/2022\\\/08\\\/Bornas-395-406-00104.jpg\",\"articleSection\":[\"100 Cims Carlos y Conchita\",\"2-Moderada\",\"3 - De 10 a 15 km.\",\"Mojones \\\/ Bornas frontera ES-FR\",\"Valle de Ar\u00e1n\"],\"inLanguage\":\"es\"},{\"@type\":\"WebPage\",\"@id\":\"https:\\\/\\\/www.carlosyconchita.net\\\/rutas\\\/23-07-2022-bornas-395-406\\\/\",\"url\":\"https:\\\/\\\/www.carlosyconchita.net\\\/rutas\\\/23-07-2022-bornas-395-406\\\/\",\"name\":\"23-07-2022-Bornas 395-406 -\",\"isPartOf\":{\"@id\":\"https:\\\/\\\/www.carlosyconchita.net\\\/rutas\\\/#website\"},\"primaryImageOfPage\":{\"@id\":\"https:\\\/\\\/www.carlosyconchita.net\\\/rutas\\\/23-07-2022-bornas-395-406\\\/#primaryimage\"},\"image\":{\"@id\":\"https:\\\/\\\/www.carlosyconchita.net\\\/rutas\\\/23-07-2022-bornas-395-406\\\/#primaryimage\"},\"thumbnailUrl\":\"https:\\\/\\\/www.carlosyconchita.net\\\/rutas\\\/wp-content\\\/uploads\\\/2022\\\/08\\\/Bornas-395-406-00104.jpg\",\"datePublished\":\"2022-07-23T16:39:32+00:00\",\"dateModified\":\"2022-10-23T18:06:35+00:00\",\"author\":{\"@id\":\"https:\\\/\\\/www.carlosyconchita.net\\\/rutas\\\/#\\\/schema\\\/person\\\/a9691f7258c28443fab2d3aa1479ea19\"},\"breadcrumb\":{\"@id\":\"https:\\\/\\\/www.carlosyconchita.net\\\/rutas\\\/23-07-2022-bornas-395-406\\\/#breadcrumb\"},\"inLanguage\":\"es\",\"potentialAction\":[{\"@type\":\"ReadAction\",\"target\":[\"https:\\\/\\\/www.carlosyconchita.net\\\/rutas\\\/23-07-2022-bornas-395-406\\\/\"]}]},{\"@type\":\"ImageObject\",\"inLanguage\":\"es\",\"@id\":\"https:\\\/\\\/www.carlosyconchita.net\\\/rutas\\\/23-07-2022-bornas-395-406\\\/#primaryimage\",\"url\":\"https:\\\/\\\/www.carlosyconchita.net\\\/rutas\\\/wp-content\\\/uploads\\\/2022\\\/08\\\/Bornas-395-406-00104.jpg\",\"contentUrl\":\"https:\\\/\\\/www.carlosyconchita.net\\\/rutas\\\/wp-content\\\/uploads\\\/2022\\\/08\\\/Bornas-395-406-00104.jpg\",\"width\":1024,\"height\":760},{\"@type\":\"BreadcrumbList\",\"@id\":\"https:\\\/\\\/www.carlosyconchita.net\\\/rutas\\\/23-07-2022-bornas-395-406\\\/#breadcrumb\",\"itemListElement\":[{\"@type\":\"ListItem\",\"position\":1,\"name\":\"Portada\",\"item\":\"https:\\\/\\\/www.carlosyconchita.net\\\/rutas\\\/\"},{\"@type\":\"ListItem\",\"position\":2,\"name\":\"23-07-2022-Bornas 395-406\"}]},{\"@type\":\"WebSite\",\"@id\":\"https:\\\/\\\/www.carlosyconchita.net\\\/rutas\\\/#website\",\"url\":\"https:\\\/\\\/www.carlosyconchita.net\\\/rutas\\\/\",\"name\":\"Las rutas de Carlos y Conchita\",\"description\":\"\",\"potentialAction\":[{\"@type\":\"SearchAction\",\"target\":{\"@type\":\"EntryPoint\",\"urlTemplate\":\"https:\\\/\\\/www.carlosyconchita.net\\\/rutas\\\/?s={search_term_string}\"},\"query-input\":{\"@type\":\"PropertyValueSpecification\",\"valueRequired\":true,\"valueName\":\"search_term_string\"}}],\"inLanguage\":\"es\"},{\"@type\":\"Person\",\"@id\":\"https:\\\/\\\/www.carlosyconchita.net\\\/rutas\\\/#\\\/schema\\\/person\\\/a9691f7258c28443fab2d3aa1479ea19\",\"name\":\"Carlos Conchita\",\"image\":{\"@type\":\"ImageObject\",\"inLanguage\":\"es\",\"@id\":\"https:\\\/\\\/secure.gravatar.com\\\/avatar\\\/3a4625b20c8da3de99da69bfe7a322774e291c3f90dce7e8778a30fe6748ed1a?s=96&d=mm&r=g\",\"url\":\"https:\\\/\\\/secure.gravatar.com\\\/avatar\\\/3a4625b20c8da3de99da69bfe7a322774e291c3f90dce7e8778a30fe6748ed1a?s=96&d=mm&r=g\",\"contentUrl\":\"https:\\\/\\\/secure.gravatar.com\\\/avatar\\\/3a4625b20c8da3de99da69bfe7a322774e291c3f90dce7e8778a30fe6748ed1a?s=96&d=mm&r=g\",\"caption\":\"Carlos Conchita\"}}]}<\/script>\n<!-- \/ Yoast SEO plugin. -->","yoast_head_json":{"title":"23-07-2022-Bornas 395-406 -","robots":{"index":"index","follow":"follow","max-snippet":"max-snippet:-1","max-image-preview":"max-image-preview:large","max-video-preview":"max-video-preview:-1"},"canonical":"https:\/\/www.carlosyconchita.net\/rutas\/23-07-2022-bornas-395-406\/","og_locale":"es_ES","og_type":"article","og_title":"23-07-2022-Bornas 395-406 -","og_description":"Larga y bonita caminata desde la Caba\u00f1a de Peyrehitte por la cresta fronteriza, para localizar las bornas 395 a la 406, con bastantes subidas y bajadas a varios picos, que al final suman un considerable desnivel.","og_url":"https:\/\/www.carlosyconchita.net\/rutas\/23-07-2022-bornas-395-406\/","og_site_name":"Las rutas de Carlos y Conchita","article_published_time":"2022-07-23T16:39:32+00:00","article_modified_time":"2022-10-23T18:06:35+00:00","og_image":[{"width":1024,"height":760,"url":"https:\/\/www.carlosyconchita.net\/rutas\/wp-content\/uploads\/2022\/08\/Bornas-395-406-00104.jpg","type":"image\/jpeg"}],"author":"Carlos Conchita","twitter_misc":{"Escrito por":"Carlos Conchita","Tiempo de lectura":"4 minutos"},"schema":{"@context":"https:\/\/schema.org","@graph":[{"@type":"Article","@id":"https:\/\/www.carlosyconchita.net\/rutas\/23-07-2022-bornas-395-406\/#article","isPartOf":{"@id":"https:\/\/www.carlosyconchita.net\/rutas\/23-07-2022-bornas-395-406\/"},"author":{"name":"Carlos Conchita","@id":"https:\/\/www.carlosyconchita.net\/rutas\/#\/schema\/person\/a9691f7258c28443fab2d3aa1479ea19"},"headline":"23-07-2022-Bornas 395-406","datePublished":"2022-07-23T16:39:32+00:00","dateModified":"2022-10-23T18:06:35+00:00","mainEntityOfPage":{"@id":"https:\/\/www.carlosyconchita.net\/rutas\/23-07-2022-bornas-395-406\/"},"wordCount":652,"image":{"@id":"https:\/\/www.carlosyconchita.net\/rutas\/23-07-2022-bornas-395-406\/#primaryimage"},"thumbnailUrl":"https:\/\/www.carlosyconchita.net\/rutas\/wp-content\/uploads\/2022\/08\/Bornas-395-406-00104.jpg","articleSection":["100 Cims Carlos y Conchita","2-Moderada","3 - De 10 a 15 km.","Mojones \/ Bornas frontera ES-FR","Valle de Ar\u00e1n"],"inLanguage":"es"},{"@type":"WebPage","@id":"https:\/\/www.carlosyconchita.net\/rutas\/23-07-2022-bornas-395-406\/","url":"https:\/\/www.carlosyconchita.net\/rutas\/23-07-2022-bornas-395-406\/","name":"23-07-2022-Bornas 395-406 -","isPartOf":{"@id":"https:\/\/www.carlosyconchita.net\/rutas\/#website"},"primaryImageOfPage":{"@id":"https:\/\/www.carlosyconchita.net\/rutas\/23-07-2022-bornas-395-406\/#primaryimage"},"image":{"@id":"https:\/\/www.carlosyconchita.net\/rutas\/23-07-2022-bornas-395-406\/#primaryimage"},"thumbnailUrl":"https:\/\/www.carlosyconchita.net\/rutas\/wp-content\/uploads\/2022\/08\/Bornas-395-406-00104.jpg","datePublished":"2022-07-23T16:39:32+00:00","dateModified":"2022-10-23T18:06:35+00:00","author":{"@id":"https:\/\/www.carlosyconchita.net\/rutas\/#\/schema\/person\/a9691f7258c28443fab2d3aa1479ea19"},"breadcrumb":{"@id":"https:\/\/www.carlosyconchita.net\/rutas\/23-07-2022-bornas-395-406\/#breadcrumb"},"inLanguage":"es","potentialAction":[{"@type":"ReadAction","target":["https:\/\/www.carlosyconchita.net\/rutas\/23-07-2022-bornas-395-406\/"]}]},{"@type":"ImageObject","inLanguage":"es","@id":"https:\/\/www.carlosyconchita.net\/rutas\/23-07-2022-bornas-395-406\/#primaryimage","url":"https:\/\/www.carlosyconchita.net\/rutas\/wp-content\/uploads\/2022\/08\/Bornas-395-406-00104.jpg","contentUrl":"https:\/\/www.carlosyconchita.net\/rutas\/wp-content\/uploads\/2022\/08\/Bornas-395-406-00104.jpg","width":1024,"height":760},{"@type":"BreadcrumbList","@id":"https:\/\/www.carlosyconchita.net\/rutas\/23-07-2022-bornas-395-406\/#breadcrumb","itemListElement":[{"@type":"ListItem","position":1,"name":"Portada","item":"https:\/\/www.carlosyconchita.net\/rutas\/"},{"@type":"ListItem","position":2,"name":"23-07-2022-Bornas 395-406"}]},{"@type":"WebSite","@id":"https:\/\/www.carlosyconchita.net\/rutas\/#website","url":"https:\/\/www.carlosyconchita.net\/rutas\/","name":"Las rutas de Carlos y Conchita","description":"","potentialAction":[{"@type":"SearchAction","target":{"@type":"EntryPoint","urlTemplate":"https:\/\/www.carlosyconchita.net\/rutas\/?s={search_term_string}"},"query-input":{"@type":"PropertyValueSpecification","valueRequired":true,"valueName":"search_term_string"}}],"inLanguage":"es"},{"@type":"Person","@id":"https:\/\/www.carlosyconchita.net\/rutas\/#\/schema\/person\/a9691f7258c28443fab2d3aa1479ea19","name":"Carlos Conchita","image":{"@type":"ImageObject","inLanguage":"es","@id":"https:\/\/secure.gravatar.com\/avatar\/3a4625b20c8da3de99da69bfe7a322774e291c3f90dce7e8778a30fe6748ed1a?s=96&d=mm&r=g","url":"https:\/\/secure.gravatar.com\/avatar\/3a4625b20c8da3de99da69bfe7a322774e291c3f90dce7e8778a30fe6748ed1a?s=96&d=mm&r=g","contentUrl":"https:\/\/secure.gravatar.com\/avatar\/3a4625b20c8da3de99da69bfe7a322774e291c3f90dce7e8778a30fe6748ed1a?s=96&d=mm&r=g","caption":"Carlos Conchita"}}]}},"_links":{"self":[{"href":"https:\/\/www.carlosyconchita.net\/rutas\/wp-json\/wp\/v2\/posts\/17924","targetHints":{"allow":["GET"]}}],"collection":[{"href":"https:\/\/www.carlosyconchita.net\/rutas\/wp-json\/wp\/v2\/posts"}],"about":[{"href":"https:\/\/www.carlosyconchita.net\/rutas\/wp-json\/wp\/v2\/types\/post"}],"author":[{"embeddable":true,"href":"https:\/\/www.carlosyconchita.net\/rutas\/wp-json\/wp\/v2\/users\/50"}],"replies":[{"embeddable":true,"href":"https:\/\/www.carlosyconchita.net\/rutas\/wp-json\/wp\/v2\/comments?post=17924"}],"version-history":[{"count":0,"href":"https:\/\/www.carlosyconchita.net\/rutas\/wp-json\/wp\/v2\/posts\/17924\/revisions"}],"wp:featuredmedia":[{"embeddable":true,"href":"https:\/\/www.carlosyconchita.net\/rutas\/wp-json\/wp\/v2\/media\/17926"}],"wp:attachment":[{"href":"https:\/\/www.carlosyconchita.net\/rutas\/wp-json\/wp\/v2\/media?parent=17924"}],"wp:term":[{"taxonomy":"category","embeddable":true,"href":"https:\/\/www.carlosyconchita.net\/rutas\/wp-json\/wp\/v2\/categories?post=17924"},{"taxonomy":"post_tag","embeddable":true,"href":"https:\/\/www.carlosyconchita.net\/rutas\/wp-json\/wp\/v2\/tags?post=17924"}],"curies":[{"name":"wp","href":"https:\/\/api.w.org\/{rel}","templated":true}]}}