{"id":18090,"date":"2022-08-26T17:59:59","date_gmt":"2022-08-26T16:59:59","guid":{"rendered":"https:\/\/www.carlosyconchita.net\/rutas\/?p=18090"},"modified":"2022-11-21T16:23:10","modified_gmt":"2022-11-21T15:23:10","slug":"26-08-2022-bornas-267-268-269","status":"publish","type":"post","link":"https:\/\/www.carlosyconchita.net\/rutas\/26-08-2022-bornas-267-268-269\/","title":{"rendered":"26-08-2022-Bornas 267-268-269"},"content":{"rendered":"<p style=\"text-align: center;\"><span style=\"color: #ff0000;\"><cite>541 bornas localizadas hasta hoy , del total de 602 existentes, nos faltan s\u00f3lo 61.<\/cite><\/span><\/p>\n<p style=\"text-align: justify;\">A pesar del mal tiempo que hac\u00eda cuando hemos empezado a caminar, ya que estaba lloviendo, hemos podido localizar las 3 bornas que nos quedaban en esta zona, y que debido a la niebla y falta de tiempo no pudimos hacer el d\u00eda\u00a0 <a href=\"https:\/\/www.carlosyconchita.net\/rutas\/05-09-2020-bornas-262-a-266-y-270\/\" target=\"_blank\" rel=\"noopener\"><span style=\"color: #0000ff;\">05-09-2020-Bornas 262 a 266 y 270<\/span><\/a><\/p>\n<p style=\"text-align: justify;\">Como se puede ver en las fotos, durante el d\u00eda ha ido cambiando el tiempo, alternando lluvia, viento, niebla y a ratos tambi\u00e9n sol, afortunadamente.<\/p>\n<p style=\"text-align: justify;\">El recorrido pasa una buena parte del tiempo por la zona k\u00e1rstica , pero en este caso los agujeros y zanjas no son tan profundas como en la zonas por las que pasamos en el track antes indicado, y al final ha resultado una muy bonita excursi\u00f3n, y el paso por la zona k\u00e1rstica, muy bonito y divertido, as\u00ed que lo anotamos para una pr\u00f3xima excursi\u00f3n para repetirla en un d\u00eda con mejor tiempo, ya que los paisajes rocosos son muy bonitos y espectaculares, as\u00ed como las vistas a los picos cercanos, como el Arl\u00e1s, el Murlong,\u00a0 y como no el Anie o Au\u00f1amendi.<\/p>\n<p style=\"text-align: justify;\">La borna 267 est\u00e1 grabada en una piedra, y para poder pintar con tiza el n\u00famero para verlo en las fotos, hemos tenido que secar la piedra donde est\u00e1 grabada con una gamuza que nuestro previsor amigo Eef llevaba consigo.<\/p>\n<p>Las otras dors bornas , la 268 y la 269 son del tipo moj\u00f3n, pero con la antigua borna grabada en una piedra al lado perfectamente visible.<\/p>\n<p style=\"text-align: justify;\">Como cosa curiosa tenemos que indicar que una de las piezas que forman la borna 269, tiene grabado el n\u00famero 267 boca abajo, por lo que suponemos que esta pieza inicialmente deb\u00eda estar prevista para la 267, pero que no se lleg\u00f3 a colocar.<\/p>\n<p style=\"text-align: justify;\">A la vuelta, paramos para hacer otra foto a la B-266, ya vista el d\u00eda 05-09-2020, ya que la tenemos al lado mismo del camino, y tambi\u00e9n a la B-262, situada al lado del parking donde hemos dejado el coche, en el Coll de Ernaz o de la Pierre Saint -Martin.<\/p>\n<p>Y en el camino de vuelta a Isaba, conforme descend\u00edamos por la carretera desapareci\u00f3 la niebla, por lo que decidimos parar a comer en la Venta de Juan Pito, ya que con el mal tiempo que hab\u00edamos tenido no hab\u00edamos comido nada.<br \/>\nPero debido a la gran cantidad de gente que hab\u00eda, y que ten\u00edamos que esperar hasta las 6 de la tarde para comer en el interior , nos hemos comido nuestro bocata y alg\u00fan pincho, con unas merecidas cervecitas al sol.<\/p>\n<hr \/>\n<p>&nbsp;<\/p>\n<p><strong>Distancia total<\/strong> :\u00a0\u00a0\u00a0\u00a0\u00a0\u00a0 9.238\u00a0 m<span class=\"totlen\"><span class=\"summaryvalue\">.\u00a0\u00a0\u00a0\u00a0\u00a0\u00a0\u00a0\u00a0\u00a0\u00a0\u00a0\u00a0\u00a0\u00a0\u00a0\u00a0\u00a0\u00a0\u00a0\u00a0\u00a0 <strong>Alturas m\u00edn\/m\u00e1x. :\u00a0<\/strong> 1.756 m \/ 2.164 m.<br \/>\n<\/span><\/span><\/p>\n<p><strong>Desnivel acumulado (s\/GPS Visualizer)<\/strong> :\u00a0 \u00a0\u00a0 519\u00a0 m.<\/p>\n<p><strong>Desnivel acumulado (s\/Wikiloc)<\/strong> :\u00a0 \u00a0\u00a0 431 m.<\/p>\n<p>&nbsp;<\/p>\n<hr \/>\n<p><strong>Album de fotos<\/strong><\/p>\n<p><a href=\"https:\/\/photos.app.goo.gl\/jjZhKTEY4SjkGJsr9\" target=\"_blank\" rel=\"noopener\"><img loading=\"lazy\" decoding=\"async\" class=\"size-medium wp-image-18126 aligncenter\" src=\"https:\/\/www.carlosyconchita.net\/rutas\/wp-content\/uploads\/2022\/08\/B-267-269-00037-300x223.jpg\" alt=\"\" width=\"300\" height=\"223\" srcset=\"https:\/\/www.carlosyconchita.net\/rutas\/wp-content\/uploads\/2022\/08\/B-267-269-00037-300x223.jpg 300w, https:\/\/www.carlosyconchita.net\/rutas\/wp-content\/uploads\/2022\/08\/B-267-269-00037-600x445.jpg 600w, https:\/\/www.carlosyconchita.net\/rutas\/wp-content\/uploads\/2022\/08\/B-267-269-00037-768x570.jpg 768w, https:\/\/www.carlosyconchita.net\/rutas\/wp-content\/uploads\/2022\/08\/B-267-269-00037.jpg 1024w\" sizes=\"auto, (max-width: 300px) 100vw, 300px\" \/><\/a><\/p>\n<hr \/>\n<h4><strong>Mapa y track de la ruta<\/strong><\/h4>\n<p style=\"text-align: center;\"><strong><span style=\"color: #ff0000;\">Pulsando sobre los waypoints del mapa, se puede ver una foto del sitio.<\/span><\/strong><\/p>\n<p>&nbsp;<\/p>\n<p><a href=\"https:\/\/www.carlosyconchita.net\/rutas\/wp-content\/uploads\/gpx\/Bornas-267-269.html\" target=\"_blank\" rel=\"noopener\"><img loading=\"lazy\" decoding=\"async\" class=\"aligncenter wp-image-16466\" src=\"https:\/\/www.carlosyconchita.net\/rutas\/wp-content\/uploads\/2021\/09\/mapa2.jpg\" alt=\"\" width=\"0185\" height=\"185\" srcset=\"https:\/\/www.carlosyconchita.net\/rutas\/wp-content\/uploads\/2021\/09\/mapa2.jpg 225w, https:\/\/www.carlosyconchita.net\/rutas\/wp-content\/uploads\/2021\/09\/mapa2-120x120.jpg 120w\" sizes=\"auto, (max-width: 185px) 100vw, 185px\" \/><\/a><\/p>\n<hr \/>\n<p><strong>Wikiloc\u00a0\u00a0\u00a0 <\/strong><strong><br \/>\n<\/strong><\/p>\n<p><a href=\"https:\/\/es.wikiloc.com\/rutas-senderismo\/bornas-o-mojones-fronterizos-267-a-269-119645795\" target=\"_blank\" rel=\"noopener\"><img loading=\"lazy\" decoding=\"async\" class=\"aligncenter size-full wp-image-958\" src=\"https:\/\/www.carlosyconchita.net\/rutas\/wp-content\/uploads\/2020\/09\/wikiloc.jpg\" alt=\"\" width=\"117\" height=\"34\" \/><\/a><\/p>\n<p>&nbsp;<\/p>\n<hr \/>\n<p style=\"text-align: justify;\"><span style=\"color: #ff0000; background-color: #ffffff; font-size: 14pt;\"><strong>Si te ha gustado, comp\u00e1rtelo en tu red favorita o env\u00edanos tu comentario.<br \/>\n<\/strong><\/span><\/p>\n<p style=\"text-align: justify;\"><span style=\"font-size: 14pt;\"><strong><span style=\"color: #ff0000;\">Muchas gracias !<\/span><\/strong><\/span><\/p>\n<hr \/>\n<p style=\"text-align: justify;\"><strong><span style=\"color: #008000;\">Suscribete si quieres recibir un mail cuando publiquemos nuevas rutas : no enviamos publicidad y como m\u00e1ximo enviamos 2 mails al mes<\/span><\/strong><\/p>\n<p style=\"text-align: center;\"><a href=\"https:\/\/mailchi.mp\/6989c83a3e24\/wmv06rtqcz\/\" target=\"_blank\" rel=\"noopener noreferrer\"><strong><span style=\"color: #0000ff;\">Pulsa aqu\u00ed para suscribirte<\/span><\/strong><\/a><\/p>\n<hr \/>\n<p style=\"text-align: justify;\">\u00a0<\/p>\n<h3 style=\"text-align: justify;\">Puedes imprimir esta publicaci\u00f3n o guardarla en diferentes formatos :<\/h3>\n<p style=\"text-align: justify;\"><span style=\"color: #ff0000; font-size: 14pt;\">Para facilitar la impresi\u00f3n, hemos reducido considerablemente el tama\u00f1o de las fotos, pero si deseas imprimir sin fotos, aconsejamos guardarlo como \u201cdoc\u201d, y antes de imprimirlo, eliminar las fotos<\/span><\/p>\n<p>&nbsp;<\/p>\n<p>&nbsp;<\/p>\n","protected":false},"excerpt":{"rendered":"<p>A pesar del mal tiempo que hac\u00eda cuando hemos empezado a caminar, ya que estaba lloviendo, hemos podido localizar las 3 bornas que nos quedaban en esta zona, y que debido a la niebla y falta de tiempo no pudimos hacer el d\u00eda\u00a0 05-09-2020<\/p>\n","protected":false},"author":50,"featured_media":18126,"comment_status":"closed","ping_status":"open","sticky":false,"template":"","format":"standard","meta":{"footnotes":""},"categories":[22,11,74,91],"tags":[],"class_list":{"0":"post-18090","1":"post","2":"type-post","3":"status-publish","4":"format-standard","5":"has-post-thumbnail","6":"hentry","7":"category-de-05-a-10-km","8":"category-moderada","9":"category-0-mojones-bornas-frontera","10":"category-navarra","12":"post-with-thumbnail","13":"post-with-thumbnail-icon"},"yoast_head":"<!-- This site is optimized with the Yoast SEO plugin v27.4 - https:\/\/yoast.com\/product\/yoast-seo-wordpress\/ -->\n<title>26-08-2022-Bornas 267-268-269 -<\/title>\n<meta name=\"robots\" content=\"index, follow, max-snippet:-1, max-image-preview:large, max-video-preview:-1\" \/>\n<link rel=\"canonical\" href=\"https:\/\/www.carlosyconchita.net\/rutas\/26-08-2022-bornas-267-268-269\/\" \/>\n<meta property=\"og:locale\" content=\"es_ES\" \/>\n<meta property=\"og:type\" content=\"article\" \/>\n<meta property=\"og:title\" content=\"26-08-2022-Bornas 267-268-269 -\" \/>\n<meta property=\"og:description\" content=\"A pesar del mal tiempo que hac\u00eda cuando hemos empezado a caminar, ya que estaba lloviendo, hemos podido localizar las 3 bornas que nos quedaban en esta zona, y que debido a la niebla y falta de tiempo no pudimos hacer el d\u00eda\u00a0 05-09-2020\" \/>\n<meta property=\"og:url\" content=\"https:\/\/www.carlosyconchita.net\/rutas\/26-08-2022-bornas-267-268-269\/\" \/>\n<meta property=\"og:site_name\" content=\"Las rutas de Carlos y Conchita\" \/>\n<meta property=\"article:published_time\" content=\"2022-08-26T16:59:59+00:00\" \/>\n<meta property=\"article:modified_time\" content=\"2022-11-21T15:23:10+00:00\" \/>\n<meta property=\"og:image\" content=\"https:\/\/www.carlosyconchita.net\/rutas\/wp-content\/uploads\/2022\/08\/B-267-269-00037.jpg\" \/>\n\t<meta property=\"og:image:width\" content=\"1024\" \/>\n\t<meta property=\"og:image:height\" content=\"760\" \/>\n\t<meta property=\"og:image:type\" content=\"image\/jpeg\" \/>\n<meta name=\"author\" content=\"Carlos Conchita\" \/>\n<meta name=\"twitter:label1\" content=\"Escrito por\" \/>\n\t<meta name=\"twitter:data1\" content=\"Carlos Conchita\" \/>\n\t<meta name=\"twitter:label2\" content=\"Tiempo de lectura\" \/>\n\t<meta name=\"twitter:data2\" content=\"4 minutos\" \/>\n<script type=\"application\/ld+json\" class=\"yoast-schema-graph\">{\"@context\":\"https:\\\/\\\/schema.org\",\"@graph\":[{\"@type\":\"Article\",\"@id\":\"https:\\\/\\\/www.carlosyconchita.net\\\/rutas\\\/26-08-2022-bornas-267-268-269\\\/#article\",\"isPartOf\":{\"@id\":\"https:\\\/\\\/www.carlosyconchita.net\\\/rutas\\\/26-08-2022-bornas-267-268-269\\\/\"},\"author\":{\"name\":\"Carlos Conchita\",\"@id\":\"https:\\\/\\\/www.carlosyconchita.net\\\/rutas\\\/#\\\/schema\\\/person\\\/a9691f7258c28443fab2d3aa1479ea19\"},\"headline\":\"26-08-2022-Bornas 267-268-269\",\"datePublished\":\"2022-08-26T16:59:59+00:00\",\"dateModified\":\"2022-11-21T15:23:10+00:00\",\"mainEntityOfPage\":{\"@id\":\"https:\\\/\\\/www.carlosyconchita.net\\\/rutas\\\/26-08-2022-bornas-267-268-269\\\/\"},\"wordCount\":586,\"image\":{\"@id\":\"https:\\\/\\\/www.carlosyconchita.net\\\/rutas\\\/26-08-2022-bornas-267-268-269\\\/#primaryimage\"},\"thumbnailUrl\":\"https:\\\/\\\/www.carlosyconchita.net\\\/rutas\\\/wp-content\\\/uploads\\\/2022\\\/08\\\/B-267-269-00037.jpg\",\"articleSection\":[\"2 - De 5 a 10 km.\",\"2-Moderada\",\"Mojones \\\/ Bornas frontera ES-FR\",\"Navarra\"],\"inLanguage\":\"es\"},{\"@type\":\"WebPage\",\"@id\":\"https:\\\/\\\/www.carlosyconchita.net\\\/rutas\\\/26-08-2022-bornas-267-268-269\\\/\",\"url\":\"https:\\\/\\\/www.carlosyconchita.net\\\/rutas\\\/26-08-2022-bornas-267-268-269\\\/\",\"name\":\"26-08-2022-Bornas 267-268-269 -\",\"isPartOf\":{\"@id\":\"https:\\\/\\\/www.carlosyconchita.net\\\/rutas\\\/#website\"},\"primaryImageOfPage\":{\"@id\":\"https:\\\/\\\/www.carlosyconchita.net\\\/rutas\\\/26-08-2022-bornas-267-268-269\\\/#primaryimage\"},\"image\":{\"@id\":\"https:\\\/\\\/www.carlosyconchita.net\\\/rutas\\\/26-08-2022-bornas-267-268-269\\\/#primaryimage\"},\"thumbnailUrl\":\"https:\\\/\\\/www.carlosyconchita.net\\\/rutas\\\/wp-content\\\/uploads\\\/2022\\\/08\\\/B-267-269-00037.jpg\",\"datePublished\":\"2022-08-26T16:59:59+00:00\",\"dateModified\":\"2022-11-21T15:23:10+00:00\",\"author\":{\"@id\":\"https:\\\/\\\/www.carlosyconchita.net\\\/rutas\\\/#\\\/schema\\\/person\\\/a9691f7258c28443fab2d3aa1479ea19\"},\"breadcrumb\":{\"@id\":\"https:\\\/\\\/www.carlosyconchita.net\\\/rutas\\\/26-08-2022-bornas-267-268-269\\\/#breadcrumb\"},\"inLanguage\":\"es\",\"potentialAction\":[{\"@type\":\"ReadAction\",\"target\":[\"https:\\\/\\\/www.carlosyconchita.net\\\/rutas\\\/26-08-2022-bornas-267-268-269\\\/\"]}]},{\"@type\":\"ImageObject\",\"inLanguage\":\"es\",\"@id\":\"https:\\\/\\\/www.carlosyconchita.net\\\/rutas\\\/26-08-2022-bornas-267-268-269\\\/#primaryimage\",\"url\":\"https:\\\/\\\/www.carlosyconchita.net\\\/rutas\\\/wp-content\\\/uploads\\\/2022\\\/08\\\/B-267-269-00037.jpg\",\"contentUrl\":\"https:\\\/\\\/www.carlosyconchita.net\\\/rutas\\\/wp-content\\\/uploads\\\/2022\\\/08\\\/B-267-269-00037.jpg\",\"width\":1024,\"height\":760},{\"@type\":\"BreadcrumbList\",\"@id\":\"https:\\\/\\\/www.carlosyconchita.net\\\/rutas\\\/26-08-2022-bornas-267-268-269\\\/#breadcrumb\",\"itemListElement\":[{\"@type\":\"ListItem\",\"position\":1,\"name\":\"Portada\",\"item\":\"https:\\\/\\\/www.carlosyconchita.net\\\/rutas\\\/\"},{\"@type\":\"ListItem\",\"position\":2,\"name\":\"26-08-2022-Bornas 267-268-269\"}]},{\"@type\":\"WebSite\",\"@id\":\"https:\\\/\\\/www.carlosyconchita.net\\\/rutas\\\/#website\",\"url\":\"https:\\\/\\\/www.carlosyconchita.net\\\/rutas\\\/\",\"name\":\"Las rutas de Carlos y Conchita\",\"description\":\"\",\"potentialAction\":[{\"@type\":\"SearchAction\",\"target\":{\"@type\":\"EntryPoint\",\"urlTemplate\":\"https:\\\/\\\/www.carlosyconchita.net\\\/rutas\\\/?s={search_term_string}\"},\"query-input\":{\"@type\":\"PropertyValueSpecification\",\"valueRequired\":true,\"valueName\":\"search_term_string\"}}],\"inLanguage\":\"es\"},{\"@type\":\"Person\",\"@id\":\"https:\\\/\\\/www.carlosyconchita.net\\\/rutas\\\/#\\\/schema\\\/person\\\/a9691f7258c28443fab2d3aa1479ea19\",\"name\":\"Carlos Conchita\",\"image\":{\"@type\":\"ImageObject\",\"inLanguage\":\"es\",\"@id\":\"https:\\\/\\\/secure.gravatar.com\\\/avatar\\\/3a4625b20c8da3de99da69bfe7a322774e291c3f90dce7e8778a30fe6748ed1a?s=96&d=mm&r=g\",\"url\":\"https:\\\/\\\/secure.gravatar.com\\\/avatar\\\/3a4625b20c8da3de99da69bfe7a322774e291c3f90dce7e8778a30fe6748ed1a?s=96&d=mm&r=g\",\"contentUrl\":\"https:\\\/\\\/secure.gravatar.com\\\/avatar\\\/3a4625b20c8da3de99da69bfe7a322774e291c3f90dce7e8778a30fe6748ed1a?s=96&d=mm&r=g\",\"caption\":\"Carlos Conchita\"}}]}<\/script>\n<!-- \/ Yoast SEO plugin. -->","yoast_head_json":{"title":"26-08-2022-Bornas 267-268-269 -","robots":{"index":"index","follow":"follow","max-snippet":"max-snippet:-1","max-image-preview":"max-image-preview:large","max-video-preview":"max-video-preview:-1"},"canonical":"https:\/\/www.carlosyconchita.net\/rutas\/26-08-2022-bornas-267-268-269\/","og_locale":"es_ES","og_type":"article","og_title":"26-08-2022-Bornas 267-268-269 -","og_description":"A pesar del mal tiempo que hac\u00eda cuando hemos empezado a caminar, ya que estaba lloviendo, hemos podido localizar las 3 bornas que nos quedaban en esta zona, y que debido a la niebla y falta de tiempo no pudimos hacer el d\u00eda\u00a0 05-09-2020","og_url":"https:\/\/www.carlosyconchita.net\/rutas\/26-08-2022-bornas-267-268-269\/","og_site_name":"Las rutas de Carlos y Conchita","article_published_time":"2022-08-26T16:59:59+00:00","article_modified_time":"2022-11-21T15:23:10+00:00","og_image":[{"width":1024,"height":760,"url":"https:\/\/www.carlosyconchita.net\/rutas\/wp-content\/uploads\/2022\/08\/B-267-269-00037.jpg","type":"image\/jpeg"}],"author":"Carlos Conchita","twitter_misc":{"Escrito por":"Carlos Conchita","Tiempo de lectura":"4 minutos"},"schema":{"@context":"https:\/\/schema.org","@graph":[{"@type":"Article","@id":"https:\/\/www.carlosyconchita.net\/rutas\/26-08-2022-bornas-267-268-269\/#article","isPartOf":{"@id":"https:\/\/www.carlosyconchita.net\/rutas\/26-08-2022-bornas-267-268-269\/"},"author":{"name":"Carlos Conchita","@id":"https:\/\/www.carlosyconchita.net\/rutas\/#\/schema\/person\/a9691f7258c28443fab2d3aa1479ea19"},"headline":"26-08-2022-Bornas 267-268-269","datePublished":"2022-08-26T16:59:59+00:00","dateModified":"2022-11-21T15:23:10+00:00","mainEntityOfPage":{"@id":"https:\/\/www.carlosyconchita.net\/rutas\/26-08-2022-bornas-267-268-269\/"},"wordCount":586,"image":{"@id":"https:\/\/www.carlosyconchita.net\/rutas\/26-08-2022-bornas-267-268-269\/#primaryimage"},"thumbnailUrl":"https:\/\/www.carlosyconchita.net\/rutas\/wp-content\/uploads\/2022\/08\/B-267-269-00037.jpg","articleSection":["2 - De 5 a 10 km.","2-Moderada","Mojones \/ Bornas frontera ES-FR","Navarra"],"inLanguage":"es"},{"@type":"WebPage","@id":"https:\/\/www.carlosyconchita.net\/rutas\/26-08-2022-bornas-267-268-269\/","url":"https:\/\/www.carlosyconchita.net\/rutas\/26-08-2022-bornas-267-268-269\/","name":"26-08-2022-Bornas 267-268-269 -","isPartOf":{"@id":"https:\/\/www.carlosyconchita.net\/rutas\/#website"},"primaryImageOfPage":{"@id":"https:\/\/www.carlosyconchita.net\/rutas\/26-08-2022-bornas-267-268-269\/#primaryimage"},"image":{"@id":"https:\/\/www.carlosyconchita.net\/rutas\/26-08-2022-bornas-267-268-269\/#primaryimage"},"thumbnailUrl":"https:\/\/www.carlosyconchita.net\/rutas\/wp-content\/uploads\/2022\/08\/B-267-269-00037.jpg","datePublished":"2022-08-26T16:59:59+00:00","dateModified":"2022-11-21T15:23:10+00:00","author":{"@id":"https:\/\/www.carlosyconchita.net\/rutas\/#\/schema\/person\/a9691f7258c28443fab2d3aa1479ea19"},"breadcrumb":{"@id":"https:\/\/www.carlosyconchita.net\/rutas\/26-08-2022-bornas-267-268-269\/#breadcrumb"},"inLanguage":"es","potentialAction":[{"@type":"ReadAction","target":["https:\/\/www.carlosyconchita.net\/rutas\/26-08-2022-bornas-267-268-269\/"]}]},{"@type":"ImageObject","inLanguage":"es","@id":"https:\/\/www.carlosyconchita.net\/rutas\/26-08-2022-bornas-267-268-269\/#primaryimage","url":"https:\/\/www.carlosyconchita.net\/rutas\/wp-content\/uploads\/2022\/08\/B-267-269-00037.jpg","contentUrl":"https:\/\/www.carlosyconchita.net\/rutas\/wp-content\/uploads\/2022\/08\/B-267-269-00037.jpg","width":1024,"height":760},{"@type":"BreadcrumbList","@id":"https:\/\/www.carlosyconchita.net\/rutas\/26-08-2022-bornas-267-268-269\/#breadcrumb","itemListElement":[{"@type":"ListItem","position":1,"name":"Portada","item":"https:\/\/www.carlosyconchita.net\/rutas\/"},{"@type":"ListItem","position":2,"name":"26-08-2022-Bornas 267-268-269"}]},{"@type":"WebSite","@id":"https:\/\/www.carlosyconchita.net\/rutas\/#website","url":"https:\/\/www.carlosyconchita.net\/rutas\/","name":"Las rutas de Carlos y Conchita","description":"","potentialAction":[{"@type":"SearchAction","target":{"@type":"EntryPoint","urlTemplate":"https:\/\/www.carlosyconchita.net\/rutas\/?s={search_term_string}"},"query-input":{"@type":"PropertyValueSpecification","valueRequired":true,"valueName":"search_term_string"}}],"inLanguage":"es"},{"@type":"Person","@id":"https:\/\/www.carlosyconchita.net\/rutas\/#\/schema\/person\/a9691f7258c28443fab2d3aa1479ea19","name":"Carlos Conchita","image":{"@type":"ImageObject","inLanguage":"es","@id":"https:\/\/secure.gravatar.com\/avatar\/3a4625b20c8da3de99da69bfe7a322774e291c3f90dce7e8778a30fe6748ed1a?s=96&d=mm&r=g","url":"https:\/\/secure.gravatar.com\/avatar\/3a4625b20c8da3de99da69bfe7a322774e291c3f90dce7e8778a30fe6748ed1a?s=96&d=mm&r=g","contentUrl":"https:\/\/secure.gravatar.com\/avatar\/3a4625b20c8da3de99da69bfe7a322774e291c3f90dce7e8778a30fe6748ed1a?s=96&d=mm&r=g","caption":"Carlos Conchita"}}]}},"_links":{"self":[{"href":"https:\/\/www.carlosyconchita.net\/rutas\/wp-json\/wp\/v2\/posts\/18090","targetHints":{"allow":["GET"]}}],"collection":[{"href":"https:\/\/www.carlosyconchita.net\/rutas\/wp-json\/wp\/v2\/posts"}],"about":[{"href":"https:\/\/www.carlosyconchita.net\/rutas\/wp-json\/wp\/v2\/types\/post"}],"author":[{"embeddable":true,"href":"https:\/\/www.carlosyconchita.net\/rutas\/wp-json\/wp\/v2\/users\/50"}],"replies":[{"embeddable":true,"href":"https:\/\/www.carlosyconchita.net\/rutas\/wp-json\/wp\/v2\/comments?post=18090"}],"version-history":[{"count":0,"href":"https:\/\/www.carlosyconchita.net\/rutas\/wp-json\/wp\/v2\/posts\/18090\/revisions"}],"wp:featuredmedia":[{"embeddable":true,"href":"https:\/\/www.carlosyconchita.net\/rutas\/wp-json\/wp\/v2\/media\/18126"}],"wp:attachment":[{"href":"https:\/\/www.carlosyconchita.net\/rutas\/wp-json\/wp\/v2\/media?parent=18090"}],"wp:term":[{"taxonomy":"category","embeddable":true,"href":"https:\/\/www.carlosyconchita.net\/rutas\/wp-json\/wp\/v2\/categories?post=18090"},{"taxonomy":"post_tag","embeddable":true,"href":"https:\/\/www.carlosyconchita.net\/rutas\/wp-json\/wp\/v2\/tags?post=18090"}],"curies":[{"name":"wp","href":"https:\/\/api.w.org\/{rel}","templated":true}]}}