{"id":18178,"date":"2022-10-29T19:40:26","date_gmt":"2022-10-29T18:40:26","guid":{"rendered":"https:\/\/www.carlosyconchita.net\/rutas\/?p=18178"},"modified":"2022-12-28T19:25:35","modified_gmt":"2022-12-28T18:25:35","slug":"29-10-2022-plateau-de-sanchese-intento-b-272","status":"publish","type":"post","link":"https:\/\/www.carlosyconchita.net\/rutas\/29-10-2022-plateau-de-sanchese-intento-b-272\/","title":{"rendered":"29-10-2022-Plateau de Sanch\u00e8se (intento B-272)"},"content":{"rendered":"<p style=\"text-align: justify;\">Hoy no hemos tenido un buen d\u00eda, ya que no hemos conseguido llegar a la borna 272 como ten\u00edamos previsto.<br \/>\nSab\u00edamos que es una larga y durilla caminata, y hemos hecho bastantes similares o peores, pero siempre hay un d\u00eda en que no \u00abfuncionas\u00bb como debes y entre una menor velocidad y que justo al principio hay una muy fuerte subida por casi una pared, cuando est\u00e1bamos m\u00e1s o menos a la mitad del recorrido, decidimos volver atr\u00e1s y dejarlo para otro d\u00eda, ya que tambi\u00e9n deb\u00edamos contar con que en esta fecha, las horas de sol son menos.<\/p>\n<p style=\"text-align: justify;\">El punto de inicio es el Plateau de Sanch\u00e8se, a donde podemos llegar en coche desde el peque\u00f1o pueblo franc\u00e9s de\u00a0 Lesc\u00fan\u00a0 (atenci\u00f3n : camino cerrado los meses de julio y agosto , ver fotos) .<br \/>\nEs un bonito lugar, con unos verdes prados y un riachuelo , pero que est\u00e1 rodeado de unas impresionantes monta\u00f1as, (ver las primeras fotos del album).<\/p>\n<p style=\"text-align: justify;\">Por ello , lo primero que tuvimos que hacer al dejar el coche es subir un camino con una fuerte pendiente, para poder salvar el enorme desnivel (eso no nos sienta muy bien as\u00ed de golpe nada m\u00e1s empezar&#8230;)\u00a0 , hasta entrar en un espeso hayedo, con tramos de m\u00e1s de medio metro de hojas en el suelo, y que nos provoc\u00f3 alguna caida al no poder ver lo que pis\u00e1bamos.<\/p>\n<p style=\"text-align: justify;\">Siempre subiendo, salimos despu\u00e9s del bosque a una zona m\u00e1s despejada, y con unos bonitos paisajes con enormes picos a nuestro alrededor y siempre siguiendo el GR-13 ten\u00edamos que ir subiendo en direcci\u00f3n al Col de Anaye, en donde est\u00e1 la B-272.<\/p>\n<p style=\"text-align: justify;\">Pero cuando llev\u00e1bamos m\u00e1s o menos la mitad del recorrido, a una velocidad menor de la prevista, y m\u00e1s cansados de lo normal, calculamos que ser\u00eda muy dificil ir y volver antes de que oscureciera demasiado, por lo que decidimos dar la vuelta y volver atr\u00e1s, teniendo en cuenta que a finales de octubre, las horas de sol ya son bastantes menos.<\/p>\n<hr \/>\n<p><strong>Album de fotos<\/strong><\/p>\n<p><a href=\"https:\/\/photos.app.goo.gl\/nfikVDTsRSTNEAsL7\" target=\"_blank\" rel=\"noopener\"><img loading=\"lazy\" decoding=\"async\" class=\"size-medium wp-image-18180 aligncenter\" src=\"https:\/\/www.carlosyconchita.net\/rutas\/wp-content\/uploads\/2022\/12\/B-272-00039-300x169.jpg\" alt=\"\" width=\"300\" height=\"169\" srcset=\"https:\/\/www.carlosyconchita.net\/rutas\/wp-content\/uploads\/2022\/12\/B-272-00039-300x169.jpg 300w, https:\/\/www.carlosyconchita.net\/rutas\/wp-content\/uploads\/2022\/12\/B-272-00039-600x338.jpg 600w, https:\/\/www.carlosyconchita.net\/rutas\/wp-content\/uploads\/2022\/12\/B-272-00039-768x432.jpg 768w, https:\/\/www.carlosyconchita.net\/rutas\/wp-content\/uploads\/2022\/12\/B-272-00039.jpg 1024w\" sizes=\"auto, (max-width: 300px) 100vw, 300px\" \/><\/a><\/p>\n<p>&nbsp;<\/p>\n<hr \/>\n<p>&nbsp;<\/p>\n<p><strong>Distancia total<\/strong> :\u00a0\u00a0\u00a0\u00a0\u00a0\u00a0 6.234 \u00a0 m<span class=\"totlen\"><span class=\"summaryvalue\">.\u00a0\u00a0\u00a0\u00a0\u00a0\u00a0\u00a0\u00a0\u00a0\u00a0\u00a0\u00a0\u00a0\u00a0\u00a0\u00a0\u00a0\u00a0\u00a0\u00a0\u00a0 <strong>Alturas m\u00edn\/m\u00e1x. :\u00a0<\/strong> 1.098 m. \/\u00a0 1.653 m.\u00a0 <br \/>\n<\/span><\/span><\/p>\n<p><strong>Desnivel acumulado (s\/GPS Visualizer)<\/strong> :\u00a0 \u00a0\u00a0\u00a0 639 m.<\/p>\n<p><strong>Desnivel acumulado (s\/Wikiloc)<\/strong> :\u00a0 \u00a0 \u00a0 \u00a0\u00a0\u00a0 570 m.<\/p>\n<p>&nbsp;<\/p>\n<hr \/>\n<h4><strong>Mapa y track de la ruta<\/strong><\/h4>\n<p style=\"text-align: center;\"><strong><span style=\"color: #ff0000;\">Pulsando sobre los waypoints del mapa, se puede ver una foto del sitio.<\/span><\/strong><\/p>\n<p>&nbsp;<\/p>\n<p><a href=\"https:\/\/www.carlosyconchita.net\/rutas\/wp-content\/uploads\/gpx\/PlateauSanchese-B272.html\" target=\"_blank\" rel=\"noopener\"><img loading=\"lazy\" decoding=\"async\" class=\"aligncenter wp-image-16466\" src=\"https:\/\/www.carlosyconchita.net\/rutas\/wp-content\/uploads\/2021\/09\/mapa2.jpg\" alt=\"\" width=\"0185\" height=\"185\" srcset=\"https:\/\/www.carlosyconchita.net\/rutas\/wp-content\/uploads\/2021\/09\/mapa2.jpg 225w, https:\/\/www.carlosyconchita.net\/rutas\/wp-content\/uploads\/2021\/09\/mapa2-120x120.jpg 120w\" sizes=\"auto, (max-width: 185px) 100vw, 185px\" \/><\/a><\/p>\n<hr \/>\n<p><strong>Wikiloc\u00a0\u00a0\u00a0 <\/strong><strong><br \/>\n<\/strong><\/p>\n<p><a href=\"https:\/\/es.wikiloc.com\/rutas-senderismo\/plateau-sanchese-intento-borna-o-mojon-fronterizo-272-122116715\" target=\"_blank\" rel=\"noopener\"><img loading=\"lazy\" decoding=\"async\" class=\"aligncenter size-full wp-image-958\" src=\"https:\/\/www.carlosyconchita.net\/rutas\/wp-content\/uploads\/2020\/09\/wikiloc.jpg\" alt=\"\" width=\"117\" height=\"34\" \/><\/a><\/p>\n<p>&nbsp;<\/p>\n<hr \/>\n<p style=\"text-align: justify;\"><span style=\"color: #ff0000; background-color: #ffffff; font-size: 14pt;\"><strong>Si te ha gustado, comp\u00e1rtelo en tu red favorita o env\u00edanos tu comentario.<br \/>\n<\/strong><\/span><\/p>\n<p style=\"text-align: justify;\"><span style=\"font-size: 14pt;\"><strong><span style=\"color: #ff0000;\">Muchas gracias !<\/span><\/strong><\/span><\/p>\n<hr \/>\n<p style=\"text-align: justify;\"><strong><span style=\"color: #008000;\">Suscribete si quieres recibir un mail cuando publiquemos nuevas rutas : no enviamos publicidad y como m\u00e1ximo enviamos 2 mails al mes<\/span><\/strong><\/p>\n<p style=\"text-align: center;\"><a href=\"https:\/\/mailchi.mp\/6989c83a3e24\/wmv06rtqcz\/\" target=\"_blank\" rel=\"noopener noreferrer\"><strong><span style=\"color: #0000ff;\">Pulsa aqu\u00ed para suscribirte<\/span><\/strong><\/a><\/p>\n<hr \/>\n<p style=\"text-align: justify;\">\u00a0<\/p>\n<h3 style=\"text-align: justify;\">Puedes imprimir esta publicaci\u00f3n o guardarla en diferentes formatos :<\/h3>\n<p style=\"text-align: justify;\"><span style=\"color: #ff0000; font-size: 14pt;\">Para facilitar la impresi\u00f3n, hemos reducido considerablemente el tama\u00f1o de las fotos, pero si deseas imprimir sin fotos, aconsejamos guardarlo como \u201cdoc\u201d, y antes de imprimirlo, eliminar las fotos<\/span><\/p>\n<p>&nbsp;<\/p>\n","protected":false},"excerpt":{"rendered":"<p>Hoy no hemos conseguido llegar a la borna 272, debido a que nos hemos cansado m\u00e1s de la cuenta y teniendo en cuenta lo que faltaba y las pocas horas de sol de finales de octubre, decidimos volver atr\u00e1s.<\/p>\n","protected":false},"author":50,"featured_media":18180,"comment_status":"closed","ping_status":"open","sticky":false,"template":"","format":"standard","meta":{"footnotes":""},"categories":[22,12,119,74],"tags":[],"class_list":{"0":"post-18178","1":"post","2":"type-post","3":"status-publish","4":"format-standard","5":"has-post-thumbnail","6":"hentry","7":"category-de-05-a-10-km","8":"category-dificil","9":"category-canfranc","10":"category-0-mojones-bornas-frontera","12":"post-with-thumbnail","13":"post-with-thumbnail-icon"},"yoast_head":"<!-- This site is optimized with the Yoast SEO plugin v27.4 - https:\/\/yoast.com\/product\/yoast-seo-wordpress\/ -->\n<title>29-10-2022-Plateau de Sanch\u00e8se (intento B-272) -<\/title>\n<meta name=\"robots\" content=\"index, follow, max-snippet:-1, max-image-preview:large, max-video-preview:-1\" \/>\n<link rel=\"canonical\" href=\"https:\/\/www.carlosyconchita.net\/rutas\/29-10-2022-plateau-de-sanchese-intento-b-272\/\" \/>\n<meta property=\"og:locale\" content=\"es_ES\" \/>\n<meta property=\"og:type\" content=\"article\" \/>\n<meta property=\"og:title\" content=\"29-10-2022-Plateau de Sanch\u00e8se (intento B-272) -\" \/>\n<meta property=\"og:description\" content=\"Hoy no hemos conseguido llegar a la borna 272, debido a que nos hemos cansado m\u00e1s de la cuenta y teniendo en cuenta lo que faltaba y las pocas horas de sol de finales de octubre, decidimos volver atr\u00e1s.\" \/>\n<meta property=\"og:url\" content=\"https:\/\/www.carlosyconchita.net\/rutas\/29-10-2022-plateau-de-sanchese-intento-b-272\/\" \/>\n<meta property=\"og:site_name\" content=\"Las rutas de Carlos y Conchita\" \/>\n<meta property=\"article:published_time\" content=\"2022-10-29T18:40:26+00:00\" \/>\n<meta property=\"article:modified_time\" content=\"2022-12-28T18:25:35+00:00\" \/>\n<meta property=\"og:image\" content=\"https:\/\/www.carlosyconchita.net\/rutas\/wp-content\/uploads\/2022\/12\/B-272-00039.jpg\" \/>\n\t<meta property=\"og:image:width\" content=\"1024\" \/>\n\t<meta property=\"og:image:height\" content=\"576\" \/>\n\t<meta property=\"og:image:type\" content=\"image\/jpeg\" \/>\n<meta name=\"author\" content=\"Carlos Conchita\" \/>\n<meta name=\"twitter:label1\" content=\"Escrito por\" \/>\n\t<meta name=\"twitter:data1\" content=\"Carlos Conchita\" \/>\n\t<meta name=\"twitter:label2\" content=\"Tiempo de lectura\" \/>\n\t<meta name=\"twitter:data2\" content=\"3 minutos\" \/>\n<script type=\"application\/ld+json\" class=\"yoast-schema-graph\">{\"@context\":\"https:\\\/\\\/schema.org\",\"@graph\":[{\"@type\":\"Article\",\"@id\":\"https:\\\/\\\/www.carlosyconchita.net\\\/rutas\\\/29-10-2022-plateau-de-sanchese-intento-b-272\\\/#article\",\"isPartOf\":{\"@id\":\"https:\\\/\\\/www.carlosyconchita.net\\\/rutas\\\/29-10-2022-plateau-de-sanchese-intento-b-272\\\/\"},\"author\":{\"name\":\"Carlos Conchita\",\"@id\":\"https:\\\/\\\/www.carlosyconchita.net\\\/rutas\\\/#\\\/schema\\\/person\\\/a9691f7258c28443fab2d3aa1479ea19\"},\"headline\":\"29-10-2022-Plateau de Sanch\u00e8se (intento B-272)\",\"datePublished\":\"2022-10-29T18:40:26+00:00\",\"dateModified\":\"2022-12-28T18:25:35+00:00\",\"mainEntityOfPage\":{\"@id\":\"https:\\\/\\\/www.carlosyconchita.net\\\/rutas\\\/29-10-2022-plateau-de-sanchese-intento-b-272\\\/\"},\"wordCount\":498,\"image\":{\"@id\":\"https:\\\/\\\/www.carlosyconchita.net\\\/rutas\\\/29-10-2022-plateau-de-sanchese-intento-b-272\\\/#primaryimage\"},\"thumbnailUrl\":\"https:\\\/\\\/www.carlosyconchita.net\\\/rutas\\\/wp-content\\\/uploads\\\/2022\\\/12\\\/B-272-00039.jpg\",\"articleSection\":[\"2 - De 5 a 10 km.\",\"3-Dif\u00edcil\",\"Canfranc\",\"Mojones \\\/ Bornas frontera ES-FR\"],\"inLanguage\":\"es\"},{\"@type\":\"WebPage\",\"@id\":\"https:\\\/\\\/www.carlosyconchita.net\\\/rutas\\\/29-10-2022-plateau-de-sanchese-intento-b-272\\\/\",\"url\":\"https:\\\/\\\/www.carlosyconchita.net\\\/rutas\\\/29-10-2022-plateau-de-sanchese-intento-b-272\\\/\",\"name\":\"29-10-2022-Plateau de Sanch\u00e8se (intento B-272) -\",\"isPartOf\":{\"@id\":\"https:\\\/\\\/www.carlosyconchita.net\\\/rutas\\\/#website\"},\"primaryImageOfPage\":{\"@id\":\"https:\\\/\\\/www.carlosyconchita.net\\\/rutas\\\/29-10-2022-plateau-de-sanchese-intento-b-272\\\/#primaryimage\"},\"image\":{\"@id\":\"https:\\\/\\\/www.carlosyconchita.net\\\/rutas\\\/29-10-2022-plateau-de-sanchese-intento-b-272\\\/#primaryimage\"},\"thumbnailUrl\":\"https:\\\/\\\/www.carlosyconchita.net\\\/rutas\\\/wp-content\\\/uploads\\\/2022\\\/12\\\/B-272-00039.jpg\",\"datePublished\":\"2022-10-29T18:40:26+00:00\",\"dateModified\":\"2022-12-28T18:25:35+00:00\",\"author\":{\"@id\":\"https:\\\/\\\/www.carlosyconchita.net\\\/rutas\\\/#\\\/schema\\\/person\\\/a9691f7258c28443fab2d3aa1479ea19\"},\"breadcrumb\":{\"@id\":\"https:\\\/\\\/www.carlosyconchita.net\\\/rutas\\\/29-10-2022-plateau-de-sanchese-intento-b-272\\\/#breadcrumb\"},\"inLanguage\":\"es\",\"potentialAction\":[{\"@type\":\"ReadAction\",\"target\":[\"https:\\\/\\\/www.carlosyconchita.net\\\/rutas\\\/29-10-2022-plateau-de-sanchese-intento-b-272\\\/\"]}]},{\"@type\":\"ImageObject\",\"inLanguage\":\"es\",\"@id\":\"https:\\\/\\\/www.carlosyconchita.net\\\/rutas\\\/29-10-2022-plateau-de-sanchese-intento-b-272\\\/#primaryimage\",\"url\":\"https:\\\/\\\/www.carlosyconchita.net\\\/rutas\\\/wp-content\\\/uploads\\\/2022\\\/12\\\/B-272-00039.jpg\",\"contentUrl\":\"https:\\\/\\\/www.carlosyconchita.net\\\/rutas\\\/wp-content\\\/uploads\\\/2022\\\/12\\\/B-272-00039.jpg\",\"width\":1024,\"height\":576},{\"@type\":\"BreadcrumbList\",\"@id\":\"https:\\\/\\\/www.carlosyconchita.net\\\/rutas\\\/29-10-2022-plateau-de-sanchese-intento-b-272\\\/#breadcrumb\",\"itemListElement\":[{\"@type\":\"ListItem\",\"position\":1,\"name\":\"Portada\",\"item\":\"https:\\\/\\\/www.carlosyconchita.net\\\/rutas\\\/\"},{\"@type\":\"ListItem\",\"position\":2,\"name\":\"29-10-2022-Plateau de Sanch\u00e8se (intento B-272)\"}]},{\"@type\":\"WebSite\",\"@id\":\"https:\\\/\\\/www.carlosyconchita.net\\\/rutas\\\/#website\",\"url\":\"https:\\\/\\\/www.carlosyconchita.net\\\/rutas\\\/\",\"name\":\"Las rutas de Carlos y Conchita\",\"description\":\"\",\"potentialAction\":[{\"@type\":\"SearchAction\",\"target\":{\"@type\":\"EntryPoint\",\"urlTemplate\":\"https:\\\/\\\/www.carlosyconchita.net\\\/rutas\\\/?s={search_term_string}\"},\"query-input\":{\"@type\":\"PropertyValueSpecification\",\"valueRequired\":true,\"valueName\":\"search_term_string\"}}],\"inLanguage\":\"es\"},{\"@type\":\"Person\",\"@id\":\"https:\\\/\\\/www.carlosyconchita.net\\\/rutas\\\/#\\\/schema\\\/person\\\/a9691f7258c28443fab2d3aa1479ea19\",\"name\":\"Carlos Conchita\",\"image\":{\"@type\":\"ImageObject\",\"inLanguage\":\"es\",\"@id\":\"https:\\\/\\\/secure.gravatar.com\\\/avatar\\\/3a4625b20c8da3de99da69bfe7a322774e291c3f90dce7e8778a30fe6748ed1a?s=96&d=mm&r=g\",\"url\":\"https:\\\/\\\/secure.gravatar.com\\\/avatar\\\/3a4625b20c8da3de99da69bfe7a322774e291c3f90dce7e8778a30fe6748ed1a?s=96&d=mm&r=g\",\"contentUrl\":\"https:\\\/\\\/secure.gravatar.com\\\/avatar\\\/3a4625b20c8da3de99da69bfe7a322774e291c3f90dce7e8778a30fe6748ed1a?s=96&d=mm&r=g\",\"caption\":\"Carlos Conchita\"}}]}<\/script>\n<!-- \/ Yoast SEO plugin. -->","yoast_head_json":{"title":"29-10-2022-Plateau de Sanch\u00e8se (intento B-272) -","robots":{"index":"index","follow":"follow","max-snippet":"max-snippet:-1","max-image-preview":"max-image-preview:large","max-video-preview":"max-video-preview:-1"},"canonical":"https:\/\/www.carlosyconchita.net\/rutas\/29-10-2022-plateau-de-sanchese-intento-b-272\/","og_locale":"es_ES","og_type":"article","og_title":"29-10-2022-Plateau de Sanch\u00e8se (intento B-272) -","og_description":"Hoy no hemos conseguido llegar a la borna 272, debido a que nos hemos cansado m\u00e1s de la cuenta y teniendo en cuenta lo que faltaba y las pocas horas de sol de finales de octubre, decidimos volver atr\u00e1s.","og_url":"https:\/\/www.carlosyconchita.net\/rutas\/29-10-2022-plateau-de-sanchese-intento-b-272\/","og_site_name":"Las rutas de Carlos y Conchita","article_published_time":"2022-10-29T18:40:26+00:00","article_modified_time":"2022-12-28T18:25:35+00:00","og_image":[{"width":1024,"height":576,"url":"https:\/\/www.carlosyconchita.net\/rutas\/wp-content\/uploads\/2022\/12\/B-272-00039.jpg","type":"image\/jpeg"}],"author":"Carlos Conchita","twitter_misc":{"Escrito por":"Carlos Conchita","Tiempo de lectura":"3 minutos"},"schema":{"@context":"https:\/\/schema.org","@graph":[{"@type":"Article","@id":"https:\/\/www.carlosyconchita.net\/rutas\/29-10-2022-plateau-de-sanchese-intento-b-272\/#article","isPartOf":{"@id":"https:\/\/www.carlosyconchita.net\/rutas\/29-10-2022-plateau-de-sanchese-intento-b-272\/"},"author":{"name":"Carlos Conchita","@id":"https:\/\/www.carlosyconchita.net\/rutas\/#\/schema\/person\/a9691f7258c28443fab2d3aa1479ea19"},"headline":"29-10-2022-Plateau de Sanch\u00e8se (intento B-272)","datePublished":"2022-10-29T18:40:26+00:00","dateModified":"2022-12-28T18:25:35+00:00","mainEntityOfPage":{"@id":"https:\/\/www.carlosyconchita.net\/rutas\/29-10-2022-plateau-de-sanchese-intento-b-272\/"},"wordCount":498,"image":{"@id":"https:\/\/www.carlosyconchita.net\/rutas\/29-10-2022-plateau-de-sanchese-intento-b-272\/#primaryimage"},"thumbnailUrl":"https:\/\/www.carlosyconchita.net\/rutas\/wp-content\/uploads\/2022\/12\/B-272-00039.jpg","articleSection":["2 - De 5 a 10 km.","3-Dif\u00edcil","Canfranc","Mojones \/ Bornas frontera ES-FR"],"inLanguage":"es"},{"@type":"WebPage","@id":"https:\/\/www.carlosyconchita.net\/rutas\/29-10-2022-plateau-de-sanchese-intento-b-272\/","url":"https:\/\/www.carlosyconchita.net\/rutas\/29-10-2022-plateau-de-sanchese-intento-b-272\/","name":"29-10-2022-Plateau de Sanch\u00e8se (intento B-272) -","isPartOf":{"@id":"https:\/\/www.carlosyconchita.net\/rutas\/#website"},"primaryImageOfPage":{"@id":"https:\/\/www.carlosyconchita.net\/rutas\/29-10-2022-plateau-de-sanchese-intento-b-272\/#primaryimage"},"image":{"@id":"https:\/\/www.carlosyconchita.net\/rutas\/29-10-2022-plateau-de-sanchese-intento-b-272\/#primaryimage"},"thumbnailUrl":"https:\/\/www.carlosyconchita.net\/rutas\/wp-content\/uploads\/2022\/12\/B-272-00039.jpg","datePublished":"2022-10-29T18:40:26+00:00","dateModified":"2022-12-28T18:25:35+00:00","author":{"@id":"https:\/\/www.carlosyconchita.net\/rutas\/#\/schema\/person\/a9691f7258c28443fab2d3aa1479ea19"},"breadcrumb":{"@id":"https:\/\/www.carlosyconchita.net\/rutas\/29-10-2022-plateau-de-sanchese-intento-b-272\/#breadcrumb"},"inLanguage":"es","potentialAction":[{"@type":"ReadAction","target":["https:\/\/www.carlosyconchita.net\/rutas\/29-10-2022-plateau-de-sanchese-intento-b-272\/"]}]},{"@type":"ImageObject","inLanguage":"es","@id":"https:\/\/www.carlosyconchita.net\/rutas\/29-10-2022-plateau-de-sanchese-intento-b-272\/#primaryimage","url":"https:\/\/www.carlosyconchita.net\/rutas\/wp-content\/uploads\/2022\/12\/B-272-00039.jpg","contentUrl":"https:\/\/www.carlosyconchita.net\/rutas\/wp-content\/uploads\/2022\/12\/B-272-00039.jpg","width":1024,"height":576},{"@type":"BreadcrumbList","@id":"https:\/\/www.carlosyconchita.net\/rutas\/29-10-2022-plateau-de-sanchese-intento-b-272\/#breadcrumb","itemListElement":[{"@type":"ListItem","position":1,"name":"Portada","item":"https:\/\/www.carlosyconchita.net\/rutas\/"},{"@type":"ListItem","position":2,"name":"29-10-2022-Plateau de Sanch\u00e8se (intento B-272)"}]},{"@type":"WebSite","@id":"https:\/\/www.carlosyconchita.net\/rutas\/#website","url":"https:\/\/www.carlosyconchita.net\/rutas\/","name":"Las rutas de Carlos y Conchita","description":"","potentialAction":[{"@type":"SearchAction","target":{"@type":"EntryPoint","urlTemplate":"https:\/\/www.carlosyconchita.net\/rutas\/?s={search_term_string}"},"query-input":{"@type":"PropertyValueSpecification","valueRequired":true,"valueName":"search_term_string"}}],"inLanguage":"es"},{"@type":"Person","@id":"https:\/\/www.carlosyconchita.net\/rutas\/#\/schema\/person\/a9691f7258c28443fab2d3aa1479ea19","name":"Carlos Conchita","image":{"@type":"ImageObject","inLanguage":"es","@id":"https:\/\/secure.gravatar.com\/avatar\/3a4625b20c8da3de99da69bfe7a322774e291c3f90dce7e8778a30fe6748ed1a?s=96&d=mm&r=g","url":"https:\/\/secure.gravatar.com\/avatar\/3a4625b20c8da3de99da69bfe7a322774e291c3f90dce7e8778a30fe6748ed1a?s=96&d=mm&r=g","contentUrl":"https:\/\/secure.gravatar.com\/avatar\/3a4625b20c8da3de99da69bfe7a322774e291c3f90dce7e8778a30fe6748ed1a?s=96&d=mm&r=g","caption":"Carlos Conchita"}}]}},"_links":{"self":[{"href":"https:\/\/www.carlosyconchita.net\/rutas\/wp-json\/wp\/v2\/posts\/18178","targetHints":{"allow":["GET"]}}],"collection":[{"href":"https:\/\/www.carlosyconchita.net\/rutas\/wp-json\/wp\/v2\/posts"}],"about":[{"href":"https:\/\/www.carlosyconchita.net\/rutas\/wp-json\/wp\/v2\/types\/post"}],"author":[{"embeddable":true,"href":"https:\/\/www.carlosyconchita.net\/rutas\/wp-json\/wp\/v2\/users\/50"}],"replies":[{"embeddable":true,"href":"https:\/\/www.carlosyconchita.net\/rutas\/wp-json\/wp\/v2\/comments?post=18178"}],"version-history":[{"count":0,"href":"https:\/\/www.carlosyconchita.net\/rutas\/wp-json\/wp\/v2\/posts\/18178\/revisions"}],"wp:featuredmedia":[{"embeddable":true,"href":"https:\/\/www.carlosyconchita.net\/rutas\/wp-json\/wp\/v2\/media\/18180"}],"wp:attachment":[{"href":"https:\/\/www.carlosyconchita.net\/rutas\/wp-json\/wp\/v2\/media?parent=18178"}],"wp:term":[{"taxonomy":"category","embeddable":true,"href":"https:\/\/www.carlosyconchita.net\/rutas\/wp-json\/wp\/v2\/categories?post=18178"},{"taxonomy":"post_tag","embeddable":true,"href":"https:\/\/www.carlosyconchita.net\/rutas\/wp-json\/wp\/v2\/tags?post=18178"}],"curies":[{"name":"wp","href":"https:\/\/api.w.org\/{rel}","templated":true}]}}