{"id":18229,"date":"2022-08-06T19:30:26","date_gmt":"2022-08-06T18:30:26","guid":{"rendered":"https:\/\/www.carlosyconchita.net\/rutas\/?p=18229"},"modified":"2023-02-07T18:42:04","modified_gmt":"2023-02-07T17:42:04","slug":"06-08-2022-garganta-tolmin-y-visita-a-kobarid-eslovenia","status":"publish","type":"post","link":"https:\/\/www.carlosyconchita.net\/rutas\/06-08-2022-garganta-tolmin-y-visita-a-kobarid-eslovenia\/","title":{"rendered":"06-08-2022-Garganta Tolmin y visita a Kobarid (Eslovenia)"},"content":{"rendered":"<p style=\"text-align: justify;\">Hoy nos dirigimos a la poblaci\u00f3n de Tolmin , para visitar las Tolminska Korita, algo as\u00ed como Garganta o Ca\u00f1\u00f3n del r\u00edo Tolminska, uno de los puntos recomendados dentro del Parque Nacional de Triglab.<\/p>\n<p style=\"text-align: justify;\">Podemos llegar en coche hasta la misma entrada , y dejar el coche en un peque\u00f1o parking de pago, o dejar el coche en otro parking, \u00e9ste gratuito,\u00a0 situado en Tolmin, desde donde sale un minib\u00fas que te lleva a la entrada, o ir andando como hicimos nosotros, ya que es una distancia muy corta, de s\u00f3lo unos 2 kms.<\/p>\n<p style=\"text-align: justify;\">La ida la hicimos por la carretera, es decir , como si fu\u00e9ramos en coche, y pasa por el peque\u00f1o pueblo de Zatolmin, llegando despu\u00e9s a la entrada y parking de pago.<\/p>\n<p style=\"text-align: justify;\">La vuelta la hicimos por un f\u00e1cil camino por el bosque y que desemboca en el parking donde hemos dejado el coche, pero que no hab\u00edamos visto a la ida, ya que no hab\u00eda ning\u00fan letrero visible, al menos donde dejamos nosotros el coche.<\/p>\n<p style=\"text-align: justify;\">El recorrido por la garganta o ca\u00f1\u00f3n es muy bonito, pasando por caminos , escaleras o pasarelas, y aunque hab\u00eda bastante agua, en la entrada nos indicaron que al igual que en el resto del pa\u00eds (&#8230; y tambi\u00e9n en Espa\u00f1a), este a\u00f1o hab\u00eda llovido muy poco, y la cantidad de agua era muy inferior a la habitual.<\/p>\n<p style=\"text-align: justify;\">Uno de los puntos curiosos es una cueva, llamada Zadlaska Cave, a la que se llega despu\u00e9s de subir al Puente del Diablo, y que la suelen llamas la Cueva de Dante, ya que se dice que en el siglo XIV , Dante estuvo en Tolmin, visit\u00f3 esta cueva, y que le sirvi\u00f3 de base para describir el Infierno en su Divina Comedia.<br \/>\nNo est\u00e1 abierta al p\u00fablico, y debido a que es muy dif\u00edcil la visita, solo se puede ir acompa\u00f1ado de gu\u00edas oficiales y con equipamiento adecuado.<\/p>\n<p style=\"text-align: justify;\">Ponemos el track del recorrido m\u00e1s abajo, que incluye tambi\u00e9n el camino de ida por la carretera (unos 2 kms.) y el de vuelta por el camino (aprox. 1.3 km.), por lo que el recorrido aproximado por el ca\u00f1\u00f3n ha sido de unos 3\u00a0 kms.,\u00a0 aunque esta medici\u00f3n no podemos asegurarla mucho, ya que ha habido muchos rebotes de se\u00f1al, al caminar por un sitio tan estrecho y profundo, pero de todas formas, el recorrido es f\u00e1cil y no hay ning\u00fan problema en hacerlo, independientemente de que sean m\u00e1s o menos kil\u00f3metros.<\/p>\n<p style=\"text-align: justify;\">Por la tarde nos dirigimos a Kobarid, una bonita ciudad , con un museo sobre la I Guerra Mundial, donde nos informamos sobre la Ruta de la Paz, un recorrido por diversos monumentos , museos y cementerios conmemorativos de la I Guerra Mundial situados en las cercan\u00edas, de los que visitamos el italiano, ya que hay de varias nacionalidades.<\/p>\n<p style=\"text-align: justify;\">Como curiosidad, en una peque\u00f1a tienda en Kobarid, en donde vend\u00edan los t\u00edpicos souvenirs de la zona, entre ellos\u00a0 imanes de los que se suelen poner en las neveras, vimos uno con la foto de un moj\u00f3n, por lo que no pudimos resistirnos a preguntar al responsable de la tienda, que nos inform\u00f3\u00a0 que era de la \u00e9poca de la antigua Yugoslavia, marcando la frontera con Italia.<\/p>\n<p style=\"text-align: justify;\">Nos dijo donde estaba y c\u00f3mo se pod\u00eda llegar con el coche, as\u00ed que en los pr\u00f3ximos d\u00edas haremos una caminata para localizar algunos de ellos.<\/p>\n<p style=\"text-align: justify;\">En ese d\u00eda, pasamos varias veces las fronteras entre Eslovenia e Italia, y tambi\u00e9n entre Eslovenia y Austria, y en las fotos podemos ver tambi\u00e9n otro moj\u00f3n o borna, esta vez cerca de la poblaci\u00f3n italiana de Anas, aunque en realidad no nos fijamos en \u00e9l ese d\u00eda, sino despu\u00e9s al ver las fotos.<\/p>\n<p style=\"text-align: justify;\">As\u00ed que otro d\u00eda aprovechando las numerosas veces que pasamos las citadas fronteras, nos dedicaremos a fotografiar las bornas o mojones situadas en las antiguas aduanas de estas carreteras.<\/p>\n<p style=\"text-align: justify;\">Por lo que tendremos que abrir un nuevo apartado en nuestra web de bornas o mojones \u00abvarios\u00bb&#8230;<\/p>\n<p style=\"text-align: justify;\">Hay que tener en cuenta que para ir de un sitio a otro de Eslovenia, al menos por la zona del parque de Triglab donde hemos estado nosotros, sale m\u00e1s a cuenta \u00absubir\u00bb a Austria o Italia y \u00abbajar\u00bb por otra frontera cercana, que liarse por carreteras de Eslovenia peque\u00f1as ,\u00a0 estrechas y con muchas curvas , y por las que adem\u00e1s hay que hacer m\u00e1s kil\u00f3metros y perder mucho tiempo.<\/p>\n<p style=\"text-align: justify;\">Y adem\u00e1s , las carreteras de estas zonas fronterizas discurren por unas bonitas monta\u00f1as y paisajes, pudiendo encontrar tambi\u00e9n algunos monumentos conmemorativos de la I Guerra Mundial, o ruinas de alg\u00fan campamento o instalaci\u00f3n militar.<\/p>\n<p style=\"text-align: justify;\">\u00a0<\/p>\n<p>&nbsp;<\/p>\n<p><img loading=\"lazy\" decoding=\"async\" class=\"size-medium aligncenter\" src=\"https:\/\/lh3.googleusercontent.com\/pw\/AMWts8DCGnTMeoOhJEYYTdVgTXnBm1OyruAQyuxnCzkcm0kzHRyJ4NJwSEu6olgtvslN2SM_z5EuDt0mbImOl5H-L2z9GxA4yVD1c4lIkDx8vwsLKiBQVkLGQ5eJD5sjvkr_gh4iEhxZymziV-eI5s9HSA7P4Q=w1024-h576-s-no?authuser=0\" width=\"1024\" height=\"576\" \/><\/p>\n<p>&nbsp;<\/p>\n<p><img loading=\"lazy\" decoding=\"async\" class=\"size-medium aligncenter\" src=\"https:\/\/lh3.googleusercontent.com\/pw\/AMWts8Csb7-HKzBVhKhK7l_pJDtfGhnlFshxHFNw1kVn5LQLUEfbebZYo_kfMpk9ZMMVXxYPlsJ55SfYKroe9_57LyQR2toiGGz73D2x5nqxcSNnuT0z3t0qVQ8yaKZvK2xCGENKHzT26c2Y4NxcqFT8l5g9Tg=w1024-h576-s-no?authuser=0\" width=\"1024\" height=\"576\" \/><\/p>\n<p>&nbsp;<\/p>\n<hr \/>\n<p>&nbsp;<\/p>\n<p><strong>Album de fotos<\/strong><\/p>\n<p><a href=\"https:\/\/photos.app.goo.gl\/TGaxf8APLdxYAKP56\" target=\"_blank\" rel=\"noopener\"><img loading=\"lazy\" decoding=\"async\" class=\"size-medium wp-image-18231 aligncenter\" src=\"https:\/\/www.carlosyconchita.net\/rutas\/wp-content\/uploads\/2023\/02\/Eslovenia-06-Tolminska-00023-300x169.jpg\" alt=\"\" width=\"300\" height=\"169\" srcset=\"https:\/\/www.carlosyconchita.net\/rutas\/wp-content\/uploads\/2023\/02\/Eslovenia-06-Tolminska-00023-300x169.jpg 300w, https:\/\/www.carlosyconchita.net\/rutas\/wp-content\/uploads\/2023\/02\/Eslovenia-06-Tolminska-00023-600x338.jpg 600w, https:\/\/www.carlosyconchita.net\/rutas\/wp-content\/uploads\/2023\/02\/Eslovenia-06-Tolminska-00023-768x432.jpg 768w, https:\/\/www.carlosyconchita.net\/rutas\/wp-content\/uploads\/2023\/02\/Eslovenia-06-Tolminska-00023.jpg 1024w\" sizes=\"auto, (max-width: 300px) 100vw, 300px\" \/><\/a><\/p>\n<p>&nbsp;<\/p>\n<hr \/>\n<h4><strong>Mapa y track de la ruta<\/strong><\/h4>\n<p style=\"text-align: center;\"><strong><span style=\"color: #ff0000;\">Pulsando sobre los waypoints del mapa, se puede ver una foto del sitio.<\/span><\/strong><\/p>\n<p>&nbsp;<\/p>\n<p><a href=\"https:\/\/www.carlosyconchita.net\/rutas\/wp-content\/uploads\/gpx\/Tolmin.html\" target=\"_blank\" rel=\"noopener\"><img loading=\"lazy\" decoding=\"async\" class=\"aligncenter wp-image-16466\" src=\"https:\/\/www.carlosyconchita.net\/rutas\/wp-content\/uploads\/2021\/09\/mapa2.jpg\" alt=\"\" width=\"0185\" height=\"185\" srcset=\"https:\/\/www.carlosyconchita.net\/rutas\/wp-content\/uploads\/2021\/09\/mapa2.jpg 225w, https:\/\/www.carlosyconchita.net\/rutas\/wp-content\/uploads\/2021\/09\/mapa2-120x120.jpg 120w\" sizes=\"auto, (max-width: 185px) 100vw, 185px\" \/><\/a><\/p>\n<hr \/>\n<p><strong>Wikiloc\u00a0\u00a0\u00a0 <\/strong><strong><br \/>\n<\/strong><\/p>\n<p><a href=\"https:\/\/es.wikiloc.com\/rutas-senderismo\/tolminska-korita-garganta-o-canon-del-rio-tolsminska-125297604\" target=\"_blank\" rel=\"noopener\"><img loading=\"lazy\" decoding=\"async\" class=\"aligncenter size-full wp-image-958\" src=\"https:\/\/www.carlosyconchita.net\/rutas\/wp-content\/uploads\/2020\/09\/wikiloc.jpg\" alt=\"\" width=\"117\" height=\"34\" \/><\/a><\/p>\n<p>&nbsp;<\/p>\n<hr \/>\n<p style=\"text-align: justify;\"><span style=\"color: #ff0000; background-color: #ffffff; font-size: 14pt;\"><strong>Si te ha gustado, comp\u00e1rtelo en tu red favorita o env\u00edanos tu comentario.<br \/>\n<\/strong><\/span><\/p>\n<p style=\"text-align: justify;\"><span style=\"font-size: 14pt;\"><strong><span style=\"color: #ff0000;\">Muchas gracias !<\/span><\/strong><\/span><\/p>\n<hr \/>\n<p style=\"text-align: justify;\"><strong><span style=\"color: #008000;\">Suscribete si quieres recibir un mail cuando publiquemos nuevas rutas : no enviamos publicidad y como m\u00e1ximo enviamos 2 mails al mes<\/span><\/strong><\/p>\n<p style=\"text-align: center;\"><a href=\"https:\/\/mailchi.mp\/6989c83a3e24\/wmv06rtqcz\/\" target=\"_blank\" rel=\"noopener noreferrer\"><strong><span style=\"color: #0000ff;\">Pulsa aqu\u00ed para suscribirte<\/span><\/strong><\/a><\/p>\n<hr \/>\n<p style=\"text-align: justify;\">\u00a0<\/p>\n<h3 style=\"text-align: justify;\">Puedes imprimir esta publicaci\u00f3n o guardarla en diferentes formatos :<\/h3>\n<p style=\"text-align: justify;\"><span style=\"color: #ff0000; font-size: 14pt;\">Para facilitar la impresi\u00f3n, hemos reducido considerablemente el tama\u00f1o de las fotos, pero si deseas imprimir sin fotos, aconsejamos guardarlo como \u201cdoc\u201d, y antes de imprimirlo, eliminar las fotos<\/span><\/p>\n<p>&nbsp;<\/p>\n<hr \/>\n","protected":false},"excerpt":{"rendered":"<p>Bonito recorrido por la Tolminska Korita (Garganta o ca\u00f1\u00f3n del rio Tolminska), y posterior visita a Kobarid y un peque\u00f1o tramo de la Ruta de la Paz, <\/p>\n","protected":false},"author":50,"featured_media":18231,"comment_status":"closed","ping_status":"open","sticky":false,"template":"","format":"standard","meta":{"footnotes":""},"categories":[14,21,120],"tags":[],"class_list":{"0":"post-18229","1":"post","2":"type-post","3":"status-publish","4":"format-standard","5":"has-post-thumbnail","6":"hentry","7":"category-muy-facil","8":"category-hasta-5-km","9":"category-eslovenia","11":"post-with-thumbnail","12":"post-with-thumbnail-icon"},"yoast_head":"<!-- This site is optimized with the Yoast SEO plugin v27.5 - https:\/\/yoast.com\/product\/yoast-seo-wordpress\/ -->\n<title>06-08-2022-Garganta Tolmin y visita a Kobarid (Eslovenia) -<\/title>\n<meta name=\"robots\" content=\"index, follow, max-snippet:-1, max-image-preview:large, max-video-preview:-1\" \/>\n<link rel=\"canonical\" href=\"https:\/\/www.carlosyconchita.net\/rutas\/06-08-2022-garganta-tolmin-y-visita-a-kobarid-eslovenia\/\" \/>\n<meta property=\"og:locale\" content=\"es_ES\" \/>\n<meta property=\"og:type\" content=\"article\" \/>\n<meta property=\"og:title\" content=\"06-08-2022-Garganta Tolmin y visita a Kobarid (Eslovenia) -\" \/>\n<meta property=\"og:description\" content=\"Bonito recorrido por la Tolminska Korita (Garganta o ca\u00f1\u00f3n del rio Tolminska), y posterior visita a Kobarid y un peque\u00f1o tramo de la Ruta de la Paz,\" \/>\n<meta property=\"og:url\" content=\"https:\/\/www.carlosyconchita.net\/rutas\/06-08-2022-garganta-tolmin-y-visita-a-kobarid-eslovenia\/\" \/>\n<meta property=\"og:site_name\" content=\"Las rutas de Carlos y Conchita\" \/>\n<meta property=\"article:published_time\" content=\"2022-08-06T18:30:26+00:00\" \/>\n<meta property=\"article:modified_time\" content=\"2023-02-07T17:42:04+00:00\" \/>\n<meta property=\"og:image\" content=\"https:\/\/www.carlosyconchita.net\/rutas\/wp-content\/uploads\/2023\/02\/Eslovenia-06-Tolminska-00023.jpg\" \/>\n\t<meta property=\"og:image:width\" content=\"1024\" \/>\n\t<meta property=\"og:image:height\" content=\"576\" \/>\n\t<meta property=\"og:image:type\" content=\"image\/jpeg\" \/>\n<meta name=\"author\" content=\"Carlos Conchita\" \/>\n<meta name=\"twitter:label1\" content=\"Escrito por\" \/>\n\t<meta name=\"twitter:data1\" content=\"Carlos Conchita\" \/>\n\t<meta name=\"twitter:label2\" content=\"Tiempo de lectura\" \/>\n\t<meta name=\"twitter:data2\" content=\"5 minutos\" \/>\n<script type=\"application\/ld+json\" class=\"yoast-schema-graph\">{\"@context\":\"https:\\\/\\\/schema.org\",\"@graph\":[{\"@type\":\"Article\",\"@id\":\"https:\\\/\\\/www.carlosyconchita.net\\\/rutas\\\/06-08-2022-garganta-tolmin-y-visita-a-kobarid-eslovenia\\\/#article\",\"isPartOf\":{\"@id\":\"https:\\\/\\\/www.carlosyconchita.net\\\/rutas\\\/06-08-2022-garganta-tolmin-y-visita-a-kobarid-eslovenia\\\/\"},\"author\":{\"name\":\"Carlos Conchita\",\"@id\":\"https:\\\/\\\/www.carlosyconchita.net\\\/rutas\\\/#\\\/schema\\\/person\\\/a9691f7258c28443fab2d3aa1479ea19\"},\"headline\":\"06-08-2022-Garganta Tolmin y visita a Kobarid (Eslovenia)\",\"datePublished\":\"2022-08-06T18:30:26+00:00\",\"dateModified\":\"2023-02-07T17:42:04+00:00\",\"mainEntityOfPage\":{\"@id\":\"https:\\\/\\\/www.carlosyconchita.net\\\/rutas\\\/06-08-2022-garganta-tolmin-y-visita-a-kobarid-eslovenia\\\/\"},\"wordCount\":936,\"image\":{\"@id\":\"https:\\\/\\\/www.carlosyconchita.net\\\/rutas\\\/06-08-2022-garganta-tolmin-y-visita-a-kobarid-eslovenia\\\/#primaryimage\"},\"thumbnailUrl\":\"https:\\\/\\\/www.carlosyconchita.net\\\/rutas\\\/wp-content\\\/uploads\\\/2023\\\/02\\\/Eslovenia-06-Tolminska-00023.jpg\",\"articleSection\":[\"0-Muy f\u00e1cil\",\"1 - Hasta 5 km.\",\"Eslovenia\"],\"inLanguage\":\"es\"},{\"@type\":\"WebPage\",\"@id\":\"https:\\\/\\\/www.carlosyconchita.net\\\/rutas\\\/06-08-2022-garganta-tolmin-y-visita-a-kobarid-eslovenia\\\/\",\"url\":\"https:\\\/\\\/www.carlosyconchita.net\\\/rutas\\\/06-08-2022-garganta-tolmin-y-visita-a-kobarid-eslovenia\\\/\",\"name\":\"06-08-2022-Garganta Tolmin y visita a Kobarid (Eslovenia) -\",\"isPartOf\":{\"@id\":\"https:\\\/\\\/www.carlosyconchita.net\\\/rutas\\\/#website\"},\"primaryImageOfPage\":{\"@id\":\"https:\\\/\\\/www.carlosyconchita.net\\\/rutas\\\/06-08-2022-garganta-tolmin-y-visita-a-kobarid-eslovenia\\\/#primaryimage\"},\"image\":{\"@id\":\"https:\\\/\\\/www.carlosyconchita.net\\\/rutas\\\/06-08-2022-garganta-tolmin-y-visita-a-kobarid-eslovenia\\\/#primaryimage\"},\"thumbnailUrl\":\"https:\\\/\\\/www.carlosyconchita.net\\\/rutas\\\/wp-content\\\/uploads\\\/2023\\\/02\\\/Eslovenia-06-Tolminska-00023.jpg\",\"datePublished\":\"2022-08-06T18:30:26+00:00\",\"dateModified\":\"2023-02-07T17:42:04+00:00\",\"author\":{\"@id\":\"https:\\\/\\\/www.carlosyconchita.net\\\/rutas\\\/#\\\/schema\\\/person\\\/a9691f7258c28443fab2d3aa1479ea19\"},\"breadcrumb\":{\"@id\":\"https:\\\/\\\/www.carlosyconchita.net\\\/rutas\\\/06-08-2022-garganta-tolmin-y-visita-a-kobarid-eslovenia\\\/#breadcrumb\"},\"inLanguage\":\"es\",\"potentialAction\":[{\"@type\":\"ReadAction\",\"target\":[\"https:\\\/\\\/www.carlosyconchita.net\\\/rutas\\\/06-08-2022-garganta-tolmin-y-visita-a-kobarid-eslovenia\\\/\"]}]},{\"@type\":\"ImageObject\",\"inLanguage\":\"es\",\"@id\":\"https:\\\/\\\/www.carlosyconchita.net\\\/rutas\\\/06-08-2022-garganta-tolmin-y-visita-a-kobarid-eslovenia\\\/#primaryimage\",\"url\":\"https:\\\/\\\/www.carlosyconchita.net\\\/rutas\\\/wp-content\\\/uploads\\\/2023\\\/02\\\/Eslovenia-06-Tolminska-00023.jpg\",\"contentUrl\":\"https:\\\/\\\/www.carlosyconchita.net\\\/rutas\\\/wp-content\\\/uploads\\\/2023\\\/02\\\/Eslovenia-06-Tolminska-00023.jpg\",\"width\":1024,\"height\":576},{\"@type\":\"BreadcrumbList\",\"@id\":\"https:\\\/\\\/www.carlosyconchita.net\\\/rutas\\\/06-08-2022-garganta-tolmin-y-visita-a-kobarid-eslovenia\\\/#breadcrumb\",\"itemListElement\":[{\"@type\":\"ListItem\",\"position\":1,\"name\":\"Portada\",\"item\":\"https:\\\/\\\/www.carlosyconchita.net\\\/rutas\\\/\"},{\"@type\":\"ListItem\",\"position\":2,\"name\":\"06-08-2022-Garganta Tolmin y visita a Kobarid (Eslovenia)\"}]},{\"@type\":\"WebSite\",\"@id\":\"https:\\\/\\\/www.carlosyconchita.net\\\/rutas\\\/#website\",\"url\":\"https:\\\/\\\/www.carlosyconchita.net\\\/rutas\\\/\",\"name\":\"Las rutas de Carlos y Conchita\",\"description\":\"\",\"potentialAction\":[{\"@type\":\"SearchAction\",\"target\":{\"@type\":\"EntryPoint\",\"urlTemplate\":\"https:\\\/\\\/www.carlosyconchita.net\\\/rutas\\\/?s={search_term_string}\"},\"query-input\":{\"@type\":\"PropertyValueSpecification\",\"valueRequired\":true,\"valueName\":\"search_term_string\"}}],\"inLanguage\":\"es\"},{\"@type\":\"Person\",\"@id\":\"https:\\\/\\\/www.carlosyconchita.net\\\/rutas\\\/#\\\/schema\\\/person\\\/a9691f7258c28443fab2d3aa1479ea19\",\"name\":\"Carlos Conchita\",\"image\":{\"@type\":\"ImageObject\",\"inLanguage\":\"es\",\"@id\":\"https:\\\/\\\/secure.gravatar.com\\\/avatar\\\/3a4625b20c8da3de99da69bfe7a322774e291c3f90dce7e8778a30fe6748ed1a?s=96&d=mm&r=g\",\"url\":\"https:\\\/\\\/secure.gravatar.com\\\/avatar\\\/3a4625b20c8da3de99da69bfe7a322774e291c3f90dce7e8778a30fe6748ed1a?s=96&d=mm&r=g\",\"contentUrl\":\"https:\\\/\\\/secure.gravatar.com\\\/avatar\\\/3a4625b20c8da3de99da69bfe7a322774e291c3f90dce7e8778a30fe6748ed1a?s=96&d=mm&r=g\",\"caption\":\"Carlos Conchita\"}}]}<\/script>\n<!-- \/ Yoast SEO plugin. -->","yoast_head_json":{"title":"06-08-2022-Garganta Tolmin y visita a Kobarid (Eslovenia) -","robots":{"index":"index","follow":"follow","max-snippet":"max-snippet:-1","max-image-preview":"max-image-preview:large","max-video-preview":"max-video-preview:-1"},"canonical":"https:\/\/www.carlosyconchita.net\/rutas\/06-08-2022-garganta-tolmin-y-visita-a-kobarid-eslovenia\/","og_locale":"es_ES","og_type":"article","og_title":"06-08-2022-Garganta Tolmin y visita a Kobarid (Eslovenia) -","og_description":"Bonito recorrido por la Tolminska Korita (Garganta o ca\u00f1\u00f3n del rio Tolminska), y posterior visita a Kobarid y un peque\u00f1o tramo de la Ruta de la Paz,","og_url":"https:\/\/www.carlosyconchita.net\/rutas\/06-08-2022-garganta-tolmin-y-visita-a-kobarid-eslovenia\/","og_site_name":"Las rutas de Carlos y Conchita","article_published_time":"2022-08-06T18:30:26+00:00","article_modified_time":"2023-02-07T17:42:04+00:00","og_image":[{"width":1024,"height":576,"url":"https:\/\/www.carlosyconchita.net\/rutas\/wp-content\/uploads\/2023\/02\/Eslovenia-06-Tolminska-00023.jpg","type":"image\/jpeg"}],"author":"Carlos Conchita","twitter_misc":{"Escrito por":"Carlos Conchita","Tiempo de lectura":"5 minutos"},"schema":{"@context":"https:\/\/schema.org","@graph":[{"@type":"Article","@id":"https:\/\/www.carlosyconchita.net\/rutas\/06-08-2022-garganta-tolmin-y-visita-a-kobarid-eslovenia\/#article","isPartOf":{"@id":"https:\/\/www.carlosyconchita.net\/rutas\/06-08-2022-garganta-tolmin-y-visita-a-kobarid-eslovenia\/"},"author":{"name":"Carlos Conchita","@id":"https:\/\/www.carlosyconchita.net\/rutas\/#\/schema\/person\/a9691f7258c28443fab2d3aa1479ea19"},"headline":"06-08-2022-Garganta Tolmin y visita a Kobarid (Eslovenia)","datePublished":"2022-08-06T18:30:26+00:00","dateModified":"2023-02-07T17:42:04+00:00","mainEntityOfPage":{"@id":"https:\/\/www.carlosyconchita.net\/rutas\/06-08-2022-garganta-tolmin-y-visita-a-kobarid-eslovenia\/"},"wordCount":936,"image":{"@id":"https:\/\/www.carlosyconchita.net\/rutas\/06-08-2022-garganta-tolmin-y-visita-a-kobarid-eslovenia\/#primaryimage"},"thumbnailUrl":"https:\/\/www.carlosyconchita.net\/rutas\/wp-content\/uploads\/2023\/02\/Eslovenia-06-Tolminska-00023.jpg","articleSection":["0-Muy f\u00e1cil","1 - Hasta 5 km.","Eslovenia"],"inLanguage":"es"},{"@type":"WebPage","@id":"https:\/\/www.carlosyconchita.net\/rutas\/06-08-2022-garganta-tolmin-y-visita-a-kobarid-eslovenia\/","url":"https:\/\/www.carlosyconchita.net\/rutas\/06-08-2022-garganta-tolmin-y-visita-a-kobarid-eslovenia\/","name":"06-08-2022-Garganta Tolmin y visita a Kobarid (Eslovenia) -","isPartOf":{"@id":"https:\/\/www.carlosyconchita.net\/rutas\/#website"},"primaryImageOfPage":{"@id":"https:\/\/www.carlosyconchita.net\/rutas\/06-08-2022-garganta-tolmin-y-visita-a-kobarid-eslovenia\/#primaryimage"},"image":{"@id":"https:\/\/www.carlosyconchita.net\/rutas\/06-08-2022-garganta-tolmin-y-visita-a-kobarid-eslovenia\/#primaryimage"},"thumbnailUrl":"https:\/\/www.carlosyconchita.net\/rutas\/wp-content\/uploads\/2023\/02\/Eslovenia-06-Tolminska-00023.jpg","datePublished":"2022-08-06T18:30:26+00:00","dateModified":"2023-02-07T17:42:04+00:00","author":{"@id":"https:\/\/www.carlosyconchita.net\/rutas\/#\/schema\/person\/a9691f7258c28443fab2d3aa1479ea19"},"breadcrumb":{"@id":"https:\/\/www.carlosyconchita.net\/rutas\/06-08-2022-garganta-tolmin-y-visita-a-kobarid-eslovenia\/#breadcrumb"},"inLanguage":"es","potentialAction":[{"@type":"ReadAction","target":["https:\/\/www.carlosyconchita.net\/rutas\/06-08-2022-garganta-tolmin-y-visita-a-kobarid-eslovenia\/"]}]},{"@type":"ImageObject","inLanguage":"es","@id":"https:\/\/www.carlosyconchita.net\/rutas\/06-08-2022-garganta-tolmin-y-visita-a-kobarid-eslovenia\/#primaryimage","url":"https:\/\/www.carlosyconchita.net\/rutas\/wp-content\/uploads\/2023\/02\/Eslovenia-06-Tolminska-00023.jpg","contentUrl":"https:\/\/www.carlosyconchita.net\/rutas\/wp-content\/uploads\/2023\/02\/Eslovenia-06-Tolminska-00023.jpg","width":1024,"height":576},{"@type":"BreadcrumbList","@id":"https:\/\/www.carlosyconchita.net\/rutas\/06-08-2022-garganta-tolmin-y-visita-a-kobarid-eslovenia\/#breadcrumb","itemListElement":[{"@type":"ListItem","position":1,"name":"Portada","item":"https:\/\/www.carlosyconchita.net\/rutas\/"},{"@type":"ListItem","position":2,"name":"06-08-2022-Garganta Tolmin y visita a Kobarid (Eslovenia)"}]},{"@type":"WebSite","@id":"https:\/\/www.carlosyconchita.net\/rutas\/#website","url":"https:\/\/www.carlosyconchita.net\/rutas\/","name":"Las rutas de Carlos y Conchita","description":"","potentialAction":[{"@type":"SearchAction","target":{"@type":"EntryPoint","urlTemplate":"https:\/\/www.carlosyconchita.net\/rutas\/?s={search_term_string}"},"query-input":{"@type":"PropertyValueSpecification","valueRequired":true,"valueName":"search_term_string"}}],"inLanguage":"es"},{"@type":"Person","@id":"https:\/\/www.carlosyconchita.net\/rutas\/#\/schema\/person\/a9691f7258c28443fab2d3aa1479ea19","name":"Carlos Conchita","image":{"@type":"ImageObject","inLanguage":"es","@id":"https:\/\/secure.gravatar.com\/avatar\/3a4625b20c8da3de99da69bfe7a322774e291c3f90dce7e8778a30fe6748ed1a?s=96&d=mm&r=g","url":"https:\/\/secure.gravatar.com\/avatar\/3a4625b20c8da3de99da69bfe7a322774e291c3f90dce7e8778a30fe6748ed1a?s=96&d=mm&r=g","contentUrl":"https:\/\/secure.gravatar.com\/avatar\/3a4625b20c8da3de99da69bfe7a322774e291c3f90dce7e8778a30fe6748ed1a?s=96&d=mm&r=g","caption":"Carlos Conchita"}}]}},"_links":{"self":[{"href":"https:\/\/www.carlosyconchita.net\/rutas\/wp-json\/wp\/v2\/posts\/18229","targetHints":{"allow":["GET"]}}],"collection":[{"href":"https:\/\/www.carlosyconchita.net\/rutas\/wp-json\/wp\/v2\/posts"}],"about":[{"href":"https:\/\/www.carlosyconchita.net\/rutas\/wp-json\/wp\/v2\/types\/post"}],"author":[{"embeddable":true,"href":"https:\/\/www.carlosyconchita.net\/rutas\/wp-json\/wp\/v2\/users\/50"}],"replies":[{"embeddable":true,"href":"https:\/\/www.carlosyconchita.net\/rutas\/wp-json\/wp\/v2\/comments?post=18229"}],"version-history":[{"count":0,"href":"https:\/\/www.carlosyconchita.net\/rutas\/wp-json\/wp\/v2\/posts\/18229\/revisions"}],"wp:featuredmedia":[{"embeddable":true,"href":"https:\/\/www.carlosyconchita.net\/rutas\/wp-json\/wp\/v2\/media\/18231"}],"wp:attachment":[{"href":"https:\/\/www.carlosyconchita.net\/rutas\/wp-json\/wp\/v2\/media?parent=18229"}],"wp:term":[{"taxonomy":"category","embeddable":true,"href":"https:\/\/www.carlosyconchita.net\/rutas\/wp-json\/wp\/v2\/categories?post=18229"},{"taxonomy":"post_tag","embeddable":true,"href":"https:\/\/www.carlosyconchita.net\/rutas\/wp-json\/wp\/v2\/tags?post=18229"}],"curies":[{"name":"wp","href":"https:\/\/api.w.org\/{rel}","templated":true}]}}