{"id":18352,"date":"2022-11-28T18:23:04","date_gmt":"2022-11-28T17:23:04","guid":{"rendered":"https:\/\/www.carlosyconchita.net\/rutas\/?p=18352"},"modified":"2023-04-24T17:49:05","modified_gmt":"2023-04-24T16:49:05","slug":"28-11-2022-lagos-sagres-y-faro-san-vicente","status":"publish","type":"post","link":"https:\/\/www.carlosyconchita.net\/rutas\/28-11-2022-lagos-sagres-y-faro-san-vicente\/","title":{"rendered":"28-11-2022-Lagos, Sagres y faro San Vicente"},"content":{"rendered":"<p style=\"text-align: justify;\">Hoy hemos hecho una serie de visitas a diversas poblaciones del Algarve, y aunque no hemos hecho ninguna ruta larga caminando, al final s\u00ed que hemos caminado mucho, ya que en Lagos, aparte del paseo por la ciudad,\u00a0\u00a0 hemos hecho una peque\u00f1a caminata por los impresionantes acantilados en la Ponta da Piedade, bajando despu\u00e9s hasta el nivel del agua, por una larga escalera.<\/p>\n<p style=\"text-align: justify;\">Despu\u00e9s hemos ido a Sagres, donde hemos comido en un sencillo pero muy buen restaurante situado en el puerto, justo encima de la lonja de pescado, con lo cual ten\u00edamos asegurada la calidad del pescado, que por cierto estaba muy bueno !.<\/p>\n<p style=\"text-align: justify;\">Y por la tarde, hemos visitado la Fortaleza de Sagres, un gran recinto situado en una punta del acantilado\u00a0 que entra en el mar, y que hemos recorrido enteramente, y aunque no hemos puesto el GPS, calculamos que han sido entre 4 y 5 kms.<br \/>\nEn la fortaleza, aparte de las bonitas vistas de la costa, hemos podido visitar la llamada C\u00e1mara Sonora, en donde te sit\u00faas encima de un suelo de rejilla met\u00e1lica, y en funci\u00f3n de las olas que se producen en los acantilados a bastantes metros de distancia, se producen unas fuertes corrientes de aire, ya que por debajo de donde pisamos, hay una serie de t\u00faneles y cuevas por donde pasa el aire producido por las olas al entrar en las cuevas. (ver mini-v\u00eddeo).<\/p>\n<p style=\"text-align: justify;\">Tambi\u00e9n hemos podido filmar una serie de fuertes olas que entraba en cuevas y que por la fuerza del aire producido en el interior, sal\u00edan como \u00abrebotadas\u00bb con gran fuerza, y que seguramente ser\u00edan las que produc\u00edan el viento muchos metros m\u00e1s lejos, en la C\u00e1mara Sonora comentada antes. (ver mini-video)<\/p>\n<p style=\"text-align: justify;\">Y finalmente, despu\u00e9s nos hemos dirigido al Faro de San Vicente, para poder ver la puesta de sol , aunque hoy hab\u00eda algunas nubes encima del agua, y no ha sido muy vistosa.<\/p>\n<hr \/>\n<p><strong>Album de fotos<\/strong><\/p>\n<p><a href=\"https:\/\/photos.app.goo.gl\/o5vPXoZsbWUaTcHs9\" target=\"_blank\" rel=\"noopener\"><img loading=\"lazy\" decoding=\"async\" class=\"size-medium wp-image-18354 aligncenter\" src=\"https:\/\/www.carlosyconchita.net\/rutas\/wp-content\/uploads\/2023\/04\/Algarve-28-00038-300x169.jpg\" alt=\"\" width=\"300\" height=\"169\" srcset=\"https:\/\/www.carlosyconchita.net\/rutas\/wp-content\/uploads\/2023\/04\/Algarve-28-00038-300x169.jpg 300w, https:\/\/www.carlosyconchita.net\/rutas\/wp-content\/uploads\/2023\/04\/Algarve-28-00038-600x338.jpg 600w, https:\/\/www.carlosyconchita.net\/rutas\/wp-content\/uploads\/2023\/04\/Algarve-28-00038-768x433.jpg 768w, https:\/\/www.carlosyconchita.net\/rutas\/wp-content\/uploads\/2023\/04\/Algarve-28-00038.jpg 1024w\" sizes=\"auto, (max-width: 300px) 100vw, 300px\" \/><\/a><\/p>\n<p>&nbsp;<\/p>\n<hr \/>\n<p>&nbsp;<\/p>\n<p><strong>Mini-video acantilados desde la Fortaleza de Sagres<\/strong><\/p>\n<p>&nbsp;<\/p>\n<p><iframe loading=\"lazy\" title=\"Costa del Algarve desde la Fortaleza de Sagres\" width=\"720\" height=\"405\" src=\"https:\/\/www.youtube.com\/embed\/5b-6SQi1rSI?feature=oembed\" frameborder=\"0\" allow=\"accelerometer; autoplay; clipboard-write; encrypted-media; gyroscope; picture-in-picture; web-share\" allowfullscreen><\/iframe><\/p>\n<p>&nbsp;<\/p>\n<p>&nbsp;<\/p>\n<hr \/>\n<p>&nbsp;<\/p>\n<p><strong>Mini-video C\u00e1mara Sonora de la Fortaleza de Sagres<\/strong><\/p>\n<p><iframe loading=\"lazy\" title=\"Camara de Sonido en la Fortaleza de Sagres\" width=\"720\" height=\"405\" src=\"https:\/\/www.youtube.com\/embed\/8AipimyUXVU?feature=oembed\" frameborder=\"0\" allow=\"accelerometer; autoplay; clipboard-write; encrypted-media; gyroscope; picture-in-picture; web-share\" allowfullscreen><\/iframe><\/p>\n<p>&nbsp;<\/p>\n<p>&nbsp;<\/p>\n<p>&nbsp;<\/p>\n<p>&nbsp;<\/p>\n<p>&nbsp;<\/p>\n<p>&nbsp;<\/p>\n<p>&nbsp;<\/p>\n<hr \/>\n<p>&nbsp;<\/p>\n","protected":false},"excerpt":{"rendered":"<p>Hoy hemos hecho una serie de visitas a diversas poblaciones del Algarve, y aunque no hemos hecho ninguna ruta larga caminando, al final s\u00ed que hemos caminado mucho, ya que en Lagos, aparte del paseo por la ciudad,\u00a0\u00a0 hemos hecho una peque\u00f1a caminata por los impresionantes acantilados en la Ponta da Piedade, bajando despu\u00e9s hasta [&hellip;]<\/p>\n","protected":false},"author":50,"featured_media":18354,"comment_status":"closed","ping_status":"open","sticky":false,"template":"","format":"standard","meta":{"footnotes":""},"categories":[121,60],"tags":[],"class_list":{"0":"post-18352","1":"post","2":"type-post","3":"status-publish","4":"format-standard","5":"has-post-thumbnail","6":"hentry","7":"category-algarve","8":"category-portugal","10":"post-with-thumbnail","11":"post-with-thumbnail-icon"},"yoast_head":"<!-- This site is optimized with the Yoast SEO plugin v27.4 - https:\/\/yoast.com\/product\/yoast-seo-wordpress\/ -->\n<title>28-11-2022-Lagos, Sagres y faro San Vicente -<\/title>\n<meta name=\"robots\" content=\"index, follow, max-snippet:-1, max-image-preview:large, max-video-preview:-1\" \/>\n<link rel=\"canonical\" href=\"https:\/\/www.carlosyconchita.net\/rutas\/28-11-2022-lagos-sagres-y-faro-san-vicente\/\" \/>\n<meta property=\"og:locale\" content=\"es_ES\" \/>\n<meta property=\"og:type\" content=\"article\" \/>\n<meta property=\"og:title\" content=\"28-11-2022-Lagos, Sagres y faro San Vicente -\" \/>\n<meta property=\"og:description\" content=\"Hoy hemos hecho una serie de visitas a diversas poblaciones del Algarve, y aunque no hemos hecho ninguna ruta larga caminando, al final s\u00ed que hemos caminado mucho, ya que en Lagos, aparte del paseo por la ciudad,\u00a0\u00a0 hemos hecho una peque\u00f1a caminata por los impresionantes acantilados en la Ponta da Piedade, bajando despu\u00e9s hasta [&hellip;]\" \/>\n<meta property=\"og:url\" content=\"https:\/\/www.carlosyconchita.net\/rutas\/28-11-2022-lagos-sagres-y-faro-san-vicente\/\" \/>\n<meta property=\"og:site_name\" content=\"Las rutas de Carlos y Conchita\" \/>\n<meta property=\"article:published_time\" content=\"2022-11-28T17:23:04+00:00\" \/>\n<meta property=\"article:modified_time\" content=\"2023-04-24T16:49:05+00:00\" \/>\n<meta property=\"og:image\" content=\"https:\/\/www.carlosyconchita.net\/rutas\/wp-content\/uploads\/2023\/04\/Algarve-28-00038.jpg\" \/>\n\t<meta property=\"og:image:width\" content=\"1024\" \/>\n\t<meta property=\"og:image:height\" content=\"577\" \/>\n\t<meta property=\"og:image:type\" content=\"image\/jpeg\" \/>\n<meta name=\"author\" content=\"Carlos Conchita\" \/>\n<meta name=\"twitter:label1\" content=\"Escrito por\" \/>\n\t<meta name=\"twitter:data1\" content=\"Carlos Conchita\" \/>\n\t<meta name=\"twitter:label2\" content=\"Tiempo de lectura\" \/>\n\t<meta name=\"twitter:data2\" content=\"2 minutos\" \/>\n<script type=\"application\/ld+json\" class=\"yoast-schema-graph\">{\"@context\":\"https:\\\/\\\/schema.org\",\"@graph\":[{\"@type\":\"Article\",\"@id\":\"https:\\\/\\\/www.carlosyconchita.net\\\/rutas\\\/28-11-2022-lagos-sagres-y-faro-san-vicente\\\/#article\",\"isPartOf\":{\"@id\":\"https:\\\/\\\/www.carlosyconchita.net\\\/rutas\\\/28-11-2022-lagos-sagres-y-faro-san-vicente\\\/\"},\"author\":{\"name\":\"Carlos Conchita\",\"@id\":\"https:\\\/\\\/www.carlosyconchita.net\\\/rutas\\\/#\\\/schema\\\/person\\\/a9691f7258c28443fab2d3aa1479ea19\"},\"headline\":\"28-11-2022-Lagos, Sagres y faro San Vicente\",\"datePublished\":\"2022-11-28T17:23:04+00:00\",\"dateModified\":\"2023-04-24T16:49:05+00:00\",\"mainEntityOfPage\":{\"@id\":\"https:\\\/\\\/www.carlosyconchita.net\\\/rutas\\\/28-11-2022-lagos-sagres-y-faro-san-vicente\\\/\"},\"wordCount\":382,\"image\":{\"@id\":\"https:\\\/\\\/www.carlosyconchita.net\\\/rutas\\\/28-11-2022-lagos-sagres-y-faro-san-vicente\\\/#primaryimage\"},\"thumbnailUrl\":\"https:\\\/\\\/www.carlosyconchita.net\\\/rutas\\\/wp-content\\\/uploads\\\/2023\\\/04\\\/Algarve-28-00038.jpg\",\"articleSection\":[\"Algarve\",\"Portugal\"],\"inLanguage\":\"es\"},{\"@type\":\"WebPage\",\"@id\":\"https:\\\/\\\/www.carlosyconchita.net\\\/rutas\\\/28-11-2022-lagos-sagres-y-faro-san-vicente\\\/\",\"url\":\"https:\\\/\\\/www.carlosyconchita.net\\\/rutas\\\/28-11-2022-lagos-sagres-y-faro-san-vicente\\\/\",\"name\":\"28-11-2022-Lagos, Sagres y faro San Vicente -\",\"isPartOf\":{\"@id\":\"https:\\\/\\\/www.carlosyconchita.net\\\/rutas\\\/#website\"},\"primaryImageOfPage\":{\"@id\":\"https:\\\/\\\/www.carlosyconchita.net\\\/rutas\\\/28-11-2022-lagos-sagres-y-faro-san-vicente\\\/#primaryimage\"},\"image\":{\"@id\":\"https:\\\/\\\/www.carlosyconchita.net\\\/rutas\\\/28-11-2022-lagos-sagres-y-faro-san-vicente\\\/#primaryimage\"},\"thumbnailUrl\":\"https:\\\/\\\/www.carlosyconchita.net\\\/rutas\\\/wp-content\\\/uploads\\\/2023\\\/04\\\/Algarve-28-00038.jpg\",\"datePublished\":\"2022-11-28T17:23:04+00:00\",\"dateModified\":\"2023-04-24T16:49:05+00:00\",\"author\":{\"@id\":\"https:\\\/\\\/www.carlosyconchita.net\\\/rutas\\\/#\\\/schema\\\/person\\\/a9691f7258c28443fab2d3aa1479ea19\"},\"breadcrumb\":{\"@id\":\"https:\\\/\\\/www.carlosyconchita.net\\\/rutas\\\/28-11-2022-lagos-sagres-y-faro-san-vicente\\\/#breadcrumb\"},\"inLanguage\":\"es\",\"potentialAction\":[{\"@type\":\"ReadAction\",\"target\":[\"https:\\\/\\\/www.carlosyconchita.net\\\/rutas\\\/28-11-2022-lagos-sagres-y-faro-san-vicente\\\/\"]}]},{\"@type\":\"ImageObject\",\"inLanguage\":\"es\",\"@id\":\"https:\\\/\\\/www.carlosyconchita.net\\\/rutas\\\/28-11-2022-lagos-sagres-y-faro-san-vicente\\\/#primaryimage\",\"url\":\"https:\\\/\\\/www.carlosyconchita.net\\\/rutas\\\/wp-content\\\/uploads\\\/2023\\\/04\\\/Algarve-28-00038.jpg\",\"contentUrl\":\"https:\\\/\\\/www.carlosyconchita.net\\\/rutas\\\/wp-content\\\/uploads\\\/2023\\\/04\\\/Algarve-28-00038.jpg\",\"width\":1024,\"height\":577},{\"@type\":\"BreadcrumbList\",\"@id\":\"https:\\\/\\\/www.carlosyconchita.net\\\/rutas\\\/28-11-2022-lagos-sagres-y-faro-san-vicente\\\/#breadcrumb\",\"itemListElement\":[{\"@type\":\"ListItem\",\"position\":1,\"name\":\"Portada\",\"item\":\"https:\\\/\\\/www.carlosyconchita.net\\\/rutas\\\/\"},{\"@type\":\"ListItem\",\"position\":2,\"name\":\"28-11-2022-Lagos, Sagres y faro San Vicente\"}]},{\"@type\":\"WebSite\",\"@id\":\"https:\\\/\\\/www.carlosyconchita.net\\\/rutas\\\/#website\",\"url\":\"https:\\\/\\\/www.carlosyconchita.net\\\/rutas\\\/\",\"name\":\"Las rutas de Carlos y Conchita\",\"description\":\"\",\"potentialAction\":[{\"@type\":\"SearchAction\",\"target\":{\"@type\":\"EntryPoint\",\"urlTemplate\":\"https:\\\/\\\/www.carlosyconchita.net\\\/rutas\\\/?s={search_term_string}\"},\"query-input\":{\"@type\":\"PropertyValueSpecification\",\"valueRequired\":true,\"valueName\":\"search_term_string\"}}],\"inLanguage\":\"es\"},{\"@type\":\"Person\",\"@id\":\"https:\\\/\\\/www.carlosyconchita.net\\\/rutas\\\/#\\\/schema\\\/person\\\/a9691f7258c28443fab2d3aa1479ea19\",\"name\":\"Carlos Conchita\",\"image\":{\"@type\":\"ImageObject\",\"inLanguage\":\"es\",\"@id\":\"https:\\\/\\\/secure.gravatar.com\\\/avatar\\\/3a4625b20c8da3de99da69bfe7a322774e291c3f90dce7e8778a30fe6748ed1a?s=96&d=mm&r=g\",\"url\":\"https:\\\/\\\/secure.gravatar.com\\\/avatar\\\/3a4625b20c8da3de99da69bfe7a322774e291c3f90dce7e8778a30fe6748ed1a?s=96&d=mm&r=g\",\"contentUrl\":\"https:\\\/\\\/secure.gravatar.com\\\/avatar\\\/3a4625b20c8da3de99da69bfe7a322774e291c3f90dce7e8778a30fe6748ed1a?s=96&d=mm&r=g\",\"caption\":\"Carlos Conchita\"}}]}<\/script>\n<!-- \/ Yoast SEO plugin. -->","yoast_head_json":{"title":"28-11-2022-Lagos, Sagres y faro San Vicente -","robots":{"index":"index","follow":"follow","max-snippet":"max-snippet:-1","max-image-preview":"max-image-preview:large","max-video-preview":"max-video-preview:-1"},"canonical":"https:\/\/www.carlosyconchita.net\/rutas\/28-11-2022-lagos-sagres-y-faro-san-vicente\/","og_locale":"es_ES","og_type":"article","og_title":"28-11-2022-Lagos, Sagres y faro San Vicente -","og_description":"Hoy hemos hecho una serie de visitas a diversas poblaciones del Algarve, y aunque no hemos hecho ninguna ruta larga caminando, al final s\u00ed que hemos caminado mucho, ya que en Lagos, aparte del paseo por la ciudad,\u00a0\u00a0 hemos hecho una peque\u00f1a caminata por los impresionantes acantilados en la Ponta da Piedade, bajando despu\u00e9s hasta [&hellip;]","og_url":"https:\/\/www.carlosyconchita.net\/rutas\/28-11-2022-lagos-sagres-y-faro-san-vicente\/","og_site_name":"Las rutas de Carlos y Conchita","article_published_time":"2022-11-28T17:23:04+00:00","article_modified_time":"2023-04-24T16:49:05+00:00","og_image":[{"width":1024,"height":577,"url":"https:\/\/www.carlosyconchita.net\/rutas\/wp-content\/uploads\/2023\/04\/Algarve-28-00038.jpg","type":"image\/jpeg"}],"author":"Carlos Conchita","twitter_misc":{"Escrito por":"Carlos Conchita","Tiempo de lectura":"2 minutos"},"schema":{"@context":"https:\/\/schema.org","@graph":[{"@type":"Article","@id":"https:\/\/www.carlosyconchita.net\/rutas\/28-11-2022-lagos-sagres-y-faro-san-vicente\/#article","isPartOf":{"@id":"https:\/\/www.carlosyconchita.net\/rutas\/28-11-2022-lagos-sagres-y-faro-san-vicente\/"},"author":{"name":"Carlos Conchita","@id":"https:\/\/www.carlosyconchita.net\/rutas\/#\/schema\/person\/a9691f7258c28443fab2d3aa1479ea19"},"headline":"28-11-2022-Lagos, Sagres y faro San Vicente","datePublished":"2022-11-28T17:23:04+00:00","dateModified":"2023-04-24T16:49:05+00:00","mainEntityOfPage":{"@id":"https:\/\/www.carlosyconchita.net\/rutas\/28-11-2022-lagos-sagres-y-faro-san-vicente\/"},"wordCount":382,"image":{"@id":"https:\/\/www.carlosyconchita.net\/rutas\/28-11-2022-lagos-sagres-y-faro-san-vicente\/#primaryimage"},"thumbnailUrl":"https:\/\/www.carlosyconchita.net\/rutas\/wp-content\/uploads\/2023\/04\/Algarve-28-00038.jpg","articleSection":["Algarve","Portugal"],"inLanguage":"es"},{"@type":"WebPage","@id":"https:\/\/www.carlosyconchita.net\/rutas\/28-11-2022-lagos-sagres-y-faro-san-vicente\/","url":"https:\/\/www.carlosyconchita.net\/rutas\/28-11-2022-lagos-sagres-y-faro-san-vicente\/","name":"28-11-2022-Lagos, Sagres y faro San Vicente -","isPartOf":{"@id":"https:\/\/www.carlosyconchita.net\/rutas\/#website"},"primaryImageOfPage":{"@id":"https:\/\/www.carlosyconchita.net\/rutas\/28-11-2022-lagos-sagres-y-faro-san-vicente\/#primaryimage"},"image":{"@id":"https:\/\/www.carlosyconchita.net\/rutas\/28-11-2022-lagos-sagres-y-faro-san-vicente\/#primaryimage"},"thumbnailUrl":"https:\/\/www.carlosyconchita.net\/rutas\/wp-content\/uploads\/2023\/04\/Algarve-28-00038.jpg","datePublished":"2022-11-28T17:23:04+00:00","dateModified":"2023-04-24T16:49:05+00:00","author":{"@id":"https:\/\/www.carlosyconchita.net\/rutas\/#\/schema\/person\/a9691f7258c28443fab2d3aa1479ea19"},"breadcrumb":{"@id":"https:\/\/www.carlosyconchita.net\/rutas\/28-11-2022-lagos-sagres-y-faro-san-vicente\/#breadcrumb"},"inLanguage":"es","potentialAction":[{"@type":"ReadAction","target":["https:\/\/www.carlosyconchita.net\/rutas\/28-11-2022-lagos-sagres-y-faro-san-vicente\/"]}]},{"@type":"ImageObject","inLanguage":"es","@id":"https:\/\/www.carlosyconchita.net\/rutas\/28-11-2022-lagos-sagres-y-faro-san-vicente\/#primaryimage","url":"https:\/\/www.carlosyconchita.net\/rutas\/wp-content\/uploads\/2023\/04\/Algarve-28-00038.jpg","contentUrl":"https:\/\/www.carlosyconchita.net\/rutas\/wp-content\/uploads\/2023\/04\/Algarve-28-00038.jpg","width":1024,"height":577},{"@type":"BreadcrumbList","@id":"https:\/\/www.carlosyconchita.net\/rutas\/28-11-2022-lagos-sagres-y-faro-san-vicente\/#breadcrumb","itemListElement":[{"@type":"ListItem","position":1,"name":"Portada","item":"https:\/\/www.carlosyconchita.net\/rutas\/"},{"@type":"ListItem","position":2,"name":"28-11-2022-Lagos, Sagres y faro San Vicente"}]},{"@type":"WebSite","@id":"https:\/\/www.carlosyconchita.net\/rutas\/#website","url":"https:\/\/www.carlosyconchita.net\/rutas\/","name":"Las rutas de Carlos y Conchita","description":"","potentialAction":[{"@type":"SearchAction","target":{"@type":"EntryPoint","urlTemplate":"https:\/\/www.carlosyconchita.net\/rutas\/?s={search_term_string}"},"query-input":{"@type":"PropertyValueSpecification","valueRequired":true,"valueName":"search_term_string"}}],"inLanguage":"es"},{"@type":"Person","@id":"https:\/\/www.carlosyconchita.net\/rutas\/#\/schema\/person\/a9691f7258c28443fab2d3aa1479ea19","name":"Carlos Conchita","image":{"@type":"ImageObject","inLanguage":"es","@id":"https:\/\/secure.gravatar.com\/avatar\/3a4625b20c8da3de99da69bfe7a322774e291c3f90dce7e8778a30fe6748ed1a?s=96&d=mm&r=g","url":"https:\/\/secure.gravatar.com\/avatar\/3a4625b20c8da3de99da69bfe7a322774e291c3f90dce7e8778a30fe6748ed1a?s=96&d=mm&r=g","contentUrl":"https:\/\/secure.gravatar.com\/avatar\/3a4625b20c8da3de99da69bfe7a322774e291c3f90dce7e8778a30fe6748ed1a?s=96&d=mm&r=g","caption":"Carlos Conchita"}}]}},"_links":{"self":[{"href":"https:\/\/www.carlosyconchita.net\/rutas\/wp-json\/wp\/v2\/posts\/18352","targetHints":{"allow":["GET"]}}],"collection":[{"href":"https:\/\/www.carlosyconchita.net\/rutas\/wp-json\/wp\/v2\/posts"}],"about":[{"href":"https:\/\/www.carlosyconchita.net\/rutas\/wp-json\/wp\/v2\/types\/post"}],"author":[{"embeddable":true,"href":"https:\/\/www.carlosyconchita.net\/rutas\/wp-json\/wp\/v2\/users\/50"}],"replies":[{"embeddable":true,"href":"https:\/\/www.carlosyconchita.net\/rutas\/wp-json\/wp\/v2\/comments?post=18352"}],"version-history":[{"count":0,"href":"https:\/\/www.carlosyconchita.net\/rutas\/wp-json\/wp\/v2\/posts\/18352\/revisions"}],"wp:featuredmedia":[{"embeddable":true,"href":"https:\/\/www.carlosyconchita.net\/rutas\/wp-json\/wp\/v2\/media\/18354"}],"wp:attachment":[{"href":"https:\/\/www.carlosyconchita.net\/rutas\/wp-json\/wp\/v2\/media?parent=18352"}],"wp:term":[{"taxonomy":"category","embeddable":true,"href":"https:\/\/www.carlosyconchita.net\/rutas\/wp-json\/wp\/v2\/categories?post=18352"},{"taxonomy":"post_tag","embeddable":true,"href":"https:\/\/www.carlosyconchita.net\/rutas\/wp-json\/wp\/v2\/tags?post=18352"}],"curies":[{"name":"wp","href":"https:\/\/api.w.org\/{rel}","templated":true}]}}