{"id":18373,"date":"2022-11-30T17:38:05","date_gmt":"2022-11-30T16:38:05","guid":{"rendered":"https:\/\/www.carlosyconchita.net\/rutas\/?p=18373"},"modified":"2023-04-25T18:04:21","modified_gmt":"2023-04-25T17:04:21","slug":"30-11-2022-carvoeiro-ruta-no-terminada-y-algar-seco","status":"publish","type":"post","link":"https:\/\/www.carlosyconchita.net\/rutas\/30-11-2022-carvoeiro-ruta-no-terminada-y-algar-seco\/","title":{"rendered":"30-11-2022-Carvoeiro : ruta no terminada y Algar Seco"},"content":{"rendered":"<p style=\"text-align: justify;\">Hoy nos dirigimos a la bonita poblaci\u00f3n de Carvoeiro con la idea de hacer otra excursi\u00f3n por los acantilados de la costa, que al final no pudimos completar.<br \/>\nDejamos el coche en la Estada do Alvar Seco, cerca de la Praia Carvalho,\u00a0 a la que bajamos antes de ir a\u00a0 Carvoeiro, pasando por unas pasarelas de madera, y despu\u00e9s de subir de nuevo a la carretera, seguimos por las pasarelas en direcci\u00f3n a Carvoeiro, y ya de nuevo en la calle, llegamos al centro de la poblacion, frente a la Praia de Carvoeiro.<\/p>\n<p style=\"text-align: justify;\">Cruzamos al otro lado de la peque\u00f1a bah\u00eda donde est\u00e1 la playa, y subimos de nuevo a los acantilados por la Rua do Paraiso, dej\u00e1ndola poco despu\u00e9s para seguir un camino de tierra que va siguiendo la costa.<\/p>\n<p style=\"text-align: justify;\">A la altura de la Praia do Para\u00edso, ya vemos alg\u00fan letrero diciendo que el camino estaba cortado por el mal estado, pero continuamos un rato m\u00e1s, pasando por varios sitios en que la barandilla ha desaparecido o ca\u00eddo al agua por desprendimientos , por un complicado descenso con el camino muy destrozado y agarr\u00e1ndonos a una cuerda, y finalmente decidimos cancelar la excursi\u00f3n , ya que ten\u00edamos que cruzar una especie de torrente (seco),\u00a0 con una bajada complicadilla, pero con la subida al otro lado bastante dif\u00edcil.<\/p>\n<p style=\"text-align: justify;\">Tambi\u00e9n tuvimos en cuenta que llev\u00e1bamos muy poco camino recorrido, y que nos faltaban bastantes kil\u00f3metros , por lo que las posibilidades de encontrar m\u00e1s problemas eran muy altas.<\/p>\n<p style=\"text-align: justify;\">Volvemos pues a Carvoeiro, pero lo hacemos por las calles de la urbanizaci\u00f3n en la que estamos, y dado que era casi la hora de comer, despu\u00e9s de dar una vuelta por el pueblo, fuimos a comer a un restaurante la t\u00edpica \u00abcataplana\u00bb de pescado y marisco.<\/p>\n<p style=\"text-align: justify;\">Despu\u00e9s de la comida, subimos de nuevo a donde hab\u00edamos dejado el coche, pero esta vez por dentro del pueblo y no por la costa, y una vez arriba, descendemos de nuevo al nivel del mar en la zona del Algar Seco, con un gran n\u00famero de cuevas, t\u00faneles y curiosas formaciones rocosas producidas por el agua.<\/p>\n<p style=\"text-align: justify;\">En esta zona, como se puede ver en el track, el GPS se volvi\u00f3 un poco loco debido a la gran cantidad de cuevas y t\u00faneles.<\/p>\n<hr \/>\n<p><strong>Album de fotos<\/strong><\/p>\n<p><a href=\"https:\/\/photos.app.goo.gl\/1mXnNiZr7ovcWtjz6\" target=\"_blank\" rel=\"noopener\"><img loading=\"lazy\" decoding=\"async\" class=\"size-medium wp-image-18374 aligncenter\" src=\"https:\/\/www.carlosyconchita.net\/rutas\/wp-content\/uploads\/2023\/04\/Algarve-30-00111-300x169.jpg\" alt=\"\" width=\"300\" height=\"169\" srcset=\"https:\/\/www.carlosyconchita.net\/rutas\/wp-content\/uploads\/2023\/04\/Algarve-30-00111-300x169.jpg 300w, https:\/\/www.carlosyconchita.net\/rutas\/wp-content\/uploads\/2023\/04\/Algarve-30-00111-600x338.jpg 600w, https:\/\/www.carlosyconchita.net\/rutas\/wp-content\/uploads\/2023\/04\/Algarve-30-00111-768x433.jpg 768w, https:\/\/www.carlosyconchita.net\/rutas\/wp-content\/uploads\/2023\/04\/Algarve-30-00111.jpg 1024w\" sizes=\"auto, (max-width: 300px) 100vw, 300px\" \/><\/a><\/p>\n<p>&nbsp;<\/p>\n<hr \/>\n<h4><strong>Mapa y track de la ruta<\/strong><\/h4>\n<p style=\"text-align: center;\"><strong><span style=\"color: #ff0000;\">Pulsando sobre los waypoints del mapa, se puede ver una foto del sitio.<\/span><\/strong><\/p>\n<p>&nbsp;<\/p>\n<p><a href=\"https:\/\/www.carlosyconchita.net\/rutas\/wp-content\/uploads\/gpx\/Carvoeiro.html\" target=\"_blank\" rel=\"noopener\"><img loading=\"lazy\" decoding=\"async\" class=\"aligncenter wp-image-16466\" src=\"https:\/\/www.carlosyconchita.net\/rutas\/wp-content\/uploads\/2021\/09\/mapa2.jpg\" alt=\"\" width=\"0185\" height=\"185\" srcset=\"https:\/\/www.carlosyconchita.net\/rutas\/wp-content\/uploads\/2021\/09\/mapa2.jpg 225w, https:\/\/www.carlosyconchita.net\/rutas\/wp-content\/uploads\/2021\/09\/mapa2-120x120.jpg 120w\" sizes=\"auto, (max-width: 185px) 100vw, 185px\" \/><\/a><\/p>\n<p>&nbsp;<\/p>\n<hr \/>\n<p><strong>Wikiloc\u00a0\u00a0\u00a0 <\/strong><strong><br \/>\n<\/strong><\/p>\n<p><a href=\"https:\/\/es.wikiloc.com\/rutas-senderismo\/carvoeiro-intento-ruta-por-la-costa-y-algar-seco-132779804\" target=\"_blank\" rel=\"noopener\"><img loading=\"lazy\" decoding=\"async\" class=\"aligncenter size-full wp-image-958\" src=\"https:\/\/www.carlosyconchita.net\/rutas\/wp-content\/uploads\/2020\/09\/wikiloc.jpg\" alt=\"\" width=\"117\" height=\"34\" \/><\/a><\/p>\n<p>&nbsp;<\/p>\n<hr \/>\n<p style=\"text-align: justify;\"><span style=\"color: #ff0000; background-color: #ffffff; font-size: 14pt;\"><strong>Si te ha gustado, comp\u00e1rtelo en tu red favorita o env\u00edanos tu comentario.<br \/>\n<\/strong><\/span><\/p>\n<p style=\"text-align: justify;\"><span style=\"font-size: 14pt;\"><strong><span style=\"color: #ff0000;\">Muchas gracias !<\/span><\/strong><\/span><\/p>\n<hr \/>\n<p style=\"text-align: justify;\"><strong><span style=\"color: #008000;\">Suscribete si quieres recibir un mail cuando publiquemos nuevas rutas : no enviamos publicidad y como m\u00e1ximo enviamos 2 mails al mes<\/span><\/strong><\/p>\n<p style=\"text-align: center;\"><a href=\"https:\/\/mailchi.mp\/6989c83a3e24\/wmv06rtqcz\/\" target=\"_blank\" rel=\"noopener noreferrer\"><strong><span style=\"color: #0000ff;\">Pulsa aqu\u00ed para suscribirte<\/span><\/strong><\/a><\/p>\n<hr \/>\n<p style=\"text-align: justify;\">\u00a0<\/p>\n<h3 style=\"text-align: justify;\">Puedes imprimir esta publicaci\u00f3n o guardarla en diferentes formatos :<\/h3>\n<p style=\"text-align: justify;\"><span style=\"color: #ff0000; font-size: 14pt;\">Para facilitar la impresi\u00f3n, hemos reducido considerablemente el tama\u00f1o de las fotos, pero si deseas imprimir sin fotos, aconsejamos guardarlo como \u201cdoc\u201d, y antes de imprimirlo, eliminar las fotos<\/span><\/p>\n<p>&nbsp;<\/p>\n","protected":false},"excerpt":{"rendered":"<p>Hoy nos dirigimos a la bonita poblaci\u00f3n de Carvoeiro con la idea de hacer otra excursi\u00f3n por los acantilados de la costa, que al final no pudimos completar. Dejamos el coche en la Estada do Alvar Seco, cerca de la Praia Carvalho,\u00a0 a la que bajamos antes de ir a\u00a0 Carvoeiro, pasando por unas pasarelas [&hellip;]<\/p>\n","protected":false},"author":50,"featured_media":18374,"comment_status":"closed","ping_status":"open","sticky":false,"template":"","format":"standard","meta":{"footnotes":""},"categories":[14,121,60],"tags":[],"class_list":{"0":"post-18373","1":"post","2":"type-post","3":"status-publish","4":"format-standard","5":"has-post-thumbnail","6":"hentry","7":"category-muy-facil","8":"category-algarve","9":"category-portugal","11":"post-with-thumbnail","12":"post-with-thumbnail-icon"},"yoast_head":"<!-- This site is optimized with the Yoast SEO plugin v27.5 - https:\/\/yoast.com\/product\/yoast-seo-wordpress\/ -->\n<title>30-11-2022-Carvoeiro : ruta no terminada y Algar Seco -<\/title>\n<meta name=\"robots\" content=\"index, follow, max-snippet:-1, max-image-preview:large, max-video-preview:-1\" \/>\n<link rel=\"canonical\" href=\"https:\/\/www.carlosyconchita.net\/rutas\/30-11-2022-carvoeiro-ruta-no-terminada-y-algar-seco\/\" \/>\n<meta property=\"og:locale\" content=\"es_ES\" \/>\n<meta property=\"og:type\" content=\"article\" \/>\n<meta property=\"og:title\" content=\"30-11-2022-Carvoeiro : ruta no terminada y Algar Seco -\" \/>\n<meta property=\"og:description\" content=\"Hoy nos dirigimos a la bonita poblaci\u00f3n de Carvoeiro con la idea de hacer otra excursi\u00f3n por los acantilados de la costa, que al final no pudimos completar. Dejamos el coche en la Estada do Alvar Seco, cerca de la Praia Carvalho,\u00a0 a la que bajamos antes de ir a\u00a0 Carvoeiro, pasando por unas pasarelas [&hellip;]\" \/>\n<meta property=\"og:url\" content=\"https:\/\/www.carlosyconchita.net\/rutas\/30-11-2022-carvoeiro-ruta-no-terminada-y-algar-seco\/\" \/>\n<meta property=\"og:site_name\" content=\"Las rutas de Carlos y Conchita\" \/>\n<meta property=\"article:published_time\" content=\"2022-11-30T16:38:05+00:00\" \/>\n<meta property=\"article:modified_time\" content=\"2023-04-25T17:04:21+00:00\" \/>\n<meta property=\"og:image\" content=\"https:\/\/www.carlosyconchita.net\/rutas\/wp-content\/uploads\/2023\/04\/Algarve-30-00111.jpg\" \/>\n\t<meta property=\"og:image:width\" content=\"1024\" \/>\n\t<meta property=\"og:image:height\" content=\"577\" \/>\n\t<meta property=\"og:image:type\" content=\"image\/jpeg\" \/>\n<meta name=\"author\" content=\"Carlos Conchita\" \/>\n<meta name=\"twitter:label1\" content=\"Escrito por\" \/>\n\t<meta name=\"twitter:data1\" content=\"Carlos Conchita\" \/>\n\t<meta name=\"twitter:label2\" content=\"Tiempo de lectura\" \/>\n\t<meta name=\"twitter:data2\" content=\"3 minutos\" \/>\n<script type=\"application\/ld+json\" class=\"yoast-schema-graph\">{\"@context\":\"https:\\\/\\\/schema.org\",\"@graph\":[{\"@type\":\"Article\",\"@id\":\"https:\\\/\\\/www.carlosyconchita.net\\\/rutas\\\/30-11-2022-carvoeiro-ruta-no-terminada-y-algar-seco\\\/#article\",\"isPartOf\":{\"@id\":\"https:\\\/\\\/www.carlosyconchita.net\\\/rutas\\\/30-11-2022-carvoeiro-ruta-no-terminada-y-algar-seco\\\/\"},\"author\":{\"name\":\"Carlos Conchita\",\"@id\":\"https:\\\/\\\/www.carlosyconchita.net\\\/rutas\\\/#\\\/schema\\\/person\\\/a9691f7258c28443fab2d3aa1479ea19\"},\"headline\":\"30-11-2022-Carvoeiro : ruta no terminada y Algar Seco\",\"datePublished\":\"2022-11-30T16:38:05+00:00\",\"dateModified\":\"2023-04-25T17:04:21+00:00\",\"mainEntityOfPage\":{\"@id\":\"https:\\\/\\\/www.carlosyconchita.net\\\/rutas\\\/30-11-2022-carvoeiro-ruta-no-terminada-y-algar-seco\\\/\"},\"wordCount\":523,\"image\":{\"@id\":\"https:\\\/\\\/www.carlosyconchita.net\\\/rutas\\\/30-11-2022-carvoeiro-ruta-no-terminada-y-algar-seco\\\/#primaryimage\"},\"thumbnailUrl\":\"https:\\\/\\\/www.carlosyconchita.net\\\/rutas\\\/wp-content\\\/uploads\\\/2023\\\/04\\\/Algarve-30-00111.jpg\",\"articleSection\":[\"0-Muy f\u00e1cil\",\"Algarve\",\"Portugal\"],\"inLanguage\":\"es\"},{\"@type\":\"WebPage\",\"@id\":\"https:\\\/\\\/www.carlosyconchita.net\\\/rutas\\\/30-11-2022-carvoeiro-ruta-no-terminada-y-algar-seco\\\/\",\"url\":\"https:\\\/\\\/www.carlosyconchita.net\\\/rutas\\\/30-11-2022-carvoeiro-ruta-no-terminada-y-algar-seco\\\/\",\"name\":\"30-11-2022-Carvoeiro : ruta no terminada y Algar Seco -\",\"isPartOf\":{\"@id\":\"https:\\\/\\\/www.carlosyconchita.net\\\/rutas\\\/#website\"},\"primaryImageOfPage\":{\"@id\":\"https:\\\/\\\/www.carlosyconchita.net\\\/rutas\\\/30-11-2022-carvoeiro-ruta-no-terminada-y-algar-seco\\\/#primaryimage\"},\"image\":{\"@id\":\"https:\\\/\\\/www.carlosyconchita.net\\\/rutas\\\/30-11-2022-carvoeiro-ruta-no-terminada-y-algar-seco\\\/#primaryimage\"},\"thumbnailUrl\":\"https:\\\/\\\/www.carlosyconchita.net\\\/rutas\\\/wp-content\\\/uploads\\\/2023\\\/04\\\/Algarve-30-00111.jpg\",\"datePublished\":\"2022-11-30T16:38:05+00:00\",\"dateModified\":\"2023-04-25T17:04:21+00:00\",\"author\":{\"@id\":\"https:\\\/\\\/www.carlosyconchita.net\\\/rutas\\\/#\\\/schema\\\/person\\\/a9691f7258c28443fab2d3aa1479ea19\"},\"breadcrumb\":{\"@id\":\"https:\\\/\\\/www.carlosyconchita.net\\\/rutas\\\/30-11-2022-carvoeiro-ruta-no-terminada-y-algar-seco\\\/#breadcrumb\"},\"inLanguage\":\"es\",\"potentialAction\":[{\"@type\":\"ReadAction\",\"target\":[\"https:\\\/\\\/www.carlosyconchita.net\\\/rutas\\\/30-11-2022-carvoeiro-ruta-no-terminada-y-algar-seco\\\/\"]}]},{\"@type\":\"ImageObject\",\"inLanguage\":\"es\",\"@id\":\"https:\\\/\\\/www.carlosyconchita.net\\\/rutas\\\/30-11-2022-carvoeiro-ruta-no-terminada-y-algar-seco\\\/#primaryimage\",\"url\":\"https:\\\/\\\/www.carlosyconchita.net\\\/rutas\\\/wp-content\\\/uploads\\\/2023\\\/04\\\/Algarve-30-00111.jpg\",\"contentUrl\":\"https:\\\/\\\/www.carlosyconchita.net\\\/rutas\\\/wp-content\\\/uploads\\\/2023\\\/04\\\/Algarve-30-00111.jpg\",\"width\":1024,\"height\":577},{\"@type\":\"BreadcrumbList\",\"@id\":\"https:\\\/\\\/www.carlosyconchita.net\\\/rutas\\\/30-11-2022-carvoeiro-ruta-no-terminada-y-algar-seco\\\/#breadcrumb\",\"itemListElement\":[{\"@type\":\"ListItem\",\"position\":1,\"name\":\"Portada\",\"item\":\"https:\\\/\\\/www.carlosyconchita.net\\\/rutas\\\/\"},{\"@type\":\"ListItem\",\"position\":2,\"name\":\"30-11-2022-Carvoeiro : ruta no terminada y Algar Seco\"}]},{\"@type\":\"WebSite\",\"@id\":\"https:\\\/\\\/www.carlosyconchita.net\\\/rutas\\\/#website\",\"url\":\"https:\\\/\\\/www.carlosyconchita.net\\\/rutas\\\/\",\"name\":\"Las rutas de Carlos y Conchita\",\"description\":\"\",\"potentialAction\":[{\"@type\":\"SearchAction\",\"target\":{\"@type\":\"EntryPoint\",\"urlTemplate\":\"https:\\\/\\\/www.carlosyconchita.net\\\/rutas\\\/?s={search_term_string}\"},\"query-input\":{\"@type\":\"PropertyValueSpecification\",\"valueRequired\":true,\"valueName\":\"search_term_string\"}}],\"inLanguage\":\"es\"},{\"@type\":\"Person\",\"@id\":\"https:\\\/\\\/www.carlosyconchita.net\\\/rutas\\\/#\\\/schema\\\/person\\\/a9691f7258c28443fab2d3aa1479ea19\",\"name\":\"Carlos Conchita\",\"image\":{\"@type\":\"ImageObject\",\"inLanguage\":\"es\",\"@id\":\"https:\\\/\\\/secure.gravatar.com\\\/avatar\\\/3a4625b20c8da3de99da69bfe7a322774e291c3f90dce7e8778a30fe6748ed1a?s=96&d=mm&r=g\",\"url\":\"https:\\\/\\\/secure.gravatar.com\\\/avatar\\\/3a4625b20c8da3de99da69bfe7a322774e291c3f90dce7e8778a30fe6748ed1a?s=96&d=mm&r=g\",\"contentUrl\":\"https:\\\/\\\/secure.gravatar.com\\\/avatar\\\/3a4625b20c8da3de99da69bfe7a322774e291c3f90dce7e8778a30fe6748ed1a?s=96&d=mm&r=g\",\"caption\":\"Carlos Conchita\"}}]}<\/script>\n<!-- \/ Yoast SEO plugin. -->","yoast_head_json":{"title":"30-11-2022-Carvoeiro : ruta no terminada y Algar Seco -","robots":{"index":"index","follow":"follow","max-snippet":"max-snippet:-1","max-image-preview":"max-image-preview:large","max-video-preview":"max-video-preview:-1"},"canonical":"https:\/\/www.carlosyconchita.net\/rutas\/30-11-2022-carvoeiro-ruta-no-terminada-y-algar-seco\/","og_locale":"es_ES","og_type":"article","og_title":"30-11-2022-Carvoeiro : ruta no terminada y Algar Seco -","og_description":"Hoy nos dirigimos a la bonita poblaci\u00f3n de Carvoeiro con la idea de hacer otra excursi\u00f3n por los acantilados de la costa, que al final no pudimos completar. Dejamos el coche en la Estada do Alvar Seco, cerca de la Praia Carvalho,\u00a0 a la que bajamos antes de ir a\u00a0 Carvoeiro, pasando por unas pasarelas [&hellip;]","og_url":"https:\/\/www.carlosyconchita.net\/rutas\/30-11-2022-carvoeiro-ruta-no-terminada-y-algar-seco\/","og_site_name":"Las rutas de Carlos y Conchita","article_published_time":"2022-11-30T16:38:05+00:00","article_modified_time":"2023-04-25T17:04:21+00:00","og_image":[{"width":1024,"height":577,"url":"https:\/\/www.carlosyconchita.net\/rutas\/wp-content\/uploads\/2023\/04\/Algarve-30-00111.jpg","type":"image\/jpeg"}],"author":"Carlos Conchita","twitter_misc":{"Escrito por":"Carlos Conchita","Tiempo de lectura":"3 minutos"},"schema":{"@context":"https:\/\/schema.org","@graph":[{"@type":"Article","@id":"https:\/\/www.carlosyconchita.net\/rutas\/30-11-2022-carvoeiro-ruta-no-terminada-y-algar-seco\/#article","isPartOf":{"@id":"https:\/\/www.carlosyconchita.net\/rutas\/30-11-2022-carvoeiro-ruta-no-terminada-y-algar-seco\/"},"author":{"name":"Carlos Conchita","@id":"https:\/\/www.carlosyconchita.net\/rutas\/#\/schema\/person\/a9691f7258c28443fab2d3aa1479ea19"},"headline":"30-11-2022-Carvoeiro : ruta no terminada y Algar Seco","datePublished":"2022-11-30T16:38:05+00:00","dateModified":"2023-04-25T17:04:21+00:00","mainEntityOfPage":{"@id":"https:\/\/www.carlosyconchita.net\/rutas\/30-11-2022-carvoeiro-ruta-no-terminada-y-algar-seco\/"},"wordCount":523,"image":{"@id":"https:\/\/www.carlosyconchita.net\/rutas\/30-11-2022-carvoeiro-ruta-no-terminada-y-algar-seco\/#primaryimage"},"thumbnailUrl":"https:\/\/www.carlosyconchita.net\/rutas\/wp-content\/uploads\/2023\/04\/Algarve-30-00111.jpg","articleSection":["0-Muy f\u00e1cil","Algarve","Portugal"],"inLanguage":"es"},{"@type":"WebPage","@id":"https:\/\/www.carlosyconchita.net\/rutas\/30-11-2022-carvoeiro-ruta-no-terminada-y-algar-seco\/","url":"https:\/\/www.carlosyconchita.net\/rutas\/30-11-2022-carvoeiro-ruta-no-terminada-y-algar-seco\/","name":"30-11-2022-Carvoeiro : ruta no terminada y Algar Seco -","isPartOf":{"@id":"https:\/\/www.carlosyconchita.net\/rutas\/#website"},"primaryImageOfPage":{"@id":"https:\/\/www.carlosyconchita.net\/rutas\/30-11-2022-carvoeiro-ruta-no-terminada-y-algar-seco\/#primaryimage"},"image":{"@id":"https:\/\/www.carlosyconchita.net\/rutas\/30-11-2022-carvoeiro-ruta-no-terminada-y-algar-seco\/#primaryimage"},"thumbnailUrl":"https:\/\/www.carlosyconchita.net\/rutas\/wp-content\/uploads\/2023\/04\/Algarve-30-00111.jpg","datePublished":"2022-11-30T16:38:05+00:00","dateModified":"2023-04-25T17:04:21+00:00","author":{"@id":"https:\/\/www.carlosyconchita.net\/rutas\/#\/schema\/person\/a9691f7258c28443fab2d3aa1479ea19"},"breadcrumb":{"@id":"https:\/\/www.carlosyconchita.net\/rutas\/30-11-2022-carvoeiro-ruta-no-terminada-y-algar-seco\/#breadcrumb"},"inLanguage":"es","potentialAction":[{"@type":"ReadAction","target":["https:\/\/www.carlosyconchita.net\/rutas\/30-11-2022-carvoeiro-ruta-no-terminada-y-algar-seco\/"]}]},{"@type":"ImageObject","inLanguage":"es","@id":"https:\/\/www.carlosyconchita.net\/rutas\/30-11-2022-carvoeiro-ruta-no-terminada-y-algar-seco\/#primaryimage","url":"https:\/\/www.carlosyconchita.net\/rutas\/wp-content\/uploads\/2023\/04\/Algarve-30-00111.jpg","contentUrl":"https:\/\/www.carlosyconchita.net\/rutas\/wp-content\/uploads\/2023\/04\/Algarve-30-00111.jpg","width":1024,"height":577},{"@type":"BreadcrumbList","@id":"https:\/\/www.carlosyconchita.net\/rutas\/30-11-2022-carvoeiro-ruta-no-terminada-y-algar-seco\/#breadcrumb","itemListElement":[{"@type":"ListItem","position":1,"name":"Portada","item":"https:\/\/www.carlosyconchita.net\/rutas\/"},{"@type":"ListItem","position":2,"name":"30-11-2022-Carvoeiro : ruta no terminada y Algar Seco"}]},{"@type":"WebSite","@id":"https:\/\/www.carlosyconchita.net\/rutas\/#website","url":"https:\/\/www.carlosyconchita.net\/rutas\/","name":"Las rutas de Carlos y Conchita","description":"","potentialAction":[{"@type":"SearchAction","target":{"@type":"EntryPoint","urlTemplate":"https:\/\/www.carlosyconchita.net\/rutas\/?s={search_term_string}"},"query-input":{"@type":"PropertyValueSpecification","valueRequired":true,"valueName":"search_term_string"}}],"inLanguage":"es"},{"@type":"Person","@id":"https:\/\/www.carlosyconchita.net\/rutas\/#\/schema\/person\/a9691f7258c28443fab2d3aa1479ea19","name":"Carlos Conchita","image":{"@type":"ImageObject","inLanguage":"es","@id":"https:\/\/secure.gravatar.com\/avatar\/3a4625b20c8da3de99da69bfe7a322774e291c3f90dce7e8778a30fe6748ed1a?s=96&d=mm&r=g","url":"https:\/\/secure.gravatar.com\/avatar\/3a4625b20c8da3de99da69bfe7a322774e291c3f90dce7e8778a30fe6748ed1a?s=96&d=mm&r=g","contentUrl":"https:\/\/secure.gravatar.com\/avatar\/3a4625b20c8da3de99da69bfe7a322774e291c3f90dce7e8778a30fe6748ed1a?s=96&d=mm&r=g","caption":"Carlos Conchita"}}]}},"_links":{"self":[{"href":"https:\/\/www.carlosyconchita.net\/rutas\/wp-json\/wp\/v2\/posts\/18373","targetHints":{"allow":["GET"]}}],"collection":[{"href":"https:\/\/www.carlosyconchita.net\/rutas\/wp-json\/wp\/v2\/posts"}],"about":[{"href":"https:\/\/www.carlosyconchita.net\/rutas\/wp-json\/wp\/v2\/types\/post"}],"author":[{"embeddable":true,"href":"https:\/\/www.carlosyconchita.net\/rutas\/wp-json\/wp\/v2\/users\/50"}],"replies":[{"embeddable":true,"href":"https:\/\/www.carlosyconchita.net\/rutas\/wp-json\/wp\/v2\/comments?post=18373"}],"version-history":[{"count":0,"href":"https:\/\/www.carlosyconchita.net\/rutas\/wp-json\/wp\/v2\/posts\/18373\/revisions"}],"wp:featuredmedia":[{"embeddable":true,"href":"https:\/\/www.carlosyconchita.net\/rutas\/wp-json\/wp\/v2\/media\/18374"}],"wp:attachment":[{"href":"https:\/\/www.carlosyconchita.net\/rutas\/wp-json\/wp\/v2\/media?parent=18373"}],"wp:term":[{"taxonomy":"category","embeddable":true,"href":"https:\/\/www.carlosyconchita.net\/rutas\/wp-json\/wp\/v2\/categories?post=18373"},{"taxonomy":"post_tag","embeddable":true,"href":"https:\/\/www.carlosyconchita.net\/rutas\/wp-json\/wp\/v2\/tags?post=18373"}],"curies":[{"name":"wp","href":"https:\/\/api.w.org\/{rel}","templated":true}]}}