{"id":18392,"date":"2023-05-11T17:17:48","date_gmt":"2023-05-11T16:17:48","guid":{"rendered":"https:\/\/www.carlosyconchita.net\/rutas\/?p=18392"},"modified":"2023-05-26T17:22:19","modified_gmt":"2023-05-26T16:22:19","slug":"11-05-2023-aeropuerto-kruje-y-shkoder","status":"publish","type":"post","link":"https:\/\/www.carlosyconchita.net\/rutas\/11-05-2023-aeropuerto-kruje-y-shkoder\/","title":{"rendered":"11-05-2023-Aeropuerto, Kruj\u00eb y Shkod\u00ebr"},"content":{"rendered":"<p style=\"text-align: justify;\">Hemos empezado un poco mal nuestro viaje, ya que debido a que nuestro avi\u00f3n llegaba a la 1 de la madrugada a Tirana, hab\u00edamos contratado un taxi a trav\u00e9s de Booking para llevarnos al hotel, que no se present\u00f3, por lo que despu\u00e9s de estar bastante rato esperando, cogimos uno de los que estaban en el aeropuerto.<br \/>\nPor suerte, el hotel lo hab\u00edamos cogido muy cerca del aeropuerto, pero entre una cosa y otra fuimos a dormir muy tarde, y despu\u00e9s de dormir unas pocas horas, fuimos a recoger el coche de alquiler para iniciar la ruta hasta Shkod\u00ebr, donde ten\u00edamos que dormir esta noche.<\/p>\n<p style=\"text-align: justify;\">En el aeropuerto hab\u00edamos comprado una \u00abSIM\u00bb\u00a0 albanesa, para poder tener conexi\u00f3n a Internet durante el viaje, ya que al no pertenecer a la UE, las tarifas de roaming son car\u00edsimas.<br \/>\nEl precio ha sido de 19 \u20ac, con validez para 21 d\u00edas, con 35 Gb. de datos y llamadas ilimitadas a todo el pa\u00eds, cosa que nos ha ido muy bien, por los cambios de hotel y consultas que hemos tenido que hacer.<\/p>\n<p style=\"text-align: justify;\">Por el camino hacia Shkod\u00ebr, hemos pasado por Kruj\u00eb, donde hemos visitado el castillo, la peque\u00f1a zona del \u00abbazar\u00bb y casco antiguo,\u00a0 y comido en un restaurante local tradicional, por un buen precio.<\/p>\n<p>Y en Shkod\u00ebr, hemos visitado tambi\u00e9n su gran castillo, y caminado un rato por sus calles.<\/p>\n<p style=\"text-align: justify;\">Una vez en nuestro hotel en Shkod\u00ebr, hemos contactado con el hotel que ten\u00edamos reservado en Valbona, para confirmar lo que hab\u00edamos hablado hace unos d\u00edas, pero finalmente tuvimos que cambiar nuestros planes para los pr\u00f3ximos 3 d\u00edas,\u00a0 debido primero a las lluvias, pero tambi\u00e9n a la falta de lluvias (!!! ) , y a la nieve&#8230;<\/p>\n<p style=\"text-align: justify;\">Inicialmente hab\u00edamos previsto hacer un largo trekking desde Valbona a Theth, pasando por unas bonitas monta\u00f1as (las \u00abmonta\u00f1as malditas\u00bb , o Alpes Albaneses).<\/p>\n<p>Para ello, el primer d\u00eda ten\u00edamos que dejar el coche en Shkod\u00ebr, coger un minib\u00fas que nos llevar\u00eda hasta el lago Koman, cruzarlo con una especie de ferry hasta el otro lado del lago, coger otro minib\u00fas hasta Valbona y llegar al hotel, en total, pr\u00e1cticamente un d\u00eda.<\/p>\n<p>Al segundo d\u00eda, ten\u00edamos que hacer la caminata desde Valbona a Theth, un largo recorrido de unos 16-17 kms. y un desnivel de unos 900 m. de subida, y unos 1.000 de bajada, pero debido a que en las monta\u00f1as todav\u00eda quedaba nieve , la encargada del hotel de Valbona nos recomend\u00f3 hacerlo con un gu\u00eda, cosa que nos pareci\u00f3 bien, ya que no conoc\u00edamos el camino, y adem\u00e1s hab\u00eda dos rutas, la de \u00abverano\u00bb\u00a0 y la de \u00abinvierno\u00bb, una impracticable en esos d\u00edas y la otra m\u00e1s f\u00e1cil.<\/p>\n<p style=\"text-align: justify;\">Despu\u00e9s de dormir en Theth, ten\u00edamos que coger otro minib\u00fas hasta Shkod\u00ebr, para poder recoger nuestro coche y continuar nuestro viaje por Albania.<\/p>\n<p style=\"text-align: justify;\">Pero cuando hablamos con la encargada del hotel de Valbona, para confirmar que ten\u00edamos reservado el primer minib\u00fas y el gu\u00eda, nos dijo que en el lago Koman hab\u00eda poca agua y que los ferrys no circulaban, cosa que confirmamos despu\u00e9s con la compa\u00f1\u00eda de los ferrys, y que adem\u00e1s, hab\u00eda estado lloviendo estos \u00faltimos d\u00edas, con lo cual la ruta tampoco era muy aconsejable, suponiendo que se pudiera llegar a Valbona. (pero esas \u00faltimas lluvias no han servido para subir el nivel del lago&#8230;)<\/p>\n<p style=\"text-align: justify;\">As\u00ed que a \u00faltima hora, tuvimos que anular los hoteles de Valbona y Theth, que hab\u00edamos reservado a trav\u00e9s de Booking, y gracias a la amabilidad de los dos, nos aceptaron la anulaci\u00f3n sin ning\u00fan cargo, a pesar de que en teor\u00eda ya no se pod\u00eda anular.<\/p>\n<p style=\"text-align: justify;\">Aprovechamos para comentar la gran amabilidad de la gente de este pa\u00eds, que te ayudan en todo lo que puedas necesitar, y que no ponen ning\u00fan problema en nada.<\/p>\n<p style=\"text-align: justify;\">Debido a todo este l\u00edo, nos quedaban dos d\u00edas y medio en \u00abblanco\u00bb , y para no tener que cancelar todos los otros hoteles y programarlo todo de nuevo, decidimos que ma\u00f1ana ir\u00edamos al sur, a Saranda, cerca ya de la frontera con Grecia, cosa no prevista, para aprovechar esos d\u00edas, y as\u00ed despu\u00e9s, continuar con nuestro plan inicial.<\/p>\n<p style=\"text-align: justify;\">Eso ha hecho que tuvi\u00e9ramos que hacer bastantes mas kil\u00f3metros, para poder continuar despu\u00e9s con lo previsto, pero lo hemos preferido a cambiar todos los hoteles y planes del resto del viaje.<\/p>\n<hr \/>\n<p style=\"text-align: justify;\"><strong>Album de fotos<\/strong><\/p>\n<p style=\"text-align: justify;\"><a href=\"https:\/\/photos.app.goo.gl\/hJq8JxfGQ8akLDoU9\" target=\"_blank\" rel=\"noopener\"><img loading=\"lazy\" decoding=\"async\" class=\"size-medium wp-image-18393 aligncenter\" src=\"https:\/\/www.carlosyconchita.net\/rutas\/wp-content\/uploads\/2023\/05\/Albania-01-00047-300x169.jpg\" alt=\"\" width=\"300\" height=\"169\" srcset=\"https:\/\/www.carlosyconchita.net\/rutas\/wp-content\/uploads\/2023\/05\/Albania-01-00047-300x169.jpg 300w, https:\/\/www.carlosyconchita.net\/rutas\/wp-content\/uploads\/2023\/05\/Albania-01-00047-600x338.jpg 600w, https:\/\/www.carlosyconchita.net\/rutas\/wp-content\/uploads\/2023\/05\/Albania-01-00047-768x433.jpg 768w, https:\/\/www.carlosyconchita.net\/rutas\/wp-content\/uploads\/2023\/05\/Albania-01-00047.jpg 1024w\" sizes=\"auto, (max-width: 300px) 100vw, 300px\" \/><\/a><\/p>\n","protected":false},"excerpt":{"rendered":"<p>Hemos empezado un poco mal nuestro viaje, ya que debido a que nuestro avi\u00f3n llegaba a la 1 de la madrugada a Tirana, hab\u00edamos contratado un taxi a trav\u00e9s de Booking para llevarnos al hotel, que no se present\u00f3, por lo que despu\u00e9s de estar bastante rato esperando, cogimos uno de los que estaban en [&hellip;]<\/p>\n","protected":false},"author":50,"featured_media":18393,"comment_status":"closed","ping_status":"open","sticky":false,"template":"","format":"standard","meta":{"footnotes":""},"categories":[38,122],"tags":[],"class_list":{"0":"post-18392","1":"post","2":"type-post","3":"status-publish","4":"format-standard","5":"has-post-thumbnail","6":"hentry","7":"category-fotos","8":"category-albania","10":"post-with-thumbnail","11":"post-with-thumbnail-icon"},"yoast_head":"<!-- This site is optimized with the Yoast SEO plugin v27.5 - https:\/\/yoast.com\/product\/yoast-seo-wordpress\/ -->\n<title>11-05-2023-Aeropuerto, Kruj\u00eb y Shkod\u00ebr -<\/title>\n<meta name=\"robots\" content=\"index, follow, max-snippet:-1, max-image-preview:large, max-video-preview:-1\" \/>\n<link rel=\"canonical\" href=\"https:\/\/www.carlosyconchita.net\/rutas\/11-05-2023-aeropuerto-kruje-y-shkoder\/\" \/>\n<meta property=\"og:locale\" content=\"es_ES\" \/>\n<meta property=\"og:type\" content=\"article\" \/>\n<meta property=\"og:title\" content=\"11-05-2023-Aeropuerto, Kruj\u00eb y Shkod\u00ebr -\" \/>\n<meta property=\"og:description\" content=\"Hemos empezado un poco mal nuestro viaje, ya que debido a que nuestro avi\u00f3n llegaba a la 1 de la madrugada a Tirana, hab\u00edamos contratado un taxi a trav\u00e9s de Booking para llevarnos al hotel, que no se present\u00f3, por lo que despu\u00e9s de estar bastante rato esperando, cogimos uno de los que estaban en [&hellip;]\" \/>\n<meta property=\"og:url\" content=\"https:\/\/www.carlosyconchita.net\/rutas\/11-05-2023-aeropuerto-kruje-y-shkoder\/\" \/>\n<meta property=\"og:site_name\" content=\"Las rutas de Carlos y Conchita\" \/>\n<meta property=\"article:published_time\" content=\"2023-05-11T16:17:48+00:00\" \/>\n<meta property=\"article:modified_time\" content=\"2023-05-26T16:22:19+00:00\" \/>\n<meta property=\"og:image\" content=\"https:\/\/www.carlosyconchita.net\/rutas\/wp-content\/uploads\/2023\/05\/Albania-01-00047.jpg\" \/>\n\t<meta property=\"og:image:width\" content=\"1024\" \/>\n\t<meta property=\"og:image:height\" content=\"577\" \/>\n\t<meta property=\"og:image:type\" content=\"image\/jpeg\" \/>\n<meta name=\"author\" content=\"Carlos Conchita\" \/>\n<meta name=\"twitter:label1\" content=\"Escrito por\" \/>\n\t<meta name=\"twitter:data1\" content=\"Carlos Conchita\" \/>\n\t<meta name=\"twitter:label2\" content=\"Tiempo de lectura\" \/>\n\t<meta name=\"twitter:data2\" content=\"4 minutos\" \/>\n<script type=\"application\/ld+json\" class=\"yoast-schema-graph\">{\"@context\":\"https:\\\/\\\/schema.org\",\"@graph\":[{\"@type\":\"Article\",\"@id\":\"https:\\\/\\\/www.carlosyconchita.net\\\/rutas\\\/11-05-2023-aeropuerto-kruje-y-shkoder\\\/#article\",\"isPartOf\":{\"@id\":\"https:\\\/\\\/www.carlosyconchita.net\\\/rutas\\\/11-05-2023-aeropuerto-kruje-y-shkoder\\\/\"},\"author\":{\"name\":\"Carlos Conchita\",\"@id\":\"https:\\\/\\\/www.carlosyconchita.net\\\/rutas\\\/#\\\/schema\\\/person\\\/a9691f7258c28443fab2d3aa1479ea19\"},\"headline\":\"11-05-2023-Aeropuerto, Kruj\u00eb y Shkod\u00ebr\",\"datePublished\":\"2023-05-11T16:17:48+00:00\",\"dateModified\":\"2023-05-26T16:22:19+00:00\",\"mainEntityOfPage\":{\"@id\":\"https:\\\/\\\/www.carlosyconchita.net\\\/rutas\\\/11-05-2023-aeropuerto-kruje-y-shkoder\\\/\"},\"wordCount\":792,\"image\":{\"@id\":\"https:\\\/\\\/www.carlosyconchita.net\\\/rutas\\\/11-05-2023-aeropuerto-kruje-y-shkoder\\\/#primaryimage\"},\"thumbnailUrl\":\"https:\\\/\\\/www.carlosyconchita.net\\\/rutas\\\/wp-content\\\/uploads\\\/2023\\\/05\\\/Albania-01-00047.jpg\",\"articleSection\":[\"0-Fotos\",\"Albania\"],\"inLanguage\":\"es\"},{\"@type\":\"WebPage\",\"@id\":\"https:\\\/\\\/www.carlosyconchita.net\\\/rutas\\\/11-05-2023-aeropuerto-kruje-y-shkoder\\\/\",\"url\":\"https:\\\/\\\/www.carlosyconchita.net\\\/rutas\\\/11-05-2023-aeropuerto-kruje-y-shkoder\\\/\",\"name\":\"11-05-2023-Aeropuerto, Kruj\u00eb y Shkod\u00ebr -\",\"isPartOf\":{\"@id\":\"https:\\\/\\\/www.carlosyconchita.net\\\/rutas\\\/#website\"},\"primaryImageOfPage\":{\"@id\":\"https:\\\/\\\/www.carlosyconchita.net\\\/rutas\\\/11-05-2023-aeropuerto-kruje-y-shkoder\\\/#primaryimage\"},\"image\":{\"@id\":\"https:\\\/\\\/www.carlosyconchita.net\\\/rutas\\\/11-05-2023-aeropuerto-kruje-y-shkoder\\\/#primaryimage\"},\"thumbnailUrl\":\"https:\\\/\\\/www.carlosyconchita.net\\\/rutas\\\/wp-content\\\/uploads\\\/2023\\\/05\\\/Albania-01-00047.jpg\",\"datePublished\":\"2023-05-11T16:17:48+00:00\",\"dateModified\":\"2023-05-26T16:22:19+00:00\",\"author\":{\"@id\":\"https:\\\/\\\/www.carlosyconchita.net\\\/rutas\\\/#\\\/schema\\\/person\\\/a9691f7258c28443fab2d3aa1479ea19\"},\"breadcrumb\":{\"@id\":\"https:\\\/\\\/www.carlosyconchita.net\\\/rutas\\\/11-05-2023-aeropuerto-kruje-y-shkoder\\\/#breadcrumb\"},\"inLanguage\":\"es\",\"potentialAction\":[{\"@type\":\"ReadAction\",\"target\":[\"https:\\\/\\\/www.carlosyconchita.net\\\/rutas\\\/11-05-2023-aeropuerto-kruje-y-shkoder\\\/\"]}]},{\"@type\":\"ImageObject\",\"inLanguage\":\"es\",\"@id\":\"https:\\\/\\\/www.carlosyconchita.net\\\/rutas\\\/11-05-2023-aeropuerto-kruje-y-shkoder\\\/#primaryimage\",\"url\":\"https:\\\/\\\/www.carlosyconchita.net\\\/rutas\\\/wp-content\\\/uploads\\\/2023\\\/05\\\/Albania-01-00047.jpg\",\"contentUrl\":\"https:\\\/\\\/www.carlosyconchita.net\\\/rutas\\\/wp-content\\\/uploads\\\/2023\\\/05\\\/Albania-01-00047.jpg\",\"width\":1024,\"height\":577},{\"@type\":\"BreadcrumbList\",\"@id\":\"https:\\\/\\\/www.carlosyconchita.net\\\/rutas\\\/11-05-2023-aeropuerto-kruje-y-shkoder\\\/#breadcrumb\",\"itemListElement\":[{\"@type\":\"ListItem\",\"position\":1,\"name\":\"Portada\",\"item\":\"https:\\\/\\\/www.carlosyconchita.net\\\/rutas\\\/\"},{\"@type\":\"ListItem\",\"position\":2,\"name\":\"11-05-2023-Aeropuerto, Kruj\u00eb y Shkod\u00ebr\"}]},{\"@type\":\"WebSite\",\"@id\":\"https:\\\/\\\/www.carlosyconchita.net\\\/rutas\\\/#website\",\"url\":\"https:\\\/\\\/www.carlosyconchita.net\\\/rutas\\\/\",\"name\":\"Las rutas de Carlos y Conchita\",\"description\":\"\",\"potentialAction\":[{\"@type\":\"SearchAction\",\"target\":{\"@type\":\"EntryPoint\",\"urlTemplate\":\"https:\\\/\\\/www.carlosyconchita.net\\\/rutas\\\/?s={search_term_string}\"},\"query-input\":{\"@type\":\"PropertyValueSpecification\",\"valueRequired\":true,\"valueName\":\"search_term_string\"}}],\"inLanguage\":\"es\"},{\"@type\":\"Person\",\"@id\":\"https:\\\/\\\/www.carlosyconchita.net\\\/rutas\\\/#\\\/schema\\\/person\\\/a9691f7258c28443fab2d3aa1479ea19\",\"name\":\"Carlos Conchita\",\"image\":{\"@type\":\"ImageObject\",\"inLanguage\":\"es\",\"@id\":\"https:\\\/\\\/secure.gravatar.com\\\/avatar\\\/3a4625b20c8da3de99da69bfe7a322774e291c3f90dce7e8778a30fe6748ed1a?s=96&d=mm&r=g\",\"url\":\"https:\\\/\\\/secure.gravatar.com\\\/avatar\\\/3a4625b20c8da3de99da69bfe7a322774e291c3f90dce7e8778a30fe6748ed1a?s=96&d=mm&r=g\",\"contentUrl\":\"https:\\\/\\\/secure.gravatar.com\\\/avatar\\\/3a4625b20c8da3de99da69bfe7a322774e291c3f90dce7e8778a30fe6748ed1a?s=96&d=mm&r=g\",\"caption\":\"Carlos Conchita\"}}]}<\/script>\n<!-- \/ Yoast SEO plugin. -->","yoast_head_json":{"title":"11-05-2023-Aeropuerto, Kruj\u00eb y Shkod\u00ebr -","robots":{"index":"index","follow":"follow","max-snippet":"max-snippet:-1","max-image-preview":"max-image-preview:large","max-video-preview":"max-video-preview:-1"},"canonical":"https:\/\/www.carlosyconchita.net\/rutas\/11-05-2023-aeropuerto-kruje-y-shkoder\/","og_locale":"es_ES","og_type":"article","og_title":"11-05-2023-Aeropuerto, Kruj\u00eb y Shkod\u00ebr -","og_description":"Hemos empezado un poco mal nuestro viaje, ya que debido a que nuestro avi\u00f3n llegaba a la 1 de la madrugada a Tirana, hab\u00edamos contratado un taxi a trav\u00e9s de Booking para llevarnos al hotel, que no se present\u00f3, por lo que despu\u00e9s de estar bastante rato esperando, cogimos uno de los que estaban en [&hellip;]","og_url":"https:\/\/www.carlosyconchita.net\/rutas\/11-05-2023-aeropuerto-kruje-y-shkoder\/","og_site_name":"Las rutas de Carlos y Conchita","article_published_time":"2023-05-11T16:17:48+00:00","article_modified_time":"2023-05-26T16:22:19+00:00","og_image":[{"width":1024,"height":577,"url":"https:\/\/www.carlosyconchita.net\/rutas\/wp-content\/uploads\/2023\/05\/Albania-01-00047.jpg","type":"image\/jpeg"}],"author":"Carlos Conchita","twitter_misc":{"Escrito por":"Carlos Conchita","Tiempo de lectura":"4 minutos"},"schema":{"@context":"https:\/\/schema.org","@graph":[{"@type":"Article","@id":"https:\/\/www.carlosyconchita.net\/rutas\/11-05-2023-aeropuerto-kruje-y-shkoder\/#article","isPartOf":{"@id":"https:\/\/www.carlosyconchita.net\/rutas\/11-05-2023-aeropuerto-kruje-y-shkoder\/"},"author":{"name":"Carlos Conchita","@id":"https:\/\/www.carlosyconchita.net\/rutas\/#\/schema\/person\/a9691f7258c28443fab2d3aa1479ea19"},"headline":"11-05-2023-Aeropuerto, Kruj\u00eb y Shkod\u00ebr","datePublished":"2023-05-11T16:17:48+00:00","dateModified":"2023-05-26T16:22:19+00:00","mainEntityOfPage":{"@id":"https:\/\/www.carlosyconchita.net\/rutas\/11-05-2023-aeropuerto-kruje-y-shkoder\/"},"wordCount":792,"image":{"@id":"https:\/\/www.carlosyconchita.net\/rutas\/11-05-2023-aeropuerto-kruje-y-shkoder\/#primaryimage"},"thumbnailUrl":"https:\/\/www.carlosyconchita.net\/rutas\/wp-content\/uploads\/2023\/05\/Albania-01-00047.jpg","articleSection":["0-Fotos","Albania"],"inLanguage":"es"},{"@type":"WebPage","@id":"https:\/\/www.carlosyconchita.net\/rutas\/11-05-2023-aeropuerto-kruje-y-shkoder\/","url":"https:\/\/www.carlosyconchita.net\/rutas\/11-05-2023-aeropuerto-kruje-y-shkoder\/","name":"11-05-2023-Aeropuerto, Kruj\u00eb y Shkod\u00ebr -","isPartOf":{"@id":"https:\/\/www.carlosyconchita.net\/rutas\/#website"},"primaryImageOfPage":{"@id":"https:\/\/www.carlosyconchita.net\/rutas\/11-05-2023-aeropuerto-kruje-y-shkoder\/#primaryimage"},"image":{"@id":"https:\/\/www.carlosyconchita.net\/rutas\/11-05-2023-aeropuerto-kruje-y-shkoder\/#primaryimage"},"thumbnailUrl":"https:\/\/www.carlosyconchita.net\/rutas\/wp-content\/uploads\/2023\/05\/Albania-01-00047.jpg","datePublished":"2023-05-11T16:17:48+00:00","dateModified":"2023-05-26T16:22:19+00:00","author":{"@id":"https:\/\/www.carlosyconchita.net\/rutas\/#\/schema\/person\/a9691f7258c28443fab2d3aa1479ea19"},"breadcrumb":{"@id":"https:\/\/www.carlosyconchita.net\/rutas\/11-05-2023-aeropuerto-kruje-y-shkoder\/#breadcrumb"},"inLanguage":"es","potentialAction":[{"@type":"ReadAction","target":["https:\/\/www.carlosyconchita.net\/rutas\/11-05-2023-aeropuerto-kruje-y-shkoder\/"]}]},{"@type":"ImageObject","inLanguage":"es","@id":"https:\/\/www.carlosyconchita.net\/rutas\/11-05-2023-aeropuerto-kruje-y-shkoder\/#primaryimage","url":"https:\/\/www.carlosyconchita.net\/rutas\/wp-content\/uploads\/2023\/05\/Albania-01-00047.jpg","contentUrl":"https:\/\/www.carlosyconchita.net\/rutas\/wp-content\/uploads\/2023\/05\/Albania-01-00047.jpg","width":1024,"height":577},{"@type":"BreadcrumbList","@id":"https:\/\/www.carlosyconchita.net\/rutas\/11-05-2023-aeropuerto-kruje-y-shkoder\/#breadcrumb","itemListElement":[{"@type":"ListItem","position":1,"name":"Portada","item":"https:\/\/www.carlosyconchita.net\/rutas\/"},{"@type":"ListItem","position":2,"name":"11-05-2023-Aeropuerto, Kruj\u00eb y Shkod\u00ebr"}]},{"@type":"WebSite","@id":"https:\/\/www.carlosyconchita.net\/rutas\/#website","url":"https:\/\/www.carlosyconchita.net\/rutas\/","name":"Las rutas de Carlos y Conchita","description":"","potentialAction":[{"@type":"SearchAction","target":{"@type":"EntryPoint","urlTemplate":"https:\/\/www.carlosyconchita.net\/rutas\/?s={search_term_string}"},"query-input":{"@type":"PropertyValueSpecification","valueRequired":true,"valueName":"search_term_string"}}],"inLanguage":"es"},{"@type":"Person","@id":"https:\/\/www.carlosyconchita.net\/rutas\/#\/schema\/person\/a9691f7258c28443fab2d3aa1479ea19","name":"Carlos Conchita","image":{"@type":"ImageObject","inLanguage":"es","@id":"https:\/\/secure.gravatar.com\/avatar\/3a4625b20c8da3de99da69bfe7a322774e291c3f90dce7e8778a30fe6748ed1a?s=96&d=mm&r=g","url":"https:\/\/secure.gravatar.com\/avatar\/3a4625b20c8da3de99da69bfe7a322774e291c3f90dce7e8778a30fe6748ed1a?s=96&d=mm&r=g","contentUrl":"https:\/\/secure.gravatar.com\/avatar\/3a4625b20c8da3de99da69bfe7a322774e291c3f90dce7e8778a30fe6748ed1a?s=96&d=mm&r=g","caption":"Carlos Conchita"}}]}},"_links":{"self":[{"href":"https:\/\/www.carlosyconchita.net\/rutas\/wp-json\/wp\/v2\/posts\/18392","targetHints":{"allow":["GET"]}}],"collection":[{"href":"https:\/\/www.carlosyconchita.net\/rutas\/wp-json\/wp\/v2\/posts"}],"about":[{"href":"https:\/\/www.carlosyconchita.net\/rutas\/wp-json\/wp\/v2\/types\/post"}],"author":[{"embeddable":true,"href":"https:\/\/www.carlosyconchita.net\/rutas\/wp-json\/wp\/v2\/users\/50"}],"replies":[{"embeddable":true,"href":"https:\/\/www.carlosyconchita.net\/rutas\/wp-json\/wp\/v2\/comments?post=18392"}],"version-history":[{"count":0,"href":"https:\/\/www.carlosyconchita.net\/rutas\/wp-json\/wp\/v2\/posts\/18392\/revisions"}],"wp:featuredmedia":[{"embeddable":true,"href":"https:\/\/www.carlosyconchita.net\/rutas\/wp-json\/wp\/v2\/media\/18393"}],"wp:attachment":[{"href":"https:\/\/www.carlosyconchita.net\/rutas\/wp-json\/wp\/v2\/media?parent=18392"}],"wp:term":[{"taxonomy":"category","embeddable":true,"href":"https:\/\/www.carlosyconchita.net\/rutas\/wp-json\/wp\/v2\/categories?post=18392"},{"taxonomy":"post_tag","embeddable":true,"href":"https:\/\/www.carlosyconchita.net\/rutas\/wp-json\/wp\/v2\/tags?post=18392"}],"curies":[{"name":"wp","href":"https:\/\/api.w.org\/{rel}","templated":true}]}}