{"id":18450,"date":"2023-05-15T17:39:16","date_gmt":"2023-05-15T16:39:16","guid":{"rendered":"https:\/\/www.carlosyconchita.net\/rutas\/?p=18450"},"modified":"2023-05-26T17:19:09","modified_gmt":"2023-05-26T16:19:09","slug":"15-05-2023-castillo-de-berat-vlore-permet-y-lesce","status":"publish","type":"post","link":"https:\/\/www.carlosyconchita.net\/rutas\/15-05-2023-castillo-de-berat-vlore-permet-y-lesce\/","title":{"rendered":"15-05-2023-Castillo de Berat, Vlor\u00eb, P\u00ebrmet y Leus\u00eb"},"content":{"rendered":"<p style=\"text-align: justify;\">Desde el hotel donde hemos estado esta noche, vamos caminando al Castillo de Berat para visitarlo, ya que est\u00e1bamos a unos pocos metros.<\/p>\n<p style=\"text-align: justify;\">Despu\u00e9s , ya con el coche nos vamos a Vlor\u00eb, donde damos s\u00f3lo un peque\u00f1o paseo, ya que hoy tenemos que hacer bastantes kil\u00f3metros para llegar a P\u00ebrmet, en donde hemos subido a la Roca o Piedra de P\u00ebrmet, que es un enorme monolito de piedra en el centro de la ciudad con 42 metros de altura, y tambi\u00e9n alg\u00fan bunker de la \u00e9poca comunista.<\/p>\n<p style=\"text-align: justify;\">Esta noche dormimos en Leus\u00eb,\u00a0 muy cerca de P\u00ebrmet , en donde iremos a una bonita \u00abcasa rural\u00bb en la monta\u00f1a , situado en un peque\u00f1o pueblo, si es que se le puede llamar as\u00ed, compuesto de un grupo de viejas casas de piedra y establos de cabras, pero a la que s\u00f3lo se puede llegar en 4&#215;4, por lo que el due\u00f1o de la misma, nos tuvo que bajar a recoger a P\u00ebrmet con su 4&#215;4 .<\/p>\n<p style=\"text-align: justify;\">En el recorrido de subida a la casa, hemos visto entre los \u00e1rboles, la iglesia de Santa Mar\u00eda, que ten\u00edamos en nuestra \u00ablista\u00bb, pero que no sab\u00edamos que estaba all\u00ed tan cerca, por lo que despu\u00e9s de dejar las maletas en la habitaci\u00f3n, y como que no llov\u00eda mucho, hemos bajado unos pocos metros por los estrechos caminos entre las antiguas casas de piedra y establos, para llegar hasta la iglesia, que es muy bonita, y bastante bien conservada a pesar de estar en un sitio aparentemente muy apartado y escondido entre el bosque.<\/p>\n<p>Despu\u00e9s de las consabidas fotos, cuando ya sub\u00edamos de nuevo a la casa, llegaba a ese punto el due\u00f1o de la casa con su 4&#215;4, que hab\u00eda recogido a otros turistas en P\u00ebrmet, que nos dijo que esper\u00e1ramos un poco que iba a buscar las llaves de la iglesia, y as\u00ed podr\u00edamos verla por dentro. <strong>(Ver track del recorrido m\u00e1s abajo)<\/strong><\/p>\n<p>Como se puede ver en el track,\u00a0 a la ida hemos bajado en l\u00ednea recta por los estrechos \u00abcallejones\u00bb entre las casas, pero a la vuelta, para estirar un poco las piernas, hemos subido por el camino por donde puede pasar un 4&#215;4, algo m\u00e1s largo.<\/p>\n<p style=\"text-align: justify;\">La cena del d\u00eda de hoy y el desayuno de ma\u00f1ana, han sido comidas tradicionales de Albania, y al igual que en el resto de sitios y gente con la que hemos hablado estos d\u00edas, hay que destacar la gran amabilidad de toda la gente, siempre dispuesta a ayudarte,<\/p>\n<p style=\"text-align: justify;\">Tenemos que decir que por la situaci\u00f3n de este alojamiento, hemos tenido alg\u00fan problema, ya que cuando hicimos la reserva para esta noche, no vimos por ning\u00fan lado que no se pod\u00eda subir con un coche normal, sino solamente que estaba a unos pocos kil\u00f3metros de P\u00ebrmet, pero eso lo comentamos en la publicaci\u00f3n de ma\u00f1ana d\u00eda 16.<\/p>\n<hr \/>\n<p><strong>Album de fotos del castillo de Berat<\/strong><\/p>\n<p><a href=\"https:\/\/photos.app.goo.gl\/Y9zrpP9svC5NkcVK9\" target=\"_blank\" rel=\"noopener\"><img loading=\"lazy\" decoding=\"async\" class=\"size-medium wp-image-18451 aligncenter\" src=\"https:\/\/www.carlosyconchita.net\/rutas\/wp-content\/uploads\/2023\/05\/Albania-05-00002-2-300x169.jpg\" alt=\"\" width=\"300\" height=\"169\" srcset=\"https:\/\/www.carlosyconchita.net\/rutas\/wp-content\/uploads\/2023\/05\/Albania-05-00002-2-300x169.jpg 300w, https:\/\/www.carlosyconchita.net\/rutas\/wp-content\/uploads\/2023\/05\/Albania-05-00002-2-600x338.jpg 600w, https:\/\/www.carlosyconchita.net\/rutas\/wp-content\/uploads\/2023\/05\/Albania-05-00002-2-768x433.jpg 768w, https:\/\/www.carlosyconchita.net\/rutas\/wp-content\/uploads\/2023\/05\/Albania-05-00002-2.jpg 1024w\" sizes=\"auto, (max-width: 300px) 100vw, 300px\" \/><\/a><\/p>\n<p>&nbsp;<\/p>\n<hr \/>\n<p><strong>Album de fotos ruta Vlore y Permet<\/strong><\/p>\n<p><a href=\"https:\/\/photos.app.goo.gl\/gYDY6i7yLG2AswpF8\" target=\"_blank\" rel=\"noopener\"><img loading=\"lazy\" decoding=\"async\" class=\"size-medium wp-image-18457 aligncenter\" src=\"https:\/\/www.carlosyconchita.net\/rutas\/wp-content\/uploads\/2023\/05\/Albania-05-00051-300x169.jpg\" alt=\"\" width=\"300\" height=\"169\" srcset=\"https:\/\/www.carlosyconchita.net\/rutas\/wp-content\/uploads\/2023\/05\/Albania-05-00051-300x169.jpg 300w, https:\/\/www.carlosyconchita.net\/rutas\/wp-content\/uploads\/2023\/05\/Albania-05-00051-600x338.jpg 600w, https:\/\/www.carlosyconchita.net\/rutas\/wp-content\/uploads\/2023\/05\/Albania-05-00051-768x433.jpg 768w, https:\/\/www.carlosyconchita.net\/rutas\/wp-content\/uploads\/2023\/05\/Albania-05-00051.jpg 1024w\" sizes=\"auto, (max-width: 300px) 100vw, 300px\" \/><\/a><\/p>\n<hr \/>\n<p><strong>Album de fotos Iglesia Santa Mar\u00eda de Leus\u00eb<\/strong><\/p>\n<p>&nbsp;<\/p>\n<p><a href=\"https:\/\/photos.app.goo.gl\/pV4nfvRMJz769GrN7\" target=\"_blank\" rel=\"noopener\"><img loading=\"lazy\" decoding=\"async\" class=\"size-medium wp-image-18458 aligncenter\" src=\"https:\/\/www.carlosyconchita.net\/rutas\/wp-content\/uploads\/2023\/05\/Albania-05-00089-300x169.jpg\" alt=\"\" width=\"300\" height=\"169\" srcset=\"https:\/\/www.carlosyconchita.net\/rutas\/wp-content\/uploads\/2023\/05\/Albania-05-00089-300x169.jpg 300w, https:\/\/www.carlosyconchita.net\/rutas\/wp-content\/uploads\/2023\/05\/Albania-05-00089-600x338.jpg 600w, https:\/\/www.carlosyconchita.net\/rutas\/wp-content\/uploads\/2023\/05\/Albania-05-00089-768x433.jpg 768w, https:\/\/www.carlosyconchita.net\/rutas\/wp-content\/uploads\/2023\/05\/Albania-05-00089.jpg 1024w\" sizes=\"auto, (max-width: 300px) 100vw, 300px\" \/><\/a><\/p>\n<hr \/>\n<h4><strong>Mapa y track de la ruta a la Iglesia de Santa Mar\u00eda de Leus\u00eb<br \/>\n<\/strong><\/h4>\n<p style=\"text-align: center;\"><strong><span style=\"color: #ff0000;\">Pulsando sobre los waypoints del mapa, se puede ver una foto del sitio.<\/span><\/strong><\/p>\n<p>&nbsp;<\/p>\n<p><a href=\"https:\/\/www.carlosyconchita.net\/rutas\/wp-content\/uploads\/gpx\/SantaMaria-Albania.html\" target=\"_blank\" rel=\"noopener\"><img loading=\"lazy\" decoding=\"async\" class=\"aligncenter wp-image-16466\" src=\"https:\/\/www.carlosyconchita.net\/rutas\/wp-content\/uploads\/2021\/09\/mapa2.jpg\" alt=\"\" width=\"0185\" height=\"185\" srcset=\"https:\/\/www.carlosyconchita.net\/rutas\/wp-content\/uploads\/2021\/09\/mapa2.jpg 225w, https:\/\/www.carlosyconchita.net\/rutas\/wp-content\/uploads\/2021\/09\/mapa2-120x120.jpg 120w\" sizes=\"auto, (max-width: 185px) 100vw, 185px\" \/><\/a><\/p>\n<hr \/>\n<p><strong>Wikiloc\u00a0\u00a0\u00a0 <\/strong><strong><br \/>\n<\/strong><\/p>\n<p><a href=\"https:\/\/es.wikiloc.com\/rutas-senderismo\/iglesia-de-santa-maria-leuse-albania-135837930\" target=\"_blank\" rel=\"noopener\"><img loading=\"lazy\" decoding=\"async\" class=\"aligncenter size-full wp-image-958\" src=\"https:\/\/www.carlosyconchita.net\/rutas\/wp-content\/uploads\/2020\/09\/wikiloc.jpg\" alt=\"\" width=\"117\" height=\"34\" \/><\/a><\/p>\n<p>&nbsp;<\/p>\n<hr \/>\n<p style=\"text-align: justify;\"><span style=\"color: #ff0000; background-color: #ffffff; font-size: 14pt;\"><strong>Si te ha gustado, comp\u00e1rtelo en tu red favorita o env\u00edanos tu comentario.<br \/>\n<\/strong><\/span><\/p>\n<p style=\"text-align: justify;\"><span style=\"font-size: 14pt;\"><strong><span style=\"color: #ff0000;\">Muchas gracias !<\/span><\/strong><\/span><\/p>\n","protected":false},"excerpt":{"rendered":"<p>Desde el hotel donde hemos estado esta noche, vamos caminando al Castillo de Berat para visitarlo, ya que est\u00e1bamos a unos pocos metros. Despu\u00e9s , ya con el coche nos vamos a Vlor\u00eb, donde damos s\u00f3lo un peque\u00f1o paseo, ya que hoy tenemos que hacer bastantes kil\u00f3metros para llegar a P\u00ebrmet, en donde hemos subido [&hellip;]<\/p>\n","protected":false},"author":50,"featured_media":18451,"comment_status":"closed","ping_status":"open","sticky":false,"template":"","format":"standard","meta":{"footnotes":""},"categories":[122],"tags":[],"class_list":{"0":"post-18450","1":"post","2":"type-post","3":"status-publish","4":"format-standard","5":"has-post-thumbnail","6":"hentry","7":"category-albania","9":"post-with-thumbnail","10":"post-with-thumbnail-icon"},"yoast_head":"<!-- This site is optimized with the Yoast SEO plugin v27.4 - https:\/\/yoast.com\/product\/yoast-seo-wordpress\/ -->\n<title>15-05-2023-Castillo de Berat, Vlor\u00eb, P\u00ebrmet y Leus\u00eb -<\/title>\n<meta name=\"robots\" content=\"index, follow, max-snippet:-1, max-image-preview:large, max-video-preview:-1\" \/>\n<link rel=\"canonical\" href=\"https:\/\/www.carlosyconchita.net\/rutas\/15-05-2023-castillo-de-berat-vlore-permet-y-lesce\/\" \/>\n<meta property=\"og:locale\" content=\"es_ES\" \/>\n<meta property=\"og:type\" content=\"article\" \/>\n<meta property=\"og:title\" content=\"15-05-2023-Castillo de Berat, Vlor\u00eb, P\u00ebrmet y Leus\u00eb -\" \/>\n<meta property=\"og:description\" content=\"Desde el hotel donde hemos estado esta noche, vamos caminando al Castillo de Berat para visitarlo, ya que est\u00e1bamos a unos pocos metros. Despu\u00e9s , ya con el coche nos vamos a Vlor\u00eb, donde damos s\u00f3lo un peque\u00f1o paseo, ya que hoy tenemos que hacer bastantes kil\u00f3metros para llegar a P\u00ebrmet, en donde hemos subido [&hellip;]\" \/>\n<meta property=\"og:url\" content=\"https:\/\/www.carlosyconchita.net\/rutas\/15-05-2023-castillo-de-berat-vlore-permet-y-lesce\/\" \/>\n<meta property=\"og:site_name\" content=\"Las rutas de Carlos y Conchita\" \/>\n<meta property=\"article:published_time\" content=\"2023-05-15T16:39:16+00:00\" \/>\n<meta property=\"article:modified_time\" content=\"2023-05-26T16:19:09+00:00\" \/>\n<meta property=\"og:image\" content=\"https:\/\/www.carlosyconchita.net\/rutas\/wp-content\/uploads\/2023\/05\/Albania-05-00002-2.jpg\" \/>\n\t<meta property=\"og:image:width\" content=\"1024\" \/>\n\t<meta property=\"og:image:height\" content=\"577\" \/>\n\t<meta property=\"og:image:type\" content=\"image\/jpeg\" \/>\n<meta name=\"author\" content=\"Carlos Conchita\" \/>\n<meta name=\"twitter:label1\" content=\"Escrito por\" \/>\n\t<meta name=\"twitter:data1\" content=\"Carlos Conchita\" \/>\n\t<meta name=\"twitter:label2\" content=\"Tiempo de lectura\" \/>\n\t<meta name=\"twitter:data2\" content=\"4 minutos\" \/>\n<script type=\"application\/ld+json\" class=\"yoast-schema-graph\">{\"@context\":\"https:\\\/\\\/schema.org\",\"@graph\":[{\"@type\":\"Article\",\"@id\":\"https:\\\/\\\/www.carlosyconchita.net\\\/rutas\\\/15-05-2023-castillo-de-berat-vlore-permet-y-lesce\\\/#article\",\"isPartOf\":{\"@id\":\"https:\\\/\\\/www.carlosyconchita.net\\\/rutas\\\/15-05-2023-castillo-de-berat-vlore-permet-y-lesce\\\/\"},\"author\":{\"name\":\"Carlos Conchita\",\"@id\":\"https:\\\/\\\/www.carlosyconchita.net\\\/rutas\\\/#\\\/schema\\\/person\\\/a9691f7258c28443fab2d3aa1479ea19\"},\"headline\":\"15-05-2023-Castillo de Berat, Vlor\u00eb, P\u00ebrmet y Leus\u00eb\",\"datePublished\":\"2023-05-15T16:39:16+00:00\",\"dateModified\":\"2023-05-26T16:19:09+00:00\",\"mainEntityOfPage\":{\"@id\":\"https:\\\/\\\/www.carlosyconchita.net\\\/rutas\\\/15-05-2023-castillo-de-berat-vlore-permet-y-lesce\\\/\"},\"wordCount\":594,\"image\":{\"@id\":\"https:\\\/\\\/www.carlosyconchita.net\\\/rutas\\\/15-05-2023-castillo-de-berat-vlore-permet-y-lesce\\\/#primaryimage\"},\"thumbnailUrl\":\"https:\\\/\\\/www.carlosyconchita.net\\\/rutas\\\/wp-content\\\/uploads\\\/2023\\\/05\\\/Albania-05-00002-2.jpg\",\"articleSection\":[\"Albania\"],\"inLanguage\":\"es\"},{\"@type\":\"WebPage\",\"@id\":\"https:\\\/\\\/www.carlosyconchita.net\\\/rutas\\\/15-05-2023-castillo-de-berat-vlore-permet-y-lesce\\\/\",\"url\":\"https:\\\/\\\/www.carlosyconchita.net\\\/rutas\\\/15-05-2023-castillo-de-berat-vlore-permet-y-lesce\\\/\",\"name\":\"15-05-2023-Castillo de Berat, Vlor\u00eb, P\u00ebrmet y Leus\u00eb -\",\"isPartOf\":{\"@id\":\"https:\\\/\\\/www.carlosyconchita.net\\\/rutas\\\/#website\"},\"primaryImageOfPage\":{\"@id\":\"https:\\\/\\\/www.carlosyconchita.net\\\/rutas\\\/15-05-2023-castillo-de-berat-vlore-permet-y-lesce\\\/#primaryimage\"},\"image\":{\"@id\":\"https:\\\/\\\/www.carlosyconchita.net\\\/rutas\\\/15-05-2023-castillo-de-berat-vlore-permet-y-lesce\\\/#primaryimage\"},\"thumbnailUrl\":\"https:\\\/\\\/www.carlosyconchita.net\\\/rutas\\\/wp-content\\\/uploads\\\/2023\\\/05\\\/Albania-05-00002-2.jpg\",\"datePublished\":\"2023-05-15T16:39:16+00:00\",\"dateModified\":\"2023-05-26T16:19:09+00:00\",\"author\":{\"@id\":\"https:\\\/\\\/www.carlosyconchita.net\\\/rutas\\\/#\\\/schema\\\/person\\\/a9691f7258c28443fab2d3aa1479ea19\"},\"breadcrumb\":{\"@id\":\"https:\\\/\\\/www.carlosyconchita.net\\\/rutas\\\/15-05-2023-castillo-de-berat-vlore-permet-y-lesce\\\/#breadcrumb\"},\"inLanguage\":\"es\",\"potentialAction\":[{\"@type\":\"ReadAction\",\"target\":[\"https:\\\/\\\/www.carlosyconchita.net\\\/rutas\\\/15-05-2023-castillo-de-berat-vlore-permet-y-lesce\\\/\"]}]},{\"@type\":\"ImageObject\",\"inLanguage\":\"es\",\"@id\":\"https:\\\/\\\/www.carlosyconchita.net\\\/rutas\\\/15-05-2023-castillo-de-berat-vlore-permet-y-lesce\\\/#primaryimage\",\"url\":\"https:\\\/\\\/www.carlosyconchita.net\\\/rutas\\\/wp-content\\\/uploads\\\/2023\\\/05\\\/Albania-05-00002-2.jpg\",\"contentUrl\":\"https:\\\/\\\/www.carlosyconchita.net\\\/rutas\\\/wp-content\\\/uploads\\\/2023\\\/05\\\/Albania-05-00002-2.jpg\",\"width\":1024,\"height\":577},{\"@type\":\"BreadcrumbList\",\"@id\":\"https:\\\/\\\/www.carlosyconchita.net\\\/rutas\\\/15-05-2023-castillo-de-berat-vlore-permet-y-lesce\\\/#breadcrumb\",\"itemListElement\":[{\"@type\":\"ListItem\",\"position\":1,\"name\":\"Portada\",\"item\":\"https:\\\/\\\/www.carlosyconchita.net\\\/rutas\\\/\"},{\"@type\":\"ListItem\",\"position\":2,\"name\":\"15-05-2023-Castillo de Berat, Vlor\u00eb, P\u00ebrmet y Leus\u00eb\"}]},{\"@type\":\"WebSite\",\"@id\":\"https:\\\/\\\/www.carlosyconchita.net\\\/rutas\\\/#website\",\"url\":\"https:\\\/\\\/www.carlosyconchita.net\\\/rutas\\\/\",\"name\":\"Las rutas de Carlos y Conchita\",\"description\":\"\",\"potentialAction\":[{\"@type\":\"SearchAction\",\"target\":{\"@type\":\"EntryPoint\",\"urlTemplate\":\"https:\\\/\\\/www.carlosyconchita.net\\\/rutas\\\/?s={search_term_string}\"},\"query-input\":{\"@type\":\"PropertyValueSpecification\",\"valueRequired\":true,\"valueName\":\"search_term_string\"}}],\"inLanguage\":\"es\"},{\"@type\":\"Person\",\"@id\":\"https:\\\/\\\/www.carlosyconchita.net\\\/rutas\\\/#\\\/schema\\\/person\\\/a9691f7258c28443fab2d3aa1479ea19\",\"name\":\"Carlos Conchita\",\"image\":{\"@type\":\"ImageObject\",\"inLanguage\":\"es\",\"@id\":\"https:\\\/\\\/secure.gravatar.com\\\/avatar\\\/3a4625b20c8da3de99da69bfe7a322774e291c3f90dce7e8778a30fe6748ed1a?s=96&d=mm&r=g\",\"url\":\"https:\\\/\\\/secure.gravatar.com\\\/avatar\\\/3a4625b20c8da3de99da69bfe7a322774e291c3f90dce7e8778a30fe6748ed1a?s=96&d=mm&r=g\",\"contentUrl\":\"https:\\\/\\\/secure.gravatar.com\\\/avatar\\\/3a4625b20c8da3de99da69bfe7a322774e291c3f90dce7e8778a30fe6748ed1a?s=96&d=mm&r=g\",\"caption\":\"Carlos Conchita\"}}]}<\/script>\n<!-- \/ Yoast SEO plugin. -->","yoast_head_json":{"title":"15-05-2023-Castillo de Berat, Vlor\u00eb, P\u00ebrmet y Leus\u00eb -","robots":{"index":"index","follow":"follow","max-snippet":"max-snippet:-1","max-image-preview":"max-image-preview:large","max-video-preview":"max-video-preview:-1"},"canonical":"https:\/\/www.carlosyconchita.net\/rutas\/15-05-2023-castillo-de-berat-vlore-permet-y-lesce\/","og_locale":"es_ES","og_type":"article","og_title":"15-05-2023-Castillo de Berat, Vlor\u00eb, P\u00ebrmet y Leus\u00eb -","og_description":"Desde el hotel donde hemos estado esta noche, vamos caminando al Castillo de Berat para visitarlo, ya que est\u00e1bamos a unos pocos metros. Despu\u00e9s , ya con el coche nos vamos a Vlor\u00eb, donde damos s\u00f3lo un peque\u00f1o paseo, ya que hoy tenemos que hacer bastantes kil\u00f3metros para llegar a P\u00ebrmet, en donde hemos subido [&hellip;]","og_url":"https:\/\/www.carlosyconchita.net\/rutas\/15-05-2023-castillo-de-berat-vlore-permet-y-lesce\/","og_site_name":"Las rutas de Carlos y Conchita","article_published_time":"2023-05-15T16:39:16+00:00","article_modified_time":"2023-05-26T16:19:09+00:00","og_image":[{"width":1024,"height":577,"url":"https:\/\/www.carlosyconchita.net\/rutas\/wp-content\/uploads\/2023\/05\/Albania-05-00002-2.jpg","type":"image\/jpeg"}],"author":"Carlos Conchita","twitter_misc":{"Escrito por":"Carlos Conchita","Tiempo de lectura":"4 minutos"},"schema":{"@context":"https:\/\/schema.org","@graph":[{"@type":"Article","@id":"https:\/\/www.carlosyconchita.net\/rutas\/15-05-2023-castillo-de-berat-vlore-permet-y-lesce\/#article","isPartOf":{"@id":"https:\/\/www.carlosyconchita.net\/rutas\/15-05-2023-castillo-de-berat-vlore-permet-y-lesce\/"},"author":{"name":"Carlos Conchita","@id":"https:\/\/www.carlosyconchita.net\/rutas\/#\/schema\/person\/a9691f7258c28443fab2d3aa1479ea19"},"headline":"15-05-2023-Castillo de Berat, Vlor\u00eb, P\u00ebrmet y Leus\u00eb","datePublished":"2023-05-15T16:39:16+00:00","dateModified":"2023-05-26T16:19:09+00:00","mainEntityOfPage":{"@id":"https:\/\/www.carlosyconchita.net\/rutas\/15-05-2023-castillo-de-berat-vlore-permet-y-lesce\/"},"wordCount":594,"image":{"@id":"https:\/\/www.carlosyconchita.net\/rutas\/15-05-2023-castillo-de-berat-vlore-permet-y-lesce\/#primaryimage"},"thumbnailUrl":"https:\/\/www.carlosyconchita.net\/rutas\/wp-content\/uploads\/2023\/05\/Albania-05-00002-2.jpg","articleSection":["Albania"],"inLanguage":"es"},{"@type":"WebPage","@id":"https:\/\/www.carlosyconchita.net\/rutas\/15-05-2023-castillo-de-berat-vlore-permet-y-lesce\/","url":"https:\/\/www.carlosyconchita.net\/rutas\/15-05-2023-castillo-de-berat-vlore-permet-y-lesce\/","name":"15-05-2023-Castillo de Berat, Vlor\u00eb, P\u00ebrmet y Leus\u00eb -","isPartOf":{"@id":"https:\/\/www.carlosyconchita.net\/rutas\/#website"},"primaryImageOfPage":{"@id":"https:\/\/www.carlosyconchita.net\/rutas\/15-05-2023-castillo-de-berat-vlore-permet-y-lesce\/#primaryimage"},"image":{"@id":"https:\/\/www.carlosyconchita.net\/rutas\/15-05-2023-castillo-de-berat-vlore-permet-y-lesce\/#primaryimage"},"thumbnailUrl":"https:\/\/www.carlosyconchita.net\/rutas\/wp-content\/uploads\/2023\/05\/Albania-05-00002-2.jpg","datePublished":"2023-05-15T16:39:16+00:00","dateModified":"2023-05-26T16:19:09+00:00","author":{"@id":"https:\/\/www.carlosyconchita.net\/rutas\/#\/schema\/person\/a9691f7258c28443fab2d3aa1479ea19"},"breadcrumb":{"@id":"https:\/\/www.carlosyconchita.net\/rutas\/15-05-2023-castillo-de-berat-vlore-permet-y-lesce\/#breadcrumb"},"inLanguage":"es","potentialAction":[{"@type":"ReadAction","target":["https:\/\/www.carlosyconchita.net\/rutas\/15-05-2023-castillo-de-berat-vlore-permet-y-lesce\/"]}]},{"@type":"ImageObject","inLanguage":"es","@id":"https:\/\/www.carlosyconchita.net\/rutas\/15-05-2023-castillo-de-berat-vlore-permet-y-lesce\/#primaryimage","url":"https:\/\/www.carlosyconchita.net\/rutas\/wp-content\/uploads\/2023\/05\/Albania-05-00002-2.jpg","contentUrl":"https:\/\/www.carlosyconchita.net\/rutas\/wp-content\/uploads\/2023\/05\/Albania-05-00002-2.jpg","width":1024,"height":577},{"@type":"BreadcrumbList","@id":"https:\/\/www.carlosyconchita.net\/rutas\/15-05-2023-castillo-de-berat-vlore-permet-y-lesce\/#breadcrumb","itemListElement":[{"@type":"ListItem","position":1,"name":"Portada","item":"https:\/\/www.carlosyconchita.net\/rutas\/"},{"@type":"ListItem","position":2,"name":"15-05-2023-Castillo de Berat, Vlor\u00eb, P\u00ebrmet y Leus\u00eb"}]},{"@type":"WebSite","@id":"https:\/\/www.carlosyconchita.net\/rutas\/#website","url":"https:\/\/www.carlosyconchita.net\/rutas\/","name":"Las rutas de Carlos y Conchita","description":"","potentialAction":[{"@type":"SearchAction","target":{"@type":"EntryPoint","urlTemplate":"https:\/\/www.carlosyconchita.net\/rutas\/?s={search_term_string}"},"query-input":{"@type":"PropertyValueSpecification","valueRequired":true,"valueName":"search_term_string"}}],"inLanguage":"es"},{"@type":"Person","@id":"https:\/\/www.carlosyconchita.net\/rutas\/#\/schema\/person\/a9691f7258c28443fab2d3aa1479ea19","name":"Carlos Conchita","image":{"@type":"ImageObject","inLanguage":"es","@id":"https:\/\/secure.gravatar.com\/avatar\/3a4625b20c8da3de99da69bfe7a322774e291c3f90dce7e8778a30fe6748ed1a?s=96&d=mm&r=g","url":"https:\/\/secure.gravatar.com\/avatar\/3a4625b20c8da3de99da69bfe7a322774e291c3f90dce7e8778a30fe6748ed1a?s=96&d=mm&r=g","contentUrl":"https:\/\/secure.gravatar.com\/avatar\/3a4625b20c8da3de99da69bfe7a322774e291c3f90dce7e8778a30fe6748ed1a?s=96&d=mm&r=g","caption":"Carlos Conchita"}}]}},"_links":{"self":[{"href":"https:\/\/www.carlosyconchita.net\/rutas\/wp-json\/wp\/v2\/posts\/18450","targetHints":{"allow":["GET"]}}],"collection":[{"href":"https:\/\/www.carlosyconchita.net\/rutas\/wp-json\/wp\/v2\/posts"}],"about":[{"href":"https:\/\/www.carlosyconchita.net\/rutas\/wp-json\/wp\/v2\/types\/post"}],"author":[{"embeddable":true,"href":"https:\/\/www.carlosyconchita.net\/rutas\/wp-json\/wp\/v2\/users\/50"}],"replies":[{"embeddable":true,"href":"https:\/\/www.carlosyconchita.net\/rutas\/wp-json\/wp\/v2\/comments?post=18450"}],"version-history":[{"count":0,"href":"https:\/\/www.carlosyconchita.net\/rutas\/wp-json\/wp\/v2\/posts\/18450\/revisions"}],"wp:featuredmedia":[{"embeddable":true,"href":"https:\/\/www.carlosyconchita.net\/rutas\/wp-json\/wp\/v2\/media\/18451"}],"wp:attachment":[{"href":"https:\/\/www.carlosyconchita.net\/rutas\/wp-json\/wp\/v2\/media?parent=18450"}],"wp:term":[{"taxonomy":"category","embeddable":true,"href":"https:\/\/www.carlosyconchita.net\/rutas\/wp-json\/wp\/v2\/categories?post=18450"},{"taxonomy":"post_tag","embeddable":true,"href":"https:\/\/www.carlosyconchita.net\/rutas\/wp-json\/wp\/v2\/tags?post=18450"}],"curies":[{"name":"wp","href":"https:\/\/api.w.org\/{rel}","templated":true}]}}