{"id":18564,"date":"2022-12-08T09:36:56","date_gmt":"2022-12-08T08:36:56","guid":{"rendered":"https:\/\/www.carlosyconchita.net\/rutas\/?p=18564"},"modified":"2023-08-03T11:00:32","modified_gmt":"2023-08-03T10:00:32","slug":"08-12-2022-raquetas-en-la-estacion-ski-puigmal","status":"publish","type":"post","link":"https:\/\/www.carlosyconchita.net\/rutas\/08-12-2022-raquetas-en-la-estacion-ski-puigmal\/","title":{"rendered":"08-12-2022-Raquetas en la estaci\u00f3n ski Puigmal"},"content":{"rendered":"<p style=\"text-align: justify;\">Hoy volvemos a nuestra conocida estaci\u00f3n de ski de Puigmal, para hacer una caminata con raquetas, aunque debido al fuerte viento que hac\u00eda en la parte altas y d\u00eda un poco nuboso y con posibilidades de lluvia, no hemos llegado hasta el punto donde quer\u00edamos llegar.<\/p>\n<p style=\"text-align: justify;\">Esta estaci\u00f3n de ski ha estado cerrada bastantes a\u00f1os, y parece que quieren volver a abrirla, ya que vemos que hay gente trabajando en ella para ponerla a punto, aunque creemos que va a costar un poco debido al tiempo que ha estado cerrada, y que nos ha permitido poder hacer raquetas por la zona al no haber esquiadores en ella.<\/p>\n<hr \/>\n<p>&nbsp;<\/p>\n<p><strong>Distancia total<\/strong> :\u00a0\u00a0\u00a0\u00a0\u00a0\u00a0 7.052 \u00a0 m<span class=\"totlen\"><span class=\"summaryvalue\">.\u00a0\u00a0\u00a0\u00a0\u00a0\u00a0\u00a0\u00a0\u00a0\u00a0\u00a0\u00a0\u00a0\u00a0\u00a0\u00a0\u00a0\u00a0\u00a0\u00a0\u00a0 <strong>Alturas m\u00edn\/m\u00e1x. :\u00a0<\/strong>\u00a0 1.848\u00a0 m. \/\u00a0 2.202 m.\u00a0 <br \/>\n<\/span><\/span><\/p>\n<p><strong>Desnivel acumulado (s\/GPS Visualizer)<\/strong> :\u00a0 \u00a0\u00a0\u00a0 455\u00a0 m.<\/p>\n<p><strong>Desnivel acumulado (s\/Wikiloc)<\/strong> :\u00a0 \u00a0 \u00a0 \u00a0 470 m.<\/p>\n<p>&nbsp;<\/p>\n<hr \/>\n<p>&nbsp;<\/p>\n<p style=\"text-align: justify;\"><strong>Album de fotos<\/strong><\/p>\n<p><a href=\"https:\/\/photos.app.goo.gl\/fD1RKsiYUjxpowWJA\" target=\"_blank\" rel=\"noopener\"><img loading=\"lazy\" decoding=\"async\" class=\"size-medium wp-image-18565 aligncenter\" src=\"https:\/\/www.carlosyconchita.net\/rutas\/wp-content\/uploads\/2023\/08\/Puigmal-00005-300x226.jpg\" alt=\"\" width=\"300\" height=\"226\" srcset=\"https:\/\/www.carlosyconchita.net\/rutas\/wp-content\/uploads\/2023\/08\/Puigmal-00005-300x226.jpg 300w, https:\/\/www.carlosyconchita.net\/rutas\/wp-content\/uploads\/2023\/08\/Puigmal-00005-598x450.jpg 598w, https:\/\/www.carlosyconchita.net\/rutas\/wp-content\/uploads\/2023\/08\/Puigmal-00005-768x578.jpg 768w, https:\/\/www.carlosyconchita.net\/rutas\/wp-content\/uploads\/2023\/08\/Puigmal-00005.jpg 1016w\" sizes=\"auto, (max-width: 300px) 100vw, 300px\" \/><\/a><\/p>\n<hr \/>\n<p>&nbsp;<\/p>\n<h4><strong>Mapa y track de la ruta<\/strong><\/h4>\n<p>&nbsp;<\/p>\n<p><a href=\"https:\/\/www.carlosyconchita.net\/rutas\/wp-content\/uploads\/gpx\/RaquetasPuigmal.html\" target=\"_blank\" rel=\"noopener\"><img loading=\"lazy\" decoding=\"async\" class=\"aligncenter wp-image-16466\" src=\"https:\/\/www.carlosyconchita.net\/rutas\/wp-content\/uploads\/2021\/09\/mapa2.jpg\" alt=\"\" width=\"0185\" height=\"185\" srcset=\"https:\/\/www.carlosyconchita.net\/rutas\/wp-content\/uploads\/2021\/09\/mapa2.jpg 225w, https:\/\/www.carlosyconchita.net\/rutas\/wp-content\/uploads\/2021\/09\/mapa2-120x120.jpg 120w\" sizes=\"auto, (max-width: 185px) 100vw, 185px\" \/><\/a><\/p>\n<hr \/>\n<p><strong>Wikiloc\u00a0\u00a0\u00a0 <\/strong><strong><br \/>\n<\/strong><\/p>\n<p><a href=\"https:\/\/es.wikiloc.com\/rutas-senderismo\/raquetas-en-la-estacion-ski-de-err-puigmal-142463416\" target=\"_blank\" rel=\"noopener\"><img loading=\"lazy\" decoding=\"async\" class=\"aligncenter size-full wp-image-958\" src=\"https:\/\/www.carlosyconchita.net\/rutas\/wp-content\/uploads\/2020\/09\/wikiloc.jpg\" alt=\"\" width=\"117\" height=\"34\" \/><\/a><\/p>\n<p>&nbsp;<\/p>\n<hr \/>\n<p style=\"text-align: justify;\"><span style=\"color: #ff0000; background-color: #ffffff; font-size: 14pt;\"><strong>Si te ha gustado, comp\u00e1rtelo en tu red favorita o env\u00edanos tu comentario.<br \/>\n<\/strong><\/span><\/p>\n<p style=\"text-align: justify;\"><span style=\"font-size: 14pt;\"><strong><span style=\"color: #ff0000;\">Muchas gracias !<\/span><\/strong><\/span><\/p>\n<hr \/>\n<p style=\"text-align: justify;\"><strong><span style=\"color: #008000;\">Suscribete si quieres recibir un mail cuando publiquemos nuevas rutas : no enviamos publicidad y como m\u00e1ximo enviamos 2 mails al mes<\/span><\/strong><\/p>\n<p style=\"text-align: center;\"><a href=\"https:\/\/mailchi.mp\/6989c83a3e24\/wmv06rtqcz\/\" target=\"_blank\" rel=\"noopener noreferrer\"><strong><span style=\"color: #0000ff;\">Pulsa aqu\u00ed para suscribirte<\/span><\/strong><\/a><\/p>\n","protected":false},"excerpt":{"rendered":"<p>Hoy volvemos a nuestra conocida estaci\u00f3n de ski de Puigmal, para hacer una caminata con raquetas, aunque debido al fuerte viento que hac\u00eda en la parte altas y d\u00eda un poco nuboso y con posibilidades de lluvia, no hemos llegado hasta el punto donde quer\u00edamos llegar. Esta estaci\u00f3n de ski ha estado cerrada bastantes a\u00f1os, [&hellip;]<\/p>\n","protected":false},"author":50,"featured_media":18565,"comment_status":"closed","ping_status":"open","sticky":false,"template":"","format":"standard","meta":{"footnotes":""},"categories":[21,11,6],"tags":[],"class_list":{"0":"post-18564","1":"post","2":"type-post","3":"status-publish","4":"format-standard","5":"has-post-thumbnail","6":"hentry","7":"category-hasta-5-km","8":"category-moderada","9":"category-saillagosa","11":"post-with-thumbnail","12":"post-with-thumbnail-icon"},"yoast_head":"<!-- This site is optimized with the Yoast SEO plugin v27.4 - https:\/\/yoast.com\/product\/yoast-seo-wordpress\/ -->\n<title>08-12-2022-Raquetas en la estaci\u00f3n ski Puigmal -<\/title>\n<meta name=\"robots\" content=\"index, follow, max-snippet:-1, max-image-preview:large, max-video-preview:-1\" \/>\n<link rel=\"canonical\" href=\"https:\/\/www.carlosyconchita.net\/rutas\/08-12-2022-raquetas-en-la-estacion-ski-puigmal\/\" \/>\n<meta property=\"og:locale\" content=\"es_ES\" \/>\n<meta property=\"og:type\" content=\"article\" \/>\n<meta property=\"og:title\" content=\"08-12-2022-Raquetas en la estaci\u00f3n ski Puigmal -\" \/>\n<meta property=\"og:description\" content=\"Hoy volvemos a nuestra conocida estaci\u00f3n de ski de Puigmal, para hacer una caminata con raquetas, aunque debido al fuerte viento que hac\u00eda en la parte altas y d\u00eda un poco nuboso y con posibilidades de lluvia, no hemos llegado hasta el punto donde quer\u00edamos llegar. Esta estaci\u00f3n de ski ha estado cerrada bastantes a\u00f1os, [&hellip;]\" \/>\n<meta property=\"og:url\" content=\"https:\/\/www.carlosyconchita.net\/rutas\/08-12-2022-raquetas-en-la-estacion-ski-puigmal\/\" \/>\n<meta property=\"og:site_name\" content=\"Las rutas de Carlos y Conchita\" \/>\n<meta property=\"article:published_time\" content=\"2022-12-08T08:36:56+00:00\" \/>\n<meta property=\"article:modified_time\" content=\"2023-08-03T10:00:32+00:00\" \/>\n<meta property=\"og:image\" content=\"https:\/\/www.carlosyconchita.net\/rutas\/wp-content\/uploads\/2023\/08\/Puigmal-00005.jpg\" \/>\n\t<meta property=\"og:image:width\" content=\"1016\" \/>\n\t<meta property=\"og:image:height\" content=\"764\" \/>\n\t<meta property=\"og:image:type\" content=\"image\/jpeg\" \/>\n<meta name=\"author\" content=\"Carlos Conchita\" \/>\n<meta name=\"twitter:label1\" content=\"Escrito por\" \/>\n\t<meta name=\"twitter:data1\" content=\"Carlos Conchita\" \/>\n\t<meta name=\"twitter:label2\" content=\"Tiempo de lectura\" \/>\n\t<meta name=\"twitter:data2\" content=\"2 minutos\" \/>\n<script type=\"application\/ld+json\" class=\"yoast-schema-graph\">{\"@context\":\"https:\\\/\\\/schema.org\",\"@graph\":[{\"@type\":\"Article\",\"@id\":\"https:\\\/\\\/www.carlosyconchita.net\\\/rutas\\\/08-12-2022-raquetas-en-la-estacion-ski-puigmal\\\/#article\",\"isPartOf\":{\"@id\":\"https:\\\/\\\/www.carlosyconchita.net\\\/rutas\\\/08-12-2022-raquetas-en-la-estacion-ski-puigmal\\\/\"},\"author\":{\"name\":\"Carlos Conchita\",\"@id\":\"https:\\\/\\\/www.carlosyconchita.net\\\/rutas\\\/#\\\/schema\\\/person\\\/a9691f7258c28443fab2d3aa1479ea19\"},\"headline\":\"08-12-2022-Raquetas en la estaci\u00f3n ski Puigmal\",\"datePublished\":\"2022-12-08T08:36:56+00:00\",\"dateModified\":\"2023-08-03T10:00:32+00:00\",\"mainEntityOfPage\":{\"@id\":\"https:\\\/\\\/www.carlosyconchita.net\\\/rutas\\\/08-12-2022-raquetas-en-la-estacion-ski-puigmal\\\/\"},\"wordCount\":201,\"image\":{\"@id\":\"https:\\\/\\\/www.carlosyconchita.net\\\/rutas\\\/08-12-2022-raquetas-en-la-estacion-ski-puigmal\\\/#primaryimage\"},\"thumbnailUrl\":\"https:\\\/\\\/www.carlosyconchita.net\\\/rutas\\\/wp-content\\\/uploads\\\/2023\\\/08\\\/Puigmal-00005.jpg\",\"articleSection\":[\"1 - Hasta 5 km.\",\"2-Moderada\",\"Saillagosa\"],\"inLanguage\":\"es\"},{\"@type\":\"WebPage\",\"@id\":\"https:\\\/\\\/www.carlosyconchita.net\\\/rutas\\\/08-12-2022-raquetas-en-la-estacion-ski-puigmal\\\/\",\"url\":\"https:\\\/\\\/www.carlosyconchita.net\\\/rutas\\\/08-12-2022-raquetas-en-la-estacion-ski-puigmal\\\/\",\"name\":\"08-12-2022-Raquetas en la estaci\u00f3n ski Puigmal -\",\"isPartOf\":{\"@id\":\"https:\\\/\\\/www.carlosyconchita.net\\\/rutas\\\/#website\"},\"primaryImageOfPage\":{\"@id\":\"https:\\\/\\\/www.carlosyconchita.net\\\/rutas\\\/08-12-2022-raquetas-en-la-estacion-ski-puigmal\\\/#primaryimage\"},\"image\":{\"@id\":\"https:\\\/\\\/www.carlosyconchita.net\\\/rutas\\\/08-12-2022-raquetas-en-la-estacion-ski-puigmal\\\/#primaryimage\"},\"thumbnailUrl\":\"https:\\\/\\\/www.carlosyconchita.net\\\/rutas\\\/wp-content\\\/uploads\\\/2023\\\/08\\\/Puigmal-00005.jpg\",\"datePublished\":\"2022-12-08T08:36:56+00:00\",\"dateModified\":\"2023-08-03T10:00:32+00:00\",\"author\":{\"@id\":\"https:\\\/\\\/www.carlosyconchita.net\\\/rutas\\\/#\\\/schema\\\/person\\\/a9691f7258c28443fab2d3aa1479ea19\"},\"breadcrumb\":{\"@id\":\"https:\\\/\\\/www.carlosyconchita.net\\\/rutas\\\/08-12-2022-raquetas-en-la-estacion-ski-puigmal\\\/#breadcrumb\"},\"inLanguage\":\"es\",\"potentialAction\":[{\"@type\":\"ReadAction\",\"target\":[\"https:\\\/\\\/www.carlosyconchita.net\\\/rutas\\\/08-12-2022-raquetas-en-la-estacion-ski-puigmal\\\/\"]}]},{\"@type\":\"ImageObject\",\"inLanguage\":\"es\",\"@id\":\"https:\\\/\\\/www.carlosyconchita.net\\\/rutas\\\/08-12-2022-raquetas-en-la-estacion-ski-puigmal\\\/#primaryimage\",\"url\":\"https:\\\/\\\/www.carlosyconchita.net\\\/rutas\\\/wp-content\\\/uploads\\\/2023\\\/08\\\/Puigmal-00005.jpg\",\"contentUrl\":\"https:\\\/\\\/www.carlosyconchita.net\\\/rutas\\\/wp-content\\\/uploads\\\/2023\\\/08\\\/Puigmal-00005.jpg\",\"width\":1016,\"height\":764},{\"@type\":\"BreadcrumbList\",\"@id\":\"https:\\\/\\\/www.carlosyconchita.net\\\/rutas\\\/08-12-2022-raquetas-en-la-estacion-ski-puigmal\\\/#breadcrumb\",\"itemListElement\":[{\"@type\":\"ListItem\",\"position\":1,\"name\":\"Portada\",\"item\":\"https:\\\/\\\/www.carlosyconchita.net\\\/rutas\\\/\"},{\"@type\":\"ListItem\",\"position\":2,\"name\":\"08-12-2022-Raquetas en la estaci\u00f3n ski Puigmal\"}]},{\"@type\":\"WebSite\",\"@id\":\"https:\\\/\\\/www.carlosyconchita.net\\\/rutas\\\/#website\",\"url\":\"https:\\\/\\\/www.carlosyconchita.net\\\/rutas\\\/\",\"name\":\"Las rutas de Carlos y Conchita\",\"description\":\"\",\"potentialAction\":[{\"@type\":\"SearchAction\",\"target\":{\"@type\":\"EntryPoint\",\"urlTemplate\":\"https:\\\/\\\/www.carlosyconchita.net\\\/rutas\\\/?s={search_term_string}\"},\"query-input\":{\"@type\":\"PropertyValueSpecification\",\"valueRequired\":true,\"valueName\":\"search_term_string\"}}],\"inLanguage\":\"es\"},{\"@type\":\"Person\",\"@id\":\"https:\\\/\\\/www.carlosyconchita.net\\\/rutas\\\/#\\\/schema\\\/person\\\/a9691f7258c28443fab2d3aa1479ea19\",\"name\":\"Carlos Conchita\",\"image\":{\"@type\":\"ImageObject\",\"inLanguage\":\"es\",\"@id\":\"https:\\\/\\\/secure.gravatar.com\\\/avatar\\\/3a4625b20c8da3de99da69bfe7a322774e291c3f90dce7e8778a30fe6748ed1a?s=96&d=mm&r=g\",\"url\":\"https:\\\/\\\/secure.gravatar.com\\\/avatar\\\/3a4625b20c8da3de99da69bfe7a322774e291c3f90dce7e8778a30fe6748ed1a?s=96&d=mm&r=g\",\"contentUrl\":\"https:\\\/\\\/secure.gravatar.com\\\/avatar\\\/3a4625b20c8da3de99da69bfe7a322774e291c3f90dce7e8778a30fe6748ed1a?s=96&d=mm&r=g\",\"caption\":\"Carlos Conchita\"}}]}<\/script>\n<!-- \/ Yoast SEO plugin. -->","yoast_head_json":{"title":"08-12-2022-Raquetas en la estaci\u00f3n ski Puigmal -","robots":{"index":"index","follow":"follow","max-snippet":"max-snippet:-1","max-image-preview":"max-image-preview:large","max-video-preview":"max-video-preview:-1"},"canonical":"https:\/\/www.carlosyconchita.net\/rutas\/08-12-2022-raquetas-en-la-estacion-ski-puigmal\/","og_locale":"es_ES","og_type":"article","og_title":"08-12-2022-Raquetas en la estaci\u00f3n ski Puigmal -","og_description":"Hoy volvemos a nuestra conocida estaci\u00f3n de ski de Puigmal, para hacer una caminata con raquetas, aunque debido al fuerte viento que hac\u00eda en la parte altas y d\u00eda un poco nuboso y con posibilidades de lluvia, no hemos llegado hasta el punto donde quer\u00edamos llegar. Esta estaci\u00f3n de ski ha estado cerrada bastantes a\u00f1os, [&hellip;]","og_url":"https:\/\/www.carlosyconchita.net\/rutas\/08-12-2022-raquetas-en-la-estacion-ski-puigmal\/","og_site_name":"Las rutas de Carlos y Conchita","article_published_time":"2022-12-08T08:36:56+00:00","article_modified_time":"2023-08-03T10:00:32+00:00","og_image":[{"width":1016,"height":764,"url":"https:\/\/www.carlosyconchita.net\/rutas\/wp-content\/uploads\/2023\/08\/Puigmal-00005.jpg","type":"image\/jpeg"}],"author":"Carlos Conchita","twitter_misc":{"Escrito por":"Carlos Conchita","Tiempo de lectura":"2 minutos"},"schema":{"@context":"https:\/\/schema.org","@graph":[{"@type":"Article","@id":"https:\/\/www.carlosyconchita.net\/rutas\/08-12-2022-raquetas-en-la-estacion-ski-puigmal\/#article","isPartOf":{"@id":"https:\/\/www.carlosyconchita.net\/rutas\/08-12-2022-raquetas-en-la-estacion-ski-puigmal\/"},"author":{"name":"Carlos Conchita","@id":"https:\/\/www.carlosyconchita.net\/rutas\/#\/schema\/person\/a9691f7258c28443fab2d3aa1479ea19"},"headline":"08-12-2022-Raquetas en la estaci\u00f3n ski Puigmal","datePublished":"2022-12-08T08:36:56+00:00","dateModified":"2023-08-03T10:00:32+00:00","mainEntityOfPage":{"@id":"https:\/\/www.carlosyconchita.net\/rutas\/08-12-2022-raquetas-en-la-estacion-ski-puigmal\/"},"wordCount":201,"image":{"@id":"https:\/\/www.carlosyconchita.net\/rutas\/08-12-2022-raquetas-en-la-estacion-ski-puigmal\/#primaryimage"},"thumbnailUrl":"https:\/\/www.carlosyconchita.net\/rutas\/wp-content\/uploads\/2023\/08\/Puigmal-00005.jpg","articleSection":["1 - Hasta 5 km.","2-Moderada","Saillagosa"],"inLanguage":"es"},{"@type":"WebPage","@id":"https:\/\/www.carlosyconchita.net\/rutas\/08-12-2022-raquetas-en-la-estacion-ski-puigmal\/","url":"https:\/\/www.carlosyconchita.net\/rutas\/08-12-2022-raquetas-en-la-estacion-ski-puigmal\/","name":"08-12-2022-Raquetas en la estaci\u00f3n ski Puigmal -","isPartOf":{"@id":"https:\/\/www.carlosyconchita.net\/rutas\/#website"},"primaryImageOfPage":{"@id":"https:\/\/www.carlosyconchita.net\/rutas\/08-12-2022-raquetas-en-la-estacion-ski-puigmal\/#primaryimage"},"image":{"@id":"https:\/\/www.carlosyconchita.net\/rutas\/08-12-2022-raquetas-en-la-estacion-ski-puigmal\/#primaryimage"},"thumbnailUrl":"https:\/\/www.carlosyconchita.net\/rutas\/wp-content\/uploads\/2023\/08\/Puigmal-00005.jpg","datePublished":"2022-12-08T08:36:56+00:00","dateModified":"2023-08-03T10:00:32+00:00","author":{"@id":"https:\/\/www.carlosyconchita.net\/rutas\/#\/schema\/person\/a9691f7258c28443fab2d3aa1479ea19"},"breadcrumb":{"@id":"https:\/\/www.carlosyconchita.net\/rutas\/08-12-2022-raquetas-en-la-estacion-ski-puigmal\/#breadcrumb"},"inLanguage":"es","potentialAction":[{"@type":"ReadAction","target":["https:\/\/www.carlosyconchita.net\/rutas\/08-12-2022-raquetas-en-la-estacion-ski-puigmal\/"]}]},{"@type":"ImageObject","inLanguage":"es","@id":"https:\/\/www.carlosyconchita.net\/rutas\/08-12-2022-raquetas-en-la-estacion-ski-puigmal\/#primaryimage","url":"https:\/\/www.carlosyconchita.net\/rutas\/wp-content\/uploads\/2023\/08\/Puigmal-00005.jpg","contentUrl":"https:\/\/www.carlosyconchita.net\/rutas\/wp-content\/uploads\/2023\/08\/Puigmal-00005.jpg","width":1016,"height":764},{"@type":"BreadcrumbList","@id":"https:\/\/www.carlosyconchita.net\/rutas\/08-12-2022-raquetas-en-la-estacion-ski-puigmal\/#breadcrumb","itemListElement":[{"@type":"ListItem","position":1,"name":"Portada","item":"https:\/\/www.carlosyconchita.net\/rutas\/"},{"@type":"ListItem","position":2,"name":"08-12-2022-Raquetas en la estaci\u00f3n ski Puigmal"}]},{"@type":"WebSite","@id":"https:\/\/www.carlosyconchita.net\/rutas\/#website","url":"https:\/\/www.carlosyconchita.net\/rutas\/","name":"Las rutas de Carlos y Conchita","description":"","potentialAction":[{"@type":"SearchAction","target":{"@type":"EntryPoint","urlTemplate":"https:\/\/www.carlosyconchita.net\/rutas\/?s={search_term_string}"},"query-input":{"@type":"PropertyValueSpecification","valueRequired":true,"valueName":"search_term_string"}}],"inLanguage":"es"},{"@type":"Person","@id":"https:\/\/www.carlosyconchita.net\/rutas\/#\/schema\/person\/a9691f7258c28443fab2d3aa1479ea19","name":"Carlos Conchita","image":{"@type":"ImageObject","inLanguage":"es","@id":"https:\/\/secure.gravatar.com\/avatar\/3a4625b20c8da3de99da69bfe7a322774e291c3f90dce7e8778a30fe6748ed1a?s=96&d=mm&r=g","url":"https:\/\/secure.gravatar.com\/avatar\/3a4625b20c8da3de99da69bfe7a322774e291c3f90dce7e8778a30fe6748ed1a?s=96&d=mm&r=g","contentUrl":"https:\/\/secure.gravatar.com\/avatar\/3a4625b20c8da3de99da69bfe7a322774e291c3f90dce7e8778a30fe6748ed1a?s=96&d=mm&r=g","caption":"Carlos Conchita"}}]}},"_links":{"self":[{"href":"https:\/\/www.carlosyconchita.net\/rutas\/wp-json\/wp\/v2\/posts\/18564","targetHints":{"allow":["GET"]}}],"collection":[{"href":"https:\/\/www.carlosyconchita.net\/rutas\/wp-json\/wp\/v2\/posts"}],"about":[{"href":"https:\/\/www.carlosyconchita.net\/rutas\/wp-json\/wp\/v2\/types\/post"}],"author":[{"embeddable":true,"href":"https:\/\/www.carlosyconchita.net\/rutas\/wp-json\/wp\/v2\/users\/50"}],"replies":[{"embeddable":true,"href":"https:\/\/www.carlosyconchita.net\/rutas\/wp-json\/wp\/v2\/comments?post=18564"}],"version-history":[{"count":0,"href":"https:\/\/www.carlosyconchita.net\/rutas\/wp-json\/wp\/v2\/posts\/18564\/revisions"}],"wp:featuredmedia":[{"embeddable":true,"href":"https:\/\/www.carlosyconchita.net\/rutas\/wp-json\/wp\/v2\/media\/18565"}],"wp:attachment":[{"href":"https:\/\/www.carlosyconchita.net\/rutas\/wp-json\/wp\/v2\/media?parent=18564"}],"wp:term":[{"taxonomy":"category","embeddable":true,"href":"https:\/\/www.carlosyconchita.net\/rutas\/wp-json\/wp\/v2\/categories?post=18564"},{"taxonomy":"post_tag","embeddable":true,"href":"https:\/\/www.carlosyconchita.net\/rutas\/wp-json\/wp\/v2\/tags?post=18564"}],"curies":[{"name":"wp","href":"https:\/\/api.w.org\/{rel}","templated":true}]}}